{"id":12248,"date":"2022-03-28T14:20:35","date_gmt":"2022-03-28T12:20:35","guid":{"rendered":"https:\/\/www.organisator.ch\/?p=12248"},"modified":"2022-03-28T14:20:35","modified_gmt":"2022-03-28T12:20:35","slug":"luca-graf-wird-neuer-ceo-der-ms-direct-ag","status":"publish","type":"post","link":"https:\/\/www.organisator.ch\/fr\/management\/2022-03-28\/luca-graf-wird-neuer-ceo-der-ms-direct-ag\/","title":{"rendered":"Luca Graf devient le nouveau CEO de MS Direct AG"},"content":{"rendered":"<figure id=\"attachment_12255\" aria-describedby=\"caption-attachment-12255\" style=\"width: 680px\" class=\"wp-caption alignnone\"><img loading=\"lazy\" decoding=\"async\" class=\"size-full wp-image-12255\" src=\"https:\/\/www.organisator.ch\/wp-content\/uploads\/2022\/03\/Luca-Graf-wird-neuer-CEO-der-MS-Direct-AG_Organisator.jpg\" alt=\"\" width=\"680\" height=\"563\" srcset=\"https:\/\/www.organisator.ch\/wp-content\/uploads\/2022\/03\/Luca-Graf-wird-neuer-CEO-der-MS-Direct-AG_Organisator.jpg 680w, https:\/\/www.organisator.ch\/wp-content\/uploads\/2022\/03\/Luca-Graf-wird-neuer-CEO-der-MS-Direct-AG_Organisator-14x12.jpg 14w, https:\/\/www.organisator.ch\/wp-content\/uploads\/2022\/03\/Luca-Graf-wird-neuer-CEO-der-MS-Direct-AG_Organisator-211x175.jpg 211w, https:\/\/www.organisator.ch\/wp-content\/uploads\/2022\/03\/Luca-Graf-wird-neuer-CEO-der-MS-Direct-AG_Organisator-423x350.jpg 423w, https:\/\/www.organisator.ch\/wp-content\/uploads\/2022\/03\/Luca-Graf-wird-neuer-CEO-der-MS-Direct-AG_Organisator-300x248.jpg 300w\" sizes=\"auto, (max-width: 680px) 100vw, 680px\" \/><figcaption id=\"caption-attachment-12255\" class=\"wp-caption-text\">Prendra ses fonctions de nouveau CEO de MS Direct SA le 1er mai 2022 : Luca Graf. (Image : zVg \/ MS Direct)<\/figcaption><\/figure>\n<p>La pand\u00e9mie Corona a catapult\u00e9 l'ensemble du secteur du commerce de dix ans en avant. La mani\u00e8re dont les marques font des affaires a fondamentalement chang\u00e9. MS Direct AG, qui propose des solutions pour la vente par correspondance et le commerce \u00e9lectronique, a \u00e9galement profit\u00e9 de ces \u00e9volutions. Avec son nouveau CEO Luca Graf, l'entreprise renforce d\u00e9sormais son organisation pour faire face \u00e0 la forte croissance qui se poursuit. Il prendra ses fonctions le 1er mai 2022.<\/p>\n<h3>Acc\u00e9l\u00e9rer la croissance<\/h3>\n<p>Afin que les commer\u00e7ants en ligne en Suisse et en Europe puissent se concentrer sur leur croissance et se d\u00e9velopper au niveau national, mais aussi au-del\u00e0 des fronti\u00e8res, MS Direct AG a mis en place des solutions eFulfillment et Crossborder qui d\u00e9chargent les commer\u00e7ants de la complexit\u00e9 du traitement des commandes et permettent des op\u00e9rations \u00e9volutives. Cette voie sera poursuivie de mani\u00e8re cons\u00e9quente en 2022 - avec Luca Graf comme nouveau CEO. \"Nous sommes extr\u00eamement heureux d'accueillir Luca Graf en tant que nouveau CEO de MS Direct AG, afin de poursuivre l'acc\u00e9l\u00e9ration de notre croissance fulgurante\", souligne Milo St\u00f6ssel, pr\u00e9sident du conseil d'administration du groupe MS Direct. \"Avec la nouvelle organisation et Luca Graf \u00e0 la t\u00eate de l'entreprise, nous renfor\u00e7ons l'organisation et cr\u00e9ons une excellente base pour la croissance \u00e0 venir et la poursuite de notre parcours de pionnier num\u00e9rique dans le secteur du fulfillment\", poursuit St\u00f6ssel.<\/p>\n<h3>Luca Graf : \"Internationaliser l'offre\".<\/h3>\n<p>Luca Graf est un expert reconnu en logistique du commerce \u00e9lectronique. \u00c2g\u00e9 de 46 ans et titulaire d'un doctorat en ing\u00e9nierie \u00e9conomique, il dispose d'une longue exp\u00e9rience dans la num\u00e9risation des processus logistiques en tant que responsable de l'innovation num\u00e9rique chez DSV et Panalpina. Des exosquelettes aux interventions de drones pour optimiser l'efficacit\u00e9 des processus, Graf a une vaste exp\u00e9rience \u00e0 son actif. Il a \u00e9galement travaill\u00e9 pendant de nombreuses ann\u00e9es en tant que Head of Online &amp; Direct Sales chez Swiss International Air Lines, o\u00f9 il \u00e9tait responsable de swiss.com, la boutique en ligne au chiffre d'affaires le plus \u00e9lev\u00e9 de Suisse. Il a \u00e9galement \u00e9t\u00e9 membre du conseil d'administration de Cargo sous terrain, le syst\u00e8me logistique global innovant qui d\u00e9veloppe le transport souterrain et flexible de petites marchandises en Suisse. \"C'est un plaisir et un honneur pour moi de reprendre la fonction de CEO de MS Direct AG. L'entreprise est remarquablement bien positionn\u00e9e. Je consid\u00e8re la fonction de CEO chez MS Direct AG comme une chance unique de mettre mon exp\u00e9rience de faiseur et de r\u00e9alisateur au service de nos clients, en collaboration avec l'\u00e9quipe. Outre l'automatisation cibl\u00e9e de nos entrep\u00f4ts, nous allons d\u00e9velopper une plate-forme crossborder unique en son genre et poursuivre ainsi l'internationalisation de notre offre\", a d\u00e9clar\u00e9 Luca Graf \u00e0 propos de sa nomination au poste de CEO.<\/p>\n<p><em>Source et informations compl\u00e9mentaires : <a href=\"http:\/\/www.ms-direct.ch\">MS Direct AG<\/a><\/em><\/p>","protected":false},"excerpt":{"rendered":"<p>Die Corona-Pandemie katapultierte die komplette Handelsbranche um 10 Jahre nach vorne. Die Art und Weise, wie Marken Gesch\u00e4fte machen, hat sich grundlegend ver\u00e4ndert. Von diesen Entwicklungen profitiert hat auch die MS Direct AG, welche L\u00f6sungen f\u00fcr den Versandhandel und E-Ccommerce anbietet. Das Unternehmen verst\u00e4rkt nun mit dem neuen CEO Luca Graf die Organisation f\u00fcr das [&hellip;]<\/p>\n","protected":false},"author":4,"featured_media":12255,"comment_status":"closed","ping_status":"closed","sticky":false,"template":"","format":"standard","meta":{"_acf_changed":false,"_yoast_wpseo_focuskw":"Luca Graf","_yoast_wpseo_metadesc":"Der E-Commerce-Dienstleister MS Direct AG setzt das starke Wachstum der letzten Jahre fort und verpflichtet mit Luca Graf einen neuen CEO.","articlekey":"","footnotes":""},"categories":[28],"tags":[163,334,381],"class_list":["post-12248","post","type-post","status-publish","format-standard","has-post-thumbnail","hentry","category-management","tag-e-commerce","tag-management","tag-personalia"],"acf":[],"yoast_head":"<!-- This site is optimized with the Yoast SEO plugin v27.5 - https:\/\/yoast.com\/product\/yoast-seo-wordpress\/ -->\n<title>Luca Graf wird neuer CEO der MS Direct AG - Organisator<\/title>\n<meta name=\"description\" content=\"Der E-Commerce-Dienstleister MS Direct AG setzt das starke Wachstum der letzten Jahre fort und verpflichtet mit Luca Graf einen neuen CEO.\" \/>\n<meta name=\"robots\" content=\"index, follow, max-snippet:-1, max-image-preview:large, max-video-preview:-1\" \/>\n<link rel=\"canonical\" href=\"https:\/\/www.organisator.ch\/fr\/gestion-2\/2022-03-28\/luca-graf-wird-neuer-ceo-der-ms-direct-ag\/\" \/>\n<meta property=\"og:locale\" content=\"fr_FR\" \/>\n<meta property=\"og:type\" content=\"article\" \/>\n<meta property=\"og:title\" content=\"Luca Graf wird neuer CEO der MS Direct AG\" \/>\n<meta property=\"og:description\" content=\"Der E-Commerce-Dienstleister MS Direct AG setzt das starke Wachstum der letzten Jahre fort und verpflichtet mit Luca Graf einen neuen CEO.\" \/>\n<meta property=\"og:url\" content=\"https:\/\/www.organisator.ch\/fr\/gestion-2\/2022-03-28\/luca-graf-wird-neuer-ceo-der-ms-direct-ag\/\" \/>\n<meta property=\"og:site_name\" content=\"Organisator\" \/>\n<meta property=\"article:publisher\" content=\"https:\/\/www.facebook.com\/OrganisatorFachmagazin\" \/>\n<meta property=\"article:published_time\" content=\"2022-03-28T12:20:35+00:00\" \/>\n<meta property=\"og:image\" content=\"https:\/\/www.organisator.ch\/wp-content\/uploads\/2022\/03\/Luca-Graf-wird-neuer-CEO-der-MS-Direct-AG_Organisator.jpg\" \/>\n\t<meta property=\"og:image:width\" content=\"680\" \/>\n\t<meta property=\"og:image:height\" content=\"563\" \/>\n\t<meta property=\"og:image:type\" content=\"image\/jpeg\" \/>\n<meta name=\"author\" content=\"thomas.berner\" \/>\n<meta name=\"twitter:card\" content=\"summary_large_image\" \/>\n<meta name=\"twitter:title\" content=\"Luca #Graf wird neuer CEO der #MSDirect AG\" \/>\n<meta name=\"twitter:description\" content=\"Der #E-Commerce-Dienstleister MS Direct AG setzt das starke Wachstum der letzten Jahre fort und verpflichtet mit #LucaGraf einen neuen #CEO.\" \/>\n<meta name=\"twitter:image\" content=\"https:\/\/www.organisator.ch\/wp-content\/uploads\/2022\/03\/Luca-Graf-wird-neuer-CEO-der-MS-Direct-AG_Organisator.jpg\" \/>\n<script type=\"application\/ld+json\" class=\"yoast-schema-graph\">{\"@context\":\"https:\\\/\\\/schema.org\",\"@graph\":[{\"@type\":\"Article\",\"@id\":\"https:\\\/\\\/www.organisator.ch\\\/management\\\/2022-03-28\\\/luca-graf-wird-neuer-ceo-der-ms-direct-ag\\\/#article\",\"isPartOf\":{\"@id\":\"https:\\\/\\\/www.organisator.ch\\\/management\\\/2022-03-28\\\/luca-graf-wird-neuer-ceo-der-ms-direct-ag\\\/\"},\"author\":{\"name\":\"thomas.berner\",\"@id\":\"https:\\\/\\\/www.organisator.ch\\\/#\\\/schema\\\/person\\\/6f650f90b2842cd4c0cc334b4e36f67e\"},\"headline\":\"Luca Graf wird neuer CEO der MS Direct AG\",\"datePublished\":\"2022-03-28T12:20:35+00:00\",\"mainEntityOfPage\":{\"@id\":\"https:\\\/\\\/www.organisator.ch\\\/management\\\/2022-03-28\\\/luca-graf-wird-neuer-ceo-der-ms-direct-ag\\\/\"},\"wordCount\":435,\"publisher\":{\"@id\":\"https:\\\/\\\/www.organisator.ch\\\/#organization\"},\"image\":{\"@id\":\"https:\\\/\\\/www.organisator.ch\\\/management\\\/2022-03-28\\\/luca-graf-wird-neuer-ceo-der-ms-direct-ag\\\/#primaryimage\"},\"thumbnailUrl\":\"https:\\\/\\\/www.organisator.ch\\\/wp-content\\\/uploads\\\/2022\\\/03\\\/Luca-Graf-wird-neuer-CEO-der-MS-Direct-AG_Organisator.jpg\",\"keywords\":[\"E-Commerce\",\"Management\",\"Personalia\"],\"articleSection\":[\"MANAGEMENT\"],\"inLanguage\":\"fr-FR\"},{\"@type\":\"WebPage\",\"@id\":\"https:\\\/\\\/www.organisator.ch\\\/management\\\/2022-03-28\\\/luca-graf-wird-neuer-ceo-der-ms-direct-ag\\\/\",\"url\":\"https:\\\/\\\/www.organisator.ch\\\/management\\\/2022-03-28\\\/luca-graf-wird-neuer-ceo-der-ms-direct-ag\\\/\",\"name\":\"Luca Graf wird neuer CEO der MS Direct AG - Organisator\",\"isPartOf\":{\"@id\":\"https:\\\/\\\/www.organisator.ch\\\/#website\"},\"primaryImageOfPage\":{\"@id\":\"https:\\\/\\\/www.organisator.ch\\\/management\\\/2022-03-28\\\/luca-graf-wird-neuer-ceo-der-ms-direct-ag\\\/#primaryimage\"},\"image\":{\"@id\":\"https:\\\/\\\/www.organisator.ch\\\/management\\\/2022-03-28\\\/luca-graf-wird-neuer-ceo-der-ms-direct-ag\\\/#primaryimage\"},\"thumbnailUrl\":\"https:\\\/\\\/www.organisator.ch\\\/wp-content\\\/uploads\\\/2022\\\/03\\\/Luca-Graf-wird-neuer-CEO-der-MS-Direct-AG_Organisator.jpg\",\"datePublished\":\"2022-03-28T12:20:35+00:00\",\"description\":\"Der E-Commerce-Dienstleister MS Direct AG setzt das starke Wachstum der letzten Jahre fort und verpflichtet mit Luca Graf einen neuen CEO.\",\"breadcrumb\":{\"@id\":\"https:\\\/\\\/www.organisator.ch\\\/management\\\/2022-03-28\\\/luca-graf-wird-neuer-ceo-der-ms-direct-ag\\\/#breadcrumb\"},\"inLanguage\":\"fr-FR\",\"potentialAction\":[{\"@type\":\"ReadAction\",\"target\":[\"https:\\\/\\\/www.organisator.ch\\\/management\\\/2022-03-28\\\/luca-graf-wird-neuer-ceo-der-ms-direct-ag\\\/\"]}]},{\"@type\":\"ImageObject\",\"inLanguage\":\"fr-FR\",\"@id\":\"https:\\\/\\\/www.organisator.ch\\\/management\\\/2022-03-28\\\/luca-graf-wird-neuer-ceo-der-ms-direct-ag\\\/#primaryimage\",\"url\":\"https:\\\/\\\/www.organisator.ch\\\/wp-content\\\/uploads\\\/2022\\\/03\\\/Luca-Graf-wird-neuer-CEO-der-MS-Direct-AG_Organisator.jpg\",\"contentUrl\":\"https:\\\/\\\/www.organisator.ch\\\/wp-content\\\/uploads\\\/2022\\\/03\\\/Luca-Graf-wird-neuer-CEO-der-MS-Direct-AG_Organisator.jpg\",\"width\":680,\"height\":563,\"caption\":\"\u00dcbernimmt am 1. Mai 2022 die Funktion des neuen CEO von MS Direct AG: Luca Graf. (Bild: zVg \\\/ MS Direct)\"},{\"@type\":\"BreadcrumbList\",\"@id\":\"https:\\\/\\\/www.organisator.ch\\\/management\\\/2022-03-28\\\/luca-graf-wird-neuer-ceo-der-ms-direct-ag\\\/#breadcrumb\",\"itemListElement\":[{\"@type\":\"ListItem\",\"position\":1,\"name\":\"Home\",\"item\":\"https:\\\/\\\/www.organisator.ch\\\/\"},{\"@type\":\"ListItem\",\"position\":2,\"name\":\"Luca Graf wird neuer CEO der MS Direct AG\"}]},{\"@type\":\"WebSite\",\"@id\":\"https:\\\/\\\/www.organisator.ch\\\/#website\",\"url\":\"https:\\\/\\\/www.organisator.ch\\\/\",\"name\":\"Organisator\",\"description\":\"Kompetent. Praxisnah. Der ORGANISATOR bereitet in 10 Ausgaben pro Jahr die wesentlichen Themen f\u00fcr F\u00fchrungskr\u00e4fte von KMU auf.\",\"publisher\":{\"@id\":\"https:\\\/\\\/www.organisator.ch\\\/#organization\"},\"potentialAction\":[{\"@type\":\"SearchAction\",\"target\":{\"@type\":\"EntryPoint\",\"urlTemplate\":\"https:\\\/\\\/www.organisator.ch\\\/?s={search_term_string}\"},\"query-input\":{\"@type\":\"PropertyValueSpecification\",\"valueRequired\":true,\"valueName\":\"search_term_string\"}}],\"inLanguage\":\"fr-FR\"},{\"@type\":\"Organization\",\"@id\":\"https:\\\/\\\/www.organisator.ch\\\/#organization\",\"name\":\"Organisator\",\"url\":\"https:\\\/\\\/www.organisator.ch\\\/\",\"logo\":{\"@type\":\"ImageObject\",\"inLanguage\":\"fr-FR\",\"@id\":\"https:\\\/\\\/www.organisator.ch\\\/#\\\/schema\\\/logo\\\/image\\\/\",\"url\":\"https:\\\/\\\/www.organisator.ch\\\/wp-content\\\/uploads\\\/2022\\\/01\\\/Logo_Organisator_Website.png\",\"contentUrl\":\"https:\\\/\\\/www.organisator.ch\\\/wp-content\\\/uploads\\\/2022\\\/01\\\/Logo_Organisator_Website.png\",\"width\":800,\"height\":77,\"caption\":\"Organisator\"},\"image\":{\"@id\":\"https:\\\/\\\/www.organisator.ch\\\/#\\\/schema\\\/logo\\\/image\\\/\"},\"sameAs\":[\"https:\\\/\\\/www.facebook.com\\\/OrganisatorFachmagazin\",\"https:\\\/\\\/www.linkedin.com\\\/showcase\\\/organisator-das-magazin-fr-kmu\",\"https:\\\/\\\/www.xing.com\\\/news\\\/pages\\\/organisator-ch-695\",\"https:\\\/\\\/www.youtube.com\\\/channel\\\/UCGP2Sq0iWaZwT3BdIAQFYpw\"]},{\"@type\":\"Person\",\"@id\":\"https:\\\/\\\/www.organisator.ch\\\/#\\\/schema\\\/person\\\/6f650f90b2842cd4c0cc334b4e36f67e\",\"name\":\"thomas.berner\",\"image\":{\"@type\":\"ImageObject\",\"inLanguage\":\"fr-FR\",\"@id\":\"https:\\\/\\\/secure.gravatar.com\\\/avatar\\\/ac5001d2a36cb6c6cd3e50789007ffca834b477b74a2144564522e944eabff61?s=96&d=mm&r=g\",\"url\":\"https:\\\/\\\/secure.gravatar.com\\\/avatar\\\/ac5001d2a36cb6c6cd3e50789007ffca834b477b74a2144564522e944eabff61?s=96&d=mm&r=g\",\"contentUrl\":\"https:\\\/\\\/secure.gravatar.com\\\/avatar\\\/ac5001d2a36cb6c6cd3e50789007ffca834b477b74a2144564522e944eabff61?s=96&d=mm&r=g\",\"caption\":\"thomas.berner\"},\"url\":\"https:\\\/\\\/www.organisator.ch\\\/fr\\\/author\\\/thomas-berner\\\/\"}]}<\/script>\n<!-- \/ Yoast SEO plugin. -->","yoast_head_json":{"title":"Luca Graf devient le nouveau CEO de MS Direct AG - Organisateur","description":"Le prestataire de services de commerce \u00e9lectronique MS Direct AG poursuit sa forte croissance des derni\u00e8res ann\u00e9es et engage un nouveau CEO en la personne de Luca Graf.","robots":{"index":"index","follow":"follow","max-snippet":"max-snippet:-1","max-image-preview":"max-image-preview:large","max-video-preview":"max-video-preview:-1"},"canonical":"https:\/\/www.organisator.ch\/fr\/gestion-2\/2022-03-28\/luca-graf-wird-neuer-ceo-der-ms-direct-ag\/","og_locale":"fr_FR","og_type":"article","og_title":"Luca Graf wird neuer CEO der MS Direct AG","og_description":"Der E-Commerce-Dienstleister MS Direct AG setzt das starke Wachstum der letzten Jahre fort und verpflichtet mit Luca Graf einen neuen CEO.","og_url":"https:\/\/www.organisator.ch\/fr\/gestion-2\/2022-03-28\/luca-graf-wird-neuer-ceo-der-ms-direct-ag\/","og_site_name":"Organisator","article_publisher":"https:\/\/www.facebook.com\/OrganisatorFachmagazin","article_published_time":"2022-03-28T12:20:35+00:00","og_image":[{"width":680,"height":563,"url":"https:\/\/www.organisator.ch\/wp-content\/uploads\/2022\/03\/Luca-Graf-wird-neuer-CEO-der-MS-Direct-AG_Organisator.jpg","type":"image\/jpeg"}],"author":"thomas.berner","twitter_card":"summary_large_image","twitter_title":"Luca #Graf wird neuer CEO der #MSDirect AG","twitter_description":"Der #E-Commerce-Dienstleister MS Direct AG setzt das starke Wachstum der letzten Jahre fort und verpflichtet mit #LucaGraf einen neuen #CEO.","twitter_image":"https:\/\/www.organisator.ch\/wp-content\/uploads\/2022\/03\/Luca-Graf-wird-neuer-CEO-der-MS-Direct-AG_Organisator.jpg","schema":{"@context":"https:\/\/schema.org","@graph":[{"@type":"Article","@id":"https:\/\/www.organisator.ch\/management\/2022-03-28\/luca-graf-wird-neuer-ceo-der-ms-direct-ag\/#article","isPartOf":{"@id":"https:\/\/www.organisator.ch\/management\/2022-03-28\/luca-graf-wird-neuer-ceo-der-ms-direct-ag\/"},"author":{"name":"thomas.berner","@id":"https:\/\/www.organisator.ch\/#\/schema\/person\/6f650f90b2842cd4c0cc334b4e36f67e"},"headline":"Luca Graf wird neuer CEO der MS Direct AG","datePublished":"2022-03-28T12:20:35+00:00","mainEntityOfPage":{"@id":"https:\/\/www.organisator.ch\/management\/2022-03-28\/luca-graf-wird-neuer-ceo-der-ms-direct-ag\/"},"wordCount":435,"publisher":{"@id":"https:\/\/www.organisator.ch\/#organization"},"image":{"@id":"https:\/\/www.organisator.ch\/management\/2022-03-28\/luca-graf-wird-neuer-ceo-der-ms-direct-ag\/#primaryimage"},"thumbnailUrl":"https:\/\/www.organisator.ch\/wp-content\/uploads\/2022\/03\/Luca-Graf-wird-neuer-CEO-der-MS-Direct-AG_Organisator.jpg","keywords":["E-Commerce","Management","Personalia"],"articleSection":["MANAGEMENT"],"inLanguage":"fr-FR"},{"@type":"WebPage","@id":"https:\/\/www.organisator.ch\/management\/2022-03-28\/luca-graf-wird-neuer-ceo-der-ms-direct-ag\/","url":"https:\/\/www.organisator.ch\/management\/2022-03-28\/luca-graf-wird-neuer-ceo-der-ms-direct-ag\/","name":"Luca Graf devient le nouveau CEO de MS Direct AG - Organisateur","isPartOf":{"@id":"https:\/\/www.organisator.ch\/#website"},"primaryImageOfPage":{"@id":"https:\/\/www.organisator.ch\/management\/2022-03-28\/luca-graf-wird-neuer-ceo-der-ms-direct-ag\/#primaryimage"},"image":{"@id":"https:\/\/www.organisator.ch\/management\/2022-03-28\/luca-graf-wird-neuer-ceo-der-ms-direct-ag\/#primaryimage"},"thumbnailUrl":"https:\/\/www.organisator.ch\/wp-content\/uploads\/2022\/03\/Luca-Graf-wird-neuer-CEO-der-MS-Direct-AG_Organisator.jpg","datePublished":"2022-03-28T12:20:35+00:00","description":"Le prestataire de services de commerce \u00e9lectronique MS Direct AG poursuit sa forte croissance des derni\u00e8res ann\u00e9es et engage un nouveau CEO en la personne de Luca Graf.","breadcrumb":{"@id":"https:\/\/www.organisator.ch\/management\/2022-03-28\/luca-graf-wird-neuer-ceo-der-ms-direct-ag\/#breadcrumb"},"inLanguage":"fr-FR","potentialAction":[{"@type":"ReadAction","target":["https:\/\/www.organisator.ch\/management\/2022-03-28\/luca-graf-wird-neuer-ceo-der-ms-direct-ag\/"]}]},{"@type":"ImageObject","inLanguage":"fr-FR","@id":"https:\/\/www.organisator.ch\/management\/2022-03-28\/luca-graf-wird-neuer-ceo-der-ms-direct-ag\/#primaryimage","url":"https:\/\/www.organisator.ch\/wp-content\/uploads\/2022\/03\/Luca-Graf-wird-neuer-CEO-der-MS-Direct-AG_Organisator.jpg","contentUrl":"https:\/\/www.organisator.ch\/wp-content\/uploads\/2022\/03\/Luca-Graf-wird-neuer-CEO-der-MS-Direct-AG_Organisator.jpg","width":680,"height":563,"caption":"\u00dcbernimmt am 1. Mai 2022 die Funktion des neuen CEO von MS Direct AG: Luca Graf. (Bild: zVg \/ MS Direct)"},{"@type":"BreadcrumbList","@id":"https:\/\/www.organisator.ch\/management\/2022-03-28\/luca-graf-wird-neuer-ceo-der-ms-direct-ag\/#breadcrumb","itemListElement":[{"@type":"ListItem","position":1,"name":"Home","item":"https:\/\/www.organisator.ch\/"},{"@type":"ListItem","position":2,"name":"Luca Graf wird neuer CEO der MS Direct AG"}]},{"@type":"WebSite","@id":"https:\/\/www.organisator.ch\/#website","url":"https:\/\/www.organisator.ch\/","name":"Organisateur","description":"Comp\u00e9tence et comp\u00e9tence. Proches de la pratique. L'ORGANISATEUR pr\u00e9pare 10 num\u00e9ros par an sur les th\u00e8mes essentiels pour les dirigeants de PME.","publisher":{"@id":"https:\/\/www.organisator.ch\/#organization"},"potentialAction":[{"@type":"SearchAction","target":{"@type":"EntryPoint","urlTemplate":"https:\/\/www.organisator.ch\/?s={search_term_string}"},"query-input":{"@type":"PropertyValueSpecification","valueRequired":true,"valueName":"search_term_string"}}],"inLanguage":"fr-FR"},{"@type":"Organization","@id":"https:\/\/www.organisator.ch\/#organization","name":"Organisateur","url":"https:\/\/www.organisator.ch\/","logo":{"@type":"ImageObject","inLanguage":"fr-FR","@id":"https:\/\/www.organisator.ch\/#\/schema\/logo\/image\/","url":"https:\/\/www.organisator.ch\/wp-content\/uploads\/2022\/01\/Logo_Organisator_Website.png","contentUrl":"https:\/\/www.organisator.ch\/wp-content\/uploads\/2022\/01\/Logo_Organisator_Website.png","width":800,"height":77,"caption":"Organisator"},"image":{"@id":"https:\/\/www.organisator.ch\/#\/schema\/logo\/image\/"},"sameAs":["https:\/\/www.facebook.com\/OrganisatorFachmagazin","https:\/\/www.linkedin.com\/showcase\/organisator-das-magazin-fr-kmu","https:\/\/www.xing.com\/news\/pages\/organisator-ch-695","https:\/\/www.youtube.com\/channel\/UCGP2Sq0iWaZwT3BdIAQFYpw"]},{"@type":"Person","@id":"https:\/\/www.organisator.ch\/#\/schema\/person\/6f650f90b2842cd4c0cc334b4e36f67e","name":"thomas.berner","image":{"@type":"ImageObject","inLanguage":"fr-FR","@id":"https:\/\/secure.gravatar.com\/avatar\/ac5001d2a36cb6c6cd3e50789007ffca834b477b74a2144564522e944eabff61?s=96&d=mm&r=g","url":"https:\/\/secure.gravatar.com\/avatar\/ac5001d2a36cb6c6cd3e50789007ffca834b477b74a2144564522e944eabff61?s=96&d=mm&r=g","contentUrl":"https:\/\/secure.gravatar.com\/avatar\/ac5001d2a36cb6c6cd3e50789007ffca834b477b74a2144564522e944eabff61?s=96&d=mm&r=g","caption":"thomas.berner"},"url":"https:\/\/www.organisator.ch\/fr\/author\/thomas-berner\/"}]}},"_links":{"self":[{"href":"https:\/\/www.organisator.ch\/fr\/wp-json\/wp\/v2\/posts\/12248","targetHints":{"allow":["GET"]}}],"collection":[{"href":"https:\/\/www.organisator.ch\/fr\/wp-json\/wp\/v2\/posts"}],"about":[{"href":"https:\/\/www.organisator.ch\/fr\/wp-json\/wp\/v2\/types\/post"}],"author":[{"embeddable":true,"href":"https:\/\/www.organisator.ch\/fr\/wp-json\/wp\/v2\/users\/4"}],"replies":[{"embeddable":true,"href":"https:\/\/www.organisator.ch\/fr\/wp-json\/wp\/v2\/comments?post=12248"}],"version-history":[{"count":2,"href":"https:\/\/www.organisator.ch\/fr\/wp-json\/wp\/v2\/posts\/12248\/revisions"}],"predecessor-version":[{"id":12256,"href":"https:\/\/www.organisator.ch\/fr\/wp-json\/wp\/v2\/posts\/12248\/revisions\/12256"}],"wp:featuredmedia":[{"embeddable":true,"href":"https:\/\/www.organisator.ch\/fr\/wp-json\/wp\/v2\/media\/12255"}],"wp:attachment":[{"href":"https:\/\/www.organisator.ch\/fr\/wp-json\/wp\/v2\/media?parent=12248"}],"wp:term":[{"taxonomy":"category","embeddable":true,"href":"https:\/\/www.organisator.ch\/fr\/wp-json\/wp\/v2\/categories?post=12248"},{"taxonomy":"post_tag","embeddable":true,"href":"https:\/\/www.organisator.ch\/fr\/wp-json\/wp\/v2\/tags?post=12248"}],"curies":[{"name":"wp","href":"https:\/\/api.w.org\/{rel}","templated":true}]}}