{"id":12271,"date":"2022-03-29T13:37:31","date_gmt":"2022-03-29T11:37:31","guid":{"rendered":"https:\/\/www.organisator.ch\/?p=12271"},"modified":"2022-03-29T13:37:31","modified_gmt":"2022-03-29T11:37:31","slug":"swissolar-photovoltaik-wird-systemrelevant","status":"publish","type":"post","link":"https:\/\/www.organisator.ch\/fr\/sustainability\/2022-03-29\/swissolar-photovoltaik-wird-systemrelevant\/","title":{"rendered":"Swissolar : Le photovolta\u00efque devient d'importance syst\u00e9mique"},"content":{"rendered":"<figure id=\"attachment_12272\" aria-describedby=\"caption-attachment-12272\" style=\"width: 680px\" class=\"wp-caption alignnone\"><img loading=\"lazy\" decoding=\"async\" class=\"size-full wp-image-12272\" src=\"https:\/\/www.organisator.ch\/wp-content\/uploads\/2022\/03\/Swissolar-Photovoltaik-wird-systemrelevant_Organisator.jpg\" alt=\"\" width=\"680\" height=\"382\" srcset=\"https:\/\/www.organisator.ch\/wp-content\/uploads\/2022\/03\/Swissolar-Photovoltaik-wird-systemrelevant_Organisator.jpg 680w, https:\/\/www.organisator.ch\/wp-content\/uploads\/2022\/03\/Swissolar-Photovoltaik-wird-systemrelevant_Organisator-18x10.jpg 18w, https:\/\/www.organisator.ch\/wp-content\/uploads\/2022\/03\/Swissolar-Photovoltaik-wird-systemrelevant_Organisator-312x175.jpg 312w, https:\/\/www.organisator.ch\/wp-content\/uploads\/2022\/03\/Swissolar-Photovoltaik-wird-systemrelevant_Organisator-623x350.jpg 623w, https:\/\/www.organisator.ch\/wp-content\/uploads\/2022\/03\/Swissolar-Photovoltaik-wird-systemrelevant_Organisator-300x169.jpg 300w\" sizes=\"auto, (max-width: 680px) 100vw, 680px\" \/><figcaption id=\"caption-attachment-12272\" class=\"wp-caption-text\">La conseill\u00e8re f\u00e9d\u00e9rale Simonetta Sommaruga lors du 20e Congr\u00e8s suisse du photovolta\u00efque. (Image : Swissolar)<\/figcaption><\/figure>\n<p>L'industrie solaire suisse est en plein essor et a montr\u00e9 ces deux derni\u00e8res ann\u00e9es qu'elle pouvait g\u00e9rer une forte croissance et qu'elle pouvait faire avancer l'int\u00e9gration au r\u00e9seau \u00e9lectrique gr\u00e2ce \u00e0 des solutions innovantes. Un appel est lanc\u00e9 aux politiques pour qu'ils \u00e9liminent rapidement les obstacles restants \u00e0 la poursuite de la croissance. La conseill\u00e8re f\u00e9d\u00e9rale Simonetta Sommaruga a d\u00e9clar\u00e9 \u00e0 ce sujet dans son discours d'ouverture devant plus de 700 participants : \"On n'a jamais construit autant d'installations solaires qu'aujourd'hui. Ces deux derni\u00e8res ann\u00e9es, on a assist\u00e9 \u00e0 un d\u00e9veloppement record du photovolta\u00efque. Et ce boom ne va pas seulement se poursuivre, il va s'intensifier. Car la population veut s'\u00e9loigner du p\u00e9trole et du gaz\".<\/p>\n<p>Apr\u00e8s le nombre record de constructions en 2020, une nouvelle forte croissance du march\u00e9 a \u00e9t\u00e9 enregistr\u00e9e en 2021, qui se poursuit cette ann\u00e9e. Cela vaut heureusement pour tous les segments de march\u00e9, tels que les maisons individuelles, les immeubles collectifs, les b\u00e2timents industriels, etc. Les prix \u00e9lev\u00e9s de l'\u00e9nergie, le d\u00e9sir d'ind\u00e9pendance \u00e9nerg\u00e9tique et de contribution \u00e0 la protection du climat ainsi que la forte demande d'\u00e9lectromobilit\u00e9 sont cit\u00e9s par l'industrie solaire suisse comme des moteurs du march\u00e9.<\/p>\n<h3><strong>200 000 panels en f\u00e9vrier, un demi-milliard de valeur ajout\u00e9e et un nouvel apprentissage professionnel<\/strong><\/h3>\n<p>Rien qu'en f\u00e9vrier, 200 000 panneaux solaires ont \u00e9t\u00e9 install\u00e9s sur les toits suisses. Entre-temps, le photovolta\u00efque couvre plus de 6 pour cent des besoins en \u00e9lectricit\u00e9 de la Suisse. Au rythme actuel, ce chiffre augmente d'environ 1 % par an. L'ann\u00e9e derni\u00e8re (2021), la valeur ajout\u00e9e du photovolta\u00efque en Suisse s'\u00e9levait \u00e0 plus de 700 millions de francs (principalement gr\u00e2ce \u00e0 la planification, l'installation, la maintenance et l'exportation de machines, d'outils et de composants), qui ont \u00e9t\u00e9 directement inject\u00e9s dans l'\u00e9conomie locale - et la tendance est \u00e0 la hausse.<\/p>\n<p>\"En 2021, le secteur suisse de l'\u00e9nergie solaire aura enregistr\u00e9 une augmentation des commandes de 30 pour cent\", d\u00e9clare le directeur de Swissolar, David Stickelberger. Aujourd'hui, le secteur solaire suisse compte d\u00e9j\u00e0 environ 7000 emplois \u00e0 temps plein et ce chiffre devrait et devrait tripler au cours des dix prochaines ann\u00e9es. C'est pourquoi Swissolar met actuellement en place un cursus professionnel : \"De plus en plus de jeunes veulent se lancer dans ce domaine\", explique Stickelberger. \"Nous devons leur offrir une formation solide\". La formation de sp\u00e9cialiste en \u00e9nergie solaire devrait d\u00e9marrer \u00e0 partir de 2024.<\/p>\n<h3><strong>Swissolar veut tripler le nombre de nouvelles installations par an<\/strong><\/h3>\n<p>Aux yeux de Swissolar, la croissance r\u00e9jouissante du march\u00e9 doit se poursuivre pour atteindre les objectifs climatiques et garantir la s\u00e9curit\u00e9 de l'approvisionnement en \u00e9lectricit\u00e9. D'ici 2030, la construction annuelle devrait atteindre 2000 m\u00e9gawatts, soit trois fois plus qu'aujourd'hui. Swissolar a r\u00e9cemment expliqu\u00e9 ce qu'il faut faire pour atteindre cet objectif ambitieux dans un <a href=\"https:\/\/swissolar.us17.list-manage.com\/track\/click?u=edecd98bac689d51acd3647d0&amp;id=50fbaee2d7&amp;e=a7500464fb\">R\u00e9sum\u00e9 du programme en 11 points de l'industrie solaire suisse<\/a>. Les conditions-cadres \u00e0 cr\u00e9er pour ce d\u00e9veloppement feront l'objet d'une table ronde avec Daniel B\u00fcchel (OFEN), Michael Frank (AES), Beat Ritler (ResiQ) ainsi que le conseiller national et pr\u00e9sident de Swissolar J\u00fcrg Grossen : \"L'\u00e9nergie solaire devient le pilier de l'approvisionnement \u00e9nerg\u00e9tique suisse. Nous avons la technologie, les r\u00e9ponses et les solutions - il faut maintenant supprimer les obstacles\", a d\u00e9clar\u00e9 Grossen. Avec l'extension vis\u00e9e, l'\u00e9lectricit\u00e9 solaire deviendra un acteur essentiel du march\u00e9 de l'\u00e9lectricit\u00e9, qui doit contribuer \u00e0 la s\u00e9curit\u00e9 de l'approvisionnement et \u00eatre de plus en plus consid\u00e9r\u00e9 dans le contexte de l'\u00e9conomie \u00e9nerg\u00e9tique, c'est-\u00e0-dire au niveau du r\u00e9seau et au-del\u00e0 des fronti\u00e8res suisses. C'est \u00e0 ces th\u00e8mes que seront consacr\u00e9s les autres blocs d'expos\u00e9s de la premi\u00e8re journ\u00e9e.<\/p>\n<h3><strong>Les installations solaires sur les toits et les fa\u00e7ades restent la t\u00e2che principale<\/strong><\/h3>\n<p>Malgr\u00e9 les importantes discussions en cours sur les sites alpins potentiels pour les grandes installations photovolta\u00efques, le potentiel solaire des toits et des fa\u00e7ades reste au premier plan. Rien que sur les b\u00e2timents et les infrastructures existants, il serait possible de produire plus d'\u00e9lectricit\u00e9 que nous n'en consommons aujourd'hui. L'int\u00e9gration architecturale constitue souvent un d\u00e9fi particulier. Une session enti\u00e8re du deuxi\u00e8me jour de la manifestation sera consacr\u00e9e \u00e0 ce th\u00e8me de plus en plus important. D'autres th\u00e8mes seront abord\u00e9s, tels que les nouvelles de la recherche, dans laquelle la Suisse fait partie de l'\u00e9lite mondiale, ainsi que la pr\u00e9sentation d'exemples actuels d'utilisation innovante et pratique du photovolta\u00efque.<\/p>","protected":false},"excerpt":{"rendered":"<p>Die Schweizer Solarwirtschaft boomt und hat in den letzten zwei Jahren gezeigt, dass sie ein starkes Wachstum bew\u00e4ltigen kann, und dass sie mit innovativen L\u00f6sungen die Integration ins Stromnetz voranbringen kann. An die Politik geht der Appell, rasch die verbleibenden H\u00fcrden f\u00fcr das weitere Wachstum aus dem Weg zu r\u00e4umen.\u00a0Bundesr\u00e4tin Simonetta Sommaruga sagte dazu in [&hellip;]<\/p>\n","protected":false},"author":4,"featured_media":12272,"comment_status":"closed","ping_status":"closed","sticky":false,"template":"","format":"standard","meta":{"_acf_changed":false,"_yoast_wpseo_focuskw":"Swissolar","_yoast_wpseo_metadesc":"Am 29. und 30. M\u00e4rz 2022 findet in Bern zum 20. Mal die Schweizer Photovoltaik-Tagung statt, veranstaltet von Swissolar, dem VSE und dem BFE.","articlekey":"","footnotes":""},"categories":[580],"tags":[1079,193,358,1908],"class_list":["post-12271","post","type-post","status-publish","format-standard","has-post-thumbnail","hentry","category-sustainability","tag-energiepolitik","tag-fachkongressfachmesse","tag-nachhaltige-wirtschaft","tag-photovoltaik"],"acf":[],"yoast_head":"<!-- This site is optimized with the Yoast SEO plugin v27.4 - https:\/\/yoast.com\/product\/yoast-seo-wordpress\/ -->\n<title>Swissolar: Photovoltaik wird systemrelevant - Organisator<\/title>\n<meta name=\"description\" content=\"Am 29. und 30. M\u00e4rz 2022 findet in Bern zum 20. Mal die Schweizer Photovoltaik-Tagung statt, veranstaltet von Swissolar, dem VSE und dem BFE.\" \/>\n<meta name=\"robots\" content=\"index, follow, max-snippet:-1, max-image-preview:large, max-video-preview:-1\" \/>\n<link rel=\"canonical\" href=\"https:\/\/www.organisator.ch\/fr\/sustainability\/2022-03-29\/swissolar-photovoltaik-wird-systemrelevant\/\" \/>\n<meta property=\"og:locale\" content=\"fr_FR\" \/>\n<meta property=\"og:type\" content=\"article\" \/>\n<meta property=\"og:title\" content=\"Swissolar: Photovoltaik wird systemrelevant\" \/>\n<meta property=\"og:description\" content=\"Am 29. und 30. M\u00e4rz 2022 findet in Bern zum 20. Mal die Schweizer Photovoltaik-Tagung statt, veranstaltet von Swissolar, dem VSE und dem BFE.\" \/>\n<meta property=\"og:url\" content=\"https:\/\/www.organisator.ch\/fr\/sustainability\/2022-03-29\/swissolar-photovoltaik-wird-systemrelevant\/\" \/>\n<meta property=\"og:site_name\" content=\"Organisator\" \/>\n<meta property=\"article:publisher\" content=\"https:\/\/www.facebook.com\/OrganisatorFachmagazin\" \/>\n<meta property=\"article:published_time\" content=\"2022-03-29T11:37:31+00:00\" \/>\n<meta property=\"og:image\" content=\"https:\/\/www.organisator.ch\/wp-content\/uploads\/2022\/03\/Swissolar-Photovoltaik-wird-systemrelevant_Organisator.jpg\" \/>\n\t<meta property=\"og:image:width\" content=\"680\" \/>\n\t<meta property=\"og:image:height\" content=\"382\" \/>\n\t<meta property=\"og:image:type\" content=\"image\/jpeg\" \/>\n<meta name=\"author\" content=\"thomas.berner\" \/>\n<meta name=\"twitter:card\" content=\"summary_large_image\" \/>\n<meta name=\"twitter:title\" content=\"#Swissolar: #Photovoltaik wird systemrelevant\" \/>\n<meta name=\"twitter:description\" content=\"Am 29. und 30. M\u00e4rz 2022 findet in Bern zum 20. Mal die Schweizer #Photovoltaik-Tagung statt, veranstaltet von #Swissolar, dem #VSE und dem #BFE.\" \/>\n<meta name=\"twitter:image\" content=\"https:\/\/www.organisator.ch\/wp-content\/uploads\/2022\/03\/Swissolar-Photovoltaik-wird-systemrelevant_Organisator.jpg\" \/>\n<script type=\"application\/ld+json\" class=\"yoast-schema-graph\">{\"@context\":\"https:\\\/\\\/schema.org\",\"@graph\":[{\"@type\":\"Article\",\"@id\":\"https:\\\/\\\/www.organisator.ch\\\/sustainability\\\/2022-03-29\\\/swissolar-photovoltaik-wird-systemrelevant\\\/#article\",\"isPartOf\":{\"@id\":\"https:\\\/\\\/www.organisator.ch\\\/sustainability\\\/2022-03-29\\\/swissolar-photovoltaik-wird-systemrelevant\\\/\"},\"author\":{\"name\":\"thomas.berner\",\"@id\":\"https:\\\/\\\/www.organisator.ch\\\/#\\\/schema\\\/person\\\/6f650f90b2842cd4c0cc334b4e36f67e\"},\"headline\":\"Swissolar: Photovoltaik wird systemrelevant\",\"datePublished\":\"2022-03-29T11:37:31+00:00\",\"mainEntityOfPage\":{\"@id\":\"https:\\\/\\\/www.organisator.ch\\\/sustainability\\\/2022-03-29\\\/swissolar-photovoltaik-wird-systemrelevant\\\/\"},\"wordCount\":617,\"publisher\":{\"@id\":\"https:\\\/\\\/www.organisator.ch\\\/#organization\"},\"image\":{\"@id\":\"https:\\\/\\\/www.organisator.ch\\\/sustainability\\\/2022-03-29\\\/swissolar-photovoltaik-wird-systemrelevant\\\/#primaryimage\"},\"thumbnailUrl\":\"https:\\\/\\\/www.organisator.ch\\\/wp-content\\\/uploads\\\/2022\\\/03\\\/Swissolar-Photovoltaik-wird-systemrelevant_Organisator.jpg\",\"keywords\":[\"Energiepolitik\",\"Fachkongress\\\/Fachmesse\",\"Nachhaltige Wirtschaft\",\"Photovoltaik\"],\"articleSection\":[\"SUSTAINABILITY\"],\"inLanguage\":\"fr-FR\"},{\"@type\":\"WebPage\",\"@id\":\"https:\\\/\\\/www.organisator.ch\\\/sustainability\\\/2022-03-29\\\/swissolar-photovoltaik-wird-systemrelevant\\\/\",\"url\":\"https:\\\/\\\/www.organisator.ch\\\/sustainability\\\/2022-03-29\\\/swissolar-photovoltaik-wird-systemrelevant\\\/\",\"name\":\"Swissolar: Photovoltaik wird systemrelevant - Organisator\",\"isPartOf\":{\"@id\":\"https:\\\/\\\/www.organisator.ch\\\/#website\"},\"primaryImageOfPage\":{\"@id\":\"https:\\\/\\\/www.organisator.ch\\\/sustainability\\\/2022-03-29\\\/swissolar-photovoltaik-wird-systemrelevant\\\/#primaryimage\"},\"image\":{\"@id\":\"https:\\\/\\\/www.organisator.ch\\\/sustainability\\\/2022-03-29\\\/swissolar-photovoltaik-wird-systemrelevant\\\/#primaryimage\"},\"thumbnailUrl\":\"https:\\\/\\\/www.organisator.ch\\\/wp-content\\\/uploads\\\/2022\\\/03\\\/Swissolar-Photovoltaik-wird-systemrelevant_Organisator.jpg\",\"datePublished\":\"2022-03-29T11:37:31+00:00\",\"description\":\"Am 29. und 30. M\u00e4rz 2022 findet in Bern zum 20. Mal die Schweizer Photovoltaik-Tagung statt, veranstaltet von Swissolar, dem VSE und dem BFE.\",\"breadcrumb\":{\"@id\":\"https:\\\/\\\/www.organisator.ch\\\/sustainability\\\/2022-03-29\\\/swissolar-photovoltaik-wird-systemrelevant\\\/#breadcrumb\"},\"inLanguage\":\"fr-FR\",\"potentialAction\":[{\"@type\":\"ReadAction\",\"target\":[\"https:\\\/\\\/www.organisator.ch\\\/sustainability\\\/2022-03-29\\\/swissolar-photovoltaik-wird-systemrelevant\\\/\"]}]},{\"@type\":\"ImageObject\",\"inLanguage\":\"fr-FR\",\"@id\":\"https:\\\/\\\/www.organisator.ch\\\/sustainability\\\/2022-03-29\\\/swissolar-photovoltaik-wird-systemrelevant\\\/#primaryimage\",\"url\":\"https:\\\/\\\/www.organisator.ch\\\/wp-content\\\/uploads\\\/2022\\\/03\\\/Swissolar-Photovoltaik-wird-systemrelevant_Organisator.jpg\",\"contentUrl\":\"https:\\\/\\\/www.organisator.ch\\\/wp-content\\\/uploads\\\/2022\\\/03\\\/Swissolar-Photovoltaik-wird-systemrelevant_Organisator.jpg\",\"width\":680,\"height\":382,\"caption\":\"Bundesr\u00e4tin Simonetta Sommaruga an der 20. Schweizer Photovoltaik-Tagung. (Bild: Swissolar)\"},{\"@type\":\"BreadcrumbList\",\"@id\":\"https:\\\/\\\/www.organisator.ch\\\/sustainability\\\/2022-03-29\\\/swissolar-photovoltaik-wird-systemrelevant\\\/#breadcrumb\",\"itemListElement\":[{\"@type\":\"ListItem\",\"position\":1,\"name\":\"Home\",\"item\":\"https:\\\/\\\/www.organisator.ch\\\/\"},{\"@type\":\"ListItem\",\"position\":2,\"name\":\"Swissolar: Photovoltaik wird systemrelevant\"}]},{\"@type\":\"WebSite\",\"@id\":\"https:\\\/\\\/www.organisator.ch\\\/#website\",\"url\":\"https:\\\/\\\/www.organisator.ch\\\/\",\"name\":\"Organisator\",\"description\":\"Kompetent. Praxisnah. Der ORGANISATOR bereitet in 10 Ausgaben pro Jahr die wesentlichen Themen f\u00fcr F\u00fchrungskr\u00e4fte von KMU auf.\",\"publisher\":{\"@id\":\"https:\\\/\\\/www.organisator.ch\\\/#organization\"},\"potentialAction\":[{\"@type\":\"SearchAction\",\"target\":{\"@type\":\"EntryPoint\",\"urlTemplate\":\"https:\\\/\\\/www.organisator.ch\\\/?s={search_term_string}\"},\"query-input\":{\"@type\":\"PropertyValueSpecification\",\"valueRequired\":true,\"valueName\":\"search_term_string\"}}],\"inLanguage\":\"fr-FR\"},{\"@type\":\"Organization\",\"@id\":\"https:\\\/\\\/www.organisator.ch\\\/#organization\",\"name\":\"Organisator\",\"url\":\"https:\\\/\\\/www.organisator.ch\\\/\",\"logo\":{\"@type\":\"ImageObject\",\"inLanguage\":\"fr-FR\",\"@id\":\"https:\\\/\\\/www.organisator.ch\\\/#\\\/schema\\\/logo\\\/image\\\/\",\"url\":\"https:\\\/\\\/www.organisator.ch\\\/wp-content\\\/uploads\\\/2022\\\/01\\\/Logo_Organisator_Website.png\",\"contentUrl\":\"https:\\\/\\\/www.organisator.ch\\\/wp-content\\\/uploads\\\/2022\\\/01\\\/Logo_Organisator_Website.png\",\"width\":800,\"height\":77,\"caption\":\"Organisator\"},\"image\":{\"@id\":\"https:\\\/\\\/www.organisator.ch\\\/#\\\/schema\\\/logo\\\/image\\\/\"},\"sameAs\":[\"https:\\\/\\\/www.facebook.com\\\/OrganisatorFachmagazin\",\"https:\\\/\\\/www.linkedin.com\\\/showcase\\\/organisator-das-magazin-fr-kmu\",\"https:\\\/\\\/www.xing.com\\\/news\\\/pages\\\/organisator-ch-695\",\"https:\\\/\\\/www.youtube.com\\\/channel\\\/UCGP2Sq0iWaZwT3BdIAQFYpw\"]},{\"@type\":\"Person\",\"@id\":\"https:\\\/\\\/www.organisator.ch\\\/#\\\/schema\\\/person\\\/6f650f90b2842cd4c0cc334b4e36f67e\",\"name\":\"thomas.berner\",\"image\":{\"@type\":\"ImageObject\",\"inLanguage\":\"fr-FR\",\"@id\":\"https:\\\/\\\/secure.gravatar.com\\\/avatar\\\/ac5001d2a36cb6c6cd3e50789007ffca834b477b74a2144564522e944eabff61?s=96&d=mm&r=g\",\"url\":\"https:\\\/\\\/secure.gravatar.com\\\/avatar\\\/ac5001d2a36cb6c6cd3e50789007ffca834b477b74a2144564522e944eabff61?s=96&d=mm&r=g\",\"contentUrl\":\"https:\\\/\\\/secure.gravatar.com\\\/avatar\\\/ac5001d2a36cb6c6cd3e50789007ffca834b477b74a2144564522e944eabff61?s=96&d=mm&r=g\",\"caption\":\"thomas.berner\"},\"url\":\"https:\\\/\\\/www.organisator.ch\\\/fr\\\/author\\\/thomas-berner\\\/\"}]}<\/script>\n<!-- \/ Yoast SEO plugin. -->","yoast_head_json":{"title":"Swissolar : Le photovolta\u00efque devient d'importance syst\u00e9mique - Organisateur","description":"Les 29 et 30 mars 2022, Berne accueillera la 20e \u00e9dition du Congr\u00e8s suisse du photovolta\u00efque, organis\u00e9 par Swissolar, l'AES et l'OFEN.","robots":{"index":"index","follow":"follow","max-snippet":"max-snippet:-1","max-image-preview":"max-image-preview:large","max-video-preview":"max-video-preview:-1"},"canonical":"https:\/\/www.organisator.ch\/fr\/sustainability\/2022-03-29\/swissolar-photovoltaik-wird-systemrelevant\/","og_locale":"fr_FR","og_type":"article","og_title":"Swissolar: Photovoltaik wird systemrelevant","og_description":"Am 29. und 30. M\u00e4rz 2022 findet in Bern zum 20. Mal die Schweizer Photovoltaik-Tagung statt, veranstaltet von Swissolar, dem VSE und dem BFE.","og_url":"https:\/\/www.organisator.ch\/fr\/sustainability\/2022-03-29\/swissolar-photovoltaik-wird-systemrelevant\/","og_site_name":"Organisator","article_publisher":"https:\/\/www.facebook.com\/OrganisatorFachmagazin","article_published_time":"2022-03-29T11:37:31+00:00","og_image":[{"width":680,"height":382,"url":"https:\/\/www.organisator.ch\/wp-content\/uploads\/2022\/03\/Swissolar-Photovoltaik-wird-systemrelevant_Organisator.jpg","type":"image\/jpeg"}],"author":"thomas.berner","twitter_card":"summary_large_image","twitter_title":"#Swissolar: #Photovoltaik wird systemrelevant","twitter_description":"Am 29. und 30. M\u00e4rz 2022 findet in Bern zum 20. Mal die Schweizer #Photovoltaik-Tagung statt, veranstaltet von #Swissolar, dem #VSE und dem #BFE.","twitter_image":"https:\/\/www.organisator.ch\/wp-content\/uploads\/2022\/03\/Swissolar-Photovoltaik-wird-systemrelevant_Organisator.jpg","schema":{"@context":"https:\/\/schema.org","@graph":[{"@type":"Article","@id":"https:\/\/www.organisator.ch\/sustainability\/2022-03-29\/swissolar-photovoltaik-wird-systemrelevant\/#article","isPartOf":{"@id":"https:\/\/www.organisator.ch\/sustainability\/2022-03-29\/swissolar-photovoltaik-wird-systemrelevant\/"},"author":{"name":"thomas.berner","@id":"https:\/\/www.organisator.ch\/#\/schema\/person\/6f650f90b2842cd4c0cc334b4e36f67e"},"headline":"Swissolar: Photovoltaik wird systemrelevant","datePublished":"2022-03-29T11:37:31+00:00","mainEntityOfPage":{"@id":"https:\/\/www.organisator.ch\/sustainability\/2022-03-29\/swissolar-photovoltaik-wird-systemrelevant\/"},"wordCount":617,"publisher":{"@id":"https:\/\/www.organisator.ch\/#organization"},"image":{"@id":"https:\/\/www.organisator.ch\/sustainability\/2022-03-29\/swissolar-photovoltaik-wird-systemrelevant\/#primaryimage"},"thumbnailUrl":"https:\/\/www.organisator.ch\/wp-content\/uploads\/2022\/03\/Swissolar-Photovoltaik-wird-systemrelevant_Organisator.jpg","keywords":["Energiepolitik","Fachkongress\/Fachmesse","Nachhaltige Wirtschaft","Photovoltaik"],"articleSection":["SUSTAINABILITY"],"inLanguage":"fr-FR"},{"@type":"WebPage","@id":"https:\/\/www.organisator.ch\/sustainability\/2022-03-29\/swissolar-photovoltaik-wird-systemrelevant\/","url":"https:\/\/www.organisator.ch\/sustainability\/2022-03-29\/swissolar-photovoltaik-wird-systemrelevant\/","name":"Swissolar : Le photovolta\u00efque devient d'importance syst\u00e9mique - Organisateur","isPartOf":{"@id":"https:\/\/www.organisator.ch\/#website"},"primaryImageOfPage":{"@id":"https:\/\/www.organisator.ch\/sustainability\/2022-03-29\/swissolar-photovoltaik-wird-systemrelevant\/#primaryimage"},"image":{"@id":"https:\/\/www.organisator.ch\/sustainability\/2022-03-29\/swissolar-photovoltaik-wird-systemrelevant\/#primaryimage"},"thumbnailUrl":"https:\/\/www.organisator.ch\/wp-content\/uploads\/2022\/03\/Swissolar-Photovoltaik-wird-systemrelevant_Organisator.jpg","datePublished":"2022-03-29T11:37:31+00:00","description":"Les 29 et 30 mars 2022, Berne accueillera la 20e \u00e9dition du Congr\u00e8s suisse du photovolta\u00efque, organis\u00e9 par Swissolar, l'AES et l'OFEN.","breadcrumb":{"@id":"https:\/\/www.organisator.ch\/sustainability\/2022-03-29\/swissolar-photovoltaik-wird-systemrelevant\/#breadcrumb"},"inLanguage":"fr-FR","potentialAction":[{"@type":"ReadAction","target":["https:\/\/www.organisator.ch\/sustainability\/2022-03-29\/swissolar-photovoltaik-wird-systemrelevant\/"]}]},{"@type":"ImageObject","inLanguage":"fr-FR","@id":"https:\/\/www.organisator.ch\/sustainability\/2022-03-29\/swissolar-photovoltaik-wird-systemrelevant\/#primaryimage","url":"https:\/\/www.organisator.ch\/wp-content\/uploads\/2022\/03\/Swissolar-Photovoltaik-wird-systemrelevant_Organisator.jpg","contentUrl":"https:\/\/www.organisator.ch\/wp-content\/uploads\/2022\/03\/Swissolar-Photovoltaik-wird-systemrelevant_Organisator.jpg","width":680,"height":382,"caption":"Bundesr\u00e4tin Simonetta Sommaruga an der 20. Schweizer Photovoltaik-Tagung. (Bild: Swissolar)"},{"@type":"BreadcrumbList","@id":"https:\/\/www.organisator.ch\/sustainability\/2022-03-29\/swissolar-photovoltaik-wird-systemrelevant\/#breadcrumb","itemListElement":[{"@type":"ListItem","position":1,"name":"Home","item":"https:\/\/www.organisator.ch\/"},{"@type":"ListItem","position":2,"name":"Swissolar: Photovoltaik wird systemrelevant"}]},{"@type":"WebSite","@id":"https:\/\/www.organisator.ch\/#website","url":"https:\/\/www.organisator.ch\/","name":"Organisateur","description":"Comp\u00e9tence et comp\u00e9tence. Proches de la pratique. L'ORGANISATEUR pr\u00e9pare 10 num\u00e9ros par an sur les th\u00e8mes essentiels pour les dirigeants de PME.","publisher":{"@id":"https:\/\/www.organisator.ch\/#organization"},"potentialAction":[{"@type":"SearchAction","target":{"@type":"EntryPoint","urlTemplate":"https:\/\/www.organisator.ch\/?s={search_term_string}"},"query-input":{"@type":"PropertyValueSpecification","valueRequired":true,"valueName":"search_term_string"}}],"inLanguage":"fr-FR"},{"@type":"Organization","@id":"https:\/\/www.organisator.ch\/#organization","name":"Organisateur","url":"https:\/\/www.organisator.ch\/","logo":{"@type":"ImageObject","inLanguage":"fr-FR","@id":"https:\/\/www.organisator.ch\/#\/schema\/logo\/image\/","url":"https:\/\/www.organisator.ch\/wp-content\/uploads\/2022\/01\/Logo_Organisator_Website.png","contentUrl":"https:\/\/www.organisator.ch\/wp-content\/uploads\/2022\/01\/Logo_Organisator_Website.png","width":800,"height":77,"caption":"Organisator"},"image":{"@id":"https:\/\/www.organisator.ch\/#\/schema\/logo\/image\/"},"sameAs":["https:\/\/www.facebook.com\/OrganisatorFachmagazin","https:\/\/www.linkedin.com\/showcase\/organisator-das-magazin-fr-kmu","https:\/\/www.xing.com\/news\/pages\/organisator-ch-695","https:\/\/www.youtube.com\/channel\/UCGP2Sq0iWaZwT3BdIAQFYpw"]},{"@type":"Person","@id":"https:\/\/www.organisator.ch\/#\/schema\/person\/6f650f90b2842cd4c0cc334b4e36f67e","name":"thomas.berner","image":{"@type":"ImageObject","inLanguage":"fr-FR","@id":"https:\/\/secure.gravatar.com\/avatar\/ac5001d2a36cb6c6cd3e50789007ffca834b477b74a2144564522e944eabff61?s=96&d=mm&r=g","url":"https:\/\/secure.gravatar.com\/avatar\/ac5001d2a36cb6c6cd3e50789007ffca834b477b74a2144564522e944eabff61?s=96&d=mm&r=g","contentUrl":"https:\/\/secure.gravatar.com\/avatar\/ac5001d2a36cb6c6cd3e50789007ffca834b477b74a2144564522e944eabff61?s=96&d=mm&r=g","caption":"thomas.berner"},"url":"https:\/\/www.organisator.ch\/fr\/author\/thomas-berner\/"}]}},"_links":{"self":[{"href":"https:\/\/www.organisator.ch\/fr\/wp-json\/wp\/v2\/posts\/12271","targetHints":{"allow":["GET"]}}],"collection":[{"href":"https:\/\/www.organisator.ch\/fr\/wp-json\/wp\/v2\/posts"}],"about":[{"href":"https:\/\/www.organisator.ch\/fr\/wp-json\/wp\/v2\/types\/post"}],"author":[{"embeddable":true,"href":"https:\/\/www.organisator.ch\/fr\/wp-json\/wp\/v2\/users\/4"}],"replies":[{"embeddable":true,"href":"https:\/\/www.organisator.ch\/fr\/wp-json\/wp\/v2\/comments?post=12271"}],"version-history":[{"count":3,"href":"https:\/\/www.organisator.ch\/fr\/wp-json\/wp\/v2\/posts\/12271\/revisions"}],"predecessor-version":[{"id":12338,"href":"https:\/\/www.organisator.ch\/fr\/wp-json\/wp\/v2\/posts\/12271\/revisions\/12338"}],"wp:featuredmedia":[{"embeddable":true,"href":"https:\/\/www.organisator.ch\/fr\/wp-json\/wp\/v2\/media\/12272"}],"wp:attachment":[{"href":"https:\/\/www.organisator.ch\/fr\/wp-json\/wp\/v2\/media?parent=12271"}],"wp:term":[{"taxonomy":"category","embeddable":true,"href":"https:\/\/www.organisator.ch\/fr\/wp-json\/wp\/v2\/categories?post=12271"},{"taxonomy":"post_tag","embeddable":true,"href":"https:\/\/www.organisator.ch\/fr\/wp-json\/wp\/v2\/tags?post=12271"}],"curies":[{"name":"wp","href":"https:\/\/api.w.org\/{rel}","templated":true}]}}