{"id":12278,"date":"2022-03-29T16:25:06","date_gmt":"2022-03-29T14:25:06","guid":{"rendered":"https:\/\/www.werbewoche.ch\/?p=168217"},"modified":"2022-08-03T09:59:15","modified_gmt":"2022-08-03T07:59:15","slug":"rembrand-kreiert-gastro-branding-fuer-schweizer-jugendherbergen","status":"publish","type":"post","link":"https:\/\/www.organisator.ch\/fr\/marketing\/2022-03-29\/rembrand-kreiert-gastro-branding-fuer-schweizer-jugendherbergen\/","title":{"rendered":"Rembrand cr\u00e9e un branding gastronomique pour les Auberges de Jeunesse Suisses"},"content":{"rendered":"<div class=\"page\" title=\"Page 1\">\r\n<div class=\"layoutArea\">\r\n<div class=\"column\">\r\n\r\nDans le cadre de la restructuration de l'offre de restauration des Auberges de Jeunesse Suisses, l'agence Rembrand a \u00e9t\u00e9 charg\u00e9e de cr\u00e9er une marque ombrelle pour les restaurants, les r\u00e9fectoires, les cantines, les bars et les salles \u00e0 manger qui \"fonctionne partout, est compr\u00e9hensible au niveau international et r\u00e9unit les diff\u00e9rentes offres sous un nom attractif\". C'est ainsi qu'est n\u00e9e la marque \"Yoummi\".\r\n\r\n<img class=\"alignnone wp-image-168218 size-large\" src=\"https:\/\/www.werbewoche.ch\/wp-content\/uploads\/2022\/03\/YOUMMI_Kampagnendesign_1-1024x684.jpg\" alt=\"Rembrand\" width=\"768\" height=\"513\" \/> <img class=\"alignnone wp-image-168219 size-large\" src=\"https:\/\/www.werbewoche.ch\/wp-content\/uploads\/2022\/03\/YOUMMI_Kampagnendesign_2-1024x684.jpg\" alt=\"Rembrand\" width=\"768\" height=\"513\" \/>\r\n<h3>Des menus \u00e9quilibr\u00e9s et durables<\/h3>\r\nLes piliers de Yoummi se refl\u00e8tent dans \"des menus \u00e9quilibr\u00e9s \u00e0 trois plats, qui sont en m\u00eame temps durables, vari\u00e9s et \u00e0 des prix attractifs\", comme l'indique un communiqu\u00e9 de presse. De nouveaux menus ont \u00e9t\u00e9 cr\u00e9\u00e9s pour l'offre saisonni\u00e8re et r\u00e9gionale, l'accent \u00e9tant mis davantage sur les plats v\u00e9g\u00e9tariens et v\u00e9g\u00e9taliens.\r\n\r\nRembrand a con\u00e7u l'ensemble de l'identit\u00e9 visuelle de Yoummi - du nom et du slogan au logo, en passant par l'univers visuel et un concept de couleurs qui s'harmonise avec les diff\u00e9rentes surfaces des diff\u00e9rents \u00e9tablissements. Rembrand est en outre responsable de la mise en \u0153uvre de tous les moyens et mesures de communication. La nouvelle offre de restauration des Auberges de Jeunesse Suisses a fait l'objet d'une campagne d'ouverture en 4 langues via les m\u00e9dias sociaux et a \u00e9t\u00e9 accompagn\u00e9e de mesures OOH.\r\n\r\n<hr \/>\r\n\r\n<div class=\"page\" title=\"Page 1\">\r\n<div class=\"layoutArea\">\r\n<div class=\"column\">\r\n\r\n<strong>Mandant<\/strong>: Auberges de Jeunesse Suisses, Andr\u00e9 Eisele (Directeur Marketing et Communication). <strong>Responsable chez Rembrand :<\/strong> Georg Wirth (direction de projet), Mirjam Egger (AD), Alisa Kuratli (graphisme), Eduard Buchm\u00fcller (production Interactive Media), Krizia Frei (graphisme).\r\n\r\n<\/div>\r\n<\/div>\r\n<\/div>\r\n<\/div>\r\n<\/div>\r\n<\/div>","protected":false},"excerpt":{"rendered":"<p>Im Rahmen der Umstrukturierung des Gastronomie-Angebots der Schweizer Jugendherbergen wurde die Agentur Rembrand beauftragt, eine Dachmarke fu\u0308r die Restaurants, Mensas, Kantinen, Bars und Ess-Stu\u0308bli zu kreieren, welche \u00abu\u0308berall funktioniert, international versta\u0308ndlich ist und die verschiedenen Angebote unter einem attraktiven Namen vereint\u00bb. Entstanden ist die Marke \u00abYoummi\u00bb. Ausgewogene und nachhaltige Men\u00fcs Die Grundpfeiler von Yoummi spiegeln [\u2026]<\/p>\n","protected":false},"author":8,"featured_media":0,"comment_status":"closed","ping_status":"closed","sticky":false,"template":"","format":"standard","meta":{"_acf_changed":false,"_yoast_wpseo_focuskw":"Rembrand","_yoast_wpseo_metadesc":"Die Ostschweizer Agentur Rembrand hat f\u00fcr das neue Gastronomie-Angebot der Schweizer Jugendherbergen eine Dachmarke entwickelt, die sich sowohl an ein nationales wie auch ein internationales Publikum richtet.","articlekey":"","footnotes":""},"categories":[29],"tags":[3297,3296],"class_list":["post-12278","post","type-post","status-publish","format-standard","hentry","category-marketing","tag-jugendherbergen","tag-rembrand"],"acf":[],"yoast_head":"<!-- This site is optimized with the Yoast SEO plugin v27.4 - https:\/\/yoast.com\/product\/yoast-seo-wordpress\/ -->\n<title>Rembrand kreiert Gastro-Branding f\u00fcr Schweizer Jugendherbergen - Organisator<\/title>\n<meta name=\"description\" content=\"Die Ostschweizer Agentur Rembrand hat f\u00fcr das neue Gastronomie-Angebot der Schweizer Jugendherbergen eine Dachmarke entwickelt, die sich sowohl an ein nationales wie auch ein internationales Publikum richtet.\" \/>\n<meta name=\"robots\" content=\"index, follow, max-snippet:-1, max-image-preview:large, max-video-preview:-1\" \/>\n<link rel=\"canonical\" href=\"https:\/\/www.werbewoche.ch\/de\/marketing\/marken\/2022-03-29\/rembrand-kreiert-gastro-branding-fuer-schweizer-jugendherbergen\/\" \/>\n<meta property=\"og:locale\" content=\"fr_FR\" \/>\n<meta property=\"og:type\" content=\"article\" \/>\n<meta property=\"og:title\" content=\"Rembrand kreiert Gastro-Branding f\u00fcr Schweizer Jugendherbergen - Organisator\" \/>\n<meta property=\"og:description\" content=\"Die Ostschweizer Agentur Rembrand hat f\u00fcr das neue Gastronomie-Angebot der Schweizer Jugendherbergen eine Dachmarke entwickelt, die sich sowohl an ein nationales wie auch ein internationales Publikum richtet.\" \/>\n<meta property=\"og:url\" content=\"https:\/\/www.werbewoche.ch\/de\/marketing\/marken\/2022-03-29\/rembrand-kreiert-gastro-branding-fuer-schweizer-jugendherbergen\/\" \/>\n<meta property=\"og:site_name\" content=\"Organisator\" \/>\n<meta property=\"article:publisher\" content=\"https:\/\/www.facebook.com\/OrganisatorFachmagazin\" \/>\n<meta property=\"article:published_time\" content=\"2022-03-29T14:25:06+00:00\" \/>\n<meta property=\"article:modified_time\" content=\"2022-08-03T07:59:15+00:00\" \/>\n<meta property=\"og:image\" content=\"https:\/\/www.werbewoche.ch\/wp-content\/uploads\/2022\/03\/YOUMMI_Kampagnendesign_1-1024x684.jpg\" \/>\n<meta name=\"author\" content=\"galledia\" \/>\n<meta name=\"twitter:card\" content=\"summary_large_image\" \/>\n<meta name=\"twitter:creator\" content=\"@admin\" \/>\n<script type=\"application\/ld+json\" class=\"yoast-schema-graph\">{\"@context\":\"https:\\\/\\\/schema.org\",\"@graph\":[{\"@type\":\"Article\",\"@id\":\"https:\\\/\\\/www.werbewoche.ch\\\/de\\\/marketing\\\/marken\\\/2022-03-29\\\/rembrand-kreiert-gastro-branding-fuer-schweizer-jugendherbergen\\\/#article\",\"isPartOf\":{\"@id\":\"https:\\\/\\\/www.organisator.ch\\\/marketing\\\/2022-03-29\\\/rembrand-kreiert-gastro-branding-fuer-schweizer-jugendherbergen\\\/\"},\"author\":{\"name\":\"galledia\",\"@id\":\"https:\\\/\\\/www.organisator.ch\\\/#\\\/schema\\\/person\\\/4e51799071cd2dd1232ac003643ef5f0\"},\"headline\":\"Rembrand kreiert Gastro-Branding f\u00fcr Schweizer Jugendherbergen\",\"datePublished\":\"2022-03-29T14:25:06+00:00\",\"dateModified\":\"2022-08-03T07:59:15+00:00\",\"mainEntityOfPage\":{\"@id\":\"https:\\\/\\\/www.organisator.ch\\\/marketing\\\/2022-03-29\\\/rembrand-kreiert-gastro-branding-fuer-schweizer-jugendherbergen\\\/\"},\"wordCount\":209,\"publisher\":{\"@id\":\"https:\\\/\\\/www.organisator.ch\\\/#organization\"},\"image\":{\"@id\":\"https:\\\/\\\/www.werbewoche.ch\\\/de\\\/marketing\\\/marken\\\/2022-03-29\\\/rembrand-kreiert-gastro-branding-fuer-schweizer-jugendherbergen\\\/#primaryimage\"},\"thumbnailUrl\":\"https:\\\/\\\/www.werbewoche.ch\\\/wp-content\\\/uploads\\\/2022\\\/03\\\/YOUMMI_Kampagnendesign_1-1024x684.jpg\",\"keywords\":[\"Jugendherbergen\",\"Rembrand\"],\"articleSection\":[\"MARKETING\"],\"inLanguage\":\"fr-FR\"},{\"@type\":\"WebPage\",\"@id\":\"https:\\\/\\\/www.organisator.ch\\\/marketing\\\/2022-03-29\\\/rembrand-kreiert-gastro-branding-fuer-schweizer-jugendherbergen\\\/\",\"url\":\"https:\\\/\\\/www.werbewoche.ch\\\/de\\\/marketing\\\/marken\\\/2022-03-29\\\/rembrand-kreiert-gastro-branding-fuer-schweizer-jugendherbergen\\\/\",\"name\":\"Rembrand kreiert Gastro-Branding f\u00fcr Schweizer Jugendherbergen - Organisator\",\"isPartOf\":{\"@id\":\"https:\\\/\\\/www.organisator.ch\\\/#website\"},\"primaryImageOfPage\":{\"@id\":\"https:\\\/\\\/www.werbewoche.ch\\\/de\\\/marketing\\\/marken\\\/2022-03-29\\\/rembrand-kreiert-gastro-branding-fuer-schweizer-jugendherbergen\\\/#primaryimage\"},\"image\":{\"@id\":\"https:\\\/\\\/www.werbewoche.ch\\\/de\\\/marketing\\\/marken\\\/2022-03-29\\\/rembrand-kreiert-gastro-branding-fuer-schweizer-jugendherbergen\\\/#primaryimage\"},\"thumbnailUrl\":\"https:\\\/\\\/www.werbewoche.ch\\\/wp-content\\\/uploads\\\/2022\\\/03\\\/YOUMMI_Kampagnendesign_1-1024x684.jpg\",\"datePublished\":\"2022-03-29T14:25:06+00:00\",\"dateModified\":\"2022-08-03T07:59:15+00:00\",\"description\":\"Die Ostschweizer Agentur Rembrand hat f\u00fcr das neue Gastronomie-Angebot der Schweizer Jugendherbergen eine Dachmarke entwickelt, die sich sowohl an ein nationales wie auch ein internationales Publikum richtet.\",\"breadcrumb\":{\"@id\":\"https:\\\/\\\/www.werbewoche.ch\\\/de\\\/marketing\\\/marken\\\/2022-03-29\\\/rembrand-kreiert-gastro-branding-fuer-schweizer-jugendherbergen\\\/#breadcrumb\"},\"inLanguage\":\"fr-FR\",\"potentialAction\":[{\"@type\":\"ReadAction\",\"target\":[\"https:\\\/\\\/www.werbewoche.ch\\\/de\\\/marketing\\\/marken\\\/2022-03-29\\\/rembrand-kreiert-gastro-branding-fuer-schweizer-jugendherbergen\\\/\"]}]},{\"@type\":\"ImageObject\",\"inLanguage\":\"fr-FR\",\"@id\":\"https:\\\/\\\/www.werbewoche.ch\\\/de\\\/marketing\\\/marken\\\/2022-03-29\\\/rembrand-kreiert-gastro-branding-fuer-schweizer-jugendherbergen\\\/#primaryimage\",\"url\":\"https:\\\/\\\/www.werbewoche.ch\\\/wp-content\\\/uploads\\\/2022\\\/03\\\/YOUMMI_Kampagnendesign_1-1024x684.jpg\",\"contentUrl\":\"https:\\\/\\\/www.werbewoche.ch\\\/wp-content\\\/uploads\\\/2022\\\/03\\\/YOUMMI_Kampagnendesign_1-1024x684.jpg\"},{\"@type\":\"BreadcrumbList\",\"@id\":\"https:\\\/\\\/www.werbewoche.ch\\\/de\\\/marketing\\\/marken\\\/2022-03-29\\\/rembrand-kreiert-gastro-branding-fuer-schweizer-jugendherbergen\\\/#breadcrumb\",\"itemListElement\":[{\"@type\":\"ListItem\",\"position\":1,\"name\":\"Home\",\"item\":\"https:\\\/\\\/www.organisator.ch\\\/\"},{\"@type\":\"ListItem\",\"position\":2,\"name\":\"Rembrand kreiert Gastro-Branding f\u00fcr Schweizer Jugendherbergen\"}]},{\"@type\":\"WebSite\",\"@id\":\"https:\\\/\\\/www.organisator.ch\\\/#website\",\"url\":\"https:\\\/\\\/www.organisator.ch\\\/\",\"name\":\"Organisator\",\"description\":\"Kompetent. Praxisnah. Der ORGANISATOR bereitet in 10 Ausgaben pro Jahr die wesentlichen Themen f\u00fcr F\u00fchrungskr\u00e4fte von KMU auf.\",\"publisher\":{\"@id\":\"https:\\\/\\\/www.organisator.ch\\\/#organization\"},\"potentialAction\":[{\"@type\":\"SearchAction\",\"target\":{\"@type\":\"EntryPoint\",\"urlTemplate\":\"https:\\\/\\\/www.organisator.ch\\\/?s={search_term_string}\"},\"query-input\":{\"@type\":\"PropertyValueSpecification\",\"valueRequired\":true,\"valueName\":\"search_term_string\"}}],\"inLanguage\":\"fr-FR\"},{\"@type\":\"Organization\",\"@id\":\"https:\\\/\\\/www.organisator.ch\\\/#organization\",\"name\":\"Organisator\",\"url\":\"https:\\\/\\\/www.organisator.ch\\\/\",\"logo\":{\"@type\":\"ImageObject\",\"inLanguage\":\"fr-FR\",\"@id\":\"https:\\\/\\\/www.organisator.ch\\\/#\\\/schema\\\/logo\\\/image\\\/\",\"url\":\"https:\\\/\\\/www.organisator.ch\\\/wp-content\\\/uploads\\\/2022\\\/01\\\/Logo_Organisator_Website.png\",\"contentUrl\":\"https:\\\/\\\/www.organisator.ch\\\/wp-content\\\/uploads\\\/2022\\\/01\\\/Logo_Organisator_Website.png\",\"width\":800,\"height\":77,\"caption\":\"Organisator\"},\"image\":{\"@id\":\"https:\\\/\\\/www.organisator.ch\\\/#\\\/schema\\\/logo\\\/image\\\/\"},\"sameAs\":[\"https:\\\/\\\/www.facebook.com\\\/OrganisatorFachmagazin\",\"https:\\\/\\\/www.linkedin.com\\\/showcase\\\/organisator-das-magazin-fr-kmu\",\"https:\\\/\\\/www.xing.com\\\/news\\\/pages\\\/organisator-ch-695\",\"https:\\\/\\\/www.youtube.com\\\/channel\\\/UCGP2Sq0iWaZwT3BdIAQFYpw\"]},{\"@type\":\"Person\",\"@id\":\"https:\\\/\\\/www.organisator.ch\\\/#\\\/schema\\\/person\\\/4e51799071cd2dd1232ac003643ef5f0\",\"name\":\"galledia\",\"image\":{\"@type\":\"ImageObject\",\"inLanguage\":\"fr-FR\",\"@id\":\"https:\\\/\\\/secure.gravatar.com\\\/avatar\\\/78a7f90c01fc2bfc875782a0d4922b37cde2cf184ce347b91316d23cd7f69a36?s=96&d=mm&r=g\",\"url\":\"https:\\\/\\\/secure.gravatar.com\\\/avatar\\\/78a7f90c01fc2bfc875782a0d4922b37cde2cf184ce347b91316d23cd7f69a36?s=96&d=mm&r=g\",\"contentUrl\":\"https:\\\/\\\/secure.gravatar.com\\\/avatar\\\/78a7f90c01fc2bfc875782a0d4922b37cde2cf184ce347b91316d23cd7f69a36?s=96&d=mm&r=g\",\"caption\":\"galledia\"},\"sameAs\":[\"https:\\\/\\\/x.com\\\/admin\"],\"url\":\"https:\\\/\\\/www.organisator.ch\\\/fr\\\/author\\\/galledia\\\/\"}]}<\/script>\n<!-- \/ Yoast SEO plugin. -->","yoast_head_json":{"title":"Rembrand cr\u00e9e un branding gastronomique pour les Auberges de Jeunesse Suisses - Organisateur","description":"L'agence Rembrand de Suisse orientale a d\u00e9velopp\u00e9 une marque ombrelle pour la nouvelle offre gastronomique des Auberges de Jeunesse Suisses, qui s'adresse aussi bien \u00e0 un public national qu'international.","robots":{"index":"index","follow":"follow","max-snippet":"max-snippet:-1","max-image-preview":"max-image-preview:large","max-video-preview":"max-video-preview:-1"},"canonical":"https:\/\/www.werbewoche.ch\/de\/marketing\/marken\/2022-03-29\/rembrand-kreiert-gastro-branding-fuer-schweizer-jugendherbergen\/","og_locale":"fr_FR","og_type":"article","og_title":"Rembrand kreiert Gastro-Branding f\u00fcr Schweizer Jugendherbergen - Organisator","og_description":"Die Ostschweizer Agentur Rembrand hat f\u00fcr das neue Gastronomie-Angebot der Schweizer Jugendherbergen eine Dachmarke entwickelt, die sich sowohl an ein nationales wie auch ein internationales Publikum richtet.","og_url":"https:\/\/www.werbewoche.ch\/de\/marketing\/marken\/2022-03-29\/rembrand-kreiert-gastro-branding-fuer-schweizer-jugendherbergen\/","og_site_name":"Organisator","article_publisher":"https:\/\/www.facebook.com\/OrganisatorFachmagazin","article_published_time":"2022-03-29T14:25:06+00:00","article_modified_time":"2022-08-03T07:59:15+00:00","og_image":[{"url":"https:\/\/www.werbewoche.ch\/wp-content\/uploads\/2022\/03\/YOUMMI_Kampagnendesign_1-1024x684.jpg","type":"","width":"","height":""}],"author":"galledia","twitter_card":"summary_large_image","twitter_creator":"@admin","schema":{"@context":"https:\/\/schema.org","@graph":[{"@type":"Article","@id":"https:\/\/www.werbewoche.ch\/de\/marketing\/marken\/2022-03-29\/rembrand-kreiert-gastro-branding-fuer-schweizer-jugendherbergen\/#article","isPartOf":{"@id":"https:\/\/www.organisator.ch\/marketing\/2022-03-29\/rembrand-kreiert-gastro-branding-fuer-schweizer-jugendherbergen\/"},"author":{"name":"galledia","@id":"https:\/\/www.organisator.ch\/#\/schema\/person\/4e51799071cd2dd1232ac003643ef5f0"},"headline":"Rembrand kreiert Gastro-Branding f\u00fcr Schweizer Jugendherbergen","datePublished":"2022-03-29T14:25:06+00:00","dateModified":"2022-08-03T07:59:15+00:00","mainEntityOfPage":{"@id":"https:\/\/www.organisator.ch\/marketing\/2022-03-29\/rembrand-kreiert-gastro-branding-fuer-schweizer-jugendherbergen\/"},"wordCount":209,"publisher":{"@id":"https:\/\/www.organisator.ch\/#organization"},"image":{"@id":"https:\/\/www.werbewoche.ch\/de\/marketing\/marken\/2022-03-29\/rembrand-kreiert-gastro-branding-fuer-schweizer-jugendherbergen\/#primaryimage"},"thumbnailUrl":"https:\/\/www.werbewoche.ch\/wp-content\/uploads\/2022\/03\/YOUMMI_Kampagnendesign_1-1024x684.jpg","keywords":["Jugendherbergen","Rembrand"],"articleSection":["MARKETING"],"inLanguage":"fr-FR"},{"@type":"WebPage","@id":"https:\/\/www.organisator.ch\/marketing\/2022-03-29\/rembrand-kreiert-gastro-branding-fuer-schweizer-jugendherbergen\/","url":"https:\/\/www.werbewoche.ch\/de\/marketing\/marken\/2022-03-29\/rembrand-kreiert-gastro-branding-fuer-schweizer-jugendherbergen\/","name":"Rembrand cr\u00e9e un branding gastronomique pour les Auberges de Jeunesse Suisses - Organisateur","isPartOf":{"@id":"https:\/\/www.organisator.ch\/#website"},"primaryImageOfPage":{"@id":"https:\/\/www.werbewoche.ch\/de\/marketing\/marken\/2022-03-29\/rembrand-kreiert-gastro-branding-fuer-schweizer-jugendherbergen\/#primaryimage"},"image":{"@id":"https:\/\/www.werbewoche.ch\/de\/marketing\/marken\/2022-03-29\/rembrand-kreiert-gastro-branding-fuer-schweizer-jugendherbergen\/#primaryimage"},"thumbnailUrl":"https:\/\/www.werbewoche.ch\/wp-content\/uploads\/2022\/03\/YOUMMI_Kampagnendesign_1-1024x684.jpg","datePublished":"2022-03-29T14:25:06+00:00","dateModified":"2022-08-03T07:59:15+00:00","description":"L'agence Rembrand de Suisse orientale a d\u00e9velopp\u00e9 une marque ombrelle pour la nouvelle offre gastronomique des Auberges de Jeunesse Suisses, qui s'adresse aussi bien \u00e0 un public national qu'international.","breadcrumb":{"@id":"https:\/\/www.werbewoche.ch\/de\/marketing\/marken\/2022-03-29\/rembrand-kreiert-gastro-branding-fuer-schweizer-jugendherbergen\/#breadcrumb"},"inLanguage":"fr-FR","potentialAction":[{"@type":"ReadAction","target":["https:\/\/www.werbewoche.ch\/de\/marketing\/marken\/2022-03-29\/rembrand-kreiert-gastro-branding-fuer-schweizer-jugendherbergen\/"]}]},{"@type":"ImageObject","inLanguage":"fr-FR","@id":"https:\/\/www.werbewoche.ch\/de\/marketing\/marken\/2022-03-29\/rembrand-kreiert-gastro-branding-fuer-schweizer-jugendherbergen\/#primaryimage","url":"https:\/\/www.werbewoche.ch\/wp-content\/uploads\/2022\/03\/YOUMMI_Kampagnendesign_1-1024x684.jpg","contentUrl":"https:\/\/www.werbewoche.ch\/wp-content\/uploads\/2022\/03\/YOUMMI_Kampagnendesign_1-1024x684.jpg"},{"@type":"BreadcrumbList","@id":"https:\/\/www.werbewoche.ch\/de\/marketing\/marken\/2022-03-29\/rembrand-kreiert-gastro-branding-fuer-schweizer-jugendherbergen\/#breadcrumb","itemListElement":[{"@type":"ListItem","position":1,"name":"Home","item":"https:\/\/www.organisator.ch\/"},{"@type":"ListItem","position":2,"name":"Rembrand kreiert Gastro-Branding f\u00fcr Schweizer Jugendherbergen"}]},{"@type":"WebSite","@id":"https:\/\/www.organisator.ch\/#website","url":"https:\/\/www.organisator.ch\/","name":"Organisateur","description":"Comp\u00e9tence et comp\u00e9tence. Proches de la pratique. L'ORGANISATEUR pr\u00e9pare 10 num\u00e9ros par an sur les th\u00e8mes essentiels pour les dirigeants de PME.","publisher":{"@id":"https:\/\/www.organisator.ch\/#organization"},"potentialAction":[{"@type":"SearchAction","target":{"@type":"EntryPoint","urlTemplate":"https:\/\/www.organisator.ch\/?s={search_term_string}"},"query-input":{"@type":"PropertyValueSpecification","valueRequired":true,"valueName":"search_term_string"}}],"inLanguage":"fr-FR"},{"@type":"Organization","@id":"https:\/\/www.organisator.ch\/#organization","name":"Organisateur","url":"https:\/\/www.organisator.ch\/","logo":{"@type":"ImageObject","inLanguage":"fr-FR","@id":"https:\/\/www.organisator.ch\/#\/schema\/logo\/image\/","url":"https:\/\/www.organisator.ch\/wp-content\/uploads\/2022\/01\/Logo_Organisator_Website.png","contentUrl":"https:\/\/www.organisator.ch\/wp-content\/uploads\/2022\/01\/Logo_Organisator_Website.png","width":800,"height":77,"caption":"Organisator"},"image":{"@id":"https:\/\/www.organisator.ch\/#\/schema\/logo\/image\/"},"sameAs":["https:\/\/www.facebook.com\/OrganisatorFachmagazin","https:\/\/www.linkedin.com\/showcase\/organisator-das-magazin-fr-kmu","https:\/\/www.xing.com\/news\/pages\/organisator-ch-695","https:\/\/www.youtube.com\/channel\/UCGP2Sq0iWaZwT3BdIAQFYpw"]},{"@type":"Person","@id":"https:\/\/www.organisator.ch\/#\/schema\/person\/4e51799071cd2dd1232ac003643ef5f0","name":"galledia","image":{"@type":"ImageObject","inLanguage":"fr-FR","@id":"https:\/\/secure.gravatar.com\/avatar\/78a7f90c01fc2bfc875782a0d4922b37cde2cf184ce347b91316d23cd7f69a36?s=96&d=mm&r=g","url":"https:\/\/secure.gravatar.com\/avatar\/78a7f90c01fc2bfc875782a0d4922b37cde2cf184ce347b91316d23cd7f69a36?s=96&d=mm&r=g","contentUrl":"https:\/\/secure.gravatar.com\/avatar\/78a7f90c01fc2bfc875782a0d4922b37cde2cf184ce347b91316d23cd7f69a36?s=96&d=mm&r=g","caption":"galledia"},"sameAs":["https:\/\/x.com\/admin"],"url":"https:\/\/www.organisator.ch\/fr\/author\/galledia\/"}]}},"_links":{"self":[{"href":"https:\/\/www.organisator.ch\/fr\/wp-json\/wp\/v2\/posts\/12278","targetHints":{"allow":["GET"]}}],"collection":[{"href":"https:\/\/www.organisator.ch\/fr\/wp-json\/wp\/v2\/posts"}],"about":[{"href":"https:\/\/www.organisator.ch\/fr\/wp-json\/wp\/v2\/types\/post"}],"author":[{"embeddable":true,"href":"https:\/\/www.organisator.ch\/fr\/wp-json\/wp\/v2\/users\/8"}],"replies":[{"embeddable":true,"href":"https:\/\/www.organisator.ch\/fr\/wp-json\/wp\/v2\/comments?post=12278"}],"version-history":[{"count":4,"href":"https:\/\/www.organisator.ch\/fr\/wp-json\/wp\/v2\/posts\/12278\/revisions"}],"predecessor-version":[{"id":16294,"href":"https:\/\/www.organisator.ch\/fr\/wp-json\/wp\/v2\/posts\/12278\/revisions\/16294"}],"wp:attachment":[{"href":"https:\/\/www.organisator.ch\/fr\/wp-json\/wp\/v2\/media?parent=12278"}],"wp:term":[{"taxonomy":"category","embeddable":true,"href":"https:\/\/www.organisator.ch\/fr\/wp-json\/wp\/v2\/categories?post=12278"},{"taxonomy":"post_tag","embeddable":true,"href":"https:\/\/www.organisator.ch\/fr\/wp-json\/wp\/v2\/tags?post=12278"}],"curies":[{"name":"wp","href":"https:\/\/api.w.org\/{rel}","templated":true}]}}