{"id":12280,"date":"2022-03-30T10:03:21","date_gmt":"2022-03-30T08:03:21","guid":{"rendered":"https:\/\/www.werbewoche.ch\/?p=168287"},"modified":"2022-07-30T14:49:04","modified_gmt":"2022-07-30T12:49:04","slug":"dachcom-energiegeladener-auftritt-fuer-neovac","status":"publish","type":"post","link":"https:\/\/www.organisator.ch\/fr\/marketing\/2022-03-30\/dachcom-energiegeladener-auftritt-fuer-neovac\/","title":{"rendered":"Dachcom : une pr\u00e9sentation pleine d'\u00e9nergie pour NeoVac"},"content":{"rendered":"<img class=\"aligncenter wp-image-168297 size-full\" src=\"https:\/\/www.werbewoche.ch\/wp-content\/uploads\/2022\/03\/00-Dachcom_NeoVac_Artikel_Header.jpg\" alt=\"NeoVac\" width=\"1200\" height=\"675\" \/>L'entreprise NeoVac dispose de plus de 50 ans d'exp\u00e9rience dans l'utilisation et le stockage de l'\u00e9nergie et de l'eau, et les voitures jaunes de NeoVac circulent dans tout le pays en tant qu'ambassadeurs itin\u00e9rants de la marque. Le rafra\u00eechissement de la marque de Dachcom tient compte de la grande notori\u00e9t\u00e9 de la marque, mais doit n\u00e9anmoins montrer l'avenir de mani\u00e8re s\u00fbre et convaincante.\r\n\r\n<a href=\"https:\/\/www.werbewoche.ch\/wp-content\/uploads\/2022\/03\/01-Dachcom_NeoVac_Branding_1.jpg\"><img class=\"attachment-full alignnone\" src=\"https:\/\/www.werbewoche.ch\/wp-content\/uploads\/2022\/03\/01-Dachcom_NeoVac_Branding_1.jpg\" alt=\"NeoVac\" width=\"1200\" height=\"675\" \/><\/a>\r\n<a href=\"https:\/\/www.werbewoche.ch\/wp-content\/uploads\/2022\/03\/02-Dachcom_NeoVac_Branding_2.jpg\"><img class=\"attachment-full alignnone\" src=\"https:\/\/www.werbewoche.ch\/wp-content\/uploads\/2022\/03\/02-Dachcom_NeoVac_Branding_2.jpg\" alt=\"NeoVac\" width=\"1200\" height=\"675\" \/><\/a>\r\n<a href=\"https:\/\/www.werbewoche.ch\/wp-content\/uploads\/2022\/03\/03-Dachcom_NeoVac_Branding_3.jpg\"><img class=\"attachment-full alignnone\" src=\"https:\/\/www.werbewoche.ch\/wp-content\/uploads\/2022\/03\/03-Dachcom_NeoVac_Branding_3.jpg\" alt=\"NeoVac\" width=\"1200\" height=\"675\" \/><\/a>\r\n<a href=\"https:\/\/www.werbewoche.ch\/wp-content\/uploads\/2022\/03\/04-Dachcom_NeoVac_Branding_4.jpg\"><img class=\"attachment-full alignnone\" src=\"https:\/\/www.werbewoche.ch\/wp-content\/uploads\/2022\/03\/04-Dachcom_NeoVac_Branding_4.jpg\" alt=\"NeoVac\" width=\"1200\" height=\"675\" \/><\/a>\r\n\r\nL'ambition de NeoVac est de rendre l'\u00e9nergie plus intelligente gr\u00e2ce \u00e0 des prestations vari\u00e9es, des produits innovants et des solutions astucieuses. Cet argument cl\u00e9 doit jouer un r\u00f4le pr\u00e9pond\u00e9rant dans la communication. Le slogan g\u00e9n\u00e9ral de la marque \"Making energy smarter\" le r\u00e9sume de mani\u00e8re accrocheuse. La mentalit\u00e9 de faiseur et la focalisation sur les r\u00e9sultats r\u00e9els doivent se refl\u00e9ter dans des messages cl\u00e9s tels que \"rendre l'\u00e9nergie plus intelligente\", \"rendre les b\u00e2timents plus durables\" ou \"rendre la mobilit\u00e9 durable\". Ces messages se retrouvent tout au long de la pr\u00e9sentation et doivent rendre justice \u00e0 l'entreprise dans ses multiples expressions.\r\n\r\nVisuellement, la nouvelle pr\u00e9sentation doit s\u00e9duire par sa g\u00e9n\u00e9rosit\u00e9. Le logo a re\u00e7u plus d'espace. Un nouvel univers visuel a \u00e9galement \u00e9t\u00e9 cr\u00e9\u00e9. Un accent particulier a \u00e9t\u00e9 mis sur la mise en relation des prestations de NeoVac avec les personnes.\r\n\r\n<a href=\"https:\/\/www.werbewoche.ch\/wp-content\/uploads\/2022\/03\/05-Dachcom_NeoVac_Branding_5.jpg\"><img class=\"attachment-full alignnone\" src=\"https:\/\/www.werbewoche.ch\/wp-content\/uploads\/2022\/03\/05-Dachcom_NeoVac_Branding_5.jpg\" alt=\"NeoVac\" width=\"1200\" height=\"675\" \/><\/a>\r\n<a href=\"https:\/\/www.werbewoche.ch\/wp-content\/uploads\/2022\/03\/06-Dachcom_NeoVac_Branding_6.jpg\"><img class=\"attachment-full alignnone\" src=\"https:\/\/www.werbewoche.ch\/wp-content\/uploads\/2022\/03\/06-Dachcom_NeoVac_Branding_6.jpg\" alt=\"NeoVac\" width=\"1200\" height=\"675\" \/><\/a>\r\n\r\nPour rendre l'image de marque plus vivante, de courtes vid\u00e9os ont \u00e9t\u00e9 cr\u00e9\u00e9es, qui mettent en sc\u00e8ne de mani\u00e8re simple le large \u00e9ventail de prestations, qui peuvent \u00eatre utilis\u00e9es de diff\u00e9rentes mani\u00e8res et qui soutiennent notamment le storytelling. La nouvelle pr\u00e9sentation globale a \u00e9t\u00e9 r\u00e9sum\u00e9e dans un film de marque qui a \u00e9t\u00e9 pr\u00e9sent\u00e9 au sein de l'entreprise et qui ouvre un nouveau chapitre chez NeoVac.\r\n\r\n<a href=\"https:\/\/www.werbewoche.ch\/wp-content\/uploads\/2022\/03\/07-Dachcom_NeoVac_Bildwelt_1.jpg\"><img class=\"attachment-full alignnone\" src=\"https:\/\/www.werbewoche.ch\/wp-content\/uploads\/2022\/03\/07-Dachcom_NeoVac_Bildwelt_1.jpg\" alt=\"NeoVac\" width=\"1200\" height=\"675\" \/><\/a>\r\n<a href=\"https:\/\/www.werbewoche.ch\/wp-content\/uploads\/2022\/03\/08-Dachcom_NeoVac_Bildwelt_2.jpg\"><img class=\"attachment-full alignnone\" src=\"https:\/\/www.werbewoche.ch\/wp-content\/uploads\/2022\/03\/08-Dachcom_NeoVac_Bildwelt_2.jpg\" alt=\"NeoVac\" width=\"1200\" height=\"675\" \/><\/a>\r\n<a href=\"https:\/\/www.werbewoche.ch\/wp-content\/uploads\/2022\/03\/09-Dachcom_NeoVac_Bildwelt_3.jpg\"><img class=\"attachment-full alignnone\" src=\"https:\/\/www.werbewoche.ch\/wp-content\/uploads\/2022\/03\/09-Dachcom_NeoVac_Bildwelt_3.jpg\" alt=\"NeoVac\" width=\"1200\" height=\"675\" \/><\/a>\r\n<h3>Site web de diffusion d'informations<\/h3>\r\nL'\u00e9l\u00e9ment central de la pr\u00e9sentation est le site web enti\u00e8rement remani\u00e9 <a href=\"http:\/\/www.neovac.ch\/\" rel=\"noopener\">Neovac.ch<\/a>. Elle repr\u00e9sente un outil important pour la transmission d'informations, car chez NeoVac, les informations sont nombreuses.<img class=\"aligncenter wp-image-168289 size-full\" src=\"https:\/\/www.werbewoche.ch\/wp-content\/uploads\/2022\/03\/10-Dachcom_NeoVac_Website_1.jpg\" alt=\"NeoVac\" width=\"1200\" height=\"675\" \/>\r\n\r\nPour rendre la mati\u00e8re facilement accessible, une solution modulaire Pimcore assure l'exp\u00e9rience utilisateur souhait\u00e9e. Les informations de l'ensemble de l'univers NeoVac sont r\u00e9unies sur la plateforme et sont pr\u00e9sent\u00e9es \u00e0 l'utilisateur de mani\u00e8re simple, moderne et adapt\u00e9e au groupe cible.\r\n\r\n<a href=\"https:\/\/www.werbewoche.ch\/wp-content\/uploads\/2022\/03\/11-Dachcom_NeoVac_Website_2.jpg\"><img class=\"attachment-full alignnone\" src=\"https:\/\/www.werbewoche.ch\/wp-content\/uploads\/2022\/03\/11-Dachcom_NeoVac_Website_2.jpg\" alt=\"NeoVac\" width=\"1200\" height=\"675\" \/><\/a>\r\n<a href=\"https:\/\/www.werbewoche.ch\/wp-content\/uploads\/2022\/03\/12-Dachcom_NeoVac_Website_3.jpg\"><img class=\"attachment-full alignnone\" src=\"https:\/\/www.werbewoche.ch\/wp-content\/uploads\/2022\/03\/12-Dachcom_NeoVac_Website_3.jpg\" alt=\"NeoVac\" width=\"1200\" height=\"675\" \/><\/a>\r\n<a href=\"https:\/\/www.werbewoche.ch\/wp-content\/uploads\/2022\/03\/13-Dachcom_NeoVac_Website_4.jpg\"><img class=\"attachment-full alignnone\" src=\"https:\/\/www.werbewoche.ch\/wp-content\/uploads\/2022\/03\/13-Dachcom_NeoVac_Website_4.jpg\" alt=\"NeoVac\" width=\"1200\" height=\"675\" \/><\/a>\r\n<a href=\"https:\/\/www.werbewoche.ch\/wp-content\/uploads\/2022\/03\/14-Dachcom_NeoVac_Website_5.jpg\"><img class=\"attachment-full alignnone\" src=\"https:\/\/www.werbewoche.ch\/wp-content\/uploads\/2022\/03\/14-Dachcom_NeoVac_Website_5.jpg\" alt=\"NeoVac\" width=\"1200\" height=\"675\" \/><\/a>\r\n\r\nLa newsroom en est un exemple, dans laquelle de nombreuses informations sur l'entreprise sont disponibles facilement et rapidement gr\u00e2ce \u00e0 une navigation par sticky. Des \u00e9l\u00e9ments d'images anim\u00e9es rendent le site encore plus vivant et permettent de mieux saisir la diversit\u00e9 des prestations.\r\n\r\nD'autres mesures telles que des brochures, des mailings, des pr\u00e9sentations sur des salons et des mesures en ligne seront mises en \u0153uvre en continu par l'agence et NeoVac afin de rendre la nouvelle pr\u00e9sentation plus tangible de bout en bout.\r\n\r\n<a href=\"https:\/\/www.werbewoche.ch\/wp-content\/uploads\/2022\/03\/15-Dachcom_NeoVac_Kommunikation_1.jpg\"><img class=\"attachment-full alignnone\" src=\"https:\/\/www.werbewoche.ch\/wp-content\/uploads\/2022\/03\/15-Dachcom_NeoVac_Kommunikation_1.jpg\" alt=\"NeoVac\" width=\"1200\" height=\"675\" \/><\/a>\r\n<a href=\"https:\/\/www.werbewoche.ch\/wp-content\/uploads\/2022\/03\/16-Dachcom_NeoVac_Kommunikation_2.jpg\"><img class=\"attachment-full alignnone\" src=\"https:\/\/www.werbewoche.ch\/wp-content\/uploads\/2022\/03\/16-Dachcom_NeoVac_Kommunikation_2.jpg\" alt=\"NeoVac\" width=\"1200\" height=\"675\" \/><\/a>\r\n<a href=\"https:\/\/www.werbewoche.ch\/wp-content\/uploads\/2022\/03\/17-Dachcom_NeoVac_Kommunikation_3.jpg\"><img class=\"attachment-full alignnone\" src=\"https:\/\/www.werbewoche.ch\/wp-content\/uploads\/2022\/03\/17-Dachcom_NeoVac_Kommunikation_3.jpg\" alt=\"NeoVac\" width=\"1200\" height=\"675\" \/><\/a>\r\n\r\n<hr \/>\r\n\r\n<strong>Responsable chez NeoVac :<\/strong> Michael Eugster (responsable marketing), Lena Pfister (responsable marketing), Sven B\u00fcchel (responsable marketing num\u00e9rique), Miriam Fritsche (assistante marketing), Ann-Christin Mudra (responsable contenu). <strong>Responsable<\/strong> <strong>Agence :<\/strong> Com de toit.","protected":false},"excerpt":{"rendered":"<p>Das Unternehmen NeoVac verf\u00fcgt \u00fcber mehr als 50 Jahre Erfahrung in der Nutzung und Lagerung von Energie und Wasser, die gelben NeoVac-Autos sind als fahrende Markenbotschafter im ganzen Land unterwegs. Der Marken-Refresh von Dachcom ber\u00fccksichtigt die hohe Marken-Bekanntheit, soll aber dennoch selbstbewusst und \u00fcberzeugend in die Zukunft weisen. Der Anspruch von NeoVac ist, mit vielf\u00e4ltigen [\u2026]<\/p>\n","protected":false},"author":8,"featured_media":0,"comment_status":"closed","ping_status":"closed","sticky":false,"template":"","format":"standard","meta":{"_acf_changed":false,"_yoast_wpseo_focuskw":"NeoVac","_yoast_wpseo_metadesc":"NeoVac ist der Komplettanbieter von L\u00f6sungen zur intelligenten Nutzung von Energie. Dachcom hat f\u00fcr das Unternehmen einen neuen Markenauftritt entwickelt.","articlekey":"","footnotes":""},"categories":[29],"tags":[2646,3185],"class_list":["post-12280","post","type-post","status-publish","format-standard","hentry","category-marketing","tag-dachcom","tag-neovac"],"acf":[],"yoast_head":"<!-- This site is optimized with the Yoast SEO plugin v27.5 - https:\/\/yoast.com\/product\/yoast-seo-wordpress\/ -->\n<title>Dachcom: Energiegeladener Auftritt f\u00fcr NeoVac - Organisator<\/title>\n<meta name=\"description\" content=\"NeoVac ist der Komplettanbieter von L\u00f6sungen zur intelligenten Nutzung von Energie. Dachcom hat f\u00fcr das Unternehmen einen neuen Markenauftritt entwickelt.\" \/>\n<meta name=\"robots\" content=\"index, follow, max-snippet:-1, max-image-preview:large, max-video-preview:-1\" \/>\n<link rel=\"canonical\" href=\"https:\/\/www.werbewoche.ch\/de\/marketing\/marken\/2022-03-30\/dachcom-energiegeladener-auftritt-fuer-neovac\/\" \/>\n<meta property=\"og:locale\" content=\"fr_FR\" \/>\n<meta property=\"og:type\" content=\"article\" \/>\n<meta property=\"og:title\" content=\"Dachcom: Energiegeladener Auftritt f\u00fcr NeoVac - Organisator\" \/>\n<meta property=\"og:description\" content=\"NeoVac ist der Komplettanbieter von L\u00f6sungen zur intelligenten Nutzung von Energie. Dachcom hat f\u00fcr das Unternehmen einen neuen Markenauftritt entwickelt.\" \/>\n<meta property=\"og:url\" content=\"https:\/\/www.werbewoche.ch\/de\/marketing\/marken\/2022-03-30\/dachcom-energiegeladener-auftritt-fuer-neovac\/\" \/>\n<meta property=\"og:site_name\" content=\"Organisator\" \/>\n<meta property=\"article:publisher\" content=\"https:\/\/www.facebook.com\/OrganisatorFachmagazin\" \/>\n<meta property=\"article:published_time\" content=\"2022-03-30T08:03:21+00:00\" \/>\n<meta property=\"article:modified_time\" content=\"2022-07-30T12:49:04+00:00\" \/>\n<meta property=\"og:image\" content=\"https:\/\/www.werbewoche.ch\/wp-content\/uploads\/2022\/03\/00-Dachcom_NeoVac_Artikel_Header.jpg\" \/>\n<meta name=\"author\" content=\"galledia\" \/>\n<meta name=\"twitter:card\" content=\"summary_large_image\" \/>\n<meta name=\"twitter:creator\" content=\"@admin\" \/>\n<script type=\"application\/ld+json\" class=\"yoast-schema-graph\">{\"@context\":\"https:\\\/\\\/schema.org\",\"@graph\":[{\"@type\":\"Article\",\"@id\":\"https:\\\/\\\/www.werbewoche.ch\\\/de\\\/marketing\\\/marken\\\/2022-03-30\\\/dachcom-energiegeladener-auftritt-fuer-neovac\\\/#article\",\"isPartOf\":{\"@id\":\"https:\\\/\\\/www.organisator.ch\\\/marketing\\\/2022-03-30\\\/dachcom-energiegeladener-auftritt-fuer-neovac\\\/\"},\"author\":{\"name\":\"galledia\",\"@id\":\"https:\\\/\\\/www.organisator.ch\\\/#\\\/schema\\\/person\\\/4e51799071cd2dd1232ac003643ef5f0\"},\"headline\":\"Dachcom: Energiegeladener Auftritt f\u00fcr NeoVac\",\"datePublished\":\"2022-03-30T08:03:21+00:00\",\"dateModified\":\"2022-07-30T12:49:04+00:00\",\"mainEntityOfPage\":{\"@id\":\"https:\\\/\\\/www.organisator.ch\\\/marketing\\\/2022-03-30\\\/dachcom-energiegeladener-auftritt-fuer-neovac\\\/\"},\"wordCount\":398,\"publisher\":{\"@id\":\"https:\\\/\\\/www.organisator.ch\\\/#organization\"},\"image\":{\"@id\":\"https:\\\/\\\/www.werbewoche.ch\\\/de\\\/marketing\\\/marken\\\/2022-03-30\\\/dachcom-energiegeladener-auftritt-fuer-neovac\\\/#primaryimage\"},\"thumbnailUrl\":\"https:\\\/\\\/www.werbewoche.ch\\\/wp-content\\\/uploads\\\/2022\\\/03\\\/00-Dachcom_NeoVac_Artikel_Header.jpg\",\"keywords\":[\"Dachcom\",\"NeoVac\"],\"articleSection\":[\"MARKETING\"],\"inLanguage\":\"fr-FR\"},{\"@type\":\"WebPage\",\"@id\":\"https:\\\/\\\/www.organisator.ch\\\/marketing\\\/2022-03-30\\\/dachcom-energiegeladener-auftritt-fuer-neovac\\\/\",\"url\":\"https:\\\/\\\/www.werbewoche.ch\\\/de\\\/marketing\\\/marken\\\/2022-03-30\\\/dachcom-energiegeladener-auftritt-fuer-neovac\\\/\",\"name\":\"Dachcom: Energiegeladener Auftritt f\u00fcr NeoVac - Organisator\",\"isPartOf\":{\"@id\":\"https:\\\/\\\/www.organisator.ch\\\/#website\"},\"primaryImageOfPage\":{\"@id\":\"https:\\\/\\\/www.werbewoche.ch\\\/de\\\/marketing\\\/marken\\\/2022-03-30\\\/dachcom-energiegeladener-auftritt-fuer-neovac\\\/#primaryimage\"},\"image\":{\"@id\":\"https:\\\/\\\/www.werbewoche.ch\\\/de\\\/marketing\\\/marken\\\/2022-03-30\\\/dachcom-energiegeladener-auftritt-fuer-neovac\\\/#primaryimage\"},\"thumbnailUrl\":\"https:\\\/\\\/www.werbewoche.ch\\\/wp-content\\\/uploads\\\/2022\\\/03\\\/00-Dachcom_NeoVac_Artikel_Header.jpg\",\"datePublished\":\"2022-03-30T08:03:21+00:00\",\"dateModified\":\"2022-07-30T12:49:04+00:00\",\"description\":\"NeoVac ist der Komplettanbieter von L\u00f6sungen zur intelligenten Nutzung von Energie. Dachcom hat f\u00fcr das Unternehmen einen neuen Markenauftritt entwickelt.\",\"breadcrumb\":{\"@id\":\"https:\\\/\\\/www.werbewoche.ch\\\/de\\\/marketing\\\/marken\\\/2022-03-30\\\/dachcom-energiegeladener-auftritt-fuer-neovac\\\/#breadcrumb\"},\"inLanguage\":\"fr-FR\",\"potentialAction\":[{\"@type\":\"ReadAction\",\"target\":[\"https:\\\/\\\/www.werbewoche.ch\\\/de\\\/marketing\\\/marken\\\/2022-03-30\\\/dachcom-energiegeladener-auftritt-fuer-neovac\\\/\"]}]},{\"@type\":\"ImageObject\",\"inLanguage\":\"fr-FR\",\"@id\":\"https:\\\/\\\/www.werbewoche.ch\\\/de\\\/marketing\\\/marken\\\/2022-03-30\\\/dachcom-energiegeladener-auftritt-fuer-neovac\\\/#primaryimage\",\"url\":\"https:\\\/\\\/www.werbewoche.ch\\\/wp-content\\\/uploads\\\/2022\\\/03\\\/00-Dachcom_NeoVac_Artikel_Header.jpg\",\"contentUrl\":\"https:\\\/\\\/www.werbewoche.ch\\\/wp-content\\\/uploads\\\/2022\\\/03\\\/00-Dachcom_NeoVac_Artikel_Header.jpg\"},{\"@type\":\"BreadcrumbList\",\"@id\":\"https:\\\/\\\/www.werbewoche.ch\\\/de\\\/marketing\\\/marken\\\/2022-03-30\\\/dachcom-energiegeladener-auftritt-fuer-neovac\\\/#breadcrumb\",\"itemListElement\":[{\"@type\":\"ListItem\",\"position\":1,\"name\":\"Home\",\"item\":\"https:\\\/\\\/www.organisator.ch\\\/\"},{\"@type\":\"ListItem\",\"position\":2,\"name\":\"Dachcom: Energiegeladener Auftritt f\u00fcr NeoVac\"}]},{\"@type\":\"WebSite\",\"@id\":\"https:\\\/\\\/www.organisator.ch\\\/#website\",\"url\":\"https:\\\/\\\/www.organisator.ch\\\/\",\"name\":\"Organisator\",\"description\":\"Kompetent. Praxisnah. Der ORGANISATOR bereitet in 10 Ausgaben pro Jahr die wesentlichen Themen f\u00fcr F\u00fchrungskr\u00e4fte von KMU auf.\",\"publisher\":{\"@id\":\"https:\\\/\\\/www.organisator.ch\\\/#organization\"},\"potentialAction\":[{\"@type\":\"SearchAction\",\"target\":{\"@type\":\"EntryPoint\",\"urlTemplate\":\"https:\\\/\\\/www.organisator.ch\\\/?s={search_term_string}\"},\"query-input\":{\"@type\":\"PropertyValueSpecification\",\"valueRequired\":true,\"valueName\":\"search_term_string\"}}],\"inLanguage\":\"fr-FR\"},{\"@type\":\"Organization\",\"@id\":\"https:\\\/\\\/www.organisator.ch\\\/#organization\",\"name\":\"Organisator\",\"url\":\"https:\\\/\\\/www.organisator.ch\\\/\",\"logo\":{\"@type\":\"ImageObject\",\"inLanguage\":\"fr-FR\",\"@id\":\"https:\\\/\\\/www.organisator.ch\\\/#\\\/schema\\\/logo\\\/image\\\/\",\"url\":\"https:\\\/\\\/www.organisator.ch\\\/wp-content\\\/uploads\\\/2022\\\/01\\\/Logo_Organisator_Website.png\",\"contentUrl\":\"https:\\\/\\\/www.organisator.ch\\\/wp-content\\\/uploads\\\/2022\\\/01\\\/Logo_Organisator_Website.png\",\"width\":800,\"height\":77,\"caption\":\"Organisator\"},\"image\":{\"@id\":\"https:\\\/\\\/www.organisator.ch\\\/#\\\/schema\\\/logo\\\/image\\\/\"},\"sameAs\":[\"https:\\\/\\\/www.facebook.com\\\/OrganisatorFachmagazin\",\"https:\\\/\\\/www.linkedin.com\\\/showcase\\\/organisator-das-magazin-fr-kmu\",\"https:\\\/\\\/www.xing.com\\\/news\\\/pages\\\/organisator-ch-695\",\"https:\\\/\\\/www.youtube.com\\\/channel\\\/UCGP2Sq0iWaZwT3BdIAQFYpw\"]},{\"@type\":\"Person\",\"@id\":\"https:\\\/\\\/www.organisator.ch\\\/#\\\/schema\\\/person\\\/4e51799071cd2dd1232ac003643ef5f0\",\"name\":\"galledia\",\"image\":{\"@type\":\"ImageObject\",\"inLanguage\":\"fr-FR\",\"@id\":\"https:\\\/\\\/secure.gravatar.com\\\/avatar\\\/78a7f90c01fc2bfc875782a0d4922b37cde2cf184ce347b91316d23cd7f69a36?s=96&d=mm&r=g\",\"url\":\"https:\\\/\\\/secure.gravatar.com\\\/avatar\\\/78a7f90c01fc2bfc875782a0d4922b37cde2cf184ce347b91316d23cd7f69a36?s=96&d=mm&r=g\",\"contentUrl\":\"https:\\\/\\\/secure.gravatar.com\\\/avatar\\\/78a7f90c01fc2bfc875782a0d4922b37cde2cf184ce347b91316d23cd7f69a36?s=96&d=mm&r=g\",\"caption\":\"galledia\"},\"sameAs\":[\"https:\\\/\\\/x.com\\\/admin\"],\"url\":\"https:\\\/\\\/www.organisator.ch\\\/fr\\\/author\\\/galledia\\\/\"}]}<\/script>\n<!-- \/ Yoast SEO plugin. -->","yoast_head_json":{"title":"Dachcom : une entr\u00e9e en sc\u00e8ne pleine d'\u00e9nergie pour NeoVac - Organisateur","description":"NeoVac est le fournisseur complet de solutions pour une utilisation intelligente de l'\u00e9nergie. Dachcom a d\u00e9velopp\u00e9 une nouvelle image de marque pour l'entreprise.","robots":{"index":"index","follow":"follow","max-snippet":"max-snippet:-1","max-image-preview":"max-image-preview:large","max-video-preview":"max-video-preview:-1"},"canonical":"https:\/\/www.werbewoche.ch\/de\/marketing\/marken\/2022-03-30\/dachcom-energiegeladener-auftritt-fuer-neovac\/","og_locale":"fr_FR","og_type":"article","og_title":"Dachcom: Energiegeladener Auftritt f\u00fcr NeoVac - Organisator","og_description":"NeoVac ist der Komplettanbieter von L\u00f6sungen zur intelligenten Nutzung von Energie. Dachcom hat f\u00fcr das Unternehmen einen neuen Markenauftritt entwickelt.","og_url":"https:\/\/www.werbewoche.ch\/de\/marketing\/marken\/2022-03-30\/dachcom-energiegeladener-auftritt-fuer-neovac\/","og_site_name":"Organisator","article_publisher":"https:\/\/www.facebook.com\/OrganisatorFachmagazin","article_published_time":"2022-03-30T08:03:21+00:00","article_modified_time":"2022-07-30T12:49:04+00:00","og_image":[{"url":"https:\/\/www.werbewoche.ch\/wp-content\/uploads\/2022\/03\/00-Dachcom_NeoVac_Artikel_Header.jpg","type":"","width":"","height":""}],"author":"galledia","twitter_card":"summary_large_image","twitter_creator":"@admin","schema":{"@context":"https:\/\/schema.org","@graph":[{"@type":"Article","@id":"https:\/\/www.werbewoche.ch\/de\/marketing\/marken\/2022-03-30\/dachcom-energiegeladener-auftritt-fuer-neovac\/#article","isPartOf":{"@id":"https:\/\/www.organisator.ch\/marketing\/2022-03-30\/dachcom-energiegeladener-auftritt-fuer-neovac\/"},"author":{"name":"galledia","@id":"https:\/\/www.organisator.ch\/#\/schema\/person\/4e51799071cd2dd1232ac003643ef5f0"},"headline":"Dachcom: Energiegeladener Auftritt f\u00fcr NeoVac","datePublished":"2022-03-30T08:03:21+00:00","dateModified":"2022-07-30T12:49:04+00:00","mainEntityOfPage":{"@id":"https:\/\/www.organisator.ch\/marketing\/2022-03-30\/dachcom-energiegeladener-auftritt-fuer-neovac\/"},"wordCount":398,"publisher":{"@id":"https:\/\/www.organisator.ch\/#organization"},"image":{"@id":"https:\/\/www.werbewoche.ch\/de\/marketing\/marken\/2022-03-30\/dachcom-energiegeladener-auftritt-fuer-neovac\/#primaryimage"},"thumbnailUrl":"https:\/\/www.werbewoche.ch\/wp-content\/uploads\/2022\/03\/00-Dachcom_NeoVac_Artikel_Header.jpg","keywords":["Dachcom","NeoVac"],"articleSection":["MARKETING"],"inLanguage":"fr-FR"},{"@type":"WebPage","@id":"https:\/\/www.organisator.ch\/marketing\/2022-03-30\/dachcom-energiegeladener-auftritt-fuer-neovac\/","url":"https:\/\/www.werbewoche.ch\/de\/marketing\/marken\/2022-03-30\/dachcom-energiegeladener-auftritt-fuer-neovac\/","name":"Dachcom : une entr\u00e9e en sc\u00e8ne pleine d'\u00e9nergie pour NeoVac - Organisateur","isPartOf":{"@id":"https:\/\/www.organisator.ch\/#website"},"primaryImageOfPage":{"@id":"https:\/\/www.werbewoche.ch\/de\/marketing\/marken\/2022-03-30\/dachcom-energiegeladener-auftritt-fuer-neovac\/#primaryimage"},"image":{"@id":"https:\/\/www.werbewoche.ch\/de\/marketing\/marken\/2022-03-30\/dachcom-energiegeladener-auftritt-fuer-neovac\/#primaryimage"},"thumbnailUrl":"https:\/\/www.werbewoche.ch\/wp-content\/uploads\/2022\/03\/00-Dachcom_NeoVac_Artikel_Header.jpg","datePublished":"2022-03-30T08:03:21+00:00","dateModified":"2022-07-30T12:49:04+00:00","description":"NeoVac est le fournisseur complet de solutions pour une utilisation intelligente de l'\u00e9nergie. Dachcom a d\u00e9velopp\u00e9 une nouvelle image de marque pour l'entreprise.","breadcrumb":{"@id":"https:\/\/www.werbewoche.ch\/de\/marketing\/marken\/2022-03-30\/dachcom-energiegeladener-auftritt-fuer-neovac\/#breadcrumb"},"inLanguage":"fr-FR","potentialAction":[{"@type":"ReadAction","target":["https:\/\/www.werbewoche.ch\/de\/marketing\/marken\/2022-03-30\/dachcom-energiegeladener-auftritt-fuer-neovac\/"]}]},{"@type":"ImageObject","inLanguage":"fr-FR","@id":"https:\/\/www.werbewoche.ch\/de\/marketing\/marken\/2022-03-30\/dachcom-energiegeladener-auftritt-fuer-neovac\/#primaryimage","url":"https:\/\/www.werbewoche.ch\/wp-content\/uploads\/2022\/03\/00-Dachcom_NeoVac_Artikel_Header.jpg","contentUrl":"https:\/\/www.werbewoche.ch\/wp-content\/uploads\/2022\/03\/00-Dachcom_NeoVac_Artikel_Header.jpg"},{"@type":"BreadcrumbList","@id":"https:\/\/www.werbewoche.ch\/de\/marketing\/marken\/2022-03-30\/dachcom-energiegeladener-auftritt-fuer-neovac\/#breadcrumb","itemListElement":[{"@type":"ListItem","position":1,"name":"Home","item":"https:\/\/www.organisator.ch\/"},{"@type":"ListItem","position":2,"name":"Dachcom: Energiegeladener Auftritt f\u00fcr NeoVac"}]},{"@type":"WebSite","@id":"https:\/\/www.organisator.ch\/#website","url":"https:\/\/www.organisator.ch\/","name":"Organisateur","description":"Comp\u00e9tence et comp\u00e9tence. Proches de la pratique. L'ORGANISATEUR pr\u00e9pare 10 num\u00e9ros par an sur les th\u00e8mes essentiels pour les dirigeants de PME.","publisher":{"@id":"https:\/\/www.organisator.ch\/#organization"},"potentialAction":[{"@type":"SearchAction","target":{"@type":"EntryPoint","urlTemplate":"https:\/\/www.organisator.ch\/?s={search_term_string}"},"query-input":{"@type":"PropertyValueSpecification","valueRequired":true,"valueName":"search_term_string"}}],"inLanguage":"fr-FR"},{"@type":"Organization","@id":"https:\/\/www.organisator.ch\/#organization","name":"Organisateur","url":"https:\/\/www.organisator.ch\/","logo":{"@type":"ImageObject","inLanguage":"fr-FR","@id":"https:\/\/www.organisator.ch\/#\/schema\/logo\/image\/","url":"https:\/\/www.organisator.ch\/wp-content\/uploads\/2022\/01\/Logo_Organisator_Website.png","contentUrl":"https:\/\/www.organisator.ch\/wp-content\/uploads\/2022\/01\/Logo_Organisator_Website.png","width":800,"height":77,"caption":"Organisator"},"image":{"@id":"https:\/\/www.organisator.ch\/#\/schema\/logo\/image\/"},"sameAs":["https:\/\/www.facebook.com\/OrganisatorFachmagazin","https:\/\/www.linkedin.com\/showcase\/organisator-das-magazin-fr-kmu","https:\/\/www.xing.com\/news\/pages\/organisator-ch-695","https:\/\/www.youtube.com\/channel\/UCGP2Sq0iWaZwT3BdIAQFYpw"]},{"@type":"Person","@id":"https:\/\/www.organisator.ch\/#\/schema\/person\/4e51799071cd2dd1232ac003643ef5f0","name":"galledia","image":{"@type":"ImageObject","inLanguage":"fr-FR","@id":"https:\/\/secure.gravatar.com\/avatar\/78a7f90c01fc2bfc875782a0d4922b37cde2cf184ce347b91316d23cd7f69a36?s=96&d=mm&r=g","url":"https:\/\/secure.gravatar.com\/avatar\/78a7f90c01fc2bfc875782a0d4922b37cde2cf184ce347b91316d23cd7f69a36?s=96&d=mm&r=g","contentUrl":"https:\/\/secure.gravatar.com\/avatar\/78a7f90c01fc2bfc875782a0d4922b37cde2cf184ce347b91316d23cd7f69a36?s=96&d=mm&r=g","caption":"galledia"},"sameAs":["https:\/\/x.com\/admin"],"url":"https:\/\/www.organisator.ch\/fr\/author\/galledia\/"}]}},"_links":{"self":[{"href":"https:\/\/www.organisator.ch\/fr\/wp-json\/wp\/v2\/posts\/12280","targetHints":{"allow":["GET"]}}],"collection":[{"href":"https:\/\/www.organisator.ch\/fr\/wp-json\/wp\/v2\/posts"}],"about":[{"href":"https:\/\/www.organisator.ch\/fr\/wp-json\/wp\/v2\/types\/post"}],"author":[{"embeddable":true,"href":"https:\/\/www.organisator.ch\/fr\/wp-json\/wp\/v2\/users\/8"}],"replies":[{"embeddable":true,"href":"https:\/\/www.organisator.ch\/fr\/wp-json\/wp\/v2\/comments?post=12280"}],"version-history":[{"count":4,"href":"https:\/\/www.organisator.ch\/fr\/wp-json\/wp\/v2\/posts\/12280\/revisions"}],"predecessor-version":[{"id":16012,"href":"https:\/\/www.organisator.ch\/fr\/wp-json\/wp\/v2\/posts\/12280\/revisions\/16012"}],"wp:attachment":[{"href":"https:\/\/www.organisator.ch\/fr\/wp-json\/wp\/v2\/media?parent=12280"}],"wp:term":[{"taxonomy":"category","embeddable":true,"href":"https:\/\/www.organisator.ch\/fr\/wp-json\/wp\/v2\/categories?post=12280"},{"taxonomy":"post_tag","embeddable":true,"href":"https:\/\/www.organisator.ch\/fr\/wp-json\/wp\/v2\/tags?post=12280"}],"curies":[{"name":"wp","href":"https:\/\/api.w.org\/{rel}","templated":true}]}}