{"id":12285,"date":"2022-03-30T15:33:05","date_gmt":"2022-03-30T13:33:05","guid":{"rendered":"https:\/\/www.m-q.ch\/?p=16108"},"modified":"2022-07-30T14:50:57","modified_gmt":"2022-07-30T12:50:57","slug":"egovernment-rubicon-will-mit-neuem-schweizer-ceo-auch-in-der-privatwirtschaft-wachsen","status":"publish","type":"post","link":"https:\/\/www.organisator.ch\/fr\/operational-excellence\/2022-03-30\/egovernment-rubicon-will-mit-neuem-schweizer-ceo-auch-in-der-privatwirtschaft-wachsen\/","title":{"rendered":"eGovernment : RUBICON veut se d\u00e9velopper dans le secteur priv\u00e9 avec un nouveau CEO suisse"},"content":{"rendered":"<figure id=\"attachment_16109\" class=\"wp-caption alignnone\" style=\"width: 680px\" aria-describedby=\"caption-attachment-16109\"><img class=\"size-full wp-image-16109\" src=\"https:\/\/www.m-q.ch\/wp-content\/uploads\/2022\/03\/eGovernment-RUBICON-will-mit-neuem-Schweizer-CEO-auch-in-der-Privatwirtschaft-wachsen_MQ.jpg\" alt=\"\" width=\"680\" height=\"470\" \/><figcaption id=\"caption-attachment-16109\" class=\"wp-caption-text\">Christoph Unger, directeur de RUBICON IT Schweiz AG, veut \u00e9tendre le succ\u00e8s des solutions de cyberadministration \u00e0 l'\u00e9conomie priv\u00e9e. (Image : zVg \/ RUBICON)<\/figcaption><\/figure>\r\nL'entreprise autrichienne de logiciels RUBICON fait partie des principaux fournisseurs europ\u00e9ens de solutions informatiques pour la num\u00e9risation des processus commerciaux centraux dans les administrations publiques (eGovernment) ainsi que dans le domaine des entreprises. Avec RUBICON IT Schweiz AG, il existe depuis 2004 un si\u00e8ge dans la ville de Berne, o\u00f9 travaillent aujourd'hui neuf collaborateurs. Le d\u00e9veloppement de solutions informatiques sur mesure se fait sur le site de Vienne. En cas de besoin, RUBICON Suisse fait appel \u00e0 des sp\u00e9cialistes de la maison m\u00e8re.\r\n<h2>Les impl\u00e9mentations r\u00e9ussies de l'eGovernment stimulent la demande<\/h2>\r\n\"Apr\u00e8s nous \u00eatre distingu\u00e9s comme partenaire de num\u00e9risation de l'administration, notre exp\u00e9rience et notre savoir-faire suscitent de plus en plus d'int\u00e9r\u00eat dans le secteur priv\u00e9\", explique Christoph Unger. \u00c2g\u00e9 de 42 ans, il \u00e9tait jusqu'\u00e0 pr\u00e9sent responsable du d\u00e9veloppement du march\u00e9 et de l'\u00e9tablissement d'Acta Nova pour le syst\u00e8me GEVER sur le march\u00e9 suisse. \"Nous aidons les entreprises suisses \u00e0 d\u00e9velopper leur capacit\u00e9 d'action num\u00e9rique de A \u00e0 Z - de la demande \u00e9lectronique \u00e0 l'ex\u00e9cution et \u00e0 la livraison\", poursuit Unger.\r\n\r\nEn tant que partenaire de num\u00e9risation de l'administration et des entreprises, RUBICON couvre une large palette de besoins. Il s'agit entre autres de solutions dans le domaine de la gestion des documents et des flux de travail sur la base d'Acta Nova. S'y ajoutent la gestion des mod\u00e8les et des sorties avec Document Partner mais aussi l'exploitation de serveurs et d'applications \u00e0 haute disponibilit\u00e9, l'expertise dans les domaines des bases de donn\u00e9es et des r\u00e9seaux ainsi que les audits et la s\u00e9curit\u00e9 des logiciels via SignPath.\r\n<h2><strong>Administration f\u00e9d\u00e9rale : 26 000 personnes utilisent la solution RUBICON<\/strong><\/h2>\r\nParmi les clients de longue date de l'entreprise figurent notamment les CFF, les transports publics de Zurich (VBZ) ainsi qu'un grand nombre de cantons et de villes et plus de 900 communes suisses. Depuis ao\u00fbt 2021, plus de 26 000 employ\u00e9s de l'administration f\u00e9d\u00e9rale suisse utilisent l'application Acta Nova de RUBICON sur l'ensemble du territoire. Celle-ci fonctionne sur GEVER, la plateforme num\u00e9rique de la Conf\u00e9d\u00e9ration pour la gestion des affaires, et garantit une gestion uniforme et stable des documents et des flux de travail. Depuis, les processus sont progressivement optimis\u00e9s dans le cadre de l'exploitation courante. De plus, RUBICON continue de d\u00e9velopper la plateforme.\r\n\r\nActa Nova permet de num\u00e9riser et d'automatiser les processus commerciaux et offre des interfaces vers des formulaires en ligne, afin que les donn\u00e9es puissent \u00eatre saisies facilement et rapidement et reprises sans rupture de m\u00e9dia. En outre, le logiciel crypte automatiquement les documents confidentiels et propose un stockage centralis\u00e9 des donn\u00e9es. Parall\u00e8lement, Acta Nova acc\u00e9l\u00e8re par exemple l'octroi d'autorisations, le temps de r\u00e9action aux demandes, entend la tra\u00e7abilit\u00e9 de tous les processus et, enfin, augmente l'efficacit\u00e9 de l'administration. Comme la num\u00e9risation permet \u00e9galement de supprimer les transports et les montagnes de papier, l'utilisation d'Acta Nova entra\u00eene \u00e9galement des \u00e9conomies substantielles.\r\n\r\nDepuis, les processus sont progressivement optimis\u00e9s dans le cadre de l'exploitation courante. De plus, la plateforme est constamment d\u00e9velopp\u00e9e. Les th\u00e8mes importants sont la gestion des entr\u00e9es et des sorties ainsi que l'interaction num\u00e9rique avec d'innombrables partenaires commerciaux.\r\n\r\n<em>Source et informations : <a href=\"http:\/\/www.rubicon.eu\/\">www.rubicon.eu<\/a><\/em>\n<p class=\"syndicated-attribution\">Cet article est paru initialement sur m-q.ch - <a href=\"https:\/\/www.m-q.ch\/de\/egovernment-rubicon-will-mit-neuem-schweizer-ceo-auch-in-der-privatwirtschaft-wachsen\/\" target=\"_blank\">https:\/\/www.m-q.ch\/de\/egovernment-rubicon-will-mit-neuem-schweizer-ceo-auch-in-der-privatwirtschaft-wachsen\/<\/a><\/p>","protected":false},"excerpt":{"rendered":"<p>Das \u00f6sterreichische Software-Unternehmen RUBICON geh\u00f6rt in Europa zu den f\u00fchrenden Anbietern von IT-L\u00f6sungen f\u00fcr die Digitalisierung zentraler Gesch\u00e4ftsprozesse in \u00f6ffentlichen Verwaltungen (eGovernment) sowie im Enterprise-Bereich. Mit der RUBICON IT Schweiz AG besteht seit 2004 ein Sitz in der Stadt Bern, wo heute neun Mitarbeiter besch\u00e4ftigt sind. Die Entwicklung massgeschneiderter IT-L\u00f6sungen erfolgt am Standort in Wien. [\u2026]<\/p>\n","protected":false},"author":8,"featured_media":0,"comment_status":"closed","ping_status":"closed","sticky":false,"template":"","format":"standard","meta":{"_acf_changed":false,"_yoast_wpseo_focuskw":"RUBICON","_yoast_wpseo_metadesc":"Der Erfolg weckte die Nachfrage nach den Services von RUBICON. Der Spezialist f\u00fcr eGovernment- und Enterprise-L\u00f6sungen hat 2021 seine Anwendung Acta Nova auf dem Gesch\u00e4ftsverwaltungssystem GEVER der Bundesverwaltung implementiert.","articlekey":"","footnotes":""},"categories":[582],"tags":[2771,3187,3184,3188],"class_list":["post-12285","post","type-post","status-publish","format-standard","hentry","category-operational-excellence","tag-bundesverwaltung","tag-egovernment","tag-rubicon","tag-schweizer-ceo"],"acf":[],"yoast_head":"<!-- This site is optimized with the Yoast SEO plugin v27.5 - https:\/\/yoast.com\/product\/yoast-seo-wordpress\/ -->\n<title>eGovernment: RUBICON will mit neuem Schweizer CEO auch in der Privatwirtschaft wachsen - Organisator<\/title>\n<meta name=\"description\" content=\"Der Erfolg weckte die Nachfrage nach den Services von RUBICON. Der Spezialist f\u00fcr eGovernment- und Enterprise-L\u00f6sungen hat 2021 seine Anwendung Acta Nova auf dem Gesch\u00e4ftsverwaltungssystem GEVER der Bundesverwaltung implementiert.\" \/>\n<meta name=\"robots\" content=\"index, follow, max-snippet:-1, max-image-preview:large, max-video-preview:-1\" \/>\n<link rel=\"canonical\" href=\"https:\/\/www.m-q.ch\/de\/egovernment-rubicon-will-mit-neuem-schweizer-ceo-auch-in-der-privatwirtschaft-wachsen\/\" \/>\n<meta property=\"og:locale\" content=\"fr_FR\" \/>\n<meta property=\"og:type\" content=\"article\" \/>\n<meta property=\"og:title\" content=\"eGovernment: RUBICON will mit neuem Schweizer CEO auch in der Privatwirtschaft wachsen - Organisator\" \/>\n<meta property=\"og:description\" content=\"Der Erfolg weckte die Nachfrage nach den Services von RUBICON. Der Spezialist f\u00fcr eGovernment- und Enterprise-L\u00f6sungen hat 2021 seine Anwendung Acta Nova auf dem Gesch\u00e4ftsverwaltungssystem GEVER der Bundesverwaltung implementiert.\" \/>\n<meta property=\"og:url\" content=\"https:\/\/www.m-q.ch\/de\/egovernment-rubicon-will-mit-neuem-schweizer-ceo-auch-in-der-privatwirtschaft-wachsen\/\" \/>\n<meta property=\"og:site_name\" content=\"Organisator\" \/>\n<meta property=\"article:publisher\" content=\"https:\/\/www.facebook.com\/OrganisatorFachmagazin\" \/>\n<meta property=\"article:published_time\" content=\"2022-03-30T13:33:05+00:00\" \/>\n<meta property=\"article:modified_time\" content=\"2022-07-30T12:50:57+00:00\" \/>\n<meta property=\"og:image\" content=\"https:\/\/www.m-q.ch\/wp-content\/uploads\/2022\/03\/eGovernment-RUBICON-will-mit-neuem-Schweizer-CEO-auch-in-der-Privatwirtschaft-wachsen_MQ.jpg\" \/>\n<meta name=\"author\" content=\"galledia\" \/>\n<meta name=\"twitter:card\" content=\"summary_large_image\" \/>\n<meta name=\"twitter:creator\" content=\"@admin\" \/>\n<script type=\"application\/ld+json\" class=\"yoast-schema-graph\">{\"@context\":\"https:\\\/\\\/schema.org\",\"@graph\":[{\"@type\":\"Article\",\"@id\":\"https:\\\/\\\/www.m-q.ch\\\/de\\\/egovernment-rubicon-will-mit-neuem-schweizer-ceo-auch-in-der-privatwirtschaft-wachsen\\\/#article\",\"isPartOf\":{\"@id\":\"https:\\\/\\\/www.organisator.ch\\\/operational-excellence\\\/2022-03-30\\\/egovernment-rubicon-will-mit-neuem-schweizer-ceo-auch-in-der-privatwirtschaft-wachsen\\\/\"},\"author\":{\"name\":\"galledia\",\"@id\":\"https:\\\/\\\/www.organisator.ch\\\/#\\\/schema\\\/person\\\/4e51799071cd2dd1232ac003643ef5f0\"},\"headline\":\"eGovernment: RUBICON will mit neuem Schweizer CEO auch in der Privatwirtschaft wachsen\",\"datePublished\":\"2022-03-30T13:33:05+00:00\",\"dateModified\":\"2022-07-30T12:50:57+00:00\",\"mainEntityOfPage\":{\"@id\":\"https:\\\/\\\/www.organisator.ch\\\/operational-excellence\\\/2022-03-30\\\/egovernment-rubicon-will-mit-neuem-schweizer-ceo-auch-in-der-privatwirtschaft-wachsen\\\/\"},\"wordCount\":466,\"publisher\":{\"@id\":\"https:\\\/\\\/www.organisator.ch\\\/#organization\"},\"image\":{\"@id\":\"https:\\\/\\\/www.m-q.ch\\\/de\\\/egovernment-rubicon-will-mit-neuem-schweizer-ceo-auch-in-der-privatwirtschaft-wachsen\\\/#primaryimage\"},\"thumbnailUrl\":\"https:\\\/\\\/www.m-q.ch\\\/wp-content\\\/uploads\\\/2022\\\/03\\\/eGovernment-RUBICON-will-mit-neuem-Schweizer-CEO-auch-in-der-Privatwirtschaft-wachsen_MQ.jpg\",\"keywords\":[\"Bundesverwaltung\",\"eGovernment\",\"RUBICON\",\"Schweizer CEO\"],\"articleSection\":[\"OPERATIONAL EXCELLENCE\"],\"inLanguage\":\"fr-FR\"},{\"@type\":\"WebPage\",\"@id\":\"https:\\\/\\\/www.organisator.ch\\\/operational-excellence\\\/2022-03-30\\\/egovernment-rubicon-will-mit-neuem-schweizer-ceo-auch-in-der-privatwirtschaft-wachsen\\\/\",\"url\":\"https:\\\/\\\/www.m-q.ch\\\/de\\\/egovernment-rubicon-will-mit-neuem-schweizer-ceo-auch-in-der-privatwirtschaft-wachsen\\\/\",\"name\":\"eGovernment: RUBICON will mit neuem Schweizer CEO auch in der Privatwirtschaft wachsen - Organisator\",\"isPartOf\":{\"@id\":\"https:\\\/\\\/www.organisator.ch\\\/#website\"},\"primaryImageOfPage\":{\"@id\":\"https:\\\/\\\/www.m-q.ch\\\/de\\\/egovernment-rubicon-will-mit-neuem-schweizer-ceo-auch-in-der-privatwirtschaft-wachsen\\\/#primaryimage\"},\"image\":{\"@id\":\"https:\\\/\\\/www.m-q.ch\\\/de\\\/egovernment-rubicon-will-mit-neuem-schweizer-ceo-auch-in-der-privatwirtschaft-wachsen\\\/#primaryimage\"},\"thumbnailUrl\":\"https:\\\/\\\/www.m-q.ch\\\/wp-content\\\/uploads\\\/2022\\\/03\\\/eGovernment-RUBICON-will-mit-neuem-Schweizer-CEO-auch-in-der-Privatwirtschaft-wachsen_MQ.jpg\",\"datePublished\":\"2022-03-30T13:33:05+00:00\",\"dateModified\":\"2022-07-30T12:50:57+00:00\",\"description\":\"Der Erfolg weckte die Nachfrage nach den Services von RUBICON. Der Spezialist f\u00fcr eGovernment- und Enterprise-L\u00f6sungen hat 2021 seine Anwendung Acta Nova auf dem Gesch\u00e4ftsverwaltungssystem GEVER der Bundesverwaltung implementiert.\",\"breadcrumb\":{\"@id\":\"https:\\\/\\\/www.m-q.ch\\\/de\\\/egovernment-rubicon-will-mit-neuem-schweizer-ceo-auch-in-der-privatwirtschaft-wachsen\\\/#breadcrumb\"},\"inLanguage\":\"fr-FR\",\"potentialAction\":[{\"@type\":\"ReadAction\",\"target\":[\"https:\\\/\\\/www.m-q.ch\\\/de\\\/egovernment-rubicon-will-mit-neuem-schweizer-ceo-auch-in-der-privatwirtschaft-wachsen\\\/\"]}]},{\"@type\":\"ImageObject\",\"inLanguage\":\"fr-FR\",\"@id\":\"https:\\\/\\\/www.m-q.ch\\\/de\\\/egovernment-rubicon-will-mit-neuem-schweizer-ceo-auch-in-der-privatwirtschaft-wachsen\\\/#primaryimage\",\"url\":\"https:\\\/\\\/www.m-q.ch\\\/wp-content\\\/uploads\\\/2022\\\/03\\\/eGovernment-RUBICON-will-mit-neuem-Schweizer-CEO-auch-in-der-Privatwirtschaft-wachsen_MQ.jpg\",\"contentUrl\":\"https:\\\/\\\/www.m-q.ch\\\/wp-content\\\/uploads\\\/2022\\\/03\\\/eGovernment-RUBICON-will-mit-neuem-Schweizer-CEO-auch-in-der-Privatwirtschaft-wachsen_MQ.jpg\"},{\"@type\":\"BreadcrumbList\",\"@id\":\"https:\\\/\\\/www.m-q.ch\\\/de\\\/egovernment-rubicon-will-mit-neuem-schweizer-ceo-auch-in-der-privatwirtschaft-wachsen\\\/#breadcrumb\",\"itemListElement\":[{\"@type\":\"ListItem\",\"position\":1,\"name\":\"Home\",\"item\":\"https:\\\/\\\/www.organisator.ch\\\/\"},{\"@type\":\"ListItem\",\"position\":2,\"name\":\"eGovernment: RUBICON will mit neuem Schweizer CEO auch in der Privatwirtschaft wachsen\"}]},{\"@type\":\"WebSite\",\"@id\":\"https:\\\/\\\/www.organisator.ch\\\/#website\",\"url\":\"https:\\\/\\\/www.organisator.ch\\\/\",\"name\":\"Organisator\",\"description\":\"Kompetent. Praxisnah. Der ORGANISATOR bereitet in 10 Ausgaben pro Jahr die wesentlichen Themen f\u00fcr F\u00fchrungskr\u00e4fte von KMU auf.\",\"publisher\":{\"@id\":\"https:\\\/\\\/www.organisator.ch\\\/#organization\"},\"potentialAction\":[{\"@type\":\"SearchAction\",\"target\":{\"@type\":\"EntryPoint\",\"urlTemplate\":\"https:\\\/\\\/www.organisator.ch\\\/?s={search_term_string}\"},\"query-input\":{\"@type\":\"PropertyValueSpecification\",\"valueRequired\":true,\"valueName\":\"search_term_string\"}}],\"inLanguage\":\"fr-FR\"},{\"@type\":\"Organization\",\"@id\":\"https:\\\/\\\/www.organisator.ch\\\/#organization\",\"name\":\"Organisator\",\"url\":\"https:\\\/\\\/www.organisator.ch\\\/\",\"logo\":{\"@type\":\"ImageObject\",\"inLanguage\":\"fr-FR\",\"@id\":\"https:\\\/\\\/www.organisator.ch\\\/#\\\/schema\\\/logo\\\/image\\\/\",\"url\":\"https:\\\/\\\/www.organisator.ch\\\/wp-content\\\/uploads\\\/2022\\\/01\\\/Logo_Organisator_Website.png\",\"contentUrl\":\"https:\\\/\\\/www.organisator.ch\\\/wp-content\\\/uploads\\\/2022\\\/01\\\/Logo_Organisator_Website.png\",\"width\":800,\"height\":77,\"caption\":\"Organisator\"},\"image\":{\"@id\":\"https:\\\/\\\/www.organisator.ch\\\/#\\\/schema\\\/logo\\\/image\\\/\"},\"sameAs\":[\"https:\\\/\\\/www.facebook.com\\\/OrganisatorFachmagazin\",\"https:\\\/\\\/www.linkedin.com\\\/showcase\\\/organisator-das-magazin-fr-kmu\",\"https:\\\/\\\/www.xing.com\\\/news\\\/pages\\\/organisator-ch-695\",\"https:\\\/\\\/www.youtube.com\\\/channel\\\/UCGP2Sq0iWaZwT3BdIAQFYpw\"]},{\"@type\":\"Person\",\"@id\":\"https:\\\/\\\/www.organisator.ch\\\/#\\\/schema\\\/person\\\/4e51799071cd2dd1232ac003643ef5f0\",\"name\":\"galledia\",\"image\":{\"@type\":\"ImageObject\",\"inLanguage\":\"fr-FR\",\"@id\":\"https:\\\/\\\/secure.gravatar.com\\\/avatar\\\/78a7f90c01fc2bfc875782a0d4922b37cde2cf184ce347b91316d23cd7f69a36?s=96&d=mm&r=g\",\"url\":\"https:\\\/\\\/secure.gravatar.com\\\/avatar\\\/78a7f90c01fc2bfc875782a0d4922b37cde2cf184ce347b91316d23cd7f69a36?s=96&d=mm&r=g\",\"contentUrl\":\"https:\\\/\\\/secure.gravatar.com\\\/avatar\\\/78a7f90c01fc2bfc875782a0d4922b37cde2cf184ce347b91316d23cd7f69a36?s=96&d=mm&r=g\",\"caption\":\"galledia\"},\"sameAs\":[\"https:\\\/\\\/x.com\\\/admin\"],\"url\":\"https:\\\/\\\/www.organisator.ch\\\/fr\\\/author\\\/galledia\\\/\"}]}<\/script>\n<!-- \/ Yoast SEO plugin. -->","yoast_head_json":{"title":"eGovernment : RUBICON veut se d\u00e9velopper dans le secteur priv\u00e9 avec un nouveau CEO suisse - Organisateur","description":"Ce succ\u00e8s a suscit\u00e9 une demande pour les services de RUBICON. En 2021, le sp\u00e9cialiste des solutions de cyberadministration et d'entreprise a impl\u00e9ment\u00e9 son application Acta Nova sur le syst\u00e8me de gestion des affaires GEVER de l'administration f\u00e9d\u00e9rale.","robots":{"index":"index","follow":"follow","max-snippet":"max-snippet:-1","max-image-preview":"max-image-preview:large","max-video-preview":"max-video-preview:-1"},"canonical":"https:\/\/www.m-q.ch\/de\/egovernment-rubicon-will-mit-neuem-schweizer-ceo-auch-in-der-privatwirtschaft-wachsen\/","og_locale":"fr_FR","og_type":"article","og_title":"eGovernment: RUBICON will mit neuem Schweizer CEO auch in der Privatwirtschaft wachsen - Organisator","og_description":"Der Erfolg weckte die Nachfrage nach den Services von RUBICON. Der Spezialist f\u00fcr eGovernment- und Enterprise-L\u00f6sungen hat 2021 seine Anwendung Acta Nova auf dem Gesch\u00e4ftsverwaltungssystem GEVER der Bundesverwaltung implementiert.","og_url":"https:\/\/www.m-q.ch\/de\/egovernment-rubicon-will-mit-neuem-schweizer-ceo-auch-in-der-privatwirtschaft-wachsen\/","og_site_name":"Organisator","article_publisher":"https:\/\/www.facebook.com\/OrganisatorFachmagazin","article_published_time":"2022-03-30T13:33:05+00:00","article_modified_time":"2022-07-30T12:50:57+00:00","og_image":[{"url":"https:\/\/www.m-q.ch\/wp-content\/uploads\/2022\/03\/eGovernment-RUBICON-will-mit-neuem-Schweizer-CEO-auch-in-der-Privatwirtschaft-wachsen_MQ.jpg","type":"","width":"","height":""}],"author":"galledia","twitter_card":"summary_large_image","twitter_creator":"@admin","schema":{"@context":"https:\/\/schema.org","@graph":[{"@type":"Article","@id":"https:\/\/www.m-q.ch\/de\/egovernment-rubicon-will-mit-neuem-schweizer-ceo-auch-in-der-privatwirtschaft-wachsen\/#article","isPartOf":{"@id":"https:\/\/www.organisator.ch\/operational-excellence\/2022-03-30\/egovernment-rubicon-will-mit-neuem-schweizer-ceo-auch-in-der-privatwirtschaft-wachsen\/"},"author":{"name":"galledia","@id":"https:\/\/www.organisator.ch\/#\/schema\/person\/4e51799071cd2dd1232ac003643ef5f0"},"headline":"eGovernment: RUBICON will mit neuem Schweizer CEO auch in der Privatwirtschaft wachsen","datePublished":"2022-03-30T13:33:05+00:00","dateModified":"2022-07-30T12:50:57+00:00","mainEntityOfPage":{"@id":"https:\/\/www.organisator.ch\/operational-excellence\/2022-03-30\/egovernment-rubicon-will-mit-neuem-schweizer-ceo-auch-in-der-privatwirtschaft-wachsen\/"},"wordCount":466,"publisher":{"@id":"https:\/\/www.organisator.ch\/#organization"},"image":{"@id":"https:\/\/www.m-q.ch\/de\/egovernment-rubicon-will-mit-neuem-schweizer-ceo-auch-in-der-privatwirtschaft-wachsen\/#primaryimage"},"thumbnailUrl":"https:\/\/www.m-q.ch\/wp-content\/uploads\/2022\/03\/eGovernment-RUBICON-will-mit-neuem-Schweizer-CEO-auch-in-der-Privatwirtschaft-wachsen_MQ.jpg","keywords":["Bundesverwaltung","eGovernment","RUBICON","Schweizer CEO"],"articleSection":["OPERATIONAL EXCELLENCE"],"inLanguage":"fr-FR"},{"@type":"WebPage","@id":"https:\/\/www.organisator.ch\/operational-excellence\/2022-03-30\/egovernment-rubicon-will-mit-neuem-schweizer-ceo-auch-in-der-privatwirtschaft-wachsen\/","url":"https:\/\/www.m-q.ch\/de\/egovernment-rubicon-will-mit-neuem-schweizer-ceo-auch-in-der-privatwirtschaft-wachsen\/","name":"eGovernment : RUBICON veut se d\u00e9velopper dans le secteur priv\u00e9 avec un nouveau CEO suisse - Organisateur","isPartOf":{"@id":"https:\/\/www.organisator.ch\/#website"},"primaryImageOfPage":{"@id":"https:\/\/www.m-q.ch\/de\/egovernment-rubicon-will-mit-neuem-schweizer-ceo-auch-in-der-privatwirtschaft-wachsen\/#primaryimage"},"image":{"@id":"https:\/\/www.m-q.ch\/de\/egovernment-rubicon-will-mit-neuem-schweizer-ceo-auch-in-der-privatwirtschaft-wachsen\/#primaryimage"},"thumbnailUrl":"https:\/\/www.m-q.ch\/wp-content\/uploads\/2022\/03\/eGovernment-RUBICON-will-mit-neuem-Schweizer-CEO-auch-in-der-Privatwirtschaft-wachsen_MQ.jpg","datePublished":"2022-03-30T13:33:05+00:00","dateModified":"2022-07-30T12:50:57+00:00","description":"Ce succ\u00e8s a suscit\u00e9 une demande pour les services de RUBICON. En 2021, le sp\u00e9cialiste des solutions de cyberadministration et d'entreprise a impl\u00e9ment\u00e9 son application Acta Nova sur le syst\u00e8me de gestion des affaires GEVER de l'administration f\u00e9d\u00e9rale.","breadcrumb":{"@id":"https:\/\/www.m-q.ch\/de\/egovernment-rubicon-will-mit-neuem-schweizer-ceo-auch-in-der-privatwirtschaft-wachsen\/#breadcrumb"},"inLanguage":"fr-FR","potentialAction":[{"@type":"ReadAction","target":["https:\/\/www.m-q.ch\/de\/egovernment-rubicon-will-mit-neuem-schweizer-ceo-auch-in-der-privatwirtschaft-wachsen\/"]}]},{"@type":"ImageObject","inLanguage":"fr-FR","@id":"https:\/\/www.m-q.ch\/de\/egovernment-rubicon-will-mit-neuem-schweizer-ceo-auch-in-der-privatwirtschaft-wachsen\/#primaryimage","url":"https:\/\/www.m-q.ch\/wp-content\/uploads\/2022\/03\/eGovernment-RUBICON-will-mit-neuem-Schweizer-CEO-auch-in-der-Privatwirtschaft-wachsen_MQ.jpg","contentUrl":"https:\/\/www.m-q.ch\/wp-content\/uploads\/2022\/03\/eGovernment-RUBICON-will-mit-neuem-Schweizer-CEO-auch-in-der-Privatwirtschaft-wachsen_MQ.jpg"},{"@type":"BreadcrumbList","@id":"https:\/\/www.m-q.ch\/de\/egovernment-rubicon-will-mit-neuem-schweizer-ceo-auch-in-der-privatwirtschaft-wachsen\/#breadcrumb","itemListElement":[{"@type":"ListItem","position":1,"name":"Home","item":"https:\/\/www.organisator.ch\/"},{"@type":"ListItem","position":2,"name":"eGovernment: RUBICON will mit neuem Schweizer CEO auch in der Privatwirtschaft wachsen"}]},{"@type":"WebSite","@id":"https:\/\/www.organisator.ch\/#website","url":"https:\/\/www.organisator.ch\/","name":"Organisateur","description":"Comp\u00e9tence et comp\u00e9tence. Proches de la pratique. L'ORGANISATEUR pr\u00e9pare 10 num\u00e9ros par an sur les th\u00e8mes essentiels pour les dirigeants de PME.","publisher":{"@id":"https:\/\/www.organisator.ch\/#organization"},"potentialAction":[{"@type":"SearchAction","target":{"@type":"EntryPoint","urlTemplate":"https:\/\/www.organisator.ch\/?s={search_term_string}"},"query-input":{"@type":"PropertyValueSpecification","valueRequired":true,"valueName":"search_term_string"}}],"inLanguage":"fr-FR"},{"@type":"Organization","@id":"https:\/\/www.organisator.ch\/#organization","name":"Organisateur","url":"https:\/\/www.organisator.ch\/","logo":{"@type":"ImageObject","inLanguage":"fr-FR","@id":"https:\/\/www.organisator.ch\/#\/schema\/logo\/image\/","url":"https:\/\/www.organisator.ch\/wp-content\/uploads\/2022\/01\/Logo_Organisator_Website.png","contentUrl":"https:\/\/www.organisator.ch\/wp-content\/uploads\/2022\/01\/Logo_Organisator_Website.png","width":800,"height":77,"caption":"Organisator"},"image":{"@id":"https:\/\/www.organisator.ch\/#\/schema\/logo\/image\/"},"sameAs":["https:\/\/www.facebook.com\/OrganisatorFachmagazin","https:\/\/www.linkedin.com\/showcase\/organisator-das-magazin-fr-kmu","https:\/\/www.xing.com\/news\/pages\/organisator-ch-695","https:\/\/www.youtube.com\/channel\/UCGP2Sq0iWaZwT3BdIAQFYpw"]},{"@type":"Person","@id":"https:\/\/www.organisator.ch\/#\/schema\/person\/4e51799071cd2dd1232ac003643ef5f0","name":"galledia","image":{"@type":"ImageObject","inLanguage":"fr-FR","@id":"https:\/\/secure.gravatar.com\/avatar\/78a7f90c01fc2bfc875782a0d4922b37cde2cf184ce347b91316d23cd7f69a36?s=96&d=mm&r=g","url":"https:\/\/secure.gravatar.com\/avatar\/78a7f90c01fc2bfc875782a0d4922b37cde2cf184ce347b91316d23cd7f69a36?s=96&d=mm&r=g","contentUrl":"https:\/\/secure.gravatar.com\/avatar\/78a7f90c01fc2bfc875782a0d4922b37cde2cf184ce347b91316d23cd7f69a36?s=96&d=mm&r=g","caption":"galledia"},"sameAs":["https:\/\/x.com\/admin"],"url":"https:\/\/www.organisator.ch\/fr\/author\/galledia\/"}]}},"_links":{"self":[{"href":"https:\/\/www.organisator.ch\/fr\/wp-json\/wp\/v2\/posts\/12285","targetHints":{"allow":["GET"]}}],"collection":[{"href":"https:\/\/www.organisator.ch\/fr\/wp-json\/wp\/v2\/posts"}],"about":[{"href":"https:\/\/www.organisator.ch\/fr\/wp-json\/wp\/v2\/types\/post"}],"author":[{"embeddable":true,"href":"https:\/\/www.organisator.ch\/fr\/wp-json\/wp\/v2\/users\/8"}],"replies":[{"embeddable":true,"href":"https:\/\/www.organisator.ch\/fr\/wp-json\/wp\/v2\/comments?post=12285"}],"version-history":[{"count":4,"href":"https:\/\/www.organisator.ch\/fr\/wp-json\/wp\/v2\/posts\/12285\/revisions"}],"predecessor-version":[{"id":16016,"href":"https:\/\/www.organisator.ch\/fr\/wp-json\/wp\/v2\/posts\/12285\/revisions\/16016"}],"wp:attachment":[{"href":"https:\/\/www.organisator.ch\/fr\/wp-json\/wp\/v2\/media?parent=12285"}],"wp:term":[{"taxonomy":"category","embeddable":true,"href":"https:\/\/www.organisator.ch\/fr\/wp-json\/wp\/v2\/categories?post=12285"},{"taxonomy":"post_tag","embeddable":true,"href":"https:\/\/www.organisator.ch\/fr\/wp-json\/wp\/v2\/tags?post=12285"}],"curies":[{"name":"wp","href":"https:\/\/api.w.org\/{rel}","templated":true}]}}