{"id":123,"date":"2016-02-09T15:54:57","date_gmt":"2016-02-09T14:54:57","guid":{"rendered":"http:\/\/dev.organisator.ch\/?p=123"},"modified":"2016-02-09T15:54:57","modified_gmt":"2016-02-09T14:54:57","slug":"sesselruecken-bei-abraxas","status":"publish","type":"post","link":"https:\/\/www.organisator.ch\/fr\/allgemein\/2016-02-09\/sesselruecken-bei-abraxas\/","title":{"rendered":"Dossier de fauteuil chez Abraxas"},"content":{"rendered":"<p>Apr\u00e8s le d\u00e9part de son pr\u00e9d\u00e9cesseur en tant que CEO d'Abraxas Informatique SA il y a trois ans, le CFO F\u00e9lix Mauron a repris son poste en plus, \u00e0 la demande expresse du conseil d'administration. Apr\u00e8s avoir r\u00e9ussi \u00e0 stabiliser l'entreprise, il a demand\u00e9 au conseil d'administration de le lib\u00e9rer plus t\u00f4t de cette double charge. Le conseil d'administration a donc acc\u00e9d\u00e9 \u00e0 cette demande. \"Le conseil d'administration se r\u00e9jouit que F\u00e9lix Mauron reste chez Abraxas et continue d'assumer la fonction de CFO\", a d\u00e9clar\u00e9 Paul Glutz, pr\u00e9sident du conseil d'administration, \u00e0 l'occasion de cette d\u00e9cision.<\/p>\n<p>Le poste de CEO sera repris le 1er mai 2016 par Reto Gutmann, qui passe de la direction de l'EPF Informatique \u00e0 celle d'Abraxas. Reto Gutmann est membre et vice-pr\u00e9sident du conseil d'administration d'Abraxas depuis septembre 2013 et a largement contribu\u00e9 au d\u00e9veloppement de la strat\u00e9gie actuelle de l'entreprise. En tant qu'ancien CEO de Siemens IT Solutions and Services AG, il conna\u00eet le march\u00e9 suisse de l'informatique pour y avoir travaill\u00e9 pendant de nombreuses ann\u00e9es. Il remettra son mandat d'administrateur d'Abraxas \u00e0 l'occasion de ce changement.<\/p>\n<figure id=\"attachment_124\" aria-describedby=\"caption-attachment-124\" style=\"width: 675px\" class=\"wp-caption alignnone\"><img loading=\"lazy\" decoding=\"async\" class=\"size-full wp-image-124\" src=\"https:\/\/www.organisator.ch\/wp-content\/uploads\/2016\/12\/Sesselruecken-bei-Abraxas-organisator.jpg\" alt=\"\" width=\"675\" height=\"827\" srcset=\"https:\/\/www.organisator.ch\/wp-content\/uploads\/2016\/12\/Sesselruecken-bei-Abraxas-organisator.jpg 675w, https:\/\/www.organisator.ch\/wp-content\/uploads\/2016\/12\/Sesselruecken-bei-Abraxas-organisator-10x12.jpg 10w, https:\/\/www.organisator.ch\/wp-content\/uploads\/2016\/12\/Sesselruecken-bei-Abraxas-organisator-143x175.jpg 143w, https:\/\/www.organisator.ch\/wp-content\/uploads\/2016\/12\/Sesselruecken-bei-Abraxas-organisator-286x350.jpg 286w, https:\/\/www.organisator.ch\/wp-content\/uploads\/2016\/12\/Sesselruecken-bei-Abraxas-organisator-653x800.jpg 653w, https:\/\/www.organisator.ch\/wp-content\/uploads\/2016\/12\/Sesselruecken-bei-Abraxas-organisator-300x368.jpg 300w\" sizes=\"auto, (max-width: 675px) 100vw, 675px\" \/><figcaption id=\"caption-attachment-124\" class=\"wp-caption-text\">F\u00e9lix Mauron, directeur financier d'Abraxas.<\/figcaption><\/figure>","protected":false},"excerpt":{"rendered":"<p>Nach dem Abgang seines Vorg\u00e4ngers als CEO der Abraxas Informatik AG vor drei Jahren hat CFO F\u00e9lix Mauron dessen Amt auf ausdr\u00fccklichen Wunsch des Verwaltungsrats zus\u00e4tzlich \u00fcbernommen. Nach der erfolgreichen Stabilisierung des Unternehmens hat er nun den Verwaltungsrat gebeten, ihn vorzeitig von der Doppelbelastung zu entbinden. Der Verwaltungsrat kam dieser Bitte nun nach. &#8222;Der Verwaltungsrat [&hellip;]<\/p>\n","protected":false},"author":1,"featured_media":124,"comment_status":"open","ping_status":"open","sticky":false,"template":"","format":"standard","meta":{"_acf_changed":false,"_yoast_wpseo_focuskw":"Gesch\u00e4ftsleitung","_yoast_wpseo_metadesc":"Per 1. Mai 2016 kommt es in der Gesch\u00e4ftsleitung der Abraxas Informatik AG zu einem Wechsel.","articlekey":"","footnotes":""},"categories":[1],"tags":[382,492],"class_list":["post-123","post","type-post","status-publish","format-standard","has-post-thumbnail","hentry","category-allgemein","tag-personalien","tag-unternehmen"],"acf":[],"yoast_head":"<!-- This site is optimized with the Yoast SEO plugin v27.4 - https:\/\/yoast.com\/product\/yoast-seo-wordpress\/ -->\n<title>Sesselr\u00fccken bei Abraxas - Organisator<\/title>\n<meta name=\"description\" content=\"Per 1. Mai 2016 kommt es in der Gesch\u00e4ftsleitung der Abraxas Informatik AG zu einem Wechsel.\" \/>\n<meta name=\"robots\" content=\"index, follow, max-snippet:-1, max-image-preview:large, max-video-preview:-1\" \/>\n<link rel=\"canonical\" href=\"https:\/\/www.organisator.ch\/fr\/general\/2016-02-09\/sesselruecken-bei-abraxas\/\" \/>\n<meta property=\"og:locale\" content=\"fr_FR\" \/>\n<meta property=\"og:type\" content=\"article\" \/>\n<meta property=\"og:title\" content=\"Sesselr\u00fccken bei Abraxas\" \/>\n<meta property=\"og:description\" content=\"Per 1. Mai 2016 kommt es in der Gesch\u00e4ftsleitung der Abraxas Informatik AG zu einem Wechsel. F\u00e9lix Mauron (heute CEO und CFO) konzentriert sich auf eigenen Wunsch auf die Position des CFO. Den Vorsitz der Gesch\u00e4ftsleitung \u00fcbernimmt zu diesem Zeitpunkt der bisherige Vizepr\u00e4sident des Verwaltungsrats der Abraxas und heutiger Leiter der ETH Informatik, Reto Gutmann.\" \/>\n<meta property=\"og:url\" content=\"https:\/\/www.organisator.ch\/fr\/general\/2016-02-09\/sesselruecken-bei-abraxas\/\" \/>\n<meta property=\"og:site_name\" content=\"Organisator\" \/>\n<meta property=\"article:publisher\" content=\"https:\/\/www.facebook.com\/OrganisatorFachmagazin\" \/>\n<meta property=\"article:published_time\" content=\"2016-02-09T14:54:57+00:00\" \/>\n<meta name=\"author\" content=\"admin\" \/>\n<meta name=\"twitter:card\" content=\"summary_large_image\" \/>\n<meta name=\"twitter:image\" content=\"https:\/\/www.organisator.ch\/wp-content\/uploads\/2016\/12\/Sesselruecken-bei-Abraxas-organisator.jpg\" \/>\n<script type=\"application\/ld+json\" class=\"yoast-schema-graph\">{\"@context\":\"https:\\\/\\\/schema.org\",\"@graph\":[{\"@type\":\"Article\",\"@id\":\"https:\\\/\\\/www.organisator.ch\\\/de\\\/allgemein\\\/2016-02-09\\\/sesselruecken-bei-abraxas\\\/#article\",\"isPartOf\":{\"@id\":\"https:\\\/\\\/www.organisator.ch\\\/de\\\/allgemein\\\/2016-02-09\\\/sesselruecken-bei-abraxas\\\/\"},\"author\":{\"name\":\"admin\",\"@id\":\"https:\\\/\\\/www.organisator.ch\\\/#\\\/schema\\\/person\\\/aa2bace6c5c5aad60102004a50c4eb1c\"},\"headline\":\"Sesselr\u00fccken bei Abraxas\",\"datePublished\":\"2016-02-09T14:54:57+00:00\",\"mainEntityOfPage\":{\"@id\":\"https:\\\/\\\/www.organisator.ch\\\/de\\\/allgemein\\\/2016-02-09\\\/sesselruecken-bei-abraxas\\\/\"},\"wordCount\":181,\"commentCount\":0,\"publisher\":{\"@id\":\"https:\\\/\\\/www.organisator.ch\\\/#organization\"},\"image\":{\"@id\":\"https:\\\/\\\/www.organisator.ch\\\/de\\\/allgemein\\\/2016-02-09\\\/sesselruecken-bei-abraxas\\\/#primaryimage\"},\"thumbnailUrl\":\"https:\\\/\\\/www.organisator.ch\\\/wp-content\\\/uploads\\\/2016\\\/12\\\/Sesselruecken-bei-Abraxas-organisator.jpg\",\"keywords\":[\"Personalien\",\"Unternehmen\"],\"articleSection\":[\"Allgemein\"],\"inLanguage\":\"fr-FR\"},{\"@type\":\"WebPage\",\"@id\":\"https:\\\/\\\/www.organisator.ch\\\/de\\\/allgemein\\\/2016-02-09\\\/sesselruecken-bei-abraxas\\\/\",\"url\":\"https:\\\/\\\/www.organisator.ch\\\/de\\\/allgemein\\\/2016-02-09\\\/sesselruecken-bei-abraxas\\\/\",\"name\":\"Sesselr\u00fccken bei Abraxas - Organisator\",\"isPartOf\":{\"@id\":\"https:\\\/\\\/www.organisator.ch\\\/#website\"},\"primaryImageOfPage\":{\"@id\":\"https:\\\/\\\/www.organisator.ch\\\/de\\\/allgemein\\\/2016-02-09\\\/sesselruecken-bei-abraxas\\\/#primaryimage\"},\"image\":{\"@id\":\"https:\\\/\\\/www.organisator.ch\\\/de\\\/allgemein\\\/2016-02-09\\\/sesselruecken-bei-abraxas\\\/#primaryimage\"},\"thumbnailUrl\":\"https:\\\/\\\/www.organisator.ch\\\/wp-content\\\/uploads\\\/2016\\\/12\\\/Sesselruecken-bei-Abraxas-organisator.jpg\",\"datePublished\":\"2016-02-09T14:54:57+00:00\",\"description\":\"Per 1. Mai 2016 kommt es in der Gesch\u00e4ftsleitung der Abraxas Informatik AG zu einem Wechsel.\",\"breadcrumb\":{\"@id\":\"https:\\\/\\\/www.organisator.ch\\\/de\\\/allgemein\\\/2016-02-09\\\/sesselruecken-bei-abraxas\\\/#breadcrumb\"},\"inLanguage\":\"fr-FR\",\"potentialAction\":[{\"@type\":\"ReadAction\",\"target\":[\"https:\\\/\\\/www.organisator.ch\\\/de\\\/allgemein\\\/2016-02-09\\\/sesselruecken-bei-abraxas\\\/\"]}]},{\"@type\":\"ImageObject\",\"inLanguage\":\"fr-FR\",\"@id\":\"https:\\\/\\\/www.organisator.ch\\\/de\\\/allgemein\\\/2016-02-09\\\/sesselruecken-bei-abraxas\\\/#primaryimage\",\"url\":\"https:\\\/\\\/www.organisator.ch\\\/wp-content\\\/uploads\\\/2016\\\/12\\\/Sesselruecken-bei-Abraxas-organisator.jpg\",\"contentUrl\":\"https:\\\/\\\/www.organisator.ch\\\/wp-content\\\/uploads\\\/2016\\\/12\\\/Sesselruecken-bei-Abraxas-organisator.jpg\",\"width\":675,\"height\":827,\"caption\":\"F\u00e9lix Mauron, CFO von Abraxas.\"},{\"@type\":\"BreadcrumbList\",\"@id\":\"https:\\\/\\\/www.organisator.ch\\\/de\\\/allgemein\\\/2016-02-09\\\/sesselruecken-bei-abraxas\\\/#breadcrumb\",\"itemListElement\":[{\"@type\":\"ListItem\",\"position\":1,\"name\":\"Home\",\"item\":\"https:\\\/\\\/www.organisator.ch\\\/\"},{\"@type\":\"ListItem\",\"position\":2,\"name\":\"Sesselr\u00fccken bei Abraxas\"}]},{\"@type\":\"WebSite\",\"@id\":\"https:\\\/\\\/www.organisator.ch\\\/#website\",\"url\":\"https:\\\/\\\/www.organisator.ch\\\/\",\"name\":\"Organisator\",\"description\":\"Kompetent. Praxisnah. Der ORGANISATOR bereitet in 10 Ausgaben pro Jahr die wesentlichen Themen f\u00fcr F\u00fchrungskr\u00e4fte von KMU auf.\",\"publisher\":{\"@id\":\"https:\\\/\\\/www.organisator.ch\\\/#organization\"},\"potentialAction\":[{\"@type\":\"SearchAction\",\"target\":{\"@type\":\"EntryPoint\",\"urlTemplate\":\"https:\\\/\\\/www.organisator.ch\\\/?s={search_term_string}\"},\"query-input\":{\"@type\":\"PropertyValueSpecification\",\"valueRequired\":true,\"valueName\":\"search_term_string\"}}],\"inLanguage\":\"fr-FR\"},{\"@type\":\"Organization\",\"@id\":\"https:\\\/\\\/www.organisator.ch\\\/#organization\",\"name\":\"Organisator\",\"url\":\"https:\\\/\\\/www.organisator.ch\\\/\",\"logo\":{\"@type\":\"ImageObject\",\"inLanguage\":\"fr-FR\",\"@id\":\"https:\\\/\\\/www.organisator.ch\\\/#\\\/schema\\\/logo\\\/image\\\/\",\"url\":\"https:\\\/\\\/www.organisator.ch\\\/wp-content\\\/uploads\\\/2022\\\/01\\\/Logo_Organisator_Website.png\",\"contentUrl\":\"https:\\\/\\\/www.organisator.ch\\\/wp-content\\\/uploads\\\/2022\\\/01\\\/Logo_Organisator_Website.png\",\"width\":800,\"height\":77,\"caption\":\"Organisator\"},\"image\":{\"@id\":\"https:\\\/\\\/www.organisator.ch\\\/#\\\/schema\\\/logo\\\/image\\\/\"},\"sameAs\":[\"https:\\\/\\\/www.facebook.com\\\/OrganisatorFachmagazin\",\"https:\\\/\\\/www.linkedin.com\\\/showcase\\\/organisator-das-magazin-fr-kmu\",\"https:\\\/\\\/www.xing.com\\\/news\\\/pages\\\/organisator-ch-695\",\"https:\\\/\\\/www.youtube.com\\\/channel\\\/UCGP2Sq0iWaZwT3BdIAQFYpw\"]},{\"@type\":\"Person\",\"@id\":\"https:\\\/\\\/www.organisator.ch\\\/#\\\/schema\\\/person\\\/aa2bace6c5c5aad60102004a50c4eb1c\",\"name\":\"admin\",\"image\":{\"@type\":\"ImageObject\",\"inLanguage\":\"fr-FR\",\"@id\":\"https:\\\/\\\/secure.gravatar.com\\\/avatar\\\/ae2f4d718e6c49043e314ce431e7e645d646302a24a5ef5a8bc8e3f5a032e319?s=96&d=mm&r=g\",\"url\":\"https:\\\/\\\/secure.gravatar.com\\\/avatar\\\/ae2f4d718e6c49043e314ce431e7e645d646302a24a5ef5a8bc8e3f5a032e319?s=96&d=mm&r=g\",\"contentUrl\":\"https:\\\/\\\/secure.gravatar.com\\\/avatar\\\/ae2f4d718e6c49043e314ce431e7e645d646302a24a5ef5a8bc8e3f5a032e319?s=96&d=mm&r=g\",\"caption\":\"admin\"},\"sameAs\":[\"https:\\\/\\\/www.organisator.ch\"],\"url\":\"https:\\\/\\\/www.organisator.ch\\\/fr\\\/author\\\/admin\\\/\"}]}<\/script>\n<!-- \/ Yoast SEO plugin. -->","yoast_head_json":{"title":"Dossier de fauteuil chez Abraxas - Organisateur","description":"Le 1er mai 2016, un changement interviendra au sein de la direction d'Abraxas Informatique SA.","robots":{"index":"index","follow":"follow","max-snippet":"max-snippet:-1","max-image-preview":"max-image-preview:large","max-video-preview":"max-video-preview:-1"},"canonical":"https:\/\/www.organisator.ch\/fr\/general\/2016-02-09\/sesselruecken-bei-abraxas\/","og_locale":"fr_FR","og_type":"article","og_title":"Sesselr\u00fccken bei Abraxas","og_description":"Per 1. Mai 2016 kommt es in der Gesch\u00e4ftsleitung der Abraxas Informatik AG zu einem Wechsel. F\u00e9lix Mauron (heute CEO und CFO) konzentriert sich auf eigenen Wunsch auf die Position des CFO. Den Vorsitz der Gesch\u00e4ftsleitung \u00fcbernimmt zu diesem Zeitpunkt der bisherige Vizepr\u00e4sident des Verwaltungsrats der Abraxas und heutiger Leiter der ETH Informatik, Reto Gutmann.","og_url":"https:\/\/www.organisator.ch\/fr\/general\/2016-02-09\/sesselruecken-bei-abraxas\/","og_site_name":"Organisator","article_publisher":"https:\/\/www.facebook.com\/OrganisatorFachmagazin","article_published_time":"2016-02-09T14:54:57+00:00","author":"admin","twitter_card":"summary_large_image","twitter_image":"https:\/\/www.organisator.ch\/wp-content\/uploads\/2016\/12\/Sesselruecken-bei-Abraxas-organisator.jpg","schema":{"@context":"https:\/\/schema.org","@graph":[{"@type":"Article","@id":"https:\/\/www.organisator.ch\/de\/allgemein\/2016-02-09\/sesselruecken-bei-abraxas\/#article","isPartOf":{"@id":"https:\/\/www.organisator.ch\/de\/allgemein\/2016-02-09\/sesselruecken-bei-abraxas\/"},"author":{"name":"admin","@id":"https:\/\/www.organisator.ch\/#\/schema\/person\/aa2bace6c5c5aad60102004a50c4eb1c"},"headline":"Sesselr\u00fccken bei Abraxas","datePublished":"2016-02-09T14:54:57+00:00","mainEntityOfPage":{"@id":"https:\/\/www.organisator.ch\/de\/allgemein\/2016-02-09\/sesselruecken-bei-abraxas\/"},"wordCount":181,"commentCount":0,"publisher":{"@id":"https:\/\/www.organisator.ch\/#organization"},"image":{"@id":"https:\/\/www.organisator.ch\/de\/allgemein\/2016-02-09\/sesselruecken-bei-abraxas\/#primaryimage"},"thumbnailUrl":"https:\/\/www.organisator.ch\/wp-content\/uploads\/2016\/12\/Sesselruecken-bei-Abraxas-organisator.jpg","keywords":["Personalien","Unternehmen"],"articleSection":["Allgemein"],"inLanguage":"fr-FR"},{"@type":"WebPage","@id":"https:\/\/www.organisator.ch\/de\/allgemein\/2016-02-09\/sesselruecken-bei-abraxas\/","url":"https:\/\/www.organisator.ch\/de\/allgemein\/2016-02-09\/sesselruecken-bei-abraxas\/","name":"Dossier de fauteuil chez Abraxas - Organisateur","isPartOf":{"@id":"https:\/\/www.organisator.ch\/#website"},"primaryImageOfPage":{"@id":"https:\/\/www.organisator.ch\/de\/allgemein\/2016-02-09\/sesselruecken-bei-abraxas\/#primaryimage"},"image":{"@id":"https:\/\/www.organisator.ch\/de\/allgemein\/2016-02-09\/sesselruecken-bei-abraxas\/#primaryimage"},"thumbnailUrl":"https:\/\/www.organisator.ch\/wp-content\/uploads\/2016\/12\/Sesselruecken-bei-Abraxas-organisator.jpg","datePublished":"2016-02-09T14:54:57+00:00","description":"Le 1er mai 2016, un changement interviendra au sein de la direction d'Abraxas Informatique SA.","breadcrumb":{"@id":"https:\/\/www.organisator.ch\/de\/allgemein\/2016-02-09\/sesselruecken-bei-abraxas\/#breadcrumb"},"inLanguage":"fr-FR","potentialAction":[{"@type":"ReadAction","target":["https:\/\/www.organisator.ch\/de\/allgemein\/2016-02-09\/sesselruecken-bei-abraxas\/"]}]},{"@type":"ImageObject","inLanguage":"fr-FR","@id":"https:\/\/www.organisator.ch\/de\/allgemein\/2016-02-09\/sesselruecken-bei-abraxas\/#primaryimage","url":"https:\/\/www.organisator.ch\/wp-content\/uploads\/2016\/12\/Sesselruecken-bei-Abraxas-organisator.jpg","contentUrl":"https:\/\/www.organisator.ch\/wp-content\/uploads\/2016\/12\/Sesselruecken-bei-Abraxas-organisator.jpg","width":675,"height":827,"caption":"F\u00e9lix Mauron, CFO von Abraxas."},{"@type":"BreadcrumbList","@id":"https:\/\/www.organisator.ch\/de\/allgemein\/2016-02-09\/sesselruecken-bei-abraxas\/#breadcrumb","itemListElement":[{"@type":"ListItem","position":1,"name":"Home","item":"https:\/\/www.organisator.ch\/"},{"@type":"ListItem","position":2,"name":"Sesselr\u00fccken bei Abraxas"}]},{"@type":"WebSite","@id":"https:\/\/www.organisator.ch\/#website","url":"https:\/\/www.organisator.ch\/","name":"Organisateur","description":"Comp\u00e9tence et comp\u00e9tence. Proches de la pratique. L'ORGANISATEUR pr\u00e9pare 10 num\u00e9ros par an sur les th\u00e8mes essentiels pour les dirigeants de PME.","publisher":{"@id":"https:\/\/www.organisator.ch\/#organization"},"potentialAction":[{"@type":"SearchAction","target":{"@type":"EntryPoint","urlTemplate":"https:\/\/www.organisator.ch\/?s={search_term_string}"},"query-input":{"@type":"PropertyValueSpecification","valueRequired":true,"valueName":"search_term_string"}}],"inLanguage":"fr-FR"},{"@type":"Organization","@id":"https:\/\/www.organisator.ch\/#organization","name":"Organisateur","url":"https:\/\/www.organisator.ch\/","logo":{"@type":"ImageObject","inLanguage":"fr-FR","@id":"https:\/\/www.organisator.ch\/#\/schema\/logo\/image\/","url":"https:\/\/www.organisator.ch\/wp-content\/uploads\/2022\/01\/Logo_Organisator_Website.png","contentUrl":"https:\/\/www.organisator.ch\/wp-content\/uploads\/2022\/01\/Logo_Organisator_Website.png","width":800,"height":77,"caption":"Organisator"},"image":{"@id":"https:\/\/www.organisator.ch\/#\/schema\/logo\/image\/"},"sameAs":["https:\/\/www.facebook.com\/OrganisatorFachmagazin","https:\/\/www.linkedin.com\/showcase\/organisator-das-magazin-fr-kmu","https:\/\/www.xing.com\/news\/pages\/organisator-ch-695","https:\/\/www.youtube.com\/channel\/UCGP2Sq0iWaZwT3BdIAQFYpw"]},{"@type":"Person","@id":"https:\/\/www.organisator.ch\/#\/schema\/person\/aa2bace6c5c5aad60102004a50c4eb1c","name":"admin","image":{"@type":"ImageObject","inLanguage":"fr-FR","@id":"https:\/\/secure.gravatar.com\/avatar\/ae2f4d718e6c49043e314ce431e7e645d646302a24a5ef5a8bc8e3f5a032e319?s=96&d=mm&r=g","url":"https:\/\/secure.gravatar.com\/avatar\/ae2f4d718e6c49043e314ce431e7e645d646302a24a5ef5a8bc8e3f5a032e319?s=96&d=mm&r=g","contentUrl":"https:\/\/secure.gravatar.com\/avatar\/ae2f4d718e6c49043e314ce431e7e645d646302a24a5ef5a8bc8e3f5a032e319?s=96&d=mm&r=g","caption":"admin"},"sameAs":["https:\/\/www.organisator.ch"],"url":"https:\/\/www.organisator.ch\/fr\/author\/admin\/"}]}},"_links":{"self":[{"href":"https:\/\/www.organisator.ch\/fr\/wp-json\/wp\/v2\/posts\/123","targetHints":{"allow":["GET"]}}],"collection":[{"href":"https:\/\/www.organisator.ch\/fr\/wp-json\/wp\/v2\/posts"}],"about":[{"href":"https:\/\/www.organisator.ch\/fr\/wp-json\/wp\/v2\/types\/post"}],"author":[{"embeddable":true,"href":"https:\/\/www.organisator.ch\/fr\/wp-json\/wp\/v2\/users\/1"}],"replies":[{"embeddable":true,"href":"https:\/\/www.organisator.ch\/fr\/wp-json\/wp\/v2\/comments?post=123"}],"version-history":[{"count":0,"href":"https:\/\/www.organisator.ch\/fr\/wp-json\/wp\/v2\/posts\/123\/revisions"}],"wp:featuredmedia":[{"embeddable":true,"href":"https:\/\/www.organisator.ch\/fr\/wp-json\/wp\/v2\/media\/124"}],"wp:attachment":[{"href":"https:\/\/www.organisator.ch\/fr\/wp-json\/wp\/v2\/media?parent=123"}],"wp:term":[{"taxonomy":"category","embeddable":true,"href":"https:\/\/www.organisator.ch\/fr\/wp-json\/wp\/v2\/categories?post=123"},{"taxonomy":"post_tag","embeddable":true,"href":"https:\/\/www.organisator.ch\/fr\/wp-json\/wp\/v2\/tags?post=123"}],"curies":[{"name":"wp","href":"https:\/\/api.w.org\/{rel}","templated":true}]}}