{"id":12303,"date":"2022-04-01T05:00:39","date_gmt":"2022-04-01T03:00:39","guid":{"rendered":"https:\/\/www.organisator.ch\/?p=12303"},"modified":"2022-04-05T10:35:55","modified_gmt":"2022-04-05T08:35:55","slug":"mit-bgm-nachhaltig-fuer-gesunde-mitarbeitende-engagiert","status":"publish","type":"post","link":"https:\/\/www.organisator.ch\/fr\/human-resources\/2022-04-01\/mit-bgm-nachhaltig-fuer-gesunde-mitarbeitende-engagiert\/","title":{"rendered":"S'engager durablement pour des collaborateurs en bonne sant\u00e9 gr\u00e2ce \u00e0 la GSE"},"content":{"rendered":"<figure id=\"attachment_12461\" aria-describedby=\"caption-attachment-12461\" style=\"width: 680px\" class=\"wp-caption alignnone\"><img loading=\"lazy\" decoding=\"async\" class=\"size-medium wp-image-12461\" src=\"https:\/\/www.organisator.ch\/wp-content\/uploads\/2022\/04\/Mit-BGM-nachhaltig-fuer-gesunde-Mitarbeitende-engagiert-neu_Organisator-680x454.jpg\" alt=\"\" width=\"680\" height=\"454\" srcset=\"https:\/\/www.organisator.ch\/wp-content\/uploads\/2022\/04\/Mit-BGM-nachhaltig-fuer-gesunde-Mitarbeitende-engagiert-neu_Organisator-680x454.jpg 680w, https:\/\/www.organisator.ch\/wp-content\/uploads\/2022\/04\/Mit-BGM-nachhaltig-fuer-gesunde-Mitarbeitende-engagiert-neu_Organisator-1024x684.jpg 1024w, https:\/\/www.organisator.ch\/wp-content\/uploads\/2022\/04\/Mit-BGM-nachhaltig-fuer-gesunde-Mitarbeitende-engagiert-neu_Organisator-768x513.jpg 768w, https:\/\/www.organisator.ch\/wp-content\/uploads\/2022\/04\/Mit-BGM-nachhaltig-fuer-gesunde-Mitarbeitende-engagiert-neu_Organisator-1536x1026.jpg 1536w, https:\/\/www.organisator.ch\/wp-content\/uploads\/2022\/04\/Mit-BGM-nachhaltig-fuer-gesunde-Mitarbeitende-engagiert-neu_Organisator-18x12.jpg 18w, https:\/\/www.organisator.ch\/wp-content\/uploads\/2022\/04\/Mit-BGM-nachhaltig-fuer-gesunde-Mitarbeitende-engagiert-neu_Organisator-262x175.jpg 262w, https:\/\/www.organisator.ch\/wp-content\/uploads\/2022\/04\/Mit-BGM-nachhaltig-fuer-gesunde-Mitarbeitende-engagiert-neu_Organisator-524x350.jpg 524w, https:\/\/www.organisator.ch\/wp-content\/uploads\/2022\/04\/Mit-BGM-nachhaltig-fuer-gesunde-Mitarbeitende-engagiert-neu_Organisator-1198x800.jpg 1198w, https:\/\/www.organisator.ch\/wp-content\/uploads\/2022\/04\/Mit-BGM-nachhaltig-fuer-gesunde-Mitarbeitende-engagiert-neu_Organisator-920x614.jpg 920w, https:\/\/www.organisator.ch\/wp-content\/uploads\/2022\/04\/Mit-BGM-nachhaltig-fuer-gesunde-Mitarbeitende-engagiert-neu_Organisator-1400x935.jpg 1400w, https:\/\/www.organisator.ch\/wp-content\/uploads\/2022\/04\/Mit-BGM-nachhaltig-fuer-gesunde-Mitarbeitende-engagiert-neu_Organisator-300x200.jpg 300w, https:\/\/www.organisator.ch\/wp-content\/uploads\/2022\/04\/Mit-BGM-nachhaltig-fuer-gesunde-Mitarbeitende-engagiert-neu_Organisator.jpg 1909w\" sizes=\"auto, (max-width: 680px) 100vw, 680px\" \/><figcaption id=\"caption-attachment-12461\" class=\"wp-caption-text\">Depuis 2019, Menu and more SA est titulaire du label \"Friendly Work Space\" de Promotion Sant\u00e9 Suisse. Le comit\u00e9 de pilotage GSE interne \u00e0 l'entreprise pr\u00e9sente fi\u00e8rement le certificat de certification. L'\u00e9quipe interdisciplinaire coordonne et con\u00e7oit les mesures de GSE chez menuandmore. De gauche \u00e0 droite : Benjamin Hold, responsable de la gestion de la qualit\u00e9 et du d\u00e9veloppement durable, Fabian Faraoni, responsable des achats,<br \/>Siri Solenthaler, d\u00e9veloppement commercial et service client\u00e8le, Stefan Grgur, chauffeur, Viktoria Krstic, chef d'\u00e9quipe pr\u00e9paration des commandes, Stefanie Schweizer, responsable marketing, communication et \u00e9v\u00e9nements, Helene Teuscher, responsable des ressources humaines, Michael Kunze, chef d'\u00e9quipe production (absent sur la photo). (Photo : Menu and More)<\/figcaption><\/figure>\n<p>En 2018, le fournisseur de repas pour enfants et adolescents a introduit sa GSE syst\u00e9matique et l'a int\u00e9gr\u00e9e dans les processus op\u00e9rationnels RH et de direction. Int\u00e9gr\u00e9e dans une culture de direction responsable et respectueuse, l'entreprise zurichoise encourage aussi bien la conscience des valeurs que la responsabilit\u00e9 personnelle des collaborateurs pour leur propre sant\u00e9 physique et psychique.<\/p>\n<h3><strong>Donner l'exemple de la GSE<\/strong><\/h3>\n<p>Un an plus tard, en 2019, menuandmore \u00e9tait pr\u00eat pour la certification avec le label <a href=\"https:\/\/friendlyworkspace.ch\/de\/\">\"Espace de travail convivial\"<\/a> de <a href=\"https:\/\/gesundheitsfoerderung.ch\/index.html\">Promotion Sant\u00e9 Suisse<\/a> et est depuis fi\u00e8rement titulaire du label de qualit\u00e9 BGM. Markus Daniel, directeur g\u00e9n\u00e9ral : \"La durabilit\u00e9 est au c\u0153ur de nos pr\u00e9occupations. Outre ses facettes \u00e9cologiques, \u00e9conomiques et sociales, la sant\u00e9 durable en fait \u00e9galement partie. C'est pourquoi, apr\u00e8s toutes les certifications d\u00e9j\u00e0 obtenues pour la gestion de la qualit\u00e9 et de l'environnement, l'introduction et la certification d'une GSE syst\u00e9matique constituaient pour nous la prochaine \u00e9tape logique\".<\/p>\n<h3><strong>Qu'il soit physique ou mental, tout sujet peut \u00eatre \"mis sur la table\".<\/strong><\/h3>\n<p>Entre-temps, la GSE est devenue une valeur s\u00fbre pour le prestataire de restauration pour enfants et adolescents. Les mesures correspondantes sont coordonn\u00e9es et con\u00e7ues par un comit\u00e9 de pilotage GSE interdisciplinaire, sous la direction de la directrice des ressources humaines Helene Teuscher. Ensemble, ils travaillent par exemple \u00e0 l'am\u00e9lioration des conditions de travail dans les domaines physiquement \u00e9prouvants comme la cuisine et le transport.<\/p>\n<p>Parall\u00e8lement, menuandmore contribue surtout \u00e0 la pr\u00e9servation de la sant\u00e9 psychique en d\u00e9veloppant constamment sa culture de gestion. Ainsi, les situations de stress psychique des collaborateurs sont trait\u00e9es individuellement.<\/p>\n<p>L'apprentie de commerce profite \u00e9galement de cet accompagnement personnel sur son lieu de formation chez menuandmore. Les charges psychiques des apprentis avaient d\u00e9j\u00e0 nettement augment\u00e9 avant la pand\u00e9mie, c'est pourquoi la sensibilisation aux questions de sant\u00e9 gr\u00e2ce \u00e0 la GSE est un avantage certain.<\/p>\n<h3><strong>Faire face \u00e0 des exigences accrues de mani\u00e8re souveraine gr\u00e2ce \u00e0 la GSE<\/strong><\/h3>\n<figure id=\"attachment_11357\" aria-describedby=\"caption-attachment-11357\" style=\"width: 680px\" class=\"wp-caption alignnone\"><img loading=\"lazy\" decoding=\"async\" class=\"size-medium wp-image-11357\" src=\"https:\/\/www.organisator.ch\/wp-content\/uploads\/2022\/02\/Organisator-Gesund-investiert-Grafik-680x394.jpg\" alt=\"\" width=\"680\" height=\"394\" srcset=\"https:\/\/www.organisator.ch\/wp-content\/uploads\/2022\/02\/Organisator-Gesund-investiert-Grafik-680x394.jpg 680w, https:\/\/www.organisator.ch\/wp-content\/uploads\/2022\/02\/Organisator-Gesund-investiert-Grafik-768x445.jpg 768w, https:\/\/www.organisator.ch\/wp-content\/uploads\/2022\/02\/Organisator-Gesund-investiert-Grafik-18x10.jpg 18w, https:\/\/www.organisator.ch\/wp-content\/uploads\/2022\/02\/Organisator-Gesund-investiert-Grafik-302x175.jpg 302w, https:\/\/www.organisator.ch\/wp-content\/uploads\/2022\/02\/Organisator-Gesund-investiert-Grafik-605x350.jpg 605w, https:\/\/www.organisator.ch\/wp-content\/uploads\/2022\/02\/Organisator-Gesund-investiert-Grafik-920x533.jpg 920w, https:\/\/www.organisator.ch\/wp-content\/uploads\/2022\/02\/Organisator-Gesund-investiert-Grafik-300x174.jpg 300w, https:\/\/www.organisator.ch\/wp-content\/uploads\/2022\/02\/Organisator-Gesund-investiert-Grafik.jpg 950w\" sizes=\"auto, (max-width: 680px) 100vw, 680px\" \/><figcaption id=\"caption-attachment-11357\" class=\"wp-caption-text\">Proportion de personnes actives ayant plus de contraintes que de ressources<br \/>Sources : Monitorage du Job Stress Index 2014, 2016, 2018, 2020<\/figcaption><\/figure>\n<p>Selon le <a href=\"https:\/\/gesundheitsfoerderung.ch\/assets\/public\/documents\/de\/5-grundlagen\/publikationen\/bgm\/faktenblaetter\/Faktenblatt_048_GFCH_2020-09_-_Job-Stress-Index_2020.pdf\">Indice de stress au travail 2020<\/a> de <a href=\"https:\/\/gesundheitsfoerderung.ch\/\">Promotion Sant\u00e9 Suisse<\/a> (voir graphique), 42% des jeunes actifs \u00e2g\u00e9s de 16 \u00e0 24 ans ont trop peu de ressources pour faire face aux exigences du travail, 30% sont \u00e9puis\u00e9s \u00e9motionnellement et leur risque d'accident professionnel est deux fois plus \u00e9lev\u00e9. La cons\u00e9quence \u00e9conomique est une perte de productivit\u00e9 due \u00e0 la sant\u00e9 dans ce groupe d'\u00e2ge de bien 21% <sup>1) <\/sup>.<\/p>\n<p>Le besoin d'une promotion sp\u00e9cifique de la sant\u00e9 psychique des apprentis est \u00e9vident. Parall\u00e8lement, les exigences envers les responsables de la formation professionnelle augmentent et des offres de soutien cibl\u00e9es sont n\u00e9cessaires. Les associations sectorielles, l'association des formateurs professionnels ou l'offre \"Formation professionnelle\" constituent par exemple de bons points de contact.<a href=\"https:\/\/fws-apprentice.ch\/\">Apprenti<\/a>Le projet \"Promotion Sant\u00e9 Suisse\" pour une gestion saine des jeunes actifs.<\/p>\n<p>Le spectre d'\"Apprentice\" comprend une <a href=\"https:\/\/fws-apprentice.ch\/werkzeugkiste\/vorbeugen\">\"Bo\u00eete \u00e0 outils\"<\/a> avec des exemples de cas, des informations fond\u00e9es sur des situations difficiles ainsi que sur la sant\u00e9 mentale des apprenants en g\u00e9n\u00e9ral. Les autres modules sont <a href=\"https:\/\/fws-apprentice.ch\/austausch\">Rencontre ERFA<\/a> pour l'\u00e9change intersectoriel de formateurs professionnels, une \"<a href=\"https:\/\/fws-apprentice.ch\/experts-app\">Experts App<\/a>\" comme source d'information rapide et actuelle, ainsi que des <a href=\"https:\/\/fws-apprentice.ch\/beratung\/weiterbildung\/weiterbildung\">Formations continues<\/a>.<\/p>\n<p>\"Apprentice' est une offre convaincante qui propose des solutions fond\u00e9es \u00e0 diverses situations de d\u00e9part. Heureusement, nous n'avons actuellement pas de situations conflictuelles, mais je trouve chez 'Apprentice' une multitude de suggestions et de conseils sur la mani\u00e8re dont nous pouvons, en tant que formateurs professionnels, soutenir nos apprentis, par exemple dans le d\u00e9veloppement de la r\u00e9flexion et de la responsabilit\u00e9 personnelles. C'est pourquoi j'utilise volontiers les outils et supports propos\u00e9s\", r\u00e9sume Simon Kindt, responsable administratif, assistant du personnel et formateur chez Menu and More AG.<\/p>\n<p><sup>1)<\/sup> Source : Promotion Sant\u00e9 Suisse - Job-Stress-Index-Monitoring 2018 selon Galliker et al. 2018b<\/p>\n<p><em>Auteur : Dorit Schmidt-Purrmann, <\/em><em>Experte en communication et conseill\u00e8re en GSE<\/em><\/p>","protected":false},"excerpt":{"rendered":"<p>Im Jahr 2018 f\u00fchrte die Anbieterin von Kinder- und Jugendverpflegung ihr systematisches BGM ein und integrierte es in die operativen HR- und F\u00fchrungsprozesse. Eingebettet in eine wertsch\u00e4tzende, verantwortungsvolle F\u00fchrungskultur f\u00f6rdert das Z\u00fcrcher Unternehmen sowohl das Wertebewusstsein wie auch die Selbstverantwortung der Mitarbeitenden f\u00fcr die eigene physische und psychische Gesundheit. BGM vorleben Ein Jahr sp\u00e4ter, 2019, [&hellip;]<\/p>\n","protected":false},"author":4,"featured_media":12304,"comment_status":"closed","ping_status":"closed","sticky":false,"template":"","format":"standard","meta":{"_acf_changed":false,"_yoast_wpseo_focuskw":"BGM","_yoast_wpseo_metadesc":"Firmen wie Menu and More AG f\u00f6rdern gezielt die Gesundheit ihrer Mitarbeitenden direkt ab dem Berufseinstieg mit einem systematischen BGM.","articlekey":"","footnotes":""},"categories":[579],"tags":[51,2775,2696],"class_list":["post-12303","post","type-post","status-publish","format-standard","has-post-thumbnail","hentry","category-human-resources","tag-arbeitsplatzgestaltung","tag-bgm","tag-publireportage"],"acf":[],"yoast_head":"<!-- This site is optimized with the Yoast SEO plugin v27.4 - https:\/\/yoast.com\/product\/yoast-seo-wordpress\/ -->\n<title>Mit BGM nachhaltig f\u00fcr gesunde Mitarbeitende engagiert - Organisator<\/title>\n<meta name=\"description\" content=\"Firmen wie Menu and More AG f\u00f6rdern gezielt die Gesundheit ihrer Mitarbeitenden direkt ab dem Berufseinstieg mit einem systematischen BGM.\" \/>\n<meta name=\"robots\" content=\"index, follow, max-snippet:-1, max-image-preview:large, max-video-preview:-1\" \/>\n<link rel=\"canonical\" href=\"https:\/\/www.organisator.ch\/fr\/ressources-humaines\/2022-04-01\/mit-bgm-nachhaltig-fuer-gesunde-mitarbeitende-engagiert\/\" \/>\n<meta property=\"og:locale\" content=\"fr_FR\" \/>\n<meta property=\"og:type\" content=\"article\" \/>\n<meta property=\"og:title\" content=\"Mit BGM nachhaltig f\u00fcr gesunde Mitarbeitende engagiert\" \/>\n<meta property=\"og:description\" content=\"Firmen wie Menu and More AG f\u00f6rdern gezielt die Gesundheit ihrer Mitarbeitenden direkt ab dem Berufseinstieg mit einem systematischen BGM.\" \/>\n<meta property=\"og:url\" content=\"https:\/\/www.organisator.ch\/fr\/ressources-humaines\/2022-04-01\/mit-bgm-nachhaltig-fuer-gesunde-mitarbeitende-engagiert\/\" \/>\n<meta property=\"og:site_name\" content=\"Organisator\" \/>\n<meta property=\"article:publisher\" content=\"https:\/\/www.facebook.com\/OrganisatorFachmagazin\" \/>\n<meta property=\"article:published_time\" content=\"2022-04-01T03:00:39+00:00\" \/>\n<meta property=\"article:modified_time\" content=\"2022-04-05T08:35:55+00:00\" \/>\n<meta property=\"og:image\" content=\"https:\/\/www.organisator.ch\/wp-content\/uploads\/2022\/03\/Mit-BGM-nachhaltig-fuer-gesunde-Mitarbeitende-engagiert_Organisator.jpg\" \/>\n\t<meta property=\"og:image:width\" content=\"680\" \/>\n\t<meta property=\"og:image:height\" content=\"454\" \/>\n\t<meta property=\"og:image:type\" content=\"image\/jpeg\" \/>\n<meta name=\"author\" content=\"thomas.berner\" \/>\n<meta name=\"twitter:card\" content=\"summary_large_image\" \/>\n<meta name=\"twitter:title\" content=\"Mit #BGM nachhaltig f\u00fcr gesunde #Mitarbeitende engagiert\" \/>\n<meta name=\"twitter:description\" content=\"Firmen wie #MenuandMore AG f\u00f6rdern gezielt die #Gesundheit ihrer Mitarbeitenden direkt ab dem Berufseinstieg mit einem systematischen #BGM.\" \/>\n<meta name=\"twitter:image\" content=\"https:\/\/www.organisator.ch\/wp-content\/uploads\/2022\/03\/Mit-BGM-nachhaltig-fuer-gesunde-Mitarbeitende-engagiert_Organisator.jpg\" \/>\n<script type=\"application\/ld+json\" class=\"yoast-schema-graph\">{\"@context\":\"https:\\\/\\\/schema.org\",\"@graph\":[{\"@type\":\"Article\",\"@id\":\"https:\\\/\\\/www.organisator.ch\\\/human-resources\\\/2022-04-01\\\/mit-bgm-nachhaltig-fuer-gesunde-mitarbeitende-engagiert\\\/#article\",\"isPartOf\":{\"@id\":\"https:\\\/\\\/www.organisator.ch\\\/human-resources\\\/2022-04-01\\\/mit-bgm-nachhaltig-fuer-gesunde-mitarbeitende-engagiert\\\/\"},\"author\":{\"name\":\"thomas.berner\",\"@id\":\"https:\\\/\\\/www.organisator.ch\\\/#\\\/schema\\\/person\\\/6f650f90b2842cd4c0cc334b4e36f67e\"},\"headline\":\"Mit BGM nachhaltig f\u00fcr gesunde Mitarbeitende engagiert\",\"datePublished\":\"2022-04-01T03:00:39+00:00\",\"dateModified\":\"2022-04-05T08:35:55+00:00\",\"mainEntityOfPage\":{\"@id\":\"https:\\\/\\\/www.organisator.ch\\\/human-resources\\\/2022-04-01\\\/mit-bgm-nachhaltig-fuer-gesunde-mitarbeitende-engagiert\\\/\"},\"wordCount\":658,\"publisher\":{\"@id\":\"https:\\\/\\\/www.organisator.ch\\\/#organization\"},\"image\":{\"@id\":\"https:\\\/\\\/www.organisator.ch\\\/human-resources\\\/2022-04-01\\\/mit-bgm-nachhaltig-fuer-gesunde-mitarbeitende-engagiert\\\/#primaryimage\"},\"thumbnailUrl\":\"https:\\\/\\\/www.organisator.ch\\\/wp-content\\\/uploads\\\/2022\\\/03\\\/Mit-BGM-nachhaltig-fuer-gesunde-Mitarbeitende-engagiert_Organisator.jpg\",\"keywords\":[\"Arbeitsplatzgestaltung\",\"BGM\",\"Publireportage\"],\"articleSection\":[\"HUMAN RESOURCES\"],\"inLanguage\":\"fr-FR\"},{\"@type\":\"WebPage\",\"@id\":\"https:\\\/\\\/www.organisator.ch\\\/human-resources\\\/2022-04-01\\\/mit-bgm-nachhaltig-fuer-gesunde-mitarbeitende-engagiert\\\/\",\"url\":\"https:\\\/\\\/www.organisator.ch\\\/human-resources\\\/2022-04-01\\\/mit-bgm-nachhaltig-fuer-gesunde-mitarbeitende-engagiert\\\/\",\"name\":\"Mit BGM nachhaltig f\u00fcr gesunde Mitarbeitende engagiert - Organisator\",\"isPartOf\":{\"@id\":\"https:\\\/\\\/www.organisator.ch\\\/#website\"},\"primaryImageOfPage\":{\"@id\":\"https:\\\/\\\/www.organisator.ch\\\/human-resources\\\/2022-04-01\\\/mit-bgm-nachhaltig-fuer-gesunde-mitarbeitende-engagiert\\\/#primaryimage\"},\"image\":{\"@id\":\"https:\\\/\\\/www.organisator.ch\\\/human-resources\\\/2022-04-01\\\/mit-bgm-nachhaltig-fuer-gesunde-mitarbeitende-engagiert\\\/#primaryimage\"},\"thumbnailUrl\":\"https:\\\/\\\/www.organisator.ch\\\/wp-content\\\/uploads\\\/2022\\\/03\\\/Mit-BGM-nachhaltig-fuer-gesunde-Mitarbeitende-engagiert_Organisator.jpg\",\"datePublished\":\"2022-04-01T03:00:39+00:00\",\"dateModified\":\"2022-04-05T08:35:55+00:00\",\"description\":\"Firmen wie Menu and More AG f\u00f6rdern gezielt die Gesundheit ihrer Mitarbeitenden direkt ab dem Berufseinstieg mit einem systematischen BGM.\",\"breadcrumb\":{\"@id\":\"https:\\\/\\\/www.organisator.ch\\\/human-resources\\\/2022-04-01\\\/mit-bgm-nachhaltig-fuer-gesunde-mitarbeitende-engagiert\\\/#breadcrumb\"},\"inLanguage\":\"fr-FR\",\"potentialAction\":[{\"@type\":\"ReadAction\",\"target\":[\"https:\\\/\\\/www.organisator.ch\\\/human-resources\\\/2022-04-01\\\/mit-bgm-nachhaltig-fuer-gesunde-mitarbeitende-engagiert\\\/\"]}]},{\"@type\":\"ImageObject\",\"inLanguage\":\"fr-FR\",\"@id\":\"https:\\\/\\\/www.organisator.ch\\\/human-resources\\\/2022-04-01\\\/mit-bgm-nachhaltig-fuer-gesunde-mitarbeitende-engagiert\\\/#primaryimage\",\"url\":\"https:\\\/\\\/www.organisator.ch\\\/wp-content\\\/uploads\\\/2022\\\/03\\\/Mit-BGM-nachhaltig-fuer-gesunde-Mitarbeitende-engagiert_Organisator.jpg\",\"contentUrl\":\"https:\\\/\\\/www.organisator.ch\\\/wp-content\\\/uploads\\\/2022\\\/03\\\/Mit-BGM-nachhaltig-fuer-gesunde-Mitarbeitende-engagiert_Organisator.jpg\",\"width\":680,\"height\":454,\"caption\":\"Seit 2019 ist die Menu and more AG Tr\u00e4gerin des Labels \u00abFriendly Work Space\u00bb von Gesundheitsf\u00f6rderung Schweiz. Stolz pr\u00e4sentiert das unternehmensinterne BGM-Steuergremium die Zertifizierungsurkunde. Das interdisziplin\u00e4re Team koordi-niert und gestaltet die BGM-Massnahmen bei menuandmore. vlnr.: Benjamin Hold, Leiter Qualit\u00e4ts- und Nachhaltigkeits-Management, Fabian Faraoni, Leiter Einkauf, Siri Solenthaler, Gesch\u00e4ftsentwicklung und Kundenbetreuung, Stefan Grgur, Chauffeur, Viktoria Krstic, Schichtleiterin Kommissionierung, Stefanie Schweizer, Leiterin Marketing, Kommunikation und Events, Helene Teuscher, Leiterin Human Resources, Michael Kunze, Teamleiter Produktion (fehlt auf dem Foto). (Bild: Menu and More)\"},{\"@type\":\"BreadcrumbList\",\"@id\":\"https:\\\/\\\/www.organisator.ch\\\/human-resources\\\/2022-04-01\\\/mit-bgm-nachhaltig-fuer-gesunde-mitarbeitende-engagiert\\\/#breadcrumb\",\"itemListElement\":[{\"@type\":\"ListItem\",\"position\":1,\"name\":\"Home\",\"item\":\"https:\\\/\\\/www.organisator.ch\\\/\"},{\"@type\":\"ListItem\",\"position\":2,\"name\":\"Mit BGM nachhaltig f\u00fcr gesunde Mitarbeitende engagiert\"}]},{\"@type\":\"WebSite\",\"@id\":\"https:\\\/\\\/www.organisator.ch\\\/#website\",\"url\":\"https:\\\/\\\/www.organisator.ch\\\/\",\"name\":\"Organisator\",\"description\":\"Kompetent. Praxisnah. Der ORGANISATOR bereitet in 10 Ausgaben pro Jahr die wesentlichen Themen f\u00fcr F\u00fchrungskr\u00e4fte von KMU auf.\",\"publisher\":{\"@id\":\"https:\\\/\\\/www.organisator.ch\\\/#organization\"},\"potentialAction\":[{\"@type\":\"SearchAction\",\"target\":{\"@type\":\"EntryPoint\",\"urlTemplate\":\"https:\\\/\\\/www.organisator.ch\\\/?s={search_term_string}\"},\"query-input\":{\"@type\":\"PropertyValueSpecification\",\"valueRequired\":true,\"valueName\":\"search_term_string\"}}],\"inLanguage\":\"fr-FR\"},{\"@type\":\"Organization\",\"@id\":\"https:\\\/\\\/www.organisator.ch\\\/#organization\",\"name\":\"Organisator\",\"url\":\"https:\\\/\\\/www.organisator.ch\\\/\",\"logo\":{\"@type\":\"ImageObject\",\"inLanguage\":\"fr-FR\",\"@id\":\"https:\\\/\\\/www.organisator.ch\\\/#\\\/schema\\\/logo\\\/image\\\/\",\"url\":\"https:\\\/\\\/www.organisator.ch\\\/wp-content\\\/uploads\\\/2022\\\/01\\\/Logo_Organisator_Website.png\",\"contentUrl\":\"https:\\\/\\\/www.organisator.ch\\\/wp-content\\\/uploads\\\/2022\\\/01\\\/Logo_Organisator_Website.png\",\"width\":800,\"height\":77,\"caption\":\"Organisator\"},\"image\":{\"@id\":\"https:\\\/\\\/www.organisator.ch\\\/#\\\/schema\\\/logo\\\/image\\\/\"},\"sameAs\":[\"https:\\\/\\\/www.facebook.com\\\/OrganisatorFachmagazin\",\"https:\\\/\\\/www.linkedin.com\\\/showcase\\\/organisator-das-magazin-fr-kmu\",\"https:\\\/\\\/www.xing.com\\\/news\\\/pages\\\/organisator-ch-695\",\"https:\\\/\\\/www.youtube.com\\\/channel\\\/UCGP2Sq0iWaZwT3BdIAQFYpw\"]},{\"@type\":\"Person\",\"@id\":\"https:\\\/\\\/www.organisator.ch\\\/#\\\/schema\\\/person\\\/6f650f90b2842cd4c0cc334b4e36f67e\",\"name\":\"thomas.berner\",\"image\":{\"@type\":\"ImageObject\",\"inLanguage\":\"fr-FR\",\"@id\":\"https:\\\/\\\/secure.gravatar.com\\\/avatar\\\/ac5001d2a36cb6c6cd3e50789007ffca834b477b74a2144564522e944eabff61?s=96&d=mm&r=g\",\"url\":\"https:\\\/\\\/secure.gravatar.com\\\/avatar\\\/ac5001d2a36cb6c6cd3e50789007ffca834b477b74a2144564522e944eabff61?s=96&d=mm&r=g\",\"contentUrl\":\"https:\\\/\\\/secure.gravatar.com\\\/avatar\\\/ac5001d2a36cb6c6cd3e50789007ffca834b477b74a2144564522e944eabff61?s=96&d=mm&r=g\",\"caption\":\"thomas.berner\"},\"url\":\"https:\\\/\\\/www.organisator.ch\\\/fr\\\/author\\\/thomas-berner\\\/\"}]}<\/script>\n<!-- \/ Yoast SEO plugin. -->","yoast_head_json":{"title":"S'engager durablement pour des collaborateurs en bonne sant\u00e9 gr\u00e2ce \u00e0 la GSE - Organisateur","description":"Des entreprises comme Menu and More AG encouragent de mani\u00e8re cibl\u00e9e la sant\u00e9 de leurs collaborateurs d\u00e8s leur entr\u00e9e dans la vie professionnelle gr\u00e2ce \u00e0 une GSE syst\u00e9matique.","robots":{"index":"index","follow":"follow","max-snippet":"max-snippet:-1","max-image-preview":"max-image-preview:large","max-video-preview":"max-video-preview:-1"},"canonical":"https:\/\/www.organisator.ch\/fr\/ressources-humaines\/2022-04-01\/mit-bgm-nachhaltig-fuer-gesunde-mitarbeitende-engagiert\/","og_locale":"fr_FR","og_type":"article","og_title":"Mit BGM nachhaltig f\u00fcr gesunde Mitarbeitende engagiert","og_description":"Firmen wie Menu and More AG f\u00f6rdern gezielt die Gesundheit ihrer Mitarbeitenden direkt ab dem Berufseinstieg mit einem systematischen BGM.","og_url":"https:\/\/www.organisator.ch\/fr\/ressources-humaines\/2022-04-01\/mit-bgm-nachhaltig-fuer-gesunde-mitarbeitende-engagiert\/","og_site_name":"Organisator","article_publisher":"https:\/\/www.facebook.com\/OrganisatorFachmagazin","article_published_time":"2022-04-01T03:00:39+00:00","article_modified_time":"2022-04-05T08:35:55+00:00","og_image":[{"width":680,"height":454,"url":"https:\/\/www.organisator.ch\/wp-content\/uploads\/2022\/03\/Mit-BGM-nachhaltig-fuer-gesunde-Mitarbeitende-engagiert_Organisator.jpg","type":"image\/jpeg"}],"author":"thomas.berner","twitter_card":"summary_large_image","twitter_title":"Mit #BGM nachhaltig f\u00fcr gesunde #Mitarbeitende engagiert","twitter_description":"Firmen wie #MenuandMore AG f\u00f6rdern gezielt die #Gesundheit ihrer Mitarbeitenden direkt ab dem Berufseinstieg mit einem systematischen #BGM.","twitter_image":"https:\/\/www.organisator.ch\/wp-content\/uploads\/2022\/03\/Mit-BGM-nachhaltig-fuer-gesunde-Mitarbeitende-engagiert_Organisator.jpg","schema":{"@context":"https:\/\/schema.org","@graph":[{"@type":"Article","@id":"https:\/\/www.organisator.ch\/human-resources\/2022-04-01\/mit-bgm-nachhaltig-fuer-gesunde-mitarbeitende-engagiert\/#article","isPartOf":{"@id":"https:\/\/www.organisator.ch\/human-resources\/2022-04-01\/mit-bgm-nachhaltig-fuer-gesunde-mitarbeitende-engagiert\/"},"author":{"name":"thomas.berner","@id":"https:\/\/www.organisator.ch\/#\/schema\/person\/6f650f90b2842cd4c0cc334b4e36f67e"},"headline":"Mit BGM nachhaltig f\u00fcr gesunde Mitarbeitende engagiert","datePublished":"2022-04-01T03:00:39+00:00","dateModified":"2022-04-05T08:35:55+00:00","mainEntityOfPage":{"@id":"https:\/\/www.organisator.ch\/human-resources\/2022-04-01\/mit-bgm-nachhaltig-fuer-gesunde-mitarbeitende-engagiert\/"},"wordCount":658,"publisher":{"@id":"https:\/\/www.organisator.ch\/#organization"},"image":{"@id":"https:\/\/www.organisator.ch\/human-resources\/2022-04-01\/mit-bgm-nachhaltig-fuer-gesunde-mitarbeitende-engagiert\/#primaryimage"},"thumbnailUrl":"https:\/\/www.organisator.ch\/wp-content\/uploads\/2022\/03\/Mit-BGM-nachhaltig-fuer-gesunde-Mitarbeitende-engagiert_Organisator.jpg","keywords":["Arbeitsplatzgestaltung","BGM","Publireportage"],"articleSection":["HUMAN RESOURCES"],"inLanguage":"fr-FR"},{"@type":"WebPage","@id":"https:\/\/www.organisator.ch\/human-resources\/2022-04-01\/mit-bgm-nachhaltig-fuer-gesunde-mitarbeitende-engagiert\/","url":"https:\/\/www.organisator.ch\/human-resources\/2022-04-01\/mit-bgm-nachhaltig-fuer-gesunde-mitarbeitende-engagiert\/","name":"S'engager durablement pour des collaborateurs en bonne sant\u00e9 gr\u00e2ce \u00e0 la GSE - Organisateur","isPartOf":{"@id":"https:\/\/www.organisator.ch\/#website"},"primaryImageOfPage":{"@id":"https:\/\/www.organisator.ch\/human-resources\/2022-04-01\/mit-bgm-nachhaltig-fuer-gesunde-mitarbeitende-engagiert\/#primaryimage"},"image":{"@id":"https:\/\/www.organisator.ch\/human-resources\/2022-04-01\/mit-bgm-nachhaltig-fuer-gesunde-mitarbeitende-engagiert\/#primaryimage"},"thumbnailUrl":"https:\/\/www.organisator.ch\/wp-content\/uploads\/2022\/03\/Mit-BGM-nachhaltig-fuer-gesunde-Mitarbeitende-engagiert_Organisator.jpg","datePublished":"2022-04-01T03:00:39+00:00","dateModified":"2022-04-05T08:35:55+00:00","description":"Des entreprises comme Menu and More AG encouragent de mani\u00e8re cibl\u00e9e la sant\u00e9 de leurs collaborateurs d\u00e8s leur entr\u00e9e dans la vie professionnelle gr\u00e2ce \u00e0 une GSE syst\u00e9matique.","breadcrumb":{"@id":"https:\/\/www.organisator.ch\/human-resources\/2022-04-01\/mit-bgm-nachhaltig-fuer-gesunde-mitarbeitende-engagiert\/#breadcrumb"},"inLanguage":"fr-FR","potentialAction":[{"@type":"ReadAction","target":["https:\/\/www.organisator.ch\/human-resources\/2022-04-01\/mit-bgm-nachhaltig-fuer-gesunde-mitarbeitende-engagiert\/"]}]},{"@type":"ImageObject","inLanguage":"fr-FR","@id":"https:\/\/www.organisator.ch\/human-resources\/2022-04-01\/mit-bgm-nachhaltig-fuer-gesunde-mitarbeitende-engagiert\/#primaryimage","url":"https:\/\/www.organisator.ch\/wp-content\/uploads\/2022\/03\/Mit-BGM-nachhaltig-fuer-gesunde-Mitarbeitende-engagiert_Organisator.jpg","contentUrl":"https:\/\/www.organisator.ch\/wp-content\/uploads\/2022\/03\/Mit-BGM-nachhaltig-fuer-gesunde-Mitarbeitende-engagiert_Organisator.jpg","width":680,"height":454,"caption":"Seit 2019 ist die Menu and more AG Tr\u00e4gerin des Labels \u00abFriendly Work Space\u00bb von Gesundheitsf\u00f6rderung Schweiz. Stolz pr\u00e4sentiert das unternehmensinterne BGM-Steuergremium die Zertifizierungsurkunde. Das interdisziplin\u00e4re Team koordi-niert und gestaltet die BGM-Massnahmen bei menuandmore. vlnr.: Benjamin Hold, Leiter Qualit\u00e4ts- und Nachhaltigkeits-Management, Fabian Faraoni, Leiter Einkauf, Siri Solenthaler, Gesch\u00e4ftsentwicklung und Kundenbetreuung, Stefan Grgur, Chauffeur, Viktoria Krstic, Schichtleiterin Kommissionierung, Stefanie Schweizer, Leiterin Marketing, Kommunikation und Events, Helene Teuscher, Leiterin Human Resources, Michael Kunze, Teamleiter Produktion (fehlt auf dem Foto). (Bild: Menu and More)"},{"@type":"BreadcrumbList","@id":"https:\/\/www.organisator.ch\/human-resources\/2022-04-01\/mit-bgm-nachhaltig-fuer-gesunde-mitarbeitende-engagiert\/#breadcrumb","itemListElement":[{"@type":"ListItem","position":1,"name":"Home","item":"https:\/\/www.organisator.ch\/"},{"@type":"ListItem","position":2,"name":"Mit BGM nachhaltig f\u00fcr gesunde Mitarbeitende engagiert"}]},{"@type":"WebSite","@id":"https:\/\/www.organisator.ch\/#website","url":"https:\/\/www.organisator.ch\/","name":"Organisateur","description":"Comp\u00e9tence et comp\u00e9tence. Proches de la pratique. L'ORGANISATEUR pr\u00e9pare 10 num\u00e9ros par an sur les th\u00e8mes essentiels pour les dirigeants de PME.","publisher":{"@id":"https:\/\/www.organisator.ch\/#organization"},"potentialAction":[{"@type":"SearchAction","target":{"@type":"EntryPoint","urlTemplate":"https:\/\/www.organisator.ch\/?s={search_term_string}"},"query-input":{"@type":"PropertyValueSpecification","valueRequired":true,"valueName":"search_term_string"}}],"inLanguage":"fr-FR"},{"@type":"Organization","@id":"https:\/\/www.organisator.ch\/#organization","name":"Organisateur","url":"https:\/\/www.organisator.ch\/","logo":{"@type":"ImageObject","inLanguage":"fr-FR","@id":"https:\/\/www.organisator.ch\/#\/schema\/logo\/image\/","url":"https:\/\/www.organisator.ch\/wp-content\/uploads\/2022\/01\/Logo_Organisator_Website.png","contentUrl":"https:\/\/www.organisator.ch\/wp-content\/uploads\/2022\/01\/Logo_Organisator_Website.png","width":800,"height":77,"caption":"Organisator"},"image":{"@id":"https:\/\/www.organisator.ch\/#\/schema\/logo\/image\/"},"sameAs":["https:\/\/www.facebook.com\/OrganisatorFachmagazin","https:\/\/www.linkedin.com\/showcase\/organisator-das-magazin-fr-kmu","https:\/\/www.xing.com\/news\/pages\/organisator-ch-695","https:\/\/www.youtube.com\/channel\/UCGP2Sq0iWaZwT3BdIAQFYpw"]},{"@type":"Person","@id":"https:\/\/www.organisator.ch\/#\/schema\/person\/6f650f90b2842cd4c0cc334b4e36f67e","name":"thomas.berner","image":{"@type":"ImageObject","inLanguage":"fr-FR","@id":"https:\/\/secure.gravatar.com\/avatar\/ac5001d2a36cb6c6cd3e50789007ffca834b477b74a2144564522e944eabff61?s=96&d=mm&r=g","url":"https:\/\/secure.gravatar.com\/avatar\/ac5001d2a36cb6c6cd3e50789007ffca834b477b74a2144564522e944eabff61?s=96&d=mm&r=g","contentUrl":"https:\/\/secure.gravatar.com\/avatar\/ac5001d2a36cb6c6cd3e50789007ffca834b477b74a2144564522e944eabff61?s=96&d=mm&r=g","caption":"thomas.berner"},"url":"https:\/\/www.organisator.ch\/fr\/author\/thomas-berner\/"}]}},"_links":{"self":[{"href":"https:\/\/www.organisator.ch\/fr\/wp-json\/wp\/v2\/posts\/12303","targetHints":{"allow":["GET"]}}],"collection":[{"href":"https:\/\/www.organisator.ch\/fr\/wp-json\/wp\/v2\/posts"}],"about":[{"href":"https:\/\/www.organisator.ch\/fr\/wp-json\/wp\/v2\/types\/post"}],"author":[{"embeddable":true,"href":"https:\/\/www.organisator.ch\/fr\/wp-json\/wp\/v2\/users\/4"}],"replies":[{"embeddable":true,"href":"https:\/\/www.organisator.ch\/fr\/wp-json\/wp\/v2\/comments?post=12303"}],"version-history":[{"count":5,"href":"https:\/\/www.organisator.ch\/fr\/wp-json\/wp\/v2\/posts\/12303\/revisions"}],"predecessor-version":[{"id":12462,"href":"https:\/\/www.organisator.ch\/fr\/wp-json\/wp\/v2\/posts\/12303\/revisions\/12462"}],"wp:featuredmedia":[{"embeddable":true,"href":"https:\/\/www.organisator.ch\/fr\/wp-json\/wp\/v2\/media\/12304"}],"wp:attachment":[{"href":"https:\/\/www.organisator.ch\/fr\/wp-json\/wp\/v2\/media?parent=12303"}],"wp:term":[{"taxonomy":"category","embeddable":true,"href":"https:\/\/www.organisator.ch\/fr\/wp-json\/wp\/v2\/categories?post=12303"},{"taxonomy":"post_tag","embeddable":true,"href":"https:\/\/www.organisator.ch\/fr\/wp-json\/wp\/v2\/tags?post=12303"}],"curies":[{"name":"wp","href":"https:\/\/api.w.org\/{rel}","templated":true}]}}