{"id":12308,"date":"2022-03-31T08:15:08","date_gmt":"2022-03-31T06:15:08","guid":{"rendered":"https:\/\/www.m-q.ch\/?p=16111"},"modified":"2022-04-01T08:07:18","modified_gmt":"2022-04-01T06:07:18","slug":"world-backup-day-2022-was-experten-meinen","status":"publish","type":"post","link":"https:\/\/www.organisator.ch\/fr\/operational-excellence\/2022-03-31\/world-backup-day-2022-was-experten-meinen\/","title":{"rendered":"World Backup Day 2022 : l'avis des experts"},"content":{"rendered":"<figure id=\"attachment_16113\" class=\"wp-caption alignnone\" style=\"width: 680px;\" aria-describedby=\"caption-attachment-16113\"><img class=\"size-full wp-image-16113\" src=\"https:\/\/www.m-q.ch\/wp-content\/uploads\/2022\/03\/World-Backup-Day-2022-Was-Experten-meinen_MQ.jpg\" sizes=\"(max-width: 680px) 100vw, 680px\" srcset=\"https:\/\/www.m-q.ch\/wp-content\/uploads\/2022\/03\/World-Backup-Day-2022-Was-Experten-meinen_MQ.jpg 680w, https:\/\/www.m-q.ch\/wp-content\/uploads\/2022\/03\/World-Backup-Day-2022-Was-Experten-meinen_MQ-16x12.jpg 16w, https:\/\/www.m-q.ch\/wp-content\/uploads\/2022\/03\/World-Backup-Day-2022-Was-Experten-meinen_MQ-238x175.jpg 238w, https:\/\/www.m-q.ch\/wp-content\/uploads\/2022\/03\/World-Backup-Day-2022-Was-Experten-meinen_MQ-475x350.jpg 475w, https:\/\/www.m-q.ch\/wp-content\/uploads\/2022\/03\/World-Backup-Day-2022-Was-Experten-meinen_MQ-300x221.jpg 300w\" alt=\"\" width=\"680\" height=\"501\" \/><figcaption id=\"caption-attachment-16113\" class=\"wp-caption-text\">Avis d'experts sur le World Backup Day 2022 (dans le sens des aiguilles d'une montre) : Charles Smith, J\u00f6rg von der Heydt, Paul Smit, Ari Albertini, Volker Baier. (Images : zVg)<\/figcaption><\/figure>\r\nLe 31 mars est la journ\u00e9e internationale de la sauvegarde des donn\u00e9es, la World Backup Day. Tout le monde s'accorde sur son r\u00f4le <a href=\"https:\/\/www.m-q.ch\/de\/datensicherungs-notstand-budgets-fuer-cybersicherheit-steigen\/\">Les responsables informatiques sont conscients<\/a> - en fait. Mais la sauvegarde est encore un vaste domaine et une v\u00e9ritable sauvegarde ne se fait pas en appuyant simplement sur un bouton. Les infrastructures complexes exigent une strat\u00e9gie de sauvegarde qui doit en outre tenir compte du fait que les sauvegardes constituent une cible importante pour les attaquants. Ce point de vue est partag\u00e9 par les experts des fournisseurs de services de s\u00e9curit\u00e9 informatique Barracuda Networks, Bitdefender, ForeNova, FTAPI et NCC.\r\n<h2><strong>World Backup Day : un bon moment pour r\u00e9fl\u00e9chir \u00e0 ce que doit faire une strat\u00e9gie efficace de sauvegarde des donn\u00e9es.<\/strong><\/h2>\r\n\"Des \u00e9v\u00e9nements tels que la Journ\u00e9e mondiale de la sauvegarde sont de bons moments pour r\u00e9fl\u00e9chir \u00e0 ce qu'une strat\u00e9gie efficace de sauvegarde des donn\u00e9es doit faire. Beaucoup de choses ont chang\u00e9 au cours des derni\u00e8res ann\u00e9es ! De plus en plus de donn\u00e9es sont h\u00e9berg\u00e9es dans le cloud, les ransomwares sont aujourd'hui l'une des plus grandes menaces pour les donn\u00e9es. La sauvegarde sur site offre-t-elle tout ce dont les entreprises ont besoin ? Fiabilit\u00e9 et bon rapport qualit\u00e9\/prix ? Les donn\u00e9es Office 365 sont-elles prot\u00e9g\u00e9es dans le cloud ? La r\u00e9silience est-elle prise en compte et les copies air-gap des donn\u00e9es sont-elles s\u00e9curis\u00e9es ? Une solution r\u00e9pondant aux exigences du RGPD est-elle en place ? \u00c0 quelle fr\u00e9quence les proc\u00e9dures de DR et de restauration sont-elles pass\u00e9es en revue ? Il y a beaucoup \u00e0 consid\u00e9rer, mais c'est pr\u00e9cis\u00e9ment ce qui est indispensable si les entreprises veulent s'assurer qu'elles ne paient pas une cyberattaque ou une perte totale de donn\u00e9es par un arr\u00eat complet de l'activit\u00e9\".\r\n\r\n<em>Charles Smith, ing\u00e9nieur-conseil en solutions, protection des donn\u00e9es, <a href=\"https:\/\/de.barracuda.com\/\">Barracuda Networks<\/a>, EMEA<\/em>\r\n<h2><strong>La convergence de la cybers\u00e9curit\u00e9 et de la protection des donn\u00e9es est une priorit\u00e9 absolue en ces temps de conflit ukrainien.<\/strong><\/h2>\r\n\"Le conflit actuel en Ukraine fait de l'ensemble de l'informatique une cible pour les cyberattaques. Juste avant l'invasion, HermeticWiper a d\u00e9j\u00e0 \u00e9t\u00e9 utilis\u00e9 pour attaquer les syst\u00e8mes des autorit\u00e9s et des organisations ukrainiennes dans le but d'effacer des donn\u00e9es. De telles attaques menacent \u00e9galement notre pays. Elles mettent en danger non seulement les informations, mais aussi les syst\u00e8mes et les applications. Un effacement r\u00e9ussi des donn\u00e9es et des configurations de ces syst\u00e8mes ou applications devient alors un danger ultime pour la fonctionnalit\u00e9 des processus num\u00e9riques - surtout si les responsables informatiques ne peuvent pas restaurer assez rapidement les syst\u00e8mes, les applications et les donn\u00e9es.\r\n\r\nC'est pourquoi la protection des sauvegardes existantes, pr\u00f4n\u00e9e depuis longtemps - la convergence de la cybers\u00e9curit\u00e9 et de la protection des donn\u00e9es - devient d\u00e9sormais une priorit\u00e9 absolue. Une solution Endpoint Detection and Response (EDR) peut prot\u00e9ger les serveurs de sauvegarde. Les services de d\u00e9tection et de r\u00e9ponse g\u00e9r\u00e9s (MDR) doivent red\u00e9finir leurs crit\u00e8res d'analyse de s\u00e9curit\u00e9 en fonction des menaces. Ceux qui revoient maintenant leurs plans de sauvegarde et de r\u00e9cup\u00e9ration apr\u00e8s sinistre devraient \u00e9galement tenir compte de la protection de ces sauvegardes contre les logiciels malveillants. En outre, il convient de v\u00e9rifier \u00e0 l'avance la rapidit\u00e9 avec laquelle les syst\u00e8mes peuvent \u00eatre remis en marche\".\r\n\r\n<em>J\u00f6rg von der Heydt, directeur r\u00e9gional DACH, <a href=\"https:\/\/www.bitdefender.de\/\">Bitdefender<\/a><\/em>\r\n<h2><strong>Network Detection and Response prot\u00e8ge \u00e9galement les sauvegardes.<\/strong><\/h2>\r\n\"Effectuer des sauvegardes est une \u00e9vidence, du moins dans les esprits. Tester les sauvegardes et voir si la restauration des syst\u00e8mes et des informations est possible, et si les donn\u00e9es sont \u00e9galement int\u00e8gres, ne l'est malheureusement pas encore. Cela devrait pourtant \u00eatre le cas. La r\u00e8gle 3-2-1 avec une sauvegarde hors ligne est \u00e9galement de plus en plus respect\u00e9e et le fait que les sauvegardes rel\u00e8vent \u00e9galement des comp\u00e9tences en mati\u00e8re de s\u00e9curit\u00e9 informatique se r\u00e9pand \u00e9galement.\r\n\r\nMais de nombreux RSSI et administrateurs informatiques pensent avant tout \u00e0 la protection des points finaux, c'est-\u00e0-dire du serveur de sauvegarde et des supports. Mais cela ne suffit pas, car les pirates professionnels pr\u00e9parent de mani\u00e8re cibl\u00e9e l'attaque contre les informations et les syst\u00e8mes s\u00e9curis\u00e9s - la derni\u00e8re r\u00e9assurance sur laquelle de nombreuses organisations comptent. Un \u00e9v\u00e9nement li\u00e9 \u00e0 la s\u00e9curit\u00e9 qui survient dans le p\u00e9rim\u00e8tre du r\u00e9seau et qui, par exemple, crypte, bloque ou m\u00eame supprime imm\u00e9diatement des actifs et contre lequel un Endpoint Detection and Response ou un pare-feu ne prot\u00e8ge pas, ne peut \u00eatre imm\u00e9diatement bloqu\u00e9 que par une d\u00e9fense au niveau du r\u00e9seau. Gr\u00e2ce \u00e0 un syst\u00e8me de d\u00e9tection et de r\u00e9ponse r\u00e9seau (NDR) qui reconna\u00eet les mod\u00e8les d'attaque suspects, il n'est souvent m\u00eame pas n\u00e9cessaire de restaurer les ressources num\u00e9riques.\r\n\r\nUn NDR tire d'autres ficelles en cas d'urgence : un playbook pr\u00e9d\u00e9fini du logiciel d\u00e9clenche automatiquement un snapshot VMWare d\u00e8s qu'un incident r\u00e9seau suspect est signal\u00e9 et sauvegarde l'\u00e9tat actuel du syst\u00e8me et des informations avant une attaque \u00e9ventuellement r\u00e9ussie. Surtout, NDR a apport\u00e9 une aide pr\u00e9cieuse dans l'analyse d'une attaque ayant d\u00e9j\u00e0 eu lieu et montre quand et comment une attaque a \u00e9t\u00e9 lanc\u00e9e\".\r\n\r\n<em>Paul Smit, directeur des services \u00e0 la client\u00e8le, <a href=\"https:\/\/www.forenova.com\/de\/\">ForeNova<\/a><\/em>\r\n<h2><strong>N'ayez pas peur de la sauvegarde d\u00e9centralis\u00e9e des donn\u00e9es - il vous suffit d'avoir des partenaires de confiance.<\/strong><\/h2>\r\n\"Les sauvegardes de donn\u00e9es commerciales ou de projets critiques doivent-elles vraiment toujours \u00eatre effectu\u00e9es sur site dans les propres syst\u00e8mes ? De notre point de vue, non. Pour les solutions h\u00e9berg\u00e9es \u00e0 la demande, les sauvegardes automatiques font partie de la norme. De nombreuses entreprises ont d\u00e9j\u00e0 reconnu cette n\u00e9cessit\u00e9, mais il existe encore des doutes sur la s\u00e9curit\u00e9 des solutions d\u00e9centralis\u00e9es et des sauvegardes de donn\u00e9es. Pourtant, la n\u00e9cessit\u00e9 est de plus en plus \u00e9vidente : le nombre de cyber-attaques augmente, les attaques elles-m\u00eames sont de plus en plus sophistiqu\u00e9es - une s\u00e9curit\u00e9 \u00e0 100 % des syst\u00e8mes et des informations de l'entreprise n'est pour ainsi dire plus possible.\r\n\r\nLes sauvegardes d\u00e9centralis\u00e9es permettent d'acc\u00e9der malgr\u00e9 tout aux donn\u00e9es et aux syst\u00e8mes de l'entreprise en cas de cyberattaque ou de panne massive du syst\u00e8me. Il est important ici de trouver un partenaire de confiance, tant pour la solution que pour les centres de donn\u00e9es utilis\u00e9s. Les donn\u00e9es doivent \u00eatre exclusivement crypt\u00e9es et transmises \u00e0 des serveurs situ\u00e9s dans l'UE. Pour s\u00e9curiser le travail de projet quotidien, les sauvegardes automatiques des donn\u00e9es correspondantes dans des espaces de donn\u00e9es virtuels sont appropri\u00e9es\".\r\n\r\n<em>Ari Albertini, directeur des op\u00e9rations, <a href=\"https:\/\/www.ftapi.com\/\">FTAPI Software GmbH<\/a><\/em>\r\n<h2><strong>Une bonne strat\u00e9gie de sauvegarde est importante - parce qu'apr\u00e8s l'attaque, c'est avant l'attaque. <\/strong><\/h2>\r\n\"L'importance de la sauvegarde est d\u00e9montr\u00e9e par les attaques de ransomware - la 'm\u00e9thode de gain' pr\u00e9f\u00e9r\u00e9e des cybercriminels. Lorsqu'il s'agit de donn\u00e9es critiques pour l'entreprise ou d'informations confidentielles sur les clients - les 'joyaux de la couronne' - la pression d'agir augmente imm\u00e9diatement pour les entreprises et les autorit\u00e9s.\r\n\r\nLorsque cette situation d'urgence se produit, les personnes concern\u00e9es ont trois possibilit\u00e9s : d\u00e9crypter les fichiers, payer la ran\u00e7on ou restaurer les donn\u00e9es. Mais les outils de d\u00e9cryptage ad\u00e9quats ne sont pas toujours disponibles et souvent, toutes les informations ne sont pas \u00e0 nouveau disponibles apr\u00e8s le paiement de la ran\u00e7on. Dans le pire des cas, d'autres \u00e9tapes d'extorsion suivent sans garantie de r\u00e9cup\u00e9rer tous les fichiers. Nous recommandons \u00e9galement de ne pas r\u00e9pondre aux demandes de ran\u00e7on.\r\n\r\nIl reste donc les sauvegardes comme 'derni\u00e8re ligne de d\u00e9fense'. Pour couronner le tout, les criminels visent aussi d\u00e9lib\u00e9r\u00e9ment \u00e0 faire le plus de d\u00e9g\u00e2ts possible. Les responsables informatiques des entreprises et des administrations devraient donc non seulement respecter les r\u00e8gles de sauvegarde bien connues (3-2-1), mais aussi exiger une authentification suppl\u00e9mentaire avant l'acc\u00e8s et cr\u00e9er des sauvegardes inalt\u00e9rables - qu'ils stockeront hors ligne, hors du site ou du r\u00e9seau principal.\r\n\r\nEt parce qu'apr\u00e8s l'attaque, c'est avant l'attaque, les responsables informatiques doivent comprendre comment les pirates ont proc\u00e9d\u00e9. En effet, le recours \u00e0 une sauvegarde fait intervenir l'infrastructure avec la m\u00eame vuln\u00e9rabilit\u00e9 que celle qui a \u00e9t\u00e9 exploit\u00e9e lors de l'attaque. Outre un m\u00e9canisme de journalisation, ils devraient \u00e9galement mettre en \u0153uvre des services tels que Managed Detection and Response afin de d\u00e9tecter d'\u00e9ventuelles autres activit\u00e9s suspectes sur leur r\u00e9seau\".\r\n\r\n<em>Dr. Volker Baier, Principal Consultant Risk Management, <a href=\"https:\/\/www.nccgroup.com\/ch-de\/\">Groupe NCC<\/a><\/em>\n<p class=\"syndicated-attribution\">Cet article est paru initialement sur m-q.ch - <a href=\"https:\/\/www.m-q.ch\/de\/world-backup-day-2022-was-experten-meinen\/\" target=\"_blank\">https:\/\/www.m-q.ch\/de\/world-backup-day-2022-was-experten-meinen\/<\/a><\/p>","protected":false},"excerpt":{"rendered":"<p>Der 31. M\u00e4rz ist der Internationale Tag der Datensicherung, der World Backup Day. \u00dcber dessen Rolle sind sich alle IT-Verantwortlichen im Klaren \u2013 eigentlich. Doch immer noch ist Backup ein weites Feld und eine wirkliche Sicherung erfolgt nicht einfach auf Knopfdruck. Komplexe Infrastrukturen verlangen nach einer Backup-Strategie, die zudem im Blick haben muss, dass Sicherungen [\u2026]<\/p>\n","protected":false},"author":8,"featured_media":0,"comment_status":"closed","ping_status":"closed","sticky":false,"template":"","format":"standard","meta":{"_acf_changed":false,"_yoast_wpseo_focuskw":"World Backup Day","_yoast_wpseo_metadesc":"Wie steht es um die Datensicherung in Unternehmen? Einsch\u00e4tzungen verschiedener IT-Experten zum World Backup Day vom 31. M\u00e4rz 2022.","articlekey":"","footnotes":""},"categories":[27,582],"tags":[2776,260,335],"class_list":["post-12308","post","type-post","status-publish","format-standard","hentry","category-it","category-operational-excellence","tag-datensicherung","tag-ict-sicherheit","tag-management-und-unternehmensfuehrung"],"acf":[],"yoast_head":"<!-- This site is optimized with the Yoast SEO plugin v27.5 - https:\/\/yoast.com\/product\/yoast-seo-wordpress\/ -->\n<title>World Backup Day 2022: Was Experten meinen - Organisator<\/title>\n<meta name=\"description\" content=\"Wie steht es um die Datensicherung in Unternehmen? Einsch\u00e4tzungen verschiedener IT-Experten zum World Backup Day vom 31. M\u00e4rz 2022.\" \/>\n<meta name=\"robots\" content=\"index, follow, max-snippet:-1, max-image-preview:large, max-video-preview:-1\" \/>\n<link rel=\"canonical\" href=\"https:\/\/www.organisator.ch\/fr\/gestion-2\/it\/2022-03-31\/world-backup-day-2022-was-experten-meinen\/\" \/>\n<meta property=\"og:locale\" content=\"fr_FR\" \/>\n<meta property=\"og:type\" content=\"article\" \/>\n<meta property=\"og:title\" content=\"World Backup Day 2022: Was Experten meinen - Organisator\" \/>\n<meta property=\"og:description\" content=\"Wie steht es um die Datensicherung in Unternehmen? Einsch\u00e4tzungen verschiedener IT-Experten zum World Backup Day vom 31. M\u00e4rz 2022.\" \/>\n<meta property=\"og:url\" content=\"https:\/\/www.organisator.ch\/fr\/gestion-2\/it\/2022-03-31\/world-backup-day-2022-was-experten-meinen\/\" \/>\n<meta property=\"og:site_name\" content=\"Organisator\" \/>\n<meta property=\"article:publisher\" content=\"https:\/\/www.facebook.com\/OrganisatorFachmagazin\" \/>\n<meta property=\"article:published_time\" content=\"2022-03-31T06:15:08+00:00\" \/>\n<meta property=\"article:modified_time\" content=\"2022-04-01T06:07:18+00:00\" \/>\n<meta property=\"og:image\" content=\"https:\/\/www.m-q.ch\/wp-content\/uploads\/2022\/03\/World-Backup-Day-2022-Was-Experten-meinen_MQ.jpg\" \/>\n<meta name=\"author\" content=\"galledia\" \/>\n<meta name=\"twitter:card\" content=\"summary_large_image\" \/>\n<meta name=\"twitter:creator\" content=\"@admin\" \/>\n<script type=\"application\/ld+json\" class=\"yoast-schema-graph\">{\"@context\":\"https:\\\/\\\/schema.org\",\"@graph\":[{\"@type\":\"Article\",\"@id\":\"https:\\\/\\\/www.organisator.ch\\\/management\\\/it\\\/2022-03-31\\\/world-backup-day-2022-was-experten-meinen\\\/#article\",\"isPartOf\":{\"@id\":\"https:\\\/\\\/www.organisator.ch\\\/management\\\/it\\\/2022-03-31\\\/world-backup-day-2022-was-experten-meinen\\\/\"},\"author\":{\"name\":\"galledia\",\"@id\":\"https:\\\/\\\/www.organisator.ch\\\/#\\\/schema\\\/person\\\/4e51799071cd2dd1232ac003643ef5f0\"},\"headline\":\"World Backup Day 2022: Was Experten meinen\",\"datePublished\":\"2022-03-31T06:15:08+00:00\",\"dateModified\":\"2022-04-01T06:07:18+00:00\",\"mainEntityOfPage\":{\"@id\":\"https:\\\/\\\/www.organisator.ch\\\/management\\\/it\\\/2022-03-31\\\/world-backup-day-2022-was-experten-meinen\\\/\"},\"wordCount\":1151,\"publisher\":{\"@id\":\"https:\\\/\\\/www.organisator.ch\\\/#organization\"},\"image\":{\"@id\":\"https:\\\/\\\/www.organisator.ch\\\/management\\\/it\\\/2022-03-31\\\/world-backup-day-2022-was-experten-meinen\\\/#primaryimage\"},\"thumbnailUrl\":\"https:\\\/\\\/www.m-q.ch\\\/wp-content\\\/uploads\\\/2022\\\/03\\\/World-Backup-Day-2022-Was-Experten-meinen_MQ.jpg\",\"keywords\":[\"Datensicherung\",\"ICT-Sicherheit\",\"Management und Unternehmensf\u00fchrung\"],\"articleSection\":[\"IT\",\"OPERATIONAL EXCELLENCE\"],\"inLanguage\":\"fr-FR\"},{\"@type\":\"WebPage\",\"@id\":\"https:\\\/\\\/www.organisator.ch\\\/management\\\/it\\\/2022-03-31\\\/world-backup-day-2022-was-experten-meinen\\\/\",\"url\":\"https:\\\/\\\/www.organisator.ch\\\/management\\\/it\\\/2022-03-31\\\/world-backup-day-2022-was-experten-meinen\\\/\",\"name\":\"World Backup Day 2022: Was Experten meinen - Organisator\",\"isPartOf\":{\"@id\":\"https:\\\/\\\/www.organisator.ch\\\/#website\"},\"primaryImageOfPage\":{\"@id\":\"https:\\\/\\\/www.organisator.ch\\\/management\\\/it\\\/2022-03-31\\\/world-backup-day-2022-was-experten-meinen\\\/#primaryimage\"},\"image\":{\"@id\":\"https:\\\/\\\/www.organisator.ch\\\/management\\\/it\\\/2022-03-31\\\/world-backup-day-2022-was-experten-meinen\\\/#primaryimage\"},\"thumbnailUrl\":\"https:\\\/\\\/www.m-q.ch\\\/wp-content\\\/uploads\\\/2022\\\/03\\\/World-Backup-Day-2022-Was-Experten-meinen_MQ.jpg\",\"datePublished\":\"2022-03-31T06:15:08+00:00\",\"dateModified\":\"2022-04-01T06:07:18+00:00\",\"description\":\"Wie steht es um die Datensicherung in Unternehmen? Einsch\u00e4tzungen verschiedener IT-Experten zum World Backup Day vom 31. M\u00e4rz 2022.\",\"breadcrumb\":{\"@id\":\"https:\\\/\\\/www.organisator.ch\\\/management\\\/it\\\/2022-03-31\\\/world-backup-day-2022-was-experten-meinen\\\/#breadcrumb\"},\"inLanguage\":\"fr-FR\",\"potentialAction\":[{\"@type\":\"ReadAction\",\"target\":[\"https:\\\/\\\/www.organisator.ch\\\/management\\\/it\\\/2022-03-31\\\/world-backup-day-2022-was-experten-meinen\\\/\"]}]},{\"@type\":\"ImageObject\",\"inLanguage\":\"fr-FR\",\"@id\":\"https:\\\/\\\/www.organisator.ch\\\/management\\\/it\\\/2022-03-31\\\/world-backup-day-2022-was-experten-meinen\\\/#primaryimage\",\"url\":\"https:\\\/\\\/www.m-q.ch\\\/wp-content\\\/uploads\\\/2022\\\/03\\\/World-Backup-Day-2022-Was-Experten-meinen_MQ.jpg\",\"contentUrl\":\"https:\\\/\\\/www.m-q.ch\\\/wp-content\\\/uploads\\\/2022\\\/03\\\/World-Backup-Day-2022-Was-Experten-meinen_MQ.jpg\"},{\"@type\":\"BreadcrumbList\",\"@id\":\"https:\\\/\\\/www.organisator.ch\\\/management\\\/it\\\/2022-03-31\\\/world-backup-day-2022-was-experten-meinen\\\/#breadcrumb\",\"itemListElement\":[{\"@type\":\"ListItem\",\"position\":1,\"name\":\"Home\",\"item\":\"https:\\\/\\\/www.organisator.ch\\\/\"},{\"@type\":\"ListItem\",\"position\":2,\"name\":\"World Backup Day 2022: Was Experten meinen\"}]},{\"@type\":\"WebSite\",\"@id\":\"https:\\\/\\\/www.organisator.ch\\\/#website\",\"url\":\"https:\\\/\\\/www.organisator.ch\\\/\",\"name\":\"Organisator\",\"description\":\"Kompetent. Praxisnah. Der ORGANISATOR bereitet in 10 Ausgaben pro Jahr die wesentlichen Themen f\u00fcr F\u00fchrungskr\u00e4fte von KMU auf.\",\"publisher\":{\"@id\":\"https:\\\/\\\/www.organisator.ch\\\/#organization\"},\"potentialAction\":[{\"@type\":\"SearchAction\",\"target\":{\"@type\":\"EntryPoint\",\"urlTemplate\":\"https:\\\/\\\/www.organisator.ch\\\/?s={search_term_string}\"},\"query-input\":{\"@type\":\"PropertyValueSpecification\",\"valueRequired\":true,\"valueName\":\"search_term_string\"}}],\"inLanguage\":\"fr-FR\"},{\"@type\":\"Organization\",\"@id\":\"https:\\\/\\\/www.organisator.ch\\\/#organization\",\"name\":\"Organisator\",\"url\":\"https:\\\/\\\/www.organisator.ch\\\/\",\"logo\":{\"@type\":\"ImageObject\",\"inLanguage\":\"fr-FR\",\"@id\":\"https:\\\/\\\/www.organisator.ch\\\/#\\\/schema\\\/logo\\\/image\\\/\",\"url\":\"https:\\\/\\\/www.organisator.ch\\\/wp-content\\\/uploads\\\/2022\\\/01\\\/Logo_Organisator_Website.png\",\"contentUrl\":\"https:\\\/\\\/www.organisator.ch\\\/wp-content\\\/uploads\\\/2022\\\/01\\\/Logo_Organisator_Website.png\",\"width\":800,\"height\":77,\"caption\":\"Organisator\"},\"image\":{\"@id\":\"https:\\\/\\\/www.organisator.ch\\\/#\\\/schema\\\/logo\\\/image\\\/\"},\"sameAs\":[\"https:\\\/\\\/www.facebook.com\\\/OrganisatorFachmagazin\",\"https:\\\/\\\/www.linkedin.com\\\/showcase\\\/organisator-das-magazin-fr-kmu\",\"https:\\\/\\\/www.xing.com\\\/news\\\/pages\\\/organisator-ch-695\",\"https:\\\/\\\/www.youtube.com\\\/channel\\\/UCGP2Sq0iWaZwT3BdIAQFYpw\"]},{\"@type\":\"Person\",\"@id\":\"https:\\\/\\\/www.organisator.ch\\\/#\\\/schema\\\/person\\\/4e51799071cd2dd1232ac003643ef5f0\",\"name\":\"galledia\",\"image\":{\"@type\":\"ImageObject\",\"inLanguage\":\"fr-FR\",\"@id\":\"https:\\\/\\\/secure.gravatar.com\\\/avatar\\\/78a7f90c01fc2bfc875782a0d4922b37cde2cf184ce347b91316d23cd7f69a36?s=96&d=mm&r=g\",\"url\":\"https:\\\/\\\/secure.gravatar.com\\\/avatar\\\/78a7f90c01fc2bfc875782a0d4922b37cde2cf184ce347b91316d23cd7f69a36?s=96&d=mm&r=g\",\"contentUrl\":\"https:\\\/\\\/secure.gravatar.com\\\/avatar\\\/78a7f90c01fc2bfc875782a0d4922b37cde2cf184ce347b91316d23cd7f69a36?s=96&d=mm&r=g\",\"caption\":\"galledia\"},\"sameAs\":[\"https:\\\/\\\/x.com\\\/admin\"],\"url\":\"https:\\\/\\\/www.organisator.ch\\\/fr\\\/author\\\/galledia\\\/\"}]}<\/script>\n<!-- \/ Yoast SEO plugin. -->","yoast_head_json":{"title":"World Backup Day 2022 : ce que les experts en pensent - Organisateur","description":"Qu'en est-il de la sauvegarde des donn\u00e9es dans les entreprises ? Evaluations de diff\u00e9rents experts en informatique \u00e0 l'occasion du World Backup Day du 31 mars 2022.","robots":{"index":"index","follow":"follow","max-snippet":"max-snippet:-1","max-image-preview":"max-image-preview:large","max-video-preview":"max-video-preview:-1"},"canonical":"https:\/\/www.organisator.ch\/fr\/gestion-2\/it\/2022-03-31\/world-backup-day-2022-was-experten-meinen\/","og_locale":"fr_FR","og_type":"article","og_title":"World Backup Day 2022: Was Experten meinen - Organisator","og_description":"Wie steht es um die Datensicherung in Unternehmen? Einsch\u00e4tzungen verschiedener IT-Experten zum World Backup Day vom 31. M\u00e4rz 2022.","og_url":"https:\/\/www.organisator.ch\/fr\/gestion-2\/it\/2022-03-31\/world-backup-day-2022-was-experten-meinen\/","og_site_name":"Organisator","article_publisher":"https:\/\/www.facebook.com\/OrganisatorFachmagazin","article_published_time":"2022-03-31T06:15:08+00:00","article_modified_time":"2022-04-01T06:07:18+00:00","og_image":[{"url":"https:\/\/www.m-q.ch\/wp-content\/uploads\/2022\/03\/World-Backup-Day-2022-Was-Experten-meinen_MQ.jpg","type":"","width":"","height":""}],"author":"galledia","twitter_card":"summary_large_image","twitter_creator":"@admin","schema":{"@context":"https:\/\/schema.org","@graph":[{"@type":"Article","@id":"https:\/\/www.organisator.ch\/management\/it\/2022-03-31\/world-backup-day-2022-was-experten-meinen\/#article","isPartOf":{"@id":"https:\/\/www.organisator.ch\/management\/it\/2022-03-31\/world-backup-day-2022-was-experten-meinen\/"},"author":{"name":"galledia","@id":"https:\/\/www.organisator.ch\/#\/schema\/person\/4e51799071cd2dd1232ac003643ef5f0"},"headline":"World Backup Day 2022: Was Experten meinen","datePublished":"2022-03-31T06:15:08+00:00","dateModified":"2022-04-01T06:07:18+00:00","mainEntityOfPage":{"@id":"https:\/\/www.organisator.ch\/management\/it\/2022-03-31\/world-backup-day-2022-was-experten-meinen\/"},"wordCount":1151,"publisher":{"@id":"https:\/\/www.organisator.ch\/#organization"},"image":{"@id":"https:\/\/www.organisator.ch\/management\/it\/2022-03-31\/world-backup-day-2022-was-experten-meinen\/#primaryimage"},"thumbnailUrl":"https:\/\/www.m-q.ch\/wp-content\/uploads\/2022\/03\/World-Backup-Day-2022-Was-Experten-meinen_MQ.jpg","keywords":["Datensicherung","ICT-Sicherheit","Management und Unternehmensf\u00fchrung"],"articleSection":["IT","OPERATIONAL EXCELLENCE"],"inLanguage":"fr-FR"},{"@type":"WebPage","@id":"https:\/\/www.organisator.ch\/management\/it\/2022-03-31\/world-backup-day-2022-was-experten-meinen\/","url":"https:\/\/www.organisator.ch\/management\/it\/2022-03-31\/world-backup-day-2022-was-experten-meinen\/","name":"World Backup Day 2022 : ce que les experts en pensent - Organisateur","isPartOf":{"@id":"https:\/\/www.organisator.ch\/#website"},"primaryImageOfPage":{"@id":"https:\/\/www.organisator.ch\/management\/it\/2022-03-31\/world-backup-day-2022-was-experten-meinen\/#primaryimage"},"image":{"@id":"https:\/\/www.organisator.ch\/management\/it\/2022-03-31\/world-backup-day-2022-was-experten-meinen\/#primaryimage"},"thumbnailUrl":"https:\/\/www.m-q.ch\/wp-content\/uploads\/2022\/03\/World-Backup-Day-2022-Was-Experten-meinen_MQ.jpg","datePublished":"2022-03-31T06:15:08+00:00","dateModified":"2022-04-01T06:07:18+00:00","description":"Qu'en est-il de la sauvegarde des donn\u00e9es dans les entreprises ? Evaluations de diff\u00e9rents experts en informatique \u00e0 l'occasion du World Backup Day du 31 mars 2022.","breadcrumb":{"@id":"https:\/\/www.organisator.ch\/management\/it\/2022-03-31\/world-backup-day-2022-was-experten-meinen\/#breadcrumb"},"inLanguage":"fr-FR","potentialAction":[{"@type":"ReadAction","target":["https:\/\/www.organisator.ch\/management\/it\/2022-03-31\/world-backup-day-2022-was-experten-meinen\/"]}]},{"@type":"ImageObject","inLanguage":"fr-FR","@id":"https:\/\/www.organisator.ch\/management\/it\/2022-03-31\/world-backup-day-2022-was-experten-meinen\/#primaryimage","url":"https:\/\/www.m-q.ch\/wp-content\/uploads\/2022\/03\/World-Backup-Day-2022-Was-Experten-meinen_MQ.jpg","contentUrl":"https:\/\/www.m-q.ch\/wp-content\/uploads\/2022\/03\/World-Backup-Day-2022-Was-Experten-meinen_MQ.jpg"},{"@type":"BreadcrumbList","@id":"https:\/\/www.organisator.ch\/management\/it\/2022-03-31\/world-backup-day-2022-was-experten-meinen\/#breadcrumb","itemListElement":[{"@type":"ListItem","position":1,"name":"Home","item":"https:\/\/www.organisator.ch\/"},{"@type":"ListItem","position":2,"name":"World Backup Day 2022: Was Experten meinen"}]},{"@type":"WebSite","@id":"https:\/\/www.organisator.ch\/#website","url":"https:\/\/www.organisator.ch\/","name":"Organisateur","description":"Comp\u00e9tence et comp\u00e9tence. Proches de la pratique. L'ORGANISATEUR pr\u00e9pare 10 num\u00e9ros par an sur les th\u00e8mes essentiels pour les dirigeants de PME.","publisher":{"@id":"https:\/\/www.organisator.ch\/#organization"},"potentialAction":[{"@type":"SearchAction","target":{"@type":"EntryPoint","urlTemplate":"https:\/\/www.organisator.ch\/?s={search_term_string}"},"query-input":{"@type":"PropertyValueSpecification","valueRequired":true,"valueName":"search_term_string"}}],"inLanguage":"fr-FR"},{"@type":"Organization","@id":"https:\/\/www.organisator.ch\/#organization","name":"Organisateur","url":"https:\/\/www.organisator.ch\/","logo":{"@type":"ImageObject","inLanguage":"fr-FR","@id":"https:\/\/www.organisator.ch\/#\/schema\/logo\/image\/","url":"https:\/\/www.organisator.ch\/wp-content\/uploads\/2022\/01\/Logo_Organisator_Website.png","contentUrl":"https:\/\/www.organisator.ch\/wp-content\/uploads\/2022\/01\/Logo_Organisator_Website.png","width":800,"height":77,"caption":"Organisator"},"image":{"@id":"https:\/\/www.organisator.ch\/#\/schema\/logo\/image\/"},"sameAs":["https:\/\/www.facebook.com\/OrganisatorFachmagazin","https:\/\/www.linkedin.com\/showcase\/organisator-das-magazin-fr-kmu","https:\/\/www.xing.com\/news\/pages\/organisator-ch-695","https:\/\/www.youtube.com\/channel\/UCGP2Sq0iWaZwT3BdIAQFYpw"]},{"@type":"Person","@id":"https:\/\/www.organisator.ch\/#\/schema\/person\/4e51799071cd2dd1232ac003643ef5f0","name":"galledia","image":{"@type":"ImageObject","inLanguage":"fr-FR","@id":"https:\/\/secure.gravatar.com\/avatar\/78a7f90c01fc2bfc875782a0d4922b37cde2cf184ce347b91316d23cd7f69a36?s=96&d=mm&r=g","url":"https:\/\/secure.gravatar.com\/avatar\/78a7f90c01fc2bfc875782a0d4922b37cde2cf184ce347b91316d23cd7f69a36?s=96&d=mm&r=g","contentUrl":"https:\/\/secure.gravatar.com\/avatar\/78a7f90c01fc2bfc875782a0d4922b37cde2cf184ce347b91316d23cd7f69a36?s=96&d=mm&r=g","caption":"galledia"},"sameAs":["https:\/\/x.com\/admin"],"url":"https:\/\/www.organisator.ch\/fr\/author\/galledia\/"}]}},"_links":{"self":[{"href":"https:\/\/www.organisator.ch\/fr\/wp-json\/wp\/v2\/posts\/12308","targetHints":{"allow":["GET"]}}],"collection":[{"href":"https:\/\/www.organisator.ch\/fr\/wp-json\/wp\/v2\/posts"}],"about":[{"href":"https:\/\/www.organisator.ch\/fr\/wp-json\/wp\/v2\/types\/post"}],"author":[{"embeddable":true,"href":"https:\/\/www.organisator.ch\/fr\/wp-json\/wp\/v2\/users\/8"}],"replies":[{"embeddable":true,"href":"https:\/\/www.organisator.ch\/fr\/wp-json\/wp\/v2\/comments?post=12308"}],"version-history":[{"count":4,"href":"https:\/\/www.organisator.ch\/fr\/wp-json\/wp\/v2\/posts\/12308\/revisions"}],"predecessor-version":[{"id":12313,"href":"https:\/\/www.organisator.ch\/fr\/wp-json\/wp\/v2\/posts\/12308\/revisions\/12313"}],"wp:attachment":[{"href":"https:\/\/www.organisator.ch\/fr\/wp-json\/wp\/v2\/media?parent=12308"}],"wp:term":[{"taxonomy":"category","embeddable":true,"href":"https:\/\/www.organisator.ch\/fr\/wp-json\/wp\/v2\/categories?post=12308"},{"taxonomy":"post_tag","embeddable":true,"href":"https:\/\/www.organisator.ch\/fr\/wp-json\/wp\/v2\/tags?post=12308"}],"curies":[{"name":"wp","href":"https:\/\/api.w.org\/{rel}","templated":true}]}}