{"id":12346,"date":"2022-04-01T16:23:48","date_gmt":"2022-04-01T14:23:48","guid":{"rendered":"https:\/\/www.m-q.ch\/?p=16117"},"modified":"2022-07-30T15:01:42","modified_gmt":"2022-07-30T13:01:42","slug":"allianz-digitale-transformation-im-gesundheitswesen-neu-als-verein","status":"publish","type":"post","link":"https:\/\/www.organisator.ch\/fr\/operational-excellence\/2022-04-01\/allianz-digitale-transformation-im-gesundheitswesen-neu-als-verein\/","title":{"rendered":"L'alliance \"Transformation num\u00e9rique dans le domaine de la sant\u00e9\" est d\u00e9sormais une association"},"content":{"rendered":"<figure id=\"attachment_16118\" class=\"wp-caption alignnone\" style=\"width: 680px\" aria-describedby=\"caption-attachment-16118\"><img class=\"alignnone wp-image-16118 size-full\" src=\"https:\/\/www.m-q.ch\/wp-content\/uploads\/2022\/04\/Allianz-Digitale-Transformation-im-Gesundheitswesen-neu-als-Verein_MQ.jpg\" alt=\"Sant\u00e9 publique\" width=\"680\" height=\"443\" \/><figcaption id=\"caption-attachment-16118\" class=\"wp-caption-text\">Il y a encore beaucoup de paperasse : la transformation num\u00e9rique dans le secteur de la sant\u00e9 n\u00e9cessite encore beaucoup de travail, notamment au niveau politique. (Image : Depositphotos.com)<\/figcaption><\/figure>\r\nTransmission de donn\u00e9es Corona par fax, le dossier \u00e9lectronique du patient n'avance pas, probl\u00e8mes de s\u00e9curit\u00e9 sur les sites web de sant\u00e9 : Le retard pris dans la transformation num\u00e9rique du secteur de la sant\u00e9 est consid\u00e9rable. Des associations de premier plan ont maintenant <a href=\"https:\/\/www.m-q.ch\/de\/allianz-digitale-transformation-im-gesundheitswesen-gegruendet\/\">Alliance \"Transformation num\u00e9rique dans le secteur de la sant\u00e9<\/a> d\u00e9sormais en tant qu'association selon l'art. 60ff. ZGB a \u00e9t\u00e9 cr\u00e9\u00e9e : Ils \u00e9laborent des positions communes qui sont soumises au monde politique. Quatre groupes de travail ont commenc\u00e9 leurs travaux l'ann\u00e9e derni\u00e8re : les groupes de travail \"DPE\", \"\u00c9cosyst\u00e8mes de donn\u00e9es de sant\u00e9\", \"S\u00e9mantique &amp; interop\u00e9rabilit\u00e9\" et \"Incitations \u00e9conomiques\".\r\n\r\nLe Conseil f\u00e9d\u00e9ral prendra mi-avril une d\u00e9cision d'orientation sur la r\u00e9vision du dossier \u00e9lectronique du patient. L'Alliance a communiqu\u00e9 au Conseil f\u00e9d\u00e9ral les principales adaptations du point de vue des associations, qui ont \u00e9t\u00e9 \u00e9labor\u00e9es au sein du groupe de travail \"DPE\". L'alliance \"Transformation num\u00e9rique dans le domaine de la sant\u00e9\" propose des mesures \u00e0 court et moyen terme.\r\n\r\n\"Pour les th\u00e8mes innovants comme la transformation num\u00e9rique dans le domaine de la sant\u00e9, la politique a besoin de l'input des professionnels de la pratique. Il n'est ni judicieux ni possible de d\u00e9velopper l'expertise n\u00e9cessaire au sein de l'administration\", d\u00e9clare Anna Hitz, copr\u00e9sidente de l'alliance. \"Nous demandons au Conseil f\u00e9d\u00e9ral de reprendre la proc\u00e9dure participative dont l'OFSP a donn\u00e9 l'exemple de mani\u00e8re exemplaire lors de la phase pr\u00e9-parlementaire de la LDEP\", d\u00e9clare le Dr Alexander Zimmer, co-pr\u00e9sident de l'Alliance. \"Les experts de la pratique doivent \u00eatre impliqu\u00e9s dans la r\u00e9vision de la LDEP afin de pouvoir profiter des exp\u00e9riences pratiques faites en Suisse et \u00e0 l'\u00e9tranger. La mise en \u0153uvre doit enfin \u00eatre adapt\u00e9e \u00e0 la pratique\", d\u00e9clare le troisi\u00e8me copr\u00e9sident Ulrich Schaefer.\r\n\r\nLors de l'assembl\u00e9e constitutive, les statuts ont \u00e9t\u00e9 approuv\u00e9s, une copr\u00e9sidence et un comit\u00e9 directeur ont \u00e9t\u00e9 \u00e9lus. Les membres ont \u00e9t\u00e9 inform\u00e9s de l'\u00e9tat d'avancement des travaux des groupes de travail et des prochaines \u00e9tapes de l'association nouvellement cr\u00e9\u00e9e. Les membres fondateurs de l'association Alliance \"Transformation num\u00e9rique dans le domaine de la sant\u00e9\" sont : ASPS, ASSGP, Axsana, economiesuisse, FMH, GS1 Switzerland, Geliko, HL7, IG eHealth, IHE Suisse, Interpharma, Ligue pulmonaire suisse, mfe, pharmaSuisse, Association suisse des droguistes, Scienceindustries, SVDE, Swiss Medtech, Vips.\r\n\r\n<em>Source et informations compl\u00e9mentaires : <\/em><em><a href=\"http:\/\/www.ig-ehealth.ch\/\">www.ig-ehealth.ch<\/a><\/em>\n<p class=\"syndicated-attribution\">Cet article est paru initialement sur m-q.ch - <a href=\"https:\/\/www.m-q.ch\/de\/allianz-digitale-transformation-im-gesundheitswesen-neu-als-verein\/\" target=\"_blank\">https:\/\/www.m-q.ch\/de\/allianz-digitale-transformation-im-gesundheitswesen-neu-als-verein\/<\/a><\/p>","protected":false},"excerpt":{"rendered":"<p>\u00dcbertragung von Corona-Daten per Fax, mit dem elektronischen Patientendossier geht es nicht vorw\u00e4rts, Sicherheitsprobleme auf Gesundheits-Websites: Der R\u00fcckstand bei der digitalen Transformation im Gesundheitswesen ist betr\u00e4chtlich. F\u00fchrende Verb\u00e4nde haben nun die Allianz \u00abDigitale Transformation im Gesundheitswesen\u00bb neu als Verein nach Art. 60ff. ZGB gegr\u00fcndet: Sie erarbeiten gemeinsame Positionen, die der Politik unterbreitet werden. Vier Arbeitsgruppen [\u2026]<\/p>\n","protected":false},"author":8,"featured_media":0,"comment_status":"closed","ping_status":"closed","sticky":false,"template":"","format":"standard","meta":{"_acf_changed":false,"_yoast_wpseo_focuskw":"Gesundheitswesen","_yoast_wpseo_metadesc":"Die im M\u00e4rz 2021 gegr\u00fcndete Allianz \u00abDigitale Transformation im Gesundheitswesen\u00bb wird neu in eine Vereinsstruktur \u00fcberf\u00fchrt.","articlekey":"","footnotes":""},"categories":[582],"tags":[694,2780,2732,2443],"class_list":["post-12346","post","type-post","status-publish","format-standard","hentry","category-operational-excellence","tag-allianz","tag-gesundheitspolitik","tag-gesundheitswesen","tag-verein"],"acf":[],"yoast_head":"<!-- This site is optimized with the Yoast SEO plugin v27.5 - https:\/\/yoast.com\/product\/yoast-seo-wordpress\/ -->\n<title>Allianz \u00abDigitale Transformation im Gesundheitswesen\u00bb neu als Verein - Organisator<\/title>\n<meta name=\"description\" content=\"Die im M\u00e4rz 2021 gegr\u00fcndete Allianz \u00abDigitale Transformation im Gesundheitswesen\u00bb wird neu in eine Vereinsstruktur \u00fcberf\u00fchrt.\" \/>\n<meta name=\"robots\" content=\"index, follow, max-snippet:-1, max-image-preview:large, max-video-preview:-1\" \/>\n<link rel=\"canonical\" href=\"https:\/\/www.m-q.ch\/de\/allianz-digitale-transformation-im-gesundheitswesen-neu-als-verein\/\" \/>\n<meta property=\"og:locale\" content=\"fr_FR\" \/>\n<meta property=\"og:type\" content=\"article\" \/>\n<meta property=\"og:title\" content=\"Allianz \u00abDigitale Transformation im Gesundheitswesen\u00bb neu als Verein - Organisator\" \/>\n<meta property=\"og:description\" content=\"Die im M\u00e4rz 2021 gegr\u00fcndete Allianz \u00abDigitale Transformation im Gesundheitswesen\u00bb wird neu in eine Vereinsstruktur \u00fcberf\u00fchrt.\" \/>\n<meta property=\"og:url\" content=\"https:\/\/www.m-q.ch\/de\/allianz-digitale-transformation-im-gesundheitswesen-neu-als-verein\/\" \/>\n<meta property=\"og:site_name\" content=\"Organisator\" \/>\n<meta property=\"article:publisher\" content=\"https:\/\/www.facebook.com\/OrganisatorFachmagazin\" \/>\n<meta property=\"article:published_time\" content=\"2022-04-01T14:23:48+00:00\" \/>\n<meta property=\"article:modified_time\" content=\"2022-07-30T13:01:42+00:00\" \/>\n<meta property=\"og:image\" content=\"https:\/\/www.m-q.ch\/wp-content\/uploads\/2022\/04\/Allianz-Digitale-Transformation-im-Gesundheitswesen-neu-als-Verein_MQ.jpg\" \/>\n<meta name=\"author\" content=\"galledia\" \/>\n<meta name=\"twitter:card\" content=\"summary_large_image\" \/>\n<meta name=\"twitter:creator\" content=\"@admin\" \/>\n<script type=\"application\/ld+json\" class=\"yoast-schema-graph\">{\"@context\":\"https:\\\/\\\/schema.org\",\"@graph\":[{\"@type\":\"Article\",\"@id\":\"https:\\\/\\\/www.m-q.ch\\\/de\\\/allianz-digitale-transformation-im-gesundheitswesen-neu-als-verein\\\/#article\",\"isPartOf\":{\"@id\":\"https:\\\/\\\/www.organisator.ch\\\/operational-excellence\\\/2022-04-01\\\/allianz-digitale-transformation-im-gesundheitswesen-neu-als-verein\\\/\"},\"author\":{\"name\":\"galledia\",\"@id\":\"https:\\\/\\\/www.organisator.ch\\\/#\\\/schema\\\/person\\\/4e51799071cd2dd1232ac003643ef5f0\"},\"headline\":\"Allianz \u00abDigitale Transformation im Gesundheitswesen\u00bb neu als Verein\",\"datePublished\":\"2022-04-01T14:23:48+00:00\",\"dateModified\":\"2022-07-30T13:01:42+00:00\",\"mainEntityOfPage\":{\"@id\":\"https:\\\/\\\/www.organisator.ch\\\/operational-excellence\\\/2022-04-01\\\/allianz-digitale-transformation-im-gesundheitswesen-neu-als-verein\\\/\"},\"wordCount\":355,\"publisher\":{\"@id\":\"https:\\\/\\\/www.organisator.ch\\\/#organization\"},\"image\":{\"@id\":\"https:\\\/\\\/www.m-q.ch\\\/de\\\/allianz-digitale-transformation-im-gesundheitswesen-neu-als-verein\\\/#primaryimage\"},\"thumbnailUrl\":\"https:\\\/\\\/www.m-q.ch\\\/wp-content\\\/uploads\\\/2022\\\/04\\\/Allianz-Digitale-Transformation-im-Gesundheitswesen-neu-als-Verein_MQ.jpg\",\"keywords\":[\"Allianz\",\"Gesundheitspolitik\",\"Gesundheitswesen\",\"Verein\"],\"articleSection\":[\"OPERATIONAL EXCELLENCE\"],\"inLanguage\":\"fr-FR\"},{\"@type\":\"WebPage\",\"@id\":\"https:\\\/\\\/www.organisator.ch\\\/operational-excellence\\\/2022-04-01\\\/allianz-digitale-transformation-im-gesundheitswesen-neu-als-verein\\\/\",\"url\":\"https:\\\/\\\/www.m-q.ch\\\/de\\\/allianz-digitale-transformation-im-gesundheitswesen-neu-als-verein\\\/\",\"name\":\"Allianz \u00abDigitale Transformation im Gesundheitswesen\u00bb neu als Verein - Organisator\",\"isPartOf\":{\"@id\":\"https:\\\/\\\/www.organisator.ch\\\/#website\"},\"primaryImageOfPage\":{\"@id\":\"https:\\\/\\\/www.m-q.ch\\\/de\\\/allianz-digitale-transformation-im-gesundheitswesen-neu-als-verein\\\/#primaryimage\"},\"image\":{\"@id\":\"https:\\\/\\\/www.m-q.ch\\\/de\\\/allianz-digitale-transformation-im-gesundheitswesen-neu-als-verein\\\/#primaryimage\"},\"thumbnailUrl\":\"https:\\\/\\\/www.m-q.ch\\\/wp-content\\\/uploads\\\/2022\\\/04\\\/Allianz-Digitale-Transformation-im-Gesundheitswesen-neu-als-Verein_MQ.jpg\",\"datePublished\":\"2022-04-01T14:23:48+00:00\",\"dateModified\":\"2022-07-30T13:01:42+00:00\",\"description\":\"Die im M\u00e4rz 2021 gegr\u00fcndete Allianz \u00abDigitale Transformation im Gesundheitswesen\u00bb wird neu in eine Vereinsstruktur \u00fcberf\u00fchrt.\",\"breadcrumb\":{\"@id\":\"https:\\\/\\\/www.m-q.ch\\\/de\\\/allianz-digitale-transformation-im-gesundheitswesen-neu-als-verein\\\/#breadcrumb\"},\"inLanguage\":\"fr-FR\",\"potentialAction\":[{\"@type\":\"ReadAction\",\"target\":[\"https:\\\/\\\/www.m-q.ch\\\/de\\\/allianz-digitale-transformation-im-gesundheitswesen-neu-als-verein\\\/\"]}]},{\"@type\":\"ImageObject\",\"inLanguage\":\"fr-FR\",\"@id\":\"https:\\\/\\\/www.m-q.ch\\\/de\\\/allianz-digitale-transformation-im-gesundheitswesen-neu-als-verein\\\/#primaryimage\",\"url\":\"https:\\\/\\\/www.m-q.ch\\\/wp-content\\\/uploads\\\/2022\\\/04\\\/Allianz-Digitale-Transformation-im-Gesundheitswesen-neu-als-Verein_MQ.jpg\",\"contentUrl\":\"https:\\\/\\\/www.m-q.ch\\\/wp-content\\\/uploads\\\/2022\\\/04\\\/Allianz-Digitale-Transformation-im-Gesundheitswesen-neu-als-Verein_MQ.jpg\"},{\"@type\":\"BreadcrumbList\",\"@id\":\"https:\\\/\\\/www.m-q.ch\\\/de\\\/allianz-digitale-transformation-im-gesundheitswesen-neu-als-verein\\\/#breadcrumb\",\"itemListElement\":[{\"@type\":\"ListItem\",\"position\":1,\"name\":\"Home\",\"item\":\"https:\\\/\\\/www.organisator.ch\\\/\"},{\"@type\":\"ListItem\",\"position\":2,\"name\":\"Allianz \u00abDigitale Transformation im Gesundheitswesen\u00bb neu als Verein\"}]},{\"@type\":\"WebSite\",\"@id\":\"https:\\\/\\\/www.organisator.ch\\\/#website\",\"url\":\"https:\\\/\\\/www.organisator.ch\\\/\",\"name\":\"Organisator\",\"description\":\"Kompetent. Praxisnah. Der ORGANISATOR bereitet in 10 Ausgaben pro Jahr die wesentlichen Themen f\u00fcr F\u00fchrungskr\u00e4fte von KMU auf.\",\"publisher\":{\"@id\":\"https:\\\/\\\/www.organisator.ch\\\/#organization\"},\"potentialAction\":[{\"@type\":\"SearchAction\",\"target\":{\"@type\":\"EntryPoint\",\"urlTemplate\":\"https:\\\/\\\/www.organisator.ch\\\/?s={search_term_string}\"},\"query-input\":{\"@type\":\"PropertyValueSpecification\",\"valueRequired\":true,\"valueName\":\"search_term_string\"}}],\"inLanguage\":\"fr-FR\"},{\"@type\":\"Organization\",\"@id\":\"https:\\\/\\\/www.organisator.ch\\\/#organization\",\"name\":\"Organisator\",\"url\":\"https:\\\/\\\/www.organisator.ch\\\/\",\"logo\":{\"@type\":\"ImageObject\",\"inLanguage\":\"fr-FR\",\"@id\":\"https:\\\/\\\/www.organisator.ch\\\/#\\\/schema\\\/logo\\\/image\\\/\",\"url\":\"https:\\\/\\\/www.organisator.ch\\\/wp-content\\\/uploads\\\/2022\\\/01\\\/Logo_Organisator_Website.png\",\"contentUrl\":\"https:\\\/\\\/www.organisator.ch\\\/wp-content\\\/uploads\\\/2022\\\/01\\\/Logo_Organisator_Website.png\",\"width\":800,\"height\":77,\"caption\":\"Organisator\"},\"image\":{\"@id\":\"https:\\\/\\\/www.organisator.ch\\\/#\\\/schema\\\/logo\\\/image\\\/\"},\"sameAs\":[\"https:\\\/\\\/www.facebook.com\\\/OrganisatorFachmagazin\",\"https:\\\/\\\/www.linkedin.com\\\/showcase\\\/organisator-das-magazin-fr-kmu\",\"https:\\\/\\\/www.xing.com\\\/news\\\/pages\\\/organisator-ch-695\",\"https:\\\/\\\/www.youtube.com\\\/channel\\\/UCGP2Sq0iWaZwT3BdIAQFYpw\"]},{\"@type\":\"Person\",\"@id\":\"https:\\\/\\\/www.organisator.ch\\\/#\\\/schema\\\/person\\\/4e51799071cd2dd1232ac003643ef5f0\",\"name\":\"galledia\",\"image\":{\"@type\":\"ImageObject\",\"inLanguage\":\"fr-FR\",\"@id\":\"https:\\\/\\\/secure.gravatar.com\\\/avatar\\\/78a7f90c01fc2bfc875782a0d4922b37cde2cf184ce347b91316d23cd7f69a36?s=96&d=mm&r=g\",\"url\":\"https:\\\/\\\/secure.gravatar.com\\\/avatar\\\/78a7f90c01fc2bfc875782a0d4922b37cde2cf184ce347b91316d23cd7f69a36?s=96&d=mm&r=g\",\"contentUrl\":\"https:\\\/\\\/secure.gravatar.com\\\/avatar\\\/78a7f90c01fc2bfc875782a0d4922b37cde2cf184ce347b91316d23cd7f69a36?s=96&d=mm&r=g\",\"caption\":\"galledia\"},\"sameAs\":[\"https:\\\/\\\/x.com\\\/admin\"],\"url\":\"https:\\\/\\\/www.organisator.ch\\\/fr\\\/author\\\/galledia\\\/\"}]}<\/script>\n<!-- \/ Yoast SEO plugin. -->","yoast_head_json":{"title":"Alliance \"Transformation num\u00e9rique dans le domaine de la sant\u00e9\" nouvellement cr\u00e9\u00e9e en tant qu'association - Organisateur","description":"L'alliance \"Transformation num\u00e9rique dans le domaine de la sant\u00e9\", cr\u00e9\u00e9e en mars 2021, sera d\u00e9sormais dot\u00e9e d'une structure associative.","robots":{"index":"index","follow":"follow","max-snippet":"max-snippet:-1","max-image-preview":"max-image-preview:large","max-video-preview":"max-video-preview:-1"},"canonical":"https:\/\/www.m-q.ch\/de\/allianz-digitale-transformation-im-gesundheitswesen-neu-als-verein\/","og_locale":"fr_FR","og_type":"article","og_title":"Allianz \u00abDigitale Transformation im Gesundheitswesen\u00bb neu als Verein - Organisator","og_description":"Die im M\u00e4rz 2021 gegr\u00fcndete Allianz \u00abDigitale Transformation im Gesundheitswesen\u00bb wird neu in eine Vereinsstruktur \u00fcberf\u00fchrt.","og_url":"https:\/\/www.m-q.ch\/de\/allianz-digitale-transformation-im-gesundheitswesen-neu-als-verein\/","og_site_name":"Organisator","article_publisher":"https:\/\/www.facebook.com\/OrganisatorFachmagazin","article_published_time":"2022-04-01T14:23:48+00:00","article_modified_time":"2022-07-30T13:01:42+00:00","og_image":[{"url":"https:\/\/www.m-q.ch\/wp-content\/uploads\/2022\/04\/Allianz-Digitale-Transformation-im-Gesundheitswesen-neu-als-Verein_MQ.jpg","type":"","width":"","height":""}],"author":"galledia","twitter_card":"summary_large_image","twitter_creator":"@admin","schema":{"@context":"https:\/\/schema.org","@graph":[{"@type":"Article","@id":"https:\/\/www.m-q.ch\/de\/allianz-digitale-transformation-im-gesundheitswesen-neu-als-verein\/#article","isPartOf":{"@id":"https:\/\/www.organisator.ch\/operational-excellence\/2022-04-01\/allianz-digitale-transformation-im-gesundheitswesen-neu-als-verein\/"},"author":{"name":"galledia","@id":"https:\/\/www.organisator.ch\/#\/schema\/person\/4e51799071cd2dd1232ac003643ef5f0"},"headline":"Allianz \u00abDigitale Transformation im Gesundheitswesen\u00bb neu als Verein","datePublished":"2022-04-01T14:23:48+00:00","dateModified":"2022-07-30T13:01:42+00:00","mainEntityOfPage":{"@id":"https:\/\/www.organisator.ch\/operational-excellence\/2022-04-01\/allianz-digitale-transformation-im-gesundheitswesen-neu-als-verein\/"},"wordCount":355,"publisher":{"@id":"https:\/\/www.organisator.ch\/#organization"},"image":{"@id":"https:\/\/www.m-q.ch\/de\/allianz-digitale-transformation-im-gesundheitswesen-neu-als-verein\/#primaryimage"},"thumbnailUrl":"https:\/\/www.m-q.ch\/wp-content\/uploads\/2022\/04\/Allianz-Digitale-Transformation-im-Gesundheitswesen-neu-als-Verein_MQ.jpg","keywords":["Allianz","Gesundheitspolitik","Gesundheitswesen","Verein"],"articleSection":["OPERATIONAL EXCELLENCE"],"inLanguage":"fr-FR"},{"@type":"WebPage","@id":"https:\/\/www.organisator.ch\/operational-excellence\/2022-04-01\/allianz-digitale-transformation-im-gesundheitswesen-neu-als-verein\/","url":"https:\/\/www.m-q.ch\/de\/allianz-digitale-transformation-im-gesundheitswesen-neu-als-verein\/","name":"Alliance \"Transformation num\u00e9rique dans le domaine de la sant\u00e9\" nouvellement cr\u00e9\u00e9e en tant qu'association - Organisateur","isPartOf":{"@id":"https:\/\/www.organisator.ch\/#website"},"primaryImageOfPage":{"@id":"https:\/\/www.m-q.ch\/de\/allianz-digitale-transformation-im-gesundheitswesen-neu-als-verein\/#primaryimage"},"image":{"@id":"https:\/\/www.m-q.ch\/de\/allianz-digitale-transformation-im-gesundheitswesen-neu-als-verein\/#primaryimage"},"thumbnailUrl":"https:\/\/www.m-q.ch\/wp-content\/uploads\/2022\/04\/Allianz-Digitale-Transformation-im-Gesundheitswesen-neu-als-Verein_MQ.jpg","datePublished":"2022-04-01T14:23:48+00:00","dateModified":"2022-07-30T13:01:42+00:00","description":"L'alliance \"Transformation num\u00e9rique dans le domaine de la sant\u00e9\", cr\u00e9\u00e9e en mars 2021, sera d\u00e9sormais dot\u00e9e d'une structure associative.","breadcrumb":{"@id":"https:\/\/www.m-q.ch\/de\/allianz-digitale-transformation-im-gesundheitswesen-neu-als-verein\/#breadcrumb"},"inLanguage":"fr-FR","potentialAction":[{"@type":"ReadAction","target":["https:\/\/www.m-q.ch\/de\/allianz-digitale-transformation-im-gesundheitswesen-neu-als-verein\/"]}]},{"@type":"ImageObject","inLanguage":"fr-FR","@id":"https:\/\/www.m-q.ch\/de\/allianz-digitale-transformation-im-gesundheitswesen-neu-als-verein\/#primaryimage","url":"https:\/\/www.m-q.ch\/wp-content\/uploads\/2022\/04\/Allianz-Digitale-Transformation-im-Gesundheitswesen-neu-als-Verein_MQ.jpg","contentUrl":"https:\/\/www.m-q.ch\/wp-content\/uploads\/2022\/04\/Allianz-Digitale-Transformation-im-Gesundheitswesen-neu-als-Verein_MQ.jpg"},{"@type":"BreadcrumbList","@id":"https:\/\/www.m-q.ch\/de\/allianz-digitale-transformation-im-gesundheitswesen-neu-als-verein\/#breadcrumb","itemListElement":[{"@type":"ListItem","position":1,"name":"Home","item":"https:\/\/www.organisator.ch\/"},{"@type":"ListItem","position":2,"name":"Allianz \u00abDigitale Transformation im Gesundheitswesen\u00bb neu als Verein"}]},{"@type":"WebSite","@id":"https:\/\/www.organisator.ch\/#website","url":"https:\/\/www.organisator.ch\/","name":"Organisateur","description":"Comp\u00e9tence et comp\u00e9tence. Proches de la pratique. L'ORGANISATEUR pr\u00e9pare 10 num\u00e9ros par an sur les th\u00e8mes essentiels pour les dirigeants de PME.","publisher":{"@id":"https:\/\/www.organisator.ch\/#organization"},"potentialAction":[{"@type":"SearchAction","target":{"@type":"EntryPoint","urlTemplate":"https:\/\/www.organisator.ch\/?s={search_term_string}"},"query-input":{"@type":"PropertyValueSpecification","valueRequired":true,"valueName":"search_term_string"}}],"inLanguage":"fr-FR"},{"@type":"Organization","@id":"https:\/\/www.organisator.ch\/#organization","name":"Organisateur","url":"https:\/\/www.organisator.ch\/","logo":{"@type":"ImageObject","inLanguage":"fr-FR","@id":"https:\/\/www.organisator.ch\/#\/schema\/logo\/image\/","url":"https:\/\/www.organisator.ch\/wp-content\/uploads\/2022\/01\/Logo_Organisator_Website.png","contentUrl":"https:\/\/www.organisator.ch\/wp-content\/uploads\/2022\/01\/Logo_Organisator_Website.png","width":800,"height":77,"caption":"Organisator"},"image":{"@id":"https:\/\/www.organisator.ch\/#\/schema\/logo\/image\/"},"sameAs":["https:\/\/www.facebook.com\/OrganisatorFachmagazin","https:\/\/www.linkedin.com\/showcase\/organisator-das-magazin-fr-kmu","https:\/\/www.xing.com\/news\/pages\/organisator-ch-695","https:\/\/www.youtube.com\/channel\/UCGP2Sq0iWaZwT3BdIAQFYpw"]},{"@type":"Person","@id":"https:\/\/www.organisator.ch\/#\/schema\/person\/4e51799071cd2dd1232ac003643ef5f0","name":"galledia","image":{"@type":"ImageObject","inLanguage":"fr-FR","@id":"https:\/\/secure.gravatar.com\/avatar\/78a7f90c01fc2bfc875782a0d4922b37cde2cf184ce347b91316d23cd7f69a36?s=96&d=mm&r=g","url":"https:\/\/secure.gravatar.com\/avatar\/78a7f90c01fc2bfc875782a0d4922b37cde2cf184ce347b91316d23cd7f69a36?s=96&d=mm&r=g","contentUrl":"https:\/\/secure.gravatar.com\/avatar\/78a7f90c01fc2bfc875782a0d4922b37cde2cf184ce347b91316d23cd7f69a36?s=96&d=mm&r=g","caption":"galledia"},"sameAs":["https:\/\/x.com\/admin"],"url":"https:\/\/www.organisator.ch\/fr\/author\/galledia\/"}]}},"_links":{"self":[{"href":"https:\/\/www.organisator.ch\/fr\/wp-json\/wp\/v2\/posts\/12346","targetHints":{"allow":["GET"]}}],"collection":[{"href":"https:\/\/www.organisator.ch\/fr\/wp-json\/wp\/v2\/posts"}],"about":[{"href":"https:\/\/www.organisator.ch\/fr\/wp-json\/wp\/v2\/types\/post"}],"author":[{"embeddable":true,"href":"https:\/\/www.organisator.ch\/fr\/wp-json\/wp\/v2\/users\/8"}],"replies":[{"embeddable":true,"href":"https:\/\/www.organisator.ch\/fr\/wp-json\/wp\/v2\/comments?post=12346"}],"version-history":[{"count":4,"href":"https:\/\/www.organisator.ch\/fr\/wp-json\/wp\/v2\/posts\/12346\/revisions"}],"predecessor-version":[{"id":16006,"href":"https:\/\/www.organisator.ch\/fr\/wp-json\/wp\/v2\/posts\/12346\/revisions\/16006"}],"wp:attachment":[{"href":"https:\/\/www.organisator.ch\/fr\/wp-json\/wp\/v2\/media?parent=12346"}],"wp:term":[{"taxonomy":"category","embeddable":true,"href":"https:\/\/www.organisator.ch\/fr\/wp-json\/wp\/v2\/categories?post=12346"},{"taxonomy":"post_tag","embeddable":true,"href":"https:\/\/www.organisator.ch\/fr\/wp-json\/wp\/v2\/tags?post=12346"}],"curies":[{"name":"wp","href":"https:\/\/api.w.org\/{rel}","templated":true}]}}