{"id":12350,"date":"2022-04-04T07:34:54","date_gmt":"2022-04-04T05:34:54","guid":{"rendered":"https:\/\/www.organisator.ch\/?p=12350"},"modified":"2022-04-04T07:34:54","modified_gmt":"2022-04-04T05:34:54","slug":"nouveau-showcase-serie-de-meilleurs-cases-de-retail-switzerland","status":"publish","type":"post","link":"https:\/\/www.organisator.ch\/fr\/marketing\/2022-04-04\/neue-showcase-serie-von-best-retail-cases-switzerland\/","title":{"rendered":"Nouvelle s\u00e9rie de showcases de Best Retail Cases Switzerland"},"content":{"rendered":"<figure id=\"attachment_12351\" aria-describedby=\"caption-attachment-12351\" style=\"width: 680px\" class=\"wp-caption alignnone\"><img loading=\"lazy\" decoding=\"async\" class=\"size-full wp-image-12351\" src=\"https:\/\/www.organisator.ch\/wp-content\/uploads\/2022\/04\/Neue-Showcase-Serie-von-Best-Retail-Cases-Switzerland_Organisator.jpg\" alt=\"\" width=\"680\" height=\"340\" srcset=\"https:\/\/www.organisator.ch\/wp-content\/uploads\/2022\/04\/Neue-Showcase-Serie-von-Best-Retail-Cases-Switzerland_Organisator.jpg 680w, https:\/\/www.organisator.ch\/wp-content\/uploads\/2022\/04\/Neue-Showcase-Serie-von-Best-Retail-Cases-Switzerland_Organisator-18x9.jpg 18w, https:\/\/www.organisator.ch\/wp-content\/uploads\/2022\/04\/Neue-Showcase-Serie-von-Best-Retail-Cases-Switzerland_Organisator-350x175.jpg 350w, https:\/\/www.organisator.ch\/wp-content\/uploads\/2022\/04\/Neue-Showcase-Serie-von-Best-Retail-Cases-Switzerland_Organisator-300x150.jpg 300w\" sizes=\"auto, (max-width: 680px) 100vw, 680px\" \/><figcaption id=\"caption-attachment-12351\" class=\"wp-caption-text\">Les Best Retail Cases Switzerland d\u00e9marrent le 12 avril avec une s\u00e9rie de showcases. (Image : Best Retail Cases)<\/figcaption><\/figure>\n<p>La premi\u00e8re s\u00e9rie de showcases de Best Retail Cases Switzerland (BRCS) d\u00e9butera le 12 avril. L'\u00e9tat de l'art en mati\u00e8re de commerce de d\u00e9tail et de commerce \u00e9lectronique vous sera pr\u00e9sent\u00e9 lors de cinq \u00e9v\u00e9nements compacts. Les sessions commencent tous les mardis \u00e0 8h30 et durent environ 90 minutes.<\/p>\n<ul>\n<li>12 avr. 2022 - Retail ERP \"La base de donn\u00e9es centrale\".<\/li>\n<li>3 mai 2022 - Webshop Solutions \"Le canal de vente incontournable<\/li>\n<li>10 mai 2022 - Retail Marketing \"Aller chercher les clients dans le parcours client\".<\/li>\n<li>17 mai 2022 - Retail Logistics \"Le facteur critique de r\u00e9ussite pour les boutiques en ligne<\/li>\n<li>24 mai 2022 - Retail Payment \"Le check-out num\u00e9rique<\/li>\n<\/ul>\n<h3>Focalisation sur la transmission des connaissances et la mise en r\u00e9seau<\/h3>\n<p>Avec la s\u00e9rie Showcase, Best Retail Cases Switzerland passe \u00e0 la vitesse sup\u00e9rieure. Apr\u00e8s le succ\u00e8s de l'Award en f\u00e9vrier, des insights approfondis sont maintenant au programme. Des experts, des fournisseurs, mais aussi des utilisateurs pr\u00e9senteront les derni\u00e8res tendances, les meilleures pratiques, les solutions actuelles et des exemples concrets d'application dans le commerce de d\u00e9tail. Des formats modernes, tels que des interviews de clients et de fournisseurs ainsi que les nouveaux panels en direct \"Swiss Retail Voices\" font de chaque \u00e9v\u00e9nement une exp\u00e9rience en direct passionnante. Les commer\u00e7ants de d\u00e9tail, les places de march\u00e9 et les boutiques en ligne ainsi que les fabricants dans le secteur B2C ont ainsi la possibilit\u00e9 d'apprendre des meilleurs et d'obtenir de pr\u00e9cieuses impulsions pour leur propre activit\u00e9 commerciale. \"La s\u00e9rie Showcase a pour objectif de transmettre des connaissances aux utilisateurs et de les mettre en relation avec des fournisseurs innovants\", explique Ewa Ming, initiatrice de Best Retail Cases Switzerland.<\/p>\n<h3>La s\u00e9rie Showcase d\u00e9bute le 12 avril 2002 avec Retail ERP Solutions<\/h3>\n<p>En raison de la croissance croissante du commerce en ligne, de plus en plus de PME misent d\u00e9sormais sur l'int\u00e9gration ERP de boutiques en ligne et de fonctions e-commerce. C'est pr\u00e9cis\u00e9ment de la mani\u00e8re dont cela peut \u00eatre mis en \u0153uvre qu'il sera question lors du premier Showcase-Event du 12 avril 2022. Anim\u00e9 par l'expert ERP et r\u00e9dacteur en chef de topsoft Christian B\u00fchlmann, des sp\u00e9cialistes et des fournisseurs de logiciels pr\u00e9senteront diff\u00e9rentes possibilit\u00e9s d'utiliser efficacement les donn\u00e9es et les processus et d'\"aller chercher\" les clients aux principaux Touchpoints avec des applications mobiles int\u00e9gr\u00e9es \u00e0 l'ERP.<\/p>\n<p>En s'appuyant sur les syst\u00e8mes ERP les plus r\u00e9cents comme base de donn\u00e9es centrale, la s\u00e9rie de th\u00e8mes sera compl\u00e9t\u00e9e par les Webshop Solutions, Retail Marketing, Retail Logistics et Retail Payment tout au long de la Retail Value Chain.<\/p>\n<p><em>Vous pouvez vous inscrire d\u00e8s maintenant \u00e0 l'adresse suivante : <a href=\"http:\/\/www.innovationworld.ch\/brcs-showcase-serie\">www.innovationworld.ch\/brcs-showcase-serie<\/a><\/em><\/p>","protected":false},"excerpt":{"rendered":"<p>Am 12. April startet die erste Showcase Serie von Best Retail Cases Switzerland (BRCS). Der \u00abState of the Art\u00bb in Retail &amp; eCommerce wird Ihnen in f\u00fcnf kompakten Events pr\u00e4sentiert. Die Sessions starten jeweils dienstags um 08:30 Uhr und dauern insgesamt circa 90 Minuten. 12 Apr 2022 \u2013 Retail ERP \u00abDie zentrale Datenbasis\u00bb 3 Mai [&hellip;]<\/p>\n","protected":false},"author":4,"featured_media":12351,"comment_status":"closed","ping_status":"closed","sticky":false,"template":"","format":"standard","meta":{"_acf_changed":false,"_yoast_wpseo_focuskw":"Showcase Serie","_yoast_wpseo_metadesc":"Nach dem erfolgreichen Best Retail Cases Swiss Awards vom Februar folgt jetzt die erste Best Retail Cases Switzerland Showcase Serie 2022.","articlekey":"","footnotes":""},"categories":[29],"tags":[66,163,417,539],"class_list":["post-12350","post","type-post","status-publish","format-standard","has-post-thumbnail","hentry","category-marketing","tag-awards","tag-e-commerce","tag-retail","tag-workshop"],"acf":[],"yoast_head":"<!-- This site is optimized with the Yoast SEO plugin v27.4 - https:\/\/yoast.com\/product\/yoast-seo-wordpress\/ -->\n<title>Neue Showcase Serie von Best Retail Cases Switzerland - Organisator<\/title>\n<meta name=\"description\" content=\"Nach dem erfolgreichen Best Retail Cases Swiss Awards vom Februar folgt jetzt die erste Best Retail Cases Switzerland Showcase Serie 2022.\" \/>\n<meta name=\"robots\" content=\"index, follow, max-snippet:-1, max-image-preview:large, max-video-preview:-1\" \/>\n<link rel=\"canonical\" href=\"https:\/\/www.organisator.ch\/fr\/marketing\/2022-04-04\/nouveau-showcase-serie-de-meilleurs-cases-de-retail-switzerland\/\" \/>\n<meta property=\"og:locale\" content=\"fr_FR\" \/>\n<meta property=\"og:type\" content=\"article\" \/>\n<meta property=\"og:title\" content=\"Neue Showcase Serie von Best Retail Cases Switzerland\" \/>\n<meta property=\"og:description\" content=\"Nach dem erfolgreichen Best Retail Cases Swiss Awards vom Februar folgt jetzt die erste Best Retail Cases Switzerland Showcase Serie 2022.\" \/>\n<meta property=\"og:url\" content=\"https:\/\/www.organisator.ch\/fr\/marketing\/2022-04-04\/nouveau-showcase-serie-de-meilleurs-cases-de-retail-switzerland\/\" \/>\n<meta property=\"og:site_name\" content=\"Organisator\" \/>\n<meta property=\"article:publisher\" content=\"https:\/\/www.facebook.com\/OrganisatorFachmagazin\" \/>\n<meta property=\"article:published_time\" content=\"2022-04-04T05:34:54+00:00\" \/>\n<meta property=\"og:image\" content=\"https:\/\/www.organisator.ch\/wp-content\/uploads\/2022\/04\/Neue-Showcase-Serie-von-Best-Retail-Cases-Switzerland_Organisator.jpg\" \/>\n\t<meta property=\"og:image:width\" content=\"680\" \/>\n\t<meta property=\"og:image:height\" content=\"340\" \/>\n\t<meta property=\"og:image:type\" content=\"image\/jpeg\" \/>\n<meta name=\"author\" content=\"thomas.berner\" \/>\n<meta name=\"twitter:card\" content=\"summary_large_image\" \/>\n<meta name=\"twitter:title\" content=\"Neue #Showcase Serie von #BestRetailCases Switzerland\" \/>\n<meta name=\"twitter:description\" content=\"Nach dem erfolgreichen Best Retail Cases Swiss Awards vom Februar folgt jetzt die erste #BestRetailCases Switzerland #Showcase Serie 2022.\" \/>\n<meta name=\"twitter:image\" content=\"https:\/\/www.organisator.ch\/wp-content\/uploads\/2022\/04\/Neue-Showcase-Serie-von-Best-Retail-Cases-Switzerland_Organisator.jpg\" \/>\n<script type=\"application\/ld+json\" class=\"yoast-schema-graph\">{\"@context\":\"https:\\\/\\\/schema.org\",\"@graph\":[{\"@type\":\"Article\",\"@id\":\"https:\\\/\\\/www.organisator.ch\\\/marketing\\\/2022-04-04\\\/neue-showcase-serie-von-best-retail-cases-switzerland\\\/#article\",\"isPartOf\":{\"@id\":\"https:\\\/\\\/www.organisator.ch\\\/marketing\\\/2022-04-04\\\/neue-showcase-serie-von-best-retail-cases-switzerland\\\/\"},\"author\":{\"name\":\"thomas.berner\",\"@id\":\"https:\\\/\\\/www.organisator.ch\\\/#\\\/schema\\\/person\\\/6f650f90b2842cd4c0cc334b4e36f67e\"},\"headline\":\"Neue Showcase Serie von Best Retail Cases Switzerland\",\"datePublished\":\"2022-04-04T05:34:54+00:00\",\"mainEntityOfPage\":{\"@id\":\"https:\\\/\\\/www.organisator.ch\\\/marketing\\\/2022-04-04\\\/neue-showcase-serie-von-best-retail-cases-switzerland\\\/\"},\"wordCount\":368,\"publisher\":{\"@id\":\"https:\\\/\\\/www.organisator.ch\\\/#organization\"},\"image\":{\"@id\":\"https:\\\/\\\/www.organisator.ch\\\/marketing\\\/2022-04-04\\\/neue-showcase-serie-von-best-retail-cases-switzerland\\\/#primaryimage\"},\"thumbnailUrl\":\"https:\\\/\\\/www.organisator.ch\\\/wp-content\\\/uploads\\\/2022\\\/04\\\/Neue-Showcase-Serie-von-Best-Retail-Cases-Switzerland_Organisator.jpg\",\"keywords\":[\"Awards\",\"E-Commerce\",\"Retail\",\"Workshop\"],\"articleSection\":[\"MARKETING\"],\"inLanguage\":\"fr-FR\"},{\"@type\":\"WebPage\",\"@id\":\"https:\\\/\\\/www.organisator.ch\\\/marketing\\\/2022-04-04\\\/neue-showcase-serie-von-best-retail-cases-switzerland\\\/\",\"url\":\"https:\\\/\\\/www.organisator.ch\\\/marketing\\\/2022-04-04\\\/neue-showcase-serie-von-best-retail-cases-switzerland\\\/\",\"name\":\"Neue Showcase Serie von Best Retail Cases Switzerland - Organisator\",\"isPartOf\":{\"@id\":\"https:\\\/\\\/www.organisator.ch\\\/#website\"},\"primaryImageOfPage\":{\"@id\":\"https:\\\/\\\/www.organisator.ch\\\/marketing\\\/2022-04-04\\\/neue-showcase-serie-von-best-retail-cases-switzerland\\\/#primaryimage\"},\"image\":{\"@id\":\"https:\\\/\\\/www.organisator.ch\\\/marketing\\\/2022-04-04\\\/neue-showcase-serie-von-best-retail-cases-switzerland\\\/#primaryimage\"},\"thumbnailUrl\":\"https:\\\/\\\/www.organisator.ch\\\/wp-content\\\/uploads\\\/2022\\\/04\\\/Neue-Showcase-Serie-von-Best-Retail-Cases-Switzerland_Organisator.jpg\",\"datePublished\":\"2022-04-04T05:34:54+00:00\",\"description\":\"Nach dem erfolgreichen Best Retail Cases Swiss Awards vom Februar folgt jetzt die erste Best Retail Cases Switzerland Showcase Serie 2022.\",\"breadcrumb\":{\"@id\":\"https:\\\/\\\/www.organisator.ch\\\/marketing\\\/2022-04-04\\\/neue-showcase-serie-von-best-retail-cases-switzerland\\\/#breadcrumb\"},\"inLanguage\":\"fr-FR\",\"potentialAction\":[{\"@type\":\"ReadAction\",\"target\":[\"https:\\\/\\\/www.organisator.ch\\\/marketing\\\/2022-04-04\\\/neue-showcase-serie-von-best-retail-cases-switzerland\\\/\"]}]},{\"@type\":\"ImageObject\",\"inLanguage\":\"fr-FR\",\"@id\":\"https:\\\/\\\/www.organisator.ch\\\/marketing\\\/2022-04-04\\\/neue-showcase-serie-von-best-retail-cases-switzerland\\\/#primaryimage\",\"url\":\"https:\\\/\\\/www.organisator.ch\\\/wp-content\\\/uploads\\\/2022\\\/04\\\/Neue-Showcase-Serie-von-Best-Retail-Cases-Switzerland_Organisator.jpg\",\"contentUrl\":\"https:\\\/\\\/www.organisator.ch\\\/wp-content\\\/uploads\\\/2022\\\/04\\\/Neue-Showcase-Serie-von-Best-Retail-Cases-Switzerland_Organisator.jpg\",\"width\":680,\"height\":340,\"caption\":\"Die Best Retail Cases Switzerland starten am 12. April mit einer Showcase Serie. (Bild: Best Retail Cases)\"},{\"@type\":\"BreadcrumbList\",\"@id\":\"https:\\\/\\\/www.organisator.ch\\\/marketing\\\/2022-04-04\\\/neue-showcase-serie-von-best-retail-cases-switzerland\\\/#breadcrumb\",\"itemListElement\":[{\"@type\":\"ListItem\",\"position\":1,\"name\":\"Home\",\"item\":\"https:\\\/\\\/www.organisator.ch\\\/\"},{\"@type\":\"ListItem\",\"position\":2,\"name\":\"Neue Showcase Serie von Best Retail Cases Switzerland\"}]},{\"@type\":\"WebSite\",\"@id\":\"https:\\\/\\\/www.organisator.ch\\\/#website\",\"url\":\"https:\\\/\\\/www.organisator.ch\\\/\",\"name\":\"Organisator\",\"description\":\"Kompetent. Praxisnah. Der ORGANISATOR bereitet in 10 Ausgaben pro Jahr die wesentlichen Themen f\u00fcr F\u00fchrungskr\u00e4fte von KMU auf.\",\"publisher\":{\"@id\":\"https:\\\/\\\/www.organisator.ch\\\/#organization\"},\"potentialAction\":[{\"@type\":\"SearchAction\",\"target\":{\"@type\":\"EntryPoint\",\"urlTemplate\":\"https:\\\/\\\/www.organisator.ch\\\/?s={search_term_string}\"},\"query-input\":{\"@type\":\"PropertyValueSpecification\",\"valueRequired\":true,\"valueName\":\"search_term_string\"}}],\"inLanguage\":\"fr-FR\"},{\"@type\":\"Organization\",\"@id\":\"https:\\\/\\\/www.organisator.ch\\\/#organization\",\"name\":\"Organisator\",\"url\":\"https:\\\/\\\/www.organisator.ch\\\/\",\"logo\":{\"@type\":\"ImageObject\",\"inLanguage\":\"fr-FR\",\"@id\":\"https:\\\/\\\/www.organisator.ch\\\/#\\\/schema\\\/logo\\\/image\\\/\",\"url\":\"https:\\\/\\\/www.organisator.ch\\\/wp-content\\\/uploads\\\/2022\\\/01\\\/Logo_Organisator_Website.png\",\"contentUrl\":\"https:\\\/\\\/www.organisator.ch\\\/wp-content\\\/uploads\\\/2022\\\/01\\\/Logo_Organisator_Website.png\",\"width\":800,\"height\":77,\"caption\":\"Organisator\"},\"image\":{\"@id\":\"https:\\\/\\\/www.organisator.ch\\\/#\\\/schema\\\/logo\\\/image\\\/\"},\"sameAs\":[\"https:\\\/\\\/www.facebook.com\\\/OrganisatorFachmagazin\",\"https:\\\/\\\/www.linkedin.com\\\/showcase\\\/organisator-das-magazin-fr-kmu\",\"https:\\\/\\\/www.xing.com\\\/news\\\/pages\\\/organisator-ch-695\",\"https:\\\/\\\/www.youtube.com\\\/channel\\\/UCGP2Sq0iWaZwT3BdIAQFYpw\"]},{\"@type\":\"Person\",\"@id\":\"https:\\\/\\\/www.organisator.ch\\\/#\\\/schema\\\/person\\\/6f650f90b2842cd4c0cc334b4e36f67e\",\"name\":\"thomas.berner\",\"image\":{\"@type\":\"ImageObject\",\"inLanguage\":\"fr-FR\",\"@id\":\"https:\\\/\\\/secure.gravatar.com\\\/avatar\\\/ac5001d2a36cb6c6cd3e50789007ffca834b477b74a2144564522e944eabff61?s=96&d=mm&r=g\",\"url\":\"https:\\\/\\\/secure.gravatar.com\\\/avatar\\\/ac5001d2a36cb6c6cd3e50789007ffca834b477b74a2144564522e944eabff61?s=96&d=mm&r=g\",\"contentUrl\":\"https:\\\/\\\/secure.gravatar.com\\\/avatar\\\/ac5001d2a36cb6c6cd3e50789007ffca834b477b74a2144564522e944eabff61?s=96&d=mm&r=g\",\"caption\":\"thomas.berner\"},\"url\":\"https:\\\/\\\/www.organisator.ch\\\/fr\\\/author\\\/thomas-berner\\\/\"}]}<\/script>\n<!-- \/ Yoast SEO plugin. -->","yoast_head_json":{"title":"Nouvelle s\u00e9rie de showcases de Best Retail Cases Switzerland - Organisateur","description":"Apr\u00e8s le succ\u00e8s des Best Retail Cases Swiss Awards de f\u00e9vrier, voici la premi\u00e8re s\u00e9rie de showcases Best Retail Cases Switzerland 2022.","robots":{"index":"index","follow":"follow","max-snippet":"max-snippet:-1","max-image-preview":"max-image-preview:large","max-video-preview":"max-video-preview:-1"},"canonical":"https:\/\/www.organisator.ch\/fr\/marketing\/2022-04-04\/nouveau-showcase-serie-de-meilleurs-cases-de-retail-switzerland\/","og_locale":"fr_FR","og_type":"article","og_title":"Neue Showcase Serie von Best Retail Cases Switzerland","og_description":"Nach dem erfolgreichen Best Retail Cases Swiss Awards vom Februar folgt jetzt die erste Best Retail Cases Switzerland Showcase Serie 2022.","og_url":"https:\/\/www.organisator.ch\/fr\/marketing\/2022-04-04\/nouveau-showcase-serie-de-meilleurs-cases-de-retail-switzerland\/","og_site_name":"Organisator","article_publisher":"https:\/\/www.facebook.com\/OrganisatorFachmagazin","article_published_time":"2022-04-04T05:34:54+00:00","og_image":[{"width":680,"height":340,"url":"https:\/\/www.organisator.ch\/wp-content\/uploads\/2022\/04\/Neue-Showcase-Serie-von-Best-Retail-Cases-Switzerland_Organisator.jpg","type":"image\/jpeg"}],"author":"thomas.berner","twitter_card":"summary_large_image","twitter_title":"Neue #Showcase Serie von #BestRetailCases Switzerland","twitter_description":"Nach dem erfolgreichen Best Retail Cases Swiss Awards vom Februar folgt jetzt die erste #BestRetailCases Switzerland #Showcase Serie 2022.","twitter_image":"https:\/\/www.organisator.ch\/wp-content\/uploads\/2022\/04\/Neue-Showcase-Serie-von-Best-Retail-Cases-Switzerland_Organisator.jpg","schema":{"@context":"https:\/\/schema.org","@graph":[{"@type":"Article","@id":"https:\/\/www.organisator.ch\/marketing\/2022-04-04\/neue-showcase-serie-von-best-retail-cases-switzerland\/#article","isPartOf":{"@id":"https:\/\/www.organisator.ch\/marketing\/2022-04-04\/neue-showcase-serie-von-best-retail-cases-switzerland\/"},"author":{"name":"thomas.berner","@id":"https:\/\/www.organisator.ch\/#\/schema\/person\/6f650f90b2842cd4c0cc334b4e36f67e"},"headline":"Neue Showcase Serie von Best Retail Cases Switzerland","datePublished":"2022-04-04T05:34:54+00:00","mainEntityOfPage":{"@id":"https:\/\/www.organisator.ch\/marketing\/2022-04-04\/neue-showcase-serie-von-best-retail-cases-switzerland\/"},"wordCount":368,"publisher":{"@id":"https:\/\/www.organisator.ch\/#organization"},"image":{"@id":"https:\/\/www.organisator.ch\/marketing\/2022-04-04\/neue-showcase-serie-von-best-retail-cases-switzerland\/#primaryimage"},"thumbnailUrl":"https:\/\/www.organisator.ch\/wp-content\/uploads\/2022\/04\/Neue-Showcase-Serie-von-Best-Retail-Cases-Switzerland_Organisator.jpg","keywords":["Awards","E-Commerce","Retail","Workshop"],"articleSection":["MARKETING"],"inLanguage":"fr-FR"},{"@type":"WebPage","@id":"https:\/\/www.organisator.ch\/marketing\/2022-04-04\/neue-showcase-serie-von-best-retail-cases-switzerland\/","url":"https:\/\/www.organisator.ch\/marketing\/2022-04-04\/neue-showcase-serie-von-best-retail-cases-switzerland\/","name":"Nouvelle s\u00e9rie de showcases de Best Retail Cases Switzerland - Organisateur","isPartOf":{"@id":"https:\/\/www.organisator.ch\/#website"},"primaryImageOfPage":{"@id":"https:\/\/www.organisator.ch\/marketing\/2022-04-04\/neue-showcase-serie-von-best-retail-cases-switzerland\/#primaryimage"},"image":{"@id":"https:\/\/www.organisator.ch\/marketing\/2022-04-04\/neue-showcase-serie-von-best-retail-cases-switzerland\/#primaryimage"},"thumbnailUrl":"https:\/\/www.organisator.ch\/wp-content\/uploads\/2022\/04\/Neue-Showcase-Serie-von-Best-Retail-Cases-Switzerland_Organisator.jpg","datePublished":"2022-04-04T05:34:54+00:00","description":"Apr\u00e8s le succ\u00e8s des Best Retail Cases Swiss Awards de f\u00e9vrier, voici la premi\u00e8re s\u00e9rie de showcases Best Retail Cases Switzerland 2022.","breadcrumb":{"@id":"https:\/\/www.organisator.ch\/marketing\/2022-04-04\/neue-showcase-serie-von-best-retail-cases-switzerland\/#breadcrumb"},"inLanguage":"fr-FR","potentialAction":[{"@type":"ReadAction","target":["https:\/\/www.organisator.ch\/marketing\/2022-04-04\/neue-showcase-serie-von-best-retail-cases-switzerland\/"]}]},{"@type":"ImageObject","inLanguage":"fr-FR","@id":"https:\/\/www.organisator.ch\/marketing\/2022-04-04\/neue-showcase-serie-von-best-retail-cases-switzerland\/#primaryimage","url":"https:\/\/www.organisator.ch\/wp-content\/uploads\/2022\/04\/Neue-Showcase-Serie-von-Best-Retail-Cases-Switzerland_Organisator.jpg","contentUrl":"https:\/\/www.organisator.ch\/wp-content\/uploads\/2022\/04\/Neue-Showcase-Serie-von-Best-Retail-Cases-Switzerland_Organisator.jpg","width":680,"height":340,"caption":"Die Best Retail Cases Switzerland starten am 12. April mit einer Showcase Serie. (Bild: Best Retail Cases)"},{"@type":"BreadcrumbList","@id":"https:\/\/www.organisator.ch\/marketing\/2022-04-04\/neue-showcase-serie-von-best-retail-cases-switzerland\/#breadcrumb","itemListElement":[{"@type":"ListItem","position":1,"name":"Home","item":"https:\/\/www.organisator.ch\/"},{"@type":"ListItem","position":2,"name":"Neue Showcase Serie von Best Retail Cases Switzerland"}]},{"@type":"WebSite","@id":"https:\/\/www.organisator.ch\/#website","url":"https:\/\/www.organisator.ch\/","name":"Organisateur","description":"Comp\u00e9tence et comp\u00e9tence. Proches de la pratique. L'ORGANISATEUR pr\u00e9pare 10 num\u00e9ros par an sur les th\u00e8mes essentiels pour les dirigeants de PME.","publisher":{"@id":"https:\/\/www.organisator.ch\/#organization"},"potentialAction":[{"@type":"SearchAction","target":{"@type":"EntryPoint","urlTemplate":"https:\/\/www.organisator.ch\/?s={search_term_string}"},"query-input":{"@type":"PropertyValueSpecification","valueRequired":true,"valueName":"search_term_string"}}],"inLanguage":"fr-FR"},{"@type":"Organization","@id":"https:\/\/www.organisator.ch\/#organization","name":"Organisateur","url":"https:\/\/www.organisator.ch\/","logo":{"@type":"ImageObject","inLanguage":"fr-FR","@id":"https:\/\/www.organisator.ch\/#\/schema\/logo\/image\/","url":"https:\/\/www.organisator.ch\/wp-content\/uploads\/2022\/01\/Logo_Organisator_Website.png","contentUrl":"https:\/\/www.organisator.ch\/wp-content\/uploads\/2022\/01\/Logo_Organisator_Website.png","width":800,"height":77,"caption":"Organisator"},"image":{"@id":"https:\/\/www.organisator.ch\/#\/schema\/logo\/image\/"},"sameAs":["https:\/\/www.facebook.com\/OrganisatorFachmagazin","https:\/\/www.linkedin.com\/showcase\/organisator-das-magazin-fr-kmu","https:\/\/www.xing.com\/news\/pages\/organisator-ch-695","https:\/\/www.youtube.com\/channel\/UCGP2Sq0iWaZwT3BdIAQFYpw"]},{"@type":"Person","@id":"https:\/\/www.organisator.ch\/#\/schema\/person\/6f650f90b2842cd4c0cc334b4e36f67e","name":"thomas.berner","image":{"@type":"ImageObject","inLanguage":"fr-FR","@id":"https:\/\/secure.gravatar.com\/avatar\/ac5001d2a36cb6c6cd3e50789007ffca834b477b74a2144564522e944eabff61?s=96&d=mm&r=g","url":"https:\/\/secure.gravatar.com\/avatar\/ac5001d2a36cb6c6cd3e50789007ffca834b477b74a2144564522e944eabff61?s=96&d=mm&r=g","contentUrl":"https:\/\/secure.gravatar.com\/avatar\/ac5001d2a36cb6c6cd3e50789007ffca834b477b74a2144564522e944eabff61?s=96&d=mm&r=g","caption":"thomas.berner"},"url":"https:\/\/www.organisator.ch\/fr\/author\/thomas-berner\/"}]}},"_links":{"self":[{"href":"https:\/\/www.organisator.ch\/fr\/wp-json\/wp\/v2\/posts\/12350","targetHints":{"allow":["GET"]}}],"collection":[{"href":"https:\/\/www.organisator.ch\/fr\/wp-json\/wp\/v2\/posts"}],"about":[{"href":"https:\/\/www.organisator.ch\/fr\/wp-json\/wp\/v2\/types\/post"}],"author":[{"embeddable":true,"href":"https:\/\/www.organisator.ch\/fr\/wp-json\/wp\/v2\/users\/4"}],"replies":[{"embeddable":true,"href":"https:\/\/www.organisator.ch\/fr\/wp-json\/wp\/v2\/comments?post=12350"}],"version-history":[{"count":1,"href":"https:\/\/www.organisator.ch\/fr\/wp-json\/wp\/v2\/posts\/12350\/revisions"}],"predecessor-version":[{"id":12352,"href":"https:\/\/www.organisator.ch\/fr\/wp-json\/wp\/v2\/posts\/12350\/revisions\/12352"}],"wp:featuredmedia":[{"embeddable":true,"href":"https:\/\/www.organisator.ch\/fr\/wp-json\/wp\/v2\/media\/12351"}],"wp:attachment":[{"href":"https:\/\/www.organisator.ch\/fr\/wp-json\/wp\/v2\/media?parent=12350"}],"wp:term":[{"taxonomy":"category","embeddable":true,"href":"https:\/\/www.organisator.ch\/fr\/wp-json\/wp\/v2\/categories?post=12350"},{"taxonomy":"post_tag","embeddable":true,"href":"https:\/\/www.organisator.ch\/fr\/wp-json\/wp\/v2\/tags?post=12350"}],"curies":[{"name":"wp","href":"https:\/\/api.w.org\/{rel}","templated":true}]}}