{"id":12369,"date":"2022-04-12T10:33:25","date_gmt":"2022-04-12T08:33:25","guid":{"rendered":"https:\/\/www.organisator.ch\/?p=12369"},"modified":"2022-04-08T10:41:07","modified_gmt":"2022-04-08T08:41:07","slug":"smart-meetings-fuer-smart-work","status":"publish","type":"post","link":"https:\/\/www.organisator.ch\/fr\/abo\/2022-04-12\/smart-meetings-fuer-smart-work\/","title":{"rendered":"Des r\u00e9unions intelligentes pour un travail intelligent"},"content":{"rendered":"<div class=\"swpm-post-not-logged-in-msg\">Vous devez \u00eatre connect\u00e9 pour voir ce contenu. Veuillez <a class=\"swpm-login-link\" href=\"https:\/\/www.organisator.ch\/login\/\">Se connecter<\/a>. Pas un membre ? <a href=\"https:\/\/www.organisator.ch\/shop\/\">Nous Rejoindre<\/a><\/div>","protected":false},"excerpt":{"rendered":"<p>Vous devez \u00eatre connect\u00e9 pour voir ce contenu. Veuillez vous connecter. Vous n'\u00eates pas membre ? Nous Rejoindre<\/p>","protected":false},"author":1,"featured_media":12370,"comment_status":"closed","ping_status":"closed","sticky":false,"template":"","format":"standard","meta":{"_acf_changed":false,"_yoast_wpseo_focuskw":"Smart Meetings","_yoast_wpseo_metadesc":"Sitzungen geh\u00f6ren zur Arbeit wie der Schreibtisch oder die Kaffeemaschine. Eslohnt sich, Sitzungen neu zu denken in Richtung Smart Meetings.","articlekey":"","footnotes":""},"categories":[578,28],"tags":[51,2781,335,363],"class_list":["post-12369","post","type-post","status-publish","format-standard","has-post-thumbnail","hentry","category-abo","category-management","tag-arbeitsplatzgestaltung","tag-ausgabe-3-4-2022","tag-management-und-unternehmensfuehrung","tag-new-work"],"acf":[],"yoast_head":"<!-- This site is optimized with the Yoast SEO plugin v27.5 - https:\/\/yoast.com\/product\/yoast-seo-wordpress\/ -->\n<title>Smart Meetings f\u00fcr Smart Work - Organisator<\/title>\n<meta name=\"description\" content=\"Sitzungen geh\u00f6ren zur Arbeit wie der Schreibtisch oder die Kaffeemaschine. Eslohnt sich, Sitzungen neu zu denken in Richtung Smart Meetings.\" \/>\n<meta name=\"robots\" content=\"index, follow, max-snippet:-1, max-image-preview:large, max-video-preview:-1\" \/>\n<link rel=\"canonical\" href=\"https:\/\/www.organisator.ch\/fr\/gestion-2\/2022-04-12\/smart-meetings-fuer-smart-work\/\" \/>\n<meta property=\"og:locale\" content=\"fr_FR\" \/>\n<meta property=\"og:type\" content=\"article\" \/>\n<meta property=\"og:title\" content=\"Smart Meetings f\u00fcr Smart Work\" \/>\n<meta property=\"og:description\" content=\"Sitzungen geh\u00f6ren zur Arbeit wie der Schreibtisch oder die Kaffeemaschine. Eslohnt sich, Sitzungen neu zu denken in Richtung Smart Meetings.\" \/>\n<meta property=\"og:url\" content=\"https:\/\/www.organisator.ch\/fr\/gestion-2\/2022-04-12\/smart-meetings-fuer-smart-work\/\" \/>\n<meta property=\"og:site_name\" content=\"Organisator\" \/>\n<meta property=\"article:publisher\" content=\"https:\/\/www.facebook.com\/OrganisatorFachmagazin\" \/>\n<meta property=\"article:published_time\" content=\"2022-04-12T08:33:25+00:00\" \/>\n<meta property=\"og:image\" content=\"https:\/\/www.organisator.ch\/wp-content\/uploads\/2022\/04\/Organisator-Smart-Meetings-fuer-Smart-Work.jpg\" \/>\n\t<meta property=\"og:image:width\" content=\"925\" \/>\n\t<meta property=\"og:image:height\" content=\"700\" \/>\n\t<meta property=\"og:image:type\" content=\"image\/jpeg\" \/>\n<meta name=\"author\" content=\"admin\" \/>\n<meta name=\"twitter:card\" content=\"summary_large_image\" \/>\n<meta name=\"twitter:title\" content=\"Smart #Meetings f\u00fcr Smart Work\" \/>\n<meta name=\"twitter:description\" content=\"#Sitzungen geh\u00f6ren zur Arbeit wie der Schreibtisch oder die Kaffeemaschine. Es lohnt sich, Sitzungen neu zu denken in Richtung Smart #Meetings.\" \/>\n<meta name=\"twitter:image\" content=\"https:\/\/www.organisator.ch\/wp-content\/uploads\/2022\/04\/Organisator-Smart-Meetings-fuer-Smart-Work.jpg\" \/>\n<script type=\"application\/ld+json\" class=\"yoast-schema-graph\">{\"@context\":\"https:\\\/\\\/schema.org\",\"@graph\":[{\"@type\":\"Article\",\"@id\":\"https:\\\/\\\/www.organisator.ch\\\/management\\\/2022-04-12\\\/smart-meetings-fuer-smart-work\\\/#article\",\"isPartOf\":{\"@id\":\"https:\\\/\\\/www.organisator.ch\\\/management\\\/2022-04-12\\\/smart-meetings-fuer-smart-work\\\/\"},\"author\":{\"name\":\"admin\",\"@id\":\"https:\\\/\\\/www.organisator.ch\\\/#\\\/schema\\\/person\\\/aa2bace6c5c5aad60102004a50c4eb1c\"},\"headline\":\"Smart Meetings f\u00fcr Smart Work\",\"datePublished\":\"2022-04-12T08:33:25+00:00\",\"mainEntityOfPage\":{\"@id\":\"https:\\\/\\\/www.organisator.ch\\\/management\\\/2022-04-12\\\/smart-meetings-fuer-smart-work\\\/\"},\"wordCount\":916,\"publisher\":{\"@id\":\"https:\\\/\\\/www.organisator.ch\\\/#organization\"},\"image\":{\"@id\":\"https:\\\/\\\/www.organisator.ch\\\/management\\\/2022-04-12\\\/smart-meetings-fuer-smart-work\\\/#primaryimage\"},\"thumbnailUrl\":\"https:\\\/\\\/www.organisator.ch\\\/wp-content\\\/uploads\\\/2022\\\/04\\\/Organisator-Smart-Meetings-fuer-Smart-Work.jpg\",\"keywords\":[\"Arbeitsplatzgestaltung\",\"Ausgabe 3-4\\\/2022\",\"Management und Unternehmensf\u00fchrung\",\"New Work\"],\"articleSection\":[\"ABO+\",\"MANAGEMENT\"],\"inLanguage\":\"fr-FR\"},{\"@type\":\"WebPage\",\"@id\":\"https:\\\/\\\/www.organisator.ch\\\/management\\\/2022-04-12\\\/smart-meetings-fuer-smart-work\\\/\",\"url\":\"https:\\\/\\\/www.organisator.ch\\\/management\\\/2022-04-12\\\/smart-meetings-fuer-smart-work\\\/\",\"name\":\"Smart Meetings f\u00fcr Smart Work - Organisator\",\"isPartOf\":{\"@id\":\"https:\\\/\\\/www.organisator.ch\\\/#website\"},\"primaryImageOfPage\":{\"@id\":\"https:\\\/\\\/www.organisator.ch\\\/management\\\/2022-04-12\\\/smart-meetings-fuer-smart-work\\\/#primaryimage\"},\"image\":{\"@id\":\"https:\\\/\\\/www.organisator.ch\\\/management\\\/2022-04-12\\\/smart-meetings-fuer-smart-work\\\/#primaryimage\"},\"thumbnailUrl\":\"https:\\\/\\\/www.organisator.ch\\\/wp-content\\\/uploads\\\/2022\\\/04\\\/Organisator-Smart-Meetings-fuer-Smart-Work.jpg\",\"datePublished\":\"2022-04-12T08:33:25+00:00\",\"description\":\"Sitzungen geh\u00f6ren zur Arbeit wie der Schreibtisch oder die Kaffeemaschine. Eslohnt sich, Sitzungen neu zu denken in Richtung Smart Meetings.\",\"breadcrumb\":{\"@id\":\"https:\\\/\\\/www.organisator.ch\\\/management\\\/2022-04-12\\\/smart-meetings-fuer-smart-work\\\/#breadcrumb\"},\"inLanguage\":\"fr-FR\",\"potentialAction\":[{\"@type\":\"ReadAction\",\"target\":[\"https:\\\/\\\/www.organisator.ch\\\/management\\\/2022-04-12\\\/smart-meetings-fuer-smart-work\\\/\"]}]},{\"@type\":\"ImageObject\",\"inLanguage\":\"fr-FR\",\"@id\":\"https:\\\/\\\/www.organisator.ch\\\/management\\\/2022-04-12\\\/smart-meetings-fuer-smart-work\\\/#primaryimage\",\"url\":\"https:\\\/\\\/www.organisator.ch\\\/wp-content\\\/uploads\\\/2022\\\/04\\\/Organisator-Smart-Meetings-fuer-Smart-Work.jpg\",\"contentUrl\":\"https:\\\/\\\/www.organisator.ch\\\/wp-content\\\/uploads\\\/2022\\\/04\\\/Organisator-Smart-Meetings-fuer-Smart-Work.jpg\",\"width\":925,\"height\":700,\"caption\":\"Smart Meetings nutzen verschiedene Besprechungsformate. Zum Einsatz kommen dabei die unterschiedlichsten Visualisierungstechniken. Entscheidend ist dabei die richtige Medienwahl. Bild: UNSPLASH.COM\"},{\"@type\":\"BreadcrumbList\",\"@id\":\"https:\\\/\\\/www.organisator.ch\\\/management\\\/2022-04-12\\\/smart-meetings-fuer-smart-work\\\/#breadcrumb\",\"itemListElement\":[{\"@type\":\"ListItem\",\"position\":1,\"name\":\"Home\",\"item\":\"https:\\\/\\\/www.organisator.ch\\\/\"},{\"@type\":\"ListItem\",\"position\":2,\"name\":\"Smart Meetings f\u00fcr Smart Work\"}]},{\"@type\":\"WebSite\",\"@id\":\"https:\\\/\\\/www.organisator.ch\\\/#website\",\"url\":\"https:\\\/\\\/www.organisator.ch\\\/\",\"name\":\"Organisator\",\"description\":\"Kompetent. Praxisnah. Der ORGANISATOR bereitet in 10 Ausgaben pro Jahr die wesentlichen Themen f\u00fcr F\u00fchrungskr\u00e4fte von KMU auf.\",\"publisher\":{\"@id\":\"https:\\\/\\\/www.organisator.ch\\\/#organization\"},\"potentialAction\":[{\"@type\":\"SearchAction\",\"target\":{\"@type\":\"EntryPoint\",\"urlTemplate\":\"https:\\\/\\\/www.organisator.ch\\\/?s={search_term_string}\"},\"query-input\":{\"@type\":\"PropertyValueSpecification\",\"valueRequired\":true,\"valueName\":\"search_term_string\"}}],\"inLanguage\":\"fr-FR\"},{\"@type\":\"Organization\",\"@id\":\"https:\\\/\\\/www.organisator.ch\\\/#organization\",\"name\":\"Organisator\",\"url\":\"https:\\\/\\\/www.organisator.ch\\\/\",\"logo\":{\"@type\":\"ImageObject\",\"inLanguage\":\"fr-FR\",\"@id\":\"https:\\\/\\\/www.organisator.ch\\\/#\\\/schema\\\/logo\\\/image\\\/\",\"url\":\"https:\\\/\\\/www.organisator.ch\\\/wp-content\\\/uploads\\\/2022\\\/01\\\/Logo_Organisator_Website.png\",\"contentUrl\":\"https:\\\/\\\/www.organisator.ch\\\/wp-content\\\/uploads\\\/2022\\\/01\\\/Logo_Organisator_Website.png\",\"width\":800,\"height\":77,\"caption\":\"Organisator\"},\"image\":{\"@id\":\"https:\\\/\\\/www.organisator.ch\\\/#\\\/schema\\\/logo\\\/image\\\/\"},\"sameAs\":[\"https:\\\/\\\/www.facebook.com\\\/OrganisatorFachmagazin\",\"https:\\\/\\\/www.linkedin.com\\\/showcase\\\/organisator-das-magazin-fr-kmu\",\"https:\\\/\\\/www.xing.com\\\/news\\\/pages\\\/organisator-ch-695\",\"https:\\\/\\\/www.youtube.com\\\/channel\\\/UCGP2Sq0iWaZwT3BdIAQFYpw\"]},{\"@type\":\"Person\",\"@id\":\"https:\\\/\\\/www.organisator.ch\\\/#\\\/schema\\\/person\\\/aa2bace6c5c5aad60102004a50c4eb1c\",\"name\":\"admin\",\"image\":{\"@type\":\"ImageObject\",\"inLanguage\":\"fr-FR\",\"@id\":\"https:\\\/\\\/secure.gravatar.com\\\/avatar\\\/ae2f4d718e6c49043e314ce431e7e645d646302a24a5ef5a8bc8e3f5a032e319?s=96&d=mm&r=g\",\"url\":\"https:\\\/\\\/secure.gravatar.com\\\/avatar\\\/ae2f4d718e6c49043e314ce431e7e645d646302a24a5ef5a8bc8e3f5a032e319?s=96&d=mm&r=g\",\"contentUrl\":\"https:\\\/\\\/secure.gravatar.com\\\/avatar\\\/ae2f4d718e6c49043e314ce431e7e645d646302a24a5ef5a8bc8e3f5a032e319?s=96&d=mm&r=g\",\"caption\":\"admin\"},\"sameAs\":[\"https:\\\/\\\/www.organisator.ch\"],\"url\":\"https:\\\/\\\/www.organisator.ch\\\/fr\\\/author\\\/admin\\\/\"}]}<\/script>\n<!-- \/ Yoast SEO plugin. -->","yoast_head_json":{"title":"Smart Meetings pour Smart Work - Organisateur","description":"Les r\u00e9unions font partie du travail au m\u00eame titre que le bureau ou la machine \u00e0 caf\u00e9. Il vaut la peine de repenser les r\u00e9unions dans le sens des Smart Meetings.","robots":{"index":"index","follow":"follow","max-snippet":"max-snippet:-1","max-image-preview":"max-image-preview:large","max-video-preview":"max-video-preview:-1"},"canonical":"https:\/\/www.organisator.ch\/fr\/gestion-2\/2022-04-12\/smart-meetings-fuer-smart-work\/","og_locale":"fr_FR","og_type":"article","og_title":"Smart Meetings f\u00fcr Smart Work","og_description":"Sitzungen geh\u00f6ren zur Arbeit wie der Schreibtisch oder die Kaffeemaschine. Eslohnt sich, Sitzungen neu zu denken in Richtung Smart Meetings.","og_url":"https:\/\/www.organisator.ch\/fr\/gestion-2\/2022-04-12\/smart-meetings-fuer-smart-work\/","og_site_name":"Organisator","article_publisher":"https:\/\/www.facebook.com\/OrganisatorFachmagazin","article_published_time":"2022-04-12T08:33:25+00:00","og_image":[{"width":925,"height":700,"url":"https:\/\/www.organisator.ch\/wp-content\/uploads\/2022\/04\/Organisator-Smart-Meetings-fuer-Smart-Work.jpg","type":"image\/jpeg"}],"author":"admin","twitter_card":"summary_large_image","twitter_title":"Smart #Meetings f\u00fcr Smart Work","twitter_description":"#Sitzungen geh\u00f6ren zur Arbeit wie der Schreibtisch oder die Kaffeemaschine. Es lohnt sich, Sitzungen neu zu denken in Richtung Smart #Meetings.","twitter_image":"https:\/\/www.organisator.ch\/wp-content\/uploads\/2022\/04\/Organisator-Smart-Meetings-fuer-Smart-Work.jpg","schema":{"@context":"https:\/\/schema.org","@graph":[{"@type":"Article","@id":"https:\/\/www.organisator.ch\/management\/2022-04-12\/smart-meetings-fuer-smart-work\/#article","isPartOf":{"@id":"https:\/\/www.organisator.ch\/management\/2022-04-12\/smart-meetings-fuer-smart-work\/"},"author":{"name":"admin","@id":"https:\/\/www.organisator.ch\/#\/schema\/person\/aa2bace6c5c5aad60102004a50c4eb1c"},"headline":"Smart Meetings f\u00fcr Smart Work","datePublished":"2022-04-12T08:33:25+00:00","mainEntityOfPage":{"@id":"https:\/\/www.organisator.ch\/management\/2022-04-12\/smart-meetings-fuer-smart-work\/"},"wordCount":916,"publisher":{"@id":"https:\/\/www.organisator.ch\/#organization"},"image":{"@id":"https:\/\/www.organisator.ch\/management\/2022-04-12\/smart-meetings-fuer-smart-work\/#primaryimage"},"thumbnailUrl":"https:\/\/www.organisator.ch\/wp-content\/uploads\/2022\/04\/Organisator-Smart-Meetings-fuer-Smart-Work.jpg","keywords":["Arbeitsplatzgestaltung","Ausgabe 3-4\/2022","Management und Unternehmensf\u00fchrung","New Work"],"articleSection":["ABO+","MANAGEMENT"],"inLanguage":"fr-FR"},{"@type":"WebPage","@id":"https:\/\/www.organisator.ch\/management\/2022-04-12\/smart-meetings-fuer-smart-work\/","url":"https:\/\/www.organisator.ch\/management\/2022-04-12\/smart-meetings-fuer-smart-work\/","name":"Smart Meetings pour Smart Work - Organisateur","isPartOf":{"@id":"https:\/\/www.organisator.ch\/#website"},"primaryImageOfPage":{"@id":"https:\/\/www.organisator.ch\/management\/2022-04-12\/smart-meetings-fuer-smart-work\/#primaryimage"},"image":{"@id":"https:\/\/www.organisator.ch\/management\/2022-04-12\/smart-meetings-fuer-smart-work\/#primaryimage"},"thumbnailUrl":"https:\/\/www.organisator.ch\/wp-content\/uploads\/2022\/04\/Organisator-Smart-Meetings-fuer-Smart-Work.jpg","datePublished":"2022-04-12T08:33:25+00:00","description":"Les r\u00e9unions font partie du travail au m\u00eame titre que le bureau ou la machine \u00e0 caf\u00e9. Il vaut la peine de repenser les r\u00e9unions dans le sens des Smart Meetings.","breadcrumb":{"@id":"https:\/\/www.organisator.ch\/management\/2022-04-12\/smart-meetings-fuer-smart-work\/#breadcrumb"},"inLanguage":"fr-FR","potentialAction":[{"@type":"ReadAction","target":["https:\/\/www.organisator.ch\/management\/2022-04-12\/smart-meetings-fuer-smart-work\/"]}]},{"@type":"ImageObject","inLanguage":"fr-FR","@id":"https:\/\/www.organisator.ch\/management\/2022-04-12\/smart-meetings-fuer-smart-work\/#primaryimage","url":"https:\/\/www.organisator.ch\/wp-content\/uploads\/2022\/04\/Organisator-Smart-Meetings-fuer-Smart-Work.jpg","contentUrl":"https:\/\/www.organisator.ch\/wp-content\/uploads\/2022\/04\/Organisator-Smart-Meetings-fuer-Smart-Work.jpg","width":925,"height":700,"caption":"Smart Meetings nutzen verschiedene Besprechungsformate. Zum Einsatz kommen dabei die unterschiedlichsten Visualisierungstechniken. Entscheidend ist dabei die richtige Medienwahl. Bild: UNSPLASH.COM"},{"@type":"BreadcrumbList","@id":"https:\/\/www.organisator.ch\/management\/2022-04-12\/smart-meetings-fuer-smart-work\/#breadcrumb","itemListElement":[{"@type":"ListItem","position":1,"name":"Home","item":"https:\/\/www.organisator.ch\/"},{"@type":"ListItem","position":2,"name":"Smart Meetings f\u00fcr Smart Work"}]},{"@type":"WebSite","@id":"https:\/\/www.organisator.ch\/#website","url":"https:\/\/www.organisator.ch\/","name":"Organisateur","description":"Comp\u00e9tence et comp\u00e9tence. Proches de la pratique. L'ORGANISATEUR pr\u00e9pare 10 num\u00e9ros par an sur les th\u00e8mes essentiels pour les dirigeants de PME.","publisher":{"@id":"https:\/\/www.organisator.ch\/#organization"},"potentialAction":[{"@type":"SearchAction","target":{"@type":"EntryPoint","urlTemplate":"https:\/\/www.organisator.ch\/?s={search_term_string}"},"query-input":{"@type":"PropertyValueSpecification","valueRequired":true,"valueName":"search_term_string"}}],"inLanguage":"fr-FR"},{"@type":"Organization","@id":"https:\/\/www.organisator.ch\/#organization","name":"Organisateur","url":"https:\/\/www.organisator.ch\/","logo":{"@type":"ImageObject","inLanguage":"fr-FR","@id":"https:\/\/www.organisator.ch\/#\/schema\/logo\/image\/","url":"https:\/\/www.organisator.ch\/wp-content\/uploads\/2022\/01\/Logo_Organisator_Website.png","contentUrl":"https:\/\/www.organisator.ch\/wp-content\/uploads\/2022\/01\/Logo_Organisator_Website.png","width":800,"height":77,"caption":"Organisator"},"image":{"@id":"https:\/\/www.organisator.ch\/#\/schema\/logo\/image\/"},"sameAs":["https:\/\/www.facebook.com\/OrganisatorFachmagazin","https:\/\/www.linkedin.com\/showcase\/organisator-das-magazin-fr-kmu","https:\/\/www.xing.com\/news\/pages\/organisator-ch-695","https:\/\/www.youtube.com\/channel\/UCGP2Sq0iWaZwT3BdIAQFYpw"]},{"@type":"Person","@id":"https:\/\/www.organisator.ch\/#\/schema\/person\/aa2bace6c5c5aad60102004a50c4eb1c","name":"admin","image":{"@type":"ImageObject","inLanguage":"fr-FR","@id":"https:\/\/secure.gravatar.com\/avatar\/ae2f4d718e6c49043e314ce431e7e645d646302a24a5ef5a8bc8e3f5a032e319?s=96&d=mm&r=g","url":"https:\/\/secure.gravatar.com\/avatar\/ae2f4d718e6c49043e314ce431e7e645d646302a24a5ef5a8bc8e3f5a032e319?s=96&d=mm&r=g","contentUrl":"https:\/\/secure.gravatar.com\/avatar\/ae2f4d718e6c49043e314ce431e7e645d646302a24a5ef5a8bc8e3f5a032e319?s=96&d=mm&r=g","caption":"admin"},"sameAs":["https:\/\/www.organisator.ch"],"url":"https:\/\/www.organisator.ch\/fr\/author\/admin\/"}]}},"_links":{"self":[{"href":"https:\/\/www.organisator.ch\/fr\/wp-json\/wp\/v2\/posts\/12369","targetHints":{"allow":["GET"]}}],"collection":[{"href":"https:\/\/www.organisator.ch\/fr\/wp-json\/wp\/v2\/posts"}],"about":[{"href":"https:\/\/www.organisator.ch\/fr\/wp-json\/wp\/v2\/types\/post"}],"author":[{"embeddable":true,"href":"https:\/\/www.organisator.ch\/fr\/wp-json\/wp\/v2\/users\/1"}],"replies":[{"embeddable":true,"href":"https:\/\/www.organisator.ch\/fr\/wp-json\/wp\/v2\/comments?post=12369"}],"version-history":[{"count":1,"href":"https:\/\/www.organisator.ch\/fr\/wp-json\/wp\/v2\/posts\/12369\/revisions"}],"predecessor-version":[{"id":12371,"href":"https:\/\/www.organisator.ch\/fr\/wp-json\/wp\/v2\/posts\/12369\/revisions\/12371"}],"wp:featuredmedia":[{"embeddable":true,"href":"https:\/\/www.organisator.ch\/fr\/wp-json\/wp\/v2\/media\/12370"}],"wp:attachment":[{"href":"https:\/\/www.organisator.ch\/fr\/wp-json\/wp\/v2\/media?parent=12369"}],"wp:term":[{"taxonomy":"category","embeddable":true,"href":"https:\/\/www.organisator.ch\/fr\/wp-json\/wp\/v2\/categories?post=12369"},{"taxonomy":"post_tag","embeddable":true,"href":"https:\/\/www.organisator.ch\/fr\/wp-json\/wp\/v2\/tags?post=12369"}],"curies":[{"name":"wp","href":"https:\/\/api.w.org\/{rel}","templated":true}]}}