{"id":12430,"date":"2022-04-11T07:39:09","date_gmt":"2022-04-11T05:39:09","guid":{"rendered":"https:\/\/www.organisator.ch\/?p=12430"},"modified":"2022-04-05T07:46:14","modified_gmt":"2022-04-05T05:46:14","slug":"square-ein-bildungstempel-fuer-neue-lehr-und-lernformen","status":"publish","type":"post","link":"https:\/\/www.organisator.ch\/fr\/abo\/2022-04-11\/square-ein-bildungstempel-fuer-neue-lehr-und-lernformen\/","title":{"rendered":"Square : un \"temple de l'\u00e9ducation\" pour de nouvelles formes d'enseignement et d'apprentissage"},"content":{"rendered":"<div class=\"swpm-post-not-logged-in-msg\">Vous devez \u00eatre connect\u00e9 pour voir ce contenu. Veuillez <a class=\"swpm-login-link\" href=\"https:\/\/www.organisator.ch\/login\/\">Se connecter<\/a>. Pas un membre ? <a href=\"https:\/\/www.organisator.ch\/shop\/\">Nous Rejoindre<\/a><\/div>","protected":false},"excerpt":{"rendered":"<p>Vous devez \u00eatre connect\u00e9 pour voir ce contenu. Veuillez vous connecter. Vous n'\u00eates pas membre ? Nous Rejoindre<\/p>","protected":false},"author":1,"featured_media":12431,"comment_status":"closed","ping_status":"closed","sticky":false,"template":"","format":"standard","meta":{"_acf_changed":false,"_yoast_wpseo_focuskw":"Square","_yoast_wpseo_metadesc":"Der \u00abSQUARE\u00bb an der Universit\u00e4t St.Gallen will nicht nur architektonisch, sondern auch in Sachen neue Lehr-\/Lernformate neue Massst\u00e4be setzen.","articlekey":"","footnotes":""},"categories":[578,579],"tags":[62,2781,283,2404],"class_list":["post-12430","post","type-post","status-publish","format-standard","has-post-thumbnail","hentry","category-abo","category-human-resources","tag-aus-weiterbildung","tag-ausgabe-3-4-2022","tag-interview","tag-universitaet"],"acf":[],"yoast_head":"<!-- This site is optimized with the Yoast SEO plugin v27.4 - https:\/\/yoast.com\/product\/yoast-seo-wordpress\/ -->\n<title>Square: Ein \u00abBildungstempel\u00bb f\u00fcr neue Lehr- und Lernformen - Organisator<\/title>\n<meta name=\"description\" content=\"Der \u00abSQUARE\u00bb an der Universit\u00e4t St.Gallen will nicht nur architektonisch, sondern auch in Sachen neue Lehr-\/Lernformate neue Massst\u00e4be setzen.\" \/>\n<meta name=\"robots\" content=\"index, follow, max-snippet:-1, max-image-preview:large, max-video-preview:-1\" \/>\n<link rel=\"canonical\" href=\"https:\/\/www.organisator.ch\/fr\/abonnement\/2022-04-11\/square-ein-bildungstempel-fuer-neue-lehr-und-lernformen\/\" \/>\n<meta property=\"og:locale\" content=\"fr_FR\" \/>\n<meta property=\"og:type\" content=\"article\" \/>\n<meta property=\"og:title\" content=\"Square: Ein \u00abBildungstempel\u00bb f\u00fcr neue Lehr- und Lernformen\" \/>\n<meta property=\"og:description\" content=\"Der \u00abSQUARE\u00bb an der Universit\u00e4t St.Gallen will nicht nur architektonisch, sondern auch in Sachen neue Lehr-\/Lernformate neue Massst\u00e4be setzen.\" \/>\n<meta property=\"og:url\" content=\"https:\/\/www.organisator.ch\/fr\/abonnement\/2022-04-11\/square-ein-bildungstempel-fuer-neue-lehr-und-lernformen\/\" \/>\n<meta property=\"og:site_name\" content=\"Organisator\" \/>\n<meta property=\"article:publisher\" content=\"https:\/\/www.facebook.com\/OrganisatorFachmagazin\" \/>\n<meta property=\"article:published_time\" content=\"2022-04-11T05:39:09+00:00\" \/>\n<meta property=\"og:image\" content=\"https:\/\/www.organisator.ch\/wp-content\/uploads\/2022\/04\/Organisator-Ein-Bildungstempel-fuer-neue-Lehr-und-Lernformen.jpg\" \/>\n\t<meta property=\"og:image:width\" content=\"925\" \/>\n\t<meta property=\"og:image:height\" content=\"500\" \/>\n\t<meta property=\"og:image:type\" content=\"image\/jpeg\" \/>\n<meta name=\"author\" content=\"admin\" \/>\n<meta name=\"twitter:card\" content=\"summary_large_image\" \/>\n<meta name=\"twitter:title\" content=\"#Square: Ein \u00ab#Bildungstempel\u00bb f\u00fcr neue Lehr- und Lernformen\" \/>\n<meta name=\"twitter:description\" content=\"Der \u00ab#SQUARE\u00bb an der Universit\u00e4t #St.Gallen will nicht nur architektonisch, sondern auch in Sachen neue #Lehr-\/Lernformate neue Massst\u00e4be setzen.\" \/>\n<meta name=\"twitter:image\" content=\"https:\/\/www.organisator.ch\/wp-content\/uploads\/2022\/04\/Organisator-Ein-Bildungstempel-fuer-neue-Lehr-und-Lernformen.jpg\" \/>\n<script type=\"application\/ld+json\" class=\"yoast-schema-graph\">{\"@context\":\"https:\\\/\\\/schema.org\",\"@graph\":[{\"@type\":\"Article\",\"@id\":\"https:\\\/\\\/www.organisator.ch\\\/abo\\\/2022-04-11\\\/square-ein-bildungstempel-fuer-neue-lehr-und-lernformen\\\/#article\",\"isPartOf\":{\"@id\":\"https:\\\/\\\/www.organisator.ch\\\/abo\\\/2022-04-11\\\/square-ein-bildungstempel-fuer-neue-lehr-und-lernformen\\\/\"},\"author\":{\"name\":\"admin\",\"@id\":\"https:\\\/\\\/www.organisator.ch\\\/#\\\/schema\\\/person\\\/aa2bace6c5c5aad60102004a50c4eb1c\"},\"headline\":\"Square: Ein \u00abBildungstempel\u00bb f\u00fcr neue Lehr- und Lernformen\",\"datePublished\":\"2022-04-11T05:39:09+00:00\",\"mainEntityOfPage\":{\"@id\":\"https:\\\/\\\/www.organisator.ch\\\/abo\\\/2022-04-11\\\/square-ein-bildungstempel-fuer-neue-lehr-und-lernformen\\\/\"},\"wordCount\":1389,\"publisher\":{\"@id\":\"https:\\\/\\\/www.organisator.ch\\\/#organization\"},\"image\":{\"@id\":\"https:\\\/\\\/www.organisator.ch\\\/abo\\\/2022-04-11\\\/square-ein-bildungstempel-fuer-neue-lehr-und-lernformen\\\/#primaryimage\"},\"thumbnailUrl\":\"https:\\\/\\\/www.organisator.ch\\\/wp-content\\\/uploads\\\/2022\\\/04\\\/Organisator-Ein-Bildungstempel-fuer-neue-Lehr-und-Lernformen.jpg\",\"keywords\":[\"Aus-\\\/Weiterbildung\",\"Ausgabe 3-4\\\/2022\",\"Interview\",\"Universit\u00e4t\"],\"articleSection\":[\"ABO+\",\"HUMAN RESOURCES\"],\"inLanguage\":\"fr-FR\"},{\"@type\":\"WebPage\",\"@id\":\"https:\\\/\\\/www.organisator.ch\\\/abo\\\/2022-04-11\\\/square-ein-bildungstempel-fuer-neue-lehr-und-lernformen\\\/\",\"url\":\"https:\\\/\\\/www.organisator.ch\\\/abo\\\/2022-04-11\\\/square-ein-bildungstempel-fuer-neue-lehr-und-lernformen\\\/\",\"name\":\"Square: Ein \u00abBildungstempel\u00bb f\u00fcr neue Lehr- und Lernformen - Organisator\",\"isPartOf\":{\"@id\":\"https:\\\/\\\/www.organisator.ch\\\/#website\"},\"primaryImageOfPage\":{\"@id\":\"https:\\\/\\\/www.organisator.ch\\\/abo\\\/2022-04-11\\\/square-ein-bildungstempel-fuer-neue-lehr-und-lernformen\\\/#primaryimage\"},\"image\":{\"@id\":\"https:\\\/\\\/www.organisator.ch\\\/abo\\\/2022-04-11\\\/square-ein-bildungstempel-fuer-neue-lehr-und-lernformen\\\/#primaryimage\"},\"thumbnailUrl\":\"https:\\\/\\\/www.organisator.ch\\\/wp-content\\\/uploads\\\/2022\\\/04\\\/Organisator-Ein-Bildungstempel-fuer-neue-Lehr-und-Lernformen.jpg\",\"datePublished\":\"2022-04-11T05:39:09+00:00\",\"description\":\"Der \u00abSQUARE\u00bb an der Universit\u00e4t St.Gallen will nicht nur architektonisch, sondern auch in Sachen neue Lehr-\\\/Lernformate neue Massst\u00e4be setzen.\",\"breadcrumb\":{\"@id\":\"https:\\\/\\\/www.organisator.ch\\\/abo\\\/2022-04-11\\\/square-ein-bildungstempel-fuer-neue-lehr-und-lernformen\\\/#breadcrumb\"},\"inLanguage\":\"fr-FR\",\"potentialAction\":[{\"@type\":\"ReadAction\",\"target\":[\"https:\\\/\\\/www.organisator.ch\\\/abo\\\/2022-04-11\\\/square-ein-bildungstempel-fuer-neue-lehr-und-lernformen\\\/\"]}]},{\"@type\":\"ImageObject\",\"inLanguage\":\"fr-FR\",\"@id\":\"https:\\\/\\\/www.organisator.ch\\\/abo\\\/2022-04-11\\\/square-ein-bildungstempel-fuer-neue-lehr-und-lernformen\\\/#primaryimage\",\"url\":\"https:\\\/\\\/www.organisator.ch\\\/wp-content\\\/uploads\\\/2022\\\/04\\\/Organisator-Ein-Bildungstempel-fuer-neue-Lehr-und-Lernformen.jpg\",\"contentUrl\":\"https:\\\/\\\/www.organisator.ch\\\/wp-content\\\/uploads\\\/2022\\\/04\\\/Organisator-Ein-Bildungstempel-fuer-neue-Lehr-und-Lernformen.jpg\",\"width\":925,\"height\":500,\"caption\":\"Philippe Narval Bild: ANDREI PUNGOVSCHI\"},{\"@type\":\"BreadcrumbList\",\"@id\":\"https:\\\/\\\/www.organisator.ch\\\/abo\\\/2022-04-11\\\/square-ein-bildungstempel-fuer-neue-lehr-und-lernformen\\\/#breadcrumb\",\"itemListElement\":[{\"@type\":\"ListItem\",\"position\":1,\"name\":\"Home\",\"item\":\"https:\\\/\\\/www.organisator.ch\\\/\"},{\"@type\":\"ListItem\",\"position\":2,\"name\":\"Square: Ein \u00abBildungstempel\u00bb f\u00fcr neue Lehr- und Lernformen\"}]},{\"@type\":\"WebSite\",\"@id\":\"https:\\\/\\\/www.organisator.ch\\\/#website\",\"url\":\"https:\\\/\\\/www.organisator.ch\\\/\",\"name\":\"Organisator\",\"description\":\"Kompetent. Praxisnah. Der ORGANISATOR bereitet in 10 Ausgaben pro Jahr die wesentlichen Themen f\u00fcr F\u00fchrungskr\u00e4fte von KMU auf.\",\"publisher\":{\"@id\":\"https:\\\/\\\/www.organisator.ch\\\/#organization\"},\"potentialAction\":[{\"@type\":\"SearchAction\",\"target\":{\"@type\":\"EntryPoint\",\"urlTemplate\":\"https:\\\/\\\/www.organisator.ch\\\/?s={search_term_string}\"},\"query-input\":{\"@type\":\"PropertyValueSpecification\",\"valueRequired\":true,\"valueName\":\"search_term_string\"}}],\"inLanguage\":\"fr-FR\"},{\"@type\":\"Organization\",\"@id\":\"https:\\\/\\\/www.organisator.ch\\\/#organization\",\"name\":\"Organisator\",\"url\":\"https:\\\/\\\/www.organisator.ch\\\/\",\"logo\":{\"@type\":\"ImageObject\",\"inLanguage\":\"fr-FR\",\"@id\":\"https:\\\/\\\/www.organisator.ch\\\/#\\\/schema\\\/logo\\\/image\\\/\",\"url\":\"https:\\\/\\\/www.organisator.ch\\\/wp-content\\\/uploads\\\/2022\\\/01\\\/Logo_Organisator_Website.png\",\"contentUrl\":\"https:\\\/\\\/www.organisator.ch\\\/wp-content\\\/uploads\\\/2022\\\/01\\\/Logo_Organisator_Website.png\",\"width\":800,\"height\":77,\"caption\":\"Organisator\"},\"image\":{\"@id\":\"https:\\\/\\\/www.organisator.ch\\\/#\\\/schema\\\/logo\\\/image\\\/\"},\"sameAs\":[\"https:\\\/\\\/www.facebook.com\\\/OrganisatorFachmagazin\",\"https:\\\/\\\/www.linkedin.com\\\/showcase\\\/organisator-das-magazin-fr-kmu\",\"https:\\\/\\\/www.xing.com\\\/news\\\/pages\\\/organisator-ch-695\",\"https:\\\/\\\/www.youtube.com\\\/channel\\\/UCGP2Sq0iWaZwT3BdIAQFYpw\"]},{\"@type\":\"Person\",\"@id\":\"https:\\\/\\\/www.organisator.ch\\\/#\\\/schema\\\/person\\\/aa2bace6c5c5aad60102004a50c4eb1c\",\"name\":\"admin\",\"image\":{\"@type\":\"ImageObject\",\"inLanguage\":\"fr-FR\",\"@id\":\"https:\\\/\\\/secure.gravatar.com\\\/avatar\\\/ae2f4d718e6c49043e314ce431e7e645d646302a24a5ef5a8bc8e3f5a032e319?s=96&d=mm&r=g\",\"url\":\"https:\\\/\\\/secure.gravatar.com\\\/avatar\\\/ae2f4d718e6c49043e314ce431e7e645d646302a24a5ef5a8bc8e3f5a032e319?s=96&d=mm&r=g\",\"contentUrl\":\"https:\\\/\\\/secure.gravatar.com\\\/avatar\\\/ae2f4d718e6c49043e314ce431e7e645d646302a24a5ef5a8bc8e3f5a032e319?s=96&d=mm&r=g\",\"caption\":\"admin\"},\"sameAs\":[\"https:\\\/\\\/www.organisator.ch\"],\"url\":\"https:\\\/\\\/www.organisator.ch\\\/fr\\\/author\\\/admin\\\/\"}]}<\/script>\n<!-- \/ Yoast SEO plugin. -->","yoast_head_json":{"title":"Square : un \"temple de l'\u00e9ducation\" pour de nouvelles formes d'enseignement et d'apprentissage - Organisateur","description":"Le \"SQUARE\" de l'universit\u00e9 de Saint-Gall entend poser de nouveaux jalons non seulement sur le plan architectural, mais aussi en mati\u00e8re de nouveaux formats d'enseignement\/d'apprentissage.","robots":{"index":"index","follow":"follow","max-snippet":"max-snippet:-1","max-image-preview":"max-image-preview:large","max-video-preview":"max-video-preview:-1"},"canonical":"https:\/\/www.organisator.ch\/fr\/abonnement\/2022-04-11\/square-ein-bildungstempel-fuer-neue-lehr-und-lernformen\/","og_locale":"fr_FR","og_type":"article","og_title":"Square: Ein \u00abBildungstempel\u00bb f\u00fcr neue Lehr- und Lernformen","og_description":"Der \u00abSQUARE\u00bb an der Universit\u00e4t St.Gallen will nicht nur architektonisch, sondern auch in Sachen neue Lehr-\/Lernformate neue Massst\u00e4be setzen.","og_url":"https:\/\/www.organisator.ch\/fr\/abonnement\/2022-04-11\/square-ein-bildungstempel-fuer-neue-lehr-und-lernformen\/","og_site_name":"Organisator","article_publisher":"https:\/\/www.facebook.com\/OrganisatorFachmagazin","article_published_time":"2022-04-11T05:39:09+00:00","og_image":[{"width":925,"height":500,"url":"https:\/\/www.organisator.ch\/wp-content\/uploads\/2022\/04\/Organisator-Ein-Bildungstempel-fuer-neue-Lehr-und-Lernformen.jpg","type":"image\/jpeg"}],"author":"admin","twitter_card":"summary_large_image","twitter_title":"#Square: Ein \u00ab#Bildungstempel\u00bb f\u00fcr neue Lehr- und Lernformen","twitter_description":"Der \u00ab#SQUARE\u00bb an der Universit\u00e4t #St.Gallen will nicht nur architektonisch, sondern auch in Sachen neue #Lehr-\/Lernformate neue Massst\u00e4be setzen.","twitter_image":"https:\/\/www.organisator.ch\/wp-content\/uploads\/2022\/04\/Organisator-Ein-Bildungstempel-fuer-neue-Lehr-und-Lernformen.jpg","schema":{"@context":"https:\/\/schema.org","@graph":[{"@type":"Article","@id":"https:\/\/www.organisator.ch\/abo\/2022-04-11\/square-ein-bildungstempel-fuer-neue-lehr-und-lernformen\/#article","isPartOf":{"@id":"https:\/\/www.organisator.ch\/abo\/2022-04-11\/square-ein-bildungstempel-fuer-neue-lehr-und-lernformen\/"},"author":{"name":"admin","@id":"https:\/\/www.organisator.ch\/#\/schema\/person\/aa2bace6c5c5aad60102004a50c4eb1c"},"headline":"Square: Ein \u00abBildungstempel\u00bb f\u00fcr neue Lehr- und Lernformen","datePublished":"2022-04-11T05:39:09+00:00","mainEntityOfPage":{"@id":"https:\/\/www.organisator.ch\/abo\/2022-04-11\/square-ein-bildungstempel-fuer-neue-lehr-und-lernformen\/"},"wordCount":1389,"publisher":{"@id":"https:\/\/www.organisator.ch\/#organization"},"image":{"@id":"https:\/\/www.organisator.ch\/abo\/2022-04-11\/square-ein-bildungstempel-fuer-neue-lehr-und-lernformen\/#primaryimage"},"thumbnailUrl":"https:\/\/www.organisator.ch\/wp-content\/uploads\/2022\/04\/Organisator-Ein-Bildungstempel-fuer-neue-Lehr-und-Lernformen.jpg","keywords":["Aus-\/Weiterbildung","Ausgabe 3-4\/2022","Interview","Universit\u00e4t"],"articleSection":["ABO+","HUMAN RESOURCES"],"inLanguage":"fr-FR"},{"@type":"WebPage","@id":"https:\/\/www.organisator.ch\/abo\/2022-04-11\/square-ein-bildungstempel-fuer-neue-lehr-und-lernformen\/","url":"https:\/\/www.organisator.ch\/abo\/2022-04-11\/square-ein-bildungstempel-fuer-neue-lehr-und-lernformen\/","name":"Square : un \"temple de l'\u00e9ducation\" pour de nouvelles formes d'enseignement et d'apprentissage - Organisateur","isPartOf":{"@id":"https:\/\/www.organisator.ch\/#website"},"primaryImageOfPage":{"@id":"https:\/\/www.organisator.ch\/abo\/2022-04-11\/square-ein-bildungstempel-fuer-neue-lehr-und-lernformen\/#primaryimage"},"image":{"@id":"https:\/\/www.organisator.ch\/abo\/2022-04-11\/square-ein-bildungstempel-fuer-neue-lehr-und-lernformen\/#primaryimage"},"thumbnailUrl":"https:\/\/www.organisator.ch\/wp-content\/uploads\/2022\/04\/Organisator-Ein-Bildungstempel-fuer-neue-Lehr-und-Lernformen.jpg","datePublished":"2022-04-11T05:39:09+00:00","description":"Le \"SQUARE\" de l'universit\u00e9 de Saint-Gall entend poser de nouveaux jalons non seulement sur le plan architectural, mais aussi en mati\u00e8re de nouveaux formats d'enseignement\/d'apprentissage.","breadcrumb":{"@id":"https:\/\/www.organisator.ch\/abo\/2022-04-11\/square-ein-bildungstempel-fuer-neue-lehr-und-lernformen\/#breadcrumb"},"inLanguage":"fr-FR","potentialAction":[{"@type":"ReadAction","target":["https:\/\/www.organisator.ch\/abo\/2022-04-11\/square-ein-bildungstempel-fuer-neue-lehr-und-lernformen\/"]}]},{"@type":"ImageObject","inLanguage":"fr-FR","@id":"https:\/\/www.organisator.ch\/abo\/2022-04-11\/square-ein-bildungstempel-fuer-neue-lehr-und-lernformen\/#primaryimage","url":"https:\/\/www.organisator.ch\/wp-content\/uploads\/2022\/04\/Organisator-Ein-Bildungstempel-fuer-neue-Lehr-und-Lernformen.jpg","contentUrl":"https:\/\/www.organisator.ch\/wp-content\/uploads\/2022\/04\/Organisator-Ein-Bildungstempel-fuer-neue-Lehr-und-Lernformen.jpg","width":925,"height":500,"caption":"Philippe Narval Bild: ANDREI PUNGOVSCHI"},{"@type":"BreadcrumbList","@id":"https:\/\/www.organisator.ch\/abo\/2022-04-11\/square-ein-bildungstempel-fuer-neue-lehr-und-lernformen\/#breadcrumb","itemListElement":[{"@type":"ListItem","position":1,"name":"Home","item":"https:\/\/www.organisator.ch\/"},{"@type":"ListItem","position":2,"name":"Square: Ein \u00abBildungstempel\u00bb f\u00fcr neue Lehr- und Lernformen"}]},{"@type":"WebSite","@id":"https:\/\/www.organisator.ch\/#website","url":"https:\/\/www.organisator.ch\/","name":"Organisateur","description":"Comp\u00e9tence et comp\u00e9tence. Proches de la pratique. L'ORGANISATEUR pr\u00e9pare 10 num\u00e9ros par an sur les th\u00e8mes essentiels pour les dirigeants de PME.","publisher":{"@id":"https:\/\/www.organisator.ch\/#organization"},"potentialAction":[{"@type":"SearchAction","target":{"@type":"EntryPoint","urlTemplate":"https:\/\/www.organisator.ch\/?s={search_term_string}"},"query-input":{"@type":"PropertyValueSpecification","valueRequired":true,"valueName":"search_term_string"}}],"inLanguage":"fr-FR"},{"@type":"Organization","@id":"https:\/\/www.organisator.ch\/#organization","name":"Organisateur","url":"https:\/\/www.organisator.ch\/","logo":{"@type":"ImageObject","inLanguage":"fr-FR","@id":"https:\/\/www.organisator.ch\/#\/schema\/logo\/image\/","url":"https:\/\/www.organisator.ch\/wp-content\/uploads\/2022\/01\/Logo_Organisator_Website.png","contentUrl":"https:\/\/www.organisator.ch\/wp-content\/uploads\/2022\/01\/Logo_Organisator_Website.png","width":800,"height":77,"caption":"Organisator"},"image":{"@id":"https:\/\/www.organisator.ch\/#\/schema\/logo\/image\/"},"sameAs":["https:\/\/www.facebook.com\/OrganisatorFachmagazin","https:\/\/www.linkedin.com\/showcase\/organisator-das-magazin-fr-kmu","https:\/\/www.xing.com\/news\/pages\/organisator-ch-695","https:\/\/www.youtube.com\/channel\/UCGP2Sq0iWaZwT3BdIAQFYpw"]},{"@type":"Person","@id":"https:\/\/www.organisator.ch\/#\/schema\/person\/aa2bace6c5c5aad60102004a50c4eb1c","name":"admin","image":{"@type":"ImageObject","inLanguage":"fr-FR","@id":"https:\/\/secure.gravatar.com\/avatar\/ae2f4d718e6c49043e314ce431e7e645d646302a24a5ef5a8bc8e3f5a032e319?s=96&d=mm&r=g","url":"https:\/\/secure.gravatar.com\/avatar\/ae2f4d718e6c49043e314ce431e7e645d646302a24a5ef5a8bc8e3f5a032e319?s=96&d=mm&r=g","contentUrl":"https:\/\/secure.gravatar.com\/avatar\/ae2f4d718e6c49043e314ce431e7e645d646302a24a5ef5a8bc8e3f5a032e319?s=96&d=mm&r=g","caption":"admin"},"sameAs":["https:\/\/www.organisator.ch"],"url":"https:\/\/www.organisator.ch\/fr\/author\/admin\/"}]}},"_links":{"self":[{"href":"https:\/\/www.organisator.ch\/fr\/wp-json\/wp\/v2\/posts\/12430","targetHints":{"allow":["GET"]}}],"collection":[{"href":"https:\/\/www.organisator.ch\/fr\/wp-json\/wp\/v2\/posts"}],"about":[{"href":"https:\/\/www.organisator.ch\/fr\/wp-json\/wp\/v2\/types\/post"}],"author":[{"embeddable":true,"href":"https:\/\/www.organisator.ch\/fr\/wp-json\/wp\/v2\/users\/1"}],"replies":[{"embeddable":true,"href":"https:\/\/www.organisator.ch\/fr\/wp-json\/wp\/v2\/comments?post=12430"}],"version-history":[{"count":3,"href":"https:\/\/www.organisator.ch\/fr\/wp-json\/wp\/v2\/posts\/12430\/revisions"}],"predecessor-version":[{"id":12453,"href":"https:\/\/www.organisator.ch\/fr\/wp-json\/wp\/v2\/posts\/12430\/revisions\/12453"}],"wp:featuredmedia":[{"embeddable":true,"href":"https:\/\/www.organisator.ch\/fr\/wp-json\/wp\/v2\/media\/12431"}],"wp:attachment":[{"href":"https:\/\/www.organisator.ch\/fr\/wp-json\/wp\/v2\/media?parent=12430"}],"wp:term":[{"taxonomy":"category","embeddable":true,"href":"https:\/\/www.organisator.ch\/fr\/wp-json\/wp\/v2\/categories?post=12430"},{"taxonomy":"post_tag","embeddable":true,"href":"https:\/\/www.organisator.ch\/fr\/wp-json\/wp\/v2\/tags?post=12430"}],"curies":[{"name":"wp","href":"https:\/\/api.w.org\/{rel}","templated":true}]}}