{"id":12447,"date":"2022-04-05T05:23:24","date_gmt":"2022-04-05T03:23:24","guid":{"rendered":"https:\/\/www.m-q.ch\/?p=16126"},"modified":"2022-07-30T15:07:44","modified_gmt":"2022-07-30T13:07:44","slug":"eidgenoessisches-rohrleitungsinspektorat-unter-neuer-leitung","status":"publish","type":"post","link":"https:\/\/www.organisator.ch\/fr\/operational-excellence\/2022-04-05\/eidgenoessisches-rohrleitungsinspektorat-unter-neuer-leitung\/","title":{"rendered":"L'Inspection f\u00e9d\u00e9rale des pipelines sous une nouvelle direction"},"content":{"rendered":"<figure id=\"attachment_16127\" class=\"wp-caption alignnone\" style=\"width: 715px\" aria-describedby=\"caption-attachment-16127\"><img class=\"alignnone wp-image-16127 size-full\" src=\"https:\/\/www.m-q.ch\/wp-content\/uploads\/2022\/04\/Eidgenoessisches-Rohrleitungsinspektorat-unter-neuer-Leitung_MQ.jpg\" alt=\"Inspection des pipelines\" width=\"715\" height=\"575\" \/><figcaption id=\"caption-attachment-16127\" class=\"wp-caption-text\">Roger B\u00e4chtiger prend la direction de l'Inspection f\u00e9d\u00e9rale des pipelines (IFP). (Image : ASIT)<\/figcaption><\/figure>\r\nApr\u00e8s presque trente ans \u00e0 la t\u00eate de l'Inspection f\u00e9d\u00e9rale des pipelines (ERI), Ruedi Wendelspiess prendra une retraite active fin mars 2022. Son vaste savoir-faire restera \u00e0 la disposition de l'ERI jusqu'\u00e0 nouvel ordre, gr\u00e2ce \u00e0 un soutien li\u00e9 \u00e0 des projets. Son successeur est Roger B\u00e4chtiger, qui travaille d\u00e9j\u00e0 depuis 2019 \u00e0 l'Inspection f\u00e9d\u00e9rale des pipelines. Dans sa nouvelle fonction, il est \u00e9galement membre de la direction de l'ASIT.\r\n\r\nRoger B\u00e4chtiger est ing\u00e9nieur dipl\u00f4m\u00e9 en g\u00e9nie m\u00e9canique, M.Sc. en technologies industrielles et dispose d'un Executive MBA en management g\u00e9n\u00e9ral et de formations continues, notamment en technologie des mat\u00e9riaux. Il apporte \u00e0 la fois une exp\u00e9rience de direction et une exp\u00e9rience industrielle dans diff\u00e9rents domaines, notamment dans le cadre de ses activit\u00e9s pr\u00e9c\u00e9dentes aupr\u00e8s d'un fabricant suisse renomm\u00e9 de v\u00e9hicules ferroviaires et d'une entreprise de construction m\u00e9canique cot\u00e9e en bourse dans le nord-est de la Suisse. Chez ce dernier, il a occup\u00e9 le poste de chef de projet et d'ing\u00e9nieur de processus pour les grandes installations industrielles et de processus.\r\n\r\nL'Inspection f\u00e9d\u00e9rale des pipelines (ERI) surveille l'\u00e9tude de projet, la construction et l'exploitation d'installations de pipelines pour le transport de combustibles et carburants liquides ou gazeux en Suisse et dans la Principaut\u00e9 de Liechtenstein, dans la mesure o\u00f9 ces installations sont soumises \u00e0 la loi sur les pipelines. En tant qu'instance ind\u00e9pendante - l'ERI n'est pas subordonn\u00e9e \u00e0 l'Office f\u00e9d\u00e9ral de l'\u00e9nergie - elle est int\u00e9gr\u00e9e \u00e0 l'ASIT, l'Association suisse d'inspection technique. L'objectif de l'ASIT est de pr\u00e9venir les accidents, les pannes et les dommages et d'\u00e9liminer les dangers lors de la fabrication et de l'exploitation d'installations techniques de toutes sortes.\r\n\r\n<a href=\"http:\/\/www.svti.ch\/eidg-rohrleitungsinspektorat\"><em>Source et informations compl\u00e9mentaires<\/em><\/a>\n<p class=\"syndicated-attribution\">Cet article est paru initialement sur m-q.ch - <a href=\"https:\/\/www.m-q.ch\/de\/eidgenoessisches-rohrleitungsinspektorat-unter-neuer-leitung\/\" target=\"_blank\">https:\/\/www.m-q.ch\/de\/eidgenoessisches-rohrleitungsinspektorat-unter-neuer-leitung\/<\/a><\/p>","protected":false},"excerpt":{"rendered":"<p>Nach fast dreissig Jahren in der Funktion als Leiter des Eidg. Rohrleitungsinspektorates (ERI) tritt Ruedi Wendelspiess Ende M\u00e4rz 2022 in den aktiven Ruhestand. Sein umfassendes Know-how wird dem ERI, dank projektbezogener Unterst\u00fctzung, bis auf weiteres zur Verf\u00fcgung stehen. Sein Nachfolger ist Roger B\u00e4chtiger, welcher bereits seit 2019 im Eidgen\u00f6ssischen Rohrleitungsinspektorat t\u00e4tig ist. In seiner neuen [\u2026]<\/p>\n","protected":false},"author":8,"featured_media":0,"comment_status":"closed","ping_status":"closed","sticky":false,"template":"","format":"standard","meta":{"_acf_changed":false,"_yoast_wpseo_focuskw":"Rohrleitungsinspektorat","_yoast_wpseo_metadesc":"Das Eidg. Rohrleitungsinspektorat steht unter neuer Leitung: Roger B\u00e4chtiger tritt die Nachfolge von Ruedi Wendelspiess an.","articlekey":"","footnotes":""},"categories":[582],"tags":[2785,3196,3183],"class_list":["post-12447","post","type-post","status-publish","format-standard","hentry","category-operational-excellence","tag-inspektionen","tag-leitung","tag-rohrleitungsinspektorat"],"acf":[],"yoast_head":"<!-- This site is optimized with the Yoast SEO plugin v27.5 - https:\/\/yoast.com\/product\/yoast-seo-wordpress\/ -->\n<title>Eidgen\u00f6ssisches Rohrleitungsinspektorat unter neuer Leitung - Organisator<\/title>\n<meta name=\"description\" content=\"Das Eidg. Rohrleitungsinspektorat steht unter neuer Leitung: Roger B\u00e4chtiger tritt die Nachfolge von Ruedi Wendelspiess an.\" \/>\n<meta name=\"robots\" content=\"index, follow, max-snippet:-1, max-image-preview:large, max-video-preview:-1\" \/>\n<link rel=\"canonical\" href=\"https:\/\/www.m-q.ch\/de\/eidgenoessisches-rohrleitungsinspektorat-unter-neuer-leitung\/\" \/>\n<meta property=\"og:locale\" content=\"fr_FR\" \/>\n<meta property=\"og:type\" content=\"article\" \/>\n<meta property=\"og:title\" content=\"Eidgen\u00f6ssisches Rohrleitungsinspektorat unter neuer Leitung - Organisator\" \/>\n<meta property=\"og:description\" content=\"Das Eidg. Rohrleitungsinspektorat steht unter neuer Leitung: Roger B\u00e4chtiger tritt die Nachfolge von Ruedi Wendelspiess an.\" \/>\n<meta property=\"og:url\" content=\"https:\/\/www.m-q.ch\/de\/eidgenoessisches-rohrleitungsinspektorat-unter-neuer-leitung\/\" \/>\n<meta property=\"og:site_name\" content=\"Organisator\" \/>\n<meta property=\"article:publisher\" content=\"https:\/\/www.facebook.com\/OrganisatorFachmagazin\" \/>\n<meta property=\"article:published_time\" content=\"2022-04-05T03:23:24+00:00\" \/>\n<meta property=\"article:modified_time\" content=\"2022-07-30T13:07:44+00:00\" \/>\n<meta property=\"og:image\" content=\"https:\/\/www.m-q.ch\/wp-content\/uploads\/2022\/04\/Eidgenoessisches-Rohrleitungsinspektorat-unter-neuer-Leitung_MQ.jpg\" \/>\n<meta name=\"author\" content=\"galledia\" \/>\n<meta name=\"twitter:card\" content=\"summary_large_image\" \/>\n<meta name=\"twitter:creator\" content=\"@admin\" \/>\n<script type=\"application\/ld+json\" class=\"yoast-schema-graph\">{\"@context\":\"https:\\\/\\\/schema.org\",\"@graph\":[{\"@type\":\"Article\",\"@id\":\"https:\\\/\\\/www.m-q.ch\\\/de\\\/eidgenoessisches-rohrleitungsinspektorat-unter-neuer-leitung\\\/#article\",\"isPartOf\":{\"@id\":\"https:\\\/\\\/www.organisator.ch\\\/operational-excellence\\\/2022-04-05\\\/eidgenoessisches-rohrleitungsinspektorat-unter-neuer-leitung\\\/\"},\"author\":{\"name\":\"galledia\",\"@id\":\"https:\\\/\\\/www.organisator.ch\\\/#\\\/schema\\\/person\\\/4e51799071cd2dd1232ac003643ef5f0\"},\"headline\":\"Eidgen\u00f6ssisches Rohrleitungsinspektorat unter neuer Leitung\",\"datePublished\":\"2022-04-05T03:23:24+00:00\",\"dateModified\":\"2022-07-30T13:07:44+00:00\",\"mainEntityOfPage\":{\"@id\":\"https:\\\/\\\/www.organisator.ch\\\/operational-excellence\\\/2022-04-05\\\/eidgenoessisches-rohrleitungsinspektorat-unter-neuer-leitung\\\/\"},\"wordCount\":263,\"publisher\":{\"@id\":\"https:\\\/\\\/www.organisator.ch\\\/#organization\"},\"image\":{\"@id\":\"https:\\\/\\\/www.m-q.ch\\\/de\\\/eidgenoessisches-rohrleitungsinspektorat-unter-neuer-leitung\\\/#primaryimage\"},\"thumbnailUrl\":\"https:\\\/\\\/www.m-q.ch\\\/wp-content\\\/uploads\\\/2022\\\/04\\\/Eidgenoessisches-Rohrleitungsinspektorat-unter-neuer-Leitung_MQ.jpg\",\"keywords\":[\"Inspektionen\",\"Leitung\",\"Rohrleitungsinspektorat\"],\"articleSection\":[\"OPERATIONAL EXCELLENCE\"],\"inLanguage\":\"fr-FR\"},{\"@type\":\"WebPage\",\"@id\":\"https:\\\/\\\/www.organisator.ch\\\/operational-excellence\\\/2022-04-05\\\/eidgenoessisches-rohrleitungsinspektorat-unter-neuer-leitung\\\/\",\"url\":\"https:\\\/\\\/www.m-q.ch\\\/de\\\/eidgenoessisches-rohrleitungsinspektorat-unter-neuer-leitung\\\/\",\"name\":\"Eidgen\u00f6ssisches Rohrleitungsinspektorat unter neuer Leitung - Organisator\",\"isPartOf\":{\"@id\":\"https:\\\/\\\/www.organisator.ch\\\/#website\"},\"primaryImageOfPage\":{\"@id\":\"https:\\\/\\\/www.m-q.ch\\\/de\\\/eidgenoessisches-rohrleitungsinspektorat-unter-neuer-leitung\\\/#primaryimage\"},\"image\":{\"@id\":\"https:\\\/\\\/www.m-q.ch\\\/de\\\/eidgenoessisches-rohrleitungsinspektorat-unter-neuer-leitung\\\/#primaryimage\"},\"thumbnailUrl\":\"https:\\\/\\\/www.m-q.ch\\\/wp-content\\\/uploads\\\/2022\\\/04\\\/Eidgenoessisches-Rohrleitungsinspektorat-unter-neuer-Leitung_MQ.jpg\",\"datePublished\":\"2022-04-05T03:23:24+00:00\",\"dateModified\":\"2022-07-30T13:07:44+00:00\",\"description\":\"Das Eidg. Rohrleitungsinspektorat steht unter neuer Leitung: Roger B\u00e4chtiger tritt die Nachfolge von Ruedi Wendelspiess an.\",\"breadcrumb\":{\"@id\":\"https:\\\/\\\/www.m-q.ch\\\/de\\\/eidgenoessisches-rohrleitungsinspektorat-unter-neuer-leitung\\\/#breadcrumb\"},\"inLanguage\":\"fr-FR\",\"potentialAction\":[{\"@type\":\"ReadAction\",\"target\":[\"https:\\\/\\\/www.m-q.ch\\\/de\\\/eidgenoessisches-rohrleitungsinspektorat-unter-neuer-leitung\\\/\"]}]},{\"@type\":\"ImageObject\",\"inLanguage\":\"fr-FR\",\"@id\":\"https:\\\/\\\/www.m-q.ch\\\/de\\\/eidgenoessisches-rohrleitungsinspektorat-unter-neuer-leitung\\\/#primaryimage\",\"url\":\"https:\\\/\\\/www.m-q.ch\\\/wp-content\\\/uploads\\\/2022\\\/04\\\/Eidgenoessisches-Rohrleitungsinspektorat-unter-neuer-Leitung_MQ.jpg\",\"contentUrl\":\"https:\\\/\\\/www.m-q.ch\\\/wp-content\\\/uploads\\\/2022\\\/04\\\/Eidgenoessisches-Rohrleitungsinspektorat-unter-neuer-Leitung_MQ.jpg\"},{\"@type\":\"BreadcrumbList\",\"@id\":\"https:\\\/\\\/www.m-q.ch\\\/de\\\/eidgenoessisches-rohrleitungsinspektorat-unter-neuer-leitung\\\/#breadcrumb\",\"itemListElement\":[{\"@type\":\"ListItem\",\"position\":1,\"name\":\"Home\",\"item\":\"https:\\\/\\\/www.organisator.ch\\\/\"},{\"@type\":\"ListItem\",\"position\":2,\"name\":\"Eidgen\u00f6ssisches Rohrleitungsinspektorat unter neuer Leitung\"}]},{\"@type\":\"WebSite\",\"@id\":\"https:\\\/\\\/www.organisator.ch\\\/#website\",\"url\":\"https:\\\/\\\/www.organisator.ch\\\/\",\"name\":\"Organisator\",\"description\":\"Kompetent. Praxisnah. Der ORGANISATOR bereitet in 10 Ausgaben pro Jahr die wesentlichen Themen f\u00fcr F\u00fchrungskr\u00e4fte von KMU auf.\",\"publisher\":{\"@id\":\"https:\\\/\\\/www.organisator.ch\\\/#organization\"},\"potentialAction\":[{\"@type\":\"SearchAction\",\"target\":{\"@type\":\"EntryPoint\",\"urlTemplate\":\"https:\\\/\\\/www.organisator.ch\\\/?s={search_term_string}\"},\"query-input\":{\"@type\":\"PropertyValueSpecification\",\"valueRequired\":true,\"valueName\":\"search_term_string\"}}],\"inLanguage\":\"fr-FR\"},{\"@type\":\"Organization\",\"@id\":\"https:\\\/\\\/www.organisator.ch\\\/#organization\",\"name\":\"Organisator\",\"url\":\"https:\\\/\\\/www.organisator.ch\\\/\",\"logo\":{\"@type\":\"ImageObject\",\"inLanguage\":\"fr-FR\",\"@id\":\"https:\\\/\\\/www.organisator.ch\\\/#\\\/schema\\\/logo\\\/image\\\/\",\"url\":\"https:\\\/\\\/www.organisator.ch\\\/wp-content\\\/uploads\\\/2022\\\/01\\\/Logo_Organisator_Website.png\",\"contentUrl\":\"https:\\\/\\\/www.organisator.ch\\\/wp-content\\\/uploads\\\/2022\\\/01\\\/Logo_Organisator_Website.png\",\"width\":800,\"height\":77,\"caption\":\"Organisator\"},\"image\":{\"@id\":\"https:\\\/\\\/www.organisator.ch\\\/#\\\/schema\\\/logo\\\/image\\\/\"},\"sameAs\":[\"https:\\\/\\\/www.facebook.com\\\/OrganisatorFachmagazin\",\"https:\\\/\\\/www.linkedin.com\\\/showcase\\\/organisator-das-magazin-fr-kmu\",\"https:\\\/\\\/www.xing.com\\\/news\\\/pages\\\/organisator-ch-695\",\"https:\\\/\\\/www.youtube.com\\\/channel\\\/UCGP2Sq0iWaZwT3BdIAQFYpw\"]},{\"@type\":\"Person\",\"@id\":\"https:\\\/\\\/www.organisator.ch\\\/#\\\/schema\\\/person\\\/4e51799071cd2dd1232ac003643ef5f0\",\"name\":\"galledia\",\"image\":{\"@type\":\"ImageObject\",\"inLanguage\":\"fr-FR\",\"@id\":\"https:\\\/\\\/secure.gravatar.com\\\/avatar\\\/78a7f90c01fc2bfc875782a0d4922b37cde2cf184ce347b91316d23cd7f69a36?s=96&d=mm&r=g\",\"url\":\"https:\\\/\\\/secure.gravatar.com\\\/avatar\\\/78a7f90c01fc2bfc875782a0d4922b37cde2cf184ce347b91316d23cd7f69a36?s=96&d=mm&r=g\",\"contentUrl\":\"https:\\\/\\\/secure.gravatar.com\\\/avatar\\\/78a7f90c01fc2bfc875782a0d4922b37cde2cf184ce347b91316d23cd7f69a36?s=96&d=mm&r=g\",\"caption\":\"galledia\"},\"sameAs\":[\"https:\\\/\\\/x.com\\\/admin\"],\"url\":\"https:\\\/\\\/www.organisator.ch\\\/fr\\\/author\\\/galledia\\\/\"}]}<\/script>\n<!-- \/ Yoast SEO plugin. -->","yoast_head_json":{"title":"L'Inspection f\u00e9d\u00e9rale des pipelines sous une nouvelle direction - Organisateur","description":"L'Inspection f\u00e9d\u00e9rale des pipelines a une nouvelle direction : Roger B\u00e4chtiger succ\u00e8de \u00e0 Ruedi Wendelspiess.","robots":{"index":"index","follow":"follow","max-snippet":"max-snippet:-1","max-image-preview":"max-image-preview:large","max-video-preview":"max-video-preview:-1"},"canonical":"https:\/\/www.m-q.ch\/de\/eidgenoessisches-rohrleitungsinspektorat-unter-neuer-leitung\/","og_locale":"fr_FR","og_type":"article","og_title":"Eidgen\u00f6ssisches Rohrleitungsinspektorat unter neuer Leitung - Organisator","og_description":"Das Eidg. Rohrleitungsinspektorat steht unter neuer Leitung: Roger B\u00e4chtiger tritt die Nachfolge von Ruedi Wendelspiess an.","og_url":"https:\/\/www.m-q.ch\/de\/eidgenoessisches-rohrleitungsinspektorat-unter-neuer-leitung\/","og_site_name":"Organisator","article_publisher":"https:\/\/www.facebook.com\/OrganisatorFachmagazin","article_published_time":"2022-04-05T03:23:24+00:00","article_modified_time":"2022-07-30T13:07:44+00:00","og_image":[{"url":"https:\/\/www.m-q.ch\/wp-content\/uploads\/2022\/04\/Eidgenoessisches-Rohrleitungsinspektorat-unter-neuer-Leitung_MQ.jpg","type":"","width":"","height":""}],"author":"galledia","twitter_card":"summary_large_image","twitter_creator":"@admin","schema":{"@context":"https:\/\/schema.org","@graph":[{"@type":"Article","@id":"https:\/\/www.m-q.ch\/de\/eidgenoessisches-rohrleitungsinspektorat-unter-neuer-leitung\/#article","isPartOf":{"@id":"https:\/\/www.organisator.ch\/operational-excellence\/2022-04-05\/eidgenoessisches-rohrleitungsinspektorat-unter-neuer-leitung\/"},"author":{"name":"galledia","@id":"https:\/\/www.organisator.ch\/#\/schema\/person\/4e51799071cd2dd1232ac003643ef5f0"},"headline":"Eidgen\u00f6ssisches Rohrleitungsinspektorat unter neuer Leitung","datePublished":"2022-04-05T03:23:24+00:00","dateModified":"2022-07-30T13:07:44+00:00","mainEntityOfPage":{"@id":"https:\/\/www.organisator.ch\/operational-excellence\/2022-04-05\/eidgenoessisches-rohrleitungsinspektorat-unter-neuer-leitung\/"},"wordCount":263,"publisher":{"@id":"https:\/\/www.organisator.ch\/#organization"},"image":{"@id":"https:\/\/www.m-q.ch\/de\/eidgenoessisches-rohrleitungsinspektorat-unter-neuer-leitung\/#primaryimage"},"thumbnailUrl":"https:\/\/www.m-q.ch\/wp-content\/uploads\/2022\/04\/Eidgenoessisches-Rohrleitungsinspektorat-unter-neuer-Leitung_MQ.jpg","keywords":["Inspektionen","Leitung","Rohrleitungsinspektorat"],"articleSection":["OPERATIONAL EXCELLENCE"],"inLanguage":"fr-FR"},{"@type":"WebPage","@id":"https:\/\/www.organisator.ch\/operational-excellence\/2022-04-05\/eidgenoessisches-rohrleitungsinspektorat-unter-neuer-leitung\/","url":"https:\/\/www.m-q.ch\/de\/eidgenoessisches-rohrleitungsinspektorat-unter-neuer-leitung\/","name":"L'Inspection f\u00e9d\u00e9rale des pipelines sous une nouvelle direction - Organisateur","isPartOf":{"@id":"https:\/\/www.organisator.ch\/#website"},"primaryImageOfPage":{"@id":"https:\/\/www.m-q.ch\/de\/eidgenoessisches-rohrleitungsinspektorat-unter-neuer-leitung\/#primaryimage"},"image":{"@id":"https:\/\/www.m-q.ch\/de\/eidgenoessisches-rohrleitungsinspektorat-unter-neuer-leitung\/#primaryimage"},"thumbnailUrl":"https:\/\/www.m-q.ch\/wp-content\/uploads\/2022\/04\/Eidgenoessisches-Rohrleitungsinspektorat-unter-neuer-Leitung_MQ.jpg","datePublished":"2022-04-05T03:23:24+00:00","dateModified":"2022-07-30T13:07:44+00:00","description":"L'Inspection f\u00e9d\u00e9rale des pipelines a une nouvelle direction : Roger B\u00e4chtiger succ\u00e8de \u00e0 Ruedi Wendelspiess.","breadcrumb":{"@id":"https:\/\/www.m-q.ch\/de\/eidgenoessisches-rohrleitungsinspektorat-unter-neuer-leitung\/#breadcrumb"},"inLanguage":"fr-FR","potentialAction":[{"@type":"ReadAction","target":["https:\/\/www.m-q.ch\/de\/eidgenoessisches-rohrleitungsinspektorat-unter-neuer-leitung\/"]}]},{"@type":"ImageObject","inLanguage":"fr-FR","@id":"https:\/\/www.m-q.ch\/de\/eidgenoessisches-rohrleitungsinspektorat-unter-neuer-leitung\/#primaryimage","url":"https:\/\/www.m-q.ch\/wp-content\/uploads\/2022\/04\/Eidgenoessisches-Rohrleitungsinspektorat-unter-neuer-Leitung_MQ.jpg","contentUrl":"https:\/\/www.m-q.ch\/wp-content\/uploads\/2022\/04\/Eidgenoessisches-Rohrleitungsinspektorat-unter-neuer-Leitung_MQ.jpg"},{"@type":"BreadcrumbList","@id":"https:\/\/www.m-q.ch\/de\/eidgenoessisches-rohrleitungsinspektorat-unter-neuer-leitung\/#breadcrumb","itemListElement":[{"@type":"ListItem","position":1,"name":"Home","item":"https:\/\/www.organisator.ch\/"},{"@type":"ListItem","position":2,"name":"Eidgen\u00f6ssisches Rohrleitungsinspektorat unter neuer Leitung"}]},{"@type":"WebSite","@id":"https:\/\/www.organisator.ch\/#website","url":"https:\/\/www.organisator.ch\/","name":"Organisateur","description":"Comp\u00e9tence et comp\u00e9tence. Proches de la pratique. L'ORGANISATEUR pr\u00e9pare 10 num\u00e9ros par an sur les th\u00e8mes essentiels pour les dirigeants de PME.","publisher":{"@id":"https:\/\/www.organisator.ch\/#organization"},"potentialAction":[{"@type":"SearchAction","target":{"@type":"EntryPoint","urlTemplate":"https:\/\/www.organisator.ch\/?s={search_term_string}"},"query-input":{"@type":"PropertyValueSpecification","valueRequired":true,"valueName":"search_term_string"}}],"inLanguage":"fr-FR"},{"@type":"Organization","@id":"https:\/\/www.organisator.ch\/#organization","name":"Organisateur","url":"https:\/\/www.organisator.ch\/","logo":{"@type":"ImageObject","inLanguage":"fr-FR","@id":"https:\/\/www.organisator.ch\/#\/schema\/logo\/image\/","url":"https:\/\/www.organisator.ch\/wp-content\/uploads\/2022\/01\/Logo_Organisator_Website.png","contentUrl":"https:\/\/www.organisator.ch\/wp-content\/uploads\/2022\/01\/Logo_Organisator_Website.png","width":800,"height":77,"caption":"Organisator"},"image":{"@id":"https:\/\/www.organisator.ch\/#\/schema\/logo\/image\/"},"sameAs":["https:\/\/www.facebook.com\/OrganisatorFachmagazin","https:\/\/www.linkedin.com\/showcase\/organisator-das-magazin-fr-kmu","https:\/\/www.xing.com\/news\/pages\/organisator-ch-695","https:\/\/www.youtube.com\/channel\/UCGP2Sq0iWaZwT3BdIAQFYpw"]},{"@type":"Person","@id":"https:\/\/www.organisator.ch\/#\/schema\/person\/4e51799071cd2dd1232ac003643ef5f0","name":"galledia","image":{"@type":"ImageObject","inLanguage":"fr-FR","@id":"https:\/\/secure.gravatar.com\/avatar\/78a7f90c01fc2bfc875782a0d4922b37cde2cf184ce347b91316d23cd7f69a36?s=96&d=mm&r=g","url":"https:\/\/secure.gravatar.com\/avatar\/78a7f90c01fc2bfc875782a0d4922b37cde2cf184ce347b91316d23cd7f69a36?s=96&d=mm&r=g","contentUrl":"https:\/\/secure.gravatar.com\/avatar\/78a7f90c01fc2bfc875782a0d4922b37cde2cf184ce347b91316d23cd7f69a36?s=96&d=mm&r=g","caption":"galledia"},"sameAs":["https:\/\/x.com\/admin"],"url":"https:\/\/www.organisator.ch\/fr\/author\/galledia\/"}]}},"_links":{"self":[{"href":"https:\/\/www.organisator.ch\/fr\/wp-json\/wp\/v2\/posts\/12447","targetHints":{"allow":["GET"]}}],"collection":[{"href":"https:\/\/www.organisator.ch\/fr\/wp-json\/wp\/v2\/posts"}],"about":[{"href":"https:\/\/www.organisator.ch\/fr\/wp-json\/wp\/v2\/types\/post"}],"author":[{"embeddable":true,"href":"https:\/\/www.organisator.ch\/fr\/wp-json\/wp\/v2\/users\/8"}],"replies":[{"embeddable":true,"href":"https:\/\/www.organisator.ch\/fr\/wp-json\/wp\/v2\/comments?post=12447"}],"version-history":[{"count":5,"href":"https:\/\/www.organisator.ch\/fr\/wp-json\/wp\/v2\/posts\/12447\/revisions"}],"predecessor-version":[{"id":16001,"href":"https:\/\/www.organisator.ch\/fr\/wp-json\/wp\/v2\/posts\/12447\/revisions\/16001"}],"wp:attachment":[{"href":"https:\/\/www.organisator.ch\/fr\/wp-json\/wp\/v2\/media?parent=12447"}],"wp:term":[{"taxonomy":"category","embeddable":true,"href":"https:\/\/www.organisator.ch\/fr\/wp-json\/wp\/v2\/categories?post=12447"},{"taxonomy":"post_tag","embeddable":true,"href":"https:\/\/www.organisator.ch\/fr\/wp-json\/wp\/v2\/tags?post=12447"}],"curies":[{"name":"wp","href":"https:\/\/api.w.org\/{rel}","templated":true}]}}