{"id":12454,"date":"2022-04-05T07:34:31","date_gmt":"2022-04-05T05:34:31","guid":{"rendered":"https:\/\/www.m-q.ch\/?p=16129"},"modified":"2022-07-30T15:09:26","modified_gmt":"2022-07-30T13:09:26","slug":"swiss-infosec-neuer-head-of-it-security-consulting","status":"publish","type":"post","link":"https:\/\/www.organisator.ch\/fr\/operational-excellence\/2022-04-05\/swiss-infosec-neuer-head-of-it-security-consulting\/","title":{"rendered":"Swiss Infosec : nouveau responsable du conseil en s\u00e9curit\u00e9 informatique"},"content":{"rendered":"<figure id=\"attachment_16130\" class=\"wp-caption alignnone\" style=\"width: 680px\" aria-describedby=\"caption-attachment-16130\"><img class=\"alignnone wp-image-16130 size-full\" src=\"https:\/\/www.m-q.ch\/wp-content\/uploads\/2022\/04\/Swiss-Infosec-Neuer-Head-of-IT-Security-Consulting_MQ.jpg\" alt=\"Swiss Infosec\" width=\"680\" height=\"1020\" \/><figcaption id=\"caption-attachment-16130\" class=\"wp-caption-text\">Niklaus Manser, Head of IT Security Consulting, rejoint la direction de Swiss Infosec SA. (Image : zVg \/ Swiss Infosec)<\/figcaption><\/figure>\r\nAvec la cr\u00e9ation d'une \u00e9quipe de conseil en s\u00e9curit\u00e9 informatique au niveau de la direction, Swiss Infosec SA r\u00e9organise le domaine de la s\u00e9curit\u00e9 informatique. Avec la cr\u00e9ation de ce nouveau centre de comp\u00e9tences pour la s\u00e9curit\u00e9 informatique, l'entreprise r\u00e9agit aux besoins actuels en mati\u00e8re de s\u00e9curit\u00e9, par exemple en ce qui concerne les attaques de ransomware, les tests d'intrusion ou le travail \u00e0 domicile, et continue de se positionner comme un partenaire \u00e9tabli pour des prestations de services compl\u00e8tes dans le vaste domaine de la s\u00e9curit\u00e9 int\u00e9grale.\r\n\r\nDans ce contexte, Niklaus Manser a repris la fonction de Head of IT Security Consulting au 1er avril 2022. Jusqu'\u00e0 pr\u00e9sent, Manser dirigeait l'\u00e9quipe sp\u00e9cialis\u00e9e IT Security, un domaine qui, avec la s\u00e9curit\u00e9 de l'information et la protection des donn\u00e9es, constituait depuis longtemps l'une des comp\u00e9tences cl\u00e9s de l'entreprise. Outre sa nouvelle fonction, il devient \u00e9galement membre de la direction. Il a acquis ses comp\u00e9tences techniques dans diff\u00e9rentes activit\u00e9s informatiques et en \u00e9tudiant \u00e0 la Haute \u00e9cole de Lucerne. Chez Swiss Infosec SA, en tant qu'auditeur principal certifi\u00e9 ISO 27001, il soutient depuis 2017 les clients dans le cadre de projets de conseil, de formations ou de mandats en tant que responsable externe de la s\u00e9curit\u00e9 informatique. Parall\u00e8lement, il a particip\u00e9 \u00e0 la mise en place et au d\u00e9veloppement du secteur d'activit\u00e9 de la s\u00e9curit\u00e9 informatique de l'entreprise, qu'il va maintenant renforcer dans sa nouvelle fonction.\r\n\r\nSwiss Infosec SA, dont le si\u00e8ge est \u00e0 Sursee, est l'une des principales entreprises ind\u00e9pendantes de conseil et de formation en Suisse dans les domaines de la s\u00e9curit\u00e9 de l'information, de la protection des donn\u00e9es et de la s\u00e9curit\u00e9 informatique. L'entreprise a \u00e9t\u00e9 fond\u00e9e en 1989 et emploie, avec sa soci\u00e9t\u00e9 s\u0153ur Swiss GRC SA, plus de 65 collaborateurs qui, dans le domaine de la s\u00e9curit\u00e9 int\u00e9grale, ont accompagn\u00e9 jusqu'ici plus de 2500 projets de petits et grands clients de tous les secteurs.\r\n\r\n<a href=\"https:\/\/www.infosec.ch\/\"><em>Plus d'informations<\/em><\/a>\n<p class=\"syndicated-attribution\">Cet article est paru initialement sur m-q.ch - <a href=\"https:\/\/www.m-q.ch\/de\/swiss-infosec-neuer-head-of-it-security-consulting\/\" target=\"_blank\">https:\/\/www.m-q.ch\/de\/swiss-infosec-neuer-head-of-it-security-consulting\/<\/a><\/p>","protected":false},"excerpt":{"rendered":"<p>Mit der Schaffung eines IT Security Consulting-Teams auf Stufe Gesch\u00e4ftsleitung stellt die Swiss Infosec AG den Bereich IT-Sicherheit neu auf. Das Unternehmen reagiert mit dem Aufbau des neuen Kompetenzzentrums f\u00fcr IT-Sicherheit auf aktuelle Security-Bed\u00fcrfnisse z.B. im Zusammenhang mit Ransomware-Angriffen, Penetration Tests oder dem Arbeiten im Homeoffice und positioniert sich weiter als etablierter Partner f\u00fcr umfassende [\u2026]<\/p>\n","protected":false},"author":8,"featured_media":0,"comment_status":"closed","ping_status":"closed","sticky":false,"template":"","format":"standard","meta":{"_acf_changed":false,"_yoast_wpseo_focuskw":"Swiss Infosec","_yoast_wpseo_metadesc":"IT-Sicherheit ist neben Informationssicherheit und Datenschutz eine der Kernkompetenzen der Swiss Infosec AG.","articlekey":"","footnotes":""},"categories":[582],"tags":[128,426,3182],"class_list":["post-12454","post","type-post","status-publish","format-standard","hentry","category-operational-excellence","tag-consulting","tag-security","tag-swiss-infosec"],"acf":[],"yoast_head":"<!-- This site is optimized with the Yoast SEO plugin v27.5 - https:\/\/yoast.com\/product\/yoast-seo-wordpress\/ -->\n<title>Swiss Infosec: Neuer Head of IT Security Consulting - Organisator<\/title>\n<meta name=\"description\" content=\"IT-Sicherheit ist neben Informationssicherheit und Datenschutz eine der Kernkompetenzen der Swiss Infosec AG.\" \/>\n<meta name=\"robots\" content=\"index, follow, max-snippet:-1, max-image-preview:large, max-video-preview:-1\" \/>\n<link rel=\"canonical\" href=\"https:\/\/www.m-q.ch\/de\/swiss-infosec-neuer-head-of-it-security-consulting\/\" \/>\n<meta property=\"og:locale\" content=\"fr_FR\" \/>\n<meta property=\"og:type\" content=\"article\" \/>\n<meta property=\"og:title\" content=\"Swiss Infosec: Neuer Head of IT Security Consulting - Organisator\" \/>\n<meta property=\"og:description\" content=\"IT-Sicherheit ist neben Informationssicherheit und Datenschutz eine der Kernkompetenzen der Swiss Infosec AG.\" \/>\n<meta property=\"og:url\" content=\"https:\/\/www.m-q.ch\/de\/swiss-infosec-neuer-head-of-it-security-consulting\/\" \/>\n<meta property=\"og:site_name\" content=\"Organisator\" \/>\n<meta property=\"article:publisher\" content=\"https:\/\/www.facebook.com\/OrganisatorFachmagazin\" \/>\n<meta property=\"article:published_time\" content=\"2022-04-05T05:34:31+00:00\" \/>\n<meta property=\"article:modified_time\" content=\"2022-07-30T13:09:26+00:00\" \/>\n<meta property=\"og:image\" content=\"https:\/\/www.m-q.ch\/wp-content\/uploads\/2022\/04\/Swiss-Infosec-Neuer-Head-of-IT-Security-Consulting_MQ.jpg\" \/>\n<meta name=\"author\" content=\"galledia\" \/>\n<meta name=\"twitter:card\" content=\"summary_large_image\" \/>\n<meta name=\"twitter:creator\" content=\"@admin\" \/>\n<script type=\"application\/ld+json\" class=\"yoast-schema-graph\">{\"@context\":\"https:\\\/\\\/schema.org\",\"@graph\":[{\"@type\":\"Article\",\"@id\":\"https:\\\/\\\/www.m-q.ch\\\/de\\\/swiss-infosec-neuer-head-of-it-security-consulting\\\/#article\",\"isPartOf\":{\"@id\":\"https:\\\/\\\/www.organisator.ch\\\/operational-excellence\\\/2022-04-05\\\/swiss-infosec-neuer-head-of-it-security-consulting\\\/\"},\"author\":{\"name\":\"galledia\",\"@id\":\"https:\\\/\\\/www.organisator.ch\\\/#\\\/schema\\\/person\\\/4e51799071cd2dd1232ac003643ef5f0\"},\"headline\":\"Swiss Infosec: Neuer Head of IT Security Consulting\",\"datePublished\":\"2022-04-05T05:34:31+00:00\",\"dateModified\":\"2022-07-30T13:09:26+00:00\",\"mainEntityOfPage\":{\"@id\":\"https:\\\/\\\/www.organisator.ch\\\/operational-excellence\\\/2022-04-05\\\/swiss-infosec-neuer-head-of-it-security-consulting\\\/\"},\"wordCount\":282,\"publisher\":{\"@id\":\"https:\\\/\\\/www.organisator.ch\\\/#organization\"},\"image\":{\"@id\":\"https:\\\/\\\/www.m-q.ch\\\/de\\\/swiss-infosec-neuer-head-of-it-security-consulting\\\/#primaryimage\"},\"thumbnailUrl\":\"https:\\\/\\\/www.m-q.ch\\\/wp-content\\\/uploads\\\/2022\\\/04\\\/Swiss-Infosec-Neuer-Head-of-IT-Security-Consulting_MQ.jpg\",\"keywords\":[\"Consulting\",\"Security\",\"Swiss Infosec\"],\"articleSection\":[\"OPERATIONAL EXCELLENCE\"],\"inLanguage\":\"fr-FR\"},{\"@type\":\"WebPage\",\"@id\":\"https:\\\/\\\/www.organisator.ch\\\/operational-excellence\\\/2022-04-05\\\/swiss-infosec-neuer-head-of-it-security-consulting\\\/\",\"url\":\"https:\\\/\\\/www.m-q.ch\\\/de\\\/swiss-infosec-neuer-head-of-it-security-consulting\\\/\",\"name\":\"Swiss Infosec: Neuer Head of IT Security Consulting - Organisator\",\"isPartOf\":{\"@id\":\"https:\\\/\\\/www.organisator.ch\\\/#website\"},\"primaryImageOfPage\":{\"@id\":\"https:\\\/\\\/www.m-q.ch\\\/de\\\/swiss-infosec-neuer-head-of-it-security-consulting\\\/#primaryimage\"},\"image\":{\"@id\":\"https:\\\/\\\/www.m-q.ch\\\/de\\\/swiss-infosec-neuer-head-of-it-security-consulting\\\/#primaryimage\"},\"thumbnailUrl\":\"https:\\\/\\\/www.m-q.ch\\\/wp-content\\\/uploads\\\/2022\\\/04\\\/Swiss-Infosec-Neuer-Head-of-IT-Security-Consulting_MQ.jpg\",\"datePublished\":\"2022-04-05T05:34:31+00:00\",\"dateModified\":\"2022-07-30T13:09:26+00:00\",\"description\":\"IT-Sicherheit ist neben Informationssicherheit und Datenschutz eine der Kernkompetenzen der Swiss Infosec AG.\",\"breadcrumb\":{\"@id\":\"https:\\\/\\\/www.m-q.ch\\\/de\\\/swiss-infosec-neuer-head-of-it-security-consulting\\\/#breadcrumb\"},\"inLanguage\":\"fr-FR\",\"potentialAction\":[{\"@type\":\"ReadAction\",\"target\":[\"https:\\\/\\\/www.m-q.ch\\\/de\\\/swiss-infosec-neuer-head-of-it-security-consulting\\\/\"]}]},{\"@type\":\"ImageObject\",\"inLanguage\":\"fr-FR\",\"@id\":\"https:\\\/\\\/www.m-q.ch\\\/de\\\/swiss-infosec-neuer-head-of-it-security-consulting\\\/#primaryimage\",\"url\":\"https:\\\/\\\/www.m-q.ch\\\/wp-content\\\/uploads\\\/2022\\\/04\\\/Swiss-Infosec-Neuer-Head-of-IT-Security-Consulting_MQ.jpg\",\"contentUrl\":\"https:\\\/\\\/www.m-q.ch\\\/wp-content\\\/uploads\\\/2022\\\/04\\\/Swiss-Infosec-Neuer-Head-of-IT-Security-Consulting_MQ.jpg\"},{\"@type\":\"BreadcrumbList\",\"@id\":\"https:\\\/\\\/www.m-q.ch\\\/de\\\/swiss-infosec-neuer-head-of-it-security-consulting\\\/#breadcrumb\",\"itemListElement\":[{\"@type\":\"ListItem\",\"position\":1,\"name\":\"Home\",\"item\":\"https:\\\/\\\/www.organisator.ch\\\/\"},{\"@type\":\"ListItem\",\"position\":2,\"name\":\"Swiss Infosec: Neuer Head of IT Security Consulting\"}]},{\"@type\":\"WebSite\",\"@id\":\"https:\\\/\\\/www.organisator.ch\\\/#website\",\"url\":\"https:\\\/\\\/www.organisator.ch\\\/\",\"name\":\"Organisator\",\"description\":\"Kompetent. Praxisnah. Der ORGANISATOR bereitet in 10 Ausgaben pro Jahr die wesentlichen Themen f\u00fcr F\u00fchrungskr\u00e4fte von KMU auf.\",\"publisher\":{\"@id\":\"https:\\\/\\\/www.organisator.ch\\\/#organization\"},\"potentialAction\":[{\"@type\":\"SearchAction\",\"target\":{\"@type\":\"EntryPoint\",\"urlTemplate\":\"https:\\\/\\\/www.organisator.ch\\\/?s={search_term_string}\"},\"query-input\":{\"@type\":\"PropertyValueSpecification\",\"valueRequired\":true,\"valueName\":\"search_term_string\"}}],\"inLanguage\":\"fr-FR\"},{\"@type\":\"Organization\",\"@id\":\"https:\\\/\\\/www.organisator.ch\\\/#organization\",\"name\":\"Organisator\",\"url\":\"https:\\\/\\\/www.organisator.ch\\\/\",\"logo\":{\"@type\":\"ImageObject\",\"inLanguage\":\"fr-FR\",\"@id\":\"https:\\\/\\\/www.organisator.ch\\\/#\\\/schema\\\/logo\\\/image\\\/\",\"url\":\"https:\\\/\\\/www.organisator.ch\\\/wp-content\\\/uploads\\\/2022\\\/01\\\/Logo_Organisator_Website.png\",\"contentUrl\":\"https:\\\/\\\/www.organisator.ch\\\/wp-content\\\/uploads\\\/2022\\\/01\\\/Logo_Organisator_Website.png\",\"width\":800,\"height\":77,\"caption\":\"Organisator\"},\"image\":{\"@id\":\"https:\\\/\\\/www.organisator.ch\\\/#\\\/schema\\\/logo\\\/image\\\/\"},\"sameAs\":[\"https:\\\/\\\/www.facebook.com\\\/OrganisatorFachmagazin\",\"https:\\\/\\\/www.linkedin.com\\\/showcase\\\/organisator-das-magazin-fr-kmu\",\"https:\\\/\\\/www.xing.com\\\/news\\\/pages\\\/organisator-ch-695\",\"https:\\\/\\\/www.youtube.com\\\/channel\\\/UCGP2Sq0iWaZwT3BdIAQFYpw\"]},{\"@type\":\"Person\",\"@id\":\"https:\\\/\\\/www.organisator.ch\\\/#\\\/schema\\\/person\\\/4e51799071cd2dd1232ac003643ef5f0\",\"name\":\"galledia\",\"image\":{\"@type\":\"ImageObject\",\"inLanguage\":\"fr-FR\",\"@id\":\"https:\\\/\\\/secure.gravatar.com\\\/avatar\\\/78a7f90c01fc2bfc875782a0d4922b37cde2cf184ce347b91316d23cd7f69a36?s=96&d=mm&r=g\",\"url\":\"https:\\\/\\\/secure.gravatar.com\\\/avatar\\\/78a7f90c01fc2bfc875782a0d4922b37cde2cf184ce347b91316d23cd7f69a36?s=96&d=mm&r=g\",\"contentUrl\":\"https:\\\/\\\/secure.gravatar.com\\\/avatar\\\/78a7f90c01fc2bfc875782a0d4922b37cde2cf184ce347b91316d23cd7f69a36?s=96&d=mm&r=g\",\"caption\":\"galledia\"},\"sameAs\":[\"https:\\\/\\\/x.com\\\/admin\"],\"url\":\"https:\\\/\\\/www.organisator.ch\\\/fr\\\/author\\\/galledia\\\/\"}]}<\/script>\n<!-- \/ Yoast SEO plugin. -->","yoast_head_json":{"title":"Swiss Infosec : nouveau responsable du conseil en s\u00e9curit\u00e9 informatique - Organisateur","description":"La s\u00e9curit\u00e9 informatique est, avec la s\u00e9curit\u00e9 de l'information et la protection des donn\u00e9es, l'une des comp\u00e9tences cl\u00e9s de Swiss Infosec SA.","robots":{"index":"index","follow":"follow","max-snippet":"max-snippet:-1","max-image-preview":"max-image-preview:large","max-video-preview":"max-video-preview:-1"},"canonical":"https:\/\/www.m-q.ch\/de\/swiss-infosec-neuer-head-of-it-security-consulting\/","og_locale":"fr_FR","og_type":"article","og_title":"Swiss Infosec: Neuer Head of IT Security Consulting - Organisator","og_description":"IT-Sicherheit ist neben Informationssicherheit und Datenschutz eine der Kernkompetenzen der Swiss Infosec AG.","og_url":"https:\/\/www.m-q.ch\/de\/swiss-infosec-neuer-head-of-it-security-consulting\/","og_site_name":"Organisator","article_publisher":"https:\/\/www.facebook.com\/OrganisatorFachmagazin","article_published_time":"2022-04-05T05:34:31+00:00","article_modified_time":"2022-07-30T13:09:26+00:00","og_image":[{"url":"https:\/\/www.m-q.ch\/wp-content\/uploads\/2022\/04\/Swiss-Infosec-Neuer-Head-of-IT-Security-Consulting_MQ.jpg","type":"","width":"","height":""}],"author":"galledia","twitter_card":"summary_large_image","twitter_creator":"@admin","schema":{"@context":"https:\/\/schema.org","@graph":[{"@type":"Article","@id":"https:\/\/www.m-q.ch\/de\/swiss-infosec-neuer-head-of-it-security-consulting\/#article","isPartOf":{"@id":"https:\/\/www.organisator.ch\/operational-excellence\/2022-04-05\/swiss-infosec-neuer-head-of-it-security-consulting\/"},"author":{"name":"galledia","@id":"https:\/\/www.organisator.ch\/#\/schema\/person\/4e51799071cd2dd1232ac003643ef5f0"},"headline":"Swiss Infosec: Neuer Head of IT Security Consulting","datePublished":"2022-04-05T05:34:31+00:00","dateModified":"2022-07-30T13:09:26+00:00","mainEntityOfPage":{"@id":"https:\/\/www.organisator.ch\/operational-excellence\/2022-04-05\/swiss-infosec-neuer-head-of-it-security-consulting\/"},"wordCount":282,"publisher":{"@id":"https:\/\/www.organisator.ch\/#organization"},"image":{"@id":"https:\/\/www.m-q.ch\/de\/swiss-infosec-neuer-head-of-it-security-consulting\/#primaryimage"},"thumbnailUrl":"https:\/\/www.m-q.ch\/wp-content\/uploads\/2022\/04\/Swiss-Infosec-Neuer-Head-of-IT-Security-Consulting_MQ.jpg","keywords":["Consulting","Security","Swiss Infosec"],"articleSection":["OPERATIONAL EXCELLENCE"],"inLanguage":"fr-FR"},{"@type":"WebPage","@id":"https:\/\/www.organisator.ch\/operational-excellence\/2022-04-05\/swiss-infosec-neuer-head-of-it-security-consulting\/","url":"https:\/\/www.m-q.ch\/de\/swiss-infosec-neuer-head-of-it-security-consulting\/","name":"Swiss Infosec : nouveau responsable du conseil en s\u00e9curit\u00e9 informatique - Organisateur","isPartOf":{"@id":"https:\/\/www.organisator.ch\/#website"},"primaryImageOfPage":{"@id":"https:\/\/www.m-q.ch\/de\/swiss-infosec-neuer-head-of-it-security-consulting\/#primaryimage"},"image":{"@id":"https:\/\/www.m-q.ch\/de\/swiss-infosec-neuer-head-of-it-security-consulting\/#primaryimage"},"thumbnailUrl":"https:\/\/www.m-q.ch\/wp-content\/uploads\/2022\/04\/Swiss-Infosec-Neuer-Head-of-IT-Security-Consulting_MQ.jpg","datePublished":"2022-04-05T05:34:31+00:00","dateModified":"2022-07-30T13:09:26+00:00","description":"La s\u00e9curit\u00e9 informatique est, avec la s\u00e9curit\u00e9 de l'information et la protection des donn\u00e9es, l'une des comp\u00e9tences cl\u00e9s de Swiss Infosec SA.","breadcrumb":{"@id":"https:\/\/www.m-q.ch\/de\/swiss-infosec-neuer-head-of-it-security-consulting\/#breadcrumb"},"inLanguage":"fr-FR","potentialAction":[{"@type":"ReadAction","target":["https:\/\/www.m-q.ch\/de\/swiss-infosec-neuer-head-of-it-security-consulting\/"]}]},{"@type":"ImageObject","inLanguage":"fr-FR","@id":"https:\/\/www.m-q.ch\/de\/swiss-infosec-neuer-head-of-it-security-consulting\/#primaryimage","url":"https:\/\/www.m-q.ch\/wp-content\/uploads\/2022\/04\/Swiss-Infosec-Neuer-Head-of-IT-Security-Consulting_MQ.jpg","contentUrl":"https:\/\/www.m-q.ch\/wp-content\/uploads\/2022\/04\/Swiss-Infosec-Neuer-Head-of-IT-Security-Consulting_MQ.jpg"},{"@type":"BreadcrumbList","@id":"https:\/\/www.m-q.ch\/de\/swiss-infosec-neuer-head-of-it-security-consulting\/#breadcrumb","itemListElement":[{"@type":"ListItem","position":1,"name":"Home","item":"https:\/\/www.organisator.ch\/"},{"@type":"ListItem","position":2,"name":"Swiss Infosec: Neuer Head of IT Security Consulting"}]},{"@type":"WebSite","@id":"https:\/\/www.organisator.ch\/#website","url":"https:\/\/www.organisator.ch\/","name":"Organisateur","description":"Comp\u00e9tence et comp\u00e9tence. Proches de la pratique. L'ORGANISATEUR pr\u00e9pare 10 num\u00e9ros par an sur les th\u00e8mes essentiels pour les dirigeants de PME.","publisher":{"@id":"https:\/\/www.organisator.ch\/#organization"},"potentialAction":[{"@type":"SearchAction","target":{"@type":"EntryPoint","urlTemplate":"https:\/\/www.organisator.ch\/?s={search_term_string}"},"query-input":{"@type":"PropertyValueSpecification","valueRequired":true,"valueName":"search_term_string"}}],"inLanguage":"fr-FR"},{"@type":"Organization","@id":"https:\/\/www.organisator.ch\/#organization","name":"Organisateur","url":"https:\/\/www.organisator.ch\/","logo":{"@type":"ImageObject","inLanguage":"fr-FR","@id":"https:\/\/www.organisator.ch\/#\/schema\/logo\/image\/","url":"https:\/\/www.organisator.ch\/wp-content\/uploads\/2022\/01\/Logo_Organisator_Website.png","contentUrl":"https:\/\/www.organisator.ch\/wp-content\/uploads\/2022\/01\/Logo_Organisator_Website.png","width":800,"height":77,"caption":"Organisator"},"image":{"@id":"https:\/\/www.organisator.ch\/#\/schema\/logo\/image\/"},"sameAs":["https:\/\/www.facebook.com\/OrganisatorFachmagazin","https:\/\/www.linkedin.com\/showcase\/organisator-das-magazin-fr-kmu","https:\/\/www.xing.com\/news\/pages\/organisator-ch-695","https:\/\/www.youtube.com\/channel\/UCGP2Sq0iWaZwT3BdIAQFYpw"]},{"@type":"Person","@id":"https:\/\/www.organisator.ch\/#\/schema\/person\/4e51799071cd2dd1232ac003643ef5f0","name":"galledia","image":{"@type":"ImageObject","inLanguage":"fr-FR","@id":"https:\/\/secure.gravatar.com\/avatar\/78a7f90c01fc2bfc875782a0d4922b37cde2cf184ce347b91316d23cd7f69a36?s=96&d=mm&r=g","url":"https:\/\/secure.gravatar.com\/avatar\/78a7f90c01fc2bfc875782a0d4922b37cde2cf184ce347b91316d23cd7f69a36?s=96&d=mm&r=g","contentUrl":"https:\/\/secure.gravatar.com\/avatar\/78a7f90c01fc2bfc875782a0d4922b37cde2cf184ce347b91316d23cd7f69a36?s=96&d=mm&r=g","caption":"galledia"},"sameAs":["https:\/\/x.com\/admin"],"url":"https:\/\/www.organisator.ch\/fr\/author\/galledia\/"}]}},"_links":{"self":[{"href":"https:\/\/www.organisator.ch\/fr\/wp-json\/wp\/v2\/posts\/12454","targetHints":{"allow":["GET"]}}],"collection":[{"href":"https:\/\/www.organisator.ch\/fr\/wp-json\/wp\/v2\/posts"}],"about":[{"href":"https:\/\/www.organisator.ch\/fr\/wp-json\/wp\/v2\/types\/post"}],"author":[{"embeddable":true,"href":"https:\/\/www.organisator.ch\/fr\/wp-json\/wp\/v2\/users\/8"}],"replies":[{"embeddable":true,"href":"https:\/\/www.organisator.ch\/fr\/wp-json\/wp\/v2\/comments?post=12454"}],"version-history":[{"count":4,"href":"https:\/\/www.organisator.ch\/fr\/wp-json\/wp\/v2\/posts\/12454\/revisions"}],"predecessor-version":[{"id":16000,"href":"https:\/\/www.organisator.ch\/fr\/wp-json\/wp\/v2\/posts\/12454\/revisions\/16000"}],"wp:attachment":[{"href":"https:\/\/www.organisator.ch\/fr\/wp-json\/wp\/v2\/media?parent=12454"}],"wp:term":[{"taxonomy":"category","embeddable":true,"href":"https:\/\/www.organisator.ch\/fr\/wp-json\/wp\/v2\/categories?post=12454"},{"taxonomy":"post_tag","embeddable":true,"href":"https:\/\/www.organisator.ch\/fr\/wp-json\/wp\/v2\/tags?post=12454"}],"curies":[{"name":"wp","href":"https:\/\/api.w.org\/{rel}","templated":true}]}}