{"id":12469,"date":"2022-04-05T16:04:11","date_gmt":"2022-04-05T14:04:11","guid":{"rendered":"https:\/\/www.organisator.ch\/?p=12469"},"modified":"2022-04-05T16:04:11","modified_gmt":"2022-04-05T14:04:11","slug":"fm-spezialist-iss-bekennt-sich-zu-netto-null","status":"publish","type":"post","link":"https:\/\/www.organisator.ch\/fr\/sustainability\/2022-04-05\/fm-spezialist-iss-bekennt-sich-zu-netto-null\/","title":{"rendered":"Le sp\u00e9cialiste du FM ISS s'engage pour le z\u00e9ro net"},"content":{"rendered":"<figure id=\"attachment_12470\" aria-describedby=\"caption-attachment-12470\" style=\"width: 680px\" class=\"wp-caption alignnone\"><img loading=\"lazy\" decoding=\"async\" class=\"size-full wp-image-12470\" src=\"https:\/\/www.organisator.ch\/wp-content\/uploads\/2022\/04\/FM-Spezialist-ISS-bekennt-sich-zu-Netto-Null_Organisator.jpg\" alt=\"\" width=\"680\" height=\"383\" srcset=\"https:\/\/www.organisator.ch\/wp-content\/uploads\/2022\/04\/FM-Spezialist-ISS-bekennt-sich-zu-Netto-Null_Organisator.jpg 680w, https:\/\/www.organisator.ch\/wp-content\/uploads\/2022\/04\/FM-Spezialist-ISS-bekennt-sich-zu-Netto-Null_Organisator-18x10.jpg 18w, https:\/\/www.organisator.ch\/wp-content\/uploads\/2022\/04\/FM-Spezialist-ISS-bekennt-sich-zu-Netto-Null_Organisator-311x175.jpg 311w, https:\/\/www.organisator.ch\/wp-content\/uploads\/2022\/04\/FM-Spezialist-ISS-bekennt-sich-zu-Netto-Null_Organisator-621x350.jpg 621w, https:\/\/www.organisator.ch\/wp-content\/uploads\/2022\/04\/FM-Spezialist-ISS-bekennt-sich-zu-Netto-Null_Organisator-300x169.jpg 300w\" sizes=\"auto, (max-width: 680px) 100vw, 680px\" \/><figcaption id=\"caption-attachment-12470\" class=\"wp-caption-text\">L'entreprise ISS, sp\u00e9cialis\u00e9e dans le Facility Management, veut devenir compl\u00e8tement neutre en CO2 d'ici 2040. (Image : zVg \/ ISS)<\/figcaption><\/figure>\n<p>L'objectif z\u00e9ro net ne s'applique pas seulement aux \u00e9missions que le sp\u00e9cialiste FM ISS g\u00e9n\u00e8re avec ses propres prestations, mais \u00e0 l'ensemble de la cha\u00eene de cr\u00e9ation de valeur. Les \u00e9missions directes et indirectes (par ex. l'\u00e9nergie utilis\u00e9e) d'ISS seront climatiquement neutres d'ici 2030. D'ici 2040, l'objectif de neutralit\u00e9 climatique s'applique \u00e9galement \u00e0 toutes les \u00e9missions provenant d'installations qui ne sont pas d\u00e9tenues ou contr\u00f4l\u00e9es par ISS, mais qui ont un impact indirect sur la cha\u00eene de cr\u00e9ation de valeur.<\/p>\n<h3>Sp\u00e9cialiste du FM : De la partie du probl\u00e8me \u00e0 la partie de la solution<\/h3>\n<p>Pour ISS Suisse, l'initiative de durabilit\u00e9 signifie que d'ici 2026, la moiti\u00e9 de la flotte de v\u00e9hicules, soit environ 1'700 voitures de tourisme et v\u00e9hicules utilitaires, sera \u00e9lectrifi\u00e9e. Au total, les v\u00e9hicules d'ISS parcourent chaque ann\u00e9e environ 30 millions de kilom\u00e8tres. Au plus tard en 2030, ISS n'utilisera plus que du courant issu de sources renouvelables. D'ici fin 2022 d\u00e9j\u00e0, seuls des produits de nettoyage certifi\u00e9s \u00e9cologiques seront utilis\u00e9s et d'ici 2026, tous les locaux commerciaux d'ISS seront certifi\u00e9s selon le programme propre \u00e0 l'entreprise \"ISS Green Office\". Ainsi, la consommation d'\u00e9nergie et d'eau ainsi que la quantit\u00e9 de d\u00e9chets g\u00e9n\u00e9r\u00e9s seront nettement r\u00e9duites. \"Pour moi, c'est aussi une pr\u00e9occupation personnelle\", d\u00e9clare Andr\u00e9 Nauer, CEO d'ISS Suisse. \"Nous devons \u00eatre honn\u00eates avec nous-m\u00eames : Moi-m\u00eame et ma g\u00e9n\u00e9ration avons jou\u00e9 un grand r\u00f4le dans la cr\u00e9ation des probl\u00e8mes qui nous pr\u00e9occupent aujourd'hui. Il est temps de changer cela et de ne plus faire partie du probl\u00e8me, mais de la solution\".<\/p>\n<h3>Vers un Facility Management durable<\/h3>\n<p>Dans le monde entier, ISS emploie environ 400'000 collaborateurs et est le fournisseur leader de Workplace Experience et de Facility Services. En Suisse, ISS est le sp\u00e9cialiste FM leader. Le Group CEO Jacob Aarup-Andersen : \"Avec l'h\u00e9ritage de 120 ans d'ISS en tant qu'entreprise qui vit par les gens, la durabilit\u00e9 sociale est depuis toujours ancr\u00e9e dans notre ADN. La n\u00e9cessit\u00e9 d'un changement d\u00e9cisif vers un monde plus durable est claire et urgente. ISS est pr\u00eat \u00e0 s'engager pour ce changement\".<\/p>\n<p><em>Source et informations compl\u00e9mentaires : <a href=\"https:\/\/www.ch.issworld.com\/de-ch\">ISS Suisse SA<\/a><\/em><\/p>","protected":false},"excerpt":{"rendered":"<p>Das Ziel Netto-Null gilt nicht nur f\u00fcr die Emissionen, die der FM-Spezialist ISS mit seinen eigenen Dienstleistungen verursacht, sondern f\u00fcr die gesamte Wertsch\u00f6pfungskette. Die direkten und indirekten Emissionen (z.B. die genutzte Energie) von ISS werden bis 2030 klimaneutral sein. Bis 2040 gilt das Ziel Klimaneutralit\u00e4t auch f\u00fcr s\u00e4mtliche Emissionen aus Anlagen, die nicht im Besitz [&hellip;]<\/p>\n","protected":false},"author":4,"featured_media":12470,"comment_status":"closed","ping_status":"closed","sticky":false,"template":"","format":"standard","meta":{"_acf_changed":false,"_yoast_wpseo_focuskw":"FM-Spezialist ISS","_yoast_wpseo_metadesc":"Weniger CO\u2082, weniger Wasser, weniger Abfall: Bis 2040 will der FM-Spezialist ISS komplett CO2-neutral werden.","articlekey":"","footnotes":""},"categories":[580],"tags":[195,358,602],"class_list":["post-12469","post","type-post","status-publish","format-standard","has-post-thumbnail","hentry","category-sustainability","tag-facility-management","tag-nachhaltige-wirtschaft","tag-netto-null-ziel"],"acf":[],"yoast_head":"<!-- This site is optimized with the Yoast SEO plugin v27.5 - https:\/\/yoast.com\/product\/yoast-seo-wordpress\/ -->\n<title>FM-Spezialist ISS bekennt sich zu Netto-Null - Organisator<\/title>\n<meta name=\"description\" content=\"Weniger CO\u2082, weniger Wasser, weniger Abfall: Bis 2040 will der FM-Spezialist ISS komplett CO2-neutral werden.\" \/>\n<meta name=\"robots\" content=\"index, follow, max-snippet:-1, max-image-preview:large, max-video-preview:-1\" \/>\n<link rel=\"canonical\" href=\"https:\/\/www.organisator.ch\/fr\/sustainability\/2022-04-05\/fm-spezialist-iss-bekennt-sich-zu-netto-null\/\" \/>\n<meta property=\"og:locale\" content=\"fr_FR\" \/>\n<meta property=\"og:type\" content=\"article\" \/>\n<meta property=\"og:title\" content=\"FM-Spezialist ISS bekennt sich zu Netto-Null\" \/>\n<meta property=\"og:description\" content=\"Weniger CO\u2082, weniger Wasser, weniger Abfall: Bis 2040 will der FM-Spezialist ISS komplett CO2-neutral werden.\" \/>\n<meta property=\"og:url\" content=\"https:\/\/www.organisator.ch\/fr\/sustainability\/2022-04-05\/fm-spezialist-iss-bekennt-sich-zu-netto-null\/\" \/>\n<meta property=\"og:site_name\" content=\"Organisator\" \/>\n<meta property=\"article:publisher\" content=\"https:\/\/www.facebook.com\/OrganisatorFachmagazin\" \/>\n<meta property=\"article:published_time\" content=\"2022-04-05T14:04:11+00:00\" \/>\n<meta property=\"og:image\" content=\"https:\/\/www.organisator.ch\/wp-content\/uploads\/2022\/04\/FM-Spezialist-ISS-bekennt-sich-zu-Netto-Null_Organisator.jpg\" \/>\n\t<meta property=\"og:image:width\" content=\"680\" \/>\n\t<meta property=\"og:image:height\" content=\"383\" \/>\n\t<meta property=\"og:image:type\" content=\"image\/jpeg\" \/>\n<meta name=\"author\" content=\"thomas.berner\" \/>\n<meta name=\"twitter:card\" content=\"summary_large_image\" \/>\n<meta name=\"twitter:title\" content=\"FM-Spezialist #ISS bekennt sich zu #Netto-Null\" \/>\n<meta name=\"twitter:description\" content=\"Weniger CO\u2082, weniger Wasser, weniger Abfall: Bis 2040 will der #FM-Spezialist #ISS komplett #CO2-neutral werden.\" \/>\n<meta name=\"twitter:image\" content=\"https:\/\/www.organisator.ch\/wp-content\/uploads\/2022\/04\/FM-Spezialist-ISS-bekennt-sich-zu-Netto-Null_Organisator.jpg\" \/>\n<script type=\"application\/ld+json\" class=\"yoast-schema-graph\">{\"@context\":\"https:\\\/\\\/schema.org\",\"@graph\":[{\"@type\":\"Article\",\"@id\":\"https:\\\/\\\/www.organisator.ch\\\/sustainability\\\/2022-04-05\\\/fm-spezialist-iss-bekennt-sich-zu-netto-null\\\/#article\",\"isPartOf\":{\"@id\":\"https:\\\/\\\/www.organisator.ch\\\/sustainability\\\/2022-04-05\\\/fm-spezialist-iss-bekennt-sich-zu-netto-null\\\/\"},\"author\":{\"name\":\"thomas.berner\",\"@id\":\"https:\\\/\\\/www.organisator.ch\\\/#\\\/schema\\\/person\\\/6f650f90b2842cd4c0cc334b4e36f67e\"},\"headline\":\"FM-Spezialist ISS bekennt sich zu Netto-Null\",\"datePublished\":\"2022-04-05T14:04:11+00:00\",\"mainEntityOfPage\":{\"@id\":\"https:\\\/\\\/www.organisator.ch\\\/sustainability\\\/2022-04-05\\\/fm-spezialist-iss-bekennt-sich-zu-netto-null\\\/\"},\"wordCount\":351,\"publisher\":{\"@id\":\"https:\\\/\\\/www.organisator.ch\\\/#organization\"},\"image\":{\"@id\":\"https:\\\/\\\/www.organisator.ch\\\/sustainability\\\/2022-04-05\\\/fm-spezialist-iss-bekennt-sich-zu-netto-null\\\/#primaryimage\"},\"thumbnailUrl\":\"https:\\\/\\\/www.organisator.ch\\\/wp-content\\\/uploads\\\/2022\\\/04\\\/FM-Spezialist-ISS-bekennt-sich-zu-Netto-Null_Organisator.jpg\",\"keywords\":[\"Facility Management\",\"Nachhaltige Wirtschaft\",\"Netto-Null-Ziel\"],\"articleSection\":[\"SUSTAINABILITY\"],\"inLanguage\":\"fr-FR\"},{\"@type\":\"WebPage\",\"@id\":\"https:\\\/\\\/www.organisator.ch\\\/sustainability\\\/2022-04-05\\\/fm-spezialist-iss-bekennt-sich-zu-netto-null\\\/\",\"url\":\"https:\\\/\\\/www.organisator.ch\\\/sustainability\\\/2022-04-05\\\/fm-spezialist-iss-bekennt-sich-zu-netto-null\\\/\",\"name\":\"FM-Spezialist ISS bekennt sich zu Netto-Null - Organisator\",\"isPartOf\":{\"@id\":\"https:\\\/\\\/www.organisator.ch\\\/#website\"},\"primaryImageOfPage\":{\"@id\":\"https:\\\/\\\/www.organisator.ch\\\/sustainability\\\/2022-04-05\\\/fm-spezialist-iss-bekennt-sich-zu-netto-null\\\/#primaryimage\"},\"image\":{\"@id\":\"https:\\\/\\\/www.organisator.ch\\\/sustainability\\\/2022-04-05\\\/fm-spezialist-iss-bekennt-sich-zu-netto-null\\\/#primaryimage\"},\"thumbnailUrl\":\"https:\\\/\\\/www.organisator.ch\\\/wp-content\\\/uploads\\\/2022\\\/04\\\/FM-Spezialist-ISS-bekennt-sich-zu-Netto-Null_Organisator.jpg\",\"datePublished\":\"2022-04-05T14:04:11+00:00\",\"description\":\"Weniger CO\u2082, weniger Wasser, weniger Abfall: Bis 2040 will der FM-Spezialist ISS komplett CO2-neutral werden.\",\"breadcrumb\":{\"@id\":\"https:\\\/\\\/www.organisator.ch\\\/sustainability\\\/2022-04-05\\\/fm-spezialist-iss-bekennt-sich-zu-netto-null\\\/#breadcrumb\"},\"inLanguage\":\"fr-FR\",\"potentialAction\":[{\"@type\":\"ReadAction\",\"target\":[\"https:\\\/\\\/www.organisator.ch\\\/sustainability\\\/2022-04-05\\\/fm-spezialist-iss-bekennt-sich-zu-netto-null\\\/\"]}]},{\"@type\":\"ImageObject\",\"inLanguage\":\"fr-FR\",\"@id\":\"https:\\\/\\\/www.organisator.ch\\\/sustainability\\\/2022-04-05\\\/fm-spezialist-iss-bekennt-sich-zu-netto-null\\\/#primaryimage\",\"url\":\"https:\\\/\\\/www.organisator.ch\\\/wp-content\\\/uploads\\\/2022\\\/04\\\/FM-Spezialist-ISS-bekennt-sich-zu-Netto-Null_Organisator.jpg\",\"contentUrl\":\"https:\\\/\\\/www.organisator.ch\\\/wp-content\\\/uploads\\\/2022\\\/04\\\/FM-Spezialist-ISS-bekennt-sich-zu-Netto-Null_Organisator.jpg\",\"width\":680,\"height\":383,\"caption\":\"Das auf Facility Management spezialisierte Unternehmen ISS will bis 2040 das Netto-Null-Ziel erreichen. (Bild: zVg \\\/ ISS)\"},{\"@type\":\"BreadcrumbList\",\"@id\":\"https:\\\/\\\/www.organisator.ch\\\/sustainability\\\/2022-04-05\\\/fm-spezialist-iss-bekennt-sich-zu-netto-null\\\/#breadcrumb\",\"itemListElement\":[{\"@type\":\"ListItem\",\"position\":1,\"name\":\"Home\",\"item\":\"https:\\\/\\\/www.organisator.ch\\\/\"},{\"@type\":\"ListItem\",\"position\":2,\"name\":\"FM-Spezialist ISS bekennt sich zu Netto-Null\"}]},{\"@type\":\"WebSite\",\"@id\":\"https:\\\/\\\/www.organisator.ch\\\/#website\",\"url\":\"https:\\\/\\\/www.organisator.ch\\\/\",\"name\":\"Organisator\",\"description\":\"Kompetent. Praxisnah. Der ORGANISATOR bereitet in 10 Ausgaben pro Jahr die wesentlichen Themen f\u00fcr F\u00fchrungskr\u00e4fte von KMU auf.\",\"publisher\":{\"@id\":\"https:\\\/\\\/www.organisator.ch\\\/#organization\"},\"potentialAction\":[{\"@type\":\"SearchAction\",\"target\":{\"@type\":\"EntryPoint\",\"urlTemplate\":\"https:\\\/\\\/www.organisator.ch\\\/?s={search_term_string}\"},\"query-input\":{\"@type\":\"PropertyValueSpecification\",\"valueRequired\":true,\"valueName\":\"search_term_string\"}}],\"inLanguage\":\"fr-FR\"},{\"@type\":\"Organization\",\"@id\":\"https:\\\/\\\/www.organisator.ch\\\/#organization\",\"name\":\"Organisator\",\"url\":\"https:\\\/\\\/www.organisator.ch\\\/\",\"logo\":{\"@type\":\"ImageObject\",\"inLanguage\":\"fr-FR\",\"@id\":\"https:\\\/\\\/www.organisator.ch\\\/#\\\/schema\\\/logo\\\/image\\\/\",\"url\":\"https:\\\/\\\/www.organisator.ch\\\/wp-content\\\/uploads\\\/2022\\\/01\\\/Logo_Organisator_Website.png\",\"contentUrl\":\"https:\\\/\\\/www.organisator.ch\\\/wp-content\\\/uploads\\\/2022\\\/01\\\/Logo_Organisator_Website.png\",\"width\":800,\"height\":77,\"caption\":\"Organisator\"},\"image\":{\"@id\":\"https:\\\/\\\/www.organisator.ch\\\/#\\\/schema\\\/logo\\\/image\\\/\"},\"sameAs\":[\"https:\\\/\\\/www.facebook.com\\\/OrganisatorFachmagazin\",\"https:\\\/\\\/www.linkedin.com\\\/showcase\\\/organisator-das-magazin-fr-kmu\",\"https:\\\/\\\/www.xing.com\\\/news\\\/pages\\\/organisator-ch-695\",\"https:\\\/\\\/www.youtube.com\\\/channel\\\/UCGP2Sq0iWaZwT3BdIAQFYpw\"]},{\"@type\":\"Person\",\"@id\":\"https:\\\/\\\/www.organisator.ch\\\/#\\\/schema\\\/person\\\/6f650f90b2842cd4c0cc334b4e36f67e\",\"name\":\"thomas.berner\",\"image\":{\"@type\":\"ImageObject\",\"inLanguage\":\"fr-FR\",\"@id\":\"https:\\\/\\\/secure.gravatar.com\\\/avatar\\\/ac5001d2a36cb6c6cd3e50789007ffca834b477b74a2144564522e944eabff61?s=96&d=mm&r=g\",\"url\":\"https:\\\/\\\/secure.gravatar.com\\\/avatar\\\/ac5001d2a36cb6c6cd3e50789007ffca834b477b74a2144564522e944eabff61?s=96&d=mm&r=g\",\"contentUrl\":\"https:\\\/\\\/secure.gravatar.com\\\/avatar\\\/ac5001d2a36cb6c6cd3e50789007ffca834b477b74a2144564522e944eabff61?s=96&d=mm&r=g\",\"caption\":\"thomas.berner\"},\"url\":\"https:\\\/\\\/www.organisator.ch\\\/fr\\\/author\\\/thomas-berner\\\/\"}]}<\/script>\n<!-- \/ Yoast SEO plugin. -->","yoast_head_json":{"title":"Le sp\u00e9cialiste FM ISS s'engage pour le z\u00e9ro net - Organisateur","description":"Moins de CO\u2082, moins d'eau, moins de d\u00e9chets : d'ici 2040, le sp\u00e9cialiste du FM ISS veut devenir compl\u00e8tement neutre en CO2.","robots":{"index":"index","follow":"follow","max-snippet":"max-snippet:-1","max-image-preview":"max-image-preview:large","max-video-preview":"max-video-preview:-1"},"canonical":"https:\/\/www.organisator.ch\/fr\/sustainability\/2022-04-05\/fm-spezialist-iss-bekennt-sich-zu-netto-null\/","og_locale":"fr_FR","og_type":"article","og_title":"FM-Spezialist ISS bekennt sich zu Netto-Null","og_description":"Weniger CO\u2082, weniger Wasser, weniger Abfall: Bis 2040 will der FM-Spezialist ISS komplett CO2-neutral werden.","og_url":"https:\/\/www.organisator.ch\/fr\/sustainability\/2022-04-05\/fm-spezialist-iss-bekennt-sich-zu-netto-null\/","og_site_name":"Organisator","article_publisher":"https:\/\/www.facebook.com\/OrganisatorFachmagazin","article_published_time":"2022-04-05T14:04:11+00:00","og_image":[{"width":680,"height":383,"url":"https:\/\/www.organisator.ch\/wp-content\/uploads\/2022\/04\/FM-Spezialist-ISS-bekennt-sich-zu-Netto-Null_Organisator.jpg","type":"image\/jpeg"}],"author":"thomas.berner","twitter_card":"summary_large_image","twitter_title":"FM-Spezialist #ISS bekennt sich zu #Netto-Null","twitter_description":"Weniger CO\u2082, weniger Wasser, weniger Abfall: Bis 2040 will der #FM-Spezialist #ISS komplett #CO2-neutral werden.","twitter_image":"https:\/\/www.organisator.ch\/wp-content\/uploads\/2022\/04\/FM-Spezialist-ISS-bekennt-sich-zu-Netto-Null_Organisator.jpg","schema":{"@context":"https:\/\/schema.org","@graph":[{"@type":"Article","@id":"https:\/\/www.organisator.ch\/sustainability\/2022-04-05\/fm-spezialist-iss-bekennt-sich-zu-netto-null\/#article","isPartOf":{"@id":"https:\/\/www.organisator.ch\/sustainability\/2022-04-05\/fm-spezialist-iss-bekennt-sich-zu-netto-null\/"},"author":{"name":"thomas.berner","@id":"https:\/\/www.organisator.ch\/#\/schema\/person\/6f650f90b2842cd4c0cc334b4e36f67e"},"headline":"FM-Spezialist ISS bekennt sich zu Netto-Null","datePublished":"2022-04-05T14:04:11+00:00","mainEntityOfPage":{"@id":"https:\/\/www.organisator.ch\/sustainability\/2022-04-05\/fm-spezialist-iss-bekennt-sich-zu-netto-null\/"},"wordCount":351,"publisher":{"@id":"https:\/\/www.organisator.ch\/#organization"},"image":{"@id":"https:\/\/www.organisator.ch\/sustainability\/2022-04-05\/fm-spezialist-iss-bekennt-sich-zu-netto-null\/#primaryimage"},"thumbnailUrl":"https:\/\/www.organisator.ch\/wp-content\/uploads\/2022\/04\/FM-Spezialist-ISS-bekennt-sich-zu-Netto-Null_Organisator.jpg","keywords":["Facility Management","Nachhaltige Wirtschaft","Netto-Null-Ziel"],"articleSection":["SUSTAINABILITY"],"inLanguage":"fr-FR"},{"@type":"WebPage","@id":"https:\/\/www.organisator.ch\/sustainability\/2022-04-05\/fm-spezialist-iss-bekennt-sich-zu-netto-null\/","url":"https:\/\/www.organisator.ch\/sustainability\/2022-04-05\/fm-spezialist-iss-bekennt-sich-zu-netto-null\/","name":"Le sp\u00e9cialiste FM ISS s'engage pour le z\u00e9ro net - Organisateur","isPartOf":{"@id":"https:\/\/www.organisator.ch\/#website"},"primaryImageOfPage":{"@id":"https:\/\/www.organisator.ch\/sustainability\/2022-04-05\/fm-spezialist-iss-bekennt-sich-zu-netto-null\/#primaryimage"},"image":{"@id":"https:\/\/www.organisator.ch\/sustainability\/2022-04-05\/fm-spezialist-iss-bekennt-sich-zu-netto-null\/#primaryimage"},"thumbnailUrl":"https:\/\/www.organisator.ch\/wp-content\/uploads\/2022\/04\/FM-Spezialist-ISS-bekennt-sich-zu-Netto-Null_Organisator.jpg","datePublished":"2022-04-05T14:04:11+00:00","description":"Moins de CO\u2082, moins d'eau, moins de d\u00e9chets : d'ici 2040, le sp\u00e9cialiste du FM ISS veut devenir compl\u00e8tement neutre en CO2.","breadcrumb":{"@id":"https:\/\/www.organisator.ch\/sustainability\/2022-04-05\/fm-spezialist-iss-bekennt-sich-zu-netto-null\/#breadcrumb"},"inLanguage":"fr-FR","potentialAction":[{"@type":"ReadAction","target":["https:\/\/www.organisator.ch\/sustainability\/2022-04-05\/fm-spezialist-iss-bekennt-sich-zu-netto-null\/"]}]},{"@type":"ImageObject","inLanguage":"fr-FR","@id":"https:\/\/www.organisator.ch\/sustainability\/2022-04-05\/fm-spezialist-iss-bekennt-sich-zu-netto-null\/#primaryimage","url":"https:\/\/www.organisator.ch\/wp-content\/uploads\/2022\/04\/FM-Spezialist-ISS-bekennt-sich-zu-Netto-Null_Organisator.jpg","contentUrl":"https:\/\/www.organisator.ch\/wp-content\/uploads\/2022\/04\/FM-Spezialist-ISS-bekennt-sich-zu-Netto-Null_Organisator.jpg","width":680,"height":383,"caption":"Das auf Facility Management spezialisierte Unternehmen ISS will bis 2040 das Netto-Null-Ziel erreichen. (Bild: zVg \/ ISS)"},{"@type":"BreadcrumbList","@id":"https:\/\/www.organisator.ch\/sustainability\/2022-04-05\/fm-spezialist-iss-bekennt-sich-zu-netto-null\/#breadcrumb","itemListElement":[{"@type":"ListItem","position":1,"name":"Home","item":"https:\/\/www.organisator.ch\/"},{"@type":"ListItem","position":2,"name":"FM-Spezialist ISS bekennt sich zu Netto-Null"}]},{"@type":"WebSite","@id":"https:\/\/www.organisator.ch\/#website","url":"https:\/\/www.organisator.ch\/","name":"Organisateur","description":"Comp\u00e9tence et comp\u00e9tence. Proches de la pratique. L'ORGANISATEUR pr\u00e9pare 10 num\u00e9ros par an sur les th\u00e8mes essentiels pour les dirigeants de PME.","publisher":{"@id":"https:\/\/www.organisator.ch\/#organization"},"potentialAction":[{"@type":"SearchAction","target":{"@type":"EntryPoint","urlTemplate":"https:\/\/www.organisator.ch\/?s={search_term_string}"},"query-input":{"@type":"PropertyValueSpecification","valueRequired":true,"valueName":"search_term_string"}}],"inLanguage":"fr-FR"},{"@type":"Organization","@id":"https:\/\/www.organisator.ch\/#organization","name":"Organisateur","url":"https:\/\/www.organisator.ch\/","logo":{"@type":"ImageObject","inLanguage":"fr-FR","@id":"https:\/\/www.organisator.ch\/#\/schema\/logo\/image\/","url":"https:\/\/www.organisator.ch\/wp-content\/uploads\/2022\/01\/Logo_Organisator_Website.png","contentUrl":"https:\/\/www.organisator.ch\/wp-content\/uploads\/2022\/01\/Logo_Organisator_Website.png","width":800,"height":77,"caption":"Organisator"},"image":{"@id":"https:\/\/www.organisator.ch\/#\/schema\/logo\/image\/"},"sameAs":["https:\/\/www.facebook.com\/OrganisatorFachmagazin","https:\/\/www.linkedin.com\/showcase\/organisator-das-magazin-fr-kmu","https:\/\/www.xing.com\/news\/pages\/organisator-ch-695","https:\/\/www.youtube.com\/channel\/UCGP2Sq0iWaZwT3BdIAQFYpw"]},{"@type":"Person","@id":"https:\/\/www.organisator.ch\/#\/schema\/person\/6f650f90b2842cd4c0cc334b4e36f67e","name":"thomas.berner","image":{"@type":"ImageObject","inLanguage":"fr-FR","@id":"https:\/\/secure.gravatar.com\/avatar\/ac5001d2a36cb6c6cd3e50789007ffca834b477b74a2144564522e944eabff61?s=96&d=mm&r=g","url":"https:\/\/secure.gravatar.com\/avatar\/ac5001d2a36cb6c6cd3e50789007ffca834b477b74a2144564522e944eabff61?s=96&d=mm&r=g","contentUrl":"https:\/\/secure.gravatar.com\/avatar\/ac5001d2a36cb6c6cd3e50789007ffca834b477b74a2144564522e944eabff61?s=96&d=mm&r=g","caption":"thomas.berner"},"url":"https:\/\/www.organisator.ch\/fr\/author\/thomas-berner\/"}]}},"_links":{"self":[{"href":"https:\/\/www.organisator.ch\/fr\/wp-json\/wp\/v2\/posts\/12469","targetHints":{"allow":["GET"]}}],"collection":[{"href":"https:\/\/www.organisator.ch\/fr\/wp-json\/wp\/v2\/posts"}],"about":[{"href":"https:\/\/www.organisator.ch\/fr\/wp-json\/wp\/v2\/types\/post"}],"author":[{"embeddable":true,"href":"https:\/\/www.organisator.ch\/fr\/wp-json\/wp\/v2\/users\/4"}],"replies":[{"embeddable":true,"href":"https:\/\/www.organisator.ch\/fr\/wp-json\/wp\/v2\/comments?post=12469"}],"version-history":[{"count":3,"href":"https:\/\/www.organisator.ch\/fr\/wp-json\/wp\/v2\/posts\/12469\/revisions"}],"predecessor-version":[{"id":12528,"href":"https:\/\/www.organisator.ch\/fr\/wp-json\/wp\/v2\/posts\/12469\/revisions\/12528"}],"wp:featuredmedia":[{"embeddable":true,"href":"https:\/\/www.organisator.ch\/fr\/wp-json\/wp\/v2\/media\/12470"}],"wp:attachment":[{"href":"https:\/\/www.organisator.ch\/fr\/wp-json\/wp\/v2\/media?parent=12469"}],"wp:term":[{"taxonomy":"category","embeddable":true,"href":"https:\/\/www.organisator.ch\/fr\/wp-json\/wp\/v2\/categories?post=12469"},{"taxonomy":"post_tag","embeddable":true,"href":"https:\/\/www.organisator.ch\/fr\/wp-json\/wp\/v2\/tags?post=12469"}],"curies":[{"name":"wp","href":"https:\/\/api.w.org\/{rel}","templated":true}]}}