{"id":1248,"date":"2016-07-13T18:13:54","date_gmt":"2016-07-13T16:13:54","guid":{"rendered":"https:\/\/organisator.ch\/?p=1248"},"modified":"2016-07-13T18:13:54","modified_gmt":"2016-07-13T16:13:54","slug":"pensionskassen-kuerzen-die-renten-von-fruehpensionaeren","status":"publish","type":"post","link":"https:\/\/www.organisator.ch\/fr\/human-resources\/fit_im_job\/2016-07-13\/pensionskassen-kuerzen-die-renten-von-fruehpensionaeren\/","title":{"rendered":"Les caisses de pension r\u00e9duisent les rentes des pr\u00e9retrait\u00e9s"},"content":{"rendered":"<figure id=\"attachment_1250\" aria-describedby=\"caption-attachment-1250\" style=\"width: 680px\" class=\"wp-caption alignnone\"><a href=\"https:\/\/www.organisator.ch\/wp-content\/uploads\/2016\/12\/Pensionskassen-kuerzen-die-Renten-von-Fruehpensionaeren-organisator.jpg\"><img loading=\"lazy\" decoding=\"async\" class=\"wp-image-1250 size-medium\" src=\"https:\/\/organisator.ch\/wp-content\/uploads\/2016\/12\/Pensionskassen-k\u00fcrzen-die-Renten-von-Fr\u00fchpension\u00e4ren-organisator.jpg\" width=\"680\" height=\"503\" \/><\/a><figcaption id=\"caption-attachment-1250\" class=\"wp-caption-text\">Calcul comparatif : optimisation fiscale lors d'une retraite partielle (depositphotos.com - rmarmion)<\/figcaption><\/figure>\n<p>La plupart des entreprises n'exploitent toutefois pas, et de loin, la marge de man\u0153uvre offerte par la loi sur la pr\u00e9voyance professionnelle (LPP). La LPP autorise le versement anticip\u00e9 des prestations de vieillesse d\u00e8s 58 ans. Lorsque l'on per\u00e7oit ses prestations de caisse de pension de mani\u00e8re anticip\u00e9e, le capital vieillesse est moins important que lors d'un d\u00e9part \u00e0 la retraite ordinaire. Le taux de conversion, qui permet de convertir l'avoir en une rente \u00e0 vie, est r\u00e9duit. La plupart des caisses de pension r\u00e9duisent les rentes des pr\u00e9retrait\u00e9s de 5 \u00e0 7 pour cent par ann\u00e9e d'anticipation. Celui qui prend sa retraite \u00e0 63 ans au lieu de 65 re\u00e7oit donc une rente r\u00e9duite de 10 \u00e0 14 pour cent. Cette r\u00e9duction des prestations peut \u00eatre compens\u00e9e par des versements plus importants \u00e0 la caisse de pension. Les \u00e9conomies d'imp\u00f4ts que les assur\u00e9s r\u00e9alisent ainsi r\u00e9duisent leurs co\u00fbts d'une retraite anticip\u00e9e.<\/p>\n<p><strong>Un grand potentiel d'optimisation<\/strong><\/p>\n<p>En r\u00e8gle g\u00e9n\u00e9rale, les cotisations d'\u00e9pargne vers\u00e9es \u00e0 la caisse de pension peuvent s'\u00e9lever jusqu'\u00e0 25% du salaire annuel AVS assur\u00e9. L'exemple suivant montre \u00e0 quel point une solution de pr\u00e9voyance existante peut \u00eatre optimis\u00e9e : un propri\u00e9taire d'entreprise de 55 ans gagne 280.000 francs par an. Son plan de pr\u00e9voyance CP actuel assure le salaire jusqu'\u00e0 150.000 francs. La prime d'\u00e9pargne ne repr\u00e9sente que 15% du salaire assur\u00e9. Si le propri\u00e9taire de l'entreprise augmente simultan\u00e9ment la prime d'\u00e9pargne \u00e0 25% et le salaire assur\u00e9 \u00e0 280.000 francs, ses cotisations d'\u00e9pargne annuelles passent de 22.500 \u00e0 70.000 francs par an. Les primes d'\u00e9pargne suppl\u00e9mentaires r\u00e9duisent son revenu imposable et, avec l'extension des prestations de pr\u00e9voyance, son potentiel de rachats volontaires augmente \u00e9galement. Le propri\u00e9taire de l'entreprise peut d\u00e9sormais verser environ 1,2 million de francs de plus qu'auparavant dans la caisse de pension et d\u00e9duire ce montant de son revenu imposable. Avec un rachat volontaire de 30 000 francs, il \u00e9conomise environ 10 000 francs d'imp\u00f4t sur le revenu \u00e0 un taux d'imposition marginal de 30 pour cent. S'il fait verser ce montant au moment de la retraite, il devra payer environ 5.000 francs d'imp\u00f4ts sur les versements. Le rendement du rachat est donc de 5.000 francs (sans les revenus des placements).<\/p>\n<p>Un plan de pr\u00e9voyance moderne permet aux cadres non seulement d'effectuer des rachats jusqu'\u00e0 concurrence des prestations r\u00e9glementaires, mais aussi de b\u00e9n\u00e9ficier d'une retraite anticip\u00e9e. Ainsi, les assur\u00e9s qui ont d\u00e9j\u00e0 effectu\u00e9 des rachats pour b\u00e9n\u00e9ficier de la totalit\u00e9 des prestations lors d'une retraite ordinaire peuvent effectuer des rachats suppl\u00e9mentaires.<\/p>\n<p><strong>Economiser des imp\u00f4ts lors d'une retraite partielle<\/strong><\/p>\n<p>Comme, outre les retraites anticip\u00e9es, les retraites partielles sont particuli\u00e8rement r\u00e9pandues chez les cadres, une pr\u00e9voyance moderne pour les cadres offre aux assur\u00e9s la possibilit\u00e9 de percevoir progressivement leurs prestations de vieillesse \u00e0 partir de 58 ans et de continuer \u00e0 assurer dans la caisse de pension, jusqu'\u00e0 l'\u00e2ge normal de la retraite, l'int\u00e9gralit\u00e9 du salaire qu'ils ont per\u00e7u jusque-l\u00e0. C'est autoris\u00e9 par la loi, \u00e0 condition qu'ils gagnent au maximum 50 pour cent de moins apr\u00e8s la r\u00e9duction de leur taux d'occupation. Les prestations de vieillesse sont ainsi aussi \u00e9lev\u00e9es que si le temps de travail n'avait pas \u00e9t\u00e9 r\u00e9duit, et la charge fiscale diminue sensiblement. La LPP pr\u00e9voit que l'employeur ne doit prendre en charge que sa part des cotisations \u00e0 la caisse de pension sur le salaire effectif. Le salari\u00e9 verse le reste des cotisations d'\u00e9pargne et des primes de risque sur la partie du salaire fictivement assur\u00e9e. L'employ\u00e9 peut d\u00e9duire ces cotisations de son revenu imposable. Gr\u00e2ce au maintien de l'assurance au salaire complet, les assur\u00e9s peuvent continuer \u00e0 racheter la totalit\u00e9 de leur cotisation \u00e0 la caisse de pension et d\u00e9duire \u00e9galement ces versements volontaires de leur revenu imposable. Si seul le salaire effectif est assur\u00e9, les cotisations d'\u00e9pargne et le potentiel de rachat diminuent.<\/p>\n<p>Le propri\u00e9taire de l'entreprise dans l'exemple de calcul r\u00e9duit son taux d'activit\u00e9 \u00e0 58 ans de 100 \u00e0 60% (voir tableau ci-dessous). Son salaire effectif passe ainsi de 200.000 \u00e0 120.000 francs. Si seul le salaire effectif est assur\u00e9, le propri\u00e9taire ne peut plus d\u00e9duire de son salaire brut que ses cotisations d'\u00e9pargne en tant qu'employ\u00e9, \u00e0 hauteur de 12.000 francs. Les rachats dans la caisse de pension ne sont plus possibles. Si le propri\u00e9taire de l'entreprise reste assur\u00e9 pour son salaire actuel, il peut d\u00e9duire des cotisations d'\u00e9pargne d'employ\u00e9 de 28.000 francs et continuer \u00e0 r\u00e9duire ses imp\u00f4ts en effectuant des rachats suppl\u00e9mentaires. Gr\u00e2ce aux cotisations d'\u00e9pargne plus \u00e9lev\u00e9es et \u00e0 un rachat de 15.000 francs, il \u00e9conomise 8.500 francs d'imp\u00f4ts - par an.<\/p>","protected":false},"excerpt":{"rendered":"<p>Die meisten Unternehmen nutzen allerdings den Spielraum bei Weitem nicht aus, den das Gesetz \u00fcber die berufliche Vorsorge (BVG) bietet. Das BVG l\u00e4sst einen vorzeitigen Bezug der Altersleistungen bereits ab 58 Jahren zu. Wenn man seine Pensionskassenleistungen vorzeitig bezieht, ist das Alterskapital kleiner als bei einer ordentlichen Pensionierung. Der Umwandlungssatz wird gek\u00fcrzt, mit dem das [&hellip;]<\/p>\n","protected":false},"author":8,"featured_media":1253,"comment_status":"open","ping_status":"open","sticky":false,"template":"","format":"standard","meta":{"_acf_changed":false,"_yoast_wpseo_focuskw":"Pensionskassen k\u00fcrzen die Renten von Fr\u00fchpension\u00e4ren","_yoast_wpseo_metadesc":"Rund ein Drittel der Arbeitnehmenden mit einer F\u00fchrungsfunktion tritt vorzeitig in den Ruhestand. Mit einer modernen Pensionskassen-L\u00f6sung k\u00f6nnen die leitenden Angestellten eines Unternehmens die Fr\u00fchpensionierung steuerg\u00fcnstig finanzieren.","articlekey":"","footnotes":""},"categories":[25],"tags":[208],"class_list":["post-1248","post","type-post","status-publish","format-standard","has-post-thumbnail","hentry","category-fit_im_job","tag-fit-im-job"],"acf":[],"yoast_head":"<!-- This site is optimized with the Yoast SEO plugin v27.5 - https:\/\/yoast.com\/product\/yoast-seo-wordpress\/ -->\n<title>Pensionskassen k\u00fcrzen die Renten von Fr\u00fchpension\u00e4ren - Organisator<\/title>\n<meta name=\"description\" content=\"Rund ein Drittel der Arbeitnehmenden mit einer F\u00fchrungsfunktion tritt vorzeitig in den Ruhestand. Mit einer modernen Pensionskassen-L\u00f6sung k\u00f6nnen die leitenden Angestellten eines Unternehmens die Fr\u00fchpensionierung steuerg\u00fcnstig finanzieren.\" \/>\n<meta name=\"robots\" content=\"index, follow, max-snippet:-1, max-image-preview:large, max-video-preview:-1\" \/>\n<link rel=\"canonical\" href=\"https:\/\/www.organisator.ch\/fr\/ressources-humaines\/fit_im_job\/2016-07-13\/pensionskassen-kuerzen-die-renten-von-fruehpensionaeren\/\" \/>\n<meta property=\"og:locale\" content=\"fr_FR\" \/>\n<meta property=\"og:type\" content=\"article\" \/>\n<meta property=\"og:title\" content=\"Pensionskassen k\u00fcrzen die Renten von Fr\u00fchpension\u00e4ren\" \/>\n<meta property=\"og:description\" content=\"Rund ein Drittel der Arbeitnehmenden mit einer F\u00fchrungsfunktion tritt vorzeitig in den Ruhestand. Mit einer modernen Pensionskassen-L\u00f6sung k\u00f6nnen die leitenden Angestellten eines Unternehmens die Fr\u00fchpensionierung steuerg\u00fcnstig finanzieren.\" \/>\n<meta property=\"og:url\" content=\"https:\/\/www.organisator.ch\/fr\/ressources-humaines\/fit_im_job\/2016-07-13\/pensionskassen-kuerzen-die-renten-von-fruehpensionaeren\/\" \/>\n<meta property=\"og:site_name\" content=\"Organisator\" \/>\n<meta property=\"article:publisher\" content=\"https:\/\/www.facebook.com\/OrganisatorFachmagazin\" \/>\n<meta property=\"article:published_time\" content=\"2016-07-13T16:13:54+00:00\" \/>\n<meta property=\"og:image\" content=\"https:\/\/www.organisator.ch\/wp-content\/uploads\/2016\/07\/Pensionskassen-kuerzen-die-Renten-von-Fruehpensionaeren-Titel-organisator.jpg\" \/>\n\t<meta property=\"og:image:width\" content=\"667\" \/>\n\t<meta property=\"og:image:height\" content=\"1000\" \/>\n\t<meta property=\"og:image:type\" content=\"image\/jpeg\" \/>\n<meta name=\"author\" content=\"galledia\" \/>\n<meta name=\"twitter:card\" content=\"summary_large_image\" \/>\n<meta name=\"twitter:title\" content=\"Pensionskassen k\u00fcrzen die Renten von Fr\u00fchpension\u00e4ren\" \/>\n<meta name=\"twitter:description\" content=\"Rund ein Drittel der Arbeitnehmenden mit einer F\u00fchrungsfunktion tritt vorzeitig in den Ruhestand. Mit einer modernen Pensionskassen-L\u00f6sung k\u00f6nnen die leitenden Angestellten eines Unternehmens die Fr\u00fchpensionierung steuerg\u00fcnstig finanzieren.\" \/>\n<meta name=\"twitter:creator\" content=\"@admin\" \/>\n<script type=\"application\/ld+json\" class=\"yoast-schema-graph\">{\"@context\":\"https:\\\/\\\/schema.org\",\"@graph\":[{\"@type\":\"Article\",\"@id\":\"https:\\\/\\\/www.organisator.ch\\\/human-resources\\\/fit_im_job\\\/2016-07-13\\\/pensionskassen-kuerzen-die-renten-von-fruehpensionaeren\\\/#article\",\"isPartOf\":{\"@id\":\"https:\\\/\\\/www.organisator.ch\\\/human-resources\\\/fit_im_job\\\/2016-07-13\\\/pensionskassen-kuerzen-die-renten-von-fruehpensionaeren\\\/\"},\"author\":{\"name\":\"galledia\",\"@id\":\"https:\\\/\\\/www.organisator.ch\\\/#\\\/schema\\\/person\\\/4e51799071cd2dd1232ac003643ef5f0\"},\"headline\":\"Pensionskassen k\u00fcrzen die Renten von Fr\u00fchpension\u00e4ren\",\"datePublished\":\"2016-07-13T16:13:54+00:00\",\"mainEntityOfPage\":{\"@id\":\"https:\\\/\\\/www.organisator.ch\\\/human-resources\\\/fit_im_job\\\/2016-07-13\\\/pensionskassen-kuerzen-die-renten-von-fruehpensionaeren\\\/\"},\"wordCount\":644,\"commentCount\":0,\"publisher\":{\"@id\":\"https:\\\/\\\/www.organisator.ch\\\/#organization\"},\"image\":{\"@id\":\"https:\\\/\\\/www.organisator.ch\\\/human-resources\\\/fit_im_job\\\/2016-07-13\\\/pensionskassen-kuerzen-die-renten-von-fruehpensionaeren\\\/#primaryimage\"},\"thumbnailUrl\":\"https:\\\/\\\/www.organisator.ch\\\/wp-content\\\/uploads\\\/2016\\\/07\\\/Pensionskassen-kuerzen-die-Renten-von-Fruehpensionaeren-Titel-organisator.jpg\",\"keywords\":[\"Fit im Job\"],\"articleSection\":[\"FIT IM JOB\"],\"inLanguage\":\"fr-FR\"},{\"@type\":\"WebPage\",\"@id\":\"https:\\\/\\\/www.organisator.ch\\\/human-resources\\\/fit_im_job\\\/2016-07-13\\\/pensionskassen-kuerzen-die-renten-von-fruehpensionaeren\\\/\",\"url\":\"https:\\\/\\\/www.organisator.ch\\\/human-resources\\\/fit_im_job\\\/2016-07-13\\\/pensionskassen-kuerzen-die-renten-von-fruehpensionaeren\\\/\",\"name\":\"Pensionskassen k\u00fcrzen die Renten von Fr\u00fchpension\u00e4ren - Organisator\",\"isPartOf\":{\"@id\":\"https:\\\/\\\/www.organisator.ch\\\/#website\"},\"primaryImageOfPage\":{\"@id\":\"https:\\\/\\\/www.organisator.ch\\\/human-resources\\\/fit_im_job\\\/2016-07-13\\\/pensionskassen-kuerzen-die-renten-von-fruehpensionaeren\\\/#primaryimage\"},\"image\":{\"@id\":\"https:\\\/\\\/www.organisator.ch\\\/human-resources\\\/fit_im_job\\\/2016-07-13\\\/pensionskassen-kuerzen-die-renten-von-fruehpensionaeren\\\/#primaryimage\"},\"thumbnailUrl\":\"https:\\\/\\\/www.organisator.ch\\\/wp-content\\\/uploads\\\/2016\\\/07\\\/Pensionskassen-kuerzen-die-Renten-von-Fruehpensionaeren-Titel-organisator.jpg\",\"datePublished\":\"2016-07-13T16:13:54+00:00\",\"description\":\"Rund ein Drittel der Arbeitnehmenden mit einer F\u00fchrungsfunktion tritt vorzeitig in den Ruhestand. Mit einer modernen Pensionskassen-L\u00f6sung k\u00f6nnen die leitenden Angestellten eines Unternehmens die Fr\u00fchpensionierung steuerg\u00fcnstig finanzieren.\",\"breadcrumb\":{\"@id\":\"https:\\\/\\\/www.organisator.ch\\\/human-resources\\\/fit_im_job\\\/2016-07-13\\\/pensionskassen-kuerzen-die-renten-von-fruehpensionaeren\\\/#breadcrumb\"},\"inLanguage\":\"fr-FR\",\"potentialAction\":[{\"@type\":\"ReadAction\",\"target\":[\"https:\\\/\\\/www.organisator.ch\\\/human-resources\\\/fit_im_job\\\/2016-07-13\\\/pensionskassen-kuerzen-die-renten-von-fruehpensionaeren\\\/\"]}]},{\"@type\":\"ImageObject\",\"inLanguage\":\"fr-FR\",\"@id\":\"https:\\\/\\\/www.organisator.ch\\\/human-resources\\\/fit_im_job\\\/2016-07-13\\\/pensionskassen-kuerzen-die-renten-von-fruehpensionaeren\\\/#primaryimage\",\"url\":\"https:\\\/\\\/www.organisator.ch\\\/wp-content\\\/uploads\\\/2016\\\/07\\\/Pensionskassen-kuerzen-die-Renten-von-Fruehpensionaeren-Titel-organisator.jpg\",\"contentUrl\":\"https:\\\/\\\/www.organisator.ch\\\/wp-content\\\/uploads\\\/2016\\\/07\\\/Pensionskassen-kuerzen-die-Renten-von-Fruehpensionaeren-Titel-organisator.jpg\",\"width\":667,\"height\":1000,\"caption\":\"Pensionskassen k\u00fcrzen die Renten von Fr\u00fchpension\u00e4ren\"},{\"@type\":\"BreadcrumbList\",\"@id\":\"https:\\\/\\\/www.organisator.ch\\\/human-resources\\\/fit_im_job\\\/2016-07-13\\\/pensionskassen-kuerzen-die-renten-von-fruehpensionaeren\\\/#breadcrumb\",\"itemListElement\":[{\"@type\":\"ListItem\",\"position\":1,\"name\":\"Home\",\"item\":\"https:\\\/\\\/www.organisator.ch\\\/\"},{\"@type\":\"ListItem\",\"position\":2,\"name\":\"Pensionskassen k\u00fcrzen die Renten von Fr\u00fchpension\u00e4ren\"}]},{\"@type\":\"WebSite\",\"@id\":\"https:\\\/\\\/www.organisator.ch\\\/#website\",\"url\":\"https:\\\/\\\/www.organisator.ch\\\/\",\"name\":\"Organisator\",\"description\":\"Kompetent. Praxisnah. Der ORGANISATOR bereitet in 10 Ausgaben pro Jahr die wesentlichen Themen f\u00fcr F\u00fchrungskr\u00e4fte von KMU auf.\",\"publisher\":{\"@id\":\"https:\\\/\\\/www.organisator.ch\\\/#organization\"},\"potentialAction\":[{\"@type\":\"SearchAction\",\"target\":{\"@type\":\"EntryPoint\",\"urlTemplate\":\"https:\\\/\\\/www.organisator.ch\\\/?s={search_term_string}\"},\"query-input\":{\"@type\":\"PropertyValueSpecification\",\"valueRequired\":true,\"valueName\":\"search_term_string\"}}],\"inLanguage\":\"fr-FR\"},{\"@type\":\"Organization\",\"@id\":\"https:\\\/\\\/www.organisator.ch\\\/#organization\",\"name\":\"Organisator\",\"url\":\"https:\\\/\\\/www.organisator.ch\\\/\",\"logo\":{\"@type\":\"ImageObject\",\"inLanguage\":\"fr-FR\",\"@id\":\"https:\\\/\\\/www.organisator.ch\\\/#\\\/schema\\\/logo\\\/image\\\/\",\"url\":\"https:\\\/\\\/www.organisator.ch\\\/wp-content\\\/uploads\\\/2022\\\/01\\\/Logo_Organisator_Website.png\",\"contentUrl\":\"https:\\\/\\\/www.organisator.ch\\\/wp-content\\\/uploads\\\/2022\\\/01\\\/Logo_Organisator_Website.png\",\"width\":800,\"height\":77,\"caption\":\"Organisator\"},\"image\":{\"@id\":\"https:\\\/\\\/www.organisator.ch\\\/#\\\/schema\\\/logo\\\/image\\\/\"},\"sameAs\":[\"https:\\\/\\\/www.facebook.com\\\/OrganisatorFachmagazin\",\"https:\\\/\\\/www.linkedin.com\\\/showcase\\\/organisator-das-magazin-fr-kmu\",\"https:\\\/\\\/www.xing.com\\\/news\\\/pages\\\/organisator-ch-695\",\"https:\\\/\\\/www.youtube.com\\\/channel\\\/UCGP2Sq0iWaZwT3BdIAQFYpw\"]},{\"@type\":\"Person\",\"@id\":\"https:\\\/\\\/www.organisator.ch\\\/#\\\/schema\\\/person\\\/4e51799071cd2dd1232ac003643ef5f0\",\"name\":\"galledia\",\"image\":{\"@type\":\"ImageObject\",\"inLanguage\":\"fr-FR\",\"@id\":\"https:\\\/\\\/secure.gravatar.com\\\/avatar\\\/78a7f90c01fc2bfc875782a0d4922b37cde2cf184ce347b91316d23cd7f69a36?s=96&d=mm&r=g\",\"url\":\"https:\\\/\\\/secure.gravatar.com\\\/avatar\\\/78a7f90c01fc2bfc875782a0d4922b37cde2cf184ce347b91316d23cd7f69a36?s=96&d=mm&r=g\",\"contentUrl\":\"https:\\\/\\\/secure.gravatar.com\\\/avatar\\\/78a7f90c01fc2bfc875782a0d4922b37cde2cf184ce347b91316d23cd7f69a36?s=96&d=mm&r=g\",\"caption\":\"galledia\"},\"sameAs\":[\"https:\\\/\\\/x.com\\\/admin\"],\"url\":\"https:\\\/\\\/www.organisator.ch\\\/fr\\\/author\\\/galledia\\\/\"}]}<\/script>\n<!-- \/ Yoast SEO plugin. -->","yoast_head_json":{"title":"Les caisses de pension r\u00e9duisent les pensions des pr\u00e9retrait\u00e9s - Organisateur","description":"Pr\u00e8s d'un tiers des salari\u00e9s occupant une fonction dirigeante prennent une retraite anticip\u00e9e. Une solution moderne de caisse de pension permet aux cadres sup\u00e9rieurs d'une entreprise de financer leur retraite anticip\u00e9e en b\u00e9n\u00e9ficiant d'avantages fiscaux.","robots":{"index":"index","follow":"follow","max-snippet":"max-snippet:-1","max-image-preview":"max-image-preview:large","max-video-preview":"max-video-preview:-1"},"canonical":"https:\/\/www.organisator.ch\/fr\/ressources-humaines\/fit_im_job\/2016-07-13\/pensionskassen-kuerzen-die-renten-von-fruehpensionaeren\/","og_locale":"fr_FR","og_type":"article","og_title":"Pensionskassen k\u00fcrzen die Renten von Fr\u00fchpension\u00e4ren","og_description":"Rund ein Drittel der Arbeitnehmenden mit einer F\u00fchrungsfunktion tritt vorzeitig in den Ruhestand. Mit einer modernen Pensionskassen-L\u00f6sung k\u00f6nnen die leitenden Angestellten eines Unternehmens die Fr\u00fchpensionierung steuerg\u00fcnstig finanzieren.","og_url":"https:\/\/www.organisator.ch\/fr\/ressources-humaines\/fit_im_job\/2016-07-13\/pensionskassen-kuerzen-die-renten-von-fruehpensionaeren\/","og_site_name":"Organisator","article_publisher":"https:\/\/www.facebook.com\/OrganisatorFachmagazin","article_published_time":"2016-07-13T16:13:54+00:00","og_image":[{"width":667,"height":1000,"url":"https:\/\/www.organisator.ch\/wp-content\/uploads\/2016\/07\/Pensionskassen-kuerzen-die-Renten-von-Fruehpensionaeren-Titel-organisator.jpg","type":"image\/jpeg"}],"author":"galledia","twitter_card":"summary_large_image","twitter_title":"Pensionskassen k\u00fcrzen die Renten von Fr\u00fchpension\u00e4ren","twitter_description":"Rund ein Drittel der Arbeitnehmenden mit einer F\u00fchrungsfunktion tritt vorzeitig in den Ruhestand. Mit einer modernen Pensionskassen-L\u00f6sung k\u00f6nnen die leitenden Angestellten eines Unternehmens die Fr\u00fchpensionierung steuerg\u00fcnstig finanzieren.","twitter_creator":"@admin","schema":{"@context":"https:\/\/schema.org","@graph":[{"@type":"Article","@id":"https:\/\/www.organisator.ch\/human-resources\/fit_im_job\/2016-07-13\/pensionskassen-kuerzen-die-renten-von-fruehpensionaeren\/#article","isPartOf":{"@id":"https:\/\/www.organisator.ch\/human-resources\/fit_im_job\/2016-07-13\/pensionskassen-kuerzen-die-renten-von-fruehpensionaeren\/"},"author":{"name":"galledia","@id":"https:\/\/www.organisator.ch\/#\/schema\/person\/4e51799071cd2dd1232ac003643ef5f0"},"headline":"Pensionskassen k\u00fcrzen die Renten von Fr\u00fchpension\u00e4ren","datePublished":"2016-07-13T16:13:54+00:00","mainEntityOfPage":{"@id":"https:\/\/www.organisator.ch\/human-resources\/fit_im_job\/2016-07-13\/pensionskassen-kuerzen-die-renten-von-fruehpensionaeren\/"},"wordCount":644,"commentCount":0,"publisher":{"@id":"https:\/\/www.organisator.ch\/#organization"},"image":{"@id":"https:\/\/www.organisator.ch\/human-resources\/fit_im_job\/2016-07-13\/pensionskassen-kuerzen-die-renten-von-fruehpensionaeren\/#primaryimage"},"thumbnailUrl":"https:\/\/www.organisator.ch\/wp-content\/uploads\/2016\/07\/Pensionskassen-kuerzen-die-Renten-von-Fruehpensionaeren-Titel-organisator.jpg","keywords":["Fit im Job"],"articleSection":["FIT IM JOB"],"inLanguage":"fr-FR"},{"@type":"WebPage","@id":"https:\/\/www.organisator.ch\/human-resources\/fit_im_job\/2016-07-13\/pensionskassen-kuerzen-die-renten-von-fruehpensionaeren\/","url":"https:\/\/www.organisator.ch\/human-resources\/fit_im_job\/2016-07-13\/pensionskassen-kuerzen-die-renten-von-fruehpensionaeren\/","name":"Les caisses de pension r\u00e9duisent les pensions des pr\u00e9retrait\u00e9s - Organisateur","isPartOf":{"@id":"https:\/\/www.organisator.ch\/#website"},"primaryImageOfPage":{"@id":"https:\/\/www.organisator.ch\/human-resources\/fit_im_job\/2016-07-13\/pensionskassen-kuerzen-die-renten-von-fruehpensionaeren\/#primaryimage"},"image":{"@id":"https:\/\/www.organisator.ch\/human-resources\/fit_im_job\/2016-07-13\/pensionskassen-kuerzen-die-renten-von-fruehpensionaeren\/#primaryimage"},"thumbnailUrl":"https:\/\/www.organisator.ch\/wp-content\/uploads\/2016\/07\/Pensionskassen-kuerzen-die-Renten-von-Fruehpensionaeren-Titel-organisator.jpg","datePublished":"2016-07-13T16:13:54+00:00","description":"Pr\u00e8s d'un tiers des salari\u00e9s occupant une fonction dirigeante prennent une retraite anticip\u00e9e. Une solution moderne de caisse de pension permet aux cadres sup\u00e9rieurs d'une entreprise de financer leur retraite anticip\u00e9e en b\u00e9n\u00e9ficiant d'avantages fiscaux.","breadcrumb":{"@id":"https:\/\/www.organisator.ch\/human-resources\/fit_im_job\/2016-07-13\/pensionskassen-kuerzen-die-renten-von-fruehpensionaeren\/#breadcrumb"},"inLanguage":"fr-FR","potentialAction":[{"@type":"ReadAction","target":["https:\/\/www.organisator.ch\/human-resources\/fit_im_job\/2016-07-13\/pensionskassen-kuerzen-die-renten-von-fruehpensionaeren\/"]}]},{"@type":"ImageObject","inLanguage":"fr-FR","@id":"https:\/\/www.organisator.ch\/human-resources\/fit_im_job\/2016-07-13\/pensionskassen-kuerzen-die-renten-von-fruehpensionaeren\/#primaryimage","url":"https:\/\/www.organisator.ch\/wp-content\/uploads\/2016\/07\/Pensionskassen-kuerzen-die-Renten-von-Fruehpensionaeren-Titel-organisator.jpg","contentUrl":"https:\/\/www.organisator.ch\/wp-content\/uploads\/2016\/07\/Pensionskassen-kuerzen-die-Renten-von-Fruehpensionaeren-Titel-organisator.jpg","width":667,"height":1000,"caption":"Pensionskassen k\u00fcrzen die Renten von Fr\u00fchpension\u00e4ren"},{"@type":"BreadcrumbList","@id":"https:\/\/www.organisator.ch\/human-resources\/fit_im_job\/2016-07-13\/pensionskassen-kuerzen-die-renten-von-fruehpensionaeren\/#breadcrumb","itemListElement":[{"@type":"ListItem","position":1,"name":"Home","item":"https:\/\/www.organisator.ch\/"},{"@type":"ListItem","position":2,"name":"Pensionskassen k\u00fcrzen die Renten von Fr\u00fchpension\u00e4ren"}]},{"@type":"WebSite","@id":"https:\/\/www.organisator.ch\/#website","url":"https:\/\/www.organisator.ch\/","name":"Organisateur","description":"Comp\u00e9tence et comp\u00e9tence. Proches de la pratique. L'ORGANISATEUR pr\u00e9pare 10 num\u00e9ros par an sur les th\u00e8mes essentiels pour les dirigeants de PME.","publisher":{"@id":"https:\/\/www.organisator.ch\/#organization"},"potentialAction":[{"@type":"SearchAction","target":{"@type":"EntryPoint","urlTemplate":"https:\/\/www.organisator.ch\/?s={search_term_string}"},"query-input":{"@type":"PropertyValueSpecification","valueRequired":true,"valueName":"search_term_string"}}],"inLanguage":"fr-FR"},{"@type":"Organization","@id":"https:\/\/www.organisator.ch\/#organization","name":"Organisateur","url":"https:\/\/www.organisator.ch\/","logo":{"@type":"ImageObject","inLanguage":"fr-FR","@id":"https:\/\/www.organisator.ch\/#\/schema\/logo\/image\/","url":"https:\/\/www.organisator.ch\/wp-content\/uploads\/2022\/01\/Logo_Organisator_Website.png","contentUrl":"https:\/\/www.organisator.ch\/wp-content\/uploads\/2022\/01\/Logo_Organisator_Website.png","width":800,"height":77,"caption":"Organisator"},"image":{"@id":"https:\/\/www.organisator.ch\/#\/schema\/logo\/image\/"},"sameAs":["https:\/\/www.facebook.com\/OrganisatorFachmagazin","https:\/\/www.linkedin.com\/showcase\/organisator-das-magazin-fr-kmu","https:\/\/www.xing.com\/news\/pages\/organisator-ch-695","https:\/\/www.youtube.com\/channel\/UCGP2Sq0iWaZwT3BdIAQFYpw"]},{"@type":"Person","@id":"https:\/\/www.organisator.ch\/#\/schema\/person\/4e51799071cd2dd1232ac003643ef5f0","name":"galledia","image":{"@type":"ImageObject","inLanguage":"fr-FR","@id":"https:\/\/secure.gravatar.com\/avatar\/78a7f90c01fc2bfc875782a0d4922b37cde2cf184ce347b91316d23cd7f69a36?s=96&d=mm&r=g","url":"https:\/\/secure.gravatar.com\/avatar\/78a7f90c01fc2bfc875782a0d4922b37cde2cf184ce347b91316d23cd7f69a36?s=96&d=mm&r=g","contentUrl":"https:\/\/secure.gravatar.com\/avatar\/78a7f90c01fc2bfc875782a0d4922b37cde2cf184ce347b91316d23cd7f69a36?s=96&d=mm&r=g","caption":"galledia"},"sameAs":["https:\/\/x.com\/admin"],"url":"https:\/\/www.organisator.ch\/fr\/author\/galledia\/"}]}},"_links":{"self":[{"href":"https:\/\/www.organisator.ch\/fr\/wp-json\/wp\/v2\/posts\/1248","targetHints":{"allow":["GET"]}}],"collection":[{"href":"https:\/\/www.organisator.ch\/fr\/wp-json\/wp\/v2\/posts"}],"about":[{"href":"https:\/\/www.organisator.ch\/fr\/wp-json\/wp\/v2\/types\/post"}],"author":[{"embeddable":true,"href":"https:\/\/www.organisator.ch\/fr\/wp-json\/wp\/v2\/users\/8"}],"replies":[{"embeddable":true,"href":"https:\/\/www.organisator.ch\/fr\/wp-json\/wp\/v2\/comments?post=1248"}],"version-history":[{"count":0,"href":"https:\/\/www.organisator.ch\/fr\/wp-json\/wp\/v2\/posts\/1248\/revisions"}],"wp:featuredmedia":[{"embeddable":true,"href":"https:\/\/www.organisator.ch\/fr\/wp-json\/wp\/v2\/media\/1253"}],"wp:attachment":[{"href":"https:\/\/www.organisator.ch\/fr\/wp-json\/wp\/v2\/media?parent=1248"}],"wp:term":[{"taxonomy":"category","embeddable":true,"href":"https:\/\/www.organisator.ch\/fr\/wp-json\/wp\/v2\/categories?post=1248"},{"taxonomy":"post_tag","embeddable":true,"href":"https:\/\/www.organisator.ch\/fr\/wp-json\/wp\/v2\/tags?post=1248"}],"curies":[{"name":"wp","href":"https:\/\/api.w.org\/{rel}","templated":true}]}}