{"id":12482,"date":"2022-04-06T09:13:00","date_gmt":"2022-04-06T07:13:00","guid":{"rendered":"https:\/\/www.organisator.ch\/?p=12482"},"modified":"2022-04-25T09:33:51","modified_gmt":"2022-04-25T07:33:51","slug":"consolidation-dans-lentreprise-cela-permet-de-faire-de-bonnes-economies-en-matiere-dinformatique","status":"publish","type":"post","link":"https:\/\/www.organisator.ch\/fr\/management\/it\/2022-04-06\/konsolidierung-in-unternehmen-so-laesst-sich-bei-der-it-richtig-sparen\/","title":{"rendered":"Consolidation en entreprise - comment faire de vraies \u00e9conomies sur l'informatique"},"content":{"rendered":"<figure id=\"attachment_12483\" aria-describedby=\"caption-attachment-12483\" style=\"width: 680px\" class=\"wp-caption alignnone\"><img loading=\"lazy\" decoding=\"async\" class=\"size-full wp-image-12483\" src=\"https:\/\/www.organisator.ch\/wp-content\/uploads\/2022\/04\/Konsolidierung-in-Unternehmen-so-laesst-sich-bei-der-IT-richtig-sparen_Organisator.jpg\" alt=\"\" width=\"680\" height=\"453\" srcset=\"https:\/\/www.organisator.ch\/wp-content\/uploads\/2022\/04\/Konsolidierung-in-Unternehmen-so-laesst-sich-bei-der-IT-richtig-sparen_Organisator.jpg 680w, https:\/\/www.organisator.ch\/wp-content\/uploads\/2022\/04\/Konsolidierung-in-Unternehmen-so-laesst-sich-bei-der-IT-richtig-sparen_Organisator-18x12.jpg 18w, https:\/\/www.organisator.ch\/wp-content\/uploads\/2022\/04\/Konsolidierung-in-Unternehmen-so-laesst-sich-bei-der-IT-richtig-sparen_Organisator-263x175.jpg 263w, https:\/\/www.organisator.ch\/wp-content\/uploads\/2022\/04\/Konsolidierung-in-Unternehmen-so-laesst-sich-bei-der-IT-richtig-sparen_Organisator-525x350.jpg 525w, https:\/\/www.organisator.ch\/wp-content\/uploads\/2022\/04\/Konsolidierung-in-Unternehmen-so-laesst-sich-bei-der-IT-richtig-sparen_Organisator-300x200.jpg 300w\" sizes=\"auto, (max-width: 680px) 100vw, 680px\" \/><figcaption id=\"caption-attachment-12483\" class=\"wp-caption-text\">Pour la consolidation des entreprises, l'informatique offre un potentiel d'\u00e9conomie consid\u00e9rable. (Source : Unsplash.com)<\/figcaption><\/figure>\n<p>La consolidation dans les entreprises : Comment cela fonctionne-t-il ? O\u00f9 peut-on faire des \u00e9conomies - par exemple dans l'informatique ? Une partie du potentiel d'\u00e9conomie est offerte par exemple par les <a href=\"https:\/\/www.mein-deal.com\/notebook-angebote\/\">Ordinateur portable : bonnes affaires chez Mein Deal<\/a>Il existe des solutions pour rendre le nouvel \u00e9quipement des collaborateurs moins cher. Mais il existe \u00e9galement d'autres mesures permettant de r\u00e9aliser de v\u00e9ritables \u00e9conomies en mati\u00e8re d'informatique. Ces mesures permettent d'\u00e9conomiser rapidement des sommes relativement importantes au fil des ans.<\/p>\n<h3>L'optimisation de l'informatique<\/h3>\n<p>Il n'est pas rare que l'on ignore totalement que des processus informatiques inefficaces finissent par faire perdre beaucoup de temps. Un aspect important \u00e0 cet \u00e9gard est le travail inutile souvent effectu\u00e9 par de nombreux collaborateurs. Cela n'apporte \u00e9videmment aucune valeur ajout\u00e9e \u00e0 l'entreprise. En m\u00eame temps, le salaire doit \u00eatre pay\u00e9 int\u00e9gralement, que l'activit\u00e9 soit efficace ou inefficace. Cela vaut surtout pour les processus qui pourraient \u00eatre automatis\u00e9s. <a href=\"https:\/\/www.bmi.bund.de\/DE\/themen\/it-und-digitalpolitik\/it-des-bundes\/it-konsolidierung\/it-konsolidierung-node.html\">Touch\u00e9s par cette probl\u00e9matique<\/a> sont aussi bien des PME que la Conf\u00e9d\u00e9ration.<\/p>\n<p>La premi\u00e8re \u00e9tape importante consiste donc \u00e0 \u00e9liminer les sources d'erreur et les \u00e9tapes de travail inutiles tout en minimisant le risque de panne informatique. De cette mani\u00e8re, tous les appareils de l'informatique fonctionnent sans probl\u00e8me. Cela ne m\u00e9nage pas seulement les nerfs, mais permet surtout d'\u00e9conomiser du temps et donc de l'argent. C'est malheureusement un fait que si l'informatique reste inactive pendant plusieurs heures, les collaborateurs ne peuvent plus travailler efficacement et doivent \u00eatre pay\u00e9s int\u00e9gralement.<\/p>\n<h3>Mesures de consolidation de l'informatique<\/h3>\n<p>Malgr\u00e9 les lignes Internet rapides et co\u00fbteuses pay\u00e9es par de nombreuses entreprises, la vitesse ne peut souvent pas \u00eatre atteinte en raison d'erreurs syst\u00e8me. Une bonne configuration permet toutefois d'acc\u00e9l\u00e9rer l'Internet lent.<\/p>\n<p>L'une des principales causes d'une connexion Internet lente peut par exemple \u00eatre un r\u00e9seau mal configur\u00e9. Un pare-feu mal r\u00e9gl\u00e9 peut \u00e9galement \u00eatre \u00e0 l'origine de la lenteur d'Internet. L'investissement dans un expert en informatique sera toujours rentable \u00e0 long terme et permettra de r\u00e9aliser d'\u00e9normes \u00e9conomies.<\/p>\n<h3>Les co\u00fbts d'impression sont souvent totalement sous-estim\u00e9s<\/h3>\n<p>On constate r\u00e9guli\u00e8rement que de nombreuses entreprises utilisent plusieurs petites imprimantes de diff\u00e9rents fabricants. Il n'est pas rare que ces imprimantes aient \u00e9t\u00e9 achet\u00e9es au fur et \u00e0 mesure de l'augmentation des besoins. Cela semblait \u00eatre la seule possibilit\u00e9 logique pour faire face \u00e0 l'augmentation des besoins en impression.<\/p>\n<p>Mais l'inconv\u00e9nient est \u00e9vident, car chaque imprimante n\u00e9cessite des cartouches d'encre sp\u00e9cifiques. Cela implique souvent une maintenance tr\u00e8s diff\u00e9rente pour chaque imprimante. Cela co\u00fbte \u00e9galement de l'argent et tous les collaborateurs sont oblig\u00e9s de se familiariser avec les diff\u00e9rents mod\u00e8les.<\/p>\n<p>Une mesure beaucoup plus efficace est l'achat d'une imprimante plus grande. Elle devrait alors couvrir l'ensemble des besoins d'impression de l'entreprise. Bien s\u00fbr, le co\u00fbt d'achat d'un tel mod\u00e8le est souvent plus \u00e9lev\u00e9, mais l'impression est plus efficace et le potentiel d'\u00e9conomie est donc important.<\/p>\n<h3>Tout ce qui concerne les sauvegardes<\/h3>\n<p>La simplification et l'automatisation des sauvegardes permettent \u00e9galement de r\u00e9aliser des \u00e9conomies \u00e0 long terme. Entre-temps, les sauvegardes peuvent \u00eatre automatis\u00e9es par des services en nuage. Les sauvegardes s'effectuent alors automatiquement en arri\u00e8re-plan. L'avantage est clair : plus personne ne doit \u00eatre engag\u00e9 pour s'occuper d'un remplacement de disque dur ou autre. Au lieu d'utiliser les <a href=\"https:\/\/www.sueddeutsche.de\/digital\/world-backup-day-so-sichern-sie-wichtige-daten-und-dokumente-auf-windows-10-1.3927685?reduced=true\">Investir du temps dans des backups<\/a>Les collaborateurs peuvent ainsi se consacrer efficacement \u00e0 leur travail. Un autre facteur est que les erreurs peuvent rapidement se produire, surtout dans les processus de sauvegarde compliqu\u00e9s.<\/p>\n<h3>Des processus compliqu\u00e9s g\u00e9n\u00e9ralement peu efficaces<\/h3>\n<p>Plus les processus sont compliqu\u00e9s, moins les proc\u00e9dures de travail sont efficaces. Ce sont justement les \u00e9tapes de travail inutiles qui font perdre du temps, augmentent les co\u00fbts et rec\u00e8lent en outre des sources d'erreurs potentielles. L'exemple suivant le d\u00e9montre rapidement : Si six collaborateurs travaillent sur six ordinateurs dans l'entreprise, il est probablement pr\u00e9vu que chaque collaborateur puisse, en cas de besoin, travailler sur n'importe quel ordinateur de l'entreprise et disposer de l'acc\u00e8s n\u00e9cessaire aux documents. Il est donc probable que six utilisateurs soient cr\u00e9\u00e9s sur chaque ordinateur, ce qui donne un total de 36 utilisateurs.<\/p>\n<p>Toutefois, en proc\u00e9dant de la sorte, on oublie souvent que si des modifications sont apport\u00e9es ou si le logiciel doit \u00eatre mis \u00e0 jour, il faudra le faire 36 fois dans le cas pr\u00e9sent. Il s'agit l\u00e0 d'une source d'erreur potentielle, car il est tr\u00e8s probable que quelque chose soit oubli\u00e9. La r\u00e9ponse logique dans un tel cas serait d'utiliser un cloud. Cela permettrait non seulement de r\u00e9duire consid\u00e9rablement les sources d'erreur pr\u00e9sum\u00e9es, mais aussi et surtout de simplifier consid\u00e9rablement les processus.<\/p>\n<p>Gr\u00e2ce \u00e0 un tel cloud, tous les documents de tous les collaborateurs peuvent \u00eatre stock\u00e9s dans le cloud et \u00eatre ensuite facilement accessibles depuis n'importe quel ordinateur. Il n'est donc pas n\u00e9cessaire d'avoir un utilisateur sp\u00e9cifique. Cela signifie qu'il n'y a plus qu'un seul utilisateur sur chaque ordinateur lors de l'utilisation d'un stockage en nuage. Toutes les mises \u00e0 jour ne doivent donc plus \u00eatre effectu\u00e9es qu'une seule fois par ordinateur. Cela permet de r\u00e9duire consid\u00e9rablement les sources d'erreur et, bien entendu, d'\u00e9conomiser beaucoup de temps et donc d'argent.<\/p>\n<p>Cet exemple illustre \u00e9galement l'efficacit\u00e9 des imprimantes et des sauvegardes. Moins les processus de travail sont compliqu\u00e9s et moins les collaborateurs doivent effectuer d'op\u00e9rations, plus le taux d'erreur est faible. On gagne beaucoup de temps et les co\u00fbts sont minimis\u00e9s.<\/p>\n<h3>Simplifier les processus informatiques permet de r\u00e9duire les co\u00fbts<\/h3>\n<p>Les processus informatiques efficaces ont g\u00e9n\u00e9ralement un point commun : non seulement ils sont nettement moins compliqu\u00e9s, mais ils permettent surtout d'utiliser la force de travail des collaborateurs \u00e0 bon escient et donc de mani\u00e8re rentable.<\/p>\n<p>Une \u00e9tape d\u00e9cisive pour devenir <a href=\"https:\/\/www.organisator.ch\/category\/it\/\">IT<\/a> est de r\u00e9duire la diversit\u00e9 des mod\u00e8les dans l'environnement informatique. Il est en tout cas important ici de r\u00e9duire fortement le nombre de fabricants diff\u00e9rents et le nombre de mod\u00e8les et de variations diff\u00e9rents dans l'entreprise. Les ordinateurs portables, les \u00e9crans ou encore les tablettes doivent toujours \u00eatre compatibles afin de cr\u00e9er un environnement informatique vraiment homog\u00e8ne. Si un poste de travail devait \u00eatre occup\u00e9 par un rempla\u00e7ant, aucun collaborateur ne devrait \u00eatre oblig\u00e9 de se familiariser avec diff\u00e9rents mat\u00e9riels. Cela reviendrait en effet \u00e0 gaspiller un temps de travail pr\u00e9cieux et donc de l'argent.<\/p>","protected":false},"excerpt":{"rendered":"<p>Konsolidierung in Unternehmen: Wie geht das? Wo l\u00e4sst sich sparen &#8211; etwa bei der IT? Ein Teil des Einsparpotenzials bieten z.B. die Notebook Schn\u00e4ppchen bei Mein Deal, mit denen die neue Ausstattung der Mitarbeiter g\u00fcnstiger gestaltet werden kann. Doch es gibt auch weitere Ma\u00dfnahmen, wie sich bei der IT so richtig sparen l\u00e4sst. Mit den [&hellip;]<\/p>\n","protected":false},"author":4,"featured_media":12483,"comment_status":"closed","ping_status":"closed","sticky":false,"template":"","format":"standard","meta":{"_acf_changed":false,"_yoast_wpseo_focuskw":"Konsolidierung","_yoast_wpseo_metadesc":"F\u00fcr die Konsolidierung von Unternehmen sollte immer ein genauer Blick auf die IT geworfen werden. Da gibt es ein sehr gro\u00dfes Einsparpotenzial.","articlekey":"","footnotes":""},"categories":[27],"tags":[202,286,508],"class_list":["post-12482","post","type-post","status-publish","format-standard","has-post-thumbnail","hentry","category-it","tag-finanzenrecht","tag-it","tag-vermischtes"],"acf":[],"yoast_head":"<!-- This site is optimized with the Yoast SEO plugin v27.5 - https:\/\/yoast.com\/product\/yoast-seo-wordpress\/ -->\n<title>Konsolidierung in Unternehmen - so l\u00e4sst sich bei der IT richtig sparen - Organisator<\/title>\n<meta name=\"description\" content=\"F\u00fcr die Konsolidierung von Unternehmen sollte immer ein genauer Blick auf die IT geworfen werden. Da gibt es ein sehr gro\u00dfes Einsparpotenzial.\" \/>\n<meta name=\"robots\" content=\"index, follow, max-snippet:-1, max-image-preview:large, max-video-preview:-1\" \/>\n<link rel=\"canonical\" href=\"https:\/\/www.organisator.ch\/fr\/gestion-2\/it\/2022-04-06\/consolidation-dans-lentreprise-cela-permet-de-faire-de-bonnes-economies-en-matiere-dinformatique\/\" \/>\n<meta property=\"og:locale\" content=\"fr_FR\" \/>\n<meta property=\"og:type\" content=\"article\" \/>\n<meta property=\"og:title\" content=\"Konsolidierung in Unternehmen - so l\u00e4sst sich bei der IT richtig sparen\" \/>\n<meta property=\"og:description\" content=\"F\u00fcr die Konsolidierung von Unternehmen sollte immer ein genauer Blick auf die IT geworfen werden. Da gibt es ein sehr gro\u00dfes Einsparpotenzial.\" \/>\n<meta property=\"og:url\" content=\"https:\/\/www.organisator.ch\/fr\/gestion-2\/it\/2022-04-06\/consolidation-dans-lentreprise-cela-permet-de-faire-de-bonnes-economies-en-matiere-dinformatique\/\" \/>\n<meta property=\"og:site_name\" content=\"Organisator\" \/>\n<meta property=\"article:publisher\" content=\"https:\/\/www.facebook.com\/OrganisatorFachmagazin\" \/>\n<meta property=\"article:published_time\" content=\"2022-04-06T07:13:00+00:00\" \/>\n<meta property=\"article:modified_time\" content=\"2022-04-25T07:33:51+00:00\" \/>\n<meta property=\"og:image\" content=\"https:\/\/www.organisator.ch\/wp-content\/uploads\/2022\/04\/Konsolidierung-in-Unternehmen-so-laesst-sich-bei-der-IT-richtig-sparen_Organisator.jpg\" \/>\n\t<meta property=\"og:image:width\" content=\"680\" \/>\n\t<meta property=\"og:image:height\" content=\"453\" \/>\n\t<meta property=\"og:image:type\" content=\"image\/jpeg\" \/>\n<meta name=\"author\" content=\"thomas.berner\" \/>\n<meta name=\"twitter:card\" content=\"summary_large_image\" \/>\n<meta name=\"twitter:title\" content=\"#Konsolidierung in Unternehmen - so l\u00e4sst sich bei der #IT richtig sparen\" \/>\n<meta name=\"twitter:description\" content=\"F\u00fcr die #Konsolidierung von Unternehmen sollte immer ein genauer Blick auf die IT geworfen werden. Da gibt es ein sehr gro\u00dfes #Einsparpotenzial.\" \/>\n<meta name=\"twitter:image\" content=\"https:\/\/www.organisator.ch\/wp-content\/uploads\/2022\/04\/Konsolidierung-in-Unternehmen-so-laesst-sich-bei-der-IT-richtig-sparen_Organisator.jpg\" \/>\n<script type=\"application\/ld+json\" class=\"yoast-schema-graph\">{\"@context\":\"https:\\\/\\\/schema.org\",\"@graph\":[{\"@type\":\"Article\",\"@id\":\"https:\\\/\\\/www.organisator.ch\\\/management\\\/it\\\/2022-04-06\\\/konsolidierung-in-unternehmen-so-laesst-sich-bei-der-it-richtig-sparen\\\/#article\",\"isPartOf\":{\"@id\":\"https:\\\/\\\/www.organisator.ch\\\/management\\\/it\\\/2022-04-06\\\/konsolidierung-in-unternehmen-so-laesst-sich-bei-der-it-richtig-sparen\\\/\"},\"author\":{\"name\":\"thomas.berner\",\"@id\":\"https:\\\/\\\/www.organisator.ch\\\/#\\\/schema\\\/person\\\/6f650f90b2842cd4c0cc334b4e36f67e\"},\"headline\":\"Konsolidierung in Unternehmen &#8211; so l\u00e4sst sich bei der IT richtig sparen\",\"datePublished\":\"2022-04-06T07:13:00+00:00\",\"dateModified\":\"2022-04-25T07:33:51+00:00\",\"mainEntityOfPage\":{\"@id\":\"https:\\\/\\\/www.organisator.ch\\\/management\\\/it\\\/2022-04-06\\\/konsolidierung-in-unternehmen-so-laesst-sich-bei-der-it-richtig-sparen\\\/\"},\"wordCount\":1079,\"publisher\":{\"@id\":\"https:\\\/\\\/www.organisator.ch\\\/#organization\"},\"image\":{\"@id\":\"https:\\\/\\\/www.organisator.ch\\\/management\\\/it\\\/2022-04-06\\\/konsolidierung-in-unternehmen-so-laesst-sich-bei-der-it-richtig-sparen\\\/#primaryimage\"},\"thumbnailUrl\":\"https:\\\/\\\/www.organisator.ch\\\/wp-content\\\/uploads\\\/2022\\\/04\\\/Konsolidierung-in-Unternehmen-so-laesst-sich-bei-der-IT-richtig-sparen_Organisator.jpg\",\"keywords\":[\"Finanzen\\\/Recht\",\"IT\",\"Vermischtes\"],\"articleSection\":[\"IT\"],\"inLanguage\":\"fr-FR\"},{\"@type\":\"WebPage\",\"@id\":\"https:\\\/\\\/www.organisator.ch\\\/management\\\/it\\\/2022-04-06\\\/konsolidierung-in-unternehmen-so-laesst-sich-bei-der-it-richtig-sparen\\\/\",\"url\":\"https:\\\/\\\/www.organisator.ch\\\/management\\\/it\\\/2022-04-06\\\/konsolidierung-in-unternehmen-so-laesst-sich-bei-der-it-richtig-sparen\\\/\",\"name\":\"Konsolidierung in Unternehmen - so l\u00e4sst sich bei der IT richtig sparen - Organisator\",\"isPartOf\":{\"@id\":\"https:\\\/\\\/www.organisator.ch\\\/#website\"},\"primaryImageOfPage\":{\"@id\":\"https:\\\/\\\/www.organisator.ch\\\/management\\\/it\\\/2022-04-06\\\/konsolidierung-in-unternehmen-so-laesst-sich-bei-der-it-richtig-sparen\\\/#primaryimage\"},\"image\":{\"@id\":\"https:\\\/\\\/www.organisator.ch\\\/management\\\/it\\\/2022-04-06\\\/konsolidierung-in-unternehmen-so-laesst-sich-bei-der-it-richtig-sparen\\\/#primaryimage\"},\"thumbnailUrl\":\"https:\\\/\\\/www.organisator.ch\\\/wp-content\\\/uploads\\\/2022\\\/04\\\/Konsolidierung-in-Unternehmen-so-laesst-sich-bei-der-IT-richtig-sparen_Organisator.jpg\",\"datePublished\":\"2022-04-06T07:13:00+00:00\",\"dateModified\":\"2022-04-25T07:33:51+00:00\",\"description\":\"F\u00fcr die Konsolidierung von Unternehmen sollte immer ein genauer Blick auf die IT geworfen werden. Da gibt es ein sehr gro\u00dfes Einsparpotenzial.\",\"breadcrumb\":{\"@id\":\"https:\\\/\\\/www.organisator.ch\\\/management\\\/it\\\/2022-04-06\\\/konsolidierung-in-unternehmen-so-laesst-sich-bei-der-it-richtig-sparen\\\/#breadcrumb\"},\"inLanguage\":\"fr-FR\",\"potentialAction\":[{\"@type\":\"ReadAction\",\"target\":[\"https:\\\/\\\/www.organisator.ch\\\/management\\\/it\\\/2022-04-06\\\/konsolidierung-in-unternehmen-so-laesst-sich-bei-der-it-richtig-sparen\\\/\"]}]},{\"@type\":\"ImageObject\",\"inLanguage\":\"fr-FR\",\"@id\":\"https:\\\/\\\/www.organisator.ch\\\/management\\\/it\\\/2022-04-06\\\/konsolidierung-in-unternehmen-so-laesst-sich-bei-der-it-richtig-sparen\\\/#primaryimage\",\"url\":\"https:\\\/\\\/www.organisator.ch\\\/wp-content\\\/uploads\\\/2022\\\/04\\\/Konsolidierung-in-Unternehmen-so-laesst-sich-bei-der-IT-richtig-sparen_Organisator.jpg\",\"contentUrl\":\"https:\\\/\\\/www.organisator.ch\\\/wp-content\\\/uploads\\\/2022\\\/04\\\/Konsolidierung-in-Unternehmen-so-laesst-sich-bei-der-IT-richtig-sparen_Organisator.jpg\",\"width\":680,\"height\":453,\"caption\":\"F\u00fcr die Konsolidierung von Unternehmen bietet die IT erhebliches Einsparpotenzial. (Quelle: Unsplash.com)\"},{\"@type\":\"BreadcrumbList\",\"@id\":\"https:\\\/\\\/www.organisator.ch\\\/management\\\/it\\\/2022-04-06\\\/konsolidierung-in-unternehmen-so-laesst-sich-bei-der-it-richtig-sparen\\\/#breadcrumb\",\"itemListElement\":[{\"@type\":\"ListItem\",\"position\":1,\"name\":\"Home\",\"item\":\"https:\\\/\\\/www.organisator.ch\\\/\"},{\"@type\":\"ListItem\",\"position\":2,\"name\":\"Konsolidierung in Unternehmen &#8211; so l\u00e4sst sich bei der IT richtig sparen\"}]},{\"@type\":\"WebSite\",\"@id\":\"https:\\\/\\\/www.organisator.ch\\\/#website\",\"url\":\"https:\\\/\\\/www.organisator.ch\\\/\",\"name\":\"Organisator\",\"description\":\"Kompetent. Praxisnah. Der ORGANISATOR bereitet in 10 Ausgaben pro Jahr die wesentlichen Themen f\u00fcr F\u00fchrungskr\u00e4fte von KMU auf.\",\"publisher\":{\"@id\":\"https:\\\/\\\/www.organisator.ch\\\/#organization\"},\"potentialAction\":[{\"@type\":\"SearchAction\",\"target\":{\"@type\":\"EntryPoint\",\"urlTemplate\":\"https:\\\/\\\/www.organisator.ch\\\/?s={search_term_string}\"},\"query-input\":{\"@type\":\"PropertyValueSpecification\",\"valueRequired\":true,\"valueName\":\"search_term_string\"}}],\"inLanguage\":\"fr-FR\"},{\"@type\":\"Organization\",\"@id\":\"https:\\\/\\\/www.organisator.ch\\\/#organization\",\"name\":\"Organisator\",\"url\":\"https:\\\/\\\/www.organisator.ch\\\/\",\"logo\":{\"@type\":\"ImageObject\",\"inLanguage\":\"fr-FR\",\"@id\":\"https:\\\/\\\/www.organisator.ch\\\/#\\\/schema\\\/logo\\\/image\\\/\",\"url\":\"https:\\\/\\\/www.organisator.ch\\\/wp-content\\\/uploads\\\/2022\\\/01\\\/Logo_Organisator_Website.png\",\"contentUrl\":\"https:\\\/\\\/www.organisator.ch\\\/wp-content\\\/uploads\\\/2022\\\/01\\\/Logo_Organisator_Website.png\",\"width\":800,\"height\":77,\"caption\":\"Organisator\"},\"image\":{\"@id\":\"https:\\\/\\\/www.organisator.ch\\\/#\\\/schema\\\/logo\\\/image\\\/\"},\"sameAs\":[\"https:\\\/\\\/www.facebook.com\\\/OrganisatorFachmagazin\",\"https:\\\/\\\/www.linkedin.com\\\/showcase\\\/organisator-das-magazin-fr-kmu\",\"https:\\\/\\\/www.xing.com\\\/news\\\/pages\\\/organisator-ch-695\",\"https:\\\/\\\/www.youtube.com\\\/channel\\\/UCGP2Sq0iWaZwT3BdIAQFYpw\"]},{\"@type\":\"Person\",\"@id\":\"https:\\\/\\\/www.organisator.ch\\\/#\\\/schema\\\/person\\\/6f650f90b2842cd4c0cc334b4e36f67e\",\"name\":\"thomas.berner\",\"image\":{\"@type\":\"ImageObject\",\"inLanguage\":\"fr-FR\",\"@id\":\"https:\\\/\\\/secure.gravatar.com\\\/avatar\\\/ac5001d2a36cb6c6cd3e50789007ffca834b477b74a2144564522e944eabff61?s=96&d=mm&r=g\",\"url\":\"https:\\\/\\\/secure.gravatar.com\\\/avatar\\\/ac5001d2a36cb6c6cd3e50789007ffca834b477b74a2144564522e944eabff61?s=96&d=mm&r=g\",\"contentUrl\":\"https:\\\/\\\/secure.gravatar.com\\\/avatar\\\/ac5001d2a36cb6c6cd3e50789007ffca834b477b74a2144564522e944eabff61?s=96&d=mm&r=g\",\"caption\":\"thomas.berner\"},\"url\":\"https:\\\/\\\/www.organisator.ch\\\/fr\\\/author\\\/thomas-berner\\\/\"}]}<\/script>\n<!-- \/ Yoast SEO plugin. -->","yoast_head_json":{"title":"Consolidation en entreprise - comment \u00e9conomiser sur l'informatique - Organisator","description":"Pour consolider les entreprises, il faut toujours jeter un regard attentif sur l'informatique. Il y a l\u00e0 un tr\u00e8s grand potentiel d'\u00e9conomies.","robots":{"index":"index","follow":"follow","max-snippet":"max-snippet:-1","max-image-preview":"max-image-preview:large","max-video-preview":"max-video-preview:-1"},"canonical":"https:\/\/www.organisator.ch\/fr\/gestion-2\/it\/2022-04-06\/consolidation-dans-lentreprise-cela-permet-de-faire-de-bonnes-economies-en-matiere-dinformatique\/","og_locale":"fr_FR","og_type":"article","og_title":"Konsolidierung in Unternehmen - so l\u00e4sst sich bei der IT richtig sparen","og_description":"F\u00fcr die Konsolidierung von Unternehmen sollte immer ein genauer Blick auf die IT geworfen werden. Da gibt es ein sehr gro\u00dfes Einsparpotenzial.","og_url":"https:\/\/www.organisator.ch\/fr\/gestion-2\/it\/2022-04-06\/consolidation-dans-lentreprise-cela-permet-de-faire-de-bonnes-economies-en-matiere-dinformatique\/","og_site_name":"Organisator","article_publisher":"https:\/\/www.facebook.com\/OrganisatorFachmagazin","article_published_time":"2022-04-06T07:13:00+00:00","article_modified_time":"2022-04-25T07:33:51+00:00","og_image":[{"width":680,"height":453,"url":"https:\/\/www.organisator.ch\/wp-content\/uploads\/2022\/04\/Konsolidierung-in-Unternehmen-so-laesst-sich-bei-der-IT-richtig-sparen_Organisator.jpg","type":"image\/jpeg"}],"author":"thomas.berner","twitter_card":"summary_large_image","twitter_title":"#Konsolidierung in Unternehmen - so l\u00e4sst sich bei der #IT richtig sparen","twitter_description":"F\u00fcr die #Konsolidierung von Unternehmen sollte immer ein genauer Blick auf die IT geworfen werden. Da gibt es ein sehr gro\u00dfes #Einsparpotenzial.","twitter_image":"https:\/\/www.organisator.ch\/wp-content\/uploads\/2022\/04\/Konsolidierung-in-Unternehmen-so-laesst-sich-bei-der-IT-richtig-sparen_Organisator.jpg","schema":{"@context":"https:\/\/schema.org","@graph":[{"@type":"Article","@id":"https:\/\/www.organisator.ch\/management\/it\/2022-04-06\/konsolidierung-in-unternehmen-so-laesst-sich-bei-der-it-richtig-sparen\/#article","isPartOf":{"@id":"https:\/\/www.organisator.ch\/management\/it\/2022-04-06\/konsolidierung-in-unternehmen-so-laesst-sich-bei-der-it-richtig-sparen\/"},"author":{"name":"thomas.berner","@id":"https:\/\/www.organisator.ch\/#\/schema\/person\/6f650f90b2842cd4c0cc334b4e36f67e"},"headline":"Konsolidierung in Unternehmen &#8211; so l\u00e4sst sich bei der IT richtig sparen","datePublished":"2022-04-06T07:13:00+00:00","dateModified":"2022-04-25T07:33:51+00:00","mainEntityOfPage":{"@id":"https:\/\/www.organisator.ch\/management\/it\/2022-04-06\/konsolidierung-in-unternehmen-so-laesst-sich-bei-der-it-richtig-sparen\/"},"wordCount":1079,"publisher":{"@id":"https:\/\/www.organisator.ch\/#organization"},"image":{"@id":"https:\/\/www.organisator.ch\/management\/it\/2022-04-06\/konsolidierung-in-unternehmen-so-laesst-sich-bei-der-it-richtig-sparen\/#primaryimage"},"thumbnailUrl":"https:\/\/www.organisator.ch\/wp-content\/uploads\/2022\/04\/Konsolidierung-in-Unternehmen-so-laesst-sich-bei-der-IT-richtig-sparen_Organisator.jpg","keywords":["Finanzen\/Recht","IT","Vermischtes"],"articleSection":["IT"],"inLanguage":"fr-FR"},{"@type":"WebPage","@id":"https:\/\/www.organisator.ch\/management\/it\/2022-04-06\/konsolidierung-in-unternehmen-so-laesst-sich-bei-der-it-richtig-sparen\/","url":"https:\/\/www.organisator.ch\/management\/it\/2022-04-06\/konsolidierung-in-unternehmen-so-laesst-sich-bei-der-it-richtig-sparen\/","name":"Consolidation en entreprise - comment \u00e9conomiser sur l'informatique - Organisator","isPartOf":{"@id":"https:\/\/www.organisator.ch\/#website"},"primaryImageOfPage":{"@id":"https:\/\/www.organisator.ch\/management\/it\/2022-04-06\/konsolidierung-in-unternehmen-so-laesst-sich-bei-der-it-richtig-sparen\/#primaryimage"},"image":{"@id":"https:\/\/www.organisator.ch\/management\/it\/2022-04-06\/konsolidierung-in-unternehmen-so-laesst-sich-bei-der-it-richtig-sparen\/#primaryimage"},"thumbnailUrl":"https:\/\/www.organisator.ch\/wp-content\/uploads\/2022\/04\/Konsolidierung-in-Unternehmen-so-laesst-sich-bei-der-IT-richtig-sparen_Organisator.jpg","datePublished":"2022-04-06T07:13:00+00:00","dateModified":"2022-04-25T07:33:51+00:00","description":"Pour consolider les entreprises, il faut toujours jeter un regard attentif sur l'informatique. Il y a l\u00e0 un tr\u00e8s grand potentiel d'\u00e9conomies.","breadcrumb":{"@id":"https:\/\/www.organisator.ch\/management\/it\/2022-04-06\/konsolidierung-in-unternehmen-so-laesst-sich-bei-der-it-richtig-sparen\/#breadcrumb"},"inLanguage":"fr-FR","potentialAction":[{"@type":"ReadAction","target":["https:\/\/www.organisator.ch\/management\/it\/2022-04-06\/konsolidierung-in-unternehmen-so-laesst-sich-bei-der-it-richtig-sparen\/"]}]},{"@type":"ImageObject","inLanguage":"fr-FR","@id":"https:\/\/www.organisator.ch\/management\/it\/2022-04-06\/konsolidierung-in-unternehmen-so-laesst-sich-bei-der-it-richtig-sparen\/#primaryimage","url":"https:\/\/www.organisator.ch\/wp-content\/uploads\/2022\/04\/Konsolidierung-in-Unternehmen-so-laesst-sich-bei-der-IT-richtig-sparen_Organisator.jpg","contentUrl":"https:\/\/www.organisator.ch\/wp-content\/uploads\/2022\/04\/Konsolidierung-in-Unternehmen-so-laesst-sich-bei-der-IT-richtig-sparen_Organisator.jpg","width":680,"height":453,"caption":"F\u00fcr die Konsolidierung von Unternehmen bietet die IT erhebliches Einsparpotenzial. (Quelle: Unsplash.com)"},{"@type":"BreadcrumbList","@id":"https:\/\/www.organisator.ch\/management\/it\/2022-04-06\/konsolidierung-in-unternehmen-so-laesst-sich-bei-der-it-richtig-sparen\/#breadcrumb","itemListElement":[{"@type":"ListItem","position":1,"name":"Home","item":"https:\/\/www.organisator.ch\/"},{"@type":"ListItem","position":2,"name":"Konsolidierung in Unternehmen &#8211; so l\u00e4sst sich bei der IT richtig sparen"}]},{"@type":"WebSite","@id":"https:\/\/www.organisator.ch\/#website","url":"https:\/\/www.organisator.ch\/","name":"Organisateur","description":"Comp\u00e9tence et comp\u00e9tence. Proches de la pratique. L'ORGANISATEUR pr\u00e9pare 10 num\u00e9ros par an sur les th\u00e8mes essentiels pour les dirigeants de PME.","publisher":{"@id":"https:\/\/www.organisator.ch\/#organization"},"potentialAction":[{"@type":"SearchAction","target":{"@type":"EntryPoint","urlTemplate":"https:\/\/www.organisator.ch\/?s={search_term_string}"},"query-input":{"@type":"PropertyValueSpecification","valueRequired":true,"valueName":"search_term_string"}}],"inLanguage":"fr-FR"},{"@type":"Organization","@id":"https:\/\/www.organisator.ch\/#organization","name":"Organisateur","url":"https:\/\/www.organisator.ch\/","logo":{"@type":"ImageObject","inLanguage":"fr-FR","@id":"https:\/\/www.organisator.ch\/#\/schema\/logo\/image\/","url":"https:\/\/www.organisator.ch\/wp-content\/uploads\/2022\/01\/Logo_Organisator_Website.png","contentUrl":"https:\/\/www.organisator.ch\/wp-content\/uploads\/2022\/01\/Logo_Organisator_Website.png","width":800,"height":77,"caption":"Organisator"},"image":{"@id":"https:\/\/www.organisator.ch\/#\/schema\/logo\/image\/"},"sameAs":["https:\/\/www.facebook.com\/OrganisatorFachmagazin","https:\/\/www.linkedin.com\/showcase\/organisator-das-magazin-fr-kmu","https:\/\/www.xing.com\/news\/pages\/organisator-ch-695","https:\/\/www.youtube.com\/channel\/UCGP2Sq0iWaZwT3BdIAQFYpw"]},{"@type":"Person","@id":"https:\/\/www.organisator.ch\/#\/schema\/person\/6f650f90b2842cd4c0cc334b4e36f67e","name":"thomas.berner","image":{"@type":"ImageObject","inLanguage":"fr-FR","@id":"https:\/\/secure.gravatar.com\/avatar\/ac5001d2a36cb6c6cd3e50789007ffca834b477b74a2144564522e944eabff61?s=96&d=mm&r=g","url":"https:\/\/secure.gravatar.com\/avatar\/ac5001d2a36cb6c6cd3e50789007ffca834b477b74a2144564522e944eabff61?s=96&d=mm&r=g","contentUrl":"https:\/\/secure.gravatar.com\/avatar\/ac5001d2a36cb6c6cd3e50789007ffca834b477b74a2144564522e944eabff61?s=96&d=mm&r=g","caption":"thomas.berner"},"url":"https:\/\/www.organisator.ch\/fr\/author\/thomas-berner\/"}]}},"_links":{"self":[{"href":"https:\/\/www.organisator.ch\/fr\/wp-json\/wp\/v2\/posts\/12482","targetHints":{"allow":["GET"]}}],"collection":[{"href":"https:\/\/www.organisator.ch\/fr\/wp-json\/wp\/v2\/posts"}],"about":[{"href":"https:\/\/www.organisator.ch\/fr\/wp-json\/wp\/v2\/types\/post"}],"author":[{"embeddable":true,"href":"https:\/\/www.organisator.ch\/fr\/wp-json\/wp\/v2\/users\/4"}],"replies":[{"embeddable":true,"href":"https:\/\/www.organisator.ch\/fr\/wp-json\/wp\/v2\/comments?post=12482"}],"version-history":[{"count":1,"href":"https:\/\/www.organisator.ch\/fr\/wp-json\/wp\/v2\/posts\/12482\/revisions"}],"predecessor-version":[{"id":12484,"href":"https:\/\/www.organisator.ch\/fr\/wp-json\/wp\/v2\/posts\/12482\/revisions\/12484"}],"wp:featuredmedia":[{"embeddable":true,"href":"https:\/\/www.organisator.ch\/fr\/wp-json\/wp\/v2\/media\/12483"}],"wp:attachment":[{"href":"https:\/\/www.organisator.ch\/fr\/wp-json\/wp\/v2\/media?parent=12482"}],"wp:term":[{"taxonomy":"category","embeddable":true,"href":"https:\/\/www.organisator.ch\/fr\/wp-json\/wp\/v2\/categories?post=12482"},{"taxonomy":"post_tag","embeddable":true,"href":"https:\/\/www.organisator.ch\/fr\/wp-json\/wp\/v2\/tags?post=12482"}],"curies":[{"name":"wp","href":"https:\/\/api.w.org\/{rel}","templated":true}]}}