{"id":12537,"date":"2022-04-07T16:48:06","date_gmt":"2022-04-07T14:48:06","guid":{"rendered":"https:\/\/www.m-q.ch\/?p=16135"},"modified":"2022-08-01T13:55:53","modified_gmt":"2022-08-01T11:55:53","slug":"swiss-cyber-security-days-2022-waren-ein-voller-erfolg","status":"publish","type":"post","link":"https:\/\/www.organisator.ch\/fr\/operational-excellence\/2022-04-07\/swiss-cyber-security-days-2022-waren-ein-voller-erfolg\/","title":{"rendered":"Les Swiss Cyber Security Days 2022 ont \u00e9t\u00e9 un grand succ\u00e8s"},"content":{"rendered":"<figure id=\"attachment_16136\" class=\"wp-caption alignnone\" style=\"width: 680px\" aria-describedby=\"caption-attachment-16136\"><img class=\"alignnone wp-image-16136 size-full\" src=\"https:\/\/www.m-q.ch\/wp-content\/uploads\/2022\/04\/Swiss-Cyber-Security-Days-2022-waren-ein-voller-Erfolg_MQ.jpg\" alt=\"Journ\u00e9es suisses de la cybers\u00e9curit\u00e9\" width=\"680\" height=\"400\" \/><figcaption id=\"caption-attachment-16136\" class=\"wp-caption-text\">Le conseiller du pr\u00e9sident am\u00e9ricain Joe Biden pour les questions de cybers\u00e9curit\u00e9, Chris Inglis, a soulign\u00e9 l'importance d'une bonne collaboration, car le cyberespace ne conna\u00eet pas de fronti\u00e8res nationales, et a lou\u00e9 le potentiel d'innovation suisse. (Image : SCSD)<\/figcaption><\/figure>\r\nLes Swiss Cyber Security Days 2022 (SCSD 2022), le rendez-vous le plus important sur le th\u00e8me de la cybers\u00e9curit\u00e9 en Suisse, ont r\u00e9uni les principaux d\u00e9cideurs et experts en cybers\u00e9curit\u00e9 au niveau national et international ainsi que quelque 2'000 visiteurs les mercredi 6 et jeudi 7 avril. La premi\u00e8re journ\u00e9e s'est concentr\u00e9e sur des questions de s\u00e9curit\u00e9 mondiales importantes pour la Suisse. Lors de la c\u00e9r\u00e9monie d'ouverture, Doris Fiala, conseill\u00e8re nationale et pr\u00e9sidente de la SCSD, ainsi que Daniel Berger, pr\u00e9sident de Cyber Resilience Ltd, qui organise l'\u00e9v\u00e9nement, ont soulign\u00e9 que l'augmentation des infrastructures et du volume de transfert de donn\u00e9es entra\u00eenait des vuln\u00e9rabilit\u00e9s toujours plus grandes. Ces processus ont en outre \u00e9t\u00e9 acc\u00e9l\u00e9r\u00e9s par la pand\u00e9mie. Selon lui, les entreprises et les administrations sont confront\u00e9es et menac\u00e9es quotidiennement par la cybercriminalit\u00e9. Olivier Curty, pr\u00e9sident du Conseil d'Etat du canton de Fribourg, a \u00e9galement souhait\u00e9 la bienvenue aux participants lors de la premi\u00e8re journ\u00e9e dans un message de bienvenue et a soulign\u00e9 l'importance de la cybers\u00e9curit\u00e9 pour les cantons.\r\n<h2>Questions de s\u00e9curit\u00e9 globale au premier jour des Swiss Cyber Security Days 2022<\/h2>\r\nL'un des points forts de la premi\u00e8re journ\u00e9e du congr\u00e8s a \u00e9t\u00e9 l'intervention de Chris Inglis, National Cyber Director et conseiller du pr\u00e9sident des \u00c9tats-Unis Joe Biden. Il a soulign\u00e9 l'importance d'une bonne collaboration. Le cyberespace ne conna\u00eet pas de fronti\u00e8res nationales, a averti Inglis, louant au passage le potentiel des innovations suisses. Florian Sch\u00fctz, d\u00e9l\u00e9gu\u00e9 de la Conf\u00e9d\u00e9ration \u00e0 la cybers\u00e9curit\u00e9, est revenu sur les d\u00e9veloppements de ces derni\u00e8res ann\u00e9es. Le gouvernement suisse a fait de nombreux progr\u00e8s et travaille actuellement sur la deuxi\u00e8me version de la strat\u00e9gie nationale de protection contre les cyberrisques. Le divisionnaire Alan Vuitel, chef du projet de commandement cybern\u00e9tique de l'arm\u00e9e, a pr\u00e9sent\u00e9 la cybers\u00e9curit\u00e9 d'un point de vue militaire. Il a \u00e9voqu\u00e9 les principaux d\u00e9fis auxquels nous sommes actuellement confront\u00e9s du point de vue de la s\u00e9curit\u00e9 nationale.\r\n<h2>Les PME \u00e0 l'honneur le deuxi\u00e8me jour<\/h2>\r\nLe deuxi\u00e8me jour, l'accent a \u00e9t\u00e9 mis sur la cybers\u00e9curit\u00e9 dans les PME. Gerhard Andrey, entrepreneur et conseiller national, a parl\u00e9 de la mani\u00e8re dont l'industrie a\u00e9ronautique g\u00e8re depuis des d\u00e9cennies les d\u00e9faillances techniques dans des syst\u00e8mes complexes. Elle y parvient gr\u00e2ce \u00e0 une transmission pr\u00e9cise et compl\u00e8te des informations et \u00e0 la transparence. Il demande que cela devienne \u00e9galement la norme en mati\u00e8re de cybers\u00e9curit\u00e9. Dans un panel de l'assurance Mobili\u00e8re, Susanne Maurer, Editor Corporate Communication, Andreas H\u00f6lzli, Head of Competence Center Cyber Risk, et Thomas K\u00fchne, CIO, ont discut\u00e9 d'une \u00e9tude r\u00e9cente du CCR qui montre qu'une entreprise sur trois a d\u00e9j\u00e0 \u00e9t\u00e9 victime d'une cyberattaque. Le risque le plus important reste celui des collaborateurs eux-m\u00eames, dont la sensibilisation contribue largement \u00e0 la pr\u00e9vention.\r\n\r\n<a href=\"https:\/\/www.m-q.ch\/de\/tatort-wirtschaft\/\">Nicolas Mayencourt<\/a>Marc K. Peter, Head of Centre for Digital Transformation \u00e0 la FHNW, ont pr\u00e9sent\u00e9 l'\u00e9dition annuelle du State of Swiss Cyberspace. L'\u00e9tude a r\u00e9alis\u00e9 un balayage complet de la surface d'attaque publique de la Suisse et a pr\u00e9sent\u00e9 pour la premi\u00e8re fois les vuln\u00e9rabilit\u00e9s par secteur. L'enqu\u00eate a r\u00e9v\u00e9l\u00e9 que les trois secteurs de l'\u00e9ducation, de la sant\u00e9 et du gouvernement sont les plus vuln\u00e9rables.\r\n<h2>Pr\u00e9sentation du projet SCION de l'EPFZ<\/h2>\r\nLe projet SCION de l'ETH a \u00e9t\u00e9 pr\u00e9sent\u00e9 pour la premi\u00e8re fois au public lors des SCSD. L'architecture Internet s\u00e9curis\u00e9e SCION offre une s\u00e9curit\u00e9, une disponibilit\u00e9 et des performances accrues. Le projet SCI-ED permet une communication s\u00fbre et hautement disponible entre les institutions du domaine des EPF et les partenaires. Le projet a \u00e9t\u00e9 pr\u00e9sent\u00e9 par Adrian Perrig, ETH \/ SCION, Martin Bosshardt, Anapaya, Florian Sch\u00fctz, NCSC, August Benz, SBA, Urs Fischer, HIN, Stefan Berg, Swisscom, et Robert Wigger, Sunrise Impulse.\r\n<h2>Swiss Cyber Security Days 2022 : 130 conf\u00e9rences, podiums, d\u00e9bats d'experts<\/h2>\r\nL'\u00e9dition de l'ann\u00e9e derni\u00e8re s'\u00e9tant d\u00e9roul\u00e9e enti\u00e8rement en ligne en raison de la pand\u00e9mie, on \u00e9tait d'autant plus heureux que les Cyber Security Days aient pu \u00eatre organis\u00e9s sur place cette ann\u00e9e. B\u00e9at Kunz, CEO de la SCSD, d\u00e9clare : \"Bien que nous ayons \u00e9t\u00e9 tr\u00e8s satisfaits de l'\u00e9dition virtuelle, elle ne remplace pas les contacts personnels qui se nouent surtout dans la zone d'exposition\". Plus de 100 exposants s'\u00e9taient donn\u00e9 rendez-vous au Forum Fribourg. Durant les deux jours, plus de 130 conf\u00e9rences, podiums, d\u00e9bats d'experts, bonnes pratiques et tables rondes ont eu lieu. Outre les key-notes, les Expert Tracks ont propos\u00e9 pendant les deux jours de nombreuses pr\u00e9sentations techniques int\u00e9ressantes et des nouveaut\u00e9s, et les deux Best Practices Tracks ont \u00e9galement connu un grand succ\u00e8s. Cette ann\u00e9e, l'entr\u00e9e \u00e0 l'exposition et aux Best Practice Tracks (qui comprenaient 20 expos\u00e9s par jour) \u00e9tait pour la premi\u00e8re fois gratuite. Les Swiss Cyber Security Days 2023 auront lieu les 29 et 30 mars.\r\n\r\n<a href=\"http:\/\/www.swisscybersecuritydays.ch\/\"><em>www.swisscybersecuritydays.ch<\/em><\/a>\n<p class=\"syndicated-attribution\">Cet article est paru initialement sur m-q.ch - <a href=\"https:\/\/www.m-q.ch\/de\/swiss-cyber-security-days-2022-waren-ein-voller-erfolg\/\" target=\"_blank\">https:\/\/www.m-q.ch\/de\/swiss-cyber-security-days-2022-waren-ein-voller-erfolg\/<\/a><\/p>","protected":false},"excerpt":{"rendered":"<p>Die Swiss Cyber Security Days 2022 (SCSD 2022), das wichtigste Treffen zum Thema Cybersicherheit in der Schweiz, brachte am Mittwoch, 6. und Donnerstag, 7. April die wichtigsten Entscheidungstr\u00e4ger und Experten im Bereich Cybersicherheit auf nationaler und internationaler Ebene und rund 2\u2019000 Besucherinnen und Besucher zusammen. Der erste Tag konzentrierte sich auf wichtige globale Sicherheitsfragen f\u00fcr [\u2026]<\/p>\n","protected":false},"author":8,"featured_media":0,"comment_status":"closed","ping_status":"closed","sticky":false,"template":"","format":"standard","meta":{"_acf_changed":false,"_yoast_wpseo_focuskw":"Swiss Cyber Security Days","_yoast_wpseo_metadesc":"Die Swiss Cyber Security Days 2022 boten mit dem amerikanischen Cyber Security Director und Berater von Pr\u00e4sident Joe Biden einen hochstehenden Wissensinput f\u00fcr das Publikum und die Schweiz.","articlekey":"","footnotes":""},"categories":[582],"tags":[2804],"class_list":["post-12537","post","type-post","status-publish","format-standard","hentry","category-operational-excellence","tag-swiss-cyber-security-days"],"acf":[],"yoast_head":"<!-- This site is optimized with the Yoast SEO plugin v27.5 - https:\/\/yoast.com\/product\/yoast-seo-wordpress\/ -->\n<title>Swiss Cyber Security Days 2022 waren ein voller Erfolg - Organisator<\/title>\n<meta name=\"description\" content=\"Die Swiss Cyber Security Days 2022 boten mit dem amerikanischen Cyber Security Director und Berater von Pr\u00e4sident Joe Biden einen hochstehenden Wissensinput f\u00fcr das Publikum und die Schweiz.\" \/>\n<meta name=\"robots\" content=\"index, follow, max-snippet:-1, max-image-preview:large, max-video-preview:-1\" \/>\n<link rel=\"canonical\" href=\"https:\/\/www.m-q.ch\/de\/swiss-cyber-security-days-2022-waren-ein-voller-erfolg\/\" \/>\n<meta property=\"og:locale\" content=\"fr_FR\" \/>\n<meta property=\"og:type\" content=\"article\" \/>\n<meta property=\"og:title\" content=\"Swiss Cyber Security Days 2022 waren ein voller Erfolg - Organisator\" \/>\n<meta property=\"og:description\" content=\"Die Swiss Cyber Security Days 2022 boten mit dem amerikanischen Cyber Security Director und Berater von Pr\u00e4sident Joe Biden einen hochstehenden Wissensinput f\u00fcr das Publikum und die Schweiz.\" \/>\n<meta property=\"og:url\" content=\"https:\/\/www.m-q.ch\/de\/swiss-cyber-security-days-2022-waren-ein-voller-erfolg\/\" \/>\n<meta property=\"og:site_name\" content=\"Organisator\" \/>\n<meta property=\"article:publisher\" content=\"https:\/\/www.facebook.com\/OrganisatorFachmagazin\" \/>\n<meta property=\"article:published_time\" content=\"2022-04-07T14:48:06+00:00\" \/>\n<meta property=\"article:modified_time\" content=\"2022-08-01T11:55:53+00:00\" \/>\n<meta property=\"og:image\" content=\"https:\/\/www.m-q.ch\/wp-content\/uploads\/2022\/04\/Swiss-Cyber-Security-Days-2022-waren-ein-voller-Erfolg_MQ.jpg\" \/>\n<meta name=\"author\" content=\"galledia\" \/>\n<meta name=\"twitter:card\" content=\"summary_large_image\" \/>\n<meta name=\"twitter:creator\" content=\"@admin\" \/>\n<script type=\"application\/ld+json\" class=\"yoast-schema-graph\">{\"@context\":\"https:\\\/\\\/schema.org\",\"@graph\":[{\"@type\":\"Article\",\"@id\":\"https:\\\/\\\/www.m-q.ch\\\/de\\\/swiss-cyber-security-days-2022-waren-ein-voller-erfolg\\\/#article\",\"isPartOf\":{\"@id\":\"https:\\\/\\\/www.organisator.ch\\\/operational-excellence\\\/2022-04-07\\\/swiss-cyber-security-days-2022-waren-ein-voller-erfolg\\\/\"},\"author\":{\"name\":\"galledia\",\"@id\":\"https:\\\/\\\/www.organisator.ch\\\/#\\\/schema\\\/person\\\/4e51799071cd2dd1232ac003643ef5f0\"},\"headline\":\"Swiss Cyber Security Days 2022 waren ein voller Erfolg\",\"datePublished\":\"2022-04-07T14:48:06+00:00\",\"dateModified\":\"2022-08-01T11:55:53+00:00\",\"mainEntityOfPage\":{\"@id\":\"https:\\\/\\\/www.organisator.ch\\\/operational-excellence\\\/2022-04-07\\\/swiss-cyber-security-days-2022-waren-ein-voller-erfolg\\\/\"},\"wordCount\":758,\"publisher\":{\"@id\":\"https:\\\/\\\/www.organisator.ch\\\/#organization\"},\"image\":{\"@id\":\"https:\\\/\\\/www.m-q.ch\\\/de\\\/swiss-cyber-security-days-2022-waren-ein-voller-erfolg\\\/#primaryimage\"},\"thumbnailUrl\":\"https:\\\/\\\/www.m-q.ch\\\/wp-content\\\/uploads\\\/2022\\\/04\\\/Swiss-Cyber-Security-Days-2022-waren-ein-voller-Erfolg_MQ.jpg\",\"keywords\":[\"Swiss Cyber Security Days\"],\"articleSection\":[\"OPERATIONAL EXCELLENCE\"],\"inLanguage\":\"fr-FR\"},{\"@type\":\"WebPage\",\"@id\":\"https:\\\/\\\/www.organisator.ch\\\/operational-excellence\\\/2022-04-07\\\/swiss-cyber-security-days-2022-waren-ein-voller-erfolg\\\/\",\"url\":\"https:\\\/\\\/www.m-q.ch\\\/de\\\/swiss-cyber-security-days-2022-waren-ein-voller-erfolg\\\/\",\"name\":\"Swiss Cyber Security Days 2022 waren ein voller Erfolg - Organisator\",\"isPartOf\":{\"@id\":\"https:\\\/\\\/www.organisator.ch\\\/#website\"},\"primaryImageOfPage\":{\"@id\":\"https:\\\/\\\/www.m-q.ch\\\/de\\\/swiss-cyber-security-days-2022-waren-ein-voller-erfolg\\\/#primaryimage\"},\"image\":{\"@id\":\"https:\\\/\\\/www.m-q.ch\\\/de\\\/swiss-cyber-security-days-2022-waren-ein-voller-erfolg\\\/#primaryimage\"},\"thumbnailUrl\":\"https:\\\/\\\/www.m-q.ch\\\/wp-content\\\/uploads\\\/2022\\\/04\\\/Swiss-Cyber-Security-Days-2022-waren-ein-voller-Erfolg_MQ.jpg\",\"datePublished\":\"2022-04-07T14:48:06+00:00\",\"dateModified\":\"2022-08-01T11:55:53+00:00\",\"description\":\"Die Swiss Cyber Security Days 2022 boten mit dem amerikanischen Cyber Security Director und Berater von Pr\u00e4sident Joe Biden einen hochstehenden Wissensinput f\u00fcr das Publikum und die Schweiz.\",\"breadcrumb\":{\"@id\":\"https:\\\/\\\/www.m-q.ch\\\/de\\\/swiss-cyber-security-days-2022-waren-ein-voller-erfolg\\\/#breadcrumb\"},\"inLanguage\":\"fr-FR\",\"potentialAction\":[{\"@type\":\"ReadAction\",\"target\":[\"https:\\\/\\\/www.m-q.ch\\\/de\\\/swiss-cyber-security-days-2022-waren-ein-voller-erfolg\\\/\"]}]},{\"@type\":\"ImageObject\",\"inLanguage\":\"fr-FR\",\"@id\":\"https:\\\/\\\/www.m-q.ch\\\/de\\\/swiss-cyber-security-days-2022-waren-ein-voller-erfolg\\\/#primaryimage\",\"url\":\"https:\\\/\\\/www.m-q.ch\\\/wp-content\\\/uploads\\\/2022\\\/04\\\/Swiss-Cyber-Security-Days-2022-waren-ein-voller-Erfolg_MQ.jpg\",\"contentUrl\":\"https:\\\/\\\/www.m-q.ch\\\/wp-content\\\/uploads\\\/2022\\\/04\\\/Swiss-Cyber-Security-Days-2022-waren-ein-voller-Erfolg_MQ.jpg\"},{\"@type\":\"BreadcrumbList\",\"@id\":\"https:\\\/\\\/www.m-q.ch\\\/de\\\/swiss-cyber-security-days-2022-waren-ein-voller-erfolg\\\/#breadcrumb\",\"itemListElement\":[{\"@type\":\"ListItem\",\"position\":1,\"name\":\"Home\",\"item\":\"https:\\\/\\\/www.organisator.ch\\\/\"},{\"@type\":\"ListItem\",\"position\":2,\"name\":\"Swiss Cyber Security Days 2022 waren ein voller Erfolg\"}]},{\"@type\":\"WebSite\",\"@id\":\"https:\\\/\\\/www.organisator.ch\\\/#website\",\"url\":\"https:\\\/\\\/www.organisator.ch\\\/\",\"name\":\"Organisator\",\"description\":\"Kompetent. Praxisnah. Der ORGANISATOR bereitet in 10 Ausgaben pro Jahr die wesentlichen Themen f\u00fcr F\u00fchrungskr\u00e4fte von KMU auf.\",\"publisher\":{\"@id\":\"https:\\\/\\\/www.organisator.ch\\\/#organization\"},\"potentialAction\":[{\"@type\":\"SearchAction\",\"target\":{\"@type\":\"EntryPoint\",\"urlTemplate\":\"https:\\\/\\\/www.organisator.ch\\\/?s={search_term_string}\"},\"query-input\":{\"@type\":\"PropertyValueSpecification\",\"valueRequired\":true,\"valueName\":\"search_term_string\"}}],\"inLanguage\":\"fr-FR\"},{\"@type\":\"Organization\",\"@id\":\"https:\\\/\\\/www.organisator.ch\\\/#organization\",\"name\":\"Organisator\",\"url\":\"https:\\\/\\\/www.organisator.ch\\\/\",\"logo\":{\"@type\":\"ImageObject\",\"inLanguage\":\"fr-FR\",\"@id\":\"https:\\\/\\\/www.organisator.ch\\\/#\\\/schema\\\/logo\\\/image\\\/\",\"url\":\"https:\\\/\\\/www.organisator.ch\\\/wp-content\\\/uploads\\\/2022\\\/01\\\/Logo_Organisator_Website.png\",\"contentUrl\":\"https:\\\/\\\/www.organisator.ch\\\/wp-content\\\/uploads\\\/2022\\\/01\\\/Logo_Organisator_Website.png\",\"width\":800,\"height\":77,\"caption\":\"Organisator\"},\"image\":{\"@id\":\"https:\\\/\\\/www.organisator.ch\\\/#\\\/schema\\\/logo\\\/image\\\/\"},\"sameAs\":[\"https:\\\/\\\/www.facebook.com\\\/OrganisatorFachmagazin\",\"https:\\\/\\\/www.linkedin.com\\\/showcase\\\/organisator-das-magazin-fr-kmu\",\"https:\\\/\\\/www.xing.com\\\/news\\\/pages\\\/organisator-ch-695\",\"https:\\\/\\\/www.youtube.com\\\/channel\\\/UCGP2Sq0iWaZwT3BdIAQFYpw\"]},{\"@type\":\"Person\",\"@id\":\"https:\\\/\\\/www.organisator.ch\\\/#\\\/schema\\\/person\\\/4e51799071cd2dd1232ac003643ef5f0\",\"name\":\"galledia\",\"image\":{\"@type\":\"ImageObject\",\"inLanguage\":\"fr-FR\",\"@id\":\"https:\\\/\\\/secure.gravatar.com\\\/avatar\\\/78a7f90c01fc2bfc875782a0d4922b37cde2cf184ce347b91316d23cd7f69a36?s=96&d=mm&r=g\",\"url\":\"https:\\\/\\\/secure.gravatar.com\\\/avatar\\\/78a7f90c01fc2bfc875782a0d4922b37cde2cf184ce347b91316d23cd7f69a36?s=96&d=mm&r=g\",\"contentUrl\":\"https:\\\/\\\/secure.gravatar.com\\\/avatar\\\/78a7f90c01fc2bfc875782a0d4922b37cde2cf184ce347b91316d23cd7f69a36?s=96&d=mm&r=g\",\"caption\":\"galledia\"},\"sameAs\":[\"https:\\\/\\\/x.com\\\/admin\"],\"url\":\"https:\\\/\\\/www.organisator.ch\\\/fr\\\/author\\\/galledia\\\/\"}]}<\/script>\n<!-- \/ Yoast SEO plugin. -->","yoast_head_json":{"title":"Les Swiss Cyber Security Days 2022 ont \u00e9t\u00e9 un grand succ\u00e8s - Organisateur","description":"Les Swiss Cyber Security Days 2022 ont offert au public et \u00e0 la Suisse un apport de connaissances de haut niveau avec le directeur am\u00e9ricain de la cybers\u00e9curit\u00e9 et conseiller du pr\u00e9sident Joe Biden.","robots":{"index":"index","follow":"follow","max-snippet":"max-snippet:-1","max-image-preview":"max-image-preview:large","max-video-preview":"max-video-preview:-1"},"canonical":"https:\/\/www.m-q.ch\/de\/swiss-cyber-security-days-2022-waren-ein-voller-erfolg\/","og_locale":"fr_FR","og_type":"article","og_title":"Swiss Cyber Security Days 2022 waren ein voller Erfolg - Organisator","og_description":"Die Swiss Cyber Security Days 2022 boten mit dem amerikanischen Cyber Security Director und Berater von Pr\u00e4sident Joe Biden einen hochstehenden Wissensinput f\u00fcr das Publikum und die Schweiz.","og_url":"https:\/\/www.m-q.ch\/de\/swiss-cyber-security-days-2022-waren-ein-voller-erfolg\/","og_site_name":"Organisator","article_publisher":"https:\/\/www.facebook.com\/OrganisatorFachmagazin","article_published_time":"2022-04-07T14:48:06+00:00","article_modified_time":"2022-08-01T11:55:53+00:00","og_image":[{"url":"https:\/\/www.m-q.ch\/wp-content\/uploads\/2022\/04\/Swiss-Cyber-Security-Days-2022-waren-ein-voller-Erfolg_MQ.jpg","type":"","width":"","height":""}],"author":"galledia","twitter_card":"summary_large_image","twitter_creator":"@admin","schema":{"@context":"https:\/\/schema.org","@graph":[{"@type":"Article","@id":"https:\/\/www.m-q.ch\/de\/swiss-cyber-security-days-2022-waren-ein-voller-erfolg\/#article","isPartOf":{"@id":"https:\/\/www.organisator.ch\/operational-excellence\/2022-04-07\/swiss-cyber-security-days-2022-waren-ein-voller-erfolg\/"},"author":{"name":"galledia","@id":"https:\/\/www.organisator.ch\/#\/schema\/person\/4e51799071cd2dd1232ac003643ef5f0"},"headline":"Swiss Cyber Security Days 2022 waren ein voller Erfolg","datePublished":"2022-04-07T14:48:06+00:00","dateModified":"2022-08-01T11:55:53+00:00","mainEntityOfPage":{"@id":"https:\/\/www.organisator.ch\/operational-excellence\/2022-04-07\/swiss-cyber-security-days-2022-waren-ein-voller-erfolg\/"},"wordCount":758,"publisher":{"@id":"https:\/\/www.organisator.ch\/#organization"},"image":{"@id":"https:\/\/www.m-q.ch\/de\/swiss-cyber-security-days-2022-waren-ein-voller-erfolg\/#primaryimage"},"thumbnailUrl":"https:\/\/www.m-q.ch\/wp-content\/uploads\/2022\/04\/Swiss-Cyber-Security-Days-2022-waren-ein-voller-Erfolg_MQ.jpg","keywords":["Swiss Cyber Security Days"],"articleSection":["OPERATIONAL EXCELLENCE"],"inLanguage":"fr-FR"},{"@type":"WebPage","@id":"https:\/\/www.organisator.ch\/operational-excellence\/2022-04-07\/swiss-cyber-security-days-2022-waren-ein-voller-erfolg\/","url":"https:\/\/www.m-q.ch\/de\/swiss-cyber-security-days-2022-waren-ein-voller-erfolg\/","name":"Les Swiss Cyber Security Days 2022 ont \u00e9t\u00e9 un grand succ\u00e8s - Organisateur","isPartOf":{"@id":"https:\/\/www.organisator.ch\/#website"},"primaryImageOfPage":{"@id":"https:\/\/www.m-q.ch\/de\/swiss-cyber-security-days-2022-waren-ein-voller-erfolg\/#primaryimage"},"image":{"@id":"https:\/\/www.m-q.ch\/de\/swiss-cyber-security-days-2022-waren-ein-voller-erfolg\/#primaryimage"},"thumbnailUrl":"https:\/\/www.m-q.ch\/wp-content\/uploads\/2022\/04\/Swiss-Cyber-Security-Days-2022-waren-ein-voller-Erfolg_MQ.jpg","datePublished":"2022-04-07T14:48:06+00:00","dateModified":"2022-08-01T11:55:53+00:00","description":"Les Swiss Cyber Security Days 2022 ont offert au public et \u00e0 la Suisse un apport de connaissances de haut niveau avec le directeur am\u00e9ricain de la cybers\u00e9curit\u00e9 et conseiller du pr\u00e9sident Joe Biden.","breadcrumb":{"@id":"https:\/\/www.m-q.ch\/de\/swiss-cyber-security-days-2022-waren-ein-voller-erfolg\/#breadcrumb"},"inLanguage":"fr-FR","potentialAction":[{"@type":"ReadAction","target":["https:\/\/www.m-q.ch\/de\/swiss-cyber-security-days-2022-waren-ein-voller-erfolg\/"]}]},{"@type":"ImageObject","inLanguage":"fr-FR","@id":"https:\/\/www.m-q.ch\/de\/swiss-cyber-security-days-2022-waren-ein-voller-erfolg\/#primaryimage","url":"https:\/\/www.m-q.ch\/wp-content\/uploads\/2022\/04\/Swiss-Cyber-Security-Days-2022-waren-ein-voller-Erfolg_MQ.jpg","contentUrl":"https:\/\/www.m-q.ch\/wp-content\/uploads\/2022\/04\/Swiss-Cyber-Security-Days-2022-waren-ein-voller-Erfolg_MQ.jpg"},{"@type":"BreadcrumbList","@id":"https:\/\/www.m-q.ch\/de\/swiss-cyber-security-days-2022-waren-ein-voller-erfolg\/#breadcrumb","itemListElement":[{"@type":"ListItem","position":1,"name":"Home","item":"https:\/\/www.organisator.ch\/"},{"@type":"ListItem","position":2,"name":"Swiss Cyber Security Days 2022 waren ein voller Erfolg"}]},{"@type":"WebSite","@id":"https:\/\/www.organisator.ch\/#website","url":"https:\/\/www.organisator.ch\/","name":"Organisateur","description":"Comp\u00e9tence et comp\u00e9tence. Proches de la pratique. L'ORGANISATEUR pr\u00e9pare 10 num\u00e9ros par an sur les th\u00e8mes essentiels pour les dirigeants de PME.","publisher":{"@id":"https:\/\/www.organisator.ch\/#organization"},"potentialAction":[{"@type":"SearchAction","target":{"@type":"EntryPoint","urlTemplate":"https:\/\/www.organisator.ch\/?s={search_term_string}"},"query-input":{"@type":"PropertyValueSpecification","valueRequired":true,"valueName":"search_term_string"}}],"inLanguage":"fr-FR"},{"@type":"Organization","@id":"https:\/\/www.organisator.ch\/#organization","name":"Organisateur","url":"https:\/\/www.organisator.ch\/","logo":{"@type":"ImageObject","inLanguage":"fr-FR","@id":"https:\/\/www.organisator.ch\/#\/schema\/logo\/image\/","url":"https:\/\/www.organisator.ch\/wp-content\/uploads\/2022\/01\/Logo_Organisator_Website.png","contentUrl":"https:\/\/www.organisator.ch\/wp-content\/uploads\/2022\/01\/Logo_Organisator_Website.png","width":800,"height":77,"caption":"Organisator"},"image":{"@id":"https:\/\/www.organisator.ch\/#\/schema\/logo\/image\/"},"sameAs":["https:\/\/www.facebook.com\/OrganisatorFachmagazin","https:\/\/www.linkedin.com\/showcase\/organisator-das-magazin-fr-kmu","https:\/\/www.xing.com\/news\/pages\/organisator-ch-695","https:\/\/www.youtube.com\/channel\/UCGP2Sq0iWaZwT3BdIAQFYpw"]},{"@type":"Person","@id":"https:\/\/www.organisator.ch\/#\/schema\/person\/4e51799071cd2dd1232ac003643ef5f0","name":"galledia","image":{"@type":"ImageObject","inLanguage":"fr-FR","@id":"https:\/\/secure.gravatar.com\/avatar\/78a7f90c01fc2bfc875782a0d4922b37cde2cf184ce347b91316d23cd7f69a36?s=96&d=mm&r=g","url":"https:\/\/secure.gravatar.com\/avatar\/78a7f90c01fc2bfc875782a0d4922b37cde2cf184ce347b91316d23cd7f69a36?s=96&d=mm&r=g","contentUrl":"https:\/\/secure.gravatar.com\/avatar\/78a7f90c01fc2bfc875782a0d4922b37cde2cf184ce347b91316d23cd7f69a36?s=96&d=mm&r=g","caption":"galledia"},"sameAs":["https:\/\/x.com\/admin"],"url":"https:\/\/www.organisator.ch\/fr\/author\/galledia\/"}]}},"_links":{"self":[{"href":"https:\/\/www.organisator.ch\/fr\/wp-json\/wp\/v2\/posts\/12537","targetHints":{"allow":["GET"]}}],"collection":[{"href":"https:\/\/www.organisator.ch\/fr\/wp-json\/wp\/v2\/posts"}],"about":[{"href":"https:\/\/www.organisator.ch\/fr\/wp-json\/wp\/v2\/types\/post"}],"author":[{"embeddable":true,"href":"https:\/\/www.organisator.ch\/fr\/wp-json\/wp\/v2\/users\/8"}],"replies":[{"embeddable":true,"href":"https:\/\/www.organisator.ch\/fr\/wp-json\/wp\/v2\/comments?post=12537"}],"version-history":[{"count":4,"href":"https:\/\/www.organisator.ch\/fr\/wp-json\/wp\/v2\/posts\/12537\/revisions"}],"predecessor-version":[{"id":16051,"href":"https:\/\/www.organisator.ch\/fr\/wp-json\/wp\/v2\/posts\/12537\/revisions\/16051"}],"wp:attachment":[{"href":"https:\/\/www.organisator.ch\/fr\/wp-json\/wp\/v2\/media?parent=12537"}],"wp:term":[{"taxonomy":"category","embeddable":true,"href":"https:\/\/www.organisator.ch\/fr\/wp-json\/wp\/v2\/categories?post=12537"},{"taxonomy":"post_tag","embeddable":true,"href":"https:\/\/www.organisator.ch\/fr\/wp-json\/wp\/v2\/tags?post=12537"}],"curies":[{"name":"wp","href":"https:\/\/api.w.org\/{rel}","templated":true}]}}