{"id":12542,"date":"2022-04-13T08:08:05","date_gmt":"2022-04-13T06:08:05","guid":{"rendered":"https:\/\/www.organisator.ch\/?p=12542"},"modified":"2022-04-08T08:31:12","modified_gmt":"2022-04-08T06:31:12","slug":"swiss-leaders-mit-neuer-co-leitung","status":"publish","type":"post","link":"https:\/\/www.organisator.ch\/fr\/management\/2022-04-13\/swiss-leaders-mit-neuer-co-leitung\/","title":{"rendered":"Swiss Leaders a une nouvelle codirection"},"content":{"rendered":"<figure id=\"attachment_12543\" aria-describedby=\"caption-attachment-12543\" style=\"width: 680px\" class=\"wp-caption alignnone\"><img loading=\"lazy\" decoding=\"async\" class=\"size-full wp-image-12543\" src=\"https:\/\/www.organisator.ch\/wp-content\/uploads\/2022\/04\/Swiss-Leaders-mit-neuer-Co-Leitung_Organisator.jpg\" alt=\"\" width=\"680\" height=\"342\" srcset=\"https:\/\/www.organisator.ch\/wp-content\/uploads\/2022\/04\/Swiss-Leaders-mit-neuer-Co-Leitung_Organisator.jpg 680w, https:\/\/www.organisator.ch\/wp-content\/uploads\/2022\/04\/Swiss-Leaders-mit-neuer-Co-Leitung_Organisator-18x9.jpg 18w, https:\/\/www.organisator.ch\/wp-content\/uploads\/2022\/04\/Swiss-Leaders-mit-neuer-Co-Leitung_Organisator-348x175.jpg 348w, https:\/\/www.organisator.ch\/wp-content\/uploads\/2022\/04\/Swiss-Leaders-mit-neuer-Co-Leitung_Organisator-300x151.jpg 300w\" sizes=\"auto, (max-width: 680px) 100vw, 680px\" \/><figcaption id=\"caption-attachment-12543\" class=\"wp-caption-text\">Claire-Lise Rimaz et J\u00fcrg Eggenberger dirigeront ensemble l'association Swiss Leaders \u00e0 partir de juin 2022. (Image : Swiss Leaders)<\/figcaption><\/figure>\n<p>L'association Swiss Leaders, qui compte plus de 10 000 membres, se restructure sur le plan organisationnel. La derni\u00e8re \u00e9tape tourn\u00e9e vers l'avenir consiste en la cr\u00e9ation d'une nouvelle codirection : Claire-Lise Rimaz \u00e0 Lausanne et J\u00fcrg Eggenberger \u00e0 Zurich dirigeront l'association en tant que codirecteurs \u00e0 partir du 1er juin 2022. L'association professionnelle des cadres entend ainsi renforcer sa position nationale tout en pr\u00e9parant la succession au sein de la direction.<\/p>\n<p>Claire-Lise Rimaz prendra ses fonctions de co-directrice d\u00e9but juin. Cette Fribourgeoise de 41 ans poursuit son engagement au sein de l'association, apr\u00e8s avoir \u00e9t\u00e9 responsable de la Suisse romande au sein de l'organisation pendant pr\u00e8s de quatre ans. Forte des tr\u00e8s bons r\u00e9sultats qu'elle a obtenus dans sa fonction, selon les indications internes de l'association, elle sera responsable du d\u00e9veloppement des multiples prestations de services de l'association et des activit\u00e9s futures. La pr\u00e9sidence de Swiss Leaders est toujours assur\u00e9e par Dominique de Buman.<\/p>\n<p>J\u00fcrg Eggenberger a pris la direction de l'association professionnelle de cadres la plus importante de Suisse en avril 2013. Dans le contexte du programme de l\u00e9gislature 2023-25, il est parvenu \u00e0 la conclusion qu'une nouvelle personne devait conduire l'association vers l'avenir. Il d\u00e9missionnera de toutes ses fonctions et quittera Swiss Leaders au plus tard en novembre 2024. Les mesures mises en place doivent maintenant garantir que le changement soit initi\u00e9 dans les meilleures conditions possibles. En \u00e9troite collaboration avec la direction de l'association, les exigences et les fonctions \u00e0 pourvoir sont actuellement d\u00e9finies et viendront renforcer Swiss Leaders dans les mois \u00e0 venir. Les membres de l'association recevront les informations correspondantes en temps voulu.<\/p>\n<p><a href=\"http:\/\/www.swissleaders.ch\"><em>Source et informations compl\u00e9mentaires<\/em><\/a><\/p>","protected":false},"excerpt":{"rendered":"<p>Der Verband Swiss Leaders mit seinen \u00fcber 10&#8217;000 Mitgliedern stellt sich organisatorisch neu auf. Der j\u00fcngste zukunftsweisende Schritt besteht in der Schaffung einer neuen Co-Leitung: Claire-Lise Rimaz in Lausanne und J\u00fcrg Eggenberger in Z\u00fcrich werden den Verband ab dem 1. Juni 2022 als Co-Gesch\u00e4ftsf\u00fchrer leiten. Der Fachverband f\u00fcr F\u00fchrungskr\u00e4fte will damit seine nationale Position st\u00e4rken [&hellip;]<\/p>\n","protected":false},"author":4,"featured_media":12543,"comment_status":"closed","ping_status":"closed","sticky":false,"template":"","format":"standard","meta":{"_acf_changed":false,"_yoast_wpseo_focuskw":"Swiss Leaders","_yoast_wpseo_metadesc":"Swiss Leaders, ehemals Schweizer Kader Organisation, organisiert sich neu und verst\u00e4rkt mit einer neuen Co-Leitung seine nationale Pr\u00e4senz.","articlekey":"","footnotes":""},"categories":[28],"tags":[334,381,503],"class_list":["post-12542","post","type-post","status-publish","format-standard","has-post-thumbnail","hentry","category-management","tag-management","tag-personalia","tag-verbaende"],"acf":[],"yoast_head":"<!-- This site is optimized with the Yoast SEO plugin v27.4 - https:\/\/yoast.com\/product\/yoast-seo-wordpress\/ -->\n<title>Swiss Leaders mit neuer Co-Leitung - Organisator<\/title>\n<meta name=\"description\" content=\"Swiss Leaders, ehemals Schweizer Kader Organisation, organisiert sich neu und verst\u00e4rkt mit einer neuen Co-Leitung seine nationale Pr\u00e4senz.\" \/>\n<meta name=\"robots\" content=\"index, follow, max-snippet:-1, max-image-preview:large, max-video-preview:-1\" \/>\n<link rel=\"canonical\" href=\"https:\/\/www.organisator.ch\/fr\/gestion-2\/2022-04-13\/swiss-leaders-mit-neuer-co-leitung\/\" \/>\n<meta property=\"og:locale\" content=\"fr_FR\" \/>\n<meta property=\"og:type\" content=\"article\" \/>\n<meta property=\"og:title\" content=\"Swiss Leaders mit neuer Co-Leitung\" \/>\n<meta property=\"og:description\" content=\"Swiss Leaders, ehemals Schweizer Kader Organisation, organisiert sich neu und verst\u00e4rkt mit einer neuen Co-Leitung seine nationale Pr\u00e4senz.\" \/>\n<meta property=\"og:url\" content=\"https:\/\/www.organisator.ch\/fr\/gestion-2\/2022-04-13\/swiss-leaders-mit-neuer-co-leitung\/\" \/>\n<meta property=\"og:site_name\" content=\"Organisator\" \/>\n<meta property=\"article:publisher\" content=\"https:\/\/www.facebook.com\/OrganisatorFachmagazin\" \/>\n<meta property=\"article:published_time\" content=\"2022-04-13T06:08:05+00:00\" \/>\n<meta property=\"og:image\" content=\"https:\/\/www.organisator.ch\/wp-content\/uploads\/2022\/04\/Swiss-Leaders-mit-neuer-Co-Leitung_Organisator.jpg\" \/>\n\t<meta property=\"og:image:width\" content=\"680\" \/>\n\t<meta property=\"og:image:height\" content=\"342\" \/>\n\t<meta property=\"og:image:type\" content=\"image\/jpeg\" \/>\n<meta name=\"author\" content=\"thomas.berner\" \/>\n<meta name=\"twitter:card\" content=\"summary_large_image\" \/>\n<meta name=\"twitter:title\" content=\"#SwissLeaders mit neuer #Co-Leitung\" \/>\n<meta name=\"twitter:description\" content=\"#SwissLeaders, ehemals Schweizer Kader Organisation, organisiert sich neu und verst\u00e4rkt mit einer neuen #Co-Leitung seine nationale Pr\u00e4senz.\" \/>\n<meta name=\"twitter:image\" content=\"https:\/\/www.organisator.ch\/wp-content\/uploads\/2022\/04\/Swiss-Leaders-mit-neuer-Co-Leitung_Organisator.jpg\" \/>\n<script type=\"application\/ld+json\" class=\"yoast-schema-graph\">{\"@context\":\"https:\\\/\\\/schema.org\",\"@graph\":[{\"@type\":\"Article\",\"@id\":\"https:\\\/\\\/www.organisator.ch\\\/management\\\/2022-04-13\\\/swiss-leaders-mit-neuer-co-leitung\\\/#article\",\"isPartOf\":{\"@id\":\"https:\\\/\\\/www.organisator.ch\\\/management\\\/2022-04-13\\\/swiss-leaders-mit-neuer-co-leitung\\\/\"},\"author\":{\"name\":\"thomas.berner\",\"@id\":\"https:\\\/\\\/www.organisator.ch\\\/#\\\/schema\\\/person\\\/6f650f90b2842cd4c0cc334b4e36f67e\"},\"headline\":\"Swiss Leaders mit neuer Co-Leitung\",\"datePublished\":\"2022-04-13T06:08:05+00:00\",\"mainEntityOfPage\":{\"@id\":\"https:\\\/\\\/www.organisator.ch\\\/management\\\/2022-04-13\\\/swiss-leaders-mit-neuer-co-leitung\\\/\"},\"wordCount\":293,\"publisher\":{\"@id\":\"https:\\\/\\\/www.organisator.ch\\\/#organization\"},\"image\":{\"@id\":\"https:\\\/\\\/www.organisator.ch\\\/management\\\/2022-04-13\\\/swiss-leaders-mit-neuer-co-leitung\\\/#primaryimage\"},\"thumbnailUrl\":\"https:\\\/\\\/www.organisator.ch\\\/wp-content\\\/uploads\\\/2022\\\/04\\\/Swiss-Leaders-mit-neuer-Co-Leitung_Organisator.jpg\",\"keywords\":[\"Management\",\"Personalia\",\"Verb\u00e4nde\"],\"articleSection\":[\"MANAGEMENT\"],\"inLanguage\":\"fr-FR\"},{\"@type\":\"WebPage\",\"@id\":\"https:\\\/\\\/www.organisator.ch\\\/management\\\/2022-04-13\\\/swiss-leaders-mit-neuer-co-leitung\\\/\",\"url\":\"https:\\\/\\\/www.organisator.ch\\\/management\\\/2022-04-13\\\/swiss-leaders-mit-neuer-co-leitung\\\/\",\"name\":\"Swiss Leaders mit neuer Co-Leitung - Organisator\",\"isPartOf\":{\"@id\":\"https:\\\/\\\/www.organisator.ch\\\/#website\"},\"primaryImageOfPage\":{\"@id\":\"https:\\\/\\\/www.organisator.ch\\\/management\\\/2022-04-13\\\/swiss-leaders-mit-neuer-co-leitung\\\/#primaryimage\"},\"image\":{\"@id\":\"https:\\\/\\\/www.organisator.ch\\\/management\\\/2022-04-13\\\/swiss-leaders-mit-neuer-co-leitung\\\/#primaryimage\"},\"thumbnailUrl\":\"https:\\\/\\\/www.organisator.ch\\\/wp-content\\\/uploads\\\/2022\\\/04\\\/Swiss-Leaders-mit-neuer-Co-Leitung_Organisator.jpg\",\"datePublished\":\"2022-04-13T06:08:05+00:00\",\"description\":\"Swiss Leaders, ehemals Schweizer Kader Organisation, organisiert sich neu und verst\u00e4rkt mit einer neuen Co-Leitung seine nationale Pr\u00e4senz.\",\"breadcrumb\":{\"@id\":\"https:\\\/\\\/www.organisator.ch\\\/management\\\/2022-04-13\\\/swiss-leaders-mit-neuer-co-leitung\\\/#breadcrumb\"},\"inLanguage\":\"fr-FR\",\"potentialAction\":[{\"@type\":\"ReadAction\",\"target\":[\"https:\\\/\\\/www.organisator.ch\\\/management\\\/2022-04-13\\\/swiss-leaders-mit-neuer-co-leitung\\\/\"]}]},{\"@type\":\"ImageObject\",\"inLanguage\":\"fr-FR\",\"@id\":\"https:\\\/\\\/www.organisator.ch\\\/management\\\/2022-04-13\\\/swiss-leaders-mit-neuer-co-leitung\\\/#primaryimage\",\"url\":\"https:\\\/\\\/www.organisator.ch\\\/wp-content\\\/uploads\\\/2022\\\/04\\\/Swiss-Leaders-mit-neuer-Co-Leitung_Organisator.jpg\",\"contentUrl\":\"https:\\\/\\\/www.organisator.ch\\\/wp-content\\\/uploads\\\/2022\\\/04\\\/Swiss-Leaders-mit-neuer-Co-Leitung_Organisator.jpg\",\"width\":680,\"height\":342,\"caption\":\"Claire-Lise Rimaz und J\u00fcrg Eggenberger werden ab Juni 2022 den Verband Swiss Leaders gemeinsam leiten. (Bild: Swiss Leaders)\"},{\"@type\":\"BreadcrumbList\",\"@id\":\"https:\\\/\\\/www.organisator.ch\\\/management\\\/2022-04-13\\\/swiss-leaders-mit-neuer-co-leitung\\\/#breadcrumb\",\"itemListElement\":[{\"@type\":\"ListItem\",\"position\":1,\"name\":\"Home\",\"item\":\"https:\\\/\\\/www.organisator.ch\\\/\"},{\"@type\":\"ListItem\",\"position\":2,\"name\":\"Swiss Leaders mit neuer Co-Leitung\"}]},{\"@type\":\"WebSite\",\"@id\":\"https:\\\/\\\/www.organisator.ch\\\/#website\",\"url\":\"https:\\\/\\\/www.organisator.ch\\\/\",\"name\":\"Organisator\",\"description\":\"Kompetent. Praxisnah. Der ORGANISATOR bereitet in 10 Ausgaben pro Jahr die wesentlichen Themen f\u00fcr F\u00fchrungskr\u00e4fte von KMU auf.\",\"publisher\":{\"@id\":\"https:\\\/\\\/www.organisator.ch\\\/#organization\"},\"potentialAction\":[{\"@type\":\"SearchAction\",\"target\":{\"@type\":\"EntryPoint\",\"urlTemplate\":\"https:\\\/\\\/www.organisator.ch\\\/?s={search_term_string}\"},\"query-input\":{\"@type\":\"PropertyValueSpecification\",\"valueRequired\":true,\"valueName\":\"search_term_string\"}}],\"inLanguage\":\"fr-FR\"},{\"@type\":\"Organization\",\"@id\":\"https:\\\/\\\/www.organisator.ch\\\/#organization\",\"name\":\"Organisator\",\"url\":\"https:\\\/\\\/www.organisator.ch\\\/\",\"logo\":{\"@type\":\"ImageObject\",\"inLanguage\":\"fr-FR\",\"@id\":\"https:\\\/\\\/www.organisator.ch\\\/#\\\/schema\\\/logo\\\/image\\\/\",\"url\":\"https:\\\/\\\/www.organisator.ch\\\/wp-content\\\/uploads\\\/2022\\\/01\\\/Logo_Organisator_Website.png\",\"contentUrl\":\"https:\\\/\\\/www.organisator.ch\\\/wp-content\\\/uploads\\\/2022\\\/01\\\/Logo_Organisator_Website.png\",\"width\":800,\"height\":77,\"caption\":\"Organisator\"},\"image\":{\"@id\":\"https:\\\/\\\/www.organisator.ch\\\/#\\\/schema\\\/logo\\\/image\\\/\"},\"sameAs\":[\"https:\\\/\\\/www.facebook.com\\\/OrganisatorFachmagazin\",\"https:\\\/\\\/www.linkedin.com\\\/showcase\\\/organisator-das-magazin-fr-kmu\",\"https:\\\/\\\/www.xing.com\\\/news\\\/pages\\\/organisator-ch-695\",\"https:\\\/\\\/www.youtube.com\\\/channel\\\/UCGP2Sq0iWaZwT3BdIAQFYpw\"]},{\"@type\":\"Person\",\"@id\":\"https:\\\/\\\/www.organisator.ch\\\/#\\\/schema\\\/person\\\/6f650f90b2842cd4c0cc334b4e36f67e\",\"name\":\"thomas.berner\",\"image\":{\"@type\":\"ImageObject\",\"inLanguage\":\"fr-FR\",\"@id\":\"https:\\\/\\\/secure.gravatar.com\\\/avatar\\\/ac5001d2a36cb6c6cd3e50789007ffca834b477b74a2144564522e944eabff61?s=96&d=mm&r=g\",\"url\":\"https:\\\/\\\/secure.gravatar.com\\\/avatar\\\/ac5001d2a36cb6c6cd3e50789007ffca834b477b74a2144564522e944eabff61?s=96&d=mm&r=g\",\"contentUrl\":\"https:\\\/\\\/secure.gravatar.com\\\/avatar\\\/ac5001d2a36cb6c6cd3e50789007ffca834b477b74a2144564522e944eabff61?s=96&d=mm&r=g\",\"caption\":\"thomas.berner\"},\"url\":\"https:\\\/\\\/www.organisator.ch\\\/fr\\\/author\\\/thomas-berner\\\/\"}]}<\/script>\n<!-- \/ Yoast SEO plugin. -->","yoast_head_json":{"title":"Swiss Leaders avec une nouvelle codirection - Organisateur","description":"Swiss Leaders, anciennement Organisation suisse des cadres, se r\u00e9organise et renforce sa pr\u00e9sence nationale avec une nouvelle codirection.","robots":{"index":"index","follow":"follow","max-snippet":"max-snippet:-1","max-image-preview":"max-image-preview:large","max-video-preview":"max-video-preview:-1"},"canonical":"https:\/\/www.organisator.ch\/fr\/gestion-2\/2022-04-13\/swiss-leaders-mit-neuer-co-leitung\/","og_locale":"fr_FR","og_type":"article","og_title":"Swiss Leaders mit neuer Co-Leitung","og_description":"Swiss Leaders, ehemals Schweizer Kader Organisation, organisiert sich neu und verst\u00e4rkt mit einer neuen Co-Leitung seine nationale Pr\u00e4senz.","og_url":"https:\/\/www.organisator.ch\/fr\/gestion-2\/2022-04-13\/swiss-leaders-mit-neuer-co-leitung\/","og_site_name":"Organisator","article_publisher":"https:\/\/www.facebook.com\/OrganisatorFachmagazin","article_published_time":"2022-04-13T06:08:05+00:00","og_image":[{"width":680,"height":342,"url":"https:\/\/www.organisator.ch\/wp-content\/uploads\/2022\/04\/Swiss-Leaders-mit-neuer-Co-Leitung_Organisator.jpg","type":"image\/jpeg"}],"author":"thomas.berner","twitter_card":"summary_large_image","twitter_title":"#SwissLeaders mit neuer #Co-Leitung","twitter_description":"#SwissLeaders, ehemals Schweizer Kader Organisation, organisiert sich neu und verst\u00e4rkt mit einer neuen #Co-Leitung seine nationale Pr\u00e4senz.","twitter_image":"https:\/\/www.organisator.ch\/wp-content\/uploads\/2022\/04\/Swiss-Leaders-mit-neuer-Co-Leitung_Organisator.jpg","schema":{"@context":"https:\/\/schema.org","@graph":[{"@type":"Article","@id":"https:\/\/www.organisator.ch\/management\/2022-04-13\/swiss-leaders-mit-neuer-co-leitung\/#article","isPartOf":{"@id":"https:\/\/www.organisator.ch\/management\/2022-04-13\/swiss-leaders-mit-neuer-co-leitung\/"},"author":{"name":"thomas.berner","@id":"https:\/\/www.organisator.ch\/#\/schema\/person\/6f650f90b2842cd4c0cc334b4e36f67e"},"headline":"Swiss Leaders mit neuer Co-Leitung","datePublished":"2022-04-13T06:08:05+00:00","mainEntityOfPage":{"@id":"https:\/\/www.organisator.ch\/management\/2022-04-13\/swiss-leaders-mit-neuer-co-leitung\/"},"wordCount":293,"publisher":{"@id":"https:\/\/www.organisator.ch\/#organization"},"image":{"@id":"https:\/\/www.organisator.ch\/management\/2022-04-13\/swiss-leaders-mit-neuer-co-leitung\/#primaryimage"},"thumbnailUrl":"https:\/\/www.organisator.ch\/wp-content\/uploads\/2022\/04\/Swiss-Leaders-mit-neuer-Co-Leitung_Organisator.jpg","keywords":["Management","Personalia","Verb\u00e4nde"],"articleSection":["MANAGEMENT"],"inLanguage":"fr-FR"},{"@type":"WebPage","@id":"https:\/\/www.organisator.ch\/management\/2022-04-13\/swiss-leaders-mit-neuer-co-leitung\/","url":"https:\/\/www.organisator.ch\/management\/2022-04-13\/swiss-leaders-mit-neuer-co-leitung\/","name":"Swiss Leaders avec une nouvelle codirection - Organisateur","isPartOf":{"@id":"https:\/\/www.organisator.ch\/#website"},"primaryImageOfPage":{"@id":"https:\/\/www.organisator.ch\/management\/2022-04-13\/swiss-leaders-mit-neuer-co-leitung\/#primaryimage"},"image":{"@id":"https:\/\/www.organisator.ch\/management\/2022-04-13\/swiss-leaders-mit-neuer-co-leitung\/#primaryimage"},"thumbnailUrl":"https:\/\/www.organisator.ch\/wp-content\/uploads\/2022\/04\/Swiss-Leaders-mit-neuer-Co-Leitung_Organisator.jpg","datePublished":"2022-04-13T06:08:05+00:00","description":"Swiss Leaders, anciennement Organisation suisse des cadres, se r\u00e9organise et renforce sa pr\u00e9sence nationale avec une nouvelle codirection.","breadcrumb":{"@id":"https:\/\/www.organisator.ch\/management\/2022-04-13\/swiss-leaders-mit-neuer-co-leitung\/#breadcrumb"},"inLanguage":"fr-FR","potentialAction":[{"@type":"ReadAction","target":["https:\/\/www.organisator.ch\/management\/2022-04-13\/swiss-leaders-mit-neuer-co-leitung\/"]}]},{"@type":"ImageObject","inLanguage":"fr-FR","@id":"https:\/\/www.organisator.ch\/management\/2022-04-13\/swiss-leaders-mit-neuer-co-leitung\/#primaryimage","url":"https:\/\/www.organisator.ch\/wp-content\/uploads\/2022\/04\/Swiss-Leaders-mit-neuer-Co-Leitung_Organisator.jpg","contentUrl":"https:\/\/www.organisator.ch\/wp-content\/uploads\/2022\/04\/Swiss-Leaders-mit-neuer-Co-Leitung_Organisator.jpg","width":680,"height":342,"caption":"Claire-Lise Rimaz und J\u00fcrg Eggenberger werden ab Juni 2022 den Verband Swiss Leaders gemeinsam leiten. (Bild: Swiss Leaders)"},{"@type":"BreadcrumbList","@id":"https:\/\/www.organisator.ch\/management\/2022-04-13\/swiss-leaders-mit-neuer-co-leitung\/#breadcrumb","itemListElement":[{"@type":"ListItem","position":1,"name":"Home","item":"https:\/\/www.organisator.ch\/"},{"@type":"ListItem","position":2,"name":"Swiss Leaders mit neuer Co-Leitung"}]},{"@type":"WebSite","@id":"https:\/\/www.organisator.ch\/#website","url":"https:\/\/www.organisator.ch\/","name":"Organisateur","description":"Comp\u00e9tence et comp\u00e9tence. Proches de la pratique. L'ORGANISATEUR pr\u00e9pare 10 num\u00e9ros par an sur les th\u00e8mes essentiels pour les dirigeants de PME.","publisher":{"@id":"https:\/\/www.organisator.ch\/#organization"},"potentialAction":[{"@type":"SearchAction","target":{"@type":"EntryPoint","urlTemplate":"https:\/\/www.organisator.ch\/?s={search_term_string}"},"query-input":{"@type":"PropertyValueSpecification","valueRequired":true,"valueName":"search_term_string"}}],"inLanguage":"fr-FR"},{"@type":"Organization","@id":"https:\/\/www.organisator.ch\/#organization","name":"Organisateur","url":"https:\/\/www.organisator.ch\/","logo":{"@type":"ImageObject","inLanguage":"fr-FR","@id":"https:\/\/www.organisator.ch\/#\/schema\/logo\/image\/","url":"https:\/\/www.organisator.ch\/wp-content\/uploads\/2022\/01\/Logo_Organisator_Website.png","contentUrl":"https:\/\/www.organisator.ch\/wp-content\/uploads\/2022\/01\/Logo_Organisator_Website.png","width":800,"height":77,"caption":"Organisator"},"image":{"@id":"https:\/\/www.organisator.ch\/#\/schema\/logo\/image\/"},"sameAs":["https:\/\/www.facebook.com\/OrganisatorFachmagazin","https:\/\/www.linkedin.com\/showcase\/organisator-das-magazin-fr-kmu","https:\/\/www.xing.com\/news\/pages\/organisator-ch-695","https:\/\/www.youtube.com\/channel\/UCGP2Sq0iWaZwT3BdIAQFYpw"]},{"@type":"Person","@id":"https:\/\/www.organisator.ch\/#\/schema\/person\/6f650f90b2842cd4c0cc334b4e36f67e","name":"thomas.berner","image":{"@type":"ImageObject","inLanguage":"fr-FR","@id":"https:\/\/secure.gravatar.com\/avatar\/ac5001d2a36cb6c6cd3e50789007ffca834b477b74a2144564522e944eabff61?s=96&d=mm&r=g","url":"https:\/\/secure.gravatar.com\/avatar\/ac5001d2a36cb6c6cd3e50789007ffca834b477b74a2144564522e944eabff61?s=96&d=mm&r=g","contentUrl":"https:\/\/secure.gravatar.com\/avatar\/ac5001d2a36cb6c6cd3e50789007ffca834b477b74a2144564522e944eabff61?s=96&d=mm&r=g","caption":"thomas.berner"},"url":"https:\/\/www.organisator.ch\/fr\/author\/thomas-berner\/"}]}},"_links":{"self":[{"href":"https:\/\/www.organisator.ch\/fr\/wp-json\/wp\/v2\/posts\/12542","targetHints":{"allow":["GET"]}}],"collection":[{"href":"https:\/\/www.organisator.ch\/fr\/wp-json\/wp\/v2\/posts"}],"about":[{"href":"https:\/\/www.organisator.ch\/fr\/wp-json\/wp\/v2\/types\/post"}],"author":[{"embeddable":true,"href":"https:\/\/www.organisator.ch\/fr\/wp-json\/wp\/v2\/users\/4"}],"replies":[{"embeddable":true,"href":"https:\/\/www.organisator.ch\/fr\/wp-json\/wp\/v2\/comments?post=12542"}],"version-history":[{"count":1,"href":"https:\/\/www.organisator.ch\/fr\/wp-json\/wp\/v2\/posts\/12542\/revisions"}],"predecessor-version":[{"id":12544,"href":"https:\/\/www.organisator.ch\/fr\/wp-json\/wp\/v2\/posts\/12542\/revisions\/12544"}],"wp:featuredmedia":[{"embeddable":true,"href":"https:\/\/www.organisator.ch\/fr\/wp-json\/wp\/v2\/media\/12543"}],"wp:attachment":[{"href":"https:\/\/www.organisator.ch\/fr\/wp-json\/wp\/v2\/media?parent=12542"}],"wp:term":[{"taxonomy":"category","embeddable":true,"href":"https:\/\/www.organisator.ch\/fr\/wp-json\/wp\/v2\/categories?post=12542"},{"taxonomy":"post_tag","embeddable":true,"href":"https:\/\/www.organisator.ch\/fr\/wp-json\/wp\/v2\/tags?post=12542"}],"curies":[{"name":"wp","href":"https:\/\/api.w.org\/{rel}","templated":true}]}}