{"id":12572,"date":"2022-04-12T16:19:09","date_gmt":"2022-04-12T14:19:09","guid":{"rendered":"https:\/\/www.werbewoche.ch\/?p=169234"},"modified":"2022-08-01T14:29:30","modified_gmt":"2022-08-01T12:29:30","slug":"brandpulse-neuer-markenauftritt-fuer-bindella-immobilien","status":"publish","type":"post","link":"https:\/\/www.organisator.ch\/fr\/marketing\/2022-04-12\/brandpulse-neuer-markenauftritt-fuer-bindella-immobilien\/","title":{"rendered":"Brandpulse : nouvelle image de marque pour Bindella Immobilien"},"content":{"rendered":"<figure id=\"attachment_169238\" class=\"wp-caption aligncenter\" style=\"width: 2400px\" aria-describedby=\"caption-attachment-169238\"><img class=\"aligncenter wp-image-169238 size-full\" src=\"https:\/\/www.werbewoche.ch\/wp-content\/uploads\/2022\/04\/BI_Web_2048x800px14.jpg\" alt=\"Impulsions de la marque\" width=\"2400\" height=\"1600\" \/><figcaption id=\"caption-attachment-169238\" class=\"wp-caption-text\">Brandpulse a d\u00e9velopp\u00e9 une nouvelle image de marque pour Bindella Immobilien.<\/figcaption><\/figure>\r\nIssu \u00e0 l'origine du secteur de la restauration du groupe d'entreprises Bindella, Bindella Immobilien a ressenti le besoin de se diff\u00e9rencier plus clairement des entreprises de restauration et de se positionner de mani\u00e8re autonome en tant que boutique immobili\u00e8re comp\u00e9tente. C'est pourquoi l'agence Brandpulse a \u00e9t\u00e9 charg\u00e9e de cr\u00e9er une nouvelle image de marque.\r\n<h3>Le centre de la promesse de performance<\/h3>\r\nDans le cadre d'ateliers communs avec la direction, Brandpulse a affin\u00e9 le \"positionnement de la marque de mani\u00e8re \u00e0 ce que la volont\u00e9 d'am\u00e9nagement, la tradition, le long terme et l'amour du d\u00e9tail soient au centre de la promesse de prestation\", comme l'indique un communiqu\u00e9 de presse. Qu'il s'agisse d'un b\u00e2timent centenaire r\u00e9nov\u00e9 avec amour ou d'une maison d'architecte moderne : chez Bindella Immobilien, il s'agit toujours de soigner l'amour du d\u00e9tail dans chaque bien immobilier.  La marque Bindella Immobilien se caract\u00e9rise par une volont\u00e9 d'am\u00e9nagement marqu\u00e9e. Celle-ci se traduit par un mode de pens\u00e9e \u00e9conomique et orient\u00e9 vers l'avenir, ax\u00e9 sur la constance et la durabilit\u00e9.\r\n<h3>Clarification critique de l'identit\u00e9<\/h3>\r\n\"Le processus de positionnement de la marque avec Brandpulse nous a contraints \u00e0 une r\u00e9flexion approfondie et \u00e0 une clarification critique de l'identit\u00e9 de Bindella Immobilien\", explique Patrick Rieffel, le directeur de Bindella Immobilien AG. Et d'ajouter : \"Cela ne peut r\u00e9ussir que si, de l'autre c\u00f4t\u00e9, se trouve un interlocuteur int\u00e9ress\u00e9, empathique et digne de confiance. Gr\u00e2ce \u00e0 Brandpulse, nous sommes parvenus en peu de temps \u00e0 r\u00e9duire notre l\u00e9gitimit\u00e9 \u00e0 l'essentiel. Brandpulse a accompagn\u00e9 et pilot\u00e9 cela avec une grande classe\".\r\n\r\n<a href=\"https:\/\/www.werbewoche.ch\/wp-content\/uploads\/2022\/04\/BI_Web_1200x800px.png\"><img class=\"attachment-full alignnone\" src=\"https:\/\/www.werbewoche.ch\/wp-content\/uploads\/2022\/04\/BI_Web_1200x800px.png\" alt=\"Impulsions de la marque\" width=\"1200\" height=\"800\" \/><\/a>\r\n<a href=\"https:\/\/www.werbewoche.ch\/wp-content\/uploads\/2022\/04\/BI_Teaser_1200x800px.png\"><img class=\"attachment-full alignnone\" src=\"https:\/\/www.werbewoche.ch\/wp-content\/uploads\/2022\/04\/BI_Teaser_1200x800px.png\" alt=\"Impulsions de la marque\" width=\"1200\" height=\"800\" \/><\/a>\r\n<a href=\"https:\/\/www.werbewoche.ch\/wp-content\/uploads\/2022\/04\/BI_Detail_1200x800px.png\"><img class=\"attachment-full alignnone\" src=\"https:\/\/www.werbewoche.ch\/wp-content\/uploads\/2022\/04\/BI_Detail_1200x800px.png\" alt=\"Impulsions de la marque\" width=\"1200\" height=\"800\" \/><\/a>\r\n<h3>Nouvelle identit\u00e9 visuelle<\/h3>\r\nLe positionnement aff\u00fbt\u00e9 de la marque constitue la base de la nouvelle identit\u00e9 visuelle d\u00e9velopp\u00e9e par Brandpulse. Le ton bronze du nouveau logo, la typographie, l'univers visuel marquant et les couleurs corporate doivent incarner l'exigence de qualit\u00e9 \u00e9lev\u00e9e de la marque et cr\u00e9er un arc-en-ciel entre les valeurs traditionnelles et l'approche moderne de l'entreprise immobili\u00e8re. Brandpulse a \u00e9galement r\u00e9alis\u00e9 les principaux points de contact (papeterie, gabarits, site web et pr\u00e9sentation de l'entreprise).","protected":false},"excerpt":{"rendered":"<p>Urspr\u00fcnglich aus dem Gastronomie-Bereich der Bindella Unternehmensgruppe entstanden, wuchs bei Bindella Immobilien das Bed\u00fcrfnis nach klarerer Differenzierung von den Gastro-Unternehmen und eigenst\u00e4ndiger Positionierung als kompetente Immobilien-Boutique. Deswegen wurde die Agentur Brandpulse beauftragt, einen neuen Markenauftritt zu kreieren. Das Zentrum des Leistungsversprechens Brandpulse sch\u00e4rfte in gemeinsamen Workshops mit der Gesch\u00e4ftsleitung die \u00abMarkenpositionierung in der Weise, dass [\u2026]<\/p>\n","protected":false},"author":8,"featured_media":0,"comment_status":"closed","ping_status":"closed","sticky":false,"template":"","format":"standard","meta":{"_acf_changed":false,"_yoast_wpseo_focuskw":"Brandpulse","_yoast_wpseo_metadesc":"Die Agentur Brandpulse hat die Positionierung der Immobilienboutique gesch\u00e4rft und ein pr\u00e4gnantes Brand Design geschaffen.","articlekey":"","footnotes":""},"categories":[29],"tags":[3227,2630],"class_list":["post-12572","post","type-post","status-publish","format-standard","hentry","category-marketing","tag-bindella","tag-brandpulse"],"acf":[],"yoast_head":"<!-- This site is optimized with the Yoast SEO plugin v27.4 - https:\/\/yoast.com\/product\/yoast-seo-wordpress\/ -->\n<title>Brandpulse: Neuer Markenauftritt f\u00fcr Bindella Immobilien - Organisator<\/title>\n<meta name=\"description\" content=\"Die Agentur Brandpulse hat die Positionierung der Immobilienboutique gesch\u00e4rft und ein pr\u00e4gnantes Brand Design geschaffen.\" \/>\n<meta name=\"robots\" content=\"index, follow, max-snippet:-1, max-image-preview:large, max-video-preview:-1\" \/>\n<link rel=\"canonical\" href=\"https:\/\/www.werbewoche.ch\/de\/marketing\/marken\/2022-04-12\/brandpulse-neuer-markenauftritt-fuer-bindella-immobilien\/\" \/>\n<meta property=\"og:locale\" content=\"fr_FR\" \/>\n<meta property=\"og:type\" content=\"article\" \/>\n<meta property=\"og:title\" content=\"Brandpulse: Neuer Markenauftritt f\u00fcr Bindella Immobilien - Organisator\" \/>\n<meta property=\"og:description\" content=\"Die Agentur Brandpulse hat die Positionierung der Immobilienboutique gesch\u00e4rft und ein pr\u00e4gnantes Brand Design geschaffen.\" \/>\n<meta property=\"og:url\" content=\"https:\/\/www.werbewoche.ch\/de\/marketing\/marken\/2022-04-12\/brandpulse-neuer-markenauftritt-fuer-bindella-immobilien\/\" \/>\n<meta property=\"og:site_name\" content=\"Organisator\" \/>\n<meta property=\"article:publisher\" content=\"https:\/\/www.facebook.com\/OrganisatorFachmagazin\" \/>\n<meta property=\"article:published_time\" content=\"2022-04-12T14:19:09+00:00\" \/>\n<meta property=\"article:modified_time\" content=\"2022-08-01T12:29:30+00:00\" \/>\n<meta property=\"og:image\" content=\"https:\/\/www.werbewoche.ch\/wp-content\/uploads\/2022\/04\/BI_Web_2048x800px14.jpg\" \/>\n<meta name=\"author\" content=\"galledia\" \/>\n<meta name=\"twitter:card\" content=\"summary_large_image\" \/>\n<meta name=\"twitter:creator\" content=\"@admin\" \/>\n<script type=\"application\/ld+json\" class=\"yoast-schema-graph\">{\"@context\":\"https:\\\/\\\/schema.org\",\"@graph\":[{\"@type\":\"Article\",\"@id\":\"https:\\\/\\\/www.werbewoche.ch\\\/de\\\/marketing\\\/marken\\\/2022-04-12\\\/brandpulse-neuer-markenauftritt-fuer-bindella-immobilien\\\/#article\",\"isPartOf\":{\"@id\":\"https:\\\/\\\/www.organisator.ch\\\/marketing\\\/2022-04-12\\\/brandpulse-neuer-markenauftritt-fuer-bindella-immobilien\\\/\"},\"author\":{\"name\":\"galledia\",\"@id\":\"https:\\\/\\\/www.organisator.ch\\\/#\\\/schema\\\/person\\\/4e51799071cd2dd1232ac003643ef5f0\"},\"headline\":\"Brandpulse: Neuer Markenauftritt f\u00fcr Bindella Immobilien\",\"datePublished\":\"2022-04-12T14:19:09+00:00\",\"dateModified\":\"2022-08-01T12:29:30+00:00\",\"mainEntityOfPage\":{\"@id\":\"https:\\\/\\\/www.organisator.ch\\\/marketing\\\/2022-04-12\\\/brandpulse-neuer-markenauftritt-fuer-bindella-immobilien\\\/\"},\"wordCount\":297,\"publisher\":{\"@id\":\"https:\\\/\\\/www.organisator.ch\\\/#organization\"},\"image\":{\"@id\":\"https:\\\/\\\/www.werbewoche.ch\\\/de\\\/marketing\\\/marken\\\/2022-04-12\\\/brandpulse-neuer-markenauftritt-fuer-bindella-immobilien\\\/#primaryimage\"},\"thumbnailUrl\":\"https:\\\/\\\/www.werbewoche.ch\\\/wp-content\\\/uploads\\\/2022\\\/04\\\/BI_Web_2048x800px14.jpg\",\"keywords\":[\"Bindella\",\"Brandpulse\"],\"articleSection\":[\"MARKETING\"],\"inLanguage\":\"fr-FR\"},{\"@type\":\"WebPage\",\"@id\":\"https:\\\/\\\/www.organisator.ch\\\/marketing\\\/2022-04-12\\\/brandpulse-neuer-markenauftritt-fuer-bindella-immobilien\\\/\",\"url\":\"https:\\\/\\\/www.werbewoche.ch\\\/de\\\/marketing\\\/marken\\\/2022-04-12\\\/brandpulse-neuer-markenauftritt-fuer-bindella-immobilien\\\/\",\"name\":\"Brandpulse: Neuer Markenauftritt f\u00fcr Bindella Immobilien - Organisator\",\"isPartOf\":{\"@id\":\"https:\\\/\\\/www.organisator.ch\\\/#website\"},\"primaryImageOfPage\":{\"@id\":\"https:\\\/\\\/www.werbewoche.ch\\\/de\\\/marketing\\\/marken\\\/2022-04-12\\\/brandpulse-neuer-markenauftritt-fuer-bindella-immobilien\\\/#primaryimage\"},\"image\":{\"@id\":\"https:\\\/\\\/www.werbewoche.ch\\\/de\\\/marketing\\\/marken\\\/2022-04-12\\\/brandpulse-neuer-markenauftritt-fuer-bindella-immobilien\\\/#primaryimage\"},\"thumbnailUrl\":\"https:\\\/\\\/www.werbewoche.ch\\\/wp-content\\\/uploads\\\/2022\\\/04\\\/BI_Web_2048x800px14.jpg\",\"datePublished\":\"2022-04-12T14:19:09+00:00\",\"dateModified\":\"2022-08-01T12:29:30+00:00\",\"description\":\"Die Agentur Brandpulse hat die Positionierung der Immobilienboutique gesch\u00e4rft und ein pr\u00e4gnantes Brand Design geschaffen.\",\"breadcrumb\":{\"@id\":\"https:\\\/\\\/www.werbewoche.ch\\\/de\\\/marketing\\\/marken\\\/2022-04-12\\\/brandpulse-neuer-markenauftritt-fuer-bindella-immobilien\\\/#breadcrumb\"},\"inLanguage\":\"fr-FR\",\"potentialAction\":[{\"@type\":\"ReadAction\",\"target\":[\"https:\\\/\\\/www.werbewoche.ch\\\/de\\\/marketing\\\/marken\\\/2022-04-12\\\/brandpulse-neuer-markenauftritt-fuer-bindella-immobilien\\\/\"]}]},{\"@type\":\"ImageObject\",\"inLanguage\":\"fr-FR\",\"@id\":\"https:\\\/\\\/www.werbewoche.ch\\\/de\\\/marketing\\\/marken\\\/2022-04-12\\\/brandpulse-neuer-markenauftritt-fuer-bindella-immobilien\\\/#primaryimage\",\"url\":\"https:\\\/\\\/www.werbewoche.ch\\\/wp-content\\\/uploads\\\/2022\\\/04\\\/BI_Web_2048x800px14.jpg\",\"contentUrl\":\"https:\\\/\\\/www.werbewoche.ch\\\/wp-content\\\/uploads\\\/2022\\\/04\\\/BI_Web_2048x800px14.jpg\"},{\"@type\":\"BreadcrumbList\",\"@id\":\"https:\\\/\\\/www.werbewoche.ch\\\/de\\\/marketing\\\/marken\\\/2022-04-12\\\/brandpulse-neuer-markenauftritt-fuer-bindella-immobilien\\\/#breadcrumb\",\"itemListElement\":[{\"@type\":\"ListItem\",\"position\":1,\"name\":\"Home\",\"item\":\"https:\\\/\\\/www.organisator.ch\\\/\"},{\"@type\":\"ListItem\",\"position\":2,\"name\":\"Brandpulse: Neuer Markenauftritt f\u00fcr Bindella Immobilien\"}]},{\"@type\":\"WebSite\",\"@id\":\"https:\\\/\\\/www.organisator.ch\\\/#website\",\"url\":\"https:\\\/\\\/www.organisator.ch\\\/\",\"name\":\"Organisator\",\"description\":\"Kompetent. Praxisnah. Der ORGANISATOR bereitet in 10 Ausgaben pro Jahr die wesentlichen Themen f\u00fcr F\u00fchrungskr\u00e4fte von KMU auf.\",\"publisher\":{\"@id\":\"https:\\\/\\\/www.organisator.ch\\\/#organization\"},\"potentialAction\":[{\"@type\":\"SearchAction\",\"target\":{\"@type\":\"EntryPoint\",\"urlTemplate\":\"https:\\\/\\\/www.organisator.ch\\\/?s={search_term_string}\"},\"query-input\":{\"@type\":\"PropertyValueSpecification\",\"valueRequired\":true,\"valueName\":\"search_term_string\"}}],\"inLanguage\":\"fr-FR\"},{\"@type\":\"Organization\",\"@id\":\"https:\\\/\\\/www.organisator.ch\\\/#organization\",\"name\":\"Organisator\",\"url\":\"https:\\\/\\\/www.organisator.ch\\\/\",\"logo\":{\"@type\":\"ImageObject\",\"inLanguage\":\"fr-FR\",\"@id\":\"https:\\\/\\\/www.organisator.ch\\\/#\\\/schema\\\/logo\\\/image\\\/\",\"url\":\"https:\\\/\\\/www.organisator.ch\\\/wp-content\\\/uploads\\\/2022\\\/01\\\/Logo_Organisator_Website.png\",\"contentUrl\":\"https:\\\/\\\/www.organisator.ch\\\/wp-content\\\/uploads\\\/2022\\\/01\\\/Logo_Organisator_Website.png\",\"width\":800,\"height\":77,\"caption\":\"Organisator\"},\"image\":{\"@id\":\"https:\\\/\\\/www.organisator.ch\\\/#\\\/schema\\\/logo\\\/image\\\/\"},\"sameAs\":[\"https:\\\/\\\/www.facebook.com\\\/OrganisatorFachmagazin\",\"https:\\\/\\\/www.linkedin.com\\\/showcase\\\/organisator-das-magazin-fr-kmu\",\"https:\\\/\\\/www.xing.com\\\/news\\\/pages\\\/organisator-ch-695\",\"https:\\\/\\\/www.youtube.com\\\/channel\\\/UCGP2Sq0iWaZwT3BdIAQFYpw\"]},{\"@type\":\"Person\",\"@id\":\"https:\\\/\\\/www.organisator.ch\\\/#\\\/schema\\\/person\\\/4e51799071cd2dd1232ac003643ef5f0\",\"name\":\"galledia\",\"image\":{\"@type\":\"ImageObject\",\"inLanguage\":\"fr-FR\",\"@id\":\"https:\\\/\\\/secure.gravatar.com\\\/avatar\\\/78a7f90c01fc2bfc875782a0d4922b37cde2cf184ce347b91316d23cd7f69a36?s=96&d=mm&r=g\",\"url\":\"https:\\\/\\\/secure.gravatar.com\\\/avatar\\\/78a7f90c01fc2bfc875782a0d4922b37cde2cf184ce347b91316d23cd7f69a36?s=96&d=mm&r=g\",\"contentUrl\":\"https:\\\/\\\/secure.gravatar.com\\\/avatar\\\/78a7f90c01fc2bfc875782a0d4922b37cde2cf184ce347b91316d23cd7f69a36?s=96&d=mm&r=g\",\"caption\":\"galledia\"},\"sameAs\":[\"https:\\\/\\\/x.com\\\/admin\"],\"url\":\"https:\\\/\\\/www.organisator.ch\\\/fr\\\/author\\\/galledia\\\/\"}]}<\/script>\n<!-- \/ Yoast SEO plugin. -->","yoast_head_json":{"title":"Brandpulse : nouvelle image de marque pour Bindella Immobilien - Organisateur","description":"L'agence Brandpulse a affin\u00e9 le positionnement de la boutique immobili\u00e8re et cr\u00e9\u00e9 un brand design percutant.","robots":{"index":"index","follow":"follow","max-snippet":"max-snippet:-1","max-image-preview":"max-image-preview:large","max-video-preview":"max-video-preview:-1"},"canonical":"https:\/\/www.werbewoche.ch\/de\/marketing\/marken\/2022-04-12\/brandpulse-neuer-markenauftritt-fuer-bindella-immobilien\/","og_locale":"fr_FR","og_type":"article","og_title":"Brandpulse: Neuer Markenauftritt f\u00fcr Bindella Immobilien - Organisator","og_description":"Die Agentur Brandpulse hat die Positionierung der Immobilienboutique gesch\u00e4rft und ein pr\u00e4gnantes Brand Design geschaffen.","og_url":"https:\/\/www.werbewoche.ch\/de\/marketing\/marken\/2022-04-12\/brandpulse-neuer-markenauftritt-fuer-bindella-immobilien\/","og_site_name":"Organisator","article_publisher":"https:\/\/www.facebook.com\/OrganisatorFachmagazin","article_published_time":"2022-04-12T14:19:09+00:00","article_modified_time":"2022-08-01T12:29:30+00:00","og_image":[{"url":"https:\/\/www.werbewoche.ch\/wp-content\/uploads\/2022\/04\/BI_Web_2048x800px14.jpg","type":"","width":"","height":""}],"author":"galledia","twitter_card":"summary_large_image","twitter_creator":"@admin","schema":{"@context":"https:\/\/schema.org","@graph":[{"@type":"Article","@id":"https:\/\/www.werbewoche.ch\/de\/marketing\/marken\/2022-04-12\/brandpulse-neuer-markenauftritt-fuer-bindella-immobilien\/#article","isPartOf":{"@id":"https:\/\/www.organisator.ch\/marketing\/2022-04-12\/brandpulse-neuer-markenauftritt-fuer-bindella-immobilien\/"},"author":{"name":"galledia","@id":"https:\/\/www.organisator.ch\/#\/schema\/person\/4e51799071cd2dd1232ac003643ef5f0"},"headline":"Brandpulse: Neuer Markenauftritt f\u00fcr Bindella Immobilien","datePublished":"2022-04-12T14:19:09+00:00","dateModified":"2022-08-01T12:29:30+00:00","mainEntityOfPage":{"@id":"https:\/\/www.organisator.ch\/marketing\/2022-04-12\/brandpulse-neuer-markenauftritt-fuer-bindella-immobilien\/"},"wordCount":297,"publisher":{"@id":"https:\/\/www.organisator.ch\/#organization"},"image":{"@id":"https:\/\/www.werbewoche.ch\/de\/marketing\/marken\/2022-04-12\/brandpulse-neuer-markenauftritt-fuer-bindella-immobilien\/#primaryimage"},"thumbnailUrl":"https:\/\/www.werbewoche.ch\/wp-content\/uploads\/2022\/04\/BI_Web_2048x800px14.jpg","keywords":["Bindella","Brandpulse"],"articleSection":["MARKETING"],"inLanguage":"fr-FR"},{"@type":"WebPage","@id":"https:\/\/www.organisator.ch\/marketing\/2022-04-12\/brandpulse-neuer-markenauftritt-fuer-bindella-immobilien\/","url":"https:\/\/www.werbewoche.ch\/de\/marketing\/marken\/2022-04-12\/brandpulse-neuer-markenauftritt-fuer-bindella-immobilien\/","name":"Brandpulse : nouvelle image de marque pour Bindella Immobilien - Organisateur","isPartOf":{"@id":"https:\/\/www.organisator.ch\/#website"},"primaryImageOfPage":{"@id":"https:\/\/www.werbewoche.ch\/de\/marketing\/marken\/2022-04-12\/brandpulse-neuer-markenauftritt-fuer-bindella-immobilien\/#primaryimage"},"image":{"@id":"https:\/\/www.werbewoche.ch\/de\/marketing\/marken\/2022-04-12\/brandpulse-neuer-markenauftritt-fuer-bindella-immobilien\/#primaryimage"},"thumbnailUrl":"https:\/\/www.werbewoche.ch\/wp-content\/uploads\/2022\/04\/BI_Web_2048x800px14.jpg","datePublished":"2022-04-12T14:19:09+00:00","dateModified":"2022-08-01T12:29:30+00:00","description":"L'agence Brandpulse a affin\u00e9 le positionnement de la boutique immobili\u00e8re et cr\u00e9\u00e9 un brand design percutant.","breadcrumb":{"@id":"https:\/\/www.werbewoche.ch\/de\/marketing\/marken\/2022-04-12\/brandpulse-neuer-markenauftritt-fuer-bindella-immobilien\/#breadcrumb"},"inLanguage":"fr-FR","potentialAction":[{"@type":"ReadAction","target":["https:\/\/www.werbewoche.ch\/de\/marketing\/marken\/2022-04-12\/brandpulse-neuer-markenauftritt-fuer-bindella-immobilien\/"]}]},{"@type":"ImageObject","inLanguage":"fr-FR","@id":"https:\/\/www.werbewoche.ch\/de\/marketing\/marken\/2022-04-12\/brandpulse-neuer-markenauftritt-fuer-bindella-immobilien\/#primaryimage","url":"https:\/\/www.werbewoche.ch\/wp-content\/uploads\/2022\/04\/BI_Web_2048x800px14.jpg","contentUrl":"https:\/\/www.werbewoche.ch\/wp-content\/uploads\/2022\/04\/BI_Web_2048x800px14.jpg"},{"@type":"BreadcrumbList","@id":"https:\/\/www.werbewoche.ch\/de\/marketing\/marken\/2022-04-12\/brandpulse-neuer-markenauftritt-fuer-bindella-immobilien\/#breadcrumb","itemListElement":[{"@type":"ListItem","position":1,"name":"Home","item":"https:\/\/www.organisator.ch\/"},{"@type":"ListItem","position":2,"name":"Brandpulse: Neuer Markenauftritt f\u00fcr Bindella Immobilien"}]},{"@type":"WebSite","@id":"https:\/\/www.organisator.ch\/#website","url":"https:\/\/www.organisator.ch\/","name":"Organisateur","description":"Comp\u00e9tence et comp\u00e9tence. Proches de la pratique. L'ORGANISATEUR pr\u00e9pare 10 num\u00e9ros par an sur les th\u00e8mes essentiels pour les dirigeants de PME.","publisher":{"@id":"https:\/\/www.organisator.ch\/#organization"},"potentialAction":[{"@type":"SearchAction","target":{"@type":"EntryPoint","urlTemplate":"https:\/\/www.organisator.ch\/?s={search_term_string}"},"query-input":{"@type":"PropertyValueSpecification","valueRequired":true,"valueName":"search_term_string"}}],"inLanguage":"fr-FR"},{"@type":"Organization","@id":"https:\/\/www.organisator.ch\/#organization","name":"Organisateur","url":"https:\/\/www.organisator.ch\/","logo":{"@type":"ImageObject","inLanguage":"fr-FR","@id":"https:\/\/www.organisator.ch\/#\/schema\/logo\/image\/","url":"https:\/\/www.organisator.ch\/wp-content\/uploads\/2022\/01\/Logo_Organisator_Website.png","contentUrl":"https:\/\/www.organisator.ch\/wp-content\/uploads\/2022\/01\/Logo_Organisator_Website.png","width":800,"height":77,"caption":"Organisator"},"image":{"@id":"https:\/\/www.organisator.ch\/#\/schema\/logo\/image\/"},"sameAs":["https:\/\/www.facebook.com\/OrganisatorFachmagazin","https:\/\/www.linkedin.com\/showcase\/organisator-das-magazin-fr-kmu","https:\/\/www.xing.com\/news\/pages\/organisator-ch-695","https:\/\/www.youtube.com\/channel\/UCGP2Sq0iWaZwT3BdIAQFYpw"]},{"@type":"Person","@id":"https:\/\/www.organisator.ch\/#\/schema\/person\/4e51799071cd2dd1232ac003643ef5f0","name":"galledia","image":{"@type":"ImageObject","inLanguage":"fr-FR","@id":"https:\/\/secure.gravatar.com\/avatar\/78a7f90c01fc2bfc875782a0d4922b37cde2cf184ce347b91316d23cd7f69a36?s=96&d=mm&r=g","url":"https:\/\/secure.gravatar.com\/avatar\/78a7f90c01fc2bfc875782a0d4922b37cde2cf184ce347b91316d23cd7f69a36?s=96&d=mm&r=g","contentUrl":"https:\/\/secure.gravatar.com\/avatar\/78a7f90c01fc2bfc875782a0d4922b37cde2cf184ce347b91316d23cd7f69a36?s=96&d=mm&r=g","caption":"galledia"},"sameAs":["https:\/\/x.com\/admin"],"url":"https:\/\/www.organisator.ch\/fr\/author\/galledia\/"}]}},"_links":{"self":[{"href":"https:\/\/www.organisator.ch\/fr\/wp-json\/wp\/v2\/posts\/12572","targetHints":{"allow":["GET"]}}],"collection":[{"href":"https:\/\/www.organisator.ch\/fr\/wp-json\/wp\/v2\/posts"}],"about":[{"href":"https:\/\/www.organisator.ch\/fr\/wp-json\/wp\/v2\/types\/post"}],"author":[{"embeddable":true,"href":"https:\/\/www.organisator.ch\/fr\/wp-json\/wp\/v2\/users\/8"}],"replies":[{"embeddable":true,"href":"https:\/\/www.organisator.ch\/fr\/wp-json\/wp\/v2\/comments?post=12572"}],"version-history":[{"count":4,"href":"https:\/\/www.organisator.ch\/fr\/wp-json\/wp\/v2\/posts\/12572\/revisions"}],"predecessor-version":[{"id":16071,"href":"https:\/\/www.organisator.ch\/fr\/wp-json\/wp\/v2\/posts\/12572\/revisions\/16071"}],"wp:attachment":[{"href":"https:\/\/www.organisator.ch\/fr\/wp-json\/wp\/v2\/media?parent=12572"}],"wp:term":[{"taxonomy":"category","embeddable":true,"href":"https:\/\/www.organisator.ch\/fr\/wp-json\/wp\/v2\/categories?post=12572"},{"taxonomy":"post_tag","embeddable":true,"href":"https:\/\/www.organisator.ch\/fr\/wp-json\/wp\/v2\/tags?post=12572"}],"curies":[{"name":"wp","href":"https:\/\/api.w.org\/{rel}","templated":true}]}}