{"id":12592,"date":"2022-04-19T13:43:40","date_gmt":"2022-04-19T11:43:40","guid":{"rendered":"https:\/\/www.m-q.ch\/?p=16228"},"modified":"2022-08-01T15:57:53","modified_gmt":"2022-08-01T13:57:53","slug":"mit-vereinten-kraeften-das-oekosystem-der-schweizer-krankenversicherungen-erneuern","status":"publish","type":"post","link":"https:\/\/www.organisator.ch\/fr\/operational-excellence\/2022-04-19\/mit-vereinten-kraeften-das-oekosystem-der-schweizer-krankenversicherungen-erneuern\/","title":{"rendered":"Unir ses forces pour renouveler l'\u00e9cosyst\u00e8me de l'assurance maladie suisse"},"content":{"rendered":"<div class=\"field__item\"><section id=\"\" class=\"paragraph paragraph--type--rich-text paragraph--view-mode--default\">\r\n<div class=\"container container--10\">\r\n<div class=\"col-10-of-10 col-xs-fullwidth\">\r\n<figure id=\"attachment_16229\" class=\"wp-caption alignnone\" style=\"width: 680px\" aria-describedby=\"caption-attachment-16229\"><img class=\"alignnone wp-image-16229 size-full\" src=\"https:\/\/www.m-q.ch\/wp-content\/uploads\/2022\/04\/Mit-vereinten-Kraeften-das-Oekosystem-der-Schweizer-Krankenversicherungen-erneuern_MQ.jpg\" alt=\"Assurances maladie\" width=\"680\" height=\"292\" \/><figcaption id=\"caption-attachment-16229\" class=\"wp-caption-text\">Les assurances maladie de toutes tailles doivent pouvoir \u00eatre g\u00e9r\u00e9es via une plateforme qui n\u00e9cessite un minimum de personnel. (Image : Pixabay.com)<\/figcaption><\/figure>\r\nDivers fournisseurs de technologie ont r\u00e9alis\u00e9 des investissements consid\u00e9rables pour r\u00e9pondre aux d\u00e9veloppements de logiciels dans le domaine de l'assurance maladie en termes de complexit\u00e9, de co\u00fbts et d'innovation technologique. Il en a r\u00e9sult\u00e9 des solutions de pointe qui r\u00e9pondent \u00e0 la fois aux besoins des compagnies d'assurance et de leurs clients. Offrir une meilleure exp\u00e9rience utilisateur tout en r\u00e9duisant les co\u00fbts \u00e9tait un d\u00e9fi qui n\u00e9cessitait de solides comp\u00e9tences sp\u00e9cifiques et une perspective strat\u00e9gique \u00e0 moyen et long terme.\r\n<h2>Vision : plus d'efficacit\u00e9 pour les assurances maladie<\/h2>\r\nEn fusionnant, Sumex SA et Secon SA veulent, selon elles, r\u00e9pondre \u00e0 une vision commune : am\u00e9liorer l'efficacit\u00e9 du syst\u00e8me de sant\u00e9 suisse gr\u00e2ce \u00e0 des processus de bout en bout hautement automatis\u00e9s et enti\u00e8rement num\u00e9riques. \"Les deux entreprises se compl\u00e8tent parfaitement et la combinaison des deux solutions ouvre de nouvelles possibilit\u00e9s strat\u00e9giques\", d\u00e9clare<strong>\u00a0Felix Musterle, directeur g\u00e9n\u00e9ral de Sumex SA.<\/strong> \u00c0 cette fin, l'accent est mis sur les objectifs suivants :\r\n<ul>\r\n \t<li>Co\u00fbts de transaction r\u00e9duits gr\u00e2ce \u00e0 un haut degr\u00e9 d'automatisation et \u00e0 une efficacit\u00e9 maximale dans le contr\u00f4le des dommages<\/li>\r\n \t<li>la s\u00e9paration des t\u00e2ches complexes des activit\u00e9s standardis\u00e9es, ce qui permet une utilisation optimale des ressources sp\u00e9cialis\u00e9es<\/li>\r\n \t<li>Architecture logicielle modulaire et ouverte<\/li>\r\n \t<li>Une solution suisse adapt\u00e9e aux besoins des compagnies d'assurance suisses<\/li>\r\n \t<li>Un savoir-faire et une expertise \u00e9tendus pour l'innovation et une couverture fonctionnelle permettant aux compagnies d'assurance suisses de passer \u00e0 l'\u00e9tape suivante de leur strat\u00e9gie de num\u00e9risation.<\/li>\r\n<\/ul>\r\n<\/div>\r\n<\/div>\r\n<\/section><\/div>\r\n<div class=\"field__item\"><section class=\"paragraph paragraph--type--quotation paragraph--view-mode--default box color-black--0 elca-behavior-processed\" data-img=\"\" data-bg=\"\">\r\n<div class=\"inner inner--top inner--top--\">\r\n<div class=\"carousel carousel--white--0\">\r\n<div class=\"container container--10 mb--2 p--4 carousel__box bg-grey--4\">\r\n<div class=\"p--2\">\r\n<p class=\"quote\">\"Le groupe ELCA s'efforce d'enrichir le march\u00e9 suisse par l'innovation et de soutenir la transformation num\u00e9rique dans tous les secteurs importants avec une vision et une strat\u00e9gie claires. Ce partenariat strat\u00e9gique est une \u00e9tape importante sur cette voie et nous sommes tr\u00e8s heureux d'ouvrir un nouveau chapitre avec nos clients et partenaires, qui apportera une valeur ajout\u00e9e aux assureurs-maladie et \u00e0 la population suisse\", d\u00e9clare \u00e0 ce sujet Yves Pitton, Chief Business Solutions Officer du Groupe ELCA.<\/p>\r\n\r\n<h2>Cloud suisse pur<\/h2>\r\nLa nouvelle entit\u00e9 b\u00e9n\u00e9ficiera \u00e9galement de la vaste expertise op\u00e9rationnelle de Secon et des comp\u00e9tences approfondies du groupe ELCA en mati\u00e8re de services et de gestion du cloud, de cybers\u00e9curit\u00e9, de gestion des donn\u00e9es et de capacit\u00e9s d'ing\u00e9nierie. Aujourd'hui d\u00e9j\u00e0, plusieurs composants de la solution Sumex sont exploit\u00e9s par ELCA Cloud Services dans un cloud suisse enti\u00e8rement souverain, et les deux entreprises exploitent leur syst\u00e8me principal pour diff\u00e9rents clients dans leur propre environnement cloud ou sur site dans l'infrastructure de la caisse maladie. L'objectif de ce partenariat strat\u00e9gique est d'\u00e9largir les possibilit\u00e9s offertes aux assurances maladie pour g\u00e9rer leurs syst\u00e8mes critiques, aujourd'hui et \u00e0 l'avenir. \"En tant que clients de longue date de Sumex et de Secon, nous nous r\u00e9jouissons de ce partenariat et esp\u00e9rons que l'int\u00e9gration profonde des produits et les connaissances combin\u00e9es nous permettront d'atteindre des niveaux d'automatisation encore plus \u00e9lev\u00e9s dans nos propres processus\", d\u00e9clare par exemple Christof Z\u00fcrcher, CEO d'Atupri Gesundheitsversicherung.\r\n\r\n<em>Source et informations compl\u00e9mentaires : <a href=\"http:\/\/www.elca.ch\/\">www.elca.ch<\/a><\/em>\r\n\r\n<\/div>\r\n<\/div>\r\n<\/div>\r\n<\/div>\r\n<\/section><\/div>\n<p class=\"syndicated-attribution\">Cet article est paru initialement sur m-q.ch - <a href=\"https:\/\/www.m-q.ch\/de\/mit-vereinten-kraeften-das-oekosystem-der-schweizer-krankenversicherungen-erneuern\/\" target=\"_blank\">https:\/\/www.m-q.ch\/de\/mit-vereinten-kraeften-das-oekosystem-der-schweizer-krankenversicherungen-erneuern\/<\/a><\/p>","protected":false},"excerpt":{"rendered":"<p>Diverse Technologieanbieter haben erhebliche Investitionen get\u00e4tigt, um den Softwareentwicklungen bei Krankenversicherungen bez\u00fcglich Komplexit\u00e4t, Kosten und technologischer Innovation gerecht zu werden. Daraus resultierten Spitzenl\u00f6sungen, die sowohl auf die Bed\u00fcrfnisse der Versicherungsunternehmen wie auch deren Kunden eingehen. Ein besseres Benutzererlebnis bei gleichzeitiger Kostensenkung anzubieten war eine Herausforderung, die starke, spezifische Kompetenzen und eine mittel- bis langfristige strategische [\u2026]<\/p>\n","protected":false},"author":8,"featured_media":0,"comment_status":"closed","ping_status":"closed","sticky":false,"template":"","format":"standard","meta":{"_acf_changed":false,"_yoast_wpseo_focuskw":"Krankenversicherungen","_yoast_wpseo_metadesc":"Sumex AG, eine hundertprozentige Tochtergesellschaft der ELCA Gruppe, einem f\u00fchrenden Schweizer Unternehmen f\u00fcr Engineering, Entwicklung und Business Solutions, und Secon AG, ein Prozess- und Datenspezialist f\u00fcr das Kerngesch\u00e4ft der Versicherungen, geben die Gr\u00fcndung einer strategischen Partnerschaft bekannt.","articlekey":"","footnotes":""},"categories":[582],"tags":[2810,2811],"class_list":["post-12592","post","type-post","status-publish","format-standard","hentry","category-operational-excellence","tag-krankenversicherungen","tag-softwareloesungen"],"acf":[],"yoast_head":"<!-- This site is optimized with the Yoast SEO plugin v27.5 - https:\/\/yoast.com\/product\/yoast-seo-wordpress\/ -->\n<title>Mit vereinten Kr\u00e4ften das \u00d6kosystem der Schweizer Krankenversicherungen erneuern - Organisator<\/title>\n<meta name=\"description\" content=\"Sumex AG, eine hundertprozentige Tochtergesellschaft der ELCA Gruppe, einem f\u00fchrenden Schweizer Unternehmen f\u00fcr Engineering, Entwicklung und Business Solutions, und Secon AG, ein Prozess- und Datenspezialist f\u00fcr das Kerngesch\u00e4ft der Versicherungen, geben die Gr\u00fcndung einer strategischen Partnerschaft bekannt.\" \/>\n<meta name=\"robots\" content=\"index, follow, max-snippet:-1, max-image-preview:large, max-video-preview:-1\" \/>\n<link rel=\"canonical\" href=\"https:\/\/www.m-q.ch\/de\/mit-vereinten-kraeften-das-oekosystem-der-schweizer-krankenversicherungen-erneuern\/\" \/>\n<meta property=\"og:locale\" content=\"fr_FR\" \/>\n<meta property=\"og:type\" content=\"article\" \/>\n<meta property=\"og:title\" content=\"Mit vereinten Kr\u00e4ften das \u00d6kosystem der Schweizer Krankenversicherungen erneuern - Organisator\" \/>\n<meta property=\"og:description\" content=\"Sumex AG, eine hundertprozentige Tochtergesellschaft der ELCA Gruppe, einem f\u00fchrenden Schweizer Unternehmen f\u00fcr Engineering, Entwicklung und Business Solutions, und Secon AG, ein Prozess- und Datenspezialist f\u00fcr das Kerngesch\u00e4ft der Versicherungen, geben die Gr\u00fcndung einer strategischen Partnerschaft bekannt.\" \/>\n<meta property=\"og:url\" content=\"https:\/\/www.m-q.ch\/de\/mit-vereinten-kraeften-das-oekosystem-der-schweizer-krankenversicherungen-erneuern\/\" \/>\n<meta property=\"og:site_name\" content=\"Organisator\" \/>\n<meta property=\"article:publisher\" content=\"https:\/\/www.facebook.com\/OrganisatorFachmagazin\" \/>\n<meta property=\"article:published_time\" content=\"2022-04-19T11:43:40+00:00\" \/>\n<meta property=\"article:modified_time\" content=\"2022-08-01T13:57:53+00:00\" \/>\n<meta property=\"og:image\" content=\"https:\/\/www.m-q.ch\/wp-content\/uploads\/2022\/04\/Mit-vereinten-Kraeften-das-Oekosystem-der-Schweizer-Krankenversicherungen-erneuern_MQ.jpg\" \/>\n<meta name=\"author\" content=\"galledia\" \/>\n<meta name=\"twitter:card\" content=\"summary_large_image\" \/>\n<meta name=\"twitter:creator\" content=\"@admin\" \/>\n<script type=\"application\/ld+json\" class=\"yoast-schema-graph\">{\"@context\":\"https:\\\/\\\/schema.org\",\"@graph\":[{\"@type\":\"Article\",\"@id\":\"https:\\\/\\\/www.m-q.ch\\\/de\\\/mit-vereinten-kraeften-das-oekosystem-der-schweizer-krankenversicherungen-erneuern\\\/#article\",\"isPartOf\":{\"@id\":\"https:\\\/\\\/www.organisator.ch\\\/operational-excellence\\\/2022-04-19\\\/mit-vereinten-kraeften-das-oekosystem-der-schweizer-krankenversicherungen-erneuern\\\/\"},\"author\":{\"name\":\"galledia\",\"@id\":\"https:\\\/\\\/www.organisator.ch\\\/#\\\/schema\\\/person\\\/4e51799071cd2dd1232ac003643ef5f0\"},\"headline\":\"Mit vereinten Kr\u00e4ften das \u00d6kosystem der Schweizer Krankenversicherungen erneuern\",\"datePublished\":\"2022-04-19T11:43:40+00:00\",\"dateModified\":\"2022-08-01T13:57:53+00:00\",\"mainEntityOfPage\":{\"@id\":\"https:\\\/\\\/www.organisator.ch\\\/operational-excellence\\\/2022-04-19\\\/mit-vereinten-kraeften-das-oekosystem-der-schweizer-krankenversicherungen-erneuern\\\/\"},\"wordCount\":472,\"publisher\":{\"@id\":\"https:\\\/\\\/www.organisator.ch\\\/#organization\"},\"image\":{\"@id\":\"https:\\\/\\\/www.m-q.ch\\\/de\\\/mit-vereinten-kraeften-das-oekosystem-der-schweizer-krankenversicherungen-erneuern\\\/#primaryimage\"},\"thumbnailUrl\":\"https:\\\/\\\/www.m-q.ch\\\/wp-content\\\/uploads\\\/2022\\\/04\\\/Mit-vereinten-Kraeften-das-Oekosystem-der-Schweizer-Krankenversicherungen-erneuern_MQ.jpg\",\"keywords\":[\"Krankenversicherungen\",\"Softwarel\u00f6sungen\"],\"articleSection\":[\"OPERATIONAL EXCELLENCE\"],\"inLanguage\":\"fr-FR\"},{\"@type\":\"WebPage\",\"@id\":\"https:\\\/\\\/www.organisator.ch\\\/operational-excellence\\\/2022-04-19\\\/mit-vereinten-kraeften-das-oekosystem-der-schweizer-krankenversicherungen-erneuern\\\/\",\"url\":\"https:\\\/\\\/www.m-q.ch\\\/de\\\/mit-vereinten-kraeften-das-oekosystem-der-schweizer-krankenversicherungen-erneuern\\\/\",\"name\":\"Mit vereinten Kr\u00e4ften das \u00d6kosystem der Schweizer Krankenversicherungen erneuern - Organisator\",\"isPartOf\":{\"@id\":\"https:\\\/\\\/www.organisator.ch\\\/#website\"},\"primaryImageOfPage\":{\"@id\":\"https:\\\/\\\/www.m-q.ch\\\/de\\\/mit-vereinten-kraeften-das-oekosystem-der-schweizer-krankenversicherungen-erneuern\\\/#primaryimage\"},\"image\":{\"@id\":\"https:\\\/\\\/www.m-q.ch\\\/de\\\/mit-vereinten-kraeften-das-oekosystem-der-schweizer-krankenversicherungen-erneuern\\\/#primaryimage\"},\"thumbnailUrl\":\"https:\\\/\\\/www.m-q.ch\\\/wp-content\\\/uploads\\\/2022\\\/04\\\/Mit-vereinten-Kraeften-das-Oekosystem-der-Schweizer-Krankenversicherungen-erneuern_MQ.jpg\",\"datePublished\":\"2022-04-19T11:43:40+00:00\",\"dateModified\":\"2022-08-01T13:57:53+00:00\",\"description\":\"Sumex AG, eine hundertprozentige Tochtergesellschaft der ELCA Gruppe, einem f\u00fchrenden Schweizer Unternehmen f\u00fcr Engineering, Entwicklung und Business Solutions, und Secon AG, ein Prozess- und Datenspezialist f\u00fcr das Kerngesch\u00e4ft der Versicherungen, geben die Gr\u00fcndung einer strategischen Partnerschaft bekannt.\",\"breadcrumb\":{\"@id\":\"https:\\\/\\\/www.m-q.ch\\\/de\\\/mit-vereinten-kraeften-das-oekosystem-der-schweizer-krankenversicherungen-erneuern\\\/#breadcrumb\"},\"inLanguage\":\"fr-FR\",\"potentialAction\":[{\"@type\":\"ReadAction\",\"target\":[\"https:\\\/\\\/www.m-q.ch\\\/de\\\/mit-vereinten-kraeften-das-oekosystem-der-schweizer-krankenversicherungen-erneuern\\\/\"]}]},{\"@type\":\"ImageObject\",\"inLanguage\":\"fr-FR\",\"@id\":\"https:\\\/\\\/www.m-q.ch\\\/de\\\/mit-vereinten-kraeften-das-oekosystem-der-schweizer-krankenversicherungen-erneuern\\\/#primaryimage\",\"url\":\"https:\\\/\\\/www.m-q.ch\\\/wp-content\\\/uploads\\\/2022\\\/04\\\/Mit-vereinten-Kraeften-das-Oekosystem-der-Schweizer-Krankenversicherungen-erneuern_MQ.jpg\",\"contentUrl\":\"https:\\\/\\\/www.m-q.ch\\\/wp-content\\\/uploads\\\/2022\\\/04\\\/Mit-vereinten-Kraeften-das-Oekosystem-der-Schweizer-Krankenversicherungen-erneuern_MQ.jpg\"},{\"@type\":\"BreadcrumbList\",\"@id\":\"https:\\\/\\\/www.m-q.ch\\\/de\\\/mit-vereinten-kraeften-das-oekosystem-der-schweizer-krankenversicherungen-erneuern\\\/#breadcrumb\",\"itemListElement\":[{\"@type\":\"ListItem\",\"position\":1,\"name\":\"Home\",\"item\":\"https:\\\/\\\/www.organisator.ch\\\/\"},{\"@type\":\"ListItem\",\"position\":2,\"name\":\"Mit vereinten Kr\u00e4ften das \u00d6kosystem der Schweizer Krankenversicherungen erneuern\"}]},{\"@type\":\"WebSite\",\"@id\":\"https:\\\/\\\/www.organisator.ch\\\/#website\",\"url\":\"https:\\\/\\\/www.organisator.ch\\\/\",\"name\":\"Organisator\",\"description\":\"Kompetent. Praxisnah. Der ORGANISATOR bereitet in 10 Ausgaben pro Jahr die wesentlichen Themen f\u00fcr F\u00fchrungskr\u00e4fte von KMU auf.\",\"publisher\":{\"@id\":\"https:\\\/\\\/www.organisator.ch\\\/#organization\"},\"potentialAction\":[{\"@type\":\"SearchAction\",\"target\":{\"@type\":\"EntryPoint\",\"urlTemplate\":\"https:\\\/\\\/www.organisator.ch\\\/?s={search_term_string}\"},\"query-input\":{\"@type\":\"PropertyValueSpecification\",\"valueRequired\":true,\"valueName\":\"search_term_string\"}}],\"inLanguage\":\"fr-FR\"},{\"@type\":\"Organization\",\"@id\":\"https:\\\/\\\/www.organisator.ch\\\/#organization\",\"name\":\"Organisator\",\"url\":\"https:\\\/\\\/www.organisator.ch\\\/\",\"logo\":{\"@type\":\"ImageObject\",\"inLanguage\":\"fr-FR\",\"@id\":\"https:\\\/\\\/www.organisator.ch\\\/#\\\/schema\\\/logo\\\/image\\\/\",\"url\":\"https:\\\/\\\/www.organisator.ch\\\/wp-content\\\/uploads\\\/2022\\\/01\\\/Logo_Organisator_Website.png\",\"contentUrl\":\"https:\\\/\\\/www.organisator.ch\\\/wp-content\\\/uploads\\\/2022\\\/01\\\/Logo_Organisator_Website.png\",\"width\":800,\"height\":77,\"caption\":\"Organisator\"},\"image\":{\"@id\":\"https:\\\/\\\/www.organisator.ch\\\/#\\\/schema\\\/logo\\\/image\\\/\"},\"sameAs\":[\"https:\\\/\\\/www.facebook.com\\\/OrganisatorFachmagazin\",\"https:\\\/\\\/www.linkedin.com\\\/showcase\\\/organisator-das-magazin-fr-kmu\",\"https:\\\/\\\/www.xing.com\\\/news\\\/pages\\\/organisator-ch-695\",\"https:\\\/\\\/www.youtube.com\\\/channel\\\/UCGP2Sq0iWaZwT3BdIAQFYpw\"]},{\"@type\":\"Person\",\"@id\":\"https:\\\/\\\/www.organisator.ch\\\/#\\\/schema\\\/person\\\/4e51799071cd2dd1232ac003643ef5f0\",\"name\":\"galledia\",\"image\":{\"@type\":\"ImageObject\",\"inLanguage\":\"fr-FR\",\"@id\":\"https:\\\/\\\/secure.gravatar.com\\\/avatar\\\/78a7f90c01fc2bfc875782a0d4922b37cde2cf184ce347b91316d23cd7f69a36?s=96&d=mm&r=g\",\"url\":\"https:\\\/\\\/secure.gravatar.com\\\/avatar\\\/78a7f90c01fc2bfc875782a0d4922b37cde2cf184ce347b91316d23cd7f69a36?s=96&d=mm&r=g\",\"contentUrl\":\"https:\\\/\\\/secure.gravatar.com\\\/avatar\\\/78a7f90c01fc2bfc875782a0d4922b37cde2cf184ce347b91316d23cd7f69a36?s=96&d=mm&r=g\",\"caption\":\"galledia\"},\"sameAs\":[\"https:\\\/\\\/x.com\\\/admin\"],\"url\":\"https:\\\/\\\/www.organisator.ch\\\/fr\\\/author\\\/galledia\\\/\"}]}<\/script>\n<!-- \/ Yoast SEO plugin. -->","yoast_head_json":{"title":"Unir ses forces pour renouveler l'\u00e9cosyst\u00e8me de l'assurance maladie suisse - Organisateur","description":"Sumex SA, une filiale \u00e0 100% du groupe ELCA, une entreprise suisse leader dans l'ing\u00e9nierie, le d\u00e9veloppement et les solutions d'affaires, et Secon SA, un sp\u00e9cialiste des processus et des donn\u00e9es pour le c\u0153ur de m\u00e9tier des assurances, annoncent la cr\u00e9ation d'un partenariat strat\u00e9gique.","robots":{"index":"index","follow":"follow","max-snippet":"max-snippet:-1","max-image-preview":"max-image-preview:large","max-video-preview":"max-video-preview:-1"},"canonical":"https:\/\/www.m-q.ch\/de\/mit-vereinten-kraeften-das-oekosystem-der-schweizer-krankenversicherungen-erneuern\/","og_locale":"fr_FR","og_type":"article","og_title":"Mit vereinten Kr\u00e4ften das \u00d6kosystem der Schweizer Krankenversicherungen erneuern - Organisator","og_description":"Sumex AG, eine hundertprozentige Tochtergesellschaft der ELCA Gruppe, einem f\u00fchrenden Schweizer Unternehmen f\u00fcr Engineering, Entwicklung und Business Solutions, und Secon AG, ein Prozess- und Datenspezialist f\u00fcr das Kerngesch\u00e4ft der Versicherungen, geben die Gr\u00fcndung einer strategischen Partnerschaft bekannt.","og_url":"https:\/\/www.m-q.ch\/de\/mit-vereinten-kraeften-das-oekosystem-der-schweizer-krankenversicherungen-erneuern\/","og_site_name":"Organisator","article_publisher":"https:\/\/www.facebook.com\/OrganisatorFachmagazin","article_published_time":"2022-04-19T11:43:40+00:00","article_modified_time":"2022-08-01T13:57:53+00:00","og_image":[{"url":"https:\/\/www.m-q.ch\/wp-content\/uploads\/2022\/04\/Mit-vereinten-Kraeften-das-Oekosystem-der-Schweizer-Krankenversicherungen-erneuern_MQ.jpg","type":"","width":"","height":""}],"author":"galledia","twitter_card":"summary_large_image","twitter_creator":"@admin","schema":{"@context":"https:\/\/schema.org","@graph":[{"@type":"Article","@id":"https:\/\/www.m-q.ch\/de\/mit-vereinten-kraeften-das-oekosystem-der-schweizer-krankenversicherungen-erneuern\/#article","isPartOf":{"@id":"https:\/\/www.organisator.ch\/operational-excellence\/2022-04-19\/mit-vereinten-kraeften-das-oekosystem-der-schweizer-krankenversicherungen-erneuern\/"},"author":{"name":"galledia","@id":"https:\/\/www.organisator.ch\/#\/schema\/person\/4e51799071cd2dd1232ac003643ef5f0"},"headline":"Mit vereinten Kr\u00e4ften das \u00d6kosystem der Schweizer Krankenversicherungen erneuern","datePublished":"2022-04-19T11:43:40+00:00","dateModified":"2022-08-01T13:57:53+00:00","mainEntityOfPage":{"@id":"https:\/\/www.organisator.ch\/operational-excellence\/2022-04-19\/mit-vereinten-kraeften-das-oekosystem-der-schweizer-krankenversicherungen-erneuern\/"},"wordCount":472,"publisher":{"@id":"https:\/\/www.organisator.ch\/#organization"},"image":{"@id":"https:\/\/www.m-q.ch\/de\/mit-vereinten-kraeften-das-oekosystem-der-schweizer-krankenversicherungen-erneuern\/#primaryimage"},"thumbnailUrl":"https:\/\/www.m-q.ch\/wp-content\/uploads\/2022\/04\/Mit-vereinten-Kraeften-das-Oekosystem-der-Schweizer-Krankenversicherungen-erneuern_MQ.jpg","keywords":["Krankenversicherungen","Softwarel\u00f6sungen"],"articleSection":["OPERATIONAL EXCELLENCE"],"inLanguage":"fr-FR"},{"@type":"WebPage","@id":"https:\/\/www.organisator.ch\/operational-excellence\/2022-04-19\/mit-vereinten-kraeften-das-oekosystem-der-schweizer-krankenversicherungen-erneuern\/","url":"https:\/\/www.m-q.ch\/de\/mit-vereinten-kraeften-das-oekosystem-der-schweizer-krankenversicherungen-erneuern\/","name":"Unir ses forces pour renouveler l'\u00e9cosyst\u00e8me de l'assurance maladie suisse - Organisateur","isPartOf":{"@id":"https:\/\/www.organisator.ch\/#website"},"primaryImageOfPage":{"@id":"https:\/\/www.m-q.ch\/de\/mit-vereinten-kraeften-das-oekosystem-der-schweizer-krankenversicherungen-erneuern\/#primaryimage"},"image":{"@id":"https:\/\/www.m-q.ch\/de\/mit-vereinten-kraeften-das-oekosystem-der-schweizer-krankenversicherungen-erneuern\/#primaryimage"},"thumbnailUrl":"https:\/\/www.m-q.ch\/wp-content\/uploads\/2022\/04\/Mit-vereinten-Kraeften-das-Oekosystem-der-Schweizer-Krankenversicherungen-erneuern_MQ.jpg","datePublished":"2022-04-19T11:43:40+00:00","dateModified":"2022-08-01T13:57:53+00:00","description":"Sumex SA, une filiale \u00e0 100% du groupe ELCA, une entreprise suisse leader dans l'ing\u00e9nierie, le d\u00e9veloppement et les solutions d'affaires, et Secon SA, un sp\u00e9cialiste des processus et des donn\u00e9es pour le c\u0153ur de m\u00e9tier des assurances, annoncent la cr\u00e9ation d'un partenariat strat\u00e9gique.","breadcrumb":{"@id":"https:\/\/www.m-q.ch\/de\/mit-vereinten-kraeften-das-oekosystem-der-schweizer-krankenversicherungen-erneuern\/#breadcrumb"},"inLanguage":"fr-FR","potentialAction":[{"@type":"ReadAction","target":["https:\/\/www.m-q.ch\/de\/mit-vereinten-kraeften-das-oekosystem-der-schweizer-krankenversicherungen-erneuern\/"]}]},{"@type":"ImageObject","inLanguage":"fr-FR","@id":"https:\/\/www.m-q.ch\/de\/mit-vereinten-kraeften-das-oekosystem-der-schweizer-krankenversicherungen-erneuern\/#primaryimage","url":"https:\/\/www.m-q.ch\/wp-content\/uploads\/2022\/04\/Mit-vereinten-Kraeften-das-Oekosystem-der-Schweizer-Krankenversicherungen-erneuern_MQ.jpg","contentUrl":"https:\/\/www.m-q.ch\/wp-content\/uploads\/2022\/04\/Mit-vereinten-Kraeften-das-Oekosystem-der-Schweizer-Krankenversicherungen-erneuern_MQ.jpg"},{"@type":"BreadcrumbList","@id":"https:\/\/www.m-q.ch\/de\/mit-vereinten-kraeften-das-oekosystem-der-schweizer-krankenversicherungen-erneuern\/#breadcrumb","itemListElement":[{"@type":"ListItem","position":1,"name":"Home","item":"https:\/\/www.organisator.ch\/"},{"@type":"ListItem","position":2,"name":"Mit vereinten Kr\u00e4ften das \u00d6kosystem der Schweizer Krankenversicherungen erneuern"}]},{"@type":"WebSite","@id":"https:\/\/www.organisator.ch\/#website","url":"https:\/\/www.organisator.ch\/","name":"Organisateur","description":"Comp\u00e9tence et comp\u00e9tence. Proches de la pratique. L'ORGANISATEUR pr\u00e9pare 10 num\u00e9ros par an sur les th\u00e8mes essentiels pour les dirigeants de PME.","publisher":{"@id":"https:\/\/www.organisator.ch\/#organization"},"potentialAction":[{"@type":"SearchAction","target":{"@type":"EntryPoint","urlTemplate":"https:\/\/www.organisator.ch\/?s={search_term_string}"},"query-input":{"@type":"PropertyValueSpecification","valueRequired":true,"valueName":"search_term_string"}}],"inLanguage":"fr-FR"},{"@type":"Organization","@id":"https:\/\/www.organisator.ch\/#organization","name":"Organisateur","url":"https:\/\/www.organisator.ch\/","logo":{"@type":"ImageObject","inLanguage":"fr-FR","@id":"https:\/\/www.organisator.ch\/#\/schema\/logo\/image\/","url":"https:\/\/www.organisator.ch\/wp-content\/uploads\/2022\/01\/Logo_Organisator_Website.png","contentUrl":"https:\/\/www.organisator.ch\/wp-content\/uploads\/2022\/01\/Logo_Organisator_Website.png","width":800,"height":77,"caption":"Organisator"},"image":{"@id":"https:\/\/www.organisator.ch\/#\/schema\/logo\/image\/"},"sameAs":["https:\/\/www.facebook.com\/OrganisatorFachmagazin","https:\/\/www.linkedin.com\/showcase\/organisator-das-magazin-fr-kmu","https:\/\/www.xing.com\/news\/pages\/organisator-ch-695","https:\/\/www.youtube.com\/channel\/UCGP2Sq0iWaZwT3BdIAQFYpw"]},{"@type":"Person","@id":"https:\/\/www.organisator.ch\/#\/schema\/person\/4e51799071cd2dd1232ac003643ef5f0","name":"galledia","image":{"@type":"ImageObject","inLanguage":"fr-FR","@id":"https:\/\/secure.gravatar.com\/avatar\/78a7f90c01fc2bfc875782a0d4922b37cde2cf184ce347b91316d23cd7f69a36?s=96&d=mm&r=g","url":"https:\/\/secure.gravatar.com\/avatar\/78a7f90c01fc2bfc875782a0d4922b37cde2cf184ce347b91316d23cd7f69a36?s=96&d=mm&r=g","contentUrl":"https:\/\/secure.gravatar.com\/avatar\/78a7f90c01fc2bfc875782a0d4922b37cde2cf184ce347b91316d23cd7f69a36?s=96&d=mm&r=g","caption":"galledia"},"sameAs":["https:\/\/x.com\/admin"],"url":"https:\/\/www.organisator.ch\/fr\/author\/galledia\/"}]}},"_links":{"self":[{"href":"https:\/\/www.organisator.ch\/fr\/wp-json\/wp\/v2\/posts\/12592","targetHints":{"allow":["GET"]}}],"collection":[{"href":"https:\/\/www.organisator.ch\/fr\/wp-json\/wp\/v2\/posts"}],"about":[{"href":"https:\/\/www.organisator.ch\/fr\/wp-json\/wp\/v2\/types\/post"}],"author":[{"embeddable":true,"href":"https:\/\/www.organisator.ch\/fr\/wp-json\/wp\/v2\/users\/8"}],"replies":[{"embeddable":true,"href":"https:\/\/www.organisator.ch\/fr\/wp-json\/wp\/v2\/comments?post=12592"}],"version-history":[{"count":4,"href":"https:\/\/www.organisator.ch\/fr\/wp-json\/wp\/v2\/posts\/12592\/revisions"}],"predecessor-version":[{"id":16117,"href":"https:\/\/www.organisator.ch\/fr\/wp-json\/wp\/v2\/posts\/12592\/revisions\/16117"}],"wp:attachment":[{"href":"https:\/\/www.organisator.ch\/fr\/wp-json\/wp\/v2\/media?parent=12592"}],"wp:term":[{"taxonomy":"category","embeddable":true,"href":"https:\/\/www.organisator.ch\/fr\/wp-json\/wp\/v2\/categories?post=12592"},{"taxonomy":"post_tag","embeddable":true,"href":"https:\/\/www.organisator.ch\/fr\/wp-json\/wp\/v2\/tags?post=12592"}],"curies":[{"name":"wp","href":"https:\/\/api.w.org\/{rel}","templated":true}]}}