{"id":12615,"date":"2022-04-20T12:12:34","date_gmt":"2022-04-20T10:12:34","guid":{"rendered":"https:\/\/www.werbewoche.ch\/?p=169519"},"modified":"2022-08-01T14:34:09","modified_gmt":"2022-08-01T12:34:09","slug":"schweizer-markenkongress-lockt-die-markenwelt-nach-zuerich","status":"publish","type":"post","link":"https:\/\/www.organisator.ch\/fr\/marketing\/2022-04-20\/schweizer-markenkongress-lockt-die-markenwelt-nach-zuerich\/","title":{"rendered":"Le Congr\u00e8s suisse des marques attire le monde des marques \u00e0 Zurich"},"content":{"rendered":"<figure id=\"attachment_169562\" class=\"wp-caption aligncenter\" style=\"width: 1200px\" aria-describedby=\"caption-attachment-169562\"><img class=\"aligncenter wp-image-169562 size-full\" src=\"https:\/\/www.werbewoche.ch\/wp-content\/uploads\/2022\/04\/Foto_Griessenboeck_229.jpg\" alt=\"Suisse\" width=\"1200\" height=\"800\" \/><figcaption id=\"caption-attachment-169562\" class=\"wp-caption-text\">Depuis onze ans, le Congr\u00e8s suisse des marques se r\u00e9unit \u00e0 Zurich et rassemble le who's who des d\u00e9cideurs suisses en mati\u00e8re de marques. Le 13 juin 2022, le congr\u00e8s se d\u00e9roulera au Dolder Grand \u00e0 Zurich. (Photo : Gabriele Griessenb\u00f6ck)<\/figcaption><\/figure>\r\nLa plus grande rencontre de la branche pour les d\u00e9cideurs en mati\u00e8re de marques en Suisse propose environ 23 heures de programme sur la sc\u00e8ne du Dolder Grand \u00e0 Zurich. Diff\u00e9rentes possibilit\u00e9s s'offrent aux 500 d\u00e9cideurs de marques* pour obtenir des innovations et des conseils de premi\u00e8re main de la part des experts de la branche. Plus de 65 experts de marques \u00e0 succ\u00e8s nationales et internationales seront pr\u00e9sents sur sc\u00e8ne. Cette ann\u00e9e encore, des repr\u00e9sentants* de marques telles que Procter &amp; Gamble, TikTok, Meta, Google, Westwing, Hugo Boss, Credit Suisse, Logitech et Swisscom parleront de strat\u00e9gies, de gestion de marques et de nouvelles technologies.\r\n<h3><strong>Tailles de l'univers des marques<\/strong><\/h3>\r\nAvec Donald Schneider, sp\u00e9cialiste du branding et inventeur de la collaboration de Karl Lagerfeld avec H&amp;M, c'est le \"roi des campagnes\" qui est sur sc\u00e8ne. <a href=\"https:\/\/www.werbewoche.ch\/marketing\/marken\/2022-04-20\/donald-schneider-der-koenig-der-kampagnen\/\" rel=\"noopener\"><em>(cliquez ici pour acc\u00e9der \u00e0 l'interview sur Werbewoche.ch)<\/em><\/a>. Max Schickler de TikTok Suisse r\u00e9pondra \u00e0 la question de savoir si les marques suisses sont en train de rater leur chance. Daniel Grieder, CEO de Hugo Boss, parlera du retour d'une marque. Kristina Bulle, CMO chez Procter &amp; Gamble, placera la r\u00e9putation, la cr\u00e9dibilit\u00e9 et le but d'une marque au centre de son expos\u00e9. Najoh Tita-Reid, CMO de Logitech, parlera de la mani\u00e8re dont une marque peut suivre la vitesse et l'innovation \u00e0 long terme. Et Yves M\u00e4der de Google donnera un aper\u00e7u de la mani\u00e8re dont le monde du marketing num\u00e9rique se transforme actuellement.\r\n<h3><strong>2 sc\u00e8nes principales, 65 intervenants, 23 heures de programme<\/strong><\/h3>\r\nLes tendances les plus actuelles seront discut\u00e9es sur deux sc\u00e8nes principales. Les organisateurs ont pr\u00e9vu une \"sc\u00e8ne num\u00e9rique\" sur laquelle les th\u00e8mes de l'automatisation du marketing, de la technologie du marketing et de la publicit\u00e9 seront mis en lumi\u00e8re par des forums sp\u00e9ciaux et des intervenants de haut niveau. Sur la \"sc\u00e8ne strat\u00e9gique\", les discussions porteront sur la gestion des marques, le positionnement, le storytelling num\u00e9rique, la collaboration et les nouveaux concepts de contenu.\r\n\r\n<hr \/>\r\n\r\n<em>Le site <strong>Congr\u00e8s suisse des marques<\/strong> est le rendez-vous des d\u00e9cideurs en mati\u00e8re de marques, des prestataires de services et des m\u00e9dias. Il est organis\u00e9 par ESB Marketing Netzwerk en collaboration avec htp St.Gallen et l'Universit\u00e9 de St.Gallen. L'inscription est possible sur <a href=\"https:\/\/eu-central-1.protection.sophos.com\/?d=marken-kongress.ch&amp;u=aHR0cHM6Ly93d3cubWFya2VuLWtvbmdyZXNzLmNo&amp;i=NWQ3NTMyOTY1M2I2ZDQxNWZjYWVjMDYz&amp;t=V0dCem5Ddk8wbmZPOGVYaWxHNjRHWkgyV2Y4OGM3TVhiZGtSVUgvM3NlND0=&amp;h=df28627ddab4465cb568c497ef6b8626\">Congr\u00e8s des marques.ch<\/a> possible.<\/em>","protected":false},"excerpt":{"rendered":"<p>Der gr\u00f6sste Branchentreff f\u00fcr Markenentscheider in der Schweiz bringt rund 23 Stunden Programm auf die B\u00fchne des Dolder Grand in Z\u00fcrich. Den 500 Markenentscheider*innen bieten sich verschiedene M\u00f6glichkeiten, sich\u00a0aus erster Hand\u00a0Innovationen und Tipps von den Branchen-Experten zu holen. \u00dcber 65 Experten von nationalen und internationalen Erfolgsmarken stehen auf der B\u00fchne. Auch in diesem Jahr werden [\u2026]<\/p>\n","protected":false},"author":8,"featured_media":0,"comment_status":"closed","ping_status":"closed","sticky":false,"template":"","format":"standard","meta":{"_acf_changed":false,"_yoast_wpseo_focuskw":"Schweizer","_yoast_wpseo_metadesc":"Unter dem Motto \u00abMarken neu erfinden\u00bb versammelt der Schweizer Markenkongress am 13. Juni nationale und internationale Referenten im Z\u00fcrcher Dolder Grand.","articlekey":"","footnotes":""},"categories":[29],"tags":[2075],"class_list":["post-12615","post","type-post","status-publish","format-standard","hentry","category-marketing","tag-schweizer"],"acf":[],"yoast_head":"<!-- This site is optimized with the Yoast SEO plugin v27.5 - https:\/\/yoast.com\/product\/yoast-seo-wordpress\/ -->\n<title>Schweizer Markenkongress lockt die Markenwelt nach Z\u00fcrich - Organisator<\/title>\n<meta name=\"description\" content=\"Unter dem Motto \u00abMarken neu erfinden\u00bb versammelt der Schweizer Markenkongress am 13. Juni nationale und internationale Referenten im Z\u00fcrcher Dolder Grand.\" \/>\n<meta name=\"robots\" content=\"index, follow, max-snippet:-1, max-image-preview:large, max-video-preview:-1\" \/>\n<link rel=\"canonical\" href=\"https:\/\/www.werbewoche.ch\/de\/marketing\/marken\/2022-04-20\/schweizer-markenkongress-lockt-die-markenwelt-nach-zuerich\/\" \/>\n<meta property=\"og:locale\" content=\"fr_FR\" \/>\n<meta property=\"og:type\" content=\"article\" \/>\n<meta property=\"og:title\" content=\"Schweizer Markenkongress lockt die Markenwelt nach Z\u00fcrich - Organisator\" \/>\n<meta property=\"og:description\" content=\"Unter dem Motto \u00abMarken neu erfinden\u00bb versammelt der Schweizer Markenkongress am 13. Juni nationale und internationale Referenten im Z\u00fcrcher Dolder Grand.\" \/>\n<meta property=\"og:url\" content=\"https:\/\/www.werbewoche.ch\/de\/marketing\/marken\/2022-04-20\/schweizer-markenkongress-lockt-die-markenwelt-nach-zuerich\/\" \/>\n<meta property=\"og:site_name\" content=\"Organisator\" \/>\n<meta property=\"article:publisher\" content=\"https:\/\/www.facebook.com\/OrganisatorFachmagazin\" \/>\n<meta property=\"article:published_time\" content=\"2022-04-20T10:12:34+00:00\" \/>\n<meta property=\"article:modified_time\" content=\"2022-08-01T12:34:09+00:00\" \/>\n<meta property=\"og:image\" content=\"https:\/\/www.werbewoche.ch\/wp-content\/uploads\/2022\/04\/Foto_Griessenboeck_229.jpg\" \/>\n<meta name=\"author\" content=\"galledia\" \/>\n<meta name=\"twitter:card\" content=\"summary_large_image\" \/>\n<meta name=\"twitter:creator\" content=\"@admin\" \/>\n<script type=\"application\/ld+json\" class=\"yoast-schema-graph\">{\"@context\":\"https:\\\/\\\/schema.org\",\"@graph\":[{\"@type\":\"Article\",\"@id\":\"https:\\\/\\\/www.werbewoche.ch\\\/de\\\/marketing\\\/marken\\\/2022-04-20\\\/schweizer-markenkongress-lockt-die-markenwelt-nach-zuerich\\\/#article\",\"isPartOf\":{\"@id\":\"https:\\\/\\\/www.organisator.ch\\\/marketing\\\/2022-04-20\\\/schweizer-markenkongress-lockt-die-markenwelt-nach-zuerich\\\/\"},\"author\":{\"name\":\"galledia\",\"@id\":\"https:\\\/\\\/www.organisator.ch\\\/#\\\/schema\\\/person\\\/4e51799071cd2dd1232ac003643ef5f0\"},\"headline\":\"Schweizer Markenkongress lockt die Markenwelt nach Z\u00fcrich\",\"datePublished\":\"2022-04-20T10:12:34+00:00\",\"dateModified\":\"2022-08-01T12:34:09+00:00\",\"mainEntityOfPage\":{\"@id\":\"https:\\\/\\\/www.organisator.ch\\\/marketing\\\/2022-04-20\\\/schweizer-markenkongress-lockt-die-markenwelt-nach-zuerich\\\/\"},\"wordCount\":359,\"publisher\":{\"@id\":\"https:\\\/\\\/www.organisator.ch\\\/#organization\"},\"image\":{\"@id\":\"https:\\\/\\\/www.werbewoche.ch\\\/de\\\/marketing\\\/marken\\\/2022-04-20\\\/schweizer-markenkongress-lockt-die-markenwelt-nach-zuerich\\\/#primaryimage\"},\"thumbnailUrl\":\"https:\\\/\\\/www.werbewoche.ch\\\/wp-content\\\/uploads\\\/2022\\\/04\\\/Foto_Griessenboeck_229.jpg\",\"keywords\":[\"Schweizer\"],\"articleSection\":[\"MARKETING\"],\"inLanguage\":\"fr-FR\"},{\"@type\":\"WebPage\",\"@id\":\"https:\\\/\\\/www.organisator.ch\\\/marketing\\\/2022-04-20\\\/schweizer-markenkongress-lockt-die-markenwelt-nach-zuerich\\\/\",\"url\":\"https:\\\/\\\/www.werbewoche.ch\\\/de\\\/marketing\\\/marken\\\/2022-04-20\\\/schweizer-markenkongress-lockt-die-markenwelt-nach-zuerich\\\/\",\"name\":\"Schweizer Markenkongress lockt die Markenwelt nach Z\u00fcrich - Organisator\",\"isPartOf\":{\"@id\":\"https:\\\/\\\/www.organisator.ch\\\/#website\"},\"primaryImageOfPage\":{\"@id\":\"https:\\\/\\\/www.werbewoche.ch\\\/de\\\/marketing\\\/marken\\\/2022-04-20\\\/schweizer-markenkongress-lockt-die-markenwelt-nach-zuerich\\\/#primaryimage\"},\"image\":{\"@id\":\"https:\\\/\\\/www.werbewoche.ch\\\/de\\\/marketing\\\/marken\\\/2022-04-20\\\/schweizer-markenkongress-lockt-die-markenwelt-nach-zuerich\\\/#primaryimage\"},\"thumbnailUrl\":\"https:\\\/\\\/www.werbewoche.ch\\\/wp-content\\\/uploads\\\/2022\\\/04\\\/Foto_Griessenboeck_229.jpg\",\"datePublished\":\"2022-04-20T10:12:34+00:00\",\"dateModified\":\"2022-08-01T12:34:09+00:00\",\"description\":\"Unter dem Motto \u00abMarken neu erfinden\u00bb versammelt der Schweizer Markenkongress am 13. Juni nationale und internationale Referenten im Z\u00fcrcher Dolder Grand.\",\"breadcrumb\":{\"@id\":\"https:\\\/\\\/www.werbewoche.ch\\\/de\\\/marketing\\\/marken\\\/2022-04-20\\\/schweizer-markenkongress-lockt-die-markenwelt-nach-zuerich\\\/#breadcrumb\"},\"inLanguage\":\"fr-FR\",\"potentialAction\":[{\"@type\":\"ReadAction\",\"target\":[\"https:\\\/\\\/www.werbewoche.ch\\\/de\\\/marketing\\\/marken\\\/2022-04-20\\\/schweizer-markenkongress-lockt-die-markenwelt-nach-zuerich\\\/\"]}]},{\"@type\":\"ImageObject\",\"inLanguage\":\"fr-FR\",\"@id\":\"https:\\\/\\\/www.werbewoche.ch\\\/de\\\/marketing\\\/marken\\\/2022-04-20\\\/schweizer-markenkongress-lockt-die-markenwelt-nach-zuerich\\\/#primaryimage\",\"url\":\"https:\\\/\\\/www.werbewoche.ch\\\/wp-content\\\/uploads\\\/2022\\\/04\\\/Foto_Griessenboeck_229.jpg\",\"contentUrl\":\"https:\\\/\\\/www.werbewoche.ch\\\/wp-content\\\/uploads\\\/2022\\\/04\\\/Foto_Griessenboeck_229.jpg\"},{\"@type\":\"BreadcrumbList\",\"@id\":\"https:\\\/\\\/www.werbewoche.ch\\\/de\\\/marketing\\\/marken\\\/2022-04-20\\\/schweizer-markenkongress-lockt-die-markenwelt-nach-zuerich\\\/#breadcrumb\",\"itemListElement\":[{\"@type\":\"ListItem\",\"position\":1,\"name\":\"Home\",\"item\":\"https:\\\/\\\/www.organisator.ch\\\/\"},{\"@type\":\"ListItem\",\"position\":2,\"name\":\"Schweizer Markenkongress lockt die Markenwelt nach Z\u00fcrich\"}]},{\"@type\":\"WebSite\",\"@id\":\"https:\\\/\\\/www.organisator.ch\\\/#website\",\"url\":\"https:\\\/\\\/www.organisator.ch\\\/\",\"name\":\"Organisator\",\"description\":\"Kompetent. Praxisnah. Der ORGANISATOR bereitet in 10 Ausgaben pro Jahr die wesentlichen Themen f\u00fcr F\u00fchrungskr\u00e4fte von KMU auf.\",\"publisher\":{\"@id\":\"https:\\\/\\\/www.organisator.ch\\\/#organization\"},\"potentialAction\":[{\"@type\":\"SearchAction\",\"target\":{\"@type\":\"EntryPoint\",\"urlTemplate\":\"https:\\\/\\\/www.organisator.ch\\\/?s={search_term_string}\"},\"query-input\":{\"@type\":\"PropertyValueSpecification\",\"valueRequired\":true,\"valueName\":\"search_term_string\"}}],\"inLanguage\":\"fr-FR\"},{\"@type\":\"Organization\",\"@id\":\"https:\\\/\\\/www.organisator.ch\\\/#organization\",\"name\":\"Organisator\",\"url\":\"https:\\\/\\\/www.organisator.ch\\\/\",\"logo\":{\"@type\":\"ImageObject\",\"inLanguage\":\"fr-FR\",\"@id\":\"https:\\\/\\\/www.organisator.ch\\\/#\\\/schema\\\/logo\\\/image\\\/\",\"url\":\"https:\\\/\\\/www.organisator.ch\\\/wp-content\\\/uploads\\\/2022\\\/01\\\/Logo_Organisator_Website.png\",\"contentUrl\":\"https:\\\/\\\/www.organisator.ch\\\/wp-content\\\/uploads\\\/2022\\\/01\\\/Logo_Organisator_Website.png\",\"width\":800,\"height\":77,\"caption\":\"Organisator\"},\"image\":{\"@id\":\"https:\\\/\\\/www.organisator.ch\\\/#\\\/schema\\\/logo\\\/image\\\/\"},\"sameAs\":[\"https:\\\/\\\/www.facebook.com\\\/OrganisatorFachmagazin\",\"https:\\\/\\\/www.linkedin.com\\\/showcase\\\/organisator-das-magazin-fr-kmu\",\"https:\\\/\\\/www.xing.com\\\/news\\\/pages\\\/organisator-ch-695\",\"https:\\\/\\\/www.youtube.com\\\/channel\\\/UCGP2Sq0iWaZwT3BdIAQFYpw\"]},{\"@type\":\"Person\",\"@id\":\"https:\\\/\\\/www.organisator.ch\\\/#\\\/schema\\\/person\\\/4e51799071cd2dd1232ac003643ef5f0\",\"name\":\"galledia\",\"image\":{\"@type\":\"ImageObject\",\"inLanguage\":\"fr-FR\",\"@id\":\"https:\\\/\\\/secure.gravatar.com\\\/avatar\\\/78a7f90c01fc2bfc875782a0d4922b37cde2cf184ce347b91316d23cd7f69a36?s=96&d=mm&r=g\",\"url\":\"https:\\\/\\\/secure.gravatar.com\\\/avatar\\\/78a7f90c01fc2bfc875782a0d4922b37cde2cf184ce347b91316d23cd7f69a36?s=96&d=mm&r=g\",\"contentUrl\":\"https:\\\/\\\/secure.gravatar.com\\\/avatar\\\/78a7f90c01fc2bfc875782a0d4922b37cde2cf184ce347b91316d23cd7f69a36?s=96&d=mm&r=g\",\"caption\":\"galledia\"},\"sameAs\":[\"https:\\\/\\\/x.com\\\/admin\"],\"url\":\"https:\\\/\\\/www.organisator.ch\\\/fr\\\/author\\\/galledia\\\/\"}]}<\/script>\n<!-- \/ Yoast SEO plugin. -->","yoast_head_json":{"title":"Le Congr\u00e8s suisse des marques attire le monde des marques \u00e0 Zurich - Organisateur","description":"Sous le slogan \"R\u00e9inventer les marques\", le Congr\u00e8s suisse des marques r\u00e9unira le 13 juin des intervenants nationaux et internationaux au Dolder Grand de Zurich.","robots":{"index":"index","follow":"follow","max-snippet":"max-snippet:-1","max-image-preview":"max-image-preview:large","max-video-preview":"max-video-preview:-1"},"canonical":"https:\/\/www.werbewoche.ch\/de\/marketing\/marken\/2022-04-20\/schweizer-markenkongress-lockt-die-markenwelt-nach-zuerich\/","og_locale":"fr_FR","og_type":"article","og_title":"Schweizer Markenkongress lockt die Markenwelt nach Z\u00fcrich - Organisator","og_description":"Unter dem Motto \u00abMarken neu erfinden\u00bb versammelt der Schweizer Markenkongress am 13. Juni nationale und internationale Referenten im Z\u00fcrcher Dolder Grand.","og_url":"https:\/\/www.werbewoche.ch\/de\/marketing\/marken\/2022-04-20\/schweizer-markenkongress-lockt-die-markenwelt-nach-zuerich\/","og_site_name":"Organisator","article_publisher":"https:\/\/www.facebook.com\/OrganisatorFachmagazin","article_published_time":"2022-04-20T10:12:34+00:00","article_modified_time":"2022-08-01T12:34:09+00:00","og_image":[{"url":"https:\/\/www.werbewoche.ch\/wp-content\/uploads\/2022\/04\/Foto_Griessenboeck_229.jpg","type":"","width":"","height":""}],"author":"galledia","twitter_card":"summary_large_image","twitter_creator":"@admin","schema":{"@context":"https:\/\/schema.org","@graph":[{"@type":"Article","@id":"https:\/\/www.werbewoche.ch\/de\/marketing\/marken\/2022-04-20\/schweizer-markenkongress-lockt-die-markenwelt-nach-zuerich\/#article","isPartOf":{"@id":"https:\/\/www.organisator.ch\/marketing\/2022-04-20\/schweizer-markenkongress-lockt-die-markenwelt-nach-zuerich\/"},"author":{"name":"galledia","@id":"https:\/\/www.organisator.ch\/#\/schema\/person\/4e51799071cd2dd1232ac003643ef5f0"},"headline":"Schweizer Markenkongress lockt die Markenwelt nach Z\u00fcrich","datePublished":"2022-04-20T10:12:34+00:00","dateModified":"2022-08-01T12:34:09+00:00","mainEntityOfPage":{"@id":"https:\/\/www.organisator.ch\/marketing\/2022-04-20\/schweizer-markenkongress-lockt-die-markenwelt-nach-zuerich\/"},"wordCount":359,"publisher":{"@id":"https:\/\/www.organisator.ch\/#organization"},"image":{"@id":"https:\/\/www.werbewoche.ch\/de\/marketing\/marken\/2022-04-20\/schweizer-markenkongress-lockt-die-markenwelt-nach-zuerich\/#primaryimage"},"thumbnailUrl":"https:\/\/www.werbewoche.ch\/wp-content\/uploads\/2022\/04\/Foto_Griessenboeck_229.jpg","keywords":["Schweizer"],"articleSection":["MARKETING"],"inLanguage":"fr-FR"},{"@type":"WebPage","@id":"https:\/\/www.organisator.ch\/marketing\/2022-04-20\/schweizer-markenkongress-lockt-die-markenwelt-nach-zuerich\/","url":"https:\/\/www.werbewoche.ch\/de\/marketing\/marken\/2022-04-20\/schweizer-markenkongress-lockt-die-markenwelt-nach-zuerich\/","name":"Le Congr\u00e8s suisse des marques attire le monde des marques \u00e0 Zurich - Organisateur","isPartOf":{"@id":"https:\/\/www.organisator.ch\/#website"},"primaryImageOfPage":{"@id":"https:\/\/www.werbewoche.ch\/de\/marketing\/marken\/2022-04-20\/schweizer-markenkongress-lockt-die-markenwelt-nach-zuerich\/#primaryimage"},"image":{"@id":"https:\/\/www.werbewoche.ch\/de\/marketing\/marken\/2022-04-20\/schweizer-markenkongress-lockt-die-markenwelt-nach-zuerich\/#primaryimage"},"thumbnailUrl":"https:\/\/www.werbewoche.ch\/wp-content\/uploads\/2022\/04\/Foto_Griessenboeck_229.jpg","datePublished":"2022-04-20T10:12:34+00:00","dateModified":"2022-08-01T12:34:09+00:00","description":"Sous le slogan \"R\u00e9inventer les marques\", le Congr\u00e8s suisse des marques r\u00e9unira le 13 juin des intervenants nationaux et internationaux au Dolder Grand de Zurich.","breadcrumb":{"@id":"https:\/\/www.werbewoche.ch\/de\/marketing\/marken\/2022-04-20\/schweizer-markenkongress-lockt-die-markenwelt-nach-zuerich\/#breadcrumb"},"inLanguage":"fr-FR","potentialAction":[{"@type":"ReadAction","target":["https:\/\/www.werbewoche.ch\/de\/marketing\/marken\/2022-04-20\/schweizer-markenkongress-lockt-die-markenwelt-nach-zuerich\/"]}]},{"@type":"ImageObject","inLanguage":"fr-FR","@id":"https:\/\/www.werbewoche.ch\/de\/marketing\/marken\/2022-04-20\/schweizer-markenkongress-lockt-die-markenwelt-nach-zuerich\/#primaryimage","url":"https:\/\/www.werbewoche.ch\/wp-content\/uploads\/2022\/04\/Foto_Griessenboeck_229.jpg","contentUrl":"https:\/\/www.werbewoche.ch\/wp-content\/uploads\/2022\/04\/Foto_Griessenboeck_229.jpg"},{"@type":"BreadcrumbList","@id":"https:\/\/www.werbewoche.ch\/de\/marketing\/marken\/2022-04-20\/schweizer-markenkongress-lockt-die-markenwelt-nach-zuerich\/#breadcrumb","itemListElement":[{"@type":"ListItem","position":1,"name":"Home","item":"https:\/\/www.organisator.ch\/"},{"@type":"ListItem","position":2,"name":"Schweizer Markenkongress lockt die Markenwelt nach Z\u00fcrich"}]},{"@type":"WebSite","@id":"https:\/\/www.organisator.ch\/#website","url":"https:\/\/www.organisator.ch\/","name":"Organisateur","description":"Comp\u00e9tence et comp\u00e9tence. Proches de la pratique. L'ORGANISATEUR pr\u00e9pare 10 num\u00e9ros par an sur les th\u00e8mes essentiels pour les dirigeants de PME.","publisher":{"@id":"https:\/\/www.organisator.ch\/#organization"},"potentialAction":[{"@type":"SearchAction","target":{"@type":"EntryPoint","urlTemplate":"https:\/\/www.organisator.ch\/?s={search_term_string}"},"query-input":{"@type":"PropertyValueSpecification","valueRequired":true,"valueName":"search_term_string"}}],"inLanguage":"fr-FR"},{"@type":"Organization","@id":"https:\/\/www.organisator.ch\/#organization","name":"Organisateur","url":"https:\/\/www.organisator.ch\/","logo":{"@type":"ImageObject","inLanguage":"fr-FR","@id":"https:\/\/www.organisator.ch\/#\/schema\/logo\/image\/","url":"https:\/\/www.organisator.ch\/wp-content\/uploads\/2022\/01\/Logo_Organisator_Website.png","contentUrl":"https:\/\/www.organisator.ch\/wp-content\/uploads\/2022\/01\/Logo_Organisator_Website.png","width":800,"height":77,"caption":"Organisator"},"image":{"@id":"https:\/\/www.organisator.ch\/#\/schema\/logo\/image\/"},"sameAs":["https:\/\/www.facebook.com\/OrganisatorFachmagazin","https:\/\/www.linkedin.com\/showcase\/organisator-das-magazin-fr-kmu","https:\/\/www.xing.com\/news\/pages\/organisator-ch-695","https:\/\/www.youtube.com\/channel\/UCGP2Sq0iWaZwT3BdIAQFYpw"]},{"@type":"Person","@id":"https:\/\/www.organisator.ch\/#\/schema\/person\/4e51799071cd2dd1232ac003643ef5f0","name":"galledia","image":{"@type":"ImageObject","inLanguage":"fr-FR","@id":"https:\/\/secure.gravatar.com\/avatar\/78a7f90c01fc2bfc875782a0d4922b37cde2cf184ce347b91316d23cd7f69a36?s=96&d=mm&r=g","url":"https:\/\/secure.gravatar.com\/avatar\/78a7f90c01fc2bfc875782a0d4922b37cde2cf184ce347b91316d23cd7f69a36?s=96&d=mm&r=g","contentUrl":"https:\/\/secure.gravatar.com\/avatar\/78a7f90c01fc2bfc875782a0d4922b37cde2cf184ce347b91316d23cd7f69a36?s=96&d=mm&r=g","caption":"galledia"},"sameAs":["https:\/\/x.com\/admin"],"url":"https:\/\/www.organisator.ch\/fr\/author\/galledia\/"}]}},"_links":{"self":[{"href":"https:\/\/www.organisator.ch\/fr\/wp-json\/wp\/v2\/posts\/12615","targetHints":{"allow":["GET"]}}],"collection":[{"href":"https:\/\/www.organisator.ch\/fr\/wp-json\/wp\/v2\/posts"}],"about":[{"href":"https:\/\/www.organisator.ch\/fr\/wp-json\/wp\/v2\/types\/post"}],"author":[{"embeddable":true,"href":"https:\/\/www.organisator.ch\/fr\/wp-json\/wp\/v2\/users\/8"}],"replies":[{"embeddable":true,"href":"https:\/\/www.organisator.ch\/fr\/wp-json\/wp\/v2\/comments?post=12615"}],"version-history":[{"count":3,"href":"https:\/\/www.organisator.ch\/fr\/wp-json\/wp\/v2\/posts\/12615\/revisions"}],"predecessor-version":[{"id":16075,"href":"https:\/\/www.organisator.ch\/fr\/wp-json\/wp\/v2\/posts\/12615\/revisions\/16075"}],"wp:attachment":[{"href":"https:\/\/www.organisator.ch\/fr\/wp-json\/wp\/v2\/media?parent=12615"}],"wp:term":[{"taxonomy":"category","embeddable":true,"href":"https:\/\/www.organisator.ch\/fr\/wp-json\/wp\/v2\/categories?post=12615"},{"taxonomy":"post_tag","embeddable":true,"href":"https:\/\/www.organisator.ch\/fr\/wp-json\/wp\/v2\/tags?post=12615"}],"curies":[{"name":"wp","href":"https:\/\/api.w.org\/{rel}","templated":true}]}}