{"id":12620,"date":"2022-04-20T15:33:37","date_gmt":"2022-04-20T13:33:37","guid":{"rendered":"https:\/\/www.organisator.ch\/?p=12620"},"modified":"2022-04-28T09:58:47","modified_gmt":"2022-04-28T07:58:47","slug":"lehrabgaengerstudie-2021-kaufmaennische-berufsleute-schauen-optimistisch-nach-vorne","status":"publish","type":"post","link":"https:\/\/www.organisator.ch\/fr\/human-resources\/2022-04-20\/lehrabgaengerstudie-2021-kaufmaennische-berufsleute-schauen-optimistisch-nach-vorne\/","title":{"rendered":"Etude sur les apprentis 2021 : les professionnels du commerce sont optimistes pour l'avenir"},"content":{"rendered":"<figure id=\"attachment_12621\" aria-describedby=\"caption-attachment-12621\" style=\"width: 680px\" class=\"wp-caption alignnone\"><img loading=\"lazy\" decoding=\"async\" class=\"size-full wp-image-12621\" src=\"https:\/\/www.organisator.ch\/wp-content\/uploads\/2022\/04\/Lehrabgaengerstudie-2021-Kaufmaennische-Berufsleute-schauen-optimistisch-nach-vorne-1_Organisator.jpg\" alt=\"\" width=\"680\" height=\"720\" srcset=\"https:\/\/www.organisator.ch\/wp-content\/uploads\/2022\/04\/Lehrabgaengerstudie-2021-Kaufmaennische-Berufsleute-schauen-optimistisch-nach-vorne-1_Organisator.jpg 680w, https:\/\/www.organisator.ch\/wp-content\/uploads\/2022\/04\/Lehrabgaengerstudie-2021-Kaufmaennische-Berufsleute-schauen-optimistisch-nach-vorne-1_Organisator-11x12.jpg 11w, https:\/\/www.organisator.ch\/wp-content\/uploads\/2022\/04\/Lehrabgaengerstudie-2021-Kaufmaennische-Berufsleute-schauen-optimistisch-nach-vorne-1_Organisator-165x175.jpg 165w, https:\/\/www.organisator.ch\/wp-content\/uploads\/2022\/04\/Lehrabgaengerstudie-2021-Kaufmaennische-Berufsleute-schauen-optimistisch-nach-vorne-1_Organisator-331x350.jpg 331w, https:\/\/www.organisator.ch\/wp-content\/uploads\/2022\/04\/Lehrabgaengerstudie-2021-Kaufmaennische-Berufsleute-schauen-optimistisch-nach-vorne-1_Organisator-300x318.jpg 300w\" sizes=\"auto, (max-width: 680px) 100vw, 680px\" \/><figcaption id=\"caption-attachment-12621\" class=\"wp-caption-text\">Selon l'\u00e9tude sur les apprentis 2021 de la Soci\u00e9t\u00e9 des employ\u00e9s de commerce, les jeunes professionnels envisagent l'avenir avec optimisme. (Image : Unsplash.com)<\/figcaption><\/figure>\n<p>Avec environ 14 000 dipl\u00f4m\u00e9s par an, l'apprentissage de commerce est la formation initiale la plus appr\u00e9ci\u00e9e en Suisse. Afin d'observer la situation pendant et apr\u00e8s l'apprentissage ainsi que les projets d'avenir des jeunes professionnels, la Soci\u00e9t\u00e9 des employ\u00e9s de commerce m\u00e8ne chaque ann\u00e9e depuis 2006 une enqu\u00eate aupr\u00e8s des dipl\u00f4m\u00e9-e-s d'un apprentissage de commerce en Suisse. Environ 3600 personnes ont particip\u00e9 \u00e0 la premi\u00e8re vague de l'enqu\u00eate en juillet 2021 ; environ 1200 personnes ont particip\u00e9 \u00e0 la deuxi\u00e8me vague de l'enqu\u00eate en novembre 2021. Les deux derni\u00e8res ann\u00e9es ont \u00e9t\u00e9 marqu\u00e9es par la pand\u00e9mie de Corona et les mesures prescrites. Pour les apprentis de commerce, cela a signifi\u00e9 un quotidien fait de travail \u00e0 domicile et d'\u00e9cole \u00e0 domicile, et donc une diminution des contacts avec leurs amis, leurs coll\u00e8gues de classe et les collaborateurs de l'entreprise. Outre la situation de l'emploi des jeunes professionnels et leurs plans de formation continue, l'\u00e9tude sur les apprentis 2021 se concentre donc sur la sant\u00e9 psychique et le bien-\u00eatre g\u00e9n\u00e9ral.<\/p>\n<h3>L'apprentissage n'est pas une fin en soi<\/h3>\n<p>La pand\u00e9mie Covid-19 avait fortement touch\u00e9 les jeunes professionnels et rendu leur entr\u00e9e sur le march\u00e9 du travail plus difficile. La situation des jeunes dipl\u00f4m\u00e9s s'est toutefois rapidement r\u00e9tablie en 2020 apr\u00e8s les d\u00e9fis li\u00e9s \u00e0 la pand\u00e9mie. Ainsi, la majorit\u00e9 des dipl\u00f4m\u00e9(e)s (71,6%) sont actifs au moment de la deuxi\u00e8me vague de l'enqu\u00eate, en novembre 2021 (voir graphique 1). \"La tendance \u00e0 la hausse constat\u00e9e ces derni\u00e8res ann\u00e9es se poursuit apr\u00e8s un creux interm\u00e9diaire en 2020\", confirme Kathrin Ziltener, responsable de la formation initiale &amp; du conseil aux jeunes \u00e0 la Soci\u00e9t\u00e9 des employ\u00e9s de commerce. Avec 4,2% en novembre, la part des demandeurs d'emploi est m\u00eame plus faible que dans les ann\u00e9es pr\u00e9c\u00e9dant Corona. L'int\u00e9r\u00eat des jeunes apprentis de commerce pour la formation continue est toujours aussi \u00e9norme. Environ 90% des participants ont d\u00e9j\u00e0 commenc\u00e9 une formation continue ou pr\u00e9voient d'en suivre une \u00e0 l'avenir. \"L'enqu\u00eate confirme que le SEC continue \u00e0 servir de formation de base solide pour les sp\u00e9cialisations et les carri\u00e8res les plus diverses\", d\u00e9clare Ziltener.<\/p>\n<figure id=\"attachment_12622\" aria-describedby=\"caption-attachment-12622\" style=\"width: 680px\" class=\"wp-caption alignnone\"><img loading=\"lazy\" decoding=\"async\" class=\"size-full wp-image-12622\" src=\"https:\/\/www.organisator.ch\/wp-content\/uploads\/2022\/04\/Lehrabgaengerstudie-2021-Kaufmaennische-Berufsleute-schauen-optimistisch-nach-vorne-2_Organisator.jpg\" alt=\"\" width=\"680\" height=\"446\" srcset=\"https:\/\/www.organisator.ch\/wp-content\/uploads\/2022\/04\/Lehrabgaengerstudie-2021-Kaufmaennische-Berufsleute-schauen-optimistisch-nach-vorne-2_Organisator.jpg 680w, https:\/\/www.organisator.ch\/wp-content\/uploads\/2022\/04\/Lehrabgaengerstudie-2021-Kaufmaennische-Berufsleute-schauen-optimistisch-nach-vorne-2_Organisator-18x12.jpg 18w, https:\/\/www.organisator.ch\/wp-content\/uploads\/2022\/04\/Lehrabgaengerstudie-2021-Kaufmaennische-Berufsleute-schauen-optimistisch-nach-vorne-2_Organisator-267x175.jpg 267w, https:\/\/www.organisator.ch\/wp-content\/uploads\/2022\/04\/Lehrabgaengerstudie-2021-Kaufmaennische-Berufsleute-schauen-optimistisch-nach-vorne-2_Organisator-534x350.jpg 534w, https:\/\/www.organisator.ch\/wp-content\/uploads\/2022\/04\/Lehrabgaengerstudie-2021-Kaufmaennische-Berufsleute-schauen-optimistisch-nach-vorne-2_Organisator-300x197.jpg 300w\" sizes=\"auto, (max-width: 680px) 100vw, 680px\" \/><figcaption id=\"caption-attachment-12622\" class=\"wp-caption-text\">Graphique 1 : Activit\u00e9 professionnelle quatre mois apr\u00e8s la fin de l'apprentissage (en %) (source : kfmv)<\/figcaption><\/figure>\n<h3>L'\u00e9tude 2021 sur les apprentis en fin de formation a pos\u00e9 des questions sp\u00e9cifiques sur le bien-\u00eatre et la sant\u00e9 psychique<\/h3>\n<p>Il est r\u00e9jouissant de constater qu'environ 90% ont per\u00e7u positivement la p\u00e9riode de formation dans l'entreprise formatrice\/de stage : Tant au niveau de la nature des t\u00e2ches, de l'ambiance de travail que de l'encadrement par les formateurs\/trices professionnels\/les et pratiques. La plupart des personnes interrog\u00e9es se sont \u00e9galement bien accommod\u00e9es de la situation plus difficile du Covid 19 et envisagent l'avenir de mani\u00e8re positive. N\u00e9anmoins, une proportion consid\u00e9rable de jeunes fait part de ses craintes. Environ un tiers (32,4 %) des jeunes indiquent que l'avenir les pr\u00e9occupe. \"Les raisons sont de nature diff\u00e9rente : certains s'inqui\u00e8tent pour leur avenir professionnel, leur emploi ou les formations continues, d'autres se sentent d\u00e9pass\u00e9s et stress\u00e9s\", explique Ziltener. Les m\u00e9gatendances que sont la num\u00e9risation et le changement climatique font \u00e9galement partie des facteurs d'incertitude.<br \/>\nZiltener constate : \"Il est particuli\u00e8rement important que les jeunes aient la possibilit\u00e9 de parler de leurs peurs et de leurs sentiments n\u00e9gatifs. Ce n'est qu'en en parlant ouvertement que des solutions peuvent \u00eatre trouv\u00e9es pour les personnes concern\u00e9es et que la sant\u00e9 mentale peut \u00eatre renforc\u00e9e\". 86% des participants ont une ou plusieurs personnes dans leur entourage avec lesquelles ils peuvent parler en toute confiance de leurs soucis et de leurs angoisses. Mais tous les jeunes ne sont pas log\u00e9s \u00e0 la m\u00eame enseigne : environ 14% indiquent qu'ils ne peuvent ou ne veulent parler de leurs probl\u00e8mes \u00e0 personne (voir graphique 2). Pour ces jeunes, il est urgent d'avoir des points de contact externes afin qu'ils puissent obtenir le soutien n\u00e9cessaire m\u00eame dans des situations difficiles.<\/p>\n<figure id=\"attachment_12623\" aria-describedby=\"caption-attachment-12623\" style=\"width: 680px\" class=\"wp-caption alignnone\"><img loading=\"lazy\" decoding=\"async\" class=\"size-full wp-image-12623\" src=\"https:\/\/www.organisator.ch\/wp-content\/uploads\/2022\/04\/Lehrabgaengerstudie-2021-Kaufmaennische-Berufsleute-schauen-optimistisch-nach-vorne-3_Organisator.jpg\" alt=\"\" width=\"680\" height=\"458\" srcset=\"https:\/\/www.organisator.ch\/wp-content\/uploads\/2022\/04\/Lehrabgaengerstudie-2021-Kaufmaennische-Berufsleute-schauen-optimistisch-nach-vorne-3_Organisator.jpg 680w, https:\/\/www.organisator.ch\/wp-content\/uploads\/2022\/04\/Lehrabgaengerstudie-2021-Kaufmaennische-Berufsleute-schauen-optimistisch-nach-vorne-3_Organisator-18x12.jpg 18w, https:\/\/www.organisator.ch\/wp-content\/uploads\/2022\/04\/Lehrabgaengerstudie-2021-Kaufmaennische-Berufsleute-schauen-optimistisch-nach-vorne-3_Organisator-260x175.jpg 260w, https:\/\/www.organisator.ch\/wp-content\/uploads\/2022\/04\/Lehrabgaengerstudie-2021-Kaufmaennische-Berufsleute-schauen-optimistisch-nach-vorne-3_Organisator-520x350.jpg 520w, https:\/\/www.organisator.ch\/wp-content\/uploads\/2022\/04\/Lehrabgaengerstudie-2021-Kaufmaennische-Berufsleute-schauen-optimistisch-nach-vorne-3_Organisator-300x202.jpg 300w\" sizes=\"auto, (max-width: 680px) 100vw, 680px\" \/><figcaption id=\"caption-attachment-12623\" class=\"wp-caption-text\">Graphique 2 : O\u00f9 les apprentis ont souhait\u00e9 plus de soutien pendant la pand\u00e9mie. (Source : kfmv)<\/figcaption><\/figure>\n<h3>Nouveau <a href=\"https:\/\/www.organisator.ch\/de\/human-resources\/hrm\/2022-01-28\/gesunde-lernende-dank-bgm-von-gesundheitsfoerderung-schweiz\/\">Partenariat avec Promotion Sant\u00e9 Suisse<\/a><\/h3>\n<p>La Soci\u00e9t\u00e9 des employ\u00e9s de commerce dit prendre tr\u00e8s au s\u00e9rieux les pr\u00e9occupations des apprentis de commerce et leur besoin d'\u00eatre mieux inform\u00e9s, c'est pourquoi elle \u00e9largit son offre de soutien existante. Un nouveau partenariat avec la fondation Promotion Sant\u00e9 Suisse en fait partie. Celui-ci met davantage l'accent sur la sant\u00e9 des apprentis et sur un home office sain. Reto K\u00e4lin, responsable des partenariats de Promotion Sant\u00e9 Suisse, confirme : \"Le Job Stress Index que nous calculons p\u00e9riodiquement depuis 2014 fournit des chiffres cl\u00e9s sur l'impact du stress li\u00e9 au travail sur la sant\u00e9 et la productivit\u00e9 des personnes actives. La derni\u00e8re enqu\u00eate \u00e9taye le fait qu'une attention particuli\u00e8re devrait \u00eatre accord\u00e9e \u00e0 la sant\u00e9 psychique des jeunes actifs\". La comparaison de diff\u00e9rents groupes d'\u00e2ge montre qu'en Suisse, les jeunes travailleurs \u00e2g\u00e9s de 16 \u00e0 24 ans pr\u00e9sentent le taux de stress le plus \u00e9lev\u00e9. Promotion Sant\u00e9 Suisse a lanc\u00e9 en 2021 l'offre Apprentice pour les personnes en formation professionnelle afin de promouvoir la sant\u00e9 psychique des apprentis. Dans le cadre des programmes d'action cantonaux et de deux campagnes de promotion de la sant\u00e9 psychique men\u00e9es dans les r\u00e9gions linguistiques, la fondation s'engage \u00e9galement, en collaboration avec les cantons, pour que les jeunes se nourrissent de mani\u00e8re \u00e9quilibr\u00e9e, fassent plus d'exercice et restent en bonne sant\u00e9 psychique.<\/p>\n<p><em>Source et informations compl\u00e9mentaires : <a href=\"http:\/\/www.kfmv.ch\">SEC Suisse<\/a><\/em><\/p>","protected":false},"excerpt":{"rendered":"<p>Mit rund 14 000 Absolvierenden pro Jahr ist die KV-Lehre die beliebteste Grundbildung der Schweiz. Um die Situation w\u00e4hrend und nach der Lehre sowie die Zukunftspl\u00e4ne der jungen Berufsleute zu observieren, f\u00fchrt der Kaufm\u00e4nnische Verband seit 2006 j\u00e4hrlich eine Umfrage bei KV-Lehrabg\u00e4nger\/-innen in der Schweiz durch. An der ersten Erhebungswelle im Juli 2021 haben rund [&hellip;]<\/p>\n","protected":false},"author":4,"featured_media":0,"comment_status":"closed","ping_status":"closed","sticky":false,"template":"","format":"standard","meta":{"_acf_changed":false,"_yoast_wpseo_focuskw":"Lehrabg\u00e4ngerstudie 2021","_yoast_wpseo_metadesc":"Die Lehrabg\u00e4ngerstudie 2021 zeigt, dass ein Grossteil der jungen Berufsleute die erschwerte Covid-19-Situation gut \u00fcberstanden hat.","articlekey":"","footnotes":""},"categories":[579],"tags":[62,132,459,503],"class_list":["post-12620","post","type-post","status-publish","format-standard","hentry","category-human-resources","tag-aus-weiterbildung","tag-coronavirus","tag-studie","tag-verbaende"],"acf":[],"yoast_head":"<!-- This site is optimized with the Yoast SEO plugin v27.4 - https:\/\/yoast.com\/product\/yoast-seo-wordpress\/ -->\n<title>Lehrabg\u00e4ngerstudie 2021: Kaufm\u00e4nnische Berufsleute schauen optimistisch nach vorne - Organisator<\/title>\n<meta name=\"description\" content=\"Die Lehrabg\u00e4ngerstudie 2021 zeigt, dass ein Grossteil der jungen Berufsleute die erschwerte Covid-19-Situation gut \u00fcberstanden hat.\" \/>\n<meta name=\"robots\" content=\"index, follow, max-snippet:-1, max-image-preview:large, max-video-preview:-1\" \/>\n<link rel=\"canonical\" href=\"https:\/\/www.organisator.ch\/fr\/ressources-humaines\/2022-04-20\/lehrabgaengerstudie-2021-kaufmaennische-berufsleute-schauen-optimistisch-nach-vorne\/\" \/>\n<meta property=\"og:locale\" content=\"fr_FR\" \/>\n<meta property=\"og:type\" content=\"article\" \/>\n<meta property=\"og:title\" content=\"Lehrabg\u00e4ngerstudie 2021: Kaufm\u00e4nnische Berufsleute schauen optimistisch nach vorne\" \/>\n<meta property=\"og:description\" content=\"Die Lehrabg\u00e4ngerstudie 2021 zeigt, dass ein Grossteil der jungen Berufsleute die erschwerte Covid-19-Situation gut \u00fcberstanden hat.\" \/>\n<meta property=\"og:url\" content=\"https:\/\/www.organisator.ch\/fr\/ressources-humaines\/2022-04-20\/lehrabgaengerstudie-2021-kaufmaennische-berufsleute-schauen-optimistisch-nach-vorne\/\" \/>\n<meta property=\"og:site_name\" content=\"Organisator\" \/>\n<meta property=\"article:publisher\" content=\"https:\/\/www.facebook.com\/OrganisatorFachmagazin\" \/>\n<meta property=\"article:published_time\" content=\"2022-04-20T13:33:37+00:00\" \/>\n<meta property=\"article:modified_time\" content=\"2022-04-28T07:58:47+00:00\" \/>\n<meta property=\"og:image\" content=\"https:\/\/www.organisator.ch\/wp-content\/uploads\/2022\/04\/Lehrabgaengerstudie-2021-Kaufmaennische-Berufsleute-schauen-optimistisch-nach-vorne-1_Organisator.jpg\" \/>\n\t<meta property=\"og:image:width\" content=\"680\" \/>\n\t<meta property=\"og:image:height\" content=\"720\" \/>\n\t<meta property=\"og:image:type\" content=\"image\/jpeg\" \/>\n<meta name=\"author\" content=\"thomas.berner\" \/>\n<meta name=\"twitter:card\" content=\"summary_large_image\" \/>\n<meta name=\"twitter:title\" content=\"#Lehrabg\u00e4ngerstudie 2021: Kaufm\u00e4nnische #Berufsleute schauen optimistisch nach vorne\" \/>\n<meta name=\"twitter:description\" content=\"Die #Lehrabg\u00e4ngerstudie 2021 zeigt, dass ein Grossteil der jungen #Berufsleute die erschwerte #Covid-19-Situation gut \u00fcberstanden hat.\" \/>\n<meta name=\"twitter:image\" content=\"https:\/\/www.organisator.ch\/wp-content\/uploads\/2022\/04\/Lehrabgaengerstudie-2021-Kaufmaennische-Berufsleute-schauen-optimistisch-nach-vorne-1_Organisator.jpg\" \/>\n<script type=\"application\/ld+json\" class=\"yoast-schema-graph\">{\"@context\":\"https:\\\/\\\/schema.org\",\"@graph\":[{\"@type\":\"Article\",\"@id\":\"https:\\\/\\\/www.organisator.ch\\\/human-resources\\\/2022-04-20\\\/lehrabgaengerstudie-2021-kaufmaennische-berufsleute-schauen-optimistisch-nach-vorne\\\/#article\",\"isPartOf\":{\"@id\":\"https:\\\/\\\/www.organisator.ch\\\/human-resources\\\/2022-04-20\\\/lehrabgaengerstudie-2021-kaufmaennische-berufsleute-schauen-optimistisch-nach-vorne\\\/\"},\"author\":{\"name\":\"thomas.berner\",\"@id\":\"https:\\\/\\\/www.organisator.ch\\\/#\\\/schema\\\/person\\\/6f650f90b2842cd4c0cc334b4e36f67e\"},\"headline\":\"Lehrabg\u00e4ngerstudie 2021: Kaufm\u00e4nnische Berufsleute schauen optimistisch nach vorne\",\"datePublished\":\"2022-04-20T13:33:37+00:00\",\"dateModified\":\"2022-04-28T07:58:47+00:00\",\"mainEntityOfPage\":{\"@id\":\"https:\\\/\\\/www.organisator.ch\\\/human-resources\\\/2022-04-20\\\/lehrabgaengerstudie-2021-kaufmaennische-berufsleute-schauen-optimistisch-nach-vorne\\\/\"},\"wordCount\":795,\"publisher\":{\"@id\":\"https:\\\/\\\/www.organisator.ch\\\/#organization\"},\"image\":{\"@id\":\"https:\\\/\\\/www.organisator.ch\\\/human-resources\\\/2022-04-20\\\/lehrabgaengerstudie-2021-kaufmaennische-berufsleute-schauen-optimistisch-nach-vorne\\\/#primaryimage\"},\"thumbnailUrl\":\"https:\\\/\\\/www.organisator.ch\\\/wp-content\\\/uploads\\\/2022\\\/04\\\/Lehrabgaengerstudie-2021-Kaufmaennische-Berufsleute-schauen-optimistisch-nach-vorne-1_Organisator.jpg\",\"keywords\":[\"Aus-\\\/Weiterbildung\",\"Coronavirus\",\"Studie\",\"Verb\u00e4nde\"],\"articleSection\":[\"HUMAN RESOURCES\"],\"inLanguage\":\"fr-FR\"},{\"@type\":\"WebPage\",\"@id\":\"https:\\\/\\\/www.organisator.ch\\\/human-resources\\\/2022-04-20\\\/lehrabgaengerstudie-2021-kaufmaennische-berufsleute-schauen-optimistisch-nach-vorne\\\/\",\"url\":\"https:\\\/\\\/www.organisator.ch\\\/human-resources\\\/2022-04-20\\\/lehrabgaengerstudie-2021-kaufmaennische-berufsleute-schauen-optimistisch-nach-vorne\\\/\",\"name\":\"Lehrabg\u00e4ngerstudie 2021: Kaufm\u00e4nnische Berufsleute schauen optimistisch nach vorne - Organisator\",\"isPartOf\":{\"@id\":\"https:\\\/\\\/www.organisator.ch\\\/#website\"},\"primaryImageOfPage\":{\"@id\":\"https:\\\/\\\/www.organisator.ch\\\/human-resources\\\/2022-04-20\\\/lehrabgaengerstudie-2021-kaufmaennische-berufsleute-schauen-optimistisch-nach-vorne\\\/#primaryimage\"},\"image\":{\"@id\":\"https:\\\/\\\/www.organisator.ch\\\/human-resources\\\/2022-04-20\\\/lehrabgaengerstudie-2021-kaufmaennische-berufsleute-schauen-optimistisch-nach-vorne\\\/#primaryimage\"},\"thumbnailUrl\":\"https:\\\/\\\/www.organisator.ch\\\/wp-content\\\/uploads\\\/2022\\\/04\\\/Lehrabgaengerstudie-2021-Kaufmaennische-Berufsleute-schauen-optimistisch-nach-vorne-1_Organisator.jpg\",\"datePublished\":\"2022-04-20T13:33:37+00:00\",\"dateModified\":\"2022-04-28T07:58:47+00:00\",\"description\":\"Die Lehrabg\u00e4ngerstudie 2021 zeigt, dass ein Grossteil der jungen Berufsleute die erschwerte Covid-19-Situation gut \u00fcberstanden hat.\",\"breadcrumb\":{\"@id\":\"https:\\\/\\\/www.organisator.ch\\\/human-resources\\\/2022-04-20\\\/lehrabgaengerstudie-2021-kaufmaennische-berufsleute-schauen-optimistisch-nach-vorne\\\/#breadcrumb\"},\"inLanguage\":\"fr-FR\",\"potentialAction\":[{\"@type\":\"ReadAction\",\"target\":[\"https:\\\/\\\/www.organisator.ch\\\/human-resources\\\/2022-04-20\\\/lehrabgaengerstudie-2021-kaufmaennische-berufsleute-schauen-optimistisch-nach-vorne\\\/\"]}]},{\"@type\":\"ImageObject\",\"inLanguage\":\"fr-FR\",\"@id\":\"https:\\\/\\\/www.organisator.ch\\\/human-resources\\\/2022-04-20\\\/lehrabgaengerstudie-2021-kaufmaennische-berufsleute-schauen-optimistisch-nach-vorne\\\/#primaryimage\",\"url\":\"https:\\\/\\\/www.organisator.ch\\\/wp-content\\\/uploads\\\/2022\\\/04\\\/Lehrabgaengerstudie-2021-Kaufmaennische-Berufsleute-schauen-optimistisch-nach-vorne-1_Organisator.jpg\",\"contentUrl\":\"https:\\\/\\\/www.organisator.ch\\\/wp-content\\\/uploads\\\/2022\\\/04\\\/Lehrabgaengerstudie-2021-Kaufmaennische-Berufsleute-schauen-optimistisch-nach-vorne-1_Organisator.jpg\"},{\"@type\":\"BreadcrumbList\",\"@id\":\"https:\\\/\\\/www.organisator.ch\\\/human-resources\\\/2022-04-20\\\/lehrabgaengerstudie-2021-kaufmaennische-berufsleute-schauen-optimistisch-nach-vorne\\\/#breadcrumb\",\"itemListElement\":[{\"@type\":\"ListItem\",\"position\":1,\"name\":\"Home\",\"item\":\"https:\\\/\\\/www.organisator.ch\\\/\"},{\"@type\":\"ListItem\",\"position\":2,\"name\":\"Lehrabg\u00e4ngerstudie 2021: Kaufm\u00e4nnische Berufsleute schauen optimistisch nach vorne\"}]},{\"@type\":\"WebSite\",\"@id\":\"https:\\\/\\\/www.organisator.ch\\\/#website\",\"url\":\"https:\\\/\\\/www.organisator.ch\\\/\",\"name\":\"Organisator\",\"description\":\"Kompetent. Praxisnah. Der ORGANISATOR bereitet in 10 Ausgaben pro Jahr die wesentlichen Themen f\u00fcr F\u00fchrungskr\u00e4fte von KMU auf.\",\"publisher\":{\"@id\":\"https:\\\/\\\/www.organisator.ch\\\/#organization\"},\"potentialAction\":[{\"@type\":\"SearchAction\",\"target\":{\"@type\":\"EntryPoint\",\"urlTemplate\":\"https:\\\/\\\/www.organisator.ch\\\/?s={search_term_string}\"},\"query-input\":{\"@type\":\"PropertyValueSpecification\",\"valueRequired\":true,\"valueName\":\"search_term_string\"}}],\"inLanguage\":\"fr-FR\"},{\"@type\":\"Organization\",\"@id\":\"https:\\\/\\\/www.organisator.ch\\\/#organization\",\"name\":\"Organisator\",\"url\":\"https:\\\/\\\/www.organisator.ch\\\/\",\"logo\":{\"@type\":\"ImageObject\",\"inLanguage\":\"fr-FR\",\"@id\":\"https:\\\/\\\/www.organisator.ch\\\/#\\\/schema\\\/logo\\\/image\\\/\",\"url\":\"https:\\\/\\\/www.organisator.ch\\\/wp-content\\\/uploads\\\/2022\\\/01\\\/Logo_Organisator_Website.png\",\"contentUrl\":\"https:\\\/\\\/www.organisator.ch\\\/wp-content\\\/uploads\\\/2022\\\/01\\\/Logo_Organisator_Website.png\",\"width\":800,\"height\":77,\"caption\":\"Organisator\"},\"image\":{\"@id\":\"https:\\\/\\\/www.organisator.ch\\\/#\\\/schema\\\/logo\\\/image\\\/\"},\"sameAs\":[\"https:\\\/\\\/www.facebook.com\\\/OrganisatorFachmagazin\",\"https:\\\/\\\/www.linkedin.com\\\/showcase\\\/organisator-das-magazin-fr-kmu\",\"https:\\\/\\\/www.xing.com\\\/news\\\/pages\\\/organisator-ch-695\",\"https:\\\/\\\/www.youtube.com\\\/channel\\\/UCGP2Sq0iWaZwT3BdIAQFYpw\"]},{\"@type\":\"Person\",\"@id\":\"https:\\\/\\\/www.organisator.ch\\\/#\\\/schema\\\/person\\\/6f650f90b2842cd4c0cc334b4e36f67e\",\"name\":\"thomas.berner\",\"image\":{\"@type\":\"ImageObject\",\"inLanguage\":\"fr-FR\",\"@id\":\"https:\\\/\\\/secure.gravatar.com\\\/avatar\\\/ac5001d2a36cb6c6cd3e50789007ffca834b477b74a2144564522e944eabff61?s=96&d=mm&r=g\",\"url\":\"https:\\\/\\\/secure.gravatar.com\\\/avatar\\\/ac5001d2a36cb6c6cd3e50789007ffca834b477b74a2144564522e944eabff61?s=96&d=mm&r=g\",\"contentUrl\":\"https:\\\/\\\/secure.gravatar.com\\\/avatar\\\/ac5001d2a36cb6c6cd3e50789007ffca834b477b74a2144564522e944eabff61?s=96&d=mm&r=g\",\"caption\":\"thomas.berner\"},\"url\":\"https:\\\/\\\/www.organisator.ch\\\/fr\\\/author\\\/thomas-berner\\\/\"}]}<\/script>\n<!-- \/ Yoast SEO plugin. -->","yoast_head_json":{"title":"Etude sur les apprentis 2021 : les professionnels du commerce sont optimistes quant \u00e0 l'avenir - Organisateur","description":"L'\u00e9tude sur les apprentis 2021 montre qu'une grande partie des jeunes professionnels a bien surmont\u00e9 la situation difficile du Covid-19.","robots":{"index":"index","follow":"follow","max-snippet":"max-snippet:-1","max-image-preview":"max-image-preview:large","max-video-preview":"max-video-preview:-1"},"canonical":"https:\/\/www.organisator.ch\/fr\/ressources-humaines\/2022-04-20\/lehrabgaengerstudie-2021-kaufmaennische-berufsleute-schauen-optimistisch-nach-vorne\/","og_locale":"fr_FR","og_type":"article","og_title":"Lehrabg\u00e4ngerstudie 2021: Kaufm\u00e4nnische Berufsleute schauen optimistisch nach vorne","og_description":"Die Lehrabg\u00e4ngerstudie 2021 zeigt, dass ein Grossteil der jungen Berufsleute die erschwerte Covid-19-Situation gut \u00fcberstanden hat.","og_url":"https:\/\/www.organisator.ch\/fr\/ressources-humaines\/2022-04-20\/lehrabgaengerstudie-2021-kaufmaennische-berufsleute-schauen-optimistisch-nach-vorne\/","og_site_name":"Organisator","article_publisher":"https:\/\/www.facebook.com\/OrganisatorFachmagazin","article_published_time":"2022-04-20T13:33:37+00:00","article_modified_time":"2022-04-28T07:58:47+00:00","og_image":[{"width":680,"height":720,"url":"https:\/\/www.organisator.ch\/wp-content\/uploads\/2022\/04\/Lehrabgaengerstudie-2021-Kaufmaennische-Berufsleute-schauen-optimistisch-nach-vorne-1_Organisator.jpg","type":"image\/jpeg"}],"author":"thomas.berner","twitter_card":"summary_large_image","twitter_title":"#Lehrabg\u00e4ngerstudie 2021: Kaufm\u00e4nnische #Berufsleute schauen optimistisch nach vorne","twitter_description":"Die #Lehrabg\u00e4ngerstudie 2021 zeigt, dass ein Grossteil der jungen #Berufsleute die erschwerte #Covid-19-Situation gut \u00fcberstanden hat.","twitter_image":"https:\/\/www.organisator.ch\/wp-content\/uploads\/2022\/04\/Lehrabgaengerstudie-2021-Kaufmaennische-Berufsleute-schauen-optimistisch-nach-vorne-1_Organisator.jpg","schema":{"@context":"https:\/\/schema.org","@graph":[{"@type":"Article","@id":"https:\/\/www.organisator.ch\/human-resources\/2022-04-20\/lehrabgaengerstudie-2021-kaufmaennische-berufsleute-schauen-optimistisch-nach-vorne\/#article","isPartOf":{"@id":"https:\/\/www.organisator.ch\/human-resources\/2022-04-20\/lehrabgaengerstudie-2021-kaufmaennische-berufsleute-schauen-optimistisch-nach-vorne\/"},"author":{"name":"thomas.berner","@id":"https:\/\/www.organisator.ch\/#\/schema\/person\/6f650f90b2842cd4c0cc334b4e36f67e"},"headline":"Lehrabg\u00e4ngerstudie 2021: Kaufm\u00e4nnische Berufsleute schauen optimistisch nach vorne","datePublished":"2022-04-20T13:33:37+00:00","dateModified":"2022-04-28T07:58:47+00:00","mainEntityOfPage":{"@id":"https:\/\/www.organisator.ch\/human-resources\/2022-04-20\/lehrabgaengerstudie-2021-kaufmaennische-berufsleute-schauen-optimistisch-nach-vorne\/"},"wordCount":795,"publisher":{"@id":"https:\/\/www.organisator.ch\/#organization"},"image":{"@id":"https:\/\/www.organisator.ch\/human-resources\/2022-04-20\/lehrabgaengerstudie-2021-kaufmaennische-berufsleute-schauen-optimistisch-nach-vorne\/#primaryimage"},"thumbnailUrl":"https:\/\/www.organisator.ch\/wp-content\/uploads\/2022\/04\/Lehrabgaengerstudie-2021-Kaufmaennische-Berufsleute-schauen-optimistisch-nach-vorne-1_Organisator.jpg","keywords":["Aus-\/Weiterbildung","Coronavirus","Studie","Verb\u00e4nde"],"articleSection":["HUMAN RESOURCES"],"inLanguage":"fr-FR"},{"@type":"WebPage","@id":"https:\/\/www.organisator.ch\/human-resources\/2022-04-20\/lehrabgaengerstudie-2021-kaufmaennische-berufsleute-schauen-optimistisch-nach-vorne\/","url":"https:\/\/www.organisator.ch\/human-resources\/2022-04-20\/lehrabgaengerstudie-2021-kaufmaennische-berufsleute-schauen-optimistisch-nach-vorne\/","name":"Etude sur les apprentis 2021 : les professionnels du commerce sont optimistes quant \u00e0 l'avenir - Organisateur","isPartOf":{"@id":"https:\/\/www.organisator.ch\/#website"},"primaryImageOfPage":{"@id":"https:\/\/www.organisator.ch\/human-resources\/2022-04-20\/lehrabgaengerstudie-2021-kaufmaennische-berufsleute-schauen-optimistisch-nach-vorne\/#primaryimage"},"image":{"@id":"https:\/\/www.organisator.ch\/human-resources\/2022-04-20\/lehrabgaengerstudie-2021-kaufmaennische-berufsleute-schauen-optimistisch-nach-vorne\/#primaryimage"},"thumbnailUrl":"https:\/\/www.organisator.ch\/wp-content\/uploads\/2022\/04\/Lehrabgaengerstudie-2021-Kaufmaennische-Berufsleute-schauen-optimistisch-nach-vorne-1_Organisator.jpg","datePublished":"2022-04-20T13:33:37+00:00","dateModified":"2022-04-28T07:58:47+00:00","description":"L'\u00e9tude sur les apprentis 2021 montre qu'une grande partie des jeunes professionnels a bien surmont\u00e9 la situation difficile du Covid-19.","breadcrumb":{"@id":"https:\/\/www.organisator.ch\/human-resources\/2022-04-20\/lehrabgaengerstudie-2021-kaufmaennische-berufsleute-schauen-optimistisch-nach-vorne\/#breadcrumb"},"inLanguage":"fr-FR","potentialAction":[{"@type":"ReadAction","target":["https:\/\/www.organisator.ch\/human-resources\/2022-04-20\/lehrabgaengerstudie-2021-kaufmaennische-berufsleute-schauen-optimistisch-nach-vorne\/"]}]},{"@type":"ImageObject","inLanguage":"fr-FR","@id":"https:\/\/www.organisator.ch\/human-resources\/2022-04-20\/lehrabgaengerstudie-2021-kaufmaennische-berufsleute-schauen-optimistisch-nach-vorne\/#primaryimage","url":"https:\/\/www.organisator.ch\/wp-content\/uploads\/2022\/04\/Lehrabgaengerstudie-2021-Kaufmaennische-Berufsleute-schauen-optimistisch-nach-vorne-1_Organisator.jpg","contentUrl":"https:\/\/www.organisator.ch\/wp-content\/uploads\/2022\/04\/Lehrabgaengerstudie-2021-Kaufmaennische-Berufsleute-schauen-optimistisch-nach-vorne-1_Organisator.jpg"},{"@type":"BreadcrumbList","@id":"https:\/\/www.organisator.ch\/human-resources\/2022-04-20\/lehrabgaengerstudie-2021-kaufmaennische-berufsleute-schauen-optimistisch-nach-vorne\/#breadcrumb","itemListElement":[{"@type":"ListItem","position":1,"name":"Home","item":"https:\/\/www.organisator.ch\/"},{"@type":"ListItem","position":2,"name":"Lehrabg\u00e4ngerstudie 2021: Kaufm\u00e4nnische Berufsleute schauen optimistisch nach vorne"}]},{"@type":"WebSite","@id":"https:\/\/www.organisator.ch\/#website","url":"https:\/\/www.organisator.ch\/","name":"Organisateur","description":"Comp\u00e9tence et comp\u00e9tence. Proches de la pratique. L'ORGANISATEUR pr\u00e9pare 10 num\u00e9ros par an sur les th\u00e8mes essentiels pour les dirigeants de PME.","publisher":{"@id":"https:\/\/www.organisator.ch\/#organization"},"potentialAction":[{"@type":"SearchAction","target":{"@type":"EntryPoint","urlTemplate":"https:\/\/www.organisator.ch\/?s={search_term_string}"},"query-input":{"@type":"PropertyValueSpecification","valueRequired":true,"valueName":"search_term_string"}}],"inLanguage":"fr-FR"},{"@type":"Organization","@id":"https:\/\/www.organisator.ch\/#organization","name":"Organisateur","url":"https:\/\/www.organisator.ch\/","logo":{"@type":"ImageObject","inLanguage":"fr-FR","@id":"https:\/\/www.organisator.ch\/#\/schema\/logo\/image\/","url":"https:\/\/www.organisator.ch\/wp-content\/uploads\/2022\/01\/Logo_Organisator_Website.png","contentUrl":"https:\/\/www.organisator.ch\/wp-content\/uploads\/2022\/01\/Logo_Organisator_Website.png","width":800,"height":77,"caption":"Organisator"},"image":{"@id":"https:\/\/www.organisator.ch\/#\/schema\/logo\/image\/"},"sameAs":["https:\/\/www.facebook.com\/OrganisatorFachmagazin","https:\/\/www.linkedin.com\/showcase\/organisator-das-magazin-fr-kmu","https:\/\/www.xing.com\/news\/pages\/organisator-ch-695","https:\/\/www.youtube.com\/channel\/UCGP2Sq0iWaZwT3BdIAQFYpw"]},{"@type":"Person","@id":"https:\/\/www.organisator.ch\/#\/schema\/person\/6f650f90b2842cd4c0cc334b4e36f67e","name":"thomas.berner","image":{"@type":"ImageObject","inLanguage":"fr-FR","@id":"https:\/\/secure.gravatar.com\/avatar\/ac5001d2a36cb6c6cd3e50789007ffca834b477b74a2144564522e944eabff61?s=96&d=mm&r=g","url":"https:\/\/secure.gravatar.com\/avatar\/ac5001d2a36cb6c6cd3e50789007ffca834b477b74a2144564522e944eabff61?s=96&d=mm&r=g","contentUrl":"https:\/\/secure.gravatar.com\/avatar\/ac5001d2a36cb6c6cd3e50789007ffca834b477b74a2144564522e944eabff61?s=96&d=mm&r=g","caption":"thomas.berner"},"url":"https:\/\/www.organisator.ch\/fr\/author\/thomas-berner\/"}]}},"_links":{"self":[{"href":"https:\/\/www.organisator.ch\/fr\/wp-json\/wp\/v2\/posts\/12620","targetHints":{"allow":["GET"]}}],"collection":[{"href":"https:\/\/www.organisator.ch\/fr\/wp-json\/wp\/v2\/posts"}],"about":[{"href":"https:\/\/www.organisator.ch\/fr\/wp-json\/wp\/v2\/types\/post"}],"author":[{"embeddable":true,"href":"https:\/\/www.organisator.ch\/fr\/wp-json\/wp\/v2\/users\/4"}],"replies":[{"embeddable":true,"href":"https:\/\/www.organisator.ch\/fr\/wp-json\/wp\/v2\/comments?post=12620"}],"version-history":[{"count":1,"href":"https:\/\/www.organisator.ch\/fr\/wp-json\/wp\/v2\/posts\/12620\/revisions"}],"predecessor-version":[{"id":12624,"href":"https:\/\/www.organisator.ch\/fr\/wp-json\/wp\/v2\/posts\/12620\/revisions\/12624"}],"wp:attachment":[{"href":"https:\/\/www.organisator.ch\/fr\/wp-json\/wp\/v2\/media?parent=12620"}],"wp:term":[{"taxonomy":"category","embeddable":true,"href":"https:\/\/www.organisator.ch\/fr\/wp-json\/wp\/v2\/categories?post=12620"},{"taxonomy":"post_tag","embeddable":true,"href":"https:\/\/www.organisator.ch\/fr\/wp-json\/wp\/v2\/tags?post=12620"}],"curies":[{"name":"wp","href":"https:\/\/api.w.org\/{rel}","templated":true}]}}