{"id":12646,"date":"2022-04-26T06:20:40","date_gmt":"2022-04-26T04:20:40","guid":{"rendered":"https:\/\/www.organisator.ch\/?p=12646"},"modified":"2022-05-04T08:55:53","modified_gmt":"2022-05-04T06:55:53","slug":"fuehren-ohne-chef-zu-sein-wie-geht-das","status":"publish","type":"post","link":"https:\/\/www.organisator.ch\/fr\/management\/2022-04-26\/fuehren-ohne-chef-zu-sein-wie-geht-das\/","title":{"rendered":"Diriger sans \u00eatre chef : Comment faire ?"},"content":{"rendered":"<figure id=\"attachment_12649\" aria-describedby=\"caption-attachment-12649\" style=\"width: 680px\" class=\"wp-caption alignnone\"><img loading=\"lazy\" decoding=\"async\" class=\"size-full wp-image-12649\" src=\"https:\/\/www.organisator.ch\/wp-content\/uploads\/2022\/04\/Fuehren-ohne-Chef-zu-sein-Wie-geht-das_Organisator.jpg\" alt=\"\" width=\"680\" height=\"453\" srcset=\"https:\/\/www.organisator.ch\/wp-content\/uploads\/2022\/04\/Fuehren-ohne-Chef-zu-sein-Wie-geht-das_Organisator.jpg 680w, https:\/\/www.organisator.ch\/wp-content\/uploads\/2022\/04\/Fuehren-ohne-Chef-zu-sein-Wie-geht-das_Organisator-18x12.jpg 18w, https:\/\/www.organisator.ch\/wp-content\/uploads\/2022\/04\/Fuehren-ohne-Chef-zu-sein-Wie-geht-das_Organisator-263x175.jpg 263w, https:\/\/www.organisator.ch\/wp-content\/uploads\/2022\/04\/Fuehren-ohne-Chef-zu-sein-Wie-geht-das_Organisator-525x350.jpg 525w, https:\/\/www.organisator.ch\/wp-content\/uploads\/2022\/04\/Fuehren-ohne-Chef-zu-sein-Wie-geht-das_Organisator-300x200.jpg 300w\" sizes=\"auto, (max-width: 680px) 100vw, 680px\" \/><figcaption id=\"caption-attachment-12649\" class=\"wp-caption-text\">Diriger sans \u00eatre chef : un leadership r\u00e9ussi fonctionne aussi au-del\u00e0 des fronti\u00e8res de l'\u00e9quipe. (Image : Unsplash.com)<\/figcaption><\/figure>\n<p>Un bon leadership est d\u00e9j\u00e0 un d\u00e9fi lorsque vous occupez formellement la position du chef ou de la cheffe. Car m\u00eame votre \"position power\" ne vous sert pas \u00e0 grand-chose si les gens ne vous suivent qu'\u00e0 contrec\u0153ur. Vous pouvez alors tout au plus imposer des r\u00e9sultats \u00e0 court terme. Cela ne fonctionne jamais \u00e0 moyen et \u00e0 long terme. C'est encore plus difficile lorsque vous devez diriger les autres, mais que vous n'avez pas d'autorit\u00e9 formelle ?<\/p>\n<p>D'apr\u00e8s mes observations, de tels postes sont de plus en plus fr\u00e9quents : qu'il s'agisse du gestionnaire de portefeuille de produits sur plusieurs divisions, du directeur commercial global qui d\u00e9pend des soci\u00e9t\u00e9s nationales ou du chef de projet avec vingt membres de l'\u00e9quipe de projet issus des domaines les plus divers. Dans tous ces cas, l'influence est indirecte. Comment obtenir un maximum de r\u00e9sultats avec votre \u00e9quipe virtuelle dans ces cas-l\u00e0 ?<\/p>\n<p>Eh bien, la r\u00e9ponse r\u00e9side dans le fait que le leadership de haut niveau a toujours signifi\u00e9 une influence de haut niveau, que ce soit avec ou sans position formelle. Le leadership sans poste d\u00e9pend donc encore plus de votre influence.<\/p>\n<p><strong>La question est donc la suivante : comment influencez-vous les gens dans votre sens, m\u00eame s'ils ont un autre chef ?<\/strong><\/p>\n<p>Voici trois questions importantes auxquelles il faut r\u00e9pondre :<\/p>\n<ol>\n<li><strong>\"Qu'est-ce que je veux ?\"<\/strong><br \/>\nCette question peut para\u00eetre tr\u00e8s simple, mais la plupart des gens ont de grandes difficult\u00e9s \u00e0 y r\u00e9pondre (c'est en tout cas ce que je constate r\u00e9guli\u00e8rement dans mon coaching). Il est tr\u00e8s important que vous puissiez citer des r\u00e9sultats clairs pour des p\u00e9riodes pr\u00e9cises : Que voulez-vous atteindre exactement d'ici la fin de l'ann\u00e9e ? Avec qui ? Et pourquoi ? Car si vous n'\u00eates pas clair \u00e0 cent pour cent sur ce que vous voulez exactement, comment les autres peuvent-ils vous suivre ? Comment allez-vous convaincre les autres ?<\/li>\n<li><strong>\"Qu'est-ce que les autres ont \u00e0 y gagner ?\"<\/strong><br \/>\nDans le domaine de la vente, cela s'appelle \"l'argumentation sur les avantages\". Qu'est-ce que les autres, ceux que vous voulez influencer, ont \u00e0 gagner de votre r\u00f4le et de votre leadership ? Quelle valeur apportez-vous \u00e0 leurs yeux ? Pour beaucoup de personnes, cette id\u00e9e est difficile, mais dans une telle position, vous devez aussi vous vendre vous-m\u00eame. Vous devez pouvoir d\u00e9montrer clairement pourquoi les autres devraient consacrer leur pr\u00e9cieux temps \u00e0 vos sujets. Un bon moyen est d'ailleurs (comme dans la vente) de demander concr\u00e8tement aux autres.<\/li>\n<li><strong>\"Comment peut-on<\/strong><strong>\u00f6<\/strong><strong>pouvons-nous profiter les uns des autres ?\"<\/strong><br \/>\nC'est une bonne question \u00e0 poser aux personnes avec lesquelles vous souhaitez r\u00e9aliser quelque chose ensemble. Une question aussi ouverte et positive invite \u00e0 la r\u00e9flexion. Conseil suppl\u00e9mentaire : vous pouvez \u00e9galement poser la question en rapport avec des th\u00e8mes sp\u00e9cifiques que vous souhaitez faire avancer. Vous orientez ainsi les autres dans la direction que vous souhaitez. C'est ce qu'on appelle \"exercer une influence\". Vous deviendrez ainsi un meilleur leader.<\/li>\n<\/ol>\n<p>Donc, si vous vous trouvez dans une situation de leadership difficile, je vous recommande de r\u00e9pondre \u00e0 ces trois questions. Vous augmenterez ainsi votre influence d'un bon cran.<\/p>\n<p><strong><em>Auteur :<br \/>\n<\/em><\/strong><em>Volkmar V\u00f6lzke est un maximisateur de succ\u00e8s, auteur de livres, conseiller, coach, speaker.<\/em><em><a href=\"https:\/\/www.volkmarvoelzke.ch\/\">www.volkmarvoelzke.ch<\/a><\/em><\/p>","protected":false},"excerpt":{"rendered":"<p>Gutes Leadership ist bereits dann herausfordernd, wenn Sie formal die Position des Chefs oder der Chefin besetzen. Denn auch Ihre &#8222;Position Power&#8220; nutzt Ihnen nicht viel, wenn die Leute Ihnen nur widerwillig folgen. Sie k\u00f6nnen dann allenfalls kurzfristig Ergebnisse erzwingen. Mittel- und langfristig funktioniert das nie. Wieviel schwieriger ist es hingegen, wenn Sie andere f\u00fchren [&hellip;]<\/p>\n","protected":false},"author":4,"featured_media":12649,"comment_status":"closed","ping_status":"closed","sticky":false,"template":"","format":"standard","meta":{"_acf_changed":false,"_yoast_wpseo_focuskw":"F\u00fchren ohne Chef","_yoast_wpseo_metadesc":"Sie haben keine formale Weisungsbefugnisse, m\u00fcssen aber dennoch andere f\u00fchren. Wie geht dieses \"F\u00fchren ohne Chef zu sein\"?","articlekey":"","footnotes":""},"categories":[28],"tags":[177,320,335],"class_list":["post-12646","post","type-post","status-publish","format-standard","has-post-thumbnail","hentry","category-management","tag-erfolgs-impuls","tag-leadership","tag-management-und-unternehmensfuehrung"],"acf":[],"yoast_head":"<!-- This site is optimized with the Yoast SEO plugin v27.5 - https:\/\/yoast.com\/product\/yoast-seo-wordpress\/ -->\n<title>F\u00fchren ohne Chef zu sein: Wie geht das? - Organisator<\/title>\n<meta name=\"description\" content=\"Sie haben keine formale Weisungsbefugnisse, m\u00fcssen aber dennoch andere f\u00fchren. Wie geht dieses &quot;F\u00fchren ohne Chef zu sein&quot;?\" \/>\n<meta name=\"robots\" content=\"index, follow, max-snippet:-1, max-image-preview:large, max-video-preview:-1\" \/>\n<link rel=\"canonical\" href=\"https:\/\/www.organisator.ch\/fr\/gestion-2\/2022-04-26\/fuehren-ohne-chef-zu-sein-wie-geht-das\/\" \/>\n<meta property=\"og:locale\" content=\"fr_FR\" \/>\n<meta property=\"og:type\" content=\"article\" \/>\n<meta property=\"og:title\" content=\"F\u00fchren ohne Chef zu sein: Wie geht das?\" \/>\n<meta property=\"og:description\" content=\"Sie haben keine formale Weisungsbefugnisse, m\u00fcssen aber dennoch andere f\u00fchren. Wie geht dieses &quot;F\u00fchren ohne Chef zu sein&quot;?\" \/>\n<meta property=\"og:url\" content=\"https:\/\/www.organisator.ch\/fr\/gestion-2\/2022-04-26\/fuehren-ohne-chef-zu-sein-wie-geht-das\/\" \/>\n<meta property=\"og:site_name\" content=\"Organisator\" \/>\n<meta property=\"article:publisher\" content=\"https:\/\/www.facebook.com\/OrganisatorFachmagazin\" \/>\n<meta property=\"article:published_time\" content=\"2022-04-26T04:20:40+00:00\" \/>\n<meta property=\"article:modified_time\" content=\"2022-05-04T06:55:53+00:00\" \/>\n<meta property=\"og:image\" content=\"https:\/\/www.organisator.ch\/wp-content\/uploads\/2022\/04\/Fuehren-ohne-Chef-zu-sein-Wie-geht-das_Organisator.jpg\" \/>\n\t<meta property=\"og:image:width\" content=\"680\" \/>\n\t<meta property=\"og:image:height\" content=\"453\" \/>\n\t<meta property=\"og:image:type\" content=\"image\/jpeg\" \/>\n<meta name=\"author\" content=\"thomas.berner\" \/>\n<meta name=\"twitter:card\" content=\"summary_large_image\" \/>\n<meta name=\"twitter:title\" content=\"#F\u00fchren ohne #Chef zu sein: Wie geht das?\" \/>\n<meta name=\"twitter:description\" content=\"Sie haben keine formale #Weisungsbefugnisse, m\u00fcssen aber dennoch andere f\u00fchren. Wie geht dieses &quot;F\u00fchren ohne Chef zu sein&quot;?\" \/>\n<meta name=\"twitter:image\" content=\"https:\/\/www.organisator.ch\/wp-content\/uploads\/2022\/04\/Fuehren-ohne-Chef-zu-sein-Wie-geht-das_Organisator.jpg\" \/>\n<script type=\"application\/ld+json\" class=\"yoast-schema-graph\">{\"@context\":\"https:\\\/\\\/schema.org\",\"@graph\":[{\"@type\":\"Article\",\"@id\":\"https:\\\/\\\/www.organisator.ch\\\/management\\\/2022-04-26\\\/fuehren-ohne-chef-zu-sein-wie-geht-das\\\/#article\",\"isPartOf\":{\"@id\":\"https:\\\/\\\/www.organisator.ch\\\/management\\\/2022-04-26\\\/fuehren-ohne-chef-zu-sein-wie-geht-das\\\/\"},\"author\":{\"name\":\"thomas.berner\",\"@id\":\"https:\\\/\\\/www.organisator.ch\\\/#\\\/schema\\\/person\\\/6f650f90b2842cd4c0cc334b4e36f67e\"},\"headline\":\"F\u00fchren ohne Chef zu sein: Wie geht das?\",\"datePublished\":\"2022-04-26T04:20:40+00:00\",\"dateModified\":\"2022-05-04T06:55:53+00:00\",\"mainEntityOfPage\":{\"@id\":\"https:\\\/\\\/www.organisator.ch\\\/management\\\/2022-04-26\\\/fuehren-ohne-chef-zu-sein-wie-geht-das\\\/\"},\"wordCount\":499,\"publisher\":{\"@id\":\"https:\\\/\\\/www.organisator.ch\\\/#organization\"},\"image\":{\"@id\":\"https:\\\/\\\/www.organisator.ch\\\/management\\\/2022-04-26\\\/fuehren-ohne-chef-zu-sein-wie-geht-das\\\/#primaryimage\"},\"thumbnailUrl\":\"https:\\\/\\\/www.organisator.ch\\\/wp-content\\\/uploads\\\/2022\\\/04\\\/Fuehren-ohne-Chef-zu-sein-Wie-geht-das_Organisator.jpg\",\"keywords\":[\"Erfolgs-Impuls\",\"Leadership\",\"Management und Unternehmensf\u00fchrung\"],\"articleSection\":[\"MANAGEMENT\"],\"inLanguage\":\"fr-FR\"},{\"@type\":\"WebPage\",\"@id\":\"https:\\\/\\\/www.organisator.ch\\\/management\\\/2022-04-26\\\/fuehren-ohne-chef-zu-sein-wie-geht-das\\\/\",\"url\":\"https:\\\/\\\/www.organisator.ch\\\/management\\\/2022-04-26\\\/fuehren-ohne-chef-zu-sein-wie-geht-das\\\/\",\"name\":\"F\u00fchren ohne Chef zu sein: Wie geht das? - Organisator\",\"isPartOf\":{\"@id\":\"https:\\\/\\\/www.organisator.ch\\\/#website\"},\"primaryImageOfPage\":{\"@id\":\"https:\\\/\\\/www.organisator.ch\\\/management\\\/2022-04-26\\\/fuehren-ohne-chef-zu-sein-wie-geht-das\\\/#primaryimage\"},\"image\":{\"@id\":\"https:\\\/\\\/www.organisator.ch\\\/management\\\/2022-04-26\\\/fuehren-ohne-chef-zu-sein-wie-geht-das\\\/#primaryimage\"},\"thumbnailUrl\":\"https:\\\/\\\/www.organisator.ch\\\/wp-content\\\/uploads\\\/2022\\\/04\\\/Fuehren-ohne-Chef-zu-sein-Wie-geht-das_Organisator.jpg\",\"datePublished\":\"2022-04-26T04:20:40+00:00\",\"dateModified\":\"2022-05-04T06:55:53+00:00\",\"description\":\"Sie haben keine formale Weisungsbefugnisse, m\u00fcssen aber dennoch andere f\u00fchren. Wie geht dieses \\\"F\u00fchren ohne Chef zu sein\\\"?\",\"breadcrumb\":{\"@id\":\"https:\\\/\\\/www.organisator.ch\\\/management\\\/2022-04-26\\\/fuehren-ohne-chef-zu-sein-wie-geht-das\\\/#breadcrumb\"},\"inLanguage\":\"fr-FR\",\"potentialAction\":[{\"@type\":\"ReadAction\",\"target\":[\"https:\\\/\\\/www.organisator.ch\\\/management\\\/2022-04-26\\\/fuehren-ohne-chef-zu-sein-wie-geht-das\\\/\"]}]},{\"@type\":\"ImageObject\",\"inLanguage\":\"fr-FR\",\"@id\":\"https:\\\/\\\/www.organisator.ch\\\/management\\\/2022-04-26\\\/fuehren-ohne-chef-zu-sein-wie-geht-das\\\/#primaryimage\",\"url\":\"https:\\\/\\\/www.organisator.ch\\\/wp-content\\\/uploads\\\/2022\\\/04\\\/Fuehren-ohne-Chef-zu-sein-Wie-geht-das_Organisator.jpg\",\"contentUrl\":\"https:\\\/\\\/www.organisator.ch\\\/wp-content\\\/uploads\\\/2022\\\/04\\\/Fuehren-ohne-Chef-zu-sein-Wie-geht-das_Organisator.jpg\",\"width\":680,\"height\":453,\"caption\":\"F\u00fchren ohne Chef zu sein: Erfolgreiche Leadership funktioniert auch \u00fcber Team-Grenzen hinaus. (Bild: Unsplash.com)\"},{\"@type\":\"BreadcrumbList\",\"@id\":\"https:\\\/\\\/www.organisator.ch\\\/management\\\/2022-04-26\\\/fuehren-ohne-chef-zu-sein-wie-geht-das\\\/#breadcrumb\",\"itemListElement\":[{\"@type\":\"ListItem\",\"position\":1,\"name\":\"Home\",\"item\":\"https:\\\/\\\/www.organisator.ch\\\/\"},{\"@type\":\"ListItem\",\"position\":2,\"name\":\"F\u00fchren ohne Chef zu sein: Wie geht das?\"}]},{\"@type\":\"WebSite\",\"@id\":\"https:\\\/\\\/www.organisator.ch\\\/#website\",\"url\":\"https:\\\/\\\/www.organisator.ch\\\/\",\"name\":\"Organisator\",\"description\":\"Kompetent. Praxisnah. Der ORGANISATOR bereitet in 10 Ausgaben pro Jahr die wesentlichen Themen f\u00fcr F\u00fchrungskr\u00e4fte von KMU auf.\",\"publisher\":{\"@id\":\"https:\\\/\\\/www.organisator.ch\\\/#organization\"},\"potentialAction\":[{\"@type\":\"SearchAction\",\"target\":{\"@type\":\"EntryPoint\",\"urlTemplate\":\"https:\\\/\\\/www.organisator.ch\\\/?s={search_term_string}\"},\"query-input\":{\"@type\":\"PropertyValueSpecification\",\"valueRequired\":true,\"valueName\":\"search_term_string\"}}],\"inLanguage\":\"fr-FR\"},{\"@type\":\"Organization\",\"@id\":\"https:\\\/\\\/www.organisator.ch\\\/#organization\",\"name\":\"Organisator\",\"url\":\"https:\\\/\\\/www.organisator.ch\\\/\",\"logo\":{\"@type\":\"ImageObject\",\"inLanguage\":\"fr-FR\",\"@id\":\"https:\\\/\\\/www.organisator.ch\\\/#\\\/schema\\\/logo\\\/image\\\/\",\"url\":\"https:\\\/\\\/www.organisator.ch\\\/wp-content\\\/uploads\\\/2022\\\/01\\\/Logo_Organisator_Website.png\",\"contentUrl\":\"https:\\\/\\\/www.organisator.ch\\\/wp-content\\\/uploads\\\/2022\\\/01\\\/Logo_Organisator_Website.png\",\"width\":800,\"height\":77,\"caption\":\"Organisator\"},\"image\":{\"@id\":\"https:\\\/\\\/www.organisator.ch\\\/#\\\/schema\\\/logo\\\/image\\\/\"},\"sameAs\":[\"https:\\\/\\\/www.facebook.com\\\/OrganisatorFachmagazin\",\"https:\\\/\\\/www.linkedin.com\\\/showcase\\\/organisator-das-magazin-fr-kmu\",\"https:\\\/\\\/www.xing.com\\\/news\\\/pages\\\/organisator-ch-695\",\"https:\\\/\\\/www.youtube.com\\\/channel\\\/UCGP2Sq0iWaZwT3BdIAQFYpw\"]},{\"@type\":\"Person\",\"@id\":\"https:\\\/\\\/www.organisator.ch\\\/#\\\/schema\\\/person\\\/6f650f90b2842cd4c0cc334b4e36f67e\",\"name\":\"thomas.berner\",\"image\":{\"@type\":\"ImageObject\",\"inLanguage\":\"fr-FR\",\"@id\":\"https:\\\/\\\/secure.gravatar.com\\\/avatar\\\/ac5001d2a36cb6c6cd3e50789007ffca834b477b74a2144564522e944eabff61?s=96&d=mm&r=g\",\"url\":\"https:\\\/\\\/secure.gravatar.com\\\/avatar\\\/ac5001d2a36cb6c6cd3e50789007ffca834b477b74a2144564522e944eabff61?s=96&d=mm&r=g\",\"contentUrl\":\"https:\\\/\\\/secure.gravatar.com\\\/avatar\\\/ac5001d2a36cb6c6cd3e50789007ffca834b477b74a2144564522e944eabff61?s=96&d=mm&r=g\",\"caption\":\"thomas.berner\"},\"url\":\"https:\\\/\\\/www.organisator.ch\\\/fr\\\/author\\\/thomas-berner\\\/\"}]}<\/script>\n<!-- \/ Yoast SEO plugin. -->","yoast_head_json":{"title":"Diriger sans \u00eatre chef : Comment faire ? - Organisateur","description":"Vous n'avez pas d'autorit\u00e9 formelle, mais vous devez tout de m\u00eame diriger les autres. Comment faire pour \"diriger sans \u00eatre chef\" ?","robots":{"index":"index","follow":"follow","max-snippet":"max-snippet:-1","max-image-preview":"max-image-preview:large","max-video-preview":"max-video-preview:-1"},"canonical":"https:\/\/www.organisator.ch\/fr\/gestion-2\/2022-04-26\/fuehren-ohne-chef-zu-sein-wie-geht-das\/","og_locale":"fr_FR","og_type":"article","og_title":"F\u00fchren ohne Chef zu sein: Wie geht das?","og_description":"Sie haben keine formale Weisungsbefugnisse, m\u00fcssen aber dennoch andere f\u00fchren. Wie geht dieses \"F\u00fchren ohne Chef zu sein\"?","og_url":"https:\/\/www.organisator.ch\/fr\/gestion-2\/2022-04-26\/fuehren-ohne-chef-zu-sein-wie-geht-das\/","og_site_name":"Organisator","article_publisher":"https:\/\/www.facebook.com\/OrganisatorFachmagazin","article_published_time":"2022-04-26T04:20:40+00:00","article_modified_time":"2022-05-04T06:55:53+00:00","og_image":[{"width":680,"height":453,"url":"https:\/\/www.organisator.ch\/wp-content\/uploads\/2022\/04\/Fuehren-ohne-Chef-zu-sein-Wie-geht-das_Organisator.jpg","type":"image\/jpeg"}],"author":"thomas.berner","twitter_card":"summary_large_image","twitter_title":"#F\u00fchren ohne #Chef zu sein: Wie geht das?","twitter_description":"Sie haben keine formale #Weisungsbefugnisse, m\u00fcssen aber dennoch andere f\u00fchren. Wie geht dieses \"F\u00fchren ohne Chef zu sein\"?","twitter_image":"https:\/\/www.organisator.ch\/wp-content\/uploads\/2022\/04\/Fuehren-ohne-Chef-zu-sein-Wie-geht-das_Organisator.jpg","schema":{"@context":"https:\/\/schema.org","@graph":[{"@type":"Article","@id":"https:\/\/www.organisator.ch\/management\/2022-04-26\/fuehren-ohne-chef-zu-sein-wie-geht-das\/#article","isPartOf":{"@id":"https:\/\/www.organisator.ch\/management\/2022-04-26\/fuehren-ohne-chef-zu-sein-wie-geht-das\/"},"author":{"name":"thomas.berner","@id":"https:\/\/www.organisator.ch\/#\/schema\/person\/6f650f90b2842cd4c0cc334b4e36f67e"},"headline":"F\u00fchren ohne Chef zu sein: Wie geht das?","datePublished":"2022-04-26T04:20:40+00:00","dateModified":"2022-05-04T06:55:53+00:00","mainEntityOfPage":{"@id":"https:\/\/www.organisator.ch\/management\/2022-04-26\/fuehren-ohne-chef-zu-sein-wie-geht-das\/"},"wordCount":499,"publisher":{"@id":"https:\/\/www.organisator.ch\/#organization"},"image":{"@id":"https:\/\/www.organisator.ch\/management\/2022-04-26\/fuehren-ohne-chef-zu-sein-wie-geht-das\/#primaryimage"},"thumbnailUrl":"https:\/\/www.organisator.ch\/wp-content\/uploads\/2022\/04\/Fuehren-ohne-Chef-zu-sein-Wie-geht-das_Organisator.jpg","keywords":["Erfolgs-Impuls","Leadership","Management und Unternehmensf\u00fchrung"],"articleSection":["MANAGEMENT"],"inLanguage":"fr-FR"},{"@type":"WebPage","@id":"https:\/\/www.organisator.ch\/management\/2022-04-26\/fuehren-ohne-chef-zu-sein-wie-geht-das\/","url":"https:\/\/www.organisator.ch\/management\/2022-04-26\/fuehren-ohne-chef-zu-sein-wie-geht-das\/","name":"Diriger sans \u00eatre chef : Comment faire ? - Organisateur","isPartOf":{"@id":"https:\/\/www.organisator.ch\/#website"},"primaryImageOfPage":{"@id":"https:\/\/www.organisator.ch\/management\/2022-04-26\/fuehren-ohne-chef-zu-sein-wie-geht-das\/#primaryimage"},"image":{"@id":"https:\/\/www.organisator.ch\/management\/2022-04-26\/fuehren-ohne-chef-zu-sein-wie-geht-das\/#primaryimage"},"thumbnailUrl":"https:\/\/www.organisator.ch\/wp-content\/uploads\/2022\/04\/Fuehren-ohne-Chef-zu-sein-Wie-geht-das_Organisator.jpg","datePublished":"2022-04-26T04:20:40+00:00","dateModified":"2022-05-04T06:55:53+00:00","description":"Vous n'avez pas d'autorit\u00e9 formelle, mais vous devez tout de m\u00eame diriger les autres. Comment faire pour \"diriger sans \u00eatre chef\" ?","breadcrumb":{"@id":"https:\/\/www.organisator.ch\/management\/2022-04-26\/fuehren-ohne-chef-zu-sein-wie-geht-das\/#breadcrumb"},"inLanguage":"fr-FR","potentialAction":[{"@type":"ReadAction","target":["https:\/\/www.organisator.ch\/management\/2022-04-26\/fuehren-ohne-chef-zu-sein-wie-geht-das\/"]}]},{"@type":"ImageObject","inLanguage":"fr-FR","@id":"https:\/\/www.organisator.ch\/management\/2022-04-26\/fuehren-ohne-chef-zu-sein-wie-geht-das\/#primaryimage","url":"https:\/\/www.organisator.ch\/wp-content\/uploads\/2022\/04\/Fuehren-ohne-Chef-zu-sein-Wie-geht-das_Organisator.jpg","contentUrl":"https:\/\/www.organisator.ch\/wp-content\/uploads\/2022\/04\/Fuehren-ohne-Chef-zu-sein-Wie-geht-das_Organisator.jpg","width":680,"height":453,"caption":"F\u00fchren ohne Chef zu sein: Erfolgreiche Leadership funktioniert auch \u00fcber Team-Grenzen hinaus. (Bild: Unsplash.com)"},{"@type":"BreadcrumbList","@id":"https:\/\/www.organisator.ch\/management\/2022-04-26\/fuehren-ohne-chef-zu-sein-wie-geht-das\/#breadcrumb","itemListElement":[{"@type":"ListItem","position":1,"name":"Home","item":"https:\/\/www.organisator.ch\/"},{"@type":"ListItem","position":2,"name":"F\u00fchren ohne Chef zu sein: Wie geht das?"}]},{"@type":"WebSite","@id":"https:\/\/www.organisator.ch\/#website","url":"https:\/\/www.organisator.ch\/","name":"Organisateur","description":"Comp\u00e9tence et comp\u00e9tence. Proches de la pratique. L'ORGANISATEUR pr\u00e9pare 10 num\u00e9ros par an sur les th\u00e8mes essentiels pour les dirigeants de PME.","publisher":{"@id":"https:\/\/www.organisator.ch\/#organization"},"potentialAction":[{"@type":"SearchAction","target":{"@type":"EntryPoint","urlTemplate":"https:\/\/www.organisator.ch\/?s={search_term_string}"},"query-input":{"@type":"PropertyValueSpecification","valueRequired":true,"valueName":"search_term_string"}}],"inLanguage":"fr-FR"},{"@type":"Organization","@id":"https:\/\/www.organisator.ch\/#organization","name":"Organisateur","url":"https:\/\/www.organisator.ch\/","logo":{"@type":"ImageObject","inLanguage":"fr-FR","@id":"https:\/\/www.organisator.ch\/#\/schema\/logo\/image\/","url":"https:\/\/www.organisator.ch\/wp-content\/uploads\/2022\/01\/Logo_Organisator_Website.png","contentUrl":"https:\/\/www.organisator.ch\/wp-content\/uploads\/2022\/01\/Logo_Organisator_Website.png","width":800,"height":77,"caption":"Organisator"},"image":{"@id":"https:\/\/www.organisator.ch\/#\/schema\/logo\/image\/"},"sameAs":["https:\/\/www.facebook.com\/OrganisatorFachmagazin","https:\/\/www.linkedin.com\/showcase\/organisator-das-magazin-fr-kmu","https:\/\/www.xing.com\/news\/pages\/organisator-ch-695","https:\/\/www.youtube.com\/channel\/UCGP2Sq0iWaZwT3BdIAQFYpw"]},{"@type":"Person","@id":"https:\/\/www.organisator.ch\/#\/schema\/person\/6f650f90b2842cd4c0cc334b4e36f67e","name":"thomas.berner","image":{"@type":"ImageObject","inLanguage":"fr-FR","@id":"https:\/\/secure.gravatar.com\/avatar\/ac5001d2a36cb6c6cd3e50789007ffca834b477b74a2144564522e944eabff61?s=96&d=mm&r=g","url":"https:\/\/secure.gravatar.com\/avatar\/ac5001d2a36cb6c6cd3e50789007ffca834b477b74a2144564522e944eabff61?s=96&d=mm&r=g","contentUrl":"https:\/\/secure.gravatar.com\/avatar\/ac5001d2a36cb6c6cd3e50789007ffca834b477b74a2144564522e944eabff61?s=96&d=mm&r=g","caption":"thomas.berner"},"url":"https:\/\/www.organisator.ch\/fr\/author\/thomas-berner\/"}]}},"_links":{"self":[{"href":"https:\/\/www.organisator.ch\/fr\/wp-json\/wp\/v2\/posts\/12646","targetHints":{"allow":["GET"]}}],"collection":[{"href":"https:\/\/www.organisator.ch\/fr\/wp-json\/wp\/v2\/posts"}],"about":[{"href":"https:\/\/www.organisator.ch\/fr\/wp-json\/wp\/v2\/types\/post"}],"author":[{"embeddable":true,"href":"https:\/\/www.organisator.ch\/fr\/wp-json\/wp\/v2\/users\/4"}],"replies":[{"embeddable":true,"href":"https:\/\/www.organisator.ch\/fr\/wp-json\/wp\/v2\/comments?post=12646"}],"version-history":[{"count":3,"href":"https:\/\/www.organisator.ch\/fr\/wp-json\/wp\/v2\/posts\/12646\/revisions"}],"predecessor-version":[{"id":12650,"href":"https:\/\/www.organisator.ch\/fr\/wp-json\/wp\/v2\/posts\/12646\/revisions\/12650"}],"wp:featuredmedia":[{"embeddable":true,"href":"https:\/\/www.organisator.ch\/fr\/wp-json\/wp\/v2\/media\/12649"}],"wp:attachment":[{"href":"https:\/\/www.organisator.ch\/fr\/wp-json\/wp\/v2\/media?parent=12646"}],"wp:term":[{"taxonomy":"category","embeddable":true,"href":"https:\/\/www.organisator.ch\/fr\/wp-json\/wp\/v2\/categories?post=12646"},{"taxonomy":"post_tag","embeddable":true,"href":"https:\/\/www.organisator.ch\/fr\/wp-json\/wp\/v2\/tags?post=12646"}],"curies":[{"name":"wp","href":"https:\/\/api.w.org\/{rel}","templated":true}]}}