{"id":12661,"date":"2022-04-26T07:36:17","date_gmt":"2022-04-26T05:36:17","guid":{"rendered":"https:\/\/www.organisator.ch\/?p=12661"},"modified":"2022-04-26T07:36:17","modified_gmt":"2022-04-26T05:36:17","slug":"obt-gruppe-verstaerkt-fokus-auf-kmu","status":"publish","type":"post","link":"https:\/\/www.organisator.ch\/fr\/management\/2022-04-26\/obt-gruppe-verstaerkt-fokus-auf-kmu\/","title":{"rendered":"Le groupe OBT se concentre davantage sur les PME"},"content":{"rendered":"<figure id=\"attachment_12662\" aria-describedby=\"caption-attachment-12662\" style=\"width: 680px\" class=\"wp-caption alignnone\"><img loading=\"lazy\" decoding=\"async\" class=\"size-full wp-image-12662\" src=\"https:\/\/www.organisator.ch\/wp-content\/uploads\/2022\/04\/OBT-Gruppe-verstaerkt-Fokus-auf-KMU_Organisator.jpg\" alt=\"\" width=\"680\" height=\"417\" srcset=\"https:\/\/www.organisator.ch\/wp-content\/uploads\/2022\/04\/OBT-Gruppe-verstaerkt-Fokus-auf-KMU_Organisator.jpg 680w, https:\/\/www.organisator.ch\/wp-content\/uploads\/2022\/04\/OBT-Gruppe-verstaerkt-Fokus-auf-KMU_Organisator-18x12.jpg 18w, https:\/\/www.organisator.ch\/wp-content\/uploads\/2022\/04\/OBT-Gruppe-verstaerkt-Fokus-auf-KMU_Organisator-285x175.jpg 285w, https:\/\/www.organisator.ch\/wp-content\/uploads\/2022\/04\/OBT-Gruppe-verstaerkt-Fokus-auf-KMU_Organisator-571x350.jpg 571w, https:\/\/www.organisator.ch\/wp-content\/uploads\/2022\/04\/OBT-Gruppe-verstaerkt-Fokus-auf-KMU_Organisator-300x184.jpg 300w\" sizes=\"auto, (max-width: 680px) 100vw, 680px\" \/><figcaption id=\"caption-attachment-12662\" class=\"wp-caption-text\">D\u00e9l\u00e9gation de la direction d'OBT et de Revidas (de g. \u00e0 d.) : Christoph Brunner, Markus J\u00e4ger, Patrik Bawidamann, Thomas Z\u00fcger, Hans Martin Zanetti. (Photo : Groupe OBT)<\/figcaption><\/figure>\n<p>La soci\u00e9t\u00e9 dirig\u00e9e par Markus J\u00e4ger (2e \u00e0 partir de la gauche sur la photo), Patrik Bawidamann (au centre) et Hans Martin Zanetti (tout \u00e0 droite) <a href=\"https:\/\/newsletter.obt.ch\/e\/49a88dc73987704e\/nl\/a3d692751ff45cfd30c4ba31\/link\/206932\/9a598ce94236f7f70709f98c906b74bb7697fa26\/de\/-\">Revidas<\/a> est une entreprise fiduciaire de Suisse orientale sp\u00e9cialis\u00e9e dans les PME. Face \u00e0 la num\u00e9risation croissante de la branche et au besoin de trouver une solution de succession durable et \u00e0 long terme pour des postes cl\u00e9s, les responsables de l'entreprise fond\u00e9e en 1984 ont d\u00e9cid\u00e9 de s'associer au groupe OBT. Markus J\u00e4ger, actionnaire principal et partenaire de Revida, d\u00e9clare \u00e0 ce sujet : \"Outre la connaissance des forces d'OBT dans le domaine de l'informatique, ce qui a \u00e9t\u00e9 d\u00e9terminant dans cette d\u00e9cision, c'est notamment la sympathie mutuelle, une base de valeurs communes et un engagement clair envers les clients PME\".<\/p>\n<p>L'offre de base et les comp\u00e9tences existantes de Revidas sont maintenues ; les clients PME peuvent toutefois profiter, gr\u00e2ce \u00e0 la fusion avec OBT, non seulement du savoir-faire et de l'infrastructure dans le domaine de l'informatique, mais aussi de nouvelles ressources dans les domaines du conseil fiscal, juridique et d'entreprise ainsi que de la fiducie et de l'audit, comme l'indique un communiqu\u00e9 aux m\u00e9dias. La marque Revidas sera maintenue jusqu'\u00e0 nouvel ordre et l'entreprise conservera ses sites de la Flurhofstrasse \u00e0 Saint-Gall et du Theaterweg 11 \u00e0 Coire, ajoute le communiqu\u00e9.<\/p>\n<p>Le partenaire OBT et responsable du domaine fiduciaire, Christoph Brunner (en haut \u00e0 gauche sur la photo), si\u00e8gera \u00e0 la direction et au conseil d'administration de Revidas en tant qu'interface avec le groupe. Les 22 collaborateurs de l'entreprise continueront \u00e0 \u00eatre employ\u00e9s par Revidas sur son site actuel. La priorit\u00e9 des responsables est de regrouper les collaborateurs, d'obtenir des synergies et d'uniformiser les processus informatiques dans le cadre du processus de reprise qui vient de d\u00e9buter. Ainsi, l'\u00e9lan de num\u00e9risation souhait\u00e9 et la succession des propri\u00e9taires actuels, qui restent disponibles, doivent \u00eatre lanc\u00e9s avec d\u00e9termination. Pour le groupe OBT, cette \u00e9tape repr\u00e9sente une nouvelle croissance r\u00e9jouissante dans le domaine des PME, qui lui permet de renforcer sa position en Suisse orientale, explique l'entreprise.<\/p>\n<p><em>Source et informations compl\u00e9mentaires : <a href=\"http:\/\/www.obt.ch\">OBT<\/a><\/em><\/p>","protected":false},"excerpt":{"rendered":"<p>Die von Markus J\u00e4ger (im Bild 2. v. l.), Patrik Bawidamann (Mitte)\u00a0 und Hans Martin Zanetti (ganz rechts) gef\u00fchrte Revidas ist ein auf KMU spezialisiertes Ostschweizer Treuhandunternehmen. Angesichts der zunehmenden Digitalisierung der Branche und dem Bed\u00fcrfnis, eine nachhaltige und langfristige Nachfolgel\u00f6sung f\u00fcr Schl\u00fcsselstellen zu finden, haben sich die Verantwortlichen der 1984 gegr\u00fcndeten Firma zur Partnerschaft [&hellip;]<\/p>\n","protected":false},"author":4,"featured_media":12662,"comment_status":"closed","ping_status":"closed","sticky":false,"template":"","format":"standard","meta":{"_acf_changed":false,"_yoast_wpseo_focuskw":"OBT Gruppe","_yoast_wpseo_metadesc":"Zuwachs f\u00fcr die OBT Gruppe: Sie integriert die in St.Gallen beheimatete Revidas Treuhand AG und die Revidas Revisionsgesellschaft AG.","articlekey":"","footnotes":""},"categories":[28],"tags":[334,486,492],"class_list":["post-12661","post","type-post","status-publish","format-standard","has-post-thumbnail","hentry","category-management","tag-management","tag-treuhand","tag-unternehmen"],"acf":[],"yoast_head":"<!-- This site is optimized with the Yoast SEO plugin v27.5 - https:\/\/yoast.com\/product\/yoast-seo-wordpress\/ -->\n<title>OBT Gruppe verst\u00e4rkt Fokus auf KMU - Organisator<\/title>\n<meta name=\"description\" content=\"Zuwachs f\u00fcr die OBT Gruppe: Sie integriert die in St.Gallen beheimatete Revidas Treuhand AG und die Revidas Revisionsgesellschaft AG.\" \/>\n<meta name=\"robots\" content=\"index, follow, max-snippet:-1, max-image-preview:large, max-video-preview:-1\" \/>\n<link rel=\"canonical\" href=\"https:\/\/www.organisator.ch\/fr\/gestion-2\/2022-04-26\/obt-gruppe-verstaerkt-fokus-auf-kmu\/\" \/>\n<meta property=\"og:locale\" content=\"fr_FR\" \/>\n<meta property=\"og:type\" content=\"article\" \/>\n<meta property=\"og:title\" content=\"OBT Gruppe verst\u00e4rkt Fokus auf KMU\" \/>\n<meta property=\"og:description\" content=\"Zuwachs f\u00fcr die OBT Gruppe: Sie integriert die in St.Gallen beheimatete Revidas Treuhand AG und die Revidas Revisionsgesellschaft AG.\" \/>\n<meta property=\"og:url\" content=\"https:\/\/www.organisator.ch\/fr\/gestion-2\/2022-04-26\/obt-gruppe-verstaerkt-fokus-auf-kmu\/\" \/>\n<meta property=\"og:site_name\" content=\"Organisator\" \/>\n<meta property=\"article:publisher\" content=\"https:\/\/www.facebook.com\/OrganisatorFachmagazin\" \/>\n<meta property=\"article:published_time\" content=\"2022-04-26T05:36:17+00:00\" \/>\n<meta property=\"og:image\" content=\"https:\/\/www.organisator.ch\/wp-content\/uploads\/2022\/04\/OBT-Gruppe-verstaerkt-Fokus-auf-KMU_Organisator.jpg\" \/>\n\t<meta property=\"og:image:width\" content=\"680\" \/>\n\t<meta property=\"og:image:height\" content=\"417\" \/>\n\t<meta property=\"og:image:type\" content=\"image\/jpeg\" \/>\n<meta name=\"author\" content=\"thomas.berner\" \/>\n<meta name=\"twitter:card\" content=\"summary_large_image\" \/>\n<meta name=\"twitter:title\" content=\"#OBT Gruppe verst\u00e4rkt Fokus auf KMU\" \/>\n<meta name=\"twitter:description\" content=\"Zuwachs f\u00fcr die #OBT Gruppe: Sie integriert die in St.Gallen beheimatete #Revidas Treuhand AG und die Revidas #Revisionsgesellschaft AG.\" \/>\n<meta name=\"twitter:image\" content=\"https:\/\/www.organisator.ch\/wp-content\/uploads\/2022\/04\/OBT-Gruppe-verstaerkt-Fokus-auf-KMU_Organisator.jpg\" \/>\n<script type=\"application\/ld+json\" class=\"yoast-schema-graph\">{\"@context\":\"https:\\\/\\\/schema.org\",\"@graph\":[{\"@type\":\"Article\",\"@id\":\"https:\\\/\\\/www.organisator.ch\\\/management\\\/2022-04-26\\\/obt-gruppe-verstaerkt-fokus-auf-kmu\\\/#article\",\"isPartOf\":{\"@id\":\"https:\\\/\\\/www.organisator.ch\\\/management\\\/2022-04-26\\\/obt-gruppe-verstaerkt-fokus-auf-kmu\\\/\"},\"author\":{\"name\":\"thomas.berner\",\"@id\":\"https:\\\/\\\/www.organisator.ch\\\/#\\\/schema\\\/person\\\/6f650f90b2842cd4c0cc334b4e36f67e\"},\"headline\":\"OBT Gruppe verst\u00e4rkt Fokus auf KMU\",\"datePublished\":\"2022-04-26T05:36:17+00:00\",\"mainEntityOfPage\":{\"@id\":\"https:\\\/\\\/www.organisator.ch\\\/management\\\/2022-04-26\\\/obt-gruppe-verstaerkt-fokus-auf-kmu\\\/\"},\"wordCount\":360,\"publisher\":{\"@id\":\"https:\\\/\\\/www.organisator.ch\\\/#organization\"},\"image\":{\"@id\":\"https:\\\/\\\/www.organisator.ch\\\/management\\\/2022-04-26\\\/obt-gruppe-verstaerkt-fokus-auf-kmu\\\/#primaryimage\"},\"thumbnailUrl\":\"https:\\\/\\\/www.organisator.ch\\\/wp-content\\\/uploads\\\/2022\\\/04\\\/OBT-Gruppe-verstaerkt-Fokus-auf-KMU_Organisator.jpg\",\"keywords\":[\"Management\",\"Treuhand\",\"Unternehmen\"],\"articleSection\":[\"MANAGEMENT\"],\"inLanguage\":\"fr-FR\"},{\"@type\":\"WebPage\",\"@id\":\"https:\\\/\\\/www.organisator.ch\\\/management\\\/2022-04-26\\\/obt-gruppe-verstaerkt-fokus-auf-kmu\\\/\",\"url\":\"https:\\\/\\\/www.organisator.ch\\\/management\\\/2022-04-26\\\/obt-gruppe-verstaerkt-fokus-auf-kmu\\\/\",\"name\":\"OBT Gruppe verst\u00e4rkt Fokus auf KMU - Organisator\",\"isPartOf\":{\"@id\":\"https:\\\/\\\/www.organisator.ch\\\/#website\"},\"primaryImageOfPage\":{\"@id\":\"https:\\\/\\\/www.organisator.ch\\\/management\\\/2022-04-26\\\/obt-gruppe-verstaerkt-fokus-auf-kmu\\\/#primaryimage\"},\"image\":{\"@id\":\"https:\\\/\\\/www.organisator.ch\\\/management\\\/2022-04-26\\\/obt-gruppe-verstaerkt-fokus-auf-kmu\\\/#primaryimage\"},\"thumbnailUrl\":\"https:\\\/\\\/www.organisator.ch\\\/wp-content\\\/uploads\\\/2022\\\/04\\\/OBT-Gruppe-verstaerkt-Fokus-auf-KMU_Organisator.jpg\",\"datePublished\":\"2022-04-26T05:36:17+00:00\",\"description\":\"Zuwachs f\u00fcr die OBT Gruppe: Sie integriert die in St.Gallen beheimatete Revidas Treuhand AG und die Revidas Revisionsgesellschaft AG.\",\"breadcrumb\":{\"@id\":\"https:\\\/\\\/www.organisator.ch\\\/management\\\/2022-04-26\\\/obt-gruppe-verstaerkt-fokus-auf-kmu\\\/#breadcrumb\"},\"inLanguage\":\"fr-FR\",\"potentialAction\":[{\"@type\":\"ReadAction\",\"target\":[\"https:\\\/\\\/www.organisator.ch\\\/management\\\/2022-04-26\\\/obt-gruppe-verstaerkt-fokus-auf-kmu\\\/\"]}]},{\"@type\":\"ImageObject\",\"inLanguage\":\"fr-FR\",\"@id\":\"https:\\\/\\\/www.organisator.ch\\\/management\\\/2022-04-26\\\/obt-gruppe-verstaerkt-fokus-auf-kmu\\\/#primaryimage\",\"url\":\"https:\\\/\\\/www.organisator.ch\\\/wp-content\\\/uploads\\\/2022\\\/04\\\/OBT-Gruppe-verstaerkt-Fokus-auf-KMU_Organisator.jpg\",\"contentUrl\":\"https:\\\/\\\/www.organisator.ch\\\/wp-content\\\/uploads\\\/2022\\\/04\\\/OBT-Gruppe-verstaerkt-Fokus-auf-KMU_Organisator.jpg\",\"width\":680,\"height\":417,\"caption\":\"Delegation Gesch\u00e4ftsleitung OBT und Revidas. (Bild: OBT Gruppe)\"},{\"@type\":\"BreadcrumbList\",\"@id\":\"https:\\\/\\\/www.organisator.ch\\\/management\\\/2022-04-26\\\/obt-gruppe-verstaerkt-fokus-auf-kmu\\\/#breadcrumb\",\"itemListElement\":[{\"@type\":\"ListItem\",\"position\":1,\"name\":\"Home\",\"item\":\"https:\\\/\\\/www.organisator.ch\\\/\"},{\"@type\":\"ListItem\",\"position\":2,\"name\":\"OBT Gruppe verst\u00e4rkt Fokus auf KMU\"}]},{\"@type\":\"WebSite\",\"@id\":\"https:\\\/\\\/www.organisator.ch\\\/#website\",\"url\":\"https:\\\/\\\/www.organisator.ch\\\/\",\"name\":\"Organisator\",\"description\":\"Kompetent. Praxisnah. Der ORGANISATOR bereitet in 10 Ausgaben pro Jahr die wesentlichen Themen f\u00fcr F\u00fchrungskr\u00e4fte von KMU auf.\",\"publisher\":{\"@id\":\"https:\\\/\\\/www.organisator.ch\\\/#organization\"},\"potentialAction\":[{\"@type\":\"SearchAction\",\"target\":{\"@type\":\"EntryPoint\",\"urlTemplate\":\"https:\\\/\\\/www.organisator.ch\\\/?s={search_term_string}\"},\"query-input\":{\"@type\":\"PropertyValueSpecification\",\"valueRequired\":true,\"valueName\":\"search_term_string\"}}],\"inLanguage\":\"fr-FR\"},{\"@type\":\"Organization\",\"@id\":\"https:\\\/\\\/www.organisator.ch\\\/#organization\",\"name\":\"Organisator\",\"url\":\"https:\\\/\\\/www.organisator.ch\\\/\",\"logo\":{\"@type\":\"ImageObject\",\"inLanguage\":\"fr-FR\",\"@id\":\"https:\\\/\\\/www.organisator.ch\\\/#\\\/schema\\\/logo\\\/image\\\/\",\"url\":\"https:\\\/\\\/www.organisator.ch\\\/wp-content\\\/uploads\\\/2022\\\/01\\\/Logo_Organisator_Website.png\",\"contentUrl\":\"https:\\\/\\\/www.organisator.ch\\\/wp-content\\\/uploads\\\/2022\\\/01\\\/Logo_Organisator_Website.png\",\"width\":800,\"height\":77,\"caption\":\"Organisator\"},\"image\":{\"@id\":\"https:\\\/\\\/www.organisator.ch\\\/#\\\/schema\\\/logo\\\/image\\\/\"},\"sameAs\":[\"https:\\\/\\\/www.facebook.com\\\/OrganisatorFachmagazin\",\"https:\\\/\\\/www.linkedin.com\\\/showcase\\\/organisator-das-magazin-fr-kmu\",\"https:\\\/\\\/www.xing.com\\\/news\\\/pages\\\/organisator-ch-695\",\"https:\\\/\\\/www.youtube.com\\\/channel\\\/UCGP2Sq0iWaZwT3BdIAQFYpw\"]},{\"@type\":\"Person\",\"@id\":\"https:\\\/\\\/www.organisator.ch\\\/#\\\/schema\\\/person\\\/6f650f90b2842cd4c0cc334b4e36f67e\",\"name\":\"thomas.berner\",\"image\":{\"@type\":\"ImageObject\",\"inLanguage\":\"fr-FR\",\"@id\":\"https:\\\/\\\/secure.gravatar.com\\\/avatar\\\/ac5001d2a36cb6c6cd3e50789007ffca834b477b74a2144564522e944eabff61?s=96&d=mm&r=g\",\"url\":\"https:\\\/\\\/secure.gravatar.com\\\/avatar\\\/ac5001d2a36cb6c6cd3e50789007ffca834b477b74a2144564522e944eabff61?s=96&d=mm&r=g\",\"contentUrl\":\"https:\\\/\\\/secure.gravatar.com\\\/avatar\\\/ac5001d2a36cb6c6cd3e50789007ffca834b477b74a2144564522e944eabff61?s=96&d=mm&r=g\",\"caption\":\"thomas.berner\"},\"url\":\"https:\\\/\\\/www.organisator.ch\\\/fr\\\/author\\\/thomas-berner\\\/\"}]}<\/script>\n<!-- \/ Yoast SEO plugin. -->","yoast_head_json":{"title":"Le groupe OBT renforce sa concentration sur les PME - Organisateur","description":"Le groupe OBT s'agrandit : il int\u00e8gre la Revidas Treuhand AG et la Revidas Revisionsgesellschaft AG, toutes deux bas\u00e9es \u00e0 Saint-Gall.","robots":{"index":"index","follow":"follow","max-snippet":"max-snippet:-1","max-image-preview":"max-image-preview:large","max-video-preview":"max-video-preview:-1"},"canonical":"https:\/\/www.organisator.ch\/fr\/gestion-2\/2022-04-26\/obt-gruppe-verstaerkt-fokus-auf-kmu\/","og_locale":"fr_FR","og_type":"article","og_title":"OBT Gruppe verst\u00e4rkt Fokus auf KMU","og_description":"Zuwachs f\u00fcr die OBT Gruppe: Sie integriert die in St.Gallen beheimatete Revidas Treuhand AG und die Revidas Revisionsgesellschaft AG.","og_url":"https:\/\/www.organisator.ch\/fr\/gestion-2\/2022-04-26\/obt-gruppe-verstaerkt-fokus-auf-kmu\/","og_site_name":"Organisator","article_publisher":"https:\/\/www.facebook.com\/OrganisatorFachmagazin","article_published_time":"2022-04-26T05:36:17+00:00","og_image":[{"width":680,"height":417,"url":"https:\/\/www.organisator.ch\/wp-content\/uploads\/2022\/04\/OBT-Gruppe-verstaerkt-Fokus-auf-KMU_Organisator.jpg","type":"image\/jpeg"}],"author":"thomas.berner","twitter_card":"summary_large_image","twitter_title":"#OBT Gruppe verst\u00e4rkt Fokus auf KMU","twitter_description":"Zuwachs f\u00fcr die #OBT Gruppe: Sie integriert die in St.Gallen beheimatete #Revidas Treuhand AG und die Revidas #Revisionsgesellschaft AG.","twitter_image":"https:\/\/www.organisator.ch\/wp-content\/uploads\/2022\/04\/OBT-Gruppe-verstaerkt-Fokus-auf-KMU_Organisator.jpg","schema":{"@context":"https:\/\/schema.org","@graph":[{"@type":"Article","@id":"https:\/\/www.organisator.ch\/management\/2022-04-26\/obt-gruppe-verstaerkt-fokus-auf-kmu\/#article","isPartOf":{"@id":"https:\/\/www.organisator.ch\/management\/2022-04-26\/obt-gruppe-verstaerkt-fokus-auf-kmu\/"},"author":{"name":"thomas.berner","@id":"https:\/\/www.organisator.ch\/#\/schema\/person\/6f650f90b2842cd4c0cc334b4e36f67e"},"headline":"OBT Gruppe verst\u00e4rkt Fokus auf KMU","datePublished":"2022-04-26T05:36:17+00:00","mainEntityOfPage":{"@id":"https:\/\/www.organisator.ch\/management\/2022-04-26\/obt-gruppe-verstaerkt-fokus-auf-kmu\/"},"wordCount":360,"publisher":{"@id":"https:\/\/www.organisator.ch\/#organization"},"image":{"@id":"https:\/\/www.organisator.ch\/management\/2022-04-26\/obt-gruppe-verstaerkt-fokus-auf-kmu\/#primaryimage"},"thumbnailUrl":"https:\/\/www.organisator.ch\/wp-content\/uploads\/2022\/04\/OBT-Gruppe-verstaerkt-Fokus-auf-KMU_Organisator.jpg","keywords":["Management","Treuhand","Unternehmen"],"articleSection":["MANAGEMENT"],"inLanguage":"fr-FR"},{"@type":"WebPage","@id":"https:\/\/www.organisator.ch\/management\/2022-04-26\/obt-gruppe-verstaerkt-fokus-auf-kmu\/","url":"https:\/\/www.organisator.ch\/management\/2022-04-26\/obt-gruppe-verstaerkt-fokus-auf-kmu\/","name":"Le groupe OBT renforce sa concentration sur les PME - Organisateur","isPartOf":{"@id":"https:\/\/www.organisator.ch\/#website"},"primaryImageOfPage":{"@id":"https:\/\/www.organisator.ch\/management\/2022-04-26\/obt-gruppe-verstaerkt-fokus-auf-kmu\/#primaryimage"},"image":{"@id":"https:\/\/www.organisator.ch\/management\/2022-04-26\/obt-gruppe-verstaerkt-fokus-auf-kmu\/#primaryimage"},"thumbnailUrl":"https:\/\/www.organisator.ch\/wp-content\/uploads\/2022\/04\/OBT-Gruppe-verstaerkt-Fokus-auf-KMU_Organisator.jpg","datePublished":"2022-04-26T05:36:17+00:00","description":"Le groupe OBT s'agrandit : il int\u00e8gre la Revidas Treuhand AG et la Revidas Revisionsgesellschaft AG, toutes deux bas\u00e9es \u00e0 Saint-Gall.","breadcrumb":{"@id":"https:\/\/www.organisator.ch\/management\/2022-04-26\/obt-gruppe-verstaerkt-fokus-auf-kmu\/#breadcrumb"},"inLanguage":"fr-FR","potentialAction":[{"@type":"ReadAction","target":["https:\/\/www.organisator.ch\/management\/2022-04-26\/obt-gruppe-verstaerkt-fokus-auf-kmu\/"]}]},{"@type":"ImageObject","inLanguage":"fr-FR","@id":"https:\/\/www.organisator.ch\/management\/2022-04-26\/obt-gruppe-verstaerkt-fokus-auf-kmu\/#primaryimage","url":"https:\/\/www.organisator.ch\/wp-content\/uploads\/2022\/04\/OBT-Gruppe-verstaerkt-Fokus-auf-KMU_Organisator.jpg","contentUrl":"https:\/\/www.organisator.ch\/wp-content\/uploads\/2022\/04\/OBT-Gruppe-verstaerkt-Fokus-auf-KMU_Organisator.jpg","width":680,"height":417,"caption":"Delegation Gesch\u00e4ftsleitung OBT und Revidas. (Bild: OBT Gruppe)"},{"@type":"BreadcrumbList","@id":"https:\/\/www.organisator.ch\/management\/2022-04-26\/obt-gruppe-verstaerkt-fokus-auf-kmu\/#breadcrumb","itemListElement":[{"@type":"ListItem","position":1,"name":"Home","item":"https:\/\/www.organisator.ch\/"},{"@type":"ListItem","position":2,"name":"OBT Gruppe verst\u00e4rkt Fokus auf KMU"}]},{"@type":"WebSite","@id":"https:\/\/www.organisator.ch\/#website","url":"https:\/\/www.organisator.ch\/","name":"Organisateur","description":"Comp\u00e9tence et comp\u00e9tence. Proches de la pratique. L'ORGANISATEUR pr\u00e9pare 10 num\u00e9ros par an sur les th\u00e8mes essentiels pour les dirigeants de PME.","publisher":{"@id":"https:\/\/www.organisator.ch\/#organization"},"potentialAction":[{"@type":"SearchAction","target":{"@type":"EntryPoint","urlTemplate":"https:\/\/www.organisator.ch\/?s={search_term_string}"},"query-input":{"@type":"PropertyValueSpecification","valueRequired":true,"valueName":"search_term_string"}}],"inLanguage":"fr-FR"},{"@type":"Organization","@id":"https:\/\/www.organisator.ch\/#organization","name":"Organisateur","url":"https:\/\/www.organisator.ch\/","logo":{"@type":"ImageObject","inLanguage":"fr-FR","@id":"https:\/\/www.organisator.ch\/#\/schema\/logo\/image\/","url":"https:\/\/www.organisator.ch\/wp-content\/uploads\/2022\/01\/Logo_Organisator_Website.png","contentUrl":"https:\/\/www.organisator.ch\/wp-content\/uploads\/2022\/01\/Logo_Organisator_Website.png","width":800,"height":77,"caption":"Organisator"},"image":{"@id":"https:\/\/www.organisator.ch\/#\/schema\/logo\/image\/"},"sameAs":["https:\/\/www.facebook.com\/OrganisatorFachmagazin","https:\/\/www.linkedin.com\/showcase\/organisator-das-magazin-fr-kmu","https:\/\/www.xing.com\/news\/pages\/organisator-ch-695","https:\/\/www.youtube.com\/channel\/UCGP2Sq0iWaZwT3BdIAQFYpw"]},{"@type":"Person","@id":"https:\/\/www.organisator.ch\/#\/schema\/person\/6f650f90b2842cd4c0cc334b4e36f67e","name":"thomas.berner","image":{"@type":"ImageObject","inLanguage":"fr-FR","@id":"https:\/\/secure.gravatar.com\/avatar\/ac5001d2a36cb6c6cd3e50789007ffca834b477b74a2144564522e944eabff61?s=96&d=mm&r=g","url":"https:\/\/secure.gravatar.com\/avatar\/ac5001d2a36cb6c6cd3e50789007ffca834b477b74a2144564522e944eabff61?s=96&d=mm&r=g","contentUrl":"https:\/\/secure.gravatar.com\/avatar\/ac5001d2a36cb6c6cd3e50789007ffca834b477b74a2144564522e944eabff61?s=96&d=mm&r=g","caption":"thomas.berner"},"url":"https:\/\/www.organisator.ch\/fr\/author\/thomas-berner\/"}]}},"_links":{"self":[{"href":"https:\/\/www.organisator.ch\/fr\/wp-json\/wp\/v2\/posts\/12661","targetHints":{"allow":["GET"]}}],"collection":[{"href":"https:\/\/www.organisator.ch\/fr\/wp-json\/wp\/v2\/posts"}],"about":[{"href":"https:\/\/www.organisator.ch\/fr\/wp-json\/wp\/v2\/types\/post"}],"author":[{"embeddable":true,"href":"https:\/\/www.organisator.ch\/fr\/wp-json\/wp\/v2\/users\/4"}],"replies":[{"embeddable":true,"href":"https:\/\/www.organisator.ch\/fr\/wp-json\/wp\/v2\/comments?post=12661"}],"version-history":[{"count":1,"href":"https:\/\/www.organisator.ch\/fr\/wp-json\/wp\/v2\/posts\/12661\/revisions"}],"predecessor-version":[{"id":12663,"href":"https:\/\/www.organisator.ch\/fr\/wp-json\/wp\/v2\/posts\/12661\/revisions\/12663"}],"wp:featuredmedia":[{"embeddable":true,"href":"https:\/\/www.organisator.ch\/fr\/wp-json\/wp\/v2\/media\/12662"}],"wp:attachment":[{"href":"https:\/\/www.organisator.ch\/fr\/wp-json\/wp\/v2\/media?parent=12661"}],"wp:term":[{"taxonomy":"category","embeddable":true,"href":"https:\/\/www.organisator.ch\/fr\/wp-json\/wp\/v2\/categories?post=12661"},{"taxonomy":"post_tag","embeddable":true,"href":"https:\/\/www.organisator.ch\/fr\/wp-json\/wp\/v2\/tags?post=12661"}],"curies":[{"name":"wp","href":"https:\/\/api.w.org\/{rel}","templated":true}]}}