{"id":12678,"date":"2022-04-26T16:39:28","date_gmt":"2022-04-26T14:39:28","guid":{"rendered":"https:\/\/www.werbewoche.ch\/?p=169853"},"modified":"2022-07-30T12:11:05","modified_gmt":"2022-07-30T10:11:05","slug":"nexoya-verstaerkt-advisory-board","status":"publish","type":"post","link":"https:\/\/www.organisator.ch\/fr\/marketing\/2022-04-26\/nexoya-verstaerkt-advisory-board\/","title":{"rendered":"Nexoya renforce son conseil consultatif"},"content":{"rendered":"<p style=\"line-height: 107%\"><img class=\"alignnone wp-image-169854 size-large\" src=\"https:\/\/www.werbewoche.ch\/wp-content\/uploads\/2022\/04\/Bild_Nexoya-1024x1024.jpg\" alt=\"Nexoya\" width=\"768\" height=\"768\" \/>Nicolas Glauser est cofondateur de l'agence de marketing num\u00e9rique flin.agency. Pour le d\u00e9veloppement de son produit, Nexoya profite notamment de l'exp\u00e9rience ant\u00e9rieure de Glauser en tant que Head of Performance Marketing de l'agence de communication Farner Consulting \u00e0 Zurich.<\/p>\r\n<p style=\"line-height: 107%\">En tant que VP Corporate Communications, Ann-Kristin Koch dirige depuis Zurich la communication externe et interne ainsi que les affaires publiques du groupe technologique international Ruag International, y compris la nouvelle marque spatiale Beyond Gravity. En tant que membre du conseil d'administration, elle conseille les fondateurs de Nexoya pour toutes les questions de communication externe.<\/p>\r\n<p style=\"line-height: 107%\">Ann-Kristin Koch d\u00e9clare : \"Le travail au sein du conseil d'administration est une situation gagnant-gagnant. Je partage volontiers ma longue exp\u00e9rience acquise au sein de grands groupes et j'ouvre des portes gr\u00e2ce \u00e0 mon r\u00e9seau. En m\u00eame temps, j'apprends, du point de vue d'une start-up, \u00e0 penser les campagnes de communication de mani\u00e8re l\u00e9g\u00e8re et efficace. Avec son outil et les donn\u00e9es disponibles, Nexoya est directement \u00e0 la source d'un bilan co\u00fbts-revenus optimal\".<\/p>\r\n<p style=\"line-height: 106%\">Le CEO de Nexoya, Marco Hochstrasser : \"Dans la perspective de la poursuite de notre internationalisation et de notre croissance imminente, nous souhaitons diversifier au maximum les comp\u00e9tences de notre Advisory Board. Avec Ann-Kristin Koch et Nicolas Glauser, nous avons gagn\u00e9 \u00e0 cet effet une experte et un expert reconnus dans leurs domaines respectifs, qui poseront des jalons importants dans notre d\u00e9veloppement strat\u00e9gique\".<\/p>\r\n<p style=\"text-align: justify;line-height: 107%\">La plate-forme SaaS <span style=\"font-size: 9.0pt;line-height: 107%\">\"<\/span>nexoya Marketing Analytics\" optimise en temps r\u00e9el les campagnes de marketing num\u00e9rique multicanal sur la base de l'intelligence artificielle. Actuellement, Nexoya est repr\u00e9sent\u00e9e au si\u00e8ge principal \u00e0 Zurich pour le march\u00e9 suisse et avec une \u00e9quipe \u00e0 Berlin pour les clients en Allemagne. Dans le cadre de la poursuite de son internationalisation, l'\u00e9quipe s'int\u00e9ressera ensuite \u00e0 la Grande-Bretagne et aux \u00c9tats-Unis.<\/p>","protected":false},"excerpt":{"rendered":"<p>Nicolas Glauser ist Mitgr\u00fcnder der Digital Marketing Agentur flin.agency. Nexoya profitiert bei der Weiterentwicklung ihres Produktes insbesondere von Glausers fr\u00fcherer Erfahrungen als Head of Performance Marketing der Kommunikationsagentur Farner Consulting in Z\u00fcrich. Ann-Kristin Koch leitet von Z\u00fcrich aus als VP Corporate Communications die externe und interne Kommunikation und die Public Affairs des internationalen Technologie-Konzerns Ruag [\u2026]<\/p>\n","protected":false},"author":8,"featured_media":0,"comment_status":"closed","ping_status":"closed","sticky":false,"template":"","format":"standard","meta":{"_acf_changed":false,"_yoast_wpseo_focuskw":"Nexoya","_yoast_wpseo_metadesc":"Nexoya begr\u00fcsst zwei weitere Mitglieder in seinem Advisory Board: Nicolas Glauser, Gr\u00fcnder von flin.agency, und Ann-Kristin Koch, Kommunikationsleiterin von RUAG International und Beyond Gravity.","articlekey":"","footnotes":""},"categories":[29],"tags":[3172,3171],"class_list":["post-12678","post","type-post","status-publish","format-standard","hentry","category-marketing","tag-advisory-board","tag-nexoya"],"acf":[],"yoast_head":"<!-- This site is optimized with the Yoast SEO plugin v27.5 - https:\/\/yoast.com\/product\/yoast-seo-wordpress\/ -->\n<title>Nexoya verst\u00e4rkt Advisory Board - Organisator<\/title>\n<meta name=\"description\" content=\"Nexoya begr\u00fcsst zwei weitere Mitglieder in seinem Advisory Board: Nicolas Glauser, Gr\u00fcnder von flin.agency, und Ann-Kristin Koch, Kommunikationsleiterin von RUAG International und Beyond Gravity.\" \/>\n<meta name=\"robots\" content=\"index, follow, max-snippet:-1, max-image-preview:large, max-video-preview:-1\" \/>\n<link rel=\"canonical\" href=\"https:\/\/www.werbewoche.ch\/de\/marketing\/2022-04-26\/nexoya-verstaerkt-advisory-board\/\" \/>\n<meta property=\"og:locale\" content=\"fr_FR\" \/>\n<meta property=\"og:type\" content=\"article\" \/>\n<meta property=\"og:title\" content=\"Nexoya verst\u00e4rkt Advisory Board - Organisator\" \/>\n<meta property=\"og:description\" content=\"Nexoya begr\u00fcsst zwei weitere Mitglieder in seinem Advisory Board: Nicolas Glauser, Gr\u00fcnder von flin.agency, und Ann-Kristin Koch, Kommunikationsleiterin von RUAG International und Beyond Gravity.\" \/>\n<meta property=\"og:url\" content=\"https:\/\/www.werbewoche.ch\/de\/marketing\/2022-04-26\/nexoya-verstaerkt-advisory-board\/\" \/>\n<meta property=\"og:site_name\" content=\"Organisator\" \/>\n<meta property=\"article:publisher\" content=\"https:\/\/www.facebook.com\/OrganisatorFachmagazin\" \/>\n<meta property=\"article:published_time\" content=\"2022-04-26T14:39:28+00:00\" \/>\n<meta property=\"article:modified_time\" content=\"2022-07-30T10:11:05+00:00\" \/>\n<meta property=\"og:image\" content=\"https:\/\/www.werbewoche.ch\/wp-content\/uploads\/2022\/04\/Bild_Nexoya-1024x1024.jpg\" \/>\n<meta name=\"author\" content=\"galledia\" \/>\n<meta name=\"twitter:card\" content=\"summary_large_image\" \/>\n<meta name=\"twitter:creator\" content=\"@admin\" \/>\n<script type=\"application\/ld+json\" class=\"yoast-schema-graph\">{\"@context\":\"https:\\\/\\\/schema.org\",\"@graph\":[{\"@type\":\"Article\",\"@id\":\"https:\\\/\\\/www.werbewoche.ch\\\/de\\\/marketing\\\/2022-04-26\\\/nexoya-verstaerkt-advisory-board\\\/#article\",\"isPartOf\":{\"@id\":\"https:\\\/\\\/www.organisator.ch\\\/marketing\\\/2022-04-26\\\/nexoya-verstaerkt-advisory-board\\\/\"},\"author\":{\"name\":\"galledia\",\"@id\":\"https:\\\/\\\/www.organisator.ch\\\/#\\\/schema\\\/person\\\/4e51799071cd2dd1232ac003643ef5f0\"},\"headline\":\"Nexoya verst\u00e4rkt Advisory Board\",\"datePublished\":\"2022-04-26T14:39:28+00:00\",\"dateModified\":\"2022-07-30T10:11:05+00:00\",\"mainEntityOfPage\":{\"@id\":\"https:\\\/\\\/www.organisator.ch\\\/marketing\\\/2022-04-26\\\/nexoya-verstaerkt-advisory-board\\\/\"},\"wordCount\":268,\"publisher\":{\"@id\":\"https:\\\/\\\/www.organisator.ch\\\/#organization\"},\"image\":{\"@id\":\"https:\\\/\\\/www.werbewoche.ch\\\/de\\\/marketing\\\/2022-04-26\\\/nexoya-verstaerkt-advisory-board\\\/#primaryimage\"},\"thumbnailUrl\":\"https:\\\/\\\/www.werbewoche.ch\\\/wp-content\\\/uploads\\\/2022\\\/04\\\/Bild_Nexoya-1024x1024.jpg\",\"keywords\":[\"Advisory Board\",\"Nexoya\"],\"articleSection\":[\"MARKETING\"],\"inLanguage\":\"fr-FR\"},{\"@type\":\"WebPage\",\"@id\":\"https:\\\/\\\/www.organisator.ch\\\/marketing\\\/2022-04-26\\\/nexoya-verstaerkt-advisory-board\\\/\",\"url\":\"https:\\\/\\\/www.werbewoche.ch\\\/de\\\/marketing\\\/2022-04-26\\\/nexoya-verstaerkt-advisory-board\\\/\",\"name\":\"Nexoya verst\u00e4rkt Advisory Board - Organisator\",\"isPartOf\":{\"@id\":\"https:\\\/\\\/www.organisator.ch\\\/#website\"},\"primaryImageOfPage\":{\"@id\":\"https:\\\/\\\/www.werbewoche.ch\\\/de\\\/marketing\\\/2022-04-26\\\/nexoya-verstaerkt-advisory-board\\\/#primaryimage\"},\"image\":{\"@id\":\"https:\\\/\\\/www.werbewoche.ch\\\/de\\\/marketing\\\/2022-04-26\\\/nexoya-verstaerkt-advisory-board\\\/#primaryimage\"},\"thumbnailUrl\":\"https:\\\/\\\/www.werbewoche.ch\\\/wp-content\\\/uploads\\\/2022\\\/04\\\/Bild_Nexoya-1024x1024.jpg\",\"datePublished\":\"2022-04-26T14:39:28+00:00\",\"dateModified\":\"2022-07-30T10:11:05+00:00\",\"description\":\"Nexoya begr\u00fcsst zwei weitere Mitglieder in seinem Advisory Board: Nicolas Glauser, Gr\u00fcnder von flin.agency, und Ann-Kristin Koch, Kommunikationsleiterin von RUAG International und Beyond Gravity.\",\"breadcrumb\":{\"@id\":\"https:\\\/\\\/www.werbewoche.ch\\\/de\\\/marketing\\\/2022-04-26\\\/nexoya-verstaerkt-advisory-board\\\/#breadcrumb\"},\"inLanguage\":\"fr-FR\",\"potentialAction\":[{\"@type\":\"ReadAction\",\"target\":[\"https:\\\/\\\/www.werbewoche.ch\\\/de\\\/marketing\\\/2022-04-26\\\/nexoya-verstaerkt-advisory-board\\\/\"]}]},{\"@type\":\"ImageObject\",\"inLanguage\":\"fr-FR\",\"@id\":\"https:\\\/\\\/www.werbewoche.ch\\\/de\\\/marketing\\\/2022-04-26\\\/nexoya-verstaerkt-advisory-board\\\/#primaryimage\",\"url\":\"https:\\\/\\\/www.werbewoche.ch\\\/wp-content\\\/uploads\\\/2022\\\/04\\\/Bild_Nexoya-1024x1024.jpg\",\"contentUrl\":\"https:\\\/\\\/www.werbewoche.ch\\\/wp-content\\\/uploads\\\/2022\\\/04\\\/Bild_Nexoya-1024x1024.jpg\"},{\"@type\":\"BreadcrumbList\",\"@id\":\"https:\\\/\\\/www.werbewoche.ch\\\/de\\\/marketing\\\/2022-04-26\\\/nexoya-verstaerkt-advisory-board\\\/#breadcrumb\",\"itemListElement\":[{\"@type\":\"ListItem\",\"position\":1,\"name\":\"Home\",\"item\":\"https:\\\/\\\/www.organisator.ch\\\/\"},{\"@type\":\"ListItem\",\"position\":2,\"name\":\"Nexoya verst\u00e4rkt Advisory Board\"}]},{\"@type\":\"WebSite\",\"@id\":\"https:\\\/\\\/www.organisator.ch\\\/#website\",\"url\":\"https:\\\/\\\/www.organisator.ch\\\/\",\"name\":\"Organisator\",\"description\":\"Kompetent. Praxisnah. Der ORGANISATOR bereitet in 10 Ausgaben pro Jahr die wesentlichen Themen f\u00fcr F\u00fchrungskr\u00e4fte von KMU auf.\",\"publisher\":{\"@id\":\"https:\\\/\\\/www.organisator.ch\\\/#organization\"},\"potentialAction\":[{\"@type\":\"SearchAction\",\"target\":{\"@type\":\"EntryPoint\",\"urlTemplate\":\"https:\\\/\\\/www.organisator.ch\\\/?s={search_term_string}\"},\"query-input\":{\"@type\":\"PropertyValueSpecification\",\"valueRequired\":true,\"valueName\":\"search_term_string\"}}],\"inLanguage\":\"fr-FR\"},{\"@type\":\"Organization\",\"@id\":\"https:\\\/\\\/www.organisator.ch\\\/#organization\",\"name\":\"Organisator\",\"url\":\"https:\\\/\\\/www.organisator.ch\\\/\",\"logo\":{\"@type\":\"ImageObject\",\"inLanguage\":\"fr-FR\",\"@id\":\"https:\\\/\\\/www.organisator.ch\\\/#\\\/schema\\\/logo\\\/image\\\/\",\"url\":\"https:\\\/\\\/www.organisator.ch\\\/wp-content\\\/uploads\\\/2022\\\/01\\\/Logo_Organisator_Website.png\",\"contentUrl\":\"https:\\\/\\\/www.organisator.ch\\\/wp-content\\\/uploads\\\/2022\\\/01\\\/Logo_Organisator_Website.png\",\"width\":800,\"height\":77,\"caption\":\"Organisator\"},\"image\":{\"@id\":\"https:\\\/\\\/www.organisator.ch\\\/#\\\/schema\\\/logo\\\/image\\\/\"},\"sameAs\":[\"https:\\\/\\\/www.facebook.com\\\/OrganisatorFachmagazin\",\"https:\\\/\\\/www.linkedin.com\\\/showcase\\\/organisator-das-magazin-fr-kmu\",\"https:\\\/\\\/www.xing.com\\\/news\\\/pages\\\/organisator-ch-695\",\"https:\\\/\\\/www.youtube.com\\\/channel\\\/UCGP2Sq0iWaZwT3BdIAQFYpw\"]},{\"@type\":\"Person\",\"@id\":\"https:\\\/\\\/www.organisator.ch\\\/#\\\/schema\\\/person\\\/4e51799071cd2dd1232ac003643ef5f0\",\"name\":\"galledia\",\"image\":{\"@type\":\"ImageObject\",\"inLanguage\":\"fr-FR\",\"@id\":\"https:\\\/\\\/secure.gravatar.com\\\/avatar\\\/78a7f90c01fc2bfc875782a0d4922b37cde2cf184ce347b91316d23cd7f69a36?s=96&d=mm&r=g\",\"url\":\"https:\\\/\\\/secure.gravatar.com\\\/avatar\\\/78a7f90c01fc2bfc875782a0d4922b37cde2cf184ce347b91316d23cd7f69a36?s=96&d=mm&r=g\",\"contentUrl\":\"https:\\\/\\\/secure.gravatar.com\\\/avatar\\\/78a7f90c01fc2bfc875782a0d4922b37cde2cf184ce347b91316d23cd7f69a36?s=96&d=mm&r=g\",\"caption\":\"galledia\"},\"sameAs\":[\"https:\\\/\\\/x.com\\\/admin\"],\"url\":\"https:\\\/\\\/www.organisator.ch\\\/fr\\\/author\\\/galledia\\\/\"}]}<\/script>\n<!-- \/ Yoast SEO plugin. -->","yoast_head_json":{"title":"Nexoya renforce son conseil consultatif - Organisateur","description":"Nexoya accueille deux nouveaux membres dans son Advisory Board : Nicolas Glauser, fondateur de flin.agency, et Ann-Kristin Koch, directrice de la communication de RUAG International et Beyond Gravity.","robots":{"index":"index","follow":"follow","max-snippet":"max-snippet:-1","max-image-preview":"max-image-preview:large","max-video-preview":"max-video-preview:-1"},"canonical":"https:\/\/www.werbewoche.ch\/de\/marketing\/2022-04-26\/nexoya-verstaerkt-advisory-board\/","og_locale":"fr_FR","og_type":"article","og_title":"Nexoya verst\u00e4rkt Advisory Board - Organisator","og_description":"Nexoya begr\u00fcsst zwei weitere Mitglieder in seinem Advisory Board: Nicolas Glauser, Gr\u00fcnder von flin.agency, und Ann-Kristin Koch, Kommunikationsleiterin von RUAG International und Beyond Gravity.","og_url":"https:\/\/www.werbewoche.ch\/de\/marketing\/2022-04-26\/nexoya-verstaerkt-advisory-board\/","og_site_name":"Organisator","article_publisher":"https:\/\/www.facebook.com\/OrganisatorFachmagazin","article_published_time":"2022-04-26T14:39:28+00:00","article_modified_time":"2022-07-30T10:11:05+00:00","og_image":[{"url":"https:\/\/www.werbewoche.ch\/wp-content\/uploads\/2022\/04\/Bild_Nexoya-1024x1024.jpg","type":"","width":"","height":""}],"author":"galledia","twitter_card":"summary_large_image","twitter_creator":"@admin","schema":{"@context":"https:\/\/schema.org","@graph":[{"@type":"Article","@id":"https:\/\/www.werbewoche.ch\/de\/marketing\/2022-04-26\/nexoya-verstaerkt-advisory-board\/#article","isPartOf":{"@id":"https:\/\/www.organisator.ch\/marketing\/2022-04-26\/nexoya-verstaerkt-advisory-board\/"},"author":{"name":"galledia","@id":"https:\/\/www.organisator.ch\/#\/schema\/person\/4e51799071cd2dd1232ac003643ef5f0"},"headline":"Nexoya verst\u00e4rkt Advisory Board","datePublished":"2022-04-26T14:39:28+00:00","dateModified":"2022-07-30T10:11:05+00:00","mainEntityOfPage":{"@id":"https:\/\/www.organisator.ch\/marketing\/2022-04-26\/nexoya-verstaerkt-advisory-board\/"},"wordCount":268,"publisher":{"@id":"https:\/\/www.organisator.ch\/#organization"},"image":{"@id":"https:\/\/www.werbewoche.ch\/de\/marketing\/2022-04-26\/nexoya-verstaerkt-advisory-board\/#primaryimage"},"thumbnailUrl":"https:\/\/www.werbewoche.ch\/wp-content\/uploads\/2022\/04\/Bild_Nexoya-1024x1024.jpg","keywords":["Advisory Board","Nexoya"],"articleSection":["MARKETING"],"inLanguage":"fr-FR"},{"@type":"WebPage","@id":"https:\/\/www.organisator.ch\/marketing\/2022-04-26\/nexoya-verstaerkt-advisory-board\/","url":"https:\/\/www.werbewoche.ch\/de\/marketing\/2022-04-26\/nexoya-verstaerkt-advisory-board\/","name":"Nexoya renforce son conseil consultatif - Organisateur","isPartOf":{"@id":"https:\/\/www.organisator.ch\/#website"},"primaryImageOfPage":{"@id":"https:\/\/www.werbewoche.ch\/de\/marketing\/2022-04-26\/nexoya-verstaerkt-advisory-board\/#primaryimage"},"image":{"@id":"https:\/\/www.werbewoche.ch\/de\/marketing\/2022-04-26\/nexoya-verstaerkt-advisory-board\/#primaryimage"},"thumbnailUrl":"https:\/\/www.werbewoche.ch\/wp-content\/uploads\/2022\/04\/Bild_Nexoya-1024x1024.jpg","datePublished":"2022-04-26T14:39:28+00:00","dateModified":"2022-07-30T10:11:05+00:00","description":"Nexoya accueille deux nouveaux membres dans son Advisory Board : Nicolas Glauser, fondateur de flin.agency, et Ann-Kristin Koch, directrice de la communication de RUAG International et Beyond Gravity.","breadcrumb":{"@id":"https:\/\/www.werbewoche.ch\/de\/marketing\/2022-04-26\/nexoya-verstaerkt-advisory-board\/#breadcrumb"},"inLanguage":"fr-FR","potentialAction":[{"@type":"ReadAction","target":["https:\/\/www.werbewoche.ch\/de\/marketing\/2022-04-26\/nexoya-verstaerkt-advisory-board\/"]}]},{"@type":"ImageObject","inLanguage":"fr-FR","@id":"https:\/\/www.werbewoche.ch\/de\/marketing\/2022-04-26\/nexoya-verstaerkt-advisory-board\/#primaryimage","url":"https:\/\/www.werbewoche.ch\/wp-content\/uploads\/2022\/04\/Bild_Nexoya-1024x1024.jpg","contentUrl":"https:\/\/www.werbewoche.ch\/wp-content\/uploads\/2022\/04\/Bild_Nexoya-1024x1024.jpg"},{"@type":"BreadcrumbList","@id":"https:\/\/www.werbewoche.ch\/de\/marketing\/2022-04-26\/nexoya-verstaerkt-advisory-board\/#breadcrumb","itemListElement":[{"@type":"ListItem","position":1,"name":"Home","item":"https:\/\/www.organisator.ch\/"},{"@type":"ListItem","position":2,"name":"Nexoya verst\u00e4rkt Advisory Board"}]},{"@type":"WebSite","@id":"https:\/\/www.organisator.ch\/#website","url":"https:\/\/www.organisator.ch\/","name":"Organisateur","description":"Comp\u00e9tence et comp\u00e9tence. Proches de la pratique. L'ORGANISATEUR pr\u00e9pare 10 num\u00e9ros par an sur les th\u00e8mes essentiels pour les dirigeants de PME.","publisher":{"@id":"https:\/\/www.organisator.ch\/#organization"},"potentialAction":[{"@type":"SearchAction","target":{"@type":"EntryPoint","urlTemplate":"https:\/\/www.organisator.ch\/?s={search_term_string}"},"query-input":{"@type":"PropertyValueSpecification","valueRequired":true,"valueName":"search_term_string"}}],"inLanguage":"fr-FR"},{"@type":"Organization","@id":"https:\/\/www.organisator.ch\/#organization","name":"Organisateur","url":"https:\/\/www.organisator.ch\/","logo":{"@type":"ImageObject","inLanguage":"fr-FR","@id":"https:\/\/www.organisator.ch\/#\/schema\/logo\/image\/","url":"https:\/\/www.organisator.ch\/wp-content\/uploads\/2022\/01\/Logo_Organisator_Website.png","contentUrl":"https:\/\/www.organisator.ch\/wp-content\/uploads\/2022\/01\/Logo_Organisator_Website.png","width":800,"height":77,"caption":"Organisator"},"image":{"@id":"https:\/\/www.organisator.ch\/#\/schema\/logo\/image\/"},"sameAs":["https:\/\/www.facebook.com\/OrganisatorFachmagazin","https:\/\/www.linkedin.com\/showcase\/organisator-das-magazin-fr-kmu","https:\/\/www.xing.com\/news\/pages\/organisator-ch-695","https:\/\/www.youtube.com\/channel\/UCGP2Sq0iWaZwT3BdIAQFYpw"]},{"@type":"Person","@id":"https:\/\/www.organisator.ch\/#\/schema\/person\/4e51799071cd2dd1232ac003643ef5f0","name":"galledia","image":{"@type":"ImageObject","inLanguage":"fr-FR","@id":"https:\/\/secure.gravatar.com\/avatar\/78a7f90c01fc2bfc875782a0d4922b37cde2cf184ce347b91316d23cd7f69a36?s=96&d=mm&r=g","url":"https:\/\/secure.gravatar.com\/avatar\/78a7f90c01fc2bfc875782a0d4922b37cde2cf184ce347b91316d23cd7f69a36?s=96&d=mm&r=g","contentUrl":"https:\/\/secure.gravatar.com\/avatar\/78a7f90c01fc2bfc875782a0d4922b37cde2cf184ce347b91316d23cd7f69a36?s=96&d=mm&r=g","caption":"galledia"},"sameAs":["https:\/\/x.com\/admin"],"url":"https:\/\/www.organisator.ch\/fr\/author\/galledia\/"}]}},"_links":{"self":[{"href":"https:\/\/www.organisator.ch\/fr\/wp-json\/wp\/v2\/posts\/12678","targetHints":{"allow":["GET"]}}],"collection":[{"href":"https:\/\/www.organisator.ch\/fr\/wp-json\/wp\/v2\/posts"}],"about":[{"href":"https:\/\/www.organisator.ch\/fr\/wp-json\/wp\/v2\/types\/post"}],"author":[{"embeddable":true,"href":"https:\/\/www.organisator.ch\/fr\/wp-json\/wp\/v2\/users\/8"}],"replies":[{"embeddable":true,"href":"https:\/\/www.organisator.ch\/fr\/wp-json\/wp\/v2\/comments?post=12678"}],"version-history":[{"count":3,"href":"https:\/\/www.organisator.ch\/fr\/wp-json\/wp\/v2\/posts\/12678\/revisions"}],"predecessor-version":[{"id":15983,"href":"https:\/\/www.organisator.ch\/fr\/wp-json\/wp\/v2\/posts\/12678\/revisions\/15983"}],"wp:attachment":[{"href":"https:\/\/www.organisator.ch\/fr\/wp-json\/wp\/v2\/media?parent=12678"}],"wp:term":[{"taxonomy":"category","embeddable":true,"href":"https:\/\/www.organisator.ch\/fr\/wp-json\/wp\/v2\/categories?post=12678"},{"taxonomy":"post_tag","embeddable":true,"href":"https:\/\/www.organisator.ch\/fr\/wp-json\/wp\/v2\/tags?post=12678"}],"curies":[{"name":"wp","href":"https:\/\/api.w.org\/{rel}","templated":true}]}}