{"id":12702,"date":"2022-04-28T09:57:17","date_gmt":"2022-04-28T07:57:17","guid":{"rendered":"https:\/\/www.m-q.ch\/?p=16289"},"modified":"2022-07-30T15:48:10","modified_gmt":"2022-07-30T13:48:10","slug":"viele-unternehmen-koennen-datenvolumen-nicht-genuegend-bewaeltigen","status":"publish","type":"post","link":"https:\/\/www.organisator.ch\/fr\/operational-excellence\/2022-04-28\/viele-unternehmen-koennen-datenvolumen-nicht-genuegend-bewaeltigen\/","title":{"rendered":"De nombreuses entreprises ne peuvent pas g\u00e9rer suffisamment de volumes de donn\u00e9es"},"content":{"rendered":"<figure id=\"attachment_16290\" class=\"wp-caption alignnone\" style=\"width: 680px\" aria-describedby=\"caption-attachment-16290\"><img class=\"alignnone wp-image-16290 size-full\" src=\"https:\/\/www.m-q.ch\/wp-content\/uploads\/2022\/04\/Viele-Unternehmen-koennen-Datenvolumen-nicht-genuegend-bewaeltigen_MQ.jpg\" alt=\"Entreprise\" width=\"680\" height=\"418\" \/><figcaption id=\"caption-attachment-16290\" class=\"wp-caption-text\">Le volume des donn\u00e9es augmente dans le monde entier. Mais de l'avis de nombreux professionnels de l'informatique, les investissements dans les entreprises ne suivent pas assez le rythme de ces \u00e9volutions. (Image : Pixabay.com)<\/figcaption><\/figure>\r\nDigital Realty, un fournisseur mondial de technologie cloud et de centres de donn\u00e9es neutres vis-\u00e0-vis des op\u00e9rateurs, de solutions de colocation et d'interconnexion, a publi\u00e9 les r\u00e9sultats de sa premi\u00e8re enqu\u00eate Global Data Insights Survey. Plus de 7.000 cadres sup\u00e9rieurs de 23 pays et de neuf secteurs ont particip\u00e9 \u00e0 l'enqu\u00eate. \"R\u00e9cemment, nous avons observ\u00e9 une nouvelle m\u00e9ga-tendance sur notre plateforme : l'explosion des donn\u00e9es d'entreprise \u00e0 l'\u00e9chelle mondiale. Comme tous les secteurs doivent cr\u00e9er, consommer, analyser, stocker et \u00e9changer des volumes de donn\u00e9es de plus en plus importants, ils deviennent des industries de l'information\", explique Dave McCrory, VP de la croissance et responsable mondial des insights et des analyses chez Digital Realty, pour expliquer la motivation de la r\u00e9alisation de cette enqu\u00eate. L'entreprise avait d\u00e9j\u00e0 r\u00e9alis\u00e9 une enqu\u00eate sur ce th\u00e8me. <a href=\"https:\/\/www.m-q.ch\/de\/data-gravity-index-dgx-zeigt-europa-ist-das-globale-gravitationszentrum-fuer-unternehmensdaten\/\">enqu\u00eate similaire<\/a> a \u00e9t\u00e9 r\u00e9alis\u00e9e.\r\n<h2>Les donn\u00e9es deviennent l'agenda de l'entreprise<\/h2>\r\nL'enqu\u00eate confirme que les donn\u00e9es deviennent de plus en plus importantes et que la strat\u00e9gie et les r\u00e9sultats des entreprises d\u00e9pendent des connaissances bas\u00e9es sur les donn\u00e9es. Les donn\u00e9es\r\nsont omnipr\u00e9sentes. Le volume des donn\u00e9es se multiplie sur tous les sites commerciaux. Il en r\u00e9sulte que les informations doivent \u00eatre agr\u00e9g\u00e9es de mani\u00e8re efficace. 47 % des responsables informatiques interrog\u00e9s ont indiqu\u00e9 qu'ils tenaient les donn\u00e9es de mani\u00e8re d\u00e9centralis\u00e9e, tandis que 52 % les tenaient de mani\u00e8re centralis\u00e9e. Cela montre clairement \u00e0 quel point les strat\u00e9gies d'organisation et de gestion des donn\u00e9es varient d'un secteur \u00e0 l'autre. Cela peut avoir un impact direct sur la capacit\u00e9 d'une entreprise \u00e0 cr\u00e9er de la valeur et des r\u00e9sultats avec les donn\u00e9es et confirme que l'agr\u00e9gation doit \u00eatre une priorit\u00e9.\r\n\r\nLes responsables informatiques ont indiqu\u00e9 que les connaissances bas\u00e9es sur les donn\u00e9es sont essentielles pour am\u00e9liorer l'exp\u00e9rience client (50 %), pour la strat\u00e9gie de localisation de l'infrastructure de donn\u00e9es (37 %), pour le d\u00e9veloppement de nouveaux produits num\u00e9riques (35 %) et pour la promotion de la croissance de l'entreprise (28 %). L'un des principaux r\u00e9sultats de l'enqu\u00eate est \u00e9galement que les grandes entreprises du monde entier n'investissent pas suffisamment dans les outils et l'infrastructure n\u00e9cessaires pour faire face \u00e0 l'augmentation du volume de donn\u00e9es.\r\n<h2>G\u00e9rer un volume de donn\u00e9es croissant : De nombreux obstacles<\/h2>\r\n53 % des personnes interrog\u00e9es dans le monde entier ont cit\u00e9 le manque d'investissements suffisants dans les syst\u00e8mes ou l'infrastructure de donn\u00e9es comme \u00e9tant le principal obstacle \u00e0 l'acquisition de connaissances bas\u00e9es sur les donn\u00e9es par leur entreprise. De m\u00eame, 50 % des personnes interrog\u00e9es ont indiqu\u00e9 qu'il y avait un manque d'investissement dans des outils d'analyse pertinents. Pour faire face \u00e0 la croissance rapide des donn\u00e9es, les entreprises doivent s'assurer que les donn\u00e9es ne deviennent pas un silo et qu'elles sont en mesure d'en tirer des enseignements en gagnant du temps et en respectant les r\u00e8gles. Et pour cela, des investissements sont n\u00e9cessaires.\r\n\r\nL'\u00e9tude montre o\u00f9 les choses semblent bloqu\u00e9es : les r\u00e9glementations, les dispositions en mati\u00e8re de protection des donn\u00e9es, les clients r\u00e9ticents et le manque d'investissement dans les syst\u00e8mes de donn\u00e9es entravent l'agenda commercial bas\u00e9 sur les donn\u00e9es. 35 % des responsables informatiques ont cit\u00e9 la protection des donn\u00e9es et les r\u00e9glementations comme l'un des principaux obstacles aux connaissances bas\u00e9es sur les donn\u00e9es. La majorit\u00e9 a \u00e9galement reconnu la n\u00e9cessit\u00e9 de conserver des copies locales des donn\u00e9es et des applications afin de servir un nombre croissant d'utilisateurs finaux et d'appareils en r\u00e9seau et de garantir des op\u00e9rations commerciales s\u00fbres et conformes.\r\n<h2>D\u00e9velopper les comp\u00e9tences des collaborateurs pour cr\u00e9er de la valeur ajout\u00e9e \u00e0 partir des donn\u00e9es<\/h2>\r\nL'enqu\u00eate r\u00e9v\u00e8le \u00e9galement que 65 des cadres informatiques de certaines des plus grandes entreprises mondiales estiment qu'ils doivent investir dans les comp\u00e9tences de leurs \u00e9quipes en mati\u00e8re de donn\u00e9es afin de rester comp\u00e9titifs et de tirer une valeur ajout\u00e9e des donn\u00e9es. L'importance de la formation continue des \u00e9quipes en tant qu'\u00e9tape critique pour l'entreprise a d\u00e9pass\u00e9 les investissements dans l'IA (59 %) lorsqu'on leur a demand\u00e9 ce qui serait le plus important pour les entreprises au cours des deux prochaines ann\u00e9es afin d'obtenir davantage de connaissances bas\u00e9es sur les donn\u00e9es. \u00c0 la m\u00eame question, 61 % des entreprises ayant un chiffre d'affaires de plus d'un milliard de dollars ont r\u00e9pondu qu'elles donneraient la priorit\u00e9 \u00e0 la formation des cadres sur l'impact des silos de donn\u00e9es.\r\n<h2>Les strat\u00e9gies Data First font la course<\/h2>\r\nLes entreprises leaders reconnaissent les avantages de l'int\u00e9gration des donn\u00e9es, de la s\u00e9curit\u00e9 et des contr\u00f4les dans ce que l'on appelle les centres de donn\u00e9es multi-locataires, o\u00f9 de nouveaux flux de travail intelligents sont exploit\u00e9s dans des centres d'\u00e9change de donn\u00e9es entre les employ\u00e9s, les clients, les partenaires et les \u00e9cosyst\u00e8mes. 82 % des responsables informatiques s'accordent \u00e0 dire qu'ils ont besoin d'un\r\nont besoin d'un fournisseur mondial de centres de donn\u00e9es capable d'offrir une couverture mondiale, une capacit\u00e9 et une connectivit\u00e9 directe dans les principales m\u00e9tropoles sur une seule plateforme de centre de donn\u00e9es. En outre, 75 % des entreprises dont le chiffre d'affaires est sup\u00e9rieur \u00e0 1 milliard de dollars disposent d'une strat\u00e9gie de donn\u00e9es formelle, contre 63 % des entreprises mondiales g\u00e9n\u00e9rales. Cela indique que les grandes entreprises sont un peu plus avanc\u00e9es en mati\u00e8re de traitement des donn\u00e9es. Cela leur donne probablement un avantage sur leurs concurrents plus petits.\r\n\r\n<em>Source : <a href=\"http:\/\/www.digitalrealty.com\/\">Digital Realty<\/a><\/em>\n<p class=\"syndicated-attribution\">Cet article est paru initialement sur m-q.ch - <a href=\"https:\/\/www.m-q.ch\/de\/viele-unternehmen-koennen-datenvolumen-nicht-genuegend-bewaeltigen\/\" target=\"_blank\">https:\/\/www.m-q.ch\/de\/viele-unternehmen-koennen-datenvolumen-nicht-genuegend-bewaeltigen\/<\/a><\/p>","protected":false},"excerpt":{"rendered":"<p>Digital Realty, ein weltweit t\u00e4tiger Anbieter von Cloud-Technologie und Carrier-neutralen Rechenzentren, Colocation- und Interconnection-L\u00f6sungen, hat die Ergebnisse seiner ersten Global Data Insights Survey ver\u00f6ffentlicht. Mehr als 7.000 F\u00fchrungskr\u00e4fte aus 23 L\u00e4ndern und neun Branchen nahmen an der Umfrage teil. \u201eK\u00fcrzlich haben wir einen neuen Megatrend auf unserer Plattform beobachtet: die explosionsartige weltweite Zunahme der Unternehmensdaten. [\u2026]<\/p>\n","protected":false},"author":8,"featured_media":0,"comment_status":"closed","ping_status":"closed","sticky":false,"template":"","format":"standard","meta":{"_acf_changed":false,"_yoast_wpseo_focuskw":"Unternehmen","_yoast_wpseo_metadesc":"Eine Studie zeigt, dass Daten zu einem der gesch\u00e4ftskritischsten Bereiche f\u00fcr alle Unternehmen werden.","articlekey":"","footnotes":""},"categories":[582],"tags":[3163,492,3209],"class_list":["post-12702","post","type-post","status-publish","format-standard","hentry","category-operational-excellence","tag-datenvolumen","tag-unternehmen","tag-viele"],"acf":[],"yoast_head":"<!-- This site is optimized with the Yoast SEO plugin v27.5 - https:\/\/yoast.com\/product\/yoast-seo-wordpress\/ -->\n<title>Viele Unternehmen k\u00f6nnen Datenvolumen nicht gen\u00fcgend bew\u00e4ltigen - Organisator<\/title>\n<meta name=\"description\" content=\"Eine Studie zeigt, dass Daten zu einem der gesch\u00e4ftskritischsten Bereiche f\u00fcr alle Unternehmen werden.\" \/>\n<meta name=\"robots\" content=\"index, follow, max-snippet:-1, max-image-preview:large, max-video-preview:-1\" \/>\n<link rel=\"canonical\" href=\"https:\/\/www.m-q.ch\/de\/viele-unternehmen-koennen-datenvolumen-nicht-genuegend-bewaeltigen\/\" \/>\n<meta property=\"og:locale\" content=\"fr_FR\" \/>\n<meta property=\"og:type\" content=\"article\" \/>\n<meta property=\"og:title\" content=\"Viele Unternehmen k\u00f6nnen Datenvolumen nicht gen\u00fcgend bew\u00e4ltigen - Organisator\" \/>\n<meta property=\"og:description\" content=\"Eine Studie zeigt, dass Daten zu einem der gesch\u00e4ftskritischsten Bereiche f\u00fcr alle Unternehmen werden.\" \/>\n<meta property=\"og:url\" content=\"https:\/\/www.m-q.ch\/de\/viele-unternehmen-koennen-datenvolumen-nicht-genuegend-bewaeltigen\/\" \/>\n<meta property=\"og:site_name\" content=\"Organisator\" \/>\n<meta property=\"article:publisher\" content=\"https:\/\/www.facebook.com\/OrganisatorFachmagazin\" \/>\n<meta property=\"article:published_time\" content=\"2022-04-28T07:57:17+00:00\" \/>\n<meta property=\"article:modified_time\" content=\"2022-07-30T13:48:10+00:00\" \/>\n<meta property=\"og:image\" content=\"https:\/\/www.m-q.ch\/wp-content\/uploads\/2022\/04\/Viele-Unternehmen-koennen-Datenvolumen-nicht-genuegend-bewaeltigen_MQ.jpg\" \/>\n<meta name=\"author\" content=\"galledia\" \/>\n<meta name=\"twitter:card\" content=\"summary_large_image\" \/>\n<meta name=\"twitter:creator\" content=\"@admin\" \/>\n<script type=\"application\/ld+json\" class=\"yoast-schema-graph\">{\"@context\":\"https:\\\/\\\/schema.org\",\"@graph\":[{\"@type\":\"Article\",\"@id\":\"https:\\\/\\\/www.m-q.ch\\\/de\\\/viele-unternehmen-koennen-datenvolumen-nicht-genuegend-bewaeltigen\\\/#article\",\"isPartOf\":{\"@id\":\"https:\\\/\\\/www.organisator.ch\\\/operational-excellence\\\/2022-04-28\\\/viele-unternehmen-koennen-datenvolumen-nicht-genuegend-bewaeltigen\\\/\"},\"author\":{\"name\":\"galledia\",\"@id\":\"https:\\\/\\\/www.organisator.ch\\\/#\\\/schema\\\/person\\\/4e51799071cd2dd1232ac003643ef5f0\"},\"headline\":\"Viele Unternehmen k\u00f6nnen Datenvolumen nicht gen\u00fcgend bew\u00e4ltigen\",\"datePublished\":\"2022-04-28T07:57:17+00:00\",\"dateModified\":\"2022-07-30T13:48:10+00:00\",\"mainEntityOfPage\":{\"@id\":\"https:\\\/\\\/www.organisator.ch\\\/operational-excellence\\\/2022-04-28\\\/viele-unternehmen-koennen-datenvolumen-nicht-genuegend-bewaeltigen\\\/\"},\"wordCount\":744,\"publisher\":{\"@id\":\"https:\\\/\\\/www.organisator.ch\\\/#organization\"},\"image\":{\"@id\":\"https:\\\/\\\/www.m-q.ch\\\/de\\\/viele-unternehmen-koennen-datenvolumen-nicht-genuegend-bewaeltigen\\\/#primaryimage\"},\"thumbnailUrl\":\"https:\\\/\\\/www.m-q.ch\\\/wp-content\\\/uploads\\\/2022\\\/04\\\/Viele-Unternehmen-koennen-Datenvolumen-nicht-genuegend-bewaeltigen_MQ.jpg\",\"keywords\":[\"Datenvolumen\",\"Unternehmen\",\"Viele\"],\"articleSection\":[\"OPERATIONAL EXCELLENCE\"],\"inLanguage\":\"fr-FR\"},{\"@type\":\"WebPage\",\"@id\":\"https:\\\/\\\/www.organisator.ch\\\/operational-excellence\\\/2022-04-28\\\/viele-unternehmen-koennen-datenvolumen-nicht-genuegend-bewaeltigen\\\/\",\"url\":\"https:\\\/\\\/www.m-q.ch\\\/de\\\/viele-unternehmen-koennen-datenvolumen-nicht-genuegend-bewaeltigen\\\/\",\"name\":\"Viele Unternehmen k\u00f6nnen Datenvolumen nicht gen\u00fcgend bew\u00e4ltigen - Organisator\",\"isPartOf\":{\"@id\":\"https:\\\/\\\/www.organisator.ch\\\/#website\"},\"primaryImageOfPage\":{\"@id\":\"https:\\\/\\\/www.m-q.ch\\\/de\\\/viele-unternehmen-koennen-datenvolumen-nicht-genuegend-bewaeltigen\\\/#primaryimage\"},\"image\":{\"@id\":\"https:\\\/\\\/www.m-q.ch\\\/de\\\/viele-unternehmen-koennen-datenvolumen-nicht-genuegend-bewaeltigen\\\/#primaryimage\"},\"thumbnailUrl\":\"https:\\\/\\\/www.m-q.ch\\\/wp-content\\\/uploads\\\/2022\\\/04\\\/Viele-Unternehmen-koennen-Datenvolumen-nicht-genuegend-bewaeltigen_MQ.jpg\",\"datePublished\":\"2022-04-28T07:57:17+00:00\",\"dateModified\":\"2022-07-30T13:48:10+00:00\",\"description\":\"Eine Studie zeigt, dass Daten zu einem der gesch\u00e4ftskritischsten Bereiche f\u00fcr alle Unternehmen werden.\",\"breadcrumb\":{\"@id\":\"https:\\\/\\\/www.m-q.ch\\\/de\\\/viele-unternehmen-koennen-datenvolumen-nicht-genuegend-bewaeltigen\\\/#breadcrumb\"},\"inLanguage\":\"fr-FR\",\"potentialAction\":[{\"@type\":\"ReadAction\",\"target\":[\"https:\\\/\\\/www.m-q.ch\\\/de\\\/viele-unternehmen-koennen-datenvolumen-nicht-genuegend-bewaeltigen\\\/\"]}]},{\"@type\":\"ImageObject\",\"inLanguage\":\"fr-FR\",\"@id\":\"https:\\\/\\\/www.m-q.ch\\\/de\\\/viele-unternehmen-koennen-datenvolumen-nicht-genuegend-bewaeltigen\\\/#primaryimage\",\"url\":\"https:\\\/\\\/www.m-q.ch\\\/wp-content\\\/uploads\\\/2022\\\/04\\\/Viele-Unternehmen-koennen-Datenvolumen-nicht-genuegend-bewaeltigen_MQ.jpg\",\"contentUrl\":\"https:\\\/\\\/www.m-q.ch\\\/wp-content\\\/uploads\\\/2022\\\/04\\\/Viele-Unternehmen-koennen-Datenvolumen-nicht-genuegend-bewaeltigen_MQ.jpg\"},{\"@type\":\"BreadcrumbList\",\"@id\":\"https:\\\/\\\/www.m-q.ch\\\/de\\\/viele-unternehmen-koennen-datenvolumen-nicht-genuegend-bewaeltigen\\\/#breadcrumb\",\"itemListElement\":[{\"@type\":\"ListItem\",\"position\":1,\"name\":\"Home\",\"item\":\"https:\\\/\\\/www.organisator.ch\\\/\"},{\"@type\":\"ListItem\",\"position\":2,\"name\":\"Viele Unternehmen k\u00f6nnen Datenvolumen nicht gen\u00fcgend bew\u00e4ltigen\"}]},{\"@type\":\"WebSite\",\"@id\":\"https:\\\/\\\/www.organisator.ch\\\/#website\",\"url\":\"https:\\\/\\\/www.organisator.ch\\\/\",\"name\":\"Organisator\",\"description\":\"Kompetent. Praxisnah. Der ORGANISATOR bereitet in 10 Ausgaben pro Jahr die wesentlichen Themen f\u00fcr F\u00fchrungskr\u00e4fte von KMU auf.\",\"publisher\":{\"@id\":\"https:\\\/\\\/www.organisator.ch\\\/#organization\"},\"potentialAction\":[{\"@type\":\"SearchAction\",\"target\":{\"@type\":\"EntryPoint\",\"urlTemplate\":\"https:\\\/\\\/www.organisator.ch\\\/?s={search_term_string}\"},\"query-input\":{\"@type\":\"PropertyValueSpecification\",\"valueRequired\":true,\"valueName\":\"search_term_string\"}}],\"inLanguage\":\"fr-FR\"},{\"@type\":\"Organization\",\"@id\":\"https:\\\/\\\/www.organisator.ch\\\/#organization\",\"name\":\"Organisator\",\"url\":\"https:\\\/\\\/www.organisator.ch\\\/\",\"logo\":{\"@type\":\"ImageObject\",\"inLanguage\":\"fr-FR\",\"@id\":\"https:\\\/\\\/www.organisator.ch\\\/#\\\/schema\\\/logo\\\/image\\\/\",\"url\":\"https:\\\/\\\/www.organisator.ch\\\/wp-content\\\/uploads\\\/2022\\\/01\\\/Logo_Organisator_Website.png\",\"contentUrl\":\"https:\\\/\\\/www.organisator.ch\\\/wp-content\\\/uploads\\\/2022\\\/01\\\/Logo_Organisator_Website.png\",\"width\":800,\"height\":77,\"caption\":\"Organisator\"},\"image\":{\"@id\":\"https:\\\/\\\/www.organisator.ch\\\/#\\\/schema\\\/logo\\\/image\\\/\"},\"sameAs\":[\"https:\\\/\\\/www.facebook.com\\\/OrganisatorFachmagazin\",\"https:\\\/\\\/www.linkedin.com\\\/showcase\\\/organisator-das-magazin-fr-kmu\",\"https:\\\/\\\/www.xing.com\\\/news\\\/pages\\\/organisator-ch-695\",\"https:\\\/\\\/www.youtube.com\\\/channel\\\/UCGP2Sq0iWaZwT3BdIAQFYpw\"]},{\"@type\":\"Person\",\"@id\":\"https:\\\/\\\/www.organisator.ch\\\/#\\\/schema\\\/person\\\/4e51799071cd2dd1232ac003643ef5f0\",\"name\":\"galledia\",\"image\":{\"@type\":\"ImageObject\",\"inLanguage\":\"fr-FR\",\"@id\":\"https:\\\/\\\/secure.gravatar.com\\\/avatar\\\/78a7f90c01fc2bfc875782a0d4922b37cde2cf184ce347b91316d23cd7f69a36?s=96&d=mm&r=g\",\"url\":\"https:\\\/\\\/secure.gravatar.com\\\/avatar\\\/78a7f90c01fc2bfc875782a0d4922b37cde2cf184ce347b91316d23cd7f69a36?s=96&d=mm&r=g\",\"contentUrl\":\"https:\\\/\\\/secure.gravatar.com\\\/avatar\\\/78a7f90c01fc2bfc875782a0d4922b37cde2cf184ce347b91316d23cd7f69a36?s=96&d=mm&r=g\",\"caption\":\"galledia\"},\"sameAs\":[\"https:\\\/\\\/x.com\\\/admin\"],\"url\":\"https:\\\/\\\/www.organisator.ch\\\/fr\\\/author\\\/galledia\\\/\"}]}<\/script>\n<!-- \/ Yoast SEO plugin. -->","yoast_head_json":{"title":"De nombreuses entreprises ne peuvent pas g\u00e9rer suffisamment de volumes de donn\u00e9es - Organisateur","description":"Une \u00e9tude montre que les donn\u00e9es deviennent l'un des domaines les plus critiques pour toutes les entreprises.","robots":{"index":"index","follow":"follow","max-snippet":"max-snippet:-1","max-image-preview":"max-image-preview:large","max-video-preview":"max-video-preview:-1"},"canonical":"https:\/\/www.m-q.ch\/de\/viele-unternehmen-koennen-datenvolumen-nicht-genuegend-bewaeltigen\/","og_locale":"fr_FR","og_type":"article","og_title":"Viele Unternehmen k\u00f6nnen Datenvolumen nicht gen\u00fcgend bew\u00e4ltigen - Organisator","og_description":"Eine Studie zeigt, dass Daten zu einem der gesch\u00e4ftskritischsten Bereiche f\u00fcr alle Unternehmen werden.","og_url":"https:\/\/www.m-q.ch\/de\/viele-unternehmen-koennen-datenvolumen-nicht-genuegend-bewaeltigen\/","og_site_name":"Organisator","article_publisher":"https:\/\/www.facebook.com\/OrganisatorFachmagazin","article_published_time":"2022-04-28T07:57:17+00:00","article_modified_time":"2022-07-30T13:48:10+00:00","og_image":[{"url":"https:\/\/www.m-q.ch\/wp-content\/uploads\/2022\/04\/Viele-Unternehmen-koennen-Datenvolumen-nicht-genuegend-bewaeltigen_MQ.jpg","type":"","width":"","height":""}],"author":"galledia","twitter_card":"summary_large_image","twitter_creator":"@admin","schema":{"@context":"https:\/\/schema.org","@graph":[{"@type":"Article","@id":"https:\/\/www.m-q.ch\/de\/viele-unternehmen-koennen-datenvolumen-nicht-genuegend-bewaeltigen\/#article","isPartOf":{"@id":"https:\/\/www.organisator.ch\/operational-excellence\/2022-04-28\/viele-unternehmen-koennen-datenvolumen-nicht-genuegend-bewaeltigen\/"},"author":{"name":"galledia","@id":"https:\/\/www.organisator.ch\/#\/schema\/person\/4e51799071cd2dd1232ac003643ef5f0"},"headline":"Viele Unternehmen k\u00f6nnen Datenvolumen nicht gen\u00fcgend bew\u00e4ltigen","datePublished":"2022-04-28T07:57:17+00:00","dateModified":"2022-07-30T13:48:10+00:00","mainEntityOfPage":{"@id":"https:\/\/www.organisator.ch\/operational-excellence\/2022-04-28\/viele-unternehmen-koennen-datenvolumen-nicht-genuegend-bewaeltigen\/"},"wordCount":744,"publisher":{"@id":"https:\/\/www.organisator.ch\/#organization"},"image":{"@id":"https:\/\/www.m-q.ch\/de\/viele-unternehmen-koennen-datenvolumen-nicht-genuegend-bewaeltigen\/#primaryimage"},"thumbnailUrl":"https:\/\/www.m-q.ch\/wp-content\/uploads\/2022\/04\/Viele-Unternehmen-koennen-Datenvolumen-nicht-genuegend-bewaeltigen_MQ.jpg","keywords":["Datenvolumen","Unternehmen","Viele"],"articleSection":["OPERATIONAL EXCELLENCE"],"inLanguage":"fr-FR"},{"@type":"WebPage","@id":"https:\/\/www.organisator.ch\/operational-excellence\/2022-04-28\/viele-unternehmen-koennen-datenvolumen-nicht-genuegend-bewaeltigen\/","url":"https:\/\/www.m-q.ch\/de\/viele-unternehmen-koennen-datenvolumen-nicht-genuegend-bewaeltigen\/","name":"De nombreuses entreprises ne peuvent pas g\u00e9rer suffisamment de volumes de donn\u00e9es - Organisateur","isPartOf":{"@id":"https:\/\/www.organisator.ch\/#website"},"primaryImageOfPage":{"@id":"https:\/\/www.m-q.ch\/de\/viele-unternehmen-koennen-datenvolumen-nicht-genuegend-bewaeltigen\/#primaryimage"},"image":{"@id":"https:\/\/www.m-q.ch\/de\/viele-unternehmen-koennen-datenvolumen-nicht-genuegend-bewaeltigen\/#primaryimage"},"thumbnailUrl":"https:\/\/www.m-q.ch\/wp-content\/uploads\/2022\/04\/Viele-Unternehmen-koennen-Datenvolumen-nicht-genuegend-bewaeltigen_MQ.jpg","datePublished":"2022-04-28T07:57:17+00:00","dateModified":"2022-07-30T13:48:10+00:00","description":"Une \u00e9tude montre que les donn\u00e9es deviennent l'un des domaines les plus critiques pour toutes les entreprises.","breadcrumb":{"@id":"https:\/\/www.m-q.ch\/de\/viele-unternehmen-koennen-datenvolumen-nicht-genuegend-bewaeltigen\/#breadcrumb"},"inLanguage":"fr-FR","potentialAction":[{"@type":"ReadAction","target":["https:\/\/www.m-q.ch\/de\/viele-unternehmen-koennen-datenvolumen-nicht-genuegend-bewaeltigen\/"]}]},{"@type":"ImageObject","inLanguage":"fr-FR","@id":"https:\/\/www.m-q.ch\/de\/viele-unternehmen-koennen-datenvolumen-nicht-genuegend-bewaeltigen\/#primaryimage","url":"https:\/\/www.m-q.ch\/wp-content\/uploads\/2022\/04\/Viele-Unternehmen-koennen-Datenvolumen-nicht-genuegend-bewaeltigen_MQ.jpg","contentUrl":"https:\/\/www.m-q.ch\/wp-content\/uploads\/2022\/04\/Viele-Unternehmen-koennen-Datenvolumen-nicht-genuegend-bewaeltigen_MQ.jpg"},{"@type":"BreadcrumbList","@id":"https:\/\/www.m-q.ch\/de\/viele-unternehmen-koennen-datenvolumen-nicht-genuegend-bewaeltigen\/#breadcrumb","itemListElement":[{"@type":"ListItem","position":1,"name":"Home","item":"https:\/\/www.organisator.ch\/"},{"@type":"ListItem","position":2,"name":"Viele Unternehmen k\u00f6nnen Datenvolumen nicht gen\u00fcgend bew\u00e4ltigen"}]},{"@type":"WebSite","@id":"https:\/\/www.organisator.ch\/#website","url":"https:\/\/www.organisator.ch\/","name":"Organisateur","description":"Comp\u00e9tence et comp\u00e9tence. Proches de la pratique. L'ORGANISATEUR pr\u00e9pare 10 num\u00e9ros par an sur les th\u00e8mes essentiels pour les dirigeants de PME.","publisher":{"@id":"https:\/\/www.organisator.ch\/#organization"},"potentialAction":[{"@type":"SearchAction","target":{"@type":"EntryPoint","urlTemplate":"https:\/\/www.organisator.ch\/?s={search_term_string}"},"query-input":{"@type":"PropertyValueSpecification","valueRequired":true,"valueName":"search_term_string"}}],"inLanguage":"fr-FR"},{"@type":"Organization","@id":"https:\/\/www.organisator.ch\/#organization","name":"Organisateur","url":"https:\/\/www.organisator.ch\/","logo":{"@type":"ImageObject","inLanguage":"fr-FR","@id":"https:\/\/www.organisator.ch\/#\/schema\/logo\/image\/","url":"https:\/\/www.organisator.ch\/wp-content\/uploads\/2022\/01\/Logo_Organisator_Website.png","contentUrl":"https:\/\/www.organisator.ch\/wp-content\/uploads\/2022\/01\/Logo_Organisator_Website.png","width":800,"height":77,"caption":"Organisator"},"image":{"@id":"https:\/\/www.organisator.ch\/#\/schema\/logo\/image\/"},"sameAs":["https:\/\/www.facebook.com\/OrganisatorFachmagazin","https:\/\/www.linkedin.com\/showcase\/organisator-das-magazin-fr-kmu","https:\/\/www.xing.com\/news\/pages\/organisator-ch-695","https:\/\/www.youtube.com\/channel\/UCGP2Sq0iWaZwT3BdIAQFYpw"]},{"@type":"Person","@id":"https:\/\/www.organisator.ch\/#\/schema\/person\/4e51799071cd2dd1232ac003643ef5f0","name":"galledia","image":{"@type":"ImageObject","inLanguage":"fr-FR","@id":"https:\/\/secure.gravatar.com\/avatar\/78a7f90c01fc2bfc875782a0d4922b37cde2cf184ce347b91316d23cd7f69a36?s=96&d=mm&r=g","url":"https:\/\/secure.gravatar.com\/avatar\/78a7f90c01fc2bfc875782a0d4922b37cde2cf184ce347b91316d23cd7f69a36?s=96&d=mm&r=g","contentUrl":"https:\/\/secure.gravatar.com\/avatar\/78a7f90c01fc2bfc875782a0d4922b37cde2cf184ce347b91316d23cd7f69a36?s=96&d=mm&r=g","caption":"galledia"},"sameAs":["https:\/\/x.com\/admin"],"url":"https:\/\/www.organisator.ch\/fr\/author\/galledia\/"}]}},"_links":{"self":[{"href":"https:\/\/www.organisator.ch\/fr\/wp-json\/wp\/v2\/posts\/12702","targetHints":{"allow":["GET"]}}],"collection":[{"href":"https:\/\/www.organisator.ch\/fr\/wp-json\/wp\/v2\/posts"}],"about":[{"href":"https:\/\/www.organisator.ch\/fr\/wp-json\/wp\/v2\/types\/post"}],"author":[{"embeddable":true,"href":"https:\/\/www.organisator.ch\/fr\/wp-json\/wp\/v2\/users\/8"}],"replies":[{"embeddable":true,"href":"https:\/\/www.organisator.ch\/fr\/wp-json\/wp\/v2\/comments?post=12702"}],"version-history":[{"count":4,"href":"https:\/\/www.organisator.ch\/fr\/wp-json\/wp\/v2\/posts\/12702\/revisions"}],"predecessor-version":[{"id":15973,"href":"https:\/\/www.organisator.ch\/fr\/wp-json\/wp\/v2\/posts\/12702\/revisions\/15973"}],"wp:attachment":[{"href":"https:\/\/www.organisator.ch\/fr\/wp-json\/wp\/v2\/media?parent=12702"}],"wp:term":[{"taxonomy":"category","embeddable":true,"href":"https:\/\/www.organisator.ch\/fr\/wp-json\/wp\/v2\/categories?post=12702"},{"taxonomy":"post_tag","embeddable":true,"href":"https:\/\/www.organisator.ch\/fr\/wp-json\/wp\/v2\/tags?post=12702"}],"curies":[{"name":"wp","href":"https:\/\/api.w.org\/{rel}","templated":true}]}}