{"id":12705,"date":"2022-04-28T13:32:57","date_gmt":"2022-04-28T11:32:57","guid":{"rendered":"https:\/\/www.organisator.ch\/?p=12705"},"modified":"2022-04-28T13:32:57","modified_gmt":"2022-04-28T11:32:57","slug":"erne-gruppe-digitalisiert-mit-axept","status":"publish","type":"post","link":"https:\/\/www.organisator.ch\/fr\/management\/it\/2022-04-28\/erne-gruppe-digitalisiert-mit-axept\/","title":{"rendered":"Le groupe ERNE se num\u00e9rise avec Axept"},"content":{"rendered":"<figure id=\"attachment_12709\" aria-describedby=\"caption-attachment-12709\" style=\"width: 680px\" class=\"wp-caption alignnone\"><img loading=\"lazy\" decoding=\"async\" class=\"size-full wp-image-12709\" src=\"https:\/\/www.organisator.ch\/wp-content\/uploads\/2022\/04\/ERNE-Gruppe-digitalisiert-mit-Axept_Organisator.jpg\" alt=\"\" width=\"680\" height=\"278\" srcset=\"https:\/\/www.organisator.ch\/wp-content\/uploads\/2022\/04\/ERNE-Gruppe-digitalisiert-mit-Axept_Organisator.jpg 680w, https:\/\/www.organisator.ch\/wp-content\/uploads\/2022\/04\/ERNE-Gruppe-digitalisiert-mit-Axept_Organisator-18x7.jpg 18w, https:\/\/www.organisator.ch\/wp-content\/uploads\/2022\/04\/ERNE-Gruppe-digitalisiert-mit-Axept_Organisator-375x153.jpg 375w, https:\/\/www.organisator.ch\/wp-content\/uploads\/2022\/04\/ERNE-Gruppe-digitalisiert-mit-Axept_Organisator-300x123.jpg 300w\" sizes=\"auto, (max-width: 680px) 100vw, 680px\" \/><figcaption id=\"caption-attachment-12709\" class=\"wp-caption-text\">ERNE et Axept collaborent depuis janvier 2021 dans le cadre d'un projet ERP de grande envergure. De gauche \u00e0 droite : du c\u00f4t\u00e9 d'Axept : Hannes K\u00fcng (chef de projet), No\u00ebl Lanker (membre de la direction), Urs Zoller (chef de projet) et du c\u00f4t\u00e9 du client : Thomas Br\u00fchlmeier (direction g\u00e9n\u00e9rale du projet), Ingo Schmuckli (direction adjointe du projet), Markus Strahm (coordination de la construction), Peter G\u00f6bel (coordination adjointe de la construction), Marco Roth (direction du projet). (Photo : zVg)<\/figcaption><\/figure>\n<p>En janvier 2021, Axept a gagn\u00e9 le groupe ERNE comme nouveau grand client. Ce groupe d'entreprises du secteur de la construction, qui appartient \u00e0 la quatri\u00e8me g\u00e9n\u00e9ration de la famille, a examin\u00e9, dans le cadre d'une vaste phase de conception, le remplacement de la solution logicielle bas\u00e9e sur SAP qu'il utilisait jusqu'\u00e0 pr\u00e9sent et a cherch\u00e9 un nouveau partenaire de num\u00e9risation. Fin 2021, la phase de conception s'est achev\u00e9e avec succ\u00e8s et la phase d'impl\u00e9mentation a \u00e9t\u00e9 lanc\u00e9e au premier trimestre 2022. Plus de 10 000 heures de service seront fournies par Axept dans le cadre du projet jusqu'\u00e0 la date de mise en service. Presque toutes les applications Abacus disponibles seront introduites. Les exigences \u00e9lev\u00e9es dans le domaine de la gestion des donn\u00e9es, dues \u00e0 la connexion de plus de 10 solutions logicielles diff\u00e9rentes, sont mises en \u0153uvre par Axept sur la base d'AXsuite. L'analyse des donn\u00e9es s'effectue avec AXview, la solution BI d'Axept , qui permet de connecter diff\u00e9rents syst\u00e8mes et de pr\u00e9senter et d'analyser les donn\u00e9es sous forme d'indicateurs et de tableaux de bord.<\/p>\n<h3>A partir de 2023, le groupe ERNE se num\u00e9rise<\/h3>\n<p>Apr\u00e8s d'autres grandes entreprises de construction innovantes, c'est au tour du groupe ERNE de miser sur les sp\u00e9cialistes et les produits d'Axept. Axept assure le logiciel de gestion d'Abacus adapt\u00e9 aux besoins des clients ainsi que son suivi constant et son d\u00e9veloppement permanent \u00e0 partir du Go Live pr\u00e9vu le 1er janvier 2023. Thomas Br\u00fchlmeier, CFO au sein du groupe ERNE, est convaincu que la collaboration avec Axept permettra d'exploiter de mani\u00e8re optimale le nouvel environnement syst\u00e8me d'Abacus : \"La transformation num\u00e9rique est et reste un th\u00e8me important. Les effets de la num\u00e9risation, en particulier la mise en \u0153uvre de processus int\u00e9gr\u00e9s ainsi que de nouvelles fa\u00e7ons de communiquer, conduiront \u00e0 plus d'efficacit\u00e9, \u00e0 une meilleure qualit\u00e9 et \u00e0 de nouvelles possibilit\u00e9s dans notre entreprise\". On a trouv\u00e9 en Axept un partenaire qui se porte garant d'une introduction globale ainsi que d'un suivi et d'un d\u00e9veloppement durables du nouveau syst\u00e8me, poursuit Br\u00fchlmeier.<\/p>\n<h3>Focalis\u00e9 sur un avenir innovant et num\u00e9rique<\/h3>\n<p>\"La collaboration avec le groupe ERNE nous r\u00e9jouit \u00e9norm\u00e9ment. La confiance qui nous est accord\u00e9e confirme notre r\u00f4le de leader en tant qu'int\u00e9grateur de logiciels Abacus et renforce en outre notre position sur le march\u00e9 dans le secteur de la construction. Notre principal objectif pour les ann\u00e9es \u00e0 venir est d'accompagner les entreprises suisses innovantes vers un avenir num\u00e9rique prosp\u00e8re. Ce grand projet stimulant avec ERNE va nous y aider\", commente Raphael Kohler, CEO et partenaire chez Axept Business Software AG. Fond\u00e9e en 2006, cette entreprise de logiciels r\u00e9alise des solutions de gestion d'entreprise avec Abacus Business Software, les logiciels de Business Intelligence de Qlik et PROVIS pour des entreprises suisses de renom, et pas seulement dans le secteur de la construction.<\/p>\n<p><em>Source et informations compl\u00e9mentaires : <a href=\"http:\/\/www.axept.ch\">www.axept.ch<\/a> \/ <a href=\"http:\/\/www.erne-gruppe.ch\">www.erne-gruppe.ch<\/a><\/em><\/p>","protected":false},"excerpt":{"rendered":"<p>Im Januar 2021 hat Axept die ERNE Gruppe als neuen Grosskunden gewonnen. Diese Unternehmensgruppe aus der Baubranche, welche sich in der vierten Generation im Familienbesitz befindet, hat in einer umfangreichen Konzeptphase die Abl\u00f6sung der bisher eingesetzten Software-L\u00f6sung auf Basis von SAP gepr\u00fcft und nach einem neuen Digitalisierungspartner gesucht. Ende 2021 konnte die Konzeptphase erfolgreich abgeschlossen [&hellip;]<\/p>\n","protected":false},"author":4,"featured_media":12709,"comment_status":"closed","ping_status":"closed","sticky":false,"template":"","format":"standard","meta":{"_acf_changed":false,"_yoast_wpseo_focuskw":"ERNE Gruppe","_yoast_wpseo_metadesc":"Die ERNE Gruppe und Axept setzen ein gemeinsames ERP-Projekt um: Es geht um die Digitalisierung aller relevanten Prozesse.","articlekey":"","footnotes":""},"categories":[27],"tags":[182,287,397,492],"class_list":["post-12705","post","type-post","status-publish","format-standard","has-post-thumbnail","hentry","category-it","tag-erp","tag-itbusiness-software","tag-projektmanagement","tag-unternehmen"],"acf":[],"yoast_head":"<!-- This site is optimized with the Yoast SEO plugin v27.5 - https:\/\/yoast.com\/product\/yoast-seo-wordpress\/ -->\n<title>ERNE Gruppe digitalisiert mit Axept - Organisator<\/title>\n<meta name=\"description\" content=\"Die ERNE Gruppe und Axept setzen ein gemeinsames ERP-Projekt um: Es geht um die Digitalisierung aller relevanten Prozesse.\" \/>\n<meta name=\"robots\" content=\"index, follow, max-snippet:-1, max-image-preview:large, max-video-preview:-1\" \/>\n<link rel=\"canonical\" href=\"https:\/\/www.organisator.ch\/fr\/gestion-2\/it\/2022-04-28\/erne-gruppe-digitalisiert-mit-axept\/\" \/>\n<meta property=\"og:locale\" content=\"fr_FR\" \/>\n<meta property=\"og:type\" content=\"article\" \/>\n<meta property=\"og:title\" content=\"ERNE Gruppe digitalisiert mit Axept\" \/>\n<meta property=\"og:description\" content=\"Die ERNE Gruppe und Axept setzen ein gemeinsames ERP-Projekt um: Es geht um die Digitalisierung aller relevanten Prozesse.\" \/>\n<meta property=\"og:url\" content=\"https:\/\/www.organisator.ch\/fr\/gestion-2\/it\/2022-04-28\/erne-gruppe-digitalisiert-mit-axept\/\" \/>\n<meta property=\"og:site_name\" content=\"Organisator\" \/>\n<meta property=\"article:publisher\" content=\"https:\/\/www.facebook.com\/OrganisatorFachmagazin\" \/>\n<meta property=\"article:published_time\" content=\"2022-04-28T11:32:57+00:00\" \/>\n<meta property=\"og:image\" content=\"https:\/\/www.organisator.ch\/wp-content\/uploads\/2022\/04\/ERNE-Gruppe-digitalisiert-mit-Axept_Organisator.jpg\" \/>\n\t<meta property=\"og:image:width\" content=\"680\" \/>\n\t<meta property=\"og:image:height\" content=\"278\" \/>\n\t<meta property=\"og:image:type\" content=\"image\/jpeg\" \/>\n<meta name=\"author\" content=\"thomas.berner\" \/>\n<meta name=\"twitter:card\" content=\"summary_large_image\" \/>\n<meta name=\"twitter:title\" content=\"#ERNE Gruppe digitalisiert mit #Axept\" \/>\n<meta name=\"twitter:description\" content=\"Die #ERNE Gruppe und #Axept setzen ein gemeinsames #ERP-Projekt um: Es geht um die Digitalisierung aller relevanten Prozesse.\" \/>\n<meta name=\"twitter:image\" content=\"https:\/\/www.organisator.ch\/wp-content\/uploads\/2022\/04\/ERNE-Gruppe-digitalisiert-mit-Axept_Organisator.jpg\" \/>\n<script type=\"application\/ld+json\" class=\"yoast-schema-graph\">{\"@context\":\"https:\\\/\\\/schema.org\",\"@graph\":[{\"@type\":\"Article\",\"@id\":\"https:\\\/\\\/www.organisator.ch\\\/management\\\/it\\\/2022-04-28\\\/erne-gruppe-digitalisiert-mit-axept\\\/#article\",\"isPartOf\":{\"@id\":\"https:\\\/\\\/www.organisator.ch\\\/management\\\/it\\\/2022-04-28\\\/erne-gruppe-digitalisiert-mit-axept\\\/\"},\"author\":{\"name\":\"thomas.berner\",\"@id\":\"https:\\\/\\\/www.organisator.ch\\\/#\\\/schema\\\/person\\\/6f650f90b2842cd4c0cc334b4e36f67e\"},\"headline\":\"ERNE Gruppe digitalisiert mit Axept\",\"datePublished\":\"2022-04-28T11:32:57+00:00\",\"mainEntityOfPage\":{\"@id\":\"https:\\\/\\\/www.organisator.ch\\\/management\\\/it\\\/2022-04-28\\\/erne-gruppe-digitalisiert-mit-axept\\\/\"},\"wordCount\":473,\"publisher\":{\"@id\":\"https:\\\/\\\/www.organisator.ch\\\/#organization\"},\"image\":{\"@id\":\"https:\\\/\\\/www.organisator.ch\\\/management\\\/it\\\/2022-04-28\\\/erne-gruppe-digitalisiert-mit-axept\\\/#primaryimage\"},\"thumbnailUrl\":\"https:\\\/\\\/www.organisator.ch\\\/wp-content\\\/uploads\\\/2022\\\/04\\\/ERNE-Gruppe-digitalisiert-mit-Axept_Organisator.jpg\",\"keywords\":[\"ERP\",\"IT\u2009&amp;\u2009Business Software\",\"Projektmanagement\",\"Unternehmen\"],\"articleSection\":[\"IT\"],\"inLanguage\":\"fr-FR\"},{\"@type\":\"WebPage\",\"@id\":\"https:\\\/\\\/www.organisator.ch\\\/management\\\/it\\\/2022-04-28\\\/erne-gruppe-digitalisiert-mit-axept\\\/\",\"url\":\"https:\\\/\\\/www.organisator.ch\\\/management\\\/it\\\/2022-04-28\\\/erne-gruppe-digitalisiert-mit-axept\\\/\",\"name\":\"ERNE Gruppe digitalisiert mit Axept - Organisator\",\"isPartOf\":{\"@id\":\"https:\\\/\\\/www.organisator.ch\\\/#website\"},\"primaryImageOfPage\":{\"@id\":\"https:\\\/\\\/www.organisator.ch\\\/management\\\/it\\\/2022-04-28\\\/erne-gruppe-digitalisiert-mit-axept\\\/#primaryimage\"},\"image\":{\"@id\":\"https:\\\/\\\/www.organisator.ch\\\/management\\\/it\\\/2022-04-28\\\/erne-gruppe-digitalisiert-mit-axept\\\/#primaryimage\"},\"thumbnailUrl\":\"https:\\\/\\\/www.organisator.ch\\\/wp-content\\\/uploads\\\/2022\\\/04\\\/ERNE-Gruppe-digitalisiert-mit-Axept_Organisator.jpg\",\"datePublished\":\"2022-04-28T11:32:57+00:00\",\"description\":\"Die ERNE Gruppe und Axept setzen ein gemeinsames ERP-Projekt um: Es geht um die Digitalisierung aller relevanten Prozesse.\",\"breadcrumb\":{\"@id\":\"https:\\\/\\\/www.organisator.ch\\\/management\\\/it\\\/2022-04-28\\\/erne-gruppe-digitalisiert-mit-axept\\\/#breadcrumb\"},\"inLanguage\":\"fr-FR\",\"potentialAction\":[{\"@type\":\"ReadAction\",\"target\":[\"https:\\\/\\\/www.organisator.ch\\\/management\\\/it\\\/2022-04-28\\\/erne-gruppe-digitalisiert-mit-axept\\\/\"]}]},{\"@type\":\"ImageObject\",\"inLanguage\":\"fr-FR\",\"@id\":\"https:\\\/\\\/www.organisator.ch\\\/management\\\/it\\\/2022-04-28\\\/erne-gruppe-digitalisiert-mit-axept\\\/#primaryimage\",\"url\":\"https:\\\/\\\/www.organisator.ch\\\/wp-content\\\/uploads\\\/2022\\\/04\\\/ERNE-Gruppe-digitalisiert-mit-Axept_Organisator.jpg\",\"contentUrl\":\"https:\\\/\\\/www.organisator.ch\\\/wp-content\\\/uploads\\\/2022\\\/04\\\/ERNE-Gruppe-digitalisiert-mit-Axept_Organisator.jpg\",\"width\":680,\"height\":278,\"caption\":\"ERNE und Axept a rbeiten seit Januar 202 1 in einem ERP Grossprojekt zusammen v.l.n.r.: A uf Seiten von Axept : Hannes K\u00fcng (Projekt leiter), No\u00ebl Lanker (Mitglied de r Gesch\u00e4ftsleitung), Urs Z oller Leiter P roj ekte und kundenseitig: T homas Br\u00fchlmeier (Gesamtprojektleitung) Gesamtprojektleitung), Ingo Schmuckli ( leitung Stv.) Stv.), Markus Strahm (Baukoordination) Baukoordination), Peter G\u00f6bel (Ba ukoordination Stv.) Stv.), Marco Roth (\"},{\"@type\":\"BreadcrumbList\",\"@id\":\"https:\\\/\\\/www.organisator.ch\\\/management\\\/it\\\/2022-04-28\\\/erne-gruppe-digitalisiert-mit-axept\\\/#breadcrumb\",\"itemListElement\":[{\"@type\":\"ListItem\",\"position\":1,\"name\":\"Home\",\"item\":\"https:\\\/\\\/www.organisator.ch\\\/\"},{\"@type\":\"ListItem\",\"position\":2,\"name\":\"ERNE Gruppe digitalisiert mit Axept\"}]},{\"@type\":\"WebSite\",\"@id\":\"https:\\\/\\\/www.organisator.ch\\\/#website\",\"url\":\"https:\\\/\\\/www.organisator.ch\\\/\",\"name\":\"Organisator\",\"description\":\"Kompetent. Praxisnah. Der ORGANISATOR bereitet in 10 Ausgaben pro Jahr die wesentlichen Themen f\u00fcr F\u00fchrungskr\u00e4fte von KMU auf.\",\"publisher\":{\"@id\":\"https:\\\/\\\/www.organisator.ch\\\/#organization\"},\"potentialAction\":[{\"@type\":\"SearchAction\",\"target\":{\"@type\":\"EntryPoint\",\"urlTemplate\":\"https:\\\/\\\/www.organisator.ch\\\/?s={search_term_string}\"},\"query-input\":{\"@type\":\"PropertyValueSpecification\",\"valueRequired\":true,\"valueName\":\"search_term_string\"}}],\"inLanguage\":\"fr-FR\"},{\"@type\":\"Organization\",\"@id\":\"https:\\\/\\\/www.organisator.ch\\\/#organization\",\"name\":\"Organisator\",\"url\":\"https:\\\/\\\/www.organisator.ch\\\/\",\"logo\":{\"@type\":\"ImageObject\",\"inLanguage\":\"fr-FR\",\"@id\":\"https:\\\/\\\/www.organisator.ch\\\/#\\\/schema\\\/logo\\\/image\\\/\",\"url\":\"https:\\\/\\\/www.organisator.ch\\\/wp-content\\\/uploads\\\/2022\\\/01\\\/Logo_Organisator_Website.png\",\"contentUrl\":\"https:\\\/\\\/www.organisator.ch\\\/wp-content\\\/uploads\\\/2022\\\/01\\\/Logo_Organisator_Website.png\",\"width\":800,\"height\":77,\"caption\":\"Organisator\"},\"image\":{\"@id\":\"https:\\\/\\\/www.organisator.ch\\\/#\\\/schema\\\/logo\\\/image\\\/\"},\"sameAs\":[\"https:\\\/\\\/www.facebook.com\\\/OrganisatorFachmagazin\",\"https:\\\/\\\/www.linkedin.com\\\/showcase\\\/organisator-das-magazin-fr-kmu\",\"https:\\\/\\\/www.xing.com\\\/news\\\/pages\\\/organisator-ch-695\",\"https:\\\/\\\/www.youtube.com\\\/channel\\\/UCGP2Sq0iWaZwT3BdIAQFYpw\"]},{\"@type\":\"Person\",\"@id\":\"https:\\\/\\\/www.organisator.ch\\\/#\\\/schema\\\/person\\\/6f650f90b2842cd4c0cc334b4e36f67e\",\"name\":\"thomas.berner\",\"image\":{\"@type\":\"ImageObject\",\"inLanguage\":\"fr-FR\",\"@id\":\"https:\\\/\\\/secure.gravatar.com\\\/avatar\\\/ac5001d2a36cb6c6cd3e50789007ffca834b477b74a2144564522e944eabff61?s=96&d=mm&r=g\",\"url\":\"https:\\\/\\\/secure.gravatar.com\\\/avatar\\\/ac5001d2a36cb6c6cd3e50789007ffca834b477b74a2144564522e944eabff61?s=96&d=mm&r=g\",\"contentUrl\":\"https:\\\/\\\/secure.gravatar.com\\\/avatar\\\/ac5001d2a36cb6c6cd3e50789007ffca834b477b74a2144564522e944eabff61?s=96&d=mm&r=g\",\"caption\":\"thomas.berner\"},\"url\":\"https:\\\/\\\/www.organisator.ch\\\/fr\\\/author\\\/thomas-berner\\\/\"}]}<\/script>\n<!-- \/ Yoast SEO plugin. -->","yoast_head_json":{"title":"Le groupe ERNE se num\u00e9rise avec Axept - Organisateur","description":"Le groupe ERNE et Axept mettent en \u0153uvre un projet ERP commun : il s'agit de num\u00e9riser tous les processus pertinents.","robots":{"index":"index","follow":"follow","max-snippet":"max-snippet:-1","max-image-preview":"max-image-preview:large","max-video-preview":"max-video-preview:-1"},"canonical":"https:\/\/www.organisator.ch\/fr\/gestion-2\/it\/2022-04-28\/erne-gruppe-digitalisiert-mit-axept\/","og_locale":"fr_FR","og_type":"article","og_title":"ERNE Gruppe digitalisiert mit Axept","og_description":"Die ERNE Gruppe und Axept setzen ein gemeinsames ERP-Projekt um: Es geht um die Digitalisierung aller relevanten Prozesse.","og_url":"https:\/\/www.organisator.ch\/fr\/gestion-2\/it\/2022-04-28\/erne-gruppe-digitalisiert-mit-axept\/","og_site_name":"Organisator","article_publisher":"https:\/\/www.facebook.com\/OrganisatorFachmagazin","article_published_time":"2022-04-28T11:32:57+00:00","og_image":[{"width":680,"height":278,"url":"https:\/\/www.organisator.ch\/wp-content\/uploads\/2022\/04\/ERNE-Gruppe-digitalisiert-mit-Axept_Organisator.jpg","type":"image\/jpeg"}],"author":"thomas.berner","twitter_card":"summary_large_image","twitter_title":"#ERNE Gruppe digitalisiert mit #Axept","twitter_description":"Die #ERNE Gruppe und #Axept setzen ein gemeinsames #ERP-Projekt um: Es geht um die Digitalisierung aller relevanten Prozesse.","twitter_image":"https:\/\/www.organisator.ch\/wp-content\/uploads\/2022\/04\/ERNE-Gruppe-digitalisiert-mit-Axept_Organisator.jpg","schema":{"@context":"https:\/\/schema.org","@graph":[{"@type":"Article","@id":"https:\/\/www.organisator.ch\/management\/it\/2022-04-28\/erne-gruppe-digitalisiert-mit-axept\/#article","isPartOf":{"@id":"https:\/\/www.organisator.ch\/management\/it\/2022-04-28\/erne-gruppe-digitalisiert-mit-axept\/"},"author":{"name":"thomas.berner","@id":"https:\/\/www.organisator.ch\/#\/schema\/person\/6f650f90b2842cd4c0cc334b4e36f67e"},"headline":"ERNE Gruppe digitalisiert mit Axept","datePublished":"2022-04-28T11:32:57+00:00","mainEntityOfPage":{"@id":"https:\/\/www.organisator.ch\/management\/it\/2022-04-28\/erne-gruppe-digitalisiert-mit-axept\/"},"wordCount":473,"publisher":{"@id":"https:\/\/www.organisator.ch\/#organization"},"image":{"@id":"https:\/\/www.organisator.ch\/management\/it\/2022-04-28\/erne-gruppe-digitalisiert-mit-axept\/#primaryimage"},"thumbnailUrl":"https:\/\/www.organisator.ch\/wp-content\/uploads\/2022\/04\/ERNE-Gruppe-digitalisiert-mit-Axept_Organisator.jpg","keywords":["ERP","IT\u2009&amp;\u2009Business Software","Projektmanagement","Unternehmen"],"articleSection":["IT"],"inLanguage":"fr-FR"},{"@type":"WebPage","@id":"https:\/\/www.organisator.ch\/management\/it\/2022-04-28\/erne-gruppe-digitalisiert-mit-axept\/","url":"https:\/\/www.organisator.ch\/management\/it\/2022-04-28\/erne-gruppe-digitalisiert-mit-axept\/","name":"Le groupe ERNE se num\u00e9rise avec Axept - Organisateur","isPartOf":{"@id":"https:\/\/www.organisator.ch\/#website"},"primaryImageOfPage":{"@id":"https:\/\/www.organisator.ch\/management\/it\/2022-04-28\/erne-gruppe-digitalisiert-mit-axept\/#primaryimage"},"image":{"@id":"https:\/\/www.organisator.ch\/management\/it\/2022-04-28\/erne-gruppe-digitalisiert-mit-axept\/#primaryimage"},"thumbnailUrl":"https:\/\/www.organisator.ch\/wp-content\/uploads\/2022\/04\/ERNE-Gruppe-digitalisiert-mit-Axept_Organisator.jpg","datePublished":"2022-04-28T11:32:57+00:00","description":"Le groupe ERNE et Axept mettent en \u0153uvre un projet ERP commun : il s'agit de num\u00e9riser tous les processus pertinents.","breadcrumb":{"@id":"https:\/\/www.organisator.ch\/management\/it\/2022-04-28\/erne-gruppe-digitalisiert-mit-axept\/#breadcrumb"},"inLanguage":"fr-FR","potentialAction":[{"@type":"ReadAction","target":["https:\/\/www.organisator.ch\/management\/it\/2022-04-28\/erne-gruppe-digitalisiert-mit-axept\/"]}]},{"@type":"ImageObject","inLanguage":"fr-FR","@id":"https:\/\/www.organisator.ch\/management\/it\/2022-04-28\/erne-gruppe-digitalisiert-mit-axept\/#primaryimage","url":"https:\/\/www.organisator.ch\/wp-content\/uploads\/2022\/04\/ERNE-Gruppe-digitalisiert-mit-Axept_Organisator.jpg","contentUrl":"https:\/\/www.organisator.ch\/wp-content\/uploads\/2022\/04\/ERNE-Gruppe-digitalisiert-mit-Axept_Organisator.jpg","width":680,"height":278,"caption":"ERNE und Axept a rbeiten seit Januar 202 1 in einem ERP Grossprojekt zusammen v.l.n.r.: A uf Seiten von Axept : Hannes K\u00fcng (Projekt leiter), No\u00ebl Lanker (Mitglied de r Gesch\u00e4ftsleitung), Urs Z oller Leiter P roj ekte und kundenseitig: T homas Br\u00fchlmeier (Gesamtprojektleitung) Gesamtprojektleitung), Ingo Schmuckli ( leitung Stv.) Stv.), Markus Strahm (Baukoordination) Baukoordination), Peter G\u00f6bel (Ba ukoordination Stv.) Stv.), Marco Roth ("},{"@type":"BreadcrumbList","@id":"https:\/\/www.organisator.ch\/management\/it\/2022-04-28\/erne-gruppe-digitalisiert-mit-axept\/#breadcrumb","itemListElement":[{"@type":"ListItem","position":1,"name":"Home","item":"https:\/\/www.organisator.ch\/"},{"@type":"ListItem","position":2,"name":"ERNE Gruppe digitalisiert mit Axept"}]},{"@type":"WebSite","@id":"https:\/\/www.organisator.ch\/#website","url":"https:\/\/www.organisator.ch\/","name":"Organisateur","description":"Comp\u00e9tence et comp\u00e9tence. Proches de la pratique. L'ORGANISATEUR pr\u00e9pare 10 num\u00e9ros par an sur les th\u00e8mes essentiels pour les dirigeants de PME.","publisher":{"@id":"https:\/\/www.organisator.ch\/#organization"},"potentialAction":[{"@type":"SearchAction","target":{"@type":"EntryPoint","urlTemplate":"https:\/\/www.organisator.ch\/?s={search_term_string}"},"query-input":{"@type":"PropertyValueSpecification","valueRequired":true,"valueName":"search_term_string"}}],"inLanguage":"fr-FR"},{"@type":"Organization","@id":"https:\/\/www.organisator.ch\/#organization","name":"Organisateur","url":"https:\/\/www.organisator.ch\/","logo":{"@type":"ImageObject","inLanguage":"fr-FR","@id":"https:\/\/www.organisator.ch\/#\/schema\/logo\/image\/","url":"https:\/\/www.organisator.ch\/wp-content\/uploads\/2022\/01\/Logo_Organisator_Website.png","contentUrl":"https:\/\/www.organisator.ch\/wp-content\/uploads\/2022\/01\/Logo_Organisator_Website.png","width":800,"height":77,"caption":"Organisator"},"image":{"@id":"https:\/\/www.organisator.ch\/#\/schema\/logo\/image\/"},"sameAs":["https:\/\/www.facebook.com\/OrganisatorFachmagazin","https:\/\/www.linkedin.com\/showcase\/organisator-das-magazin-fr-kmu","https:\/\/www.xing.com\/news\/pages\/organisator-ch-695","https:\/\/www.youtube.com\/channel\/UCGP2Sq0iWaZwT3BdIAQFYpw"]},{"@type":"Person","@id":"https:\/\/www.organisator.ch\/#\/schema\/person\/6f650f90b2842cd4c0cc334b4e36f67e","name":"thomas.berner","image":{"@type":"ImageObject","inLanguage":"fr-FR","@id":"https:\/\/secure.gravatar.com\/avatar\/ac5001d2a36cb6c6cd3e50789007ffca834b477b74a2144564522e944eabff61?s=96&d=mm&r=g","url":"https:\/\/secure.gravatar.com\/avatar\/ac5001d2a36cb6c6cd3e50789007ffca834b477b74a2144564522e944eabff61?s=96&d=mm&r=g","contentUrl":"https:\/\/secure.gravatar.com\/avatar\/ac5001d2a36cb6c6cd3e50789007ffca834b477b74a2144564522e944eabff61?s=96&d=mm&r=g","caption":"thomas.berner"},"url":"https:\/\/www.organisator.ch\/fr\/author\/thomas-berner\/"}]}},"_links":{"self":[{"href":"https:\/\/www.organisator.ch\/fr\/wp-json\/wp\/v2\/posts\/12705","targetHints":{"allow":["GET"]}}],"collection":[{"href":"https:\/\/www.organisator.ch\/fr\/wp-json\/wp\/v2\/posts"}],"about":[{"href":"https:\/\/www.organisator.ch\/fr\/wp-json\/wp\/v2\/types\/post"}],"author":[{"embeddable":true,"href":"https:\/\/www.organisator.ch\/fr\/wp-json\/wp\/v2\/users\/4"}],"replies":[{"embeddable":true,"href":"https:\/\/www.organisator.ch\/fr\/wp-json\/wp\/v2\/comments?post=12705"}],"version-history":[{"count":2,"href":"https:\/\/www.organisator.ch\/fr\/wp-json\/wp\/v2\/posts\/12705\/revisions"}],"predecessor-version":[{"id":12710,"href":"https:\/\/www.organisator.ch\/fr\/wp-json\/wp\/v2\/posts\/12705\/revisions\/12710"}],"wp:featuredmedia":[{"embeddable":true,"href":"https:\/\/www.organisator.ch\/fr\/wp-json\/wp\/v2\/media\/12709"}],"wp:attachment":[{"href":"https:\/\/www.organisator.ch\/fr\/wp-json\/wp\/v2\/media?parent=12705"}],"wp:term":[{"taxonomy":"category","embeddable":true,"href":"https:\/\/www.organisator.ch\/fr\/wp-json\/wp\/v2\/categories?post=12705"},{"taxonomy":"post_tag","embeddable":true,"href":"https:\/\/www.organisator.ch\/fr\/wp-json\/wp\/v2\/tags?post=12705"}],"curies":[{"name":"wp","href":"https:\/\/api.w.org\/{rel}","templated":true}]}}