{"id":12758,"date":"2022-05-03T13:57:13","date_gmt":"2022-05-03T11:57:13","guid":{"rendered":"https:\/\/www.m-q.ch\/?p=16310"},"modified":"2022-08-02T12:41:56","modified_gmt":"2022-08-02T10:41:56","slug":"7-kickstart-innovationsprogramm-mit-verstaerktem-fokus-auf-nachhaltigkeit","status":"publish","type":"post","link":"https:\/\/www.organisator.ch\/fr\/operational-excellence\/2022-05-03\/7-kickstart-innovationsprogramm-mit-verstaerktem-fokus-auf-nachhaltigkeit\/","title":{"rendered":"7e programme d'innovation Kickstart avec un accent renforc\u00e9 sur la durabilit\u00e9"},"content":{"rendered":"<figure id=\"attachment_16311\" class=\"wp-caption alignnone\" style=\"width: 680px\" aria-describedby=\"caption-attachment-16311\"><img class=\"alignnone wp-image-16311 size-full\" src=\"https:\/\/www.m-q.ch\/wp-content\/uploads\/2022\/05\/7-Kickstart-Innovationsprogramm-mit-verstaerktem-Fokus-auf-Nachhaltigkeit_MQ.jpg\" alt=\"Kickstart\" width=\"680\" height=\"468\" \/><figcaption id=\"caption-attachment-16311\" class=\"wp-caption-text\">Katka Letzing, cofondatrice et CEO de Kickstart Innovation. (Image : zVg \/ Kickstart)<\/figcaption><\/figure>\r\nKickstart Innovation, l'une des principales plateformes d'Open Innovation en Europe selon ses propres dires, a lanc\u00e9 son nouveau programme le 26 avril 2022 - et ce pour la septi\u00e8me fois. Dans les <a href=\"https:\/\/www.m-q.ch\/de\/das-innovationsprogramm-fuer-start-ups-ist-gestartet\/\">ann\u00e9es pass\u00e9es<\/a> le programme d'innovation a r\u00e9ussi \u00e0 attirer quelques-unes des meilleures start-ups du monde afin d'\u00e9laborer des solutions pour la soci\u00e9t\u00e9. Cela se fait en partenariat avec des acteurs cl\u00e9s du secteur, notamment <a href=\"https:\/\/www.axa.ch\/en\/private-customers.html?gclid=CjwKCAiA4o79BRBvEiwAjteoYE-9ZBv9Unr6QXMQBNCiWMSoS2PN3zNJr6hhVvWZbTmy-2uy1-eZSBoCtNoQAvD_BwE&amp;ef_id=X6PO3QAAABwYtR-H:20201105132549:s\">AXA<\/a>, <a href=\"https:\/\/www.coop.ch\/en\/?gclid=CjwKCAiA4o79BRBvEiwAjteoYIaR7emOuJIMHNw2nefmJWDQNab0KjlqHqAhyFVDoA91W_nHoIAVVhoCzGwQAvD_BwE&amp;gclsrc=aw.ds\">Coop<\/a>, <a href=\"https:\/\/www.swisscom.ch\/en\/business.html\">Swisscom<\/a>, <a href=\"https:\/\/www.mobiliere.ch\/?ds_rl=1247884&amp;ds_rl=1253691&amp;ds_rl=1253697&amp;gclid=Cj0KCQjw3v6SBhCsARIsACyrRAnlqM3cbloz46F1E1TKI4sTIgVIdMFCo6pMejYtqoq0n6Wje66orL0aAj5iEALw_wcB&amp;gclsrc=aw.ds\">le mobilier<\/a>, <a href=\"https:\/\/www.postfinance.ch\/en\/private.html\">PostFinance<\/a>, <a href=\"https:\/\/www.sanitas.com\/de\/privatkunden.html\">Sanitas<\/a>, <a href=\"https:\/\/www.stadt-zuerich.ch\/portal\/en\/index.html\">la ville de Zurich<\/a>, <a href=\"https:\/\/www.credit-suisse.com\/ch\/en.html?aa_cmp=psrc_pbch_ch_2019_alonp_cs_wr_na_goog_na_na__w07732&amp;gclid=CjwKCAiA4o79BRBvEiwAjteoYFtaKiE8EyDVZjVQlehDP16xnx0TyOUz83Elrd466Gl714X7BqmF5xoCPr8QAvD_BwE\">Credit Suisse<\/a>, <a href=\"https:\/\/www.galenica.com\/en\/\">Galenica<\/a> et <a href=\"https:\/\/www.css.ch\/\">CSS Assurance<\/a>. Depuis 2016, Kickstart a ainsi soutenu plus de 300 startups et r\u00e9alis\u00e9 plus de 200 deals sous forme de coop\u00e9rations dans plus de 40 pays. Jusqu'\u00e0 pr\u00e9sent, des investissements d'un montant de plus de 2 milliards de CHF ont \u00e9t\u00e9 r\u00e9alis\u00e9s, notamment pour des startups aussi connues que Planted, Neustark, AAAcell et d'autres.\r\n<h2>Programme d'innovation mettant l'accent sur la durabilit\u00e9<\/h2>\r\nLe programme a lieu chaque ann\u00e9e depuis 2016, alors que la num\u00e9risation et la durabilit\u00e9 deviennent de plus en plus des moteurs d'innovation dans tous les secteurs. \"Les startups offrent un large \u00e9ventail de solutions aux entreprises qui sont \u00e0 la recherche de nouvelles technologies et d'innovations vari\u00e9es pour leur d\u00e9veloppement. Parall\u00e8lement, les partenariats avec les entreprises favorisent la croissance des startups gr\u00e2ce \u00e0 des pools d'experts et des opportunit\u00e9s de coop\u00e9ration\", explique Katka Letzing, cofondatrice et CEO de Kickstart Innovation. \"La durabilit\u00e9 est d\u00e9sormais au c\u0153ur de toutes les activit\u00e9s. Un grand changement a eu lieu dans ce domaine ces derni\u00e8res ann\u00e9es, comme le montre le doublement des deals autour du th\u00e8me de l'\u00e9conomie circulaire au cours des douze derniers mois\".\r\n<h2>Acc\u00e8s au r\u00e9seau d'investisseurs<\/h2>\r\nL'objectif du programme Kickstart est de permettre des projets pilotes ou des coop\u00e9rations commerciales entre des start-ups et des institutions \u00e9tablies. Il s'agit ainsi de lancer de nouveaux produits et services sur le march\u00e9 \u00e0 plus grande \u00e9chelle, de trouver de nouvelles sources de revenus et d'investir dans des mod\u00e8les et des proc\u00e9d\u00e9s d'avenir.\r\n\r\nLa recherche des th\u00e8mes d'avenir s'effectue dans six domaines cibl\u00e9s : New Work &amp; Learning, Health &amp; Wellbeing, Finance &amp; Insurance, Food &amp; Retail, Smart Cities and Intrapreneurship. Chaque domaine se concentre sur des tendances d'innovation sp\u00e9cifiques et sur les besoins des diff\u00e9rents partenaires. En outre, Kickstart pr\u00e9sente une nouvelle identit\u00e9 de marque mondiale qui repr\u00e9sente l'\u00e9volution de l'entreprise vers un acteur international qui s'engage \u00e0 innover rapidement pour un avenir meilleur.\r\n\r\nOutre l'\u00e9tablissement de partenariats, le programme d'innovation Kickstart donne \u00e9galement acc\u00e8s \u00e0 un r\u00e9seau diversifi\u00e9 d'investisseurs pour les start-ups et les anciens \u00e9tudiants qui r\u00e9alisent des tours de financement. Des partenaires avec Corporate Venture Arms y participent activement, notamment Swisscom Ventures et AXA Venture Partners, entre autres. \"Ces derni\u00e8res ann\u00e9es, nous avons eu l'occasion de collaborer avec de grandes start-up et de conclure des accords de coop\u00e9ration et de participation, notamment avec des entreprises comme Labster et Unsupervised. Je me r\u00e9jouis de voir d'autres coop\u00e9rations de ce type cette ann\u00e9e, avec un accent accru sur les th\u00e8mes du d\u00e9veloppement durable\", explique Roger W\u00fcthrich-Hasenb\u00f6hler, Chief Digital Officer, Swisscom.\r\n\r\n<em>Pour plus d'informations et pour envoyer les dossiers de candidature <a href=\"https:\/\/www.kickstart-innovation.com\/\">ici<\/a> \u00e0 trouver.<\/em>\n<p class=\"syndicated-attribution\">Cet article est paru initialement sur m-q.ch - <a href=\"https:\/\/www.m-q.ch\/de\/7-kickstart-innovationsprogramm-mit-verstaerktem-fokus-auf-nachhaltigkeit\/\" target=\"_blank\">https:\/\/www.m-q.ch\/de\/7-kickstart-innovationsprogramm-mit-verstaerktem-fokus-auf-nachhaltigkeit\/<\/a><\/p>","protected":false},"excerpt":{"rendered":"<p>Kickstart Innovation, eine der gem\u00e4ss eigener Darstellung f\u00fchrenden Plattformen f\u00fcr Open Innovation in Europa, startete am 26. April 2022 ihr neues Programm \u2013 und dies zum siebten Mal. In den vergangenen Jahren hat das Innovationsprogramm einige der weltweit besten Startups gewinnen k\u00f6nnen, um L\u00f6sungen f\u00fcr die Gesellschaft zu erarbeiten. Dies geschieht in Partnerschaft mit wichtigen [\u2026]<\/p>\n","protected":false},"author":8,"featured_media":0,"comment_status":"closed","ping_status":"closed","sticky":false,"template":"","format":"standard","meta":{"_acf_changed":false,"_yoast_wpseo_focuskw":"Kickstart","_yoast_wpseo_metadesc":"\u00dcber 40 namhafte Unternehmen und Organisationen entwickeln mit lokalen und internationalen Startups Zukunftsl\u00f6sungen f\u00fcr die Schweiz, \u00d6sterreich und weitere L\u00e4nder.","articlekey":"","footnotes":""},"categories":[582],"tags":[3249],"class_list":["post-12758","post","type-post","status-publish","format-standard","hentry","category-operational-excellence","tag-kickstart"],"acf":[],"yoast_head":"<!-- This site is optimized with the Yoast SEO plugin v27.5 - https:\/\/yoast.com\/product\/yoast-seo-wordpress\/ -->\n<title>7. Kickstart Innovationsprogramm mit verst\u00e4rktem Fokus auf Nachhaltigkeit - Organisator<\/title>\n<meta name=\"description\" content=\"\u00dcber 40 namhafte Unternehmen und Organisationen entwickeln mit lokalen und internationalen Startups Zukunftsl\u00f6sungen f\u00fcr die Schweiz, \u00d6sterreich und weitere L\u00e4nder.\" \/>\n<meta name=\"robots\" content=\"index, follow, max-snippet:-1, max-image-preview:large, max-video-preview:-1\" \/>\n<link rel=\"canonical\" href=\"https:\/\/www.m-q.ch\/de\/7-kickstart-innovationsprogramm-mit-verstaerktem-fokus-auf-nachhaltigkeit\/\" \/>\n<meta property=\"og:locale\" content=\"fr_FR\" \/>\n<meta property=\"og:type\" content=\"article\" \/>\n<meta property=\"og:title\" content=\"7. Kickstart Innovationsprogramm mit verst\u00e4rktem Fokus auf Nachhaltigkeit - Organisator\" \/>\n<meta property=\"og:description\" content=\"\u00dcber 40 namhafte Unternehmen und Organisationen entwickeln mit lokalen und internationalen Startups Zukunftsl\u00f6sungen f\u00fcr die Schweiz, \u00d6sterreich und weitere L\u00e4nder.\" \/>\n<meta property=\"og:url\" content=\"https:\/\/www.m-q.ch\/de\/7-kickstart-innovationsprogramm-mit-verstaerktem-fokus-auf-nachhaltigkeit\/\" \/>\n<meta property=\"og:site_name\" content=\"Organisator\" \/>\n<meta property=\"article:publisher\" content=\"https:\/\/www.facebook.com\/OrganisatorFachmagazin\" \/>\n<meta property=\"article:published_time\" content=\"2022-05-03T11:57:13+00:00\" \/>\n<meta property=\"article:modified_time\" content=\"2022-08-02T10:41:56+00:00\" \/>\n<meta property=\"og:image\" content=\"https:\/\/www.m-q.ch\/wp-content\/uploads\/2022\/05\/7-Kickstart-Innovationsprogramm-mit-verstaerktem-Fokus-auf-Nachhaltigkeit_MQ.jpg\" \/>\n<meta name=\"author\" content=\"galledia\" \/>\n<meta name=\"twitter:card\" content=\"summary_large_image\" \/>\n<meta name=\"twitter:creator\" content=\"@admin\" \/>\n<script type=\"application\/ld+json\" class=\"yoast-schema-graph\">{\"@context\":\"https:\\\/\\\/schema.org\",\"@graph\":[{\"@type\":\"Article\",\"@id\":\"https:\\\/\\\/www.m-q.ch\\\/de\\\/7-kickstart-innovationsprogramm-mit-verstaerktem-fokus-auf-nachhaltigkeit\\\/#article\",\"isPartOf\":{\"@id\":\"https:\\\/\\\/www.organisator.ch\\\/operational-excellence\\\/2022-05-03\\\/7-kickstart-innovationsprogramm-mit-verstaerktem-fokus-auf-nachhaltigkeit\\\/\"},\"author\":{\"name\":\"galledia\",\"@id\":\"https:\\\/\\\/www.organisator.ch\\\/#\\\/schema\\\/person\\\/4e51799071cd2dd1232ac003643ef5f0\"},\"headline\":\"7. Kickstart Innovationsprogramm mit verst\u00e4rktem Fokus auf Nachhaltigkeit\",\"datePublished\":\"2022-05-03T11:57:13+00:00\",\"dateModified\":\"2022-08-02T10:41:56+00:00\",\"mainEntityOfPage\":{\"@id\":\"https:\\\/\\\/www.organisator.ch\\\/operational-excellence\\\/2022-05-03\\\/7-kickstart-innovationsprogramm-mit-verstaerktem-fokus-auf-nachhaltigkeit\\\/\"},\"wordCount\":483,\"publisher\":{\"@id\":\"https:\\\/\\\/www.organisator.ch\\\/#organization\"},\"image\":{\"@id\":\"https:\\\/\\\/www.m-q.ch\\\/de\\\/7-kickstart-innovationsprogramm-mit-verstaerktem-fokus-auf-nachhaltigkeit\\\/#primaryimage\"},\"thumbnailUrl\":\"https:\\\/\\\/www.m-q.ch\\\/wp-content\\\/uploads\\\/2022\\\/05\\\/7-Kickstart-Innovationsprogramm-mit-verstaerktem-Fokus-auf-Nachhaltigkeit_MQ.jpg\",\"keywords\":[\"Kickstart\"],\"articleSection\":[\"OPERATIONAL EXCELLENCE\"],\"inLanguage\":\"fr-FR\"},{\"@type\":\"WebPage\",\"@id\":\"https:\\\/\\\/www.organisator.ch\\\/operational-excellence\\\/2022-05-03\\\/7-kickstart-innovationsprogramm-mit-verstaerktem-fokus-auf-nachhaltigkeit\\\/\",\"url\":\"https:\\\/\\\/www.m-q.ch\\\/de\\\/7-kickstart-innovationsprogramm-mit-verstaerktem-fokus-auf-nachhaltigkeit\\\/\",\"name\":\"7. Kickstart Innovationsprogramm mit verst\u00e4rktem Fokus auf Nachhaltigkeit - Organisator\",\"isPartOf\":{\"@id\":\"https:\\\/\\\/www.organisator.ch\\\/#website\"},\"primaryImageOfPage\":{\"@id\":\"https:\\\/\\\/www.m-q.ch\\\/de\\\/7-kickstart-innovationsprogramm-mit-verstaerktem-fokus-auf-nachhaltigkeit\\\/#primaryimage\"},\"image\":{\"@id\":\"https:\\\/\\\/www.m-q.ch\\\/de\\\/7-kickstart-innovationsprogramm-mit-verstaerktem-fokus-auf-nachhaltigkeit\\\/#primaryimage\"},\"thumbnailUrl\":\"https:\\\/\\\/www.m-q.ch\\\/wp-content\\\/uploads\\\/2022\\\/05\\\/7-Kickstart-Innovationsprogramm-mit-verstaerktem-Fokus-auf-Nachhaltigkeit_MQ.jpg\",\"datePublished\":\"2022-05-03T11:57:13+00:00\",\"dateModified\":\"2022-08-02T10:41:56+00:00\",\"description\":\"\u00dcber 40 namhafte Unternehmen und Organisationen entwickeln mit lokalen und internationalen Startups Zukunftsl\u00f6sungen f\u00fcr die Schweiz, \u00d6sterreich und weitere L\u00e4nder.\",\"breadcrumb\":{\"@id\":\"https:\\\/\\\/www.m-q.ch\\\/de\\\/7-kickstart-innovationsprogramm-mit-verstaerktem-fokus-auf-nachhaltigkeit\\\/#breadcrumb\"},\"inLanguage\":\"fr-FR\",\"potentialAction\":[{\"@type\":\"ReadAction\",\"target\":[\"https:\\\/\\\/www.m-q.ch\\\/de\\\/7-kickstart-innovationsprogramm-mit-verstaerktem-fokus-auf-nachhaltigkeit\\\/\"]}]},{\"@type\":\"ImageObject\",\"inLanguage\":\"fr-FR\",\"@id\":\"https:\\\/\\\/www.m-q.ch\\\/de\\\/7-kickstart-innovationsprogramm-mit-verstaerktem-fokus-auf-nachhaltigkeit\\\/#primaryimage\",\"url\":\"https:\\\/\\\/www.m-q.ch\\\/wp-content\\\/uploads\\\/2022\\\/05\\\/7-Kickstart-Innovationsprogramm-mit-verstaerktem-Fokus-auf-Nachhaltigkeit_MQ.jpg\",\"contentUrl\":\"https:\\\/\\\/www.m-q.ch\\\/wp-content\\\/uploads\\\/2022\\\/05\\\/7-Kickstart-Innovationsprogramm-mit-verstaerktem-Fokus-auf-Nachhaltigkeit_MQ.jpg\"},{\"@type\":\"BreadcrumbList\",\"@id\":\"https:\\\/\\\/www.m-q.ch\\\/de\\\/7-kickstart-innovationsprogramm-mit-verstaerktem-fokus-auf-nachhaltigkeit\\\/#breadcrumb\",\"itemListElement\":[{\"@type\":\"ListItem\",\"position\":1,\"name\":\"Home\",\"item\":\"https:\\\/\\\/www.organisator.ch\\\/\"},{\"@type\":\"ListItem\",\"position\":2,\"name\":\"7. Kickstart Innovationsprogramm mit verst\u00e4rktem Fokus auf Nachhaltigkeit\"}]},{\"@type\":\"WebSite\",\"@id\":\"https:\\\/\\\/www.organisator.ch\\\/#website\",\"url\":\"https:\\\/\\\/www.organisator.ch\\\/\",\"name\":\"Organisator\",\"description\":\"Kompetent. Praxisnah. Der ORGANISATOR bereitet in 10 Ausgaben pro Jahr die wesentlichen Themen f\u00fcr F\u00fchrungskr\u00e4fte von KMU auf.\",\"publisher\":{\"@id\":\"https:\\\/\\\/www.organisator.ch\\\/#organization\"},\"potentialAction\":[{\"@type\":\"SearchAction\",\"target\":{\"@type\":\"EntryPoint\",\"urlTemplate\":\"https:\\\/\\\/www.organisator.ch\\\/?s={search_term_string}\"},\"query-input\":{\"@type\":\"PropertyValueSpecification\",\"valueRequired\":true,\"valueName\":\"search_term_string\"}}],\"inLanguage\":\"fr-FR\"},{\"@type\":\"Organization\",\"@id\":\"https:\\\/\\\/www.organisator.ch\\\/#organization\",\"name\":\"Organisator\",\"url\":\"https:\\\/\\\/www.organisator.ch\\\/\",\"logo\":{\"@type\":\"ImageObject\",\"inLanguage\":\"fr-FR\",\"@id\":\"https:\\\/\\\/www.organisator.ch\\\/#\\\/schema\\\/logo\\\/image\\\/\",\"url\":\"https:\\\/\\\/www.organisator.ch\\\/wp-content\\\/uploads\\\/2022\\\/01\\\/Logo_Organisator_Website.png\",\"contentUrl\":\"https:\\\/\\\/www.organisator.ch\\\/wp-content\\\/uploads\\\/2022\\\/01\\\/Logo_Organisator_Website.png\",\"width\":800,\"height\":77,\"caption\":\"Organisator\"},\"image\":{\"@id\":\"https:\\\/\\\/www.organisator.ch\\\/#\\\/schema\\\/logo\\\/image\\\/\"},\"sameAs\":[\"https:\\\/\\\/www.facebook.com\\\/OrganisatorFachmagazin\",\"https:\\\/\\\/www.linkedin.com\\\/showcase\\\/organisator-das-magazin-fr-kmu\",\"https:\\\/\\\/www.xing.com\\\/news\\\/pages\\\/organisator-ch-695\",\"https:\\\/\\\/www.youtube.com\\\/channel\\\/UCGP2Sq0iWaZwT3BdIAQFYpw\"]},{\"@type\":\"Person\",\"@id\":\"https:\\\/\\\/www.organisator.ch\\\/#\\\/schema\\\/person\\\/4e51799071cd2dd1232ac003643ef5f0\",\"name\":\"galledia\",\"image\":{\"@type\":\"ImageObject\",\"inLanguage\":\"fr-FR\",\"@id\":\"https:\\\/\\\/secure.gravatar.com\\\/avatar\\\/78a7f90c01fc2bfc875782a0d4922b37cde2cf184ce347b91316d23cd7f69a36?s=96&d=mm&r=g\",\"url\":\"https:\\\/\\\/secure.gravatar.com\\\/avatar\\\/78a7f90c01fc2bfc875782a0d4922b37cde2cf184ce347b91316d23cd7f69a36?s=96&d=mm&r=g\",\"contentUrl\":\"https:\\\/\\\/secure.gravatar.com\\\/avatar\\\/78a7f90c01fc2bfc875782a0d4922b37cde2cf184ce347b91316d23cd7f69a36?s=96&d=mm&r=g\",\"caption\":\"galledia\"},\"sameAs\":[\"https:\\\/\\\/x.com\\\/admin\"],\"url\":\"https:\\\/\\\/www.organisator.ch\\\/fr\\\/author\\\/galledia\\\/\"}]}<\/script>\n<!-- \/ Yoast SEO plugin. -->","yoast_head_json":{"title":"7e programme d'innovation Kickstart avec un accent renforc\u00e9 sur la durabilit\u00e9 - Organisateur","description":"Plus de 40 entreprises et organisations de renom d\u00e9veloppent des solutions d'avenir pour la Suisse, l'Autriche et d'autres pays avec des startups locales et internationales.","robots":{"index":"index","follow":"follow","max-snippet":"max-snippet:-1","max-image-preview":"max-image-preview:large","max-video-preview":"max-video-preview:-1"},"canonical":"https:\/\/www.m-q.ch\/de\/7-kickstart-innovationsprogramm-mit-verstaerktem-fokus-auf-nachhaltigkeit\/","og_locale":"fr_FR","og_type":"article","og_title":"7. Kickstart Innovationsprogramm mit verst\u00e4rktem Fokus auf Nachhaltigkeit - Organisator","og_description":"\u00dcber 40 namhafte Unternehmen und Organisationen entwickeln mit lokalen und internationalen Startups Zukunftsl\u00f6sungen f\u00fcr die Schweiz, \u00d6sterreich und weitere L\u00e4nder.","og_url":"https:\/\/www.m-q.ch\/de\/7-kickstart-innovationsprogramm-mit-verstaerktem-fokus-auf-nachhaltigkeit\/","og_site_name":"Organisator","article_publisher":"https:\/\/www.facebook.com\/OrganisatorFachmagazin","article_published_time":"2022-05-03T11:57:13+00:00","article_modified_time":"2022-08-02T10:41:56+00:00","og_image":[{"url":"https:\/\/www.m-q.ch\/wp-content\/uploads\/2022\/05\/7-Kickstart-Innovationsprogramm-mit-verstaerktem-Fokus-auf-Nachhaltigkeit_MQ.jpg","type":"","width":"","height":""}],"author":"galledia","twitter_card":"summary_large_image","twitter_creator":"@admin","schema":{"@context":"https:\/\/schema.org","@graph":[{"@type":"Article","@id":"https:\/\/www.m-q.ch\/de\/7-kickstart-innovationsprogramm-mit-verstaerktem-fokus-auf-nachhaltigkeit\/#article","isPartOf":{"@id":"https:\/\/www.organisator.ch\/operational-excellence\/2022-05-03\/7-kickstart-innovationsprogramm-mit-verstaerktem-fokus-auf-nachhaltigkeit\/"},"author":{"name":"galledia","@id":"https:\/\/www.organisator.ch\/#\/schema\/person\/4e51799071cd2dd1232ac003643ef5f0"},"headline":"7. Kickstart Innovationsprogramm mit verst\u00e4rktem Fokus auf Nachhaltigkeit","datePublished":"2022-05-03T11:57:13+00:00","dateModified":"2022-08-02T10:41:56+00:00","mainEntityOfPage":{"@id":"https:\/\/www.organisator.ch\/operational-excellence\/2022-05-03\/7-kickstart-innovationsprogramm-mit-verstaerktem-fokus-auf-nachhaltigkeit\/"},"wordCount":483,"publisher":{"@id":"https:\/\/www.organisator.ch\/#organization"},"image":{"@id":"https:\/\/www.m-q.ch\/de\/7-kickstart-innovationsprogramm-mit-verstaerktem-fokus-auf-nachhaltigkeit\/#primaryimage"},"thumbnailUrl":"https:\/\/www.m-q.ch\/wp-content\/uploads\/2022\/05\/7-Kickstart-Innovationsprogramm-mit-verstaerktem-Fokus-auf-Nachhaltigkeit_MQ.jpg","keywords":["Kickstart"],"articleSection":["OPERATIONAL EXCELLENCE"],"inLanguage":"fr-FR"},{"@type":"WebPage","@id":"https:\/\/www.organisator.ch\/operational-excellence\/2022-05-03\/7-kickstart-innovationsprogramm-mit-verstaerktem-fokus-auf-nachhaltigkeit\/","url":"https:\/\/www.m-q.ch\/de\/7-kickstart-innovationsprogramm-mit-verstaerktem-fokus-auf-nachhaltigkeit\/","name":"7e programme d'innovation Kickstart avec un accent renforc\u00e9 sur la durabilit\u00e9 - Organisateur","isPartOf":{"@id":"https:\/\/www.organisator.ch\/#website"},"primaryImageOfPage":{"@id":"https:\/\/www.m-q.ch\/de\/7-kickstart-innovationsprogramm-mit-verstaerktem-fokus-auf-nachhaltigkeit\/#primaryimage"},"image":{"@id":"https:\/\/www.m-q.ch\/de\/7-kickstart-innovationsprogramm-mit-verstaerktem-fokus-auf-nachhaltigkeit\/#primaryimage"},"thumbnailUrl":"https:\/\/www.m-q.ch\/wp-content\/uploads\/2022\/05\/7-Kickstart-Innovationsprogramm-mit-verstaerktem-Fokus-auf-Nachhaltigkeit_MQ.jpg","datePublished":"2022-05-03T11:57:13+00:00","dateModified":"2022-08-02T10:41:56+00:00","description":"Plus de 40 entreprises et organisations de renom d\u00e9veloppent des solutions d'avenir pour la Suisse, l'Autriche et d'autres pays avec des startups locales et internationales.","breadcrumb":{"@id":"https:\/\/www.m-q.ch\/de\/7-kickstart-innovationsprogramm-mit-verstaerktem-fokus-auf-nachhaltigkeit\/#breadcrumb"},"inLanguage":"fr-FR","potentialAction":[{"@type":"ReadAction","target":["https:\/\/www.m-q.ch\/de\/7-kickstart-innovationsprogramm-mit-verstaerktem-fokus-auf-nachhaltigkeit\/"]}]},{"@type":"ImageObject","inLanguage":"fr-FR","@id":"https:\/\/www.m-q.ch\/de\/7-kickstart-innovationsprogramm-mit-verstaerktem-fokus-auf-nachhaltigkeit\/#primaryimage","url":"https:\/\/www.m-q.ch\/wp-content\/uploads\/2022\/05\/7-Kickstart-Innovationsprogramm-mit-verstaerktem-Fokus-auf-Nachhaltigkeit_MQ.jpg","contentUrl":"https:\/\/www.m-q.ch\/wp-content\/uploads\/2022\/05\/7-Kickstart-Innovationsprogramm-mit-verstaerktem-Fokus-auf-Nachhaltigkeit_MQ.jpg"},{"@type":"BreadcrumbList","@id":"https:\/\/www.m-q.ch\/de\/7-kickstart-innovationsprogramm-mit-verstaerktem-fokus-auf-nachhaltigkeit\/#breadcrumb","itemListElement":[{"@type":"ListItem","position":1,"name":"Home","item":"https:\/\/www.organisator.ch\/"},{"@type":"ListItem","position":2,"name":"7. Kickstart Innovationsprogramm mit verst\u00e4rktem Fokus auf Nachhaltigkeit"}]},{"@type":"WebSite","@id":"https:\/\/www.organisator.ch\/#website","url":"https:\/\/www.organisator.ch\/","name":"Organisateur","description":"Comp\u00e9tence et comp\u00e9tence. Proches de la pratique. L'ORGANISATEUR pr\u00e9pare 10 num\u00e9ros par an sur les th\u00e8mes essentiels pour les dirigeants de PME.","publisher":{"@id":"https:\/\/www.organisator.ch\/#organization"},"potentialAction":[{"@type":"SearchAction","target":{"@type":"EntryPoint","urlTemplate":"https:\/\/www.organisator.ch\/?s={search_term_string}"},"query-input":{"@type":"PropertyValueSpecification","valueRequired":true,"valueName":"search_term_string"}}],"inLanguage":"fr-FR"},{"@type":"Organization","@id":"https:\/\/www.organisator.ch\/#organization","name":"Organisateur","url":"https:\/\/www.organisator.ch\/","logo":{"@type":"ImageObject","inLanguage":"fr-FR","@id":"https:\/\/www.organisator.ch\/#\/schema\/logo\/image\/","url":"https:\/\/www.organisator.ch\/wp-content\/uploads\/2022\/01\/Logo_Organisator_Website.png","contentUrl":"https:\/\/www.organisator.ch\/wp-content\/uploads\/2022\/01\/Logo_Organisator_Website.png","width":800,"height":77,"caption":"Organisator"},"image":{"@id":"https:\/\/www.organisator.ch\/#\/schema\/logo\/image\/"},"sameAs":["https:\/\/www.facebook.com\/OrganisatorFachmagazin","https:\/\/www.linkedin.com\/showcase\/organisator-das-magazin-fr-kmu","https:\/\/www.xing.com\/news\/pages\/organisator-ch-695","https:\/\/www.youtube.com\/channel\/UCGP2Sq0iWaZwT3BdIAQFYpw"]},{"@type":"Person","@id":"https:\/\/www.organisator.ch\/#\/schema\/person\/4e51799071cd2dd1232ac003643ef5f0","name":"galledia","image":{"@type":"ImageObject","inLanguage":"fr-FR","@id":"https:\/\/secure.gravatar.com\/avatar\/78a7f90c01fc2bfc875782a0d4922b37cde2cf184ce347b91316d23cd7f69a36?s=96&d=mm&r=g","url":"https:\/\/secure.gravatar.com\/avatar\/78a7f90c01fc2bfc875782a0d4922b37cde2cf184ce347b91316d23cd7f69a36?s=96&d=mm&r=g","contentUrl":"https:\/\/secure.gravatar.com\/avatar\/78a7f90c01fc2bfc875782a0d4922b37cde2cf184ce347b91316d23cd7f69a36?s=96&d=mm&r=g","caption":"galledia"},"sameAs":["https:\/\/x.com\/admin"],"url":"https:\/\/www.organisator.ch\/fr\/author\/galledia\/"}]}},"_links":{"self":[{"href":"https:\/\/www.organisator.ch\/fr\/wp-json\/wp\/v2\/posts\/12758","targetHints":{"allow":["GET"]}}],"collection":[{"href":"https:\/\/www.organisator.ch\/fr\/wp-json\/wp\/v2\/posts"}],"about":[{"href":"https:\/\/www.organisator.ch\/fr\/wp-json\/wp\/v2\/types\/post"}],"author":[{"embeddable":true,"href":"https:\/\/www.organisator.ch\/fr\/wp-json\/wp\/v2\/users\/8"}],"replies":[{"embeddable":true,"href":"https:\/\/www.organisator.ch\/fr\/wp-json\/wp\/v2\/comments?post=12758"}],"version-history":[{"count":4,"href":"https:\/\/www.organisator.ch\/fr\/wp-json\/wp\/v2\/posts\/12758\/revisions"}],"predecessor-version":[{"id":16146,"href":"https:\/\/www.organisator.ch\/fr\/wp-json\/wp\/v2\/posts\/12758\/revisions\/16146"}],"wp:attachment":[{"href":"https:\/\/www.organisator.ch\/fr\/wp-json\/wp\/v2\/media?parent=12758"}],"wp:term":[{"taxonomy":"category","embeddable":true,"href":"https:\/\/www.organisator.ch\/fr\/wp-json\/wp\/v2\/categories?post=12758"},{"taxonomy":"post_tag","embeddable":true,"href":"https:\/\/www.organisator.ch\/fr\/wp-json\/wp\/v2\/tags?post=12758"}],"curies":[{"name":"wp","href":"https:\/\/api.w.org\/{rel}","templated":true}]}}