{"id":1276,"date":"2017-10-16T16:32:50","date_gmt":"2017-10-16T14:32:50","guid":{"rendered":"https:\/\/www.umweltperspektiven.ch\/?p=1276"},"modified":"2017-10-16T16:32:50","modified_gmt":"2017-10-16T14:32:50","slug":"lohnstudie-ueber-elektrotechnik-und-energiebranche","status":"publish","type":"post","link":"https:\/\/www.organisator.ch\/fr\/allgemein\/2017-10-16\/lohnstudie-ueber-elektrotechnik-und-energiebranche\/","title":{"rendered":"\u00c9tude salariale sur le secteur de l'\u00e9lectrotechnique et de l'\u00e9nergie"},"content":{"rendered":"<figure id=\"attachment_1277\" aria-describedby=\"caption-attachment-1277\" style=\"width: 680px\" class=\"wp-caption alignnone\"><img loading=\"lazy\" decoding=\"async\" class=\"size-medium wp-image-1277\" src=\"\/\/www.umweltperspektiven.ch\/wp-content\/uploads\/2017\/10\/Lohnstudie-\u00fcber-Elektrotechnik-und-Energiebranche-UP_Electrosuisse_lohnradar-umweltperspektive.jpg\" alt=\"\" width=\"680\" height=\"413\" \/><figcaption id=\"caption-attachment-1277\" class=\"wp-caption-text\">Avec la nouvelle \u00e9tude salariale \"Radar des salaires Electrosuisse\", Electrosuisse assure la transparence dans la branche de l'\u00e9lectrotechnique et de l'\u00e9nergie, tant pour les employ\u00e9s que pour les employeurs. (Image : obs\/Electrosuisse)<\/figcaption><\/figure>\n<p>Cette \u00e9tude salariale permet de faire le point au sein de la branche. Le radar des salaires d'Electrosuisse montre des perspectives financi\u00e8res qui sont r\u00e9alistes dans la branche et qui peuvent \u00eatre influenc\u00e9es par des facteurs tels que la formation continue. En outre, le magazine qui l'accompagne contient des th\u00e8mes et des tendances actuels en mati\u00e8re de personnel.<\/p>\n<p>\"La transparence cr\u00e9e la confiance, ce qui est la meilleure base pour un travail de haute qualit\u00e9 et favorise la force d'innovation des entreprises. Notre radar des salaires aide aussi bien les employ\u00e9s que les employeurs \u00e0 faire le point2, souligne Markus Burger, directeur d'Electrosuisse.<\/p>\n<p><strong>Transfert de connaissances v\u00e9cu<\/strong><\/p>\n<p>L'\u00e9tude Electrosuisse est n\u00e9e d'un \u00e9change \u00e9troit avec les membres personnels qui ont particip\u00e9 \u00e0 l'enqu\u00eate. En outre, les entreprises et les institutions membres ont \u00e9t\u00e9 fortement impliqu\u00e9es dans la cr\u00e9ation de l'\u00e9tude en fournissant un aper\u00e7u de la pratique par le biais de contributions r\u00e9dactionnelles.<\/p>\n<p>Le th\u00e8me principal de la premi\u00e8re \u00e9dition est \"Etat des lieux et tendances\". Les diff\u00e9rentes perspectives montrent comment les entreprises et les institutions abordent dans la pratique les th\u00e8mes de la rel\u00e8ve, des cadres ou des tendances du march\u00e9 du travail et comment elles \u00e9valuent la situation actuelle dans leur environnement respectif.<\/p>\n<p>La pi\u00e8ce ma\u00eetresse du radar des salaires d'Electrosuisse est l'\u00e9tude salariale elle-m\u00eame. Elle se compose de graphiques clairs avec les interpr\u00e9tations correspondantes et pr\u00e9sente des \u00e9valuations int\u00e9ressantes des apprentis et des \u00e9tudiants en fin de formation jusqu'\u00e0 la direction, et ce dans les cinq domaines sp\u00e9cialis\u00e9s suivants : automation, \u00e9lectronique industrielle\/mat\u00e9riel, installation\/technique du b\u00e2timent, informatique\/d\u00e9veloppement de logiciels, r\u00e9seaux de distribution\/entreprises \u00e9lectriques.<\/p>\n<p><strong>Aper\u00e7u de quelques conclusions de l'enqu\u00eate 2017 \"Etat des lieux et tendances\" :<\/strong><\/p>\n<ul>\n<li><em>Une formation continue est de plus en plus rentable avec l'exp\u00e9rience : dans la cat\u00e9gorie d'\u00e2ge 55+, les dipl\u00f4m\u00e9s HES gagnent 50% de plus que leurs coll\u00e8gues ayant suivi un apprentissage professionnel.<\/em><\/li>\n<li><em>Dans l'ensemble de la Suisse, les salaires sont relativement \u00e9quilibr\u00e9s dans la branche.<\/em><\/li>\n<li><em>Les salaires les plus \u00e9lev\u00e9s sont vers\u00e9s dans le canton de Zurich ainsi que dans le nord-ouest de la Suisse.<\/em><\/li>\n<li><em>Il n'y a que peu de diff\u00e9rences salariales entre les PME de moins de 250 employ\u00e9s et les entreprises de plus de 250 employ\u00e9s.<\/em><\/li>\n<li><em>En moyenne, la diff\u00e9rence dans le secteur, toutes disciplines confondues, n'est que de 5,8 %.<\/em><\/li>\n<\/ul>\n<p>L'\u00e9tude est bilingue fran\u00e7ais-allemand et sera \u00e9tendue \u00e0 l'avenir \u00e0 d'autres domaines professionnels au sein de la branche de l'\u00e9lectrotechnique et de l'\u00e9nergie. Vous trouverez des d\u00e9tails <a href=\"\/\/www.electrosuisse.ch\/de\/verband\/mitgliedschaft\/lohnradar.html\">ici<\/a><\/p>","protected":false},"excerpt":{"rendered":"<p>Diese Lohnstudie erm\u00f6glicht eine Standortbestimmung innerhalb der Branche. Der Electrosuisse Lohnradar zeigt finanzielle Perspektiven auf, die in der Branche realistisch und durch Faktoren wie Weiterbildung beeinflussbar sind. Ausserdem enth\u00e4lt das begleitende Magazin aktuelle Personalthemen und -trends. &#8222;Transparenz schafft Vertrauen, was die beste Basis f\u00fcr qualitativ hochstehende Arbeit ist und die Innovationskraft von Unternehmen f\u00f6rdert. Unser [&hellip;]<\/p>\n","protected":false},"author":5,"featured_media":1277,"comment_status":"open","ping_status":"open","sticky":false,"template":"","format":"standard","meta":{"_acf_changed":false,"_yoast_wpseo_focuskw":"Lohnstudie","_yoast_wpseo_metadesc":"Die von Electrosuisse (Verband f\u00fcr Elektro-, Energie- und Informationstechnik) lancierte Lohnstudie ist die erste Lohnstudie der Energiebranche.","articlekey":"","footnotes":""},"categories":[1],"tags":[1030,173,1638,331],"class_list":["post-1276","post","type-post","status-publish","format-standard","has-post-thumbnail","hentry","category-allgemein","tag-electrotechnik","tag-energiebranche","tag-lohnradar","tag-lohnstudie"],"acf":[],"yoast_head":"<!-- This site is optimized with the Yoast SEO plugin v27.5 - https:\/\/yoast.com\/product\/yoast-seo-wordpress\/ -->\n<title>Lohnstudie \u00fcber Elektrotechnik- und Energiebranche - Organisator<\/title>\n<meta name=\"description\" content=\"Die von Electrosuisse (Verband f\u00fcr Elektro-, Energie- und Informationstechnik) lancierte Lohnstudie ist die erste Lohnstudie der Energiebranche.\" \/>\n<meta name=\"robots\" content=\"index, follow, max-snippet:-1, max-image-preview:large, max-video-preview:-1\" \/>\n<link rel=\"canonical\" href=\"https:\/\/www.organisator.ch\/fr\/general\/2017-10-16\/lohnstudie-ueber-elektrotechnik-und-energiebranche\/\" \/>\n<meta property=\"og:locale\" content=\"fr_FR\" \/>\n<meta property=\"og:type\" content=\"article\" \/>\n<meta property=\"og:title\" content=\"Lohnstudie \u00fcber Elektrotechnik- und Energiebranche - Organisator\" \/>\n<meta property=\"og:description\" content=\"Die von Electrosuisse (Verband f\u00fcr Elektro-, Energie- und Informationstechnik) lancierte Lohnstudie ist die erste Lohnstudie der Energiebranche.\" \/>\n<meta property=\"og:url\" content=\"https:\/\/www.organisator.ch\/fr\/general\/2017-10-16\/lohnstudie-ueber-elektrotechnik-und-energiebranche\/\" \/>\n<meta property=\"og:site_name\" content=\"Organisator\" \/>\n<meta property=\"article:publisher\" content=\"https:\/\/www.facebook.com\/OrganisatorFachmagazin\" \/>\n<meta property=\"article:published_time\" content=\"2017-10-16T14:32:50+00:00\" \/>\n<meta property=\"og:image\" content=\"https:\/\/www.organisator.ch\/wp-content\/uploads\/2017\/10\/Lohnstudie-ueber-Elektrotechnik-und-Energiebranche-UP_Electrosuisse_lohnradar-umweltperspektive.jpg\" \/>\n\t<meta property=\"og:image:width\" content=\"2375\" \/>\n\t<meta property=\"og:image:height\" content=\"1441\" \/>\n\t<meta property=\"og:image:type\" content=\"image\/jpeg\" \/>\n<meta name=\"author\" content=\"michael.merz\" \/>\n<meta name=\"twitter:card\" content=\"summary_large_image\" \/>\n<script type=\"application\/ld+json\" class=\"yoast-schema-graph\">{\"@context\":\"https:\\\/\\\/schema.org\",\"@graph\":[{\"@type\":\"Article\",\"@id\":\"https:\\\/\\\/www.organisator.ch\\\/it\\\/generale\\\/2017-10-16\\\/lohnstudie-ueber-elektrotechnik-und-energiebranche\\\/#article\",\"isPartOf\":{\"@id\":\"https:\\\/\\\/www.organisator.ch\\\/it\\\/generale\\\/2017-10-16\\\/lohnstudie-ueber-elektrotechnik-und-energiebranche\\\/\"},\"author\":{\"name\":\"michael.merz\",\"@id\":\"https:\\\/\\\/www.organisator.ch\\\/#\\\/schema\\\/person\\\/134708ca9321c57b0362cceb7948ffbd\"},\"headline\":\"Lohnstudie \u00fcber Elektrotechnik- und Energiebranche\",\"datePublished\":\"2017-10-16T14:32:50+00:00\",\"mainEntityOfPage\":{\"@id\":\"https:\\\/\\\/www.organisator.ch\\\/it\\\/generale\\\/2017-10-16\\\/lohnstudie-ueber-elektrotechnik-und-energiebranche\\\/\"},\"wordCount\":361,\"commentCount\":0,\"publisher\":{\"@id\":\"https:\\\/\\\/www.organisator.ch\\\/#organization\"},\"image\":{\"@id\":\"https:\\\/\\\/www.organisator.ch\\\/it\\\/generale\\\/2017-10-16\\\/lohnstudie-ueber-elektrotechnik-und-energiebranche\\\/#primaryimage\"},\"thumbnailUrl\":\"https:\\\/\\\/www.organisator.ch\\\/wp-content\\\/uploads\\\/2017\\\/10\\\/Lohnstudie-ueber-Elektrotechnik-und-Energiebranche-UP_Electrosuisse_lohnradar-umweltperspektive.jpg\",\"keywords\":[\"Electrotechnik\",\"Energiebranche\",\"Lohnradar\",\"Lohnstudie\"],\"articleSection\":[\"Allgemein\"],\"inLanguage\":\"fr-FR\"},{\"@type\":\"WebPage\",\"@id\":\"https:\\\/\\\/www.organisator.ch\\\/it\\\/generale\\\/2017-10-16\\\/lohnstudie-ueber-elektrotechnik-und-energiebranche\\\/\",\"url\":\"https:\\\/\\\/www.organisator.ch\\\/it\\\/generale\\\/2017-10-16\\\/lohnstudie-ueber-elektrotechnik-und-energiebranche\\\/\",\"name\":\"Lohnstudie \u00fcber Elektrotechnik- und Energiebranche - Organisator\",\"isPartOf\":{\"@id\":\"https:\\\/\\\/www.organisator.ch\\\/#website\"},\"primaryImageOfPage\":{\"@id\":\"https:\\\/\\\/www.organisator.ch\\\/it\\\/generale\\\/2017-10-16\\\/lohnstudie-ueber-elektrotechnik-und-energiebranche\\\/#primaryimage\"},\"image\":{\"@id\":\"https:\\\/\\\/www.organisator.ch\\\/it\\\/generale\\\/2017-10-16\\\/lohnstudie-ueber-elektrotechnik-und-energiebranche\\\/#primaryimage\"},\"thumbnailUrl\":\"https:\\\/\\\/www.organisator.ch\\\/wp-content\\\/uploads\\\/2017\\\/10\\\/Lohnstudie-ueber-Elektrotechnik-und-Energiebranche-UP_Electrosuisse_lohnradar-umweltperspektive.jpg\",\"datePublished\":\"2017-10-16T14:32:50+00:00\",\"description\":\"Die von Electrosuisse (Verband f\u00fcr Elektro-, Energie- und Informationstechnik) lancierte Lohnstudie ist die erste Lohnstudie der Energiebranche.\",\"breadcrumb\":{\"@id\":\"https:\\\/\\\/www.organisator.ch\\\/it\\\/generale\\\/2017-10-16\\\/lohnstudie-ueber-elektrotechnik-und-energiebranche\\\/#breadcrumb\"},\"inLanguage\":\"fr-FR\",\"potentialAction\":[{\"@type\":\"ReadAction\",\"target\":[\"https:\\\/\\\/www.organisator.ch\\\/it\\\/generale\\\/2017-10-16\\\/lohnstudie-ueber-elektrotechnik-und-energiebranche\\\/\"]}]},{\"@type\":\"ImageObject\",\"inLanguage\":\"fr-FR\",\"@id\":\"https:\\\/\\\/www.organisator.ch\\\/it\\\/generale\\\/2017-10-16\\\/lohnstudie-ueber-elektrotechnik-und-energiebranche\\\/#primaryimage\",\"url\":\"https:\\\/\\\/www.organisator.ch\\\/wp-content\\\/uploads\\\/2017\\\/10\\\/Lohnstudie-ueber-Elektrotechnik-und-Energiebranche-UP_Electrosuisse_lohnradar-umweltperspektive.jpg\",\"contentUrl\":\"https:\\\/\\\/www.organisator.ch\\\/wp-content\\\/uploads\\\/2017\\\/10\\\/Lohnstudie-ueber-Elektrotechnik-und-Energiebranche-UP_Electrosuisse_lohnradar-umweltperspektive.jpg\",\"width\":2375,\"height\":1441,\"caption\":\"Mit der neuen Lohnstudie \\\"Electrosuisse Lohnradar\\\" verschafft Electrosuisse sowohl f\u00fcr Arbeitnehmer wie Arbeitgeber Transparenz in der Elektrotechnik- und Energiebranche. (Bild: obs\\\/Electrosuisse)\"},{\"@type\":\"BreadcrumbList\",\"@id\":\"https:\\\/\\\/www.organisator.ch\\\/it\\\/generale\\\/2017-10-16\\\/lohnstudie-ueber-elektrotechnik-und-energiebranche\\\/#breadcrumb\",\"itemListElement\":[{\"@type\":\"ListItem\",\"position\":1,\"name\":\"Home\",\"item\":\"https:\\\/\\\/www.organisator.ch\\\/\"},{\"@type\":\"ListItem\",\"position\":2,\"name\":\"Lohnstudie \u00fcber Elektrotechnik- und Energiebranche\"}]},{\"@type\":\"WebSite\",\"@id\":\"https:\\\/\\\/www.organisator.ch\\\/#website\",\"url\":\"https:\\\/\\\/www.organisator.ch\\\/\",\"name\":\"Organisator\",\"description\":\"Kompetent. Praxisnah. Der ORGANISATOR bereitet in 10 Ausgaben pro Jahr die wesentlichen Themen f\u00fcr F\u00fchrungskr\u00e4fte von KMU auf.\",\"publisher\":{\"@id\":\"https:\\\/\\\/www.organisator.ch\\\/#organization\"},\"potentialAction\":[{\"@type\":\"SearchAction\",\"target\":{\"@type\":\"EntryPoint\",\"urlTemplate\":\"https:\\\/\\\/www.organisator.ch\\\/?s={search_term_string}\"},\"query-input\":{\"@type\":\"PropertyValueSpecification\",\"valueRequired\":true,\"valueName\":\"search_term_string\"}}],\"inLanguage\":\"fr-FR\"},{\"@type\":\"Organization\",\"@id\":\"https:\\\/\\\/www.organisator.ch\\\/#organization\",\"name\":\"Organisator\",\"url\":\"https:\\\/\\\/www.organisator.ch\\\/\",\"logo\":{\"@type\":\"ImageObject\",\"inLanguage\":\"fr-FR\",\"@id\":\"https:\\\/\\\/www.organisator.ch\\\/#\\\/schema\\\/logo\\\/image\\\/\",\"url\":\"https:\\\/\\\/www.organisator.ch\\\/wp-content\\\/uploads\\\/2022\\\/01\\\/Logo_Organisator_Website.png\",\"contentUrl\":\"https:\\\/\\\/www.organisator.ch\\\/wp-content\\\/uploads\\\/2022\\\/01\\\/Logo_Organisator_Website.png\",\"width\":800,\"height\":77,\"caption\":\"Organisator\"},\"image\":{\"@id\":\"https:\\\/\\\/www.organisator.ch\\\/#\\\/schema\\\/logo\\\/image\\\/\"},\"sameAs\":[\"https:\\\/\\\/www.facebook.com\\\/OrganisatorFachmagazin\",\"https:\\\/\\\/www.linkedin.com\\\/showcase\\\/organisator-das-magazin-fr-kmu\",\"https:\\\/\\\/www.xing.com\\\/news\\\/pages\\\/organisator-ch-695\",\"https:\\\/\\\/www.youtube.com\\\/channel\\\/UCGP2Sq0iWaZwT3BdIAQFYpw\"]},{\"@type\":\"Person\",\"@id\":\"https:\\\/\\\/www.organisator.ch\\\/#\\\/schema\\\/person\\\/134708ca9321c57b0362cceb7948ffbd\",\"name\":\"michael.merz\",\"image\":{\"@type\":\"ImageObject\",\"inLanguage\":\"fr-FR\",\"@id\":\"https:\\\/\\\/secure.gravatar.com\\\/avatar\\\/?s=96&d=mm&r=g\",\"url\":\"https:\\\/\\\/secure.gravatar.com\\\/avatar\\\/?s=96&d=mm&r=g\",\"contentUrl\":\"https:\\\/\\\/secure.gravatar.com\\\/avatar\\\/?s=96&d=mm&r=g\",\"caption\":\"michael.merz\"},\"url\":\"https:\\\/\\\/www.organisator.ch\\\/fr\\\/author\\\/michael-merz\\\/\"}]}<\/script>\n<!-- \/ Yoast SEO plugin. -->","yoast_head_json":{"title":"\u00c9tude salariale sur le secteur de l'\u00e9lectrotechnique et de l'\u00e9nergie - Organisateur","description":"L'\u00e9tude sur les salaires lanc\u00e9e par Electrosuisse (Association pour l'\u00e9lectrotechnique, les technologies de l'\u00e9nergie et de l'information) est la premi\u00e8re \u00e9tude sur les salaires du secteur de l'\u00e9nergie.","robots":{"index":"index","follow":"follow","max-snippet":"max-snippet:-1","max-image-preview":"max-image-preview:large","max-video-preview":"max-video-preview:-1"},"canonical":"https:\/\/www.organisator.ch\/fr\/general\/2017-10-16\/lohnstudie-ueber-elektrotechnik-und-energiebranche\/","og_locale":"fr_FR","og_type":"article","og_title":"Lohnstudie \u00fcber Elektrotechnik- und Energiebranche - Organisator","og_description":"Die von Electrosuisse (Verband f\u00fcr Elektro-, Energie- und Informationstechnik) lancierte Lohnstudie ist die erste Lohnstudie der Energiebranche.","og_url":"https:\/\/www.organisator.ch\/fr\/general\/2017-10-16\/lohnstudie-ueber-elektrotechnik-und-energiebranche\/","og_site_name":"Organisator","article_publisher":"https:\/\/www.facebook.com\/OrganisatorFachmagazin","article_published_time":"2017-10-16T14:32:50+00:00","og_image":[{"width":2375,"height":1441,"url":"https:\/\/www.organisator.ch\/wp-content\/uploads\/2017\/10\/Lohnstudie-ueber-Elektrotechnik-und-Energiebranche-UP_Electrosuisse_lohnradar-umweltperspektive.jpg","type":"image\/jpeg"}],"author":"michael.merz","twitter_card":"summary_large_image","schema":{"@context":"https:\/\/schema.org","@graph":[{"@type":"Article","@id":"https:\/\/www.organisator.ch\/it\/generale\/2017-10-16\/lohnstudie-ueber-elektrotechnik-und-energiebranche\/#article","isPartOf":{"@id":"https:\/\/www.organisator.ch\/it\/generale\/2017-10-16\/lohnstudie-ueber-elektrotechnik-und-energiebranche\/"},"author":{"name":"michael.merz","@id":"https:\/\/www.organisator.ch\/#\/schema\/person\/134708ca9321c57b0362cceb7948ffbd"},"headline":"Lohnstudie \u00fcber Elektrotechnik- und Energiebranche","datePublished":"2017-10-16T14:32:50+00:00","mainEntityOfPage":{"@id":"https:\/\/www.organisator.ch\/it\/generale\/2017-10-16\/lohnstudie-ueber-elektrotechnik-und-energiebranche\/"},"wordCount":361,"commentCount":0,"publisher":{"@id":"https:\/\/www.organisator.ch\/#organization"},"image":{"@id":"https:\/\/www.organisator.ch\/it\/generale\/2017-10-16\/lohnstudie-ueber-elektrotechnik-und-energiebranche\/#primaryimage"},"thumbnailUrl":"https:\/\/www.organisator.ch\/wp-content\/uploads\/2017\/10\/Lohnstudie-ueber-Elektrotechnik-und-Energiebranche-UP_Electrosuisse_lohnradar-umweltperspektive.jpg","keywords":["Electrotechnik","Energiebranche","Lohnradar","Lohnstudie"],"articleSection":["Allgemein"],"inLanguage":"fr-FR"},{"@type":"WebPage","@id":"https:\/\/www.organisator.ch\/it\/generale\/2017-10-16\/lohnstudie-ueber-elektrotechnik-und-energiebranche\/","url":"https:\/\/www.organisator.ch\/it\/generale\/2017-10-16\/lohnstudie-ueber-elektrotechnik-und-energiebranche\/","name":"\u00c9tude salariale sur le secteur de l'\u00e9lectrotechnique et de l'\u00e9nergie - Organisateur","isPartOf":{"@id":"https:\/\/www.organisator.ch\/#website"},"primaryImageOfPage":{"@id":"https:\/\/www.organisator.ch\/it\/generale\/2017-10-16\/lohnstudie-ueber-elektrotechnik-und-energiebranche\/#primaryimage"},"image":{"@id":"https:\/\/www.organisator.ch\/it\/generale\/2017-10-16\/lohnstudie-ueber-elektrotechnik-und-energiebranche\/#primaryimage"},"thumbnailUrl":"https:\/\/www.organisator.ch\/wp-content\/uploads\/2017\/10\/Lohnstudie-ueber-Elektrotechnik-und-Energiebranche-UP_Electrosuisse_lohnradar-umweltperspektive.jpg","datePublished":"2017-10-16T14:32:50+00:00","description":"L'\u00e9tude sur les salaires lanc\u00e9e par Electrosuisse (Association pour l'\u00e9lectrotechnique, les technologies de l'\u00e9nergie et de l'information) est la premi\u00e8re \u00e9tude sur les salaires du secteur de l'\u00e9nergie.","breadcrumb":{"@id":"https:\/\/www.organisator.ch\/it\/generale\/2017-10-16\/lohnstudie-ueber-elektrotechnik-und-energiebranche\/#breadcrumb"},"inLanguage":"fr-FR","potentialAction":[{"@type":"ReadAction","target":["https:\/\/www.organisator.ch\/it\/generale\/2017-10-16\/lohnstudie-ueber-elektrotechnik-und-energiebranche\/"]}]},{"@type":"ImageObject","inLanguage":"fr-FR","@id":"https:\/\/www.organisator.ch\/it\/generale\/2017-10-16\/lohnstudie-ueber-elektrotechnik-und-energiebranche\/#primaryimage","url":"https:\/\/www.organisator.ch\/wp-content\/uploads\/2017\/10\/Lohnstudie-ueber-Elektrotechnik-und-Energiebranche-UP_Electrosuisse_lohnradar-umweltperspektive.jpg","contentUrl":"https:\/\/www.organisator.ch\/wp-content\/uploads\/2017\/10\/Lohnstudie-ueber-Elektrotechnik-und-Energiebranche-UP_Electrosuisse_lohnradar-umweltperspektive.jpg","width":2375,"height":1441,"caption":"Mit der neuen Lohnstudie \"Electrosuisse Lohnradar\" verschafft Electrosuisse sowohl f\u00fcr Arbeitnehmer wie Arbeitgeber Transparenz in der Elektrotechnik- und Energiebranche. (Bild: obs\/Electrosuisse)"},{"@type":"BreadcrumbList","@id":"https:\/\/www.organisator.ch\/it\/generale\/2017-10-16\/lohnstudie-ueber-elektrotechnik-und-energiebranche\/#breadcrumb","itemListElement":[{"@type":"ListItem","position":1,"name":"Home","item":"https:\/\/www.organisator.ch\/"},{"@type":"ListItem","position":2,"name":"Lohnstudie \u00fcber Elektrotechnik- und Energiebranche"}]},{"@type":"WebSite","@id":"https:\/\/www.organisator.ch\/#website","url":"https:\/\/www.organisator.ch\/","name":"Organisateur","description":"Comp\u00e9tence et comp\u00e9tence. Proches de la pratique. L'ORGANISATEUR pr\u00e9pare 10 num\u00e9ros par an sur les th\u00e8mes essentiels pour les dirigeants de PME.","publisher":{"@id":"https:\/\/www.organisator.ch\/#organization"},"potentialAction":[{"@type":"SearchAction","target":{"@type":"EntryPoint","urlTemplate":"https:\/\/www.organisator.ch\/?s={search_term_string}"},"query-input":{"@type":"PropertyValueSpecification","valueRequired":true,"valueName":"search_term_string"}}],"inLanguage":"fr-FR"},{"@type":"Organization","@id":"https:\/\/www.organisator.ch\/#organization","name":"Organisateur","url":"https:\/\/www.organisator.ch\/","logo":{"@type":"ImageObject","inLanguage":"fr-FR","@id":"https:\/\/www.organisator.ch\/#\/schema\/logo\/image\/","url":"https:\/\/www.organisator.ch\/wp-content\/uploads\/2022\/01\/Logo_Organisator_Website.png","contentUrl":"https:\/\/www.organisator.ch\/wp-content\/uploads\/2022\/01\/Logo_Organisator_Website.png","width":800,"height":77,"caption":"Organisator"},"image":{"@id":"https:\/\/www.organisator.ch\/#\/schema\/logo\/image\/"},"sameAs":["https:\/\/www.facebook.com\/OrganisatorFachmagazin","https:\/\/www.linkedin.com\/showcase\/organisator-das-magazin-fr-kmu","https:\/\/www.xing.com\/news\/pages\/organisator-ch-695","https:\/\/www.youtube.com\/channel\/UCGP2Sq0iWaZwT3BdIAQFYpw"]},{"@type":"Person","@id":"https:\/\/www.organisator.ch\/#\/schema\/person\/134708ca9321c57b0362cceb7948ffbd","name":"michael.merz","image":{"@type":"ImageObject","inLanguage":"fr-FR","@id":"https:\/\/secure.gravatar.com\/avatar\/?s=96&d=mm&r=g","url":"https:\/\/secure.gravatar.com\/avatar\/?s=96&d=mm&r=g","contentUrl":"https:\/\/secure.gravatar.com\/avatar\/?s=96&d=mm&r=g","caption":"michael.merz"},"url":"https:\/\/www.organisator.ch\/fr\/author\/michael-merz\/"}]}},"_links":{"self":[{"href":"https:\/\/www.organisator.ch\/fr\/wp-json\/wp\/v2\/posts\/1276","targetHints":{"allow":["GET"]}}],"collection":[{"href":"https:\/\/www.organisator.ch\/fr\/wp-json\/wp\/v2\/posts"}],"about":[{"href":"https:\/\/www.organisator.ch\/fr\/wp-json\/wp\/v2\/types\/post"}],"author":[{"embeddable":true,"href":"https:\/\/www.organisator.ch\/fr\/wp-json\/wp\/v2\/users\/5"}],"replies":[{"embeddable":true,"href":"https:\/\/www.organisator.ch\/fr\/wp-json\/wp\/v2\/comments?post=1276"}],"version-history":[{"count":0,"href":"https:\/\/www.organisator.ch\/fr\/wp-json\/wp\/v2\/posts\/1276\/revisions"}],"wp:featuredmedia":[{"embeddable":true,"href":"https:\/\/www.organisator.ch\/fr\/wp-json\/wp\/v2\/media\/1277"}],"wp:attachment":[{"href":"https:\/\/www.organisator.ch\/fr\/wp-json\/wp\/v2\/media?parent=1276"}],"wp:term":[{"taxonomy":"category","embeddable":true,"href":"https:\/\/www.organisator.ch\/fr\/wp-json\/wp\/v2\/categories?post=1276"},{"taxonomy":"post_tag","embeddable":true,"href":"https:\/\/www.organisator.ch\/fr\/wp-json\/wp\/v2\/tags?post=1276"}],"curies":[{"name":"wp","href":"https:\/\/api.w.org\/{rel}","templated":true}]}}