{"id":12764,"date":"2022-05-04T05:32:44","date_gmt":"2022-05-04T03:32:44","guid":{"rendered":"https:\/\/www.organisator.ch\/?p=12764"},"modified":"2022-05-10T08:54:02","modified_gmt":"2022-05-10T06:54:02","slug":"crise-economique-menace-un-quart-des-suisses-kmu","status":"publish","type":"post","link":"https:\/\/www.organisator.ch\/fr\/management\/2022-05-04\/wirtschaftskrise-bedroht-einen-viertel-der-schweizer-kmu\/","title":{"rendered":"La crise \u00e9conomique menace un quart des PME suisses"},"content":{"rendered":"<figure id=\"attachment_12765\" aria-describedby=\"caption-attachment-12765\" style=\"width: 680px\" class=\"wp-caption alignnone\"><img loading=\"lazy\" decoding=\"async\" class=\"size-full wp-image-12765\" src=\"https:\/\/www.organisator.ch\/wp-content\/uploads\/2022\/05\/Wirtschaftskrise-bedroht-einen-Viertel-der-Schweizer-KMU-1_Organisator.jpg\" alt=\"\" width=\"680\" height=\"453\" srcset=\"https:\/\/www.organisator.ch\/wp-content\/uploads\/2022\/05\/Wirtschaftskrise-bedroht-einen-Viertel-der-Schweizer-KMU-1_Organisator.jpg 680w, https:\/\/www.organisator.ch\/wp-content\/uploads\/2022\/05\/Wirtschaftskrise-bedroht-einen-Viertel-der-Schweizer-KMU-1_Organisator-18x12.jpg 18w, https:\/\/www.organisator.ch\/wp-content\/uploads\/2022\/05\/Wirtschaftskrise-bedroht-einen-Viertel-der-Schweizer-KMU-1_Organisator-263x175.jpg 263w, https:\/\/www.organisator.ch\/wp-content\/uploads\/2022\/05\/Wirtschaftskrise-bedroht-einen-Viertel-der-Schweizer-KMU-1_Organisator-525x350.jpg 525w, https:\/\/www.organisator.ch\/wp-content\/uploads\/2022\/05\/Wirtschaftskrise-bedroht-einen-Viertel-der-Schweizer-KMU-1_Organisator-300x200.jpg 300w\" sizes=\"auto, (max-width: 680px) 100vw, 680px\" \/><figcaption id=\"caption-attachment-12765\" class=\"wp-caption-text\">Les prix augmentent, les revenus baissent : De plus en plus de PME se sentent menac\u00e9es par une crise \u00e9conomique. Dans une enqu\u00eate, un cinqui\u00e8me des entreprises consid\u00e8re l'inflation comme un probl\u00e8me aigu. (Image : Pixabay.com)<\/figcaption><\/figure>\n<p>Pour 17% des d\u00e9cideurs de PME interrog\u00e9s dans le cadre d'une enqu\u00eate de Visable, la guerre est la plus grande menace pour les activit\u00e9s de leur entreprise et ils sont encore plus nombreux, 28%, \u00e0 se sentir menac\u00e9s par une crise \u00e9conomique. 71 pour cent des d\u00e9cideurs de PME participant \u00e0 l'enqu\u00eate craignent que les crises de l'ampleur actuelle soient plus fr\u00e9quentes (47%) ou beaucoup plus fr\u00e9quentes (24%) au cours des trois prochaines ann\u00e9es. Fait marquant : avec 16 % des citations, la Corona est toujours per\u00e7ue comme une menace, \u00e0 peu pr\u00e8s comme la guerre. Les cyberattaques et les piratages sont cit\u00e9s par 12 % des personnes interrog\u00e9es. \"Les PME ont vraiment du mal en ce moment. Une crise en entra\u00eene une autre\", d\u00e9clare Peter F. Schmid, CEO de Visable. \"Le th\u00e8me central pour les prochaines ann\u00e9es sera de rendre les entreprises r\u00e9sistantes aux crises. Sinon, la prosp\u00e9rit\u00e9 de la Suisse et de l'Europe sera menac\u00e9e\", poursuit Schmid. En Suisse et en Autriche, 217 personnes ayant un pouvoir de d\u00e9cision dans des petites et moyennes entreprises ont particip\u00e9 \u00e0 l'enqu\u00eate mentionn\u00e9e. <a href=\"https:\/\/www.organisator.ch\/de\/allgemein\/2022-04-21\/trotz-krisenzeit-nachhaltigkeit-gewinnt-bei-kmu-an-bedeutung\/\">Nous avons d\u00e9j\u00e0 \u00e9voqu\u00e9 ailleurs d'autres r\u00e9sultats de l'enqu\u00eate.<\/a><\/p>\n<h3><strong>Les PME d\u00e9plorent une baisse de leur chiffre d'affaires<\/strong><\/h3>\n<p>La menace des sc\u00e9narios de crise mentionn\u00e9s dans l'enqu\u00eate est r\u00e9elle pour les PME en Suisse et peut \u00eatre chiffr\u00e9e en termes de pertes de chiffre d'affaires : 37% des PME interrog\u00e9es indiquent que leur entreprise a perdu jusqu'\u00e0 un quart de son chiffre d'affaires depuis d\u00e9but 2021 en raison des grandes crises. Une entreprise sur cinq (20%) a m\u00eame subi des pertes de chiffre d'affaires encore plus importantes.<\/p>\n<p>Concr\u00e8tement, les entreprises sont surtout pr\u00e9occup\u00e9es par la hausse massive des co\u00fbts : La hausse des prix des mati\u00e8res premi\u00e8res et de l'\u00e9nergie p\u00e8se lourd dans la balance, avec respectivement 34 et 29 %. Et 30 % se plaignent de probl\u00e8mes de cha\u00eene d'approvisionnement. Les d\u00e9partements des ressources humaines doivent \u00e9galement faire face aux absences pour cause de maladie et de quarantaine (28%) ainsi qu'\u00e0 la p\u00e9nurie de personnel qualifi\u00e9 et de main-d'\u0153uvre (29%). La hausse de l'inflation est un probl\u00e8me aigu pour un cinqui\u00e8me des personnes interrog\u00e9es (21%).<\/p>\n<figure id=\"attachment_12766\" aria-describedby=\"caption-attachment-12766\" style=\"width: 680px\" class=\"wp-caption alignnone\"><img loading=\"lazy\" decoding=\"async\" class=\"size-full wp-image-12766\" src=\"https:\/\/www.organisator.ch\/wp-content\/uploads\/2022\/05\/Wirtschaftskrise-bedroht-einen-Viertel-der-Schweizer-KMU-2_Organisator.jpg\" alt=\"\" width=\"680\" height=\"453\" srcset=\"https:\/\/www.organisator.ch\/wp-content\/uploads\/2022\/05\/Wirtschaftskrise-bedroht-einen-Viertel-der-Schweizer-KMU-2_Organisator.jpg 680w, https:\/\/www.organisator.ch\/wp-content\/uploads\/2022\/05\/Wirtschaftskrise-bedroht-einen-Viertel-der-Schweizer-KMU-2_Organisator-18x12.jpg 18w, https:\/\/www.organisator.ch\/wp-content\/uploads\/2022\/05\/Wirtschaftskrise-bedroht-einen-Viertel-der-Schweizer-KMU-2_Organisator-263x175.jpg 263w, https:\/\/www.organisator.ch\/wp-content\/uploads\/2022\/05\/Wirtschaftskrise-bedroht-einen-Viertel-der-Schweizer-KMU-2_Organisator-525x350.jpg 525w, https:\/\/www.organisator.ch\/wp-content\/uploads\/2022\/05\/Wirtschaftskrise-bedroht-einen-Viertel-der-Schweizer-KMU-2_Organisator-300x200.jpg 300w\" sizes=\"auto, (max-width: 680px) 100vw, 680px\" \/><figcaption id=\"caption-attachment-12766\" class=\"wp-caption-text\">(Source : Visable)<\/figcaption><\/figure>\n<p>\"C'est surtout le co\u00fbt de l'\u00e9nergie qui sera le prix du pain du 21e si\u00e8cle\", affirme Peter F. Schmid. \"Le probl\u00e8me touche directement (pour l'essence ou le chauffage) mais surtout indirectement (par l'augmentation des co\u00fbts de production dans l'industrie) l'ensemble de la population. Nous devons r\u00e9duire rapidement et massivement nos d\u00e9pendances unilat\u00e9rales en mati\u00e8re d'\u00e9nergie et aussi de mati\u00e8res premi\u00e8res. C'est la seule fa\u00e7on d'atteindre la r\u00e9silience face aux crises\", a d\u00e9clar\u00e9 le CEO de Visable.<\/p>\n<h3><strong>Le ch\u00f4mage partiel et la r\u00e9duction du personnel font \u00e9galement partie des mesures prises<\/strong><\/h3>\n<p>Les mesures prises par les entreprises pour se pr\u00e9munir contre les crises ne sont pas tr\u00e8s marqu\u00e9es et sont assez diverses. Concr\u00e8tement, la mesure la plus importante est la r\u00e9duction du personnel ou des salaires (23 %), suivie par le ch\u00f4mage partiel (18 %). Les autres mesures pr\u00e9ventives sont, avec 13 pour cent, l'augmentation des provisions, la diversification des d\u00e9bouch\u00e9s, l'investissement dans les comp\u00e9tences informatiques et la formation des collaborateurs aux sc\u00e9narios de risque ou de crise. Il n'en reste pas moins que 16 pour cent des PME ont des plans d'urgence d'entreprise dans leurs tiroirs pour leurs propres mesures.<\/p>\n<p>Par ailleurs, l'enqu\u00eate r\u00e9v\u00e8le des demandes assez claires adress\u00e9es aux politiques pour accro\u00eetre la r\u00e9silience face aux crises. Plus d'un tiers (34%) des entreprises souhaitent des r\u00e9ductions d'imp\u00f4ts et d'autres aides financi\u00e8res. Trente pour cent demandent une r\u00e9duction de la bureaucratie et une plus grande flexibilit\u00e9 l\u00e9gale. Un quart exactement mentionne des mesures plus s\u00e9v\u00e8res contre le changement climatique et des investissements dans la protection de l'environnement comme exigence.<\/p>\n<h3><strong>Tous les march\u00e9s cl\u00e9s menac\u00e9s par la crise \u00e9conomique<\/strong><\/h3>\n<p>Des enqu\u00eates parall\u00e8les men\u00e9es par YouGov en Allemagne, en Autriche et en France montrent que la crise n'est pas seulement pr\u00e9sente dans l'esprit des d\u00e9cideurs de PME en Suisse : partout, plus de deux tiers des personnes interrog\u00e9es s'attendent \u00e0 des crises plus fr\u00e9quentes au cours des trois prochaines ann\u00e9es. Les Fran\u00e7ais sont un peu plus pessimistes que les Suisses : en France, 72 % des sond\u00e9s craignent des crises plus fr\u00e9quentes. En Allemagne, le chiffre de 68 % est identique au r\u00e9sultat autrichien. Peter F. Schmid, CEO de Visable, d\u00e9clare \u00e0 ce sujet : \"Cela fait heureusement tr\u00e8s longtemps que l'Europe centrale n'a pas connu autant de crises qu'en ce moment. Il est inqui\u00e9tant de constater que plus de deux tiers de toutes les PME s'attendent \u00e0 ce que la situation s'aggrave encore dans un contexte aussi tendu. Ceux qui ont peur investissent moins dans l'avenir\".<\/p>\n<p>Les entreprises pourraient r\u00e9soudre de nombreux d\u00e9fis en transf\u00e9rant des domaines d'activit\u00e9 et des processus dans l'espace num\u00e9rique. Il serait par exemple possible de diversifier les achats via des plateformes num\u00e9riques B2B pour faire face aux probl\u00e8mes de la cha\u00eene d'approvisionnement et \u00e0 la hausse des prix des mati\u00e8res premi\u00e8res ainsi qu'\u00e0 la prise de conscience croissante de la durabilit\u00e9. Selon l'enqu\u00eate, 14 % des PME suisses mettent d\u00e9j\u00e0 en \u0153uvre la diversification des achats comme mesure de pr\u00e9vention contre les crises.<\/p>\n<p><em>Source et informations compl\u00e9mentaires : <a href=\"http:\/\/www.visable.com\">Visible<\/a><\/em><\/p>","protected":false},"excerpt":{"rendered":"<p>F\u00fcr 17 Prozent der in einer Umfrage von Visable befragten KMU-Entscheider ist Krieg die gr\u00f6sste Bedrohung f\u00fcr die Gesch\u00e4ftst\u00e4tigkeit ihres Unternehmens und noch mehr, n\u00e4mlich 28 Prozent, sehen sich von einer Wirtschaftskrise bedroht. 71 Prozent der teilnehmenden KMU-Entscheider bef\u00fcrchten, dass es Krisen in der aktuellen Gr\u00f6ssenordnung in den n\u00e4chsten drei Jahren h\u00e4ufiger (47%) oder viel [&hellip;]<\/p>\n","protected":false},"author":4,"featured_media":12765,"comment_status":"closed","ping_status":"closed","sticky":false,"template":"","format":"standard","meta":{"_acf_changed":false,"_yoast_wpseo_focuskw":"Wirtschaftskrise bedroht","_yoast_wpseo_metadesc":"Die kleinen und mittleren Unternehmen in der Schweiz sind von der Wirtschaftskrise bedroht und erwarten, dass es noch schlimmer wird.","articlekey":"","footnotes":""},"categories":[28],"tags":[418,487,530],"class_list":["post-12764","post","type-post","status-publish","format-standard","has-post-thumbnail","hentry","category-management","tag-risikomanagement","tag-umfrage","tag-wirtschaftskrise"],"acf":[],"yoast_head":"<!-- This site is optimized with the Yoast SEO plugin v27.5 - https:\/\/yoast.com\/product\/yoast-seo-wordpress\/ -->\n<title>Wirtschaftskrise bedroht einen Viertel der Schweizer KMU - Organisator<\/title>\n<meta name=\"description\" content=\"Die kleinen und mittleren Unternehmen in der Schweiz sind von der Wirtschaftskrise bedroht und erwarten, dass es noch schlimmer wird.\" \/>\n<meta name=\"robots\" content=\"index, follow, max-snippet:-1, max-image-preview:large, max-video-preview:-1\" \/>\n<link rel=\"canonical\" href=\"https:\/\/www.organisator.ch\/fr\/gestion-2\/2022-05-04\/crise-economique-menace-un-quart-des-suisses-kmu\/\" \/>\n<meta property=\"og:locale\" content=\"fr_FR\" \/>\n<meta property=\"og:type\" content=\"article\" \/>\n<meta property=\"og:title\" content=\"Wirtschaftskrise bedroht einen Viertel der Schweizer KMU\" \/>\n<meta property=\"og:description\" content=\"Die kleinen und mittleren Unternehmen in der Schweiz sind von der Wirtschaftskrise bedroht und erwarten, dass es noch schlimmer wird.\" \/>\n<meta property=\"og:url\" content=\"https:\/\/www.organisator.ch\/fr\/gestion-2\/2022-05-04\/crise-economique-menace-un-quart-des-suisses-kmu\/\" \/>\n<meta property=\"og:site_name\" content=\"Organisator\" \/>\n<meta property=\"article:publisher\" content=\"https:\/\/www.facebook.com\/OrganisatorFachmagazin\" \/>\n<meta property=\"article:published_time\" content=\"2022-05-04T03:32:44+00:00\" \/>\n<meta property=\"article:modified_time\" content=\"2022-05-10T06:54:02+00:00\" \/>\n<meta property=\"og:image\" content=\"https:\/\/www.organisator.ch\/wp-content\/uploads\/2022\/05\/Wirtschaftskrise-bedroht-einen-Viertel-der-Schweizer-KMU-1_Organisator.jpg\" \/>\n\t<meta property=\"og:image:width\" content=\"680\" \/>\n\t<meta property=\"og:image:height\" content=\"453\" \/>\n\t<meta property=\"og:image:type\" content=\"image\/jpeg\" \/>\n<meta name=\"author\" content=\"thomas.berner\" \/>\n<meta name=\"twitter:card\" content=\"summary_large_image\" \/>\n<meta name=\"twitter:title\" content=\"#Wirtschaftskrise bedroht einen Viertel der Schweizer KMU\" \/>\n<meta name=\"twitter:description\" content=\"Die kleinen und mittleren Unternehmen in der Schweiz sind von der #Wirtschaftskrise bedroht und erwarten, dass es noch schlimmer wird.\" \/>\n<meta name=\"twitter:image\" content=\"https:\/\/www.organisator.ch\/wp-content\/uploads\/2022\/05\/Wirtschaftskrise-bedroht-einen-Viertel-der-Schweizer-KMU-1_Organisator.jpg\" \/>\n<script type=\"application\/ld+json\" class=\"yoast-schema-graph\">{\"@context\":\"https:\\\/\\\/schema.org\",\"@graph\":[{\"@type\":\"Article\",\"@id\":\"https:\\\/\\\/www.organisator.ch\\\/management\\\/2022-05-04\\\/wirtschaftskrise-bedroht-einen-viertel-der-schweizer-kmu\\\/#article\",\"isPartOf\":{\"@id\":\"https:\\\/\\\/www.organisator.ch\\\/management\\\/2022-05-04\\\/wirtschaftskrise-bedroht-einen-viertel-der-schweizer-kmu\\\/\"},\"author\":{\"name\":\"thomas.berner\",\"@id\":\"https:\\\/\\\/www.organisator.ch\\\/#\\\/schema\\\/person\\\/6f650f90b2842cd4c0cc334b4e36f67e\"},\"headline\":\"Wirtschaftskrise bedroht einen Viertel der Schweizer KMU\",\"datePublished\":\"2022-05-04T03:32:44+00:00\",\"dateModified\":\"2022-05-10T06:54:02+00:00\",\"mainEntityOfPage\":{\"@id\":\"https:\\\/\\\/www.organisator.ch\\\/management\\\/2022-05-04\\\/wirtschaftskrise-bedroht-einen-viertel-der-schweizer-kmu\\\/\"},\"wordCount\":759,\"publisher\":{\"@id\":\"https:\\\/\\\/www.organisator.ch\\\/#organization\"},\"image\":{\"@id\":\"https:\\\/\\\/www.organisator.ch\\\/management\\\/2022-05-04\\\/wirtschaftskrise-bedroht-einen-viertel-der-schweizer-kmu\\\/#primaryimage\"},\"thumbnailUrl\":\"https:\\\/\\\/www.organisator.ch\\\/wp-content\\\/uploads\\\/2022\\\/05\\\/Wirtschaftskrise-bedroht-einen-Viertel-der-Schweizer-KMU-1_Organisator.jpg\",\"keywords\":[\"Risikomanagement\",\"Umfrage\",\"Wirtschaftskrise\"],\"articleSection\":[\"MANAGEMENT\"],\"inLanguage\":\"fr-FR\"},{\"@type\":\"WebPage\",\"@id\":\"https:\\\/\\\/www.organisator.ch\\\/management\\\/2022-05-04\\\/wirtschaftskrise-bedroht-einen-viertel-der-schweizer-kmu\\\/\",\"url\":\"https:\\\/\\\/www.organisator.ch\\\/management\\\/2022-05-04\\\/wirtschaftskrise-bedroht-einen-viertel-der-schweizer-kmu\\\/\",\"name\":\"Wirtschaftskrise bedroht einen Viertel der Schweizer KMU - Organisator\",\"isPartOf\":{\"@id\":\"https:\\\/\\\/www.organisator.ch\\\/#website\"},\"primaryImageOfPage\":{\"@id\":\"https:\\\/\\\/www.organisator.ch\\\/management\\\/2022-05-04\\\/wirtschaftskrise-bedroht-einen-viertel-der-schweizer-kmu\\\/#primaryimage\"},\"image\":{\"@id\":\"https:\\\/\\\/www.organisator.ch\\\/management\\\/2022-05-04\\\/wirtschaftskrise-bedroht-einen-viertel-der-schweizer-kmu\\\/#primaryimage\"},\"thumbnailUrl\":\"https:\\\/\\\/www.organisator.ch\\\/wp-content\\\/uploads\\\/2022\\\/05\\\/Wirtschaftskrise-bedroht-einen-Viertel-der-Schweizer-KMU-1_Organisator.jpg\",\"datePublished\":\"2022-05-04T03:32:44+00:00\",\"dateModified\":\"2022-05-10T06:54:02+00:00\",\"description\":\"Die kleinen und mittleren Unternehmen in der Schweiz sind von der Wirtschaftskrise bedroht und erwarten, dass es noch schlimmer wird.\",\"breadcrumb\":{\"@id\":\"https:\\\/\\\/www.organisator.ch\\\/management\\\/2022-05-04\\\/wirtschaftskrise-bedroht-einen-viertel-der-schweizer-kmu\\\/#breadcrumb\"},\"inLanguage\":\"fr-FR\",\"potentialAction\":[{\"@type\":\"ReadAction\",\"target\":[\"https:\\\/\\\/www.organisator.ch\\\/management\\\/2022-05-04\\\/wirtschaftskrise-bedroht-einen-viertel-der-schweizer-kmu\\\/\"]}]},{\"@type\":\"ImageObject\",\"inLanguage\":\"fr-FR\",\"@id\":\"https:\\\/\\\/www.organisator.ch\\\/management\\\/2022-05-04\\\/wirtschaftskrise-bedroht-einen-viertel-der-schweizer-kmu\\\/#primaryimage\",\"url\":\"https:\\\/\\\/www.organisator.ch\\\/wp-content\\\/uploads\\\/2022\\\/05\\\/Wirtschaftskrise-bedroht-einen-Viertel-der-Schweizer-KMU-1_Organisator.jpg\",\"contentUrl\":\"https:\\\/\\\/www.organisator.ch\\\/wp-content\\\/uploads\\\/2022\\\/05\\\/Wirtschaftskrise-bedroht-einen-Viertel-der-Schweizer-KMU-1_Organisator.jpg\",\"width\":680,\"height\":453,\"caption\":\"Die Preise steigen, die Ertr\u00e4ge sinken: Immer mehr KMU sehen sich von einer Wirtschaftskrise bedroht. (Bild: Pixabay.com)\"},{\"@type\":\"BreadcrumbList\",\"@id\":\"https:\\\/\\\/www.organisator.ch\\\/management\\\/2022-05-04\\\/wirtschaftskrise-bedroht-einen-viertel-der-schweizer-kmu\\\/#breadcrumb\",\"itemListElement\":[{\"@type\":\"ListItem\",\"position\":1,\"name\":\"Home\",\"item\":\"https:\\\/\\\/www.organisator.ch\\\/\"},{\"@type\":\"ListItem\",\"position\":2,\"name\":\"Wirtschaftskrise bedroht einen Viertel der Schweizer KMU\"}]},{\"@type\":\"WebSite\",\"@id\":\"https:\\\/\\\/www.organisator.ch\\\/#website\",\"url\":\"https:\\\/\\\/www.organisator.ch\\\/\",\"name\":\"Organisator\",\"description\":\"Kompetent. Praxisnah. Der ORGANISATOR bereitet in 10 Ausgaben pro Jahr die wesentlichen Themen f\u00fcr F\u00fchrungskr\u00e4fte von KMU auf.\",\"publisher\":{\"@id\":\"https:\\\/\\\/www.organisator.ch\\\/#organization\"},\"potentialAction\":[{\"@type\":\"SearchAction\",\"target\":{\"@type\":\"EntryPoint\",\"urlTemplate\":\"https:\\\/\\\/www.organisator.ch\\\/?s={search_term_string}\"},\"query-input\":{\"@type\":\"PropertyValueSpecification\",\"valueRequired\":true,\"valueName\":\"search_term_string\"}}],\"inLanguage\":\"fr-FR\"},{\"@type\":\"Organization\",\"@id\":\"https:\\\/\\\/www.organisator.ch\\\/#organization\",\"name\":\"Organisator\",\"url\":\"https:\\\/\\\/www.organisator.ch\\\/\",\"logo\":{\"@type\":\"ImageObject\",\"inLanguage\":\"fr-FR\",\"@id\":\"https:\\\/\\\/www.organisator.ch\\\/#\\\/schema\\\/logo\\\/image\\\/\",\"url\":\"https:\\\/\\\/www.organisator.ch\\\/wp-content\\\/uploads\\\/2022\\\/01\\\/Logo_Organisator_Website.png\",\"contentUrl\":\"https:\\\/\\\/www.organisator.ch\\\/wp-content\\\/uploads\\\/2022\\\/01\\\/Logo_Organisator_Website.png\",\"width\":800,\"height\":77,\"caption\":\"Organisator\"},\"image\":{\"@id\":\"https:\\\/\\\/www.organisator.ch\\\/#\\\/schema\\\/logo\\\/image\\\/\"},\"sameAs\":[\"https:\\\/\\\/www.facebook.com\\\/OrganisatorFachmagazin\",\"https:\\\/\\\/www.linkedin.com\\\/showcase\\\/organisator-das-magazin-fr-kmu\",\"https:\\\/\\\/www.xing.com\\\/news\\\/pages\\\/organisator-ch-695\",\"https:\\\/\\\/www.youtube.com\\\/channel\\\/UCGP2Sq0iWaZwT3BdIAQFYpw\"]},{\"@type\":\"Person\",\"@id\":\"https:\\\/\\\/www.organisator.ch\\\/#\\\/schema\\\/person\\\/6f650f90b2842cd4c0cc334b4e36f67e\",\"name\":\"thomas.berner\",\"image\":{\"@type\":\"ImageObject\",\"inLanguage\":\"fr-FR\",\"@id\":\"https:\\\/\\\/secure.gravatar.com\\\/avatar\\\/ac5001d2a36cb6c6cd3e50789007ffca834b477b74a2144564522e944eabff61?s=96&d=mm&r=g\",\"url\":\"https:\\\/\\\/secure.gravatar.com\\\/avatar\\\/ac5001d2a36cb6c6cd3e50789007ffca834b477b74a2144564522e944eabff61?s=96&d=mm&r=g\",\"contentUrl\":\"https:\\\/\\\/secure.gravatar.com\\\/avatar\\\/ac5001d2a36cb6c6cd3e50789007ffca834b477b74a2144564522e944eabff61?s=96&d=mm&r=g\",\"caption\":\"thomas.berner\"},\"url\":\"https:\\\/\\\/www.organisator.ch\\\/fr\\\/author\\\/thomas-berner\\\/\"}]}<\/script>\n<!-- \/ Yoast SEO plugin. -->","yoast_head_json":{"title":"La crise \u00e9conomique menace un quart des PME suisses - Organisateur","description":"Les petites et moyennes entreprises en Suisse sont menac\u00e9es par la crise \u00e9conomique et s'attendent \u00e0 ce que la situation s'aggrave encore.","robots":{"index":"index","follow":"follow","max-snippet":"max-snippet:-1","max-image-preview":"max-image-preview:large","max-video-preview":"max-video-preview:-1"},"canonical":"https:\/\/www.organisator.ch\/fr\/gestion-2\/2022-05-04\/crise-economique-menace-un-quart-des-suisses-kmu\/","og_locale":"fr_FR","og_type":"article","og_title":"Wirtschaftskrise bedroht einen Viertel der Schweizer KMU","og_description":"Die kleinen und mittleren Unternehmen in der Schweiz sind von der Wirtschaftskrise bedroht und erwarten, dass es noch schlimmer wird.","og_url":"https:\/\/www.organisator.ch\/fr\/gestion-2\/2022-05-04\/crise-economique-menace-un-quart-des-suisses-kmu\/","og_site_name":"Organisator","article_publisher":"https:\/\/www.facebook.com\/OrganisatorFachmagazin","article_published_time":"2022-05-04T03:32:44+00:00","article_modified_time":"2022-05-10T06:54:02+00:00","og_image":[{"width":680,"height":453,"url":"https:\/\/www.organisator.ch\/wp-content\/uploads\/2022\/05\/Wirtschaftskrise-bedroht-einen-Viertel-der-Schweizer-KMU-1_Organisator.jpg","type":"image\/jpeg"}],"author":"thomas.berner","twitter_card":"summary_large_image","twitter_title":"#Wirtschaftskrise bedroht einen Viertel der Schweizer KMU","twitter_description":"Die kleinen und mittleren Unternehmen in der Schweiz sind von der #Wirtschaftskrise bedroht und erwarten, dass es noch schlimmer wird.","twitter_image":"https:\/\/www.organisator.ch\/wp-content\/uploads\/2022\/05\/Wirtschaftskrise-bedroht-einen-Viertel-der-Schweizer-KMU-1_Organisator.jpg","schema":{"@context":"https:\/\/schema.org","@graph":[{"@type":"Article","@id":"https:\/\/www.organisator.ch\/management\/2022-05-04\/wirtschaftskrise-bedroht-einen-viertel-der-schweizer-kmu\/#article","isPartOf":{"@id":"https:\/\/www.organisator.ch\/management\/2022-05-04\/wirtschaftskrise-bedroht-einen-viertel-der-schweizer-kmu\/"},"author":{"name":"thomas.berner","@id":"https:\/\/www.organisator.ch\/#\/schema\/person\/6f650f90b2842cd4c0cc334b4e36f67e"},"headline":"Wirtschaftskrise bedroht einen Viertel der Schweizer KMU","datePublished":"2022-05-04T03:32:44+00:00","dateModified":"2022-05-10T06:54:02+00:00","mainEntityOfPage":{"@id":"https:\/\/www.organisator.ch\/management\/2022-05-04\/wirtschaftskrise-bedroht-einen-viertel-der-schweizer-kmu\/"},"wordCount":759,"publisher":{"@id":"https:\/\/www.organisator.ch\/#organization"},"image":{"@id":"https:\/\/www.organisator.ch\/management\/2022-05-04\/wirtschaftskrise-bedroht-einen-viertel-der-schweizer-kmu\/#primaryimage"},"thumbnailUrl":"https:\/\/www.organisator.ch\/wp-content\/uploads\/2022\/05\/Wirtschaftskrise-bedroht-einen-Viertel-der-Schweizer-KMU-1_Organisator.jpg","keywords":["Risikomanagement","Umfrage","Wirtschaftskrise"],"articleSection":["MANAGEMENT"],"inLanguage":"fr-FR"},{"@type":"WebPage","@id":"https:\/\/www.organisator.ch\/management\/2022-05-04\/wirtschaftskrise-bedroht-einen-viertel-der-schweizer-kmu\/","url":"https:\/\/www.organisator.ch\/management\/2022-05-04\/wirtschaftskrise-bedroht-einen-viertel-der-schweizer-kmu\/","name":"La crise \u00e9conomique menace un quart des PME suisses - Organisateur","isPartOf":{"@id":"https:\/\/www.organisator.ch\/#website"},"primaryImageOfPage":{"@id":"https:\/\/www.organisator.ch\/management\/2022-05-04\/wirtschaftskrise-bedroht-einen-viertel-der-schweizer-kmu\/#primaryimage"},"image":{"@id":"https:\/\/www.organisator.ch\/management\/2022-05-04\/wirtschaftskrise-bedroht-einen-viertel-der-schweizer-kmu\/#primaryimage"},"thumbnailUrl":"https:\/\/www.organisator.ch\/wp-content\/uploads\/2022\/05\/Wirtschaftskrise-bedroht-einen-Viertel-der-Schweizer-KMU-1_Organisator.jpg","datePublished":"2022-05-04T03:32:44+00:00","dateModified":"2022-05-10T06:54:02+00:00","description":"Les petites et moyennes entreprises en Suisse sont menac\u00e9es par la crise \u00e9conomique et s'attendent \u00e0 ce que la situation s'aggrave encore.","breadcrumb":{"@id":"https:\/\/www.organisator.ch\/management\/2022-05-04\/wirtschaftskrise-bedroht-einen-viertel-der-schweizer-kmu\/#breadcrumb"},"inLanguage":"fr-FR","potentialAction":[{"@type":"ReadAction","target":["https:\/\/www.organisator.ch\/management\/2022-05-04\/wirtschaftskrise-bedroht-einen-viertel-der-schweizer-kmu\/"]}]},{"@type":"ImageObject","inLanguage":"fr-FR","@id":"https:\/\/www.organisator.ch\/management\/2022-05-04\/wirtschaftskrise-bedroht-einen-viertel-der-schweizer-kmu\/#primaryimage","url":"https:\/\/www.organisator.ch\/wp-content\/uploads\/2022\/05\/Wirtschaftskrise-bedroht-einen-Viertel-der-Schweizer-KMU-1_Organisator.jpg","contentUrl":"https:\/\/www.organisator.ch\/wp-content\/uploads\/2022\/05\/Wirtschaftskrise-bedroht-einen-Viertel-der-Schweizer-KMU-1_Organisator.jpg","width":680,"height":453,"caption":"Die Preise steigen, die Ertr\u00e4ge sinken: Immer mehr KMU sehen sich von einer Wirtschaftskrise bedroht. (Bild: Pixabay.com)"},{"@type":"BreadcrumbList","@id":"https:\/\/www.organisator.ch\/management\/2022-05-04\/wirtschaftskrise-bedroht-einen-viertel-der-schweizer-kmu\/#breadcrumb","itemListElement":[{"@type":"ListItem","position":1,"name":"Home","item":"https:\/\/www.organisator.ch\/"},{"@type":"ListItem","position":2,"name":"Wirtschaftskrise bedroht einen Viertel der Schweizer KMU"}]},{"@type":"WebSite","@id":"https:\/\/www.organisator.ch\/#website","url":"https:\/\/www.organisator.ch\/","name":"Organisateur","description":"Comp\u00e9tence et comp\u00e9tence. Proches de la pratique. L'ORGANISATEUR pr\u00e9pare 10 num\u00e9ros par an sur les th\u00e8mes essentiels pour les dirigeants de PME.","publisher":{"@id":"https:\/\/www.organisator.ch\/#organization"},"potentialAction":[{"@type":"SearchAction","target":{"@type":"EntryPoint","urlTemplate":"https:\/\/www.organisator.ch\/?s={search_term_string}"},"query-input":{"@type":"PropertyValueSpecification","valueRequired":true,"valueName":"search_term_string"}}],"inLanguage":"fr-FR"},{"@type":"Organization","@id":"https:\/\/www.organisator.ch\/#organization","name":"Organisateur","url":"https:\/\/www.organisator.ch\/","logo":{"@type":"ImageObject","inLanguage":"fr-FR","@id":"https:\/\/www.organisator.ch\/#\/schema\/logo\/image\/","url":"https:\/\/www.organisator.ch\/wp-content\/uploads\/2022\/01\/Logo_Organisator_Website.png","contentUrl":"https:\/\/www.organisator.ch\/wp-content\/uploads\/2022\/01\/Logo_Organisator_Website.png","width":800,"height":77,"caption":"Organisator"},"image":{"@id":"https:\/\/www.organisator.ch\/#\/schema\/logo\/image\/"},"sameAs":["https:\/\/www.facebook.com\/OrganisatorFachmagazin","https:\/\/www.linkedin.com\/showcase\/organisator-das-magazin-fr-kmu","https:\/\/www.xing.com\/news\/pages\/organisator-ch-695","https:\/\/www.youtube.com\/channel\/UCGP2Sq0iWaZwT3BdIAQFYpw"]},{"@type":"Person","@id":"https:\/\/www.organisator.ch\/#\/schema\/person\/6f650f90b2842cd4c0cc334b4e36f67e","name":"thomas.berner","image":{"@type":"ImageObject","inLanguage":"fr-FR","@id":"https:\/\/secure.gravatar.com\/avatar\/ac5001d2a36cb6c6cd3e50789007ffca834b477b74a2144564522e944eabff61?s=96&d=mm&r=g","url":"https:\/\/secure.gravatar.com\/avatar\/ac5001d2a36cb6c6cd3e50789007ffca834b477b74a2144564522e944eabff61?s=96&d=mm&r=g","contentUrl":"https:\/\/secure.gravatar.com\/avatar\/ac5001d2a36cb6c6cd3e50789007ffca834b477b74a2144564522e944eabff61?s=96&d=mm&r=g","caption":"thomas.berner"},"url":"https:\/\/www.organisator.ch\/fr\/author\/thomas-berner\/"}]}},"_links":{"self":[{"href":"https:\/\/www.organisator.ch\/fr\/wp-json\/wp\/v2\/posts\/12764","targetHints":{"allow":["GET"]}}],"collection":[{"href":"https:\/\/www.organisator.ch\/fr\/wp-json\/wp\/v2\/posts"}],"about":[{"href":"https:\/\/www.organisator.ch\/fr\/wp-json\/wp\/v2\/types\/post"}],"author":[{"embeddable":true,"href":"https:\/\/www.organisator.ch\/fr\/wp-json\/wp\/v2\/users\/4"}],"replies":[{"embeddable":true,"href":"https:\/\/www.organisator.ch\/fr\/wp-json\/wp\/v2\/comments?post=12764"}],"version-history":[{"count":1,"href":"https:\/\/www.organisator.ch\/fr\/wp-json\/wp\/v2\/posts\/12764\/revisions"}],"predecessor-version":[{"id":12767,"href":"https:\/\/www.organisator.ch\/fr\/wp-json\/wp\/v2\/posts\/12764\/revisions\/12767"}],"wp:featuredmedia":[{"embeddable":true,"href":"https:\/\/www.organisator.ch\/fr\/wp-json\/wp\/v2\/media\/12765"}],"wp:attachment":[{"href":"https:\/\/www.organisator.ch\/fr\/wp-json\/wp\/v2\/media?parent=12764"}],"wp:term":[{"taxonomy":"category","embeddable":true,"href":"https:\/\/www.organisator.ch\/fr\/wp-json\/wp\/v2\/categories?post=12764"},{"taxonomy":"post_tag","embeddable":true,"href":"https:\/\/www.organisator.ch\/fr\/wp-json\/wp\/v2\/tags?post=12764"}],"curies":[{"name":"wp","href":"https:\/\/api.w.org\/{rel}","templated":true}]}}