{"id":12804,"date":"2022-05-06T08:30:06","date_gmt":"2022-05-06T06:30:06","guid":{"rendered":"https:\/\/www.organisator.ch\/?p=12804"},"modified":"2022-05-06T08:30:06","modified_gmt":"2022-05-06T06:30:06","slug":"neue-eventhalle-zum-50-jahr-jubilaeum-des-campus-sursee-eroeffnet","status":"publish","type":"post","link":"https:\/\/www.organisator.ch\/fr\/marketing\/2022-05-06\/neue-eventhalle-zum-50-jahr-jubilaeum-des-campus-sursee-eroeffnet\/","title":{"rendered":"Inauguration d'une nouvelle salle de spectacle pour le 50e anniversaire du campus de Sursee"},"content":{"rendered":"<figure id=\"attachment_12805\" aria-describedby=\"caption-attachment-12805\" style=\"width: 680px\" class=\"wp-caption alignnone\"><img loading=\"lazy\" decoding=\"async\" class=\"size-full wp-image-12805\" src=\"https:\/\/www.organisator.ch\/wp-content\/uploads\/2022\/05\/Neue-Eventhalle-zum-50-Jahr-Jubilaeum-des-Campus-Sursee-eroeffnet_Organisator.jpg\" alt=\"\" width=\"680\" height=\"433\" srcset=\"https:\/\/www.organisator.ch\/wp-content\/uploads\/2022\/05\/Neue-Eventhalle-zum-50-Jahr-Jubilaeum-des-Campus-Sursee-eroeffnet_Organisator.jpg 680w, https:\/\/www.organisator.ch\/wp-content\/uploads\/2022\/05\/Neue-Eventhalle-zum-50-Jahr-Jubilaeum-des-Campus-Sursee-eroeffnet_Organisator-18x12.jpg 18w, https:\/\/www.organisator.ch\/wp-content\/uploads\/2022\/05\/Neue-Eventhalle-zum-50-Jahr-Jubilaeum-des-Campus-Sursee-eroeffnet_Organisator-275x175.jpg 275w, https:\/\/www.organisator.ch\/wp-content\/uploads\/2022\/05\/Neue-Eventhalle-zum-50-Jahr-Jubilaeum-des-Campus-Sursee-eroeffnet_Organisator-550x350.jpg 550w, https:\/\/www.organisator.ch\/wp-content\/uploads\/2022\/05\/Neue-Eventhalle-zum-50-Jahr-Jubilaeum-des-Campus-Sursee-eroeffnet_Organisator-300x191.jpg 300w\" sizes=\"auto, (max-width: 680px) 100vw, 680px\" \/><figcaption id=\"caption-attachment-12805\" class=\"wp-caption-text\">La nouvelle halle \u00e9v\u00e9nementielle du campus de Sursee peut accueillir 1000 personnes et est aliment\u00e9e en \u00e9lectricit\u00e9 par une installation photovolta\u00efque de 600 m\u00e8tres carr\u00e9s. Elle peut \u00eatre utilis\u00e9e individuellement pour des expositions, des r\u00e9unions, des congr\u00e8s ou des salons. (Image : Campus Sursee)<\/figcaption><\/figure>\n<p>Le 5 mai 2022, la nouvelle halle \u00e9v\u00e9nementielle a pu \u00eatre inaugur\u00e9e juste \u00e0 temps pour le 50e anniversaire du Campus Sursee. Gian-Luca Lardi, pr\u00e9sident de la Soci\u00e9t\u00e9 suisse des entrepreneurs (SSE) et pr\u00e9sident du conseil de fondation du Campus Sursee, \u00e9tait visiblement fier : \"Nous voyons dans la nouvelle halle \u00e9v\u00e9nementielle un grand potentiel pour atteindre un rayonnement national. La halle est polyvalente, \u00e9quip\u00e9e des techniques les plus modernes et r\u00e9pond aux exigences \u00e9cologiques les plus \u00e9lev\u00e9es\". Lors des travaux de construction, une grande importance a \u00e9t\u00e9 accord\u00e9e \u00e0 l'artisanat de qualit\u00e9. Cela se manifeste par exemple dans la balustrade du foyer de la salle de spectacle ou dans les surfaces en b\u00e9ton apparent qui constituent en m\u00eame temps la base de l'art dans la construction dans le foyer. Une grande partie du bois de h\u00eatre utilis\u00e9 pour la construction des poutres provient d'une exploitation foresti\u00e8re r\u00e9gionale et durable.<\/p>\n<h3>Une nouvelle salle de spectacle \u00e0 faible empreinte \u00e9cologique<\/h3>\n<p>Le b\u00e2timent se divise en deux parties : D'une part, le hall \u00e9v\u00e9nementiel lui-m\u00eame, qui peut accueillir jusqu'\u00e0 1000 personnes. Elle convient donc parfaitement pour des congr\u00e8s, des banquets ou m\u00eame des pr\u00e9sentations de voitures. D'autre part, il y a l'entr\u00e9e spacieuse et moderne avec la r\u00e9ception de l'h\u00f4tel. Selon Andrea Ming, ma\u00eetre d'ouvrage et directrice du Campus Sursee, le nouveau b\u00e2timent doit \u00eatre per\u00e7u comme un phare dans le secteur de la construction, d'autant plus que l'objectif de la fondation est de promouvoir la formation professionnelle initiale et continue des professionnels de la construction. En cons\u00e9quence, le Campus Sursee se consid\u00e8re comme un mod\u00e8le - \u00e9galement en mati\u00e8re d'\u00e9cologie. Ainsi, le nouveau b\u00e2timent poursuit la voie de la neutralit\u00e9 en mati\u00e8re de CO2. Le rendement de l'installation photovolta\u00efque sur le toit permettrait par exemple d'alimenter 20 maisons individuelles en \u00e9lectricit\u00e9. Pour l'arrosage des toilettes et du jardin, Campus Sursee utilise l'eau de pluie. Les co\u00fbts totaux de 15 millions de francs sont pris en charge par la fondation Campus Sursee de la Soci\u00e9t\u00e9 suisse des entrepreneurs.<\/p>\n<h3>Regard dans les coulisses lors des journ\u00e9es portes ouvertes<\/h3>\n<p>L'inauguration de la salle de spectacle a marqu\u00e9 le d\u00e9but des festivit\u00e9s du jubil\u00e9, qui dureront jusqu'au 10 mai 2022. Les festivit\u00e9s seront organis\u00e9es en collaboration avec le fondateur, la Soci\u00e9t\u00e9 Suisse des Entrepreneurs, qui a elle-m\u00eame 125 ans d'histoire. Au programme : des assembl\u00e9es, la journ\u00e9e de la construction ou les journ\u00e9es de formation. Les 7 et 8 mai, le Campus Sursee ouvrira ses portes et invitera toutes les personnes int\u00e9ress\u00e9es \u00e0 d\u00e9couvrir les coulisses. La diversit\u00e9 est assur\u00e9e : de l'art culinaire aux chambres d'h\u00f4tel, des grandes pelleteuses \u00e0 la construction num\u00e9rique, de la piscine olympique au basket-ball en fauteuil roulant, de la coupe des grutiers et des conducteurs de machines de chantier au concert de rock.<\/p>\n<p><em>Plus d'informations : <a href=\"http:\/\/www.campus-sursee.ch\">Campus Sursee<\/a><\/em><\/p>","protected":false},"excerpt":{"rendered":"<p>P\u00fcnktlich zum 50. Geburtstag des Campus Sursee konnte am 5. Mai 2022 die neue Eventhalle er\u00f6ffnet werden. Gian-Luca Lardi, Pr\u00e4sident des Schweizerischen Baumeisterverbands SBV und Pr\u00e4sident des Stiftungsrats des Campus Sursee, war sichtlich stolz: &#8222;Wir sehen in der neuen Eventhalle ein grosses Potenzial, nationale Ausstrahlungskraft zu erreichen. Die Halle ist vielseitig bespielbar, mit modernster Technik [&hellip;]<\/p>\n","protected":false},"author":4,"featured_media":12805,"comment_status":"closed","ping_status":"closed","sticky":false,"template":"","format":"standard","meta":{"_acf_changed":false,"_yoast_wpseo_focuskw":"Neue Eventhalle","_yoast_wpseo_metadesc":"Der Campus Sursee hat am 5. Mai 2022 p\u00fcnktlich zu seinem 50. Geburtstag die neue Eventhalle er\u00f6ffnet. Sie umfasst 800 Quadratmeter.","articlekey":"","footnotes":""},"categories":[29],"tags":[62,791,358,2846],"class_list":["post-12804","post","type-post","status-publish","format-standard","has-post-thumbnail","hentry","category-marketing","tag-aus-weiterbildung","tag-bauwirtschaft","tag-nachhaltige-wirtschaft","tag-tagungen-und-events"],"acf":[],"yoast_head":"<!-- This site is optimized with the Yoast SEO plugin v27.5 - https:\/\/yoast.com\/product\/yoast-seo-wordpress\/ -->\n<title>Neue Eventhalle zum 50-Jahr-Jubil\u00e4um des Campus Sursee er\u00f6ffnet - Organisator<\/title>\n<meta name=\"description\" content=\"Der Campus Sursee hat am 5. Mai 2022 p\u00fcnktlich zu seinem 50. Geburtstag die neue Eventhalle er\u00f6ffnet. Sie umfasst 800 Quadratmeter.\" \/>\n<meta name=\"robots\" content=\"index, follow, max-snippet:-1, max-image-preview:large, max-video-preview:-1\" \/>\n<link rel=\"canonical\" href=\"https:\/\/www.organisator.ch\/fr\/marketing\/2022-05-06\/neue-eventhalle-zum-50-jahr-jubilaeum-des-campus-sursee-eroeffnet\/\" \/>\n<meta property=\"og:locale\" content=\"fr_FR\" \/>\n<meta property=\"og:type\" content=\"article\" \/>\n<meta property=\"og:title\" content=\"Neue Eventhalle zum 50-Jahr-Jubil\u00e4um des Campus Sursee er\u00f6ffnet\" \/>\n<meta property=\"og:description\" content=\"Der Campus Sursee hat am 5. Mai 2022 p\u00fcnktlich zu seinem 50. Geburtstag die neue Eventhalle er\u00f6ffnet. Sie umfasst 800 Quadratmeter.\" \/>\n<meta property=\"og:url\" content=\"https:\/\/www.organisator.ch\/fr\/marketing\/2022-05-06\/neue-eventhalle-zum-50-jahr-jubilaeum-des-campus-sursee-eroeffnet\/\" \/>\n<meta property=\"og:site_name\" content=\"Organisator\" \/>\n<meta property=\"article:publisher\" content=\"https:\/\/www.facebook.com\/OrganisatorFachmagazin\" \/>\n<meta property=\"article:published_time\" content=\"2022-05-06T06:30:06+00:00\" \/>\n<meta property=\"og:image\" content=\"https:\/\/www.organisator.ch\/wp-content\/uploads\/2022\/05\/Neue-Eventhalle-zum-50-Jahr-Jubilaeum-des-Campus-Sursee-eroeffnet_Organisator.jpg\" \/>\n\t<meta property=\"og:image:width\" content=\"680\" \/>\n\t<meta property=\"og:image:height\" content=\"433\" \/>\n\t<meta property=\"og:image:type\" content=\"image\/jpeg\" \/>\n<meta name=\"author\" content=\"thomas.berner\" \/>\n<meta name=\"twitter:card\" content=\"summary_large_image\" \/>\n<meta name=\"twitter:title\" content=\"Neue #Eventhalle zum #50-Jahr-Jubil\u00e4um des Campus Sursee er\u00f6ffnet\" \/>\n<meta name=\"twitter:description\" content=\"Der #Campus Sursee hat am 5. Mai 2022 p\u00fcnktlich zu seinem 50. Geburtstag die neue #Eventhalle er\u00f6ffnet. Sie umfasst 800 Quadratmeter.\" \/>\n<meta name=\"twitter:image\" content=\"https:\/\/www.organisator.ch\/wp-content\/uploads\/2022\/05\/Neue-Eventhalle-zum-50-Jahr-Jubilaeum-des-Campus-Sursee-eroeffnet_Organisator.jpg\" \/>\n<script type=\"application\/ld+json\" class=\"yoast-schema-graph\">{\"@context\":\"https:\\\/\\\/schema.org\",\"@graph\":[{\"@type\":\"Article\",\"@id\":\"https:\\\/\\\/www.organisator.ch\\\/marketing\\\/2022-05-06\\\/neue-eventhalle-zum-50-jahr-jubilaeum-des-campus-sursee-eroeffnet\\\/#article\",\"isPartOf\":{\"@id\":\"https:\\\/\\\/www.organisator.ch\\\/marketing\\\/2022-05-06\\\/neue-eventhalle-zum-50-jahr-jubilaeum-des-campus-sursee-eroeffnet\\\/\"},\"author\":{\"name\":\"thomas.berner\",\"@id\":\"https:\\\/\\\/www.organisator.ch\\\/#\\\/schema\\\/person\\\/6f650f90b2842cd4c0cc334b4e36f67e\"},\"headline\":\"Neue Eventhalle zum 50-Jahr-Jubil\u00e4um des Campus Sursee er\u00f6ffnet\",\"datePublished\":\"2022-05-06T06:30:06+00:00\",\"mainEntityOfPage\":{\"@id\":\"https:\\\/\\\/www.organisator.ch\\\/marketing\\\/2022-05-06\\\/neue-eventhalle-zum-50-jahr-jubilaeum-des-campus-sursee-eroeffnet\\\/\"},\"wordCount\":441,\"publisher\":{\"@id\":\"https:\\\/\\\/www.organisator.ch\\\/#organization\"},\"image\":{\"@id\":\"https:\\\/\\\/www.organisator.ch\\\/marketing\\\/2022-05-06\\\/neue-eventhalle-zum-50-jahr-jubilaeum-des-campus-sursee-eroeffnet\\\/#primaryimage\"},\"thumbnailUrl\":\"https:\\\/\\\/www.organisator.ch\\\/wp-content\\\/uploads\\\/2022\\\/05\\\/Neue-Eventhalle-zum-50-Jahr-Jubilaeum-des-Campus-Sursee-eroeffnet_Organisator.jpg\",\"keywords\":[\"Aus-\\\/Weiterbildung\",\"Bauwirtschaft\",\"Nachhaltige Wirtschaft\",\"Tagungen und Events\"],\"articleSection\":[\"MARKETING\"],\"inLanguage\":\"fr-FR\"},{\"@type\":\"WebPage\",\"@id\":\"https:\\\/\\\/www.organisator.ch\\\/marketing\\\/2022-05-06\\\/neue-eventhalle-zum-50-jahr-jubilaeum-des-campus-sursee-eroeffnet\\\/\",\"url\":\"https:\\\/\\\/www.organisator.ch\\\/marketing\\\/2022-05-06\\\/neue-eventhalle-zum-50-jahr-jubilaeum-des-campus-sursee-eroeffnet\\\/\",\"name\":\"Neue Eventhalle zum 50-Jahr-Jubil\u00e4um des Campus Sursee er\u00f6ffnet - Organisator\",\"isPartOf\":{\"@id\":\"https:\\\/\\\/www.organisator.ch\\\/#website\"},\"primaryImageOfPage\":{\"@id\":\"https:\\\/\\\/www.organisator.ch\\\/marketing\\\/2022-05-06\\\/neue-eventhalle-zum-50-jahr-jubilaeum-des-campus-sursee-eroeffnet\\\/#primaryimage\"},\"image\":{\"@id\":\"https:\\\/\\\/www.organisator.ch\\\/marketing\\\/2022-05-06\\\/neue-eventhalle-zum-50-jahr-jubilaeum-des-campus-sursee-eroeffnet\\\/#primaryimage\"},\"thumbnailUrl\":\"https:\\\/\\\/www.organisator.ch\\\/wp-content\\\/uploads\\\/2022\\\/05\\\/Neue-Eventhalle-zum-50-Jahr-Jubilaeum-des-Campus-Sursee-eroeffnet_Organisator.jpg\",\"datePublished\":\"2022-05-06T06:30:06+00:00\",\"description\":\"Der Campus Sursee hat am 5. Mai 2022 p\u00fcnktlich zu seinem 50. Geburtstag die neue Eventhalle er\u00f6ffnet. Sie umfasst 800 Quadratmeter.\",\"breadcrumb\":{\"@id\":\"https:\\\/\\\/www.organisator.ch\\\/marketing\\\/2022-05-06\\\/neue-eventhalle-zum-50-jahr-jubilaeum-des-campus-sursee-eroeffnet\\\/#breadcrumb\"},\"inLanguage\":\"fr-FR\",\"potentialAction\":[{\"@type\":\"ReadAction\",\"target\":[\"https:\\\/\\\/www.organisator.ch\\\/marketing\\\/2022-05-06\\\/neue-eventhalle-zum-50-jahr-jubilaeum-des-campus-sursee-eroeffnet\\\/\"]}]},{\"@type\":\"ImageObject\",\"inLanguage\":\"fr-FR\",\"@id\":\"https:\\\/\\\/www.organisator.ch\\\/marketing\\\/2022-05-06\\\/neue-eventhalle-zum-50-jahr-jubilaeum-des-campus-sursee-eroeffnet\\\/#primaryimage\",\"url\":\"https:\\\/\\\/www.organisator.ch\\\/wp-content\\\/uploads\\\/2022\\\/05\\\/Neue-Eventhalle-zum-50-Jahr-Jubilaeum-des-Campus-Sursee-eroeffnet_Organisator.jpg\",\"contentUrl\":\"https:\\\/\\\/www.organisator.ch\\\/wp-content\\\/uploads\\\/2022\\\/05\\\/Neue-Eventhalle-zum-50-Jahr-Jubilaeum-des-Campus-Sursee-eroeffnet_Organisator.jpg\",\"width\":680,\"height\":433,\"caption\":\"Die neue Eventhalle des Campus Sursee bietet Platz f\u00fcr 1000 Personen und wird von einer 600 Quadratmeter grossen Photovoltaikanlage mit Strom versorgt. Sie ist individuell nutzbar f\u00fcr Ausstellungen, Tagungen, Kongresse oder Messen. (Bild: Campus Sursee)\"},{\"@type\":\"BreadcrumbList\",\"@id\":\"https:\\\/\\\/www.organisator.ch\\\/marketing\\\/2022-05-06\\\/neue-eventhalle-zum-50-jahr-jubilaeum-des-campus-sursee-eroeffnet\\\/#breadcrumb\",\"itemListElement\":[{\"@type\":\"ListItem\",\"position\":1,\"name\":\"Home\",\"item\":\"https:\\\/\\\/www.organisator.ch\\\/\"},{\"@type\":\"ListItem\",\"position\":2,\"name\":\"Neue Eventhalle zum 50-Jahr-Jubil\u00e4um des Campus Sursee er\u00f6ffnet\"}]},{\"@type\":\"WebSite\",\"@id\":\"https:\\\/\\\/www.organisator.ch\\\/#website\",\"url\":\"https:\\\/\\\/www.organisator.ch\\\/\",\"name\":\"Organisator\",\"description\":\"Kompetent. Praxisnah. Der ORGANISATOR bereitet in 10 Ausgaben pro Jahr die wesentlichen Themen f\u00fcr F\u00fchrungskr\u00e4fte von KMU auf.\",\"publisher\":{\"@id\":\"https:\\\/\\\/www.organisator.ch\\\/#organization\"},\"potentialAction\":[{\"@type\":\"SearchAction\",\"target\":{\"@type\":\"EntryPoint\",\"urlTemplate\":\"https:\\\/\\\/www.organisator.ch\\\/?s={search_term_string}\"},\"query-input\":{\"@type\":\"PropertyValueSpecification\",\"valueRequired\":true,\"valueName\":\"search_term_string\"}}],\"inLanguage\":\"fr-FR\"},{\"@type\":\"Organization\",\"@id\":\"https:\\\/\\\/www.organisator.ch\\\/#organization\",\"name\":\"Organisator\",\"url\":\"https:\\\/\\\/www.organisator.ch\\\/\",\"logo\":{\"@type\":\"ImageObject\",\"inLanguage\":\"fr-FR\",\"@id\":\"https:\\\/\\\/www.organisator.ch\\\/#\\\/schema\\\/logo\\\/image\\\/\",\"url\":\"https:\\\/\\\/www.organisator.ch\\\/wp-content\\\/uploads\\\/2022\\\/01\\\/Logo_Organisator_Website.png\",\"contentUrl\":\"https:\\\/\\\/www.organisator.ch\\\/wp-content\\\/uploads\\\/2022\\\/01\\\/Logo_Organisator_Website.png\",\"width\":800,\"height\":77,\"caption\":\"Organisator\"},\"image\":{\"@id\":\"https:\\\/\\\/www.organisator.ch\\\/#\\\/schema\\\/logo\\\/image\\\/\"},\"sameAs\":[\"https:\\\/\\\/www.facebook.com\\\/OrganisatorFachmagazin\",\"https:\\\/\\\/www.linkedin.com\\\/showcase\\\/organisator-das-magazin-fr-kmu\",\"https:\\\/\\\/www.xing.com\\\/news\\\/pages\\\/organisator-ch-695\",\"https:\\\/\\\/www.youtube.com\\\/channel\\\/UCGP2Sq0iWaZwT3BdIAQFYpw\"]},{\"@type\":\"Person\",\"@id\":\"https:\\\/\\\/www.organisator.ch\\\/#\\\/schema\\\/person\\\/6f650f90b2842cd4c0cc334b4e36f67e\",\"name\":\"thomas.berner\",\"image\":{\"@type\":\"ImageObject\",\"inLanguage\":\"fr-FR\",\"@id\":\"https:\\\/\\\/secure.gravatar.com\\\/avatar\\\/ac5001d2a36cb6c6cd3e50789007ffca834b477b74a2144564522e944eabff61?s=96&d=mm&r=g\",\"url\":\"https:\\\/\\\/secure.gravatar.com\\\/avatar\\\/ac5001d2a36cb6c6cd3e50789007ffca834b477b74a2144564522e944eabff61?s=96&d=mm&r=g\",\"contentUrl\":\"https:\\\/\\\/secure.gravatar.com\\\/avatar\\\/ac5001d2a36cb6c6cd3e50789007ffca834b477b74a2144564522e944eabff61?s=96&d=mm&r=g\",\"caption\":\"thomas.berner\"},\"url\":\"https:\\\/\\\/www.organisator.ch\\\/fr\\\/author\\\/thomas-berner\\\/\"}]}<\/script>\n<!-- \/ Yoast SEO plugin. -->","yoast_head_json":{"title":"Inauguration de la nouvelle salle de spectacle pour le 50e anniversaire du campus de Sursee - Organisateur","description":"Le 5 mai 2022, le campus de Sursee a inaugur\u00e9 sa nouvelle halle \u00e9v\u00e9nementielle, juste \u00e0 temps pour son 50e anniversaire. Elle s'\u00e9tend sur 800 m\u00e8tres carr\u00e9s.","robots":{"index":"index","follow":"follow","max-snippet":"max-snippet:-1","max-image-preview":"max-image-preview:large","max-video-preview":"max-video-preview:-1"},"canonical":"https:\/\/www.organisator.ch\/fr\/marketing\/2022-05-06\/neue-eventhalle-zum-50-jahr-jubilaeum-des-campus-sursee-eroeffnet\/","og_locale":"fr_FR","og_type":"article","og_title":"Neue Eventhalle zum 50-Jahr-Jubil\u00e4um des Campus Sursee er\u00f6ffnet","og_description":"Der Campus Sursee hat am 5. Mai 2022 p\u00fcnktlich zu seinem 50. Geburtstag die neue Eventhalle er\u00f6ffnet. Sie umfasst 800 Quadratmeter.","og_url":"https:\/\/www.organisator.ch\/fr\/marketing\/2022-05-06\/neue-eventhalle-zum-50-jahr-jubilaeum-des-campus-sursee-eroeffnet\/","og_site_name":"Organisator","article_publisher":"https:\/\/www.facebook.com\/OrganisatorFachmagazin","article_published_time":"2022-05-06T06:30:06+00:00","og_image":[{"width":680,"height":433,"url":"https:\/\/www.organisator.ch\/wp-content\/uploads\/2022\/05\/Neue-Eventhalle-zum-50-Jahr-Jubilaeum-des-Campus-Sursee-eroeffnet_Organisator.jpg","type":"image\/jpeg"}],"author":"thomas.berner","twitter_card":"summary_large_image","twitter_title":"Neue #Eventhalle zum #50-Jahr-Jubil\u00e4um des Campus Sursee er\u00f6ffnet","twitter_description":"Der #Campus Sursee hat am 5. Mai 2022 p\u00fcnktlich zu seinem 50. Geburtstag die neue #Eventhalle er\u00f6ffnet. Sie umfasst 800 Quadratmeter.","twitter_image":"https:\/\/www.organisator.ch\/wp-content\/uploads\/2022\/05\/Neue-Eventhalle-zum-50-Jahr-Jubilaeum-des-Campus-Sursee-eroeffnet_Organisator.jpg","schema":{"@context":"https:\/\/schema.org","@graph":[{"@type":"Article","@id":"https:\/\/www.organisator.ch\/marketing\/2022-05-06\/neue-eventhalle-zum-50-jahr-jubilaeum-des-campus-sursee-eroeffnet\/#article","isPartOf":{"@id":"https:\/\/www.organisator.ch\/marketing\/2022-05-06\/neue-eventhalle-zum-50-jahr-jubilaeum-des-campus-sursee-eroeffnet\/"},"author":{"name":"thomas.berner","@id":"https:\/\/www.organisator.ch\/#\/schema\/person\/6f650f90b2842cd4c0cc334b4e36f67e"},"headline":"Neue Eventhalle zum 50-Jahr-Jubil\u00e4um des Campus Sursee er\u00f6ffnet","datePublished":"2022-05-06T06:30:06+00:00","mainEntityOfPage":{"@id":"https:\/\/www.organisator.ch\/marketing\/2022-05-06\/neue-eventhalle-zum-50-jahr-jubilaeum-des-campus-sursee-eroeffnet\/"},"wordCount":441,"publisher":{"@id":"https:\/\/www.organisator.ch\/#organization"},"image":{"@id":"https:\/\/www.organisator.ch\/marketing\/2022-05-06\/neue-eventhalle-zum-50-jahr-jubilaeum-des-campus-sursee-eroeffnet\/#primaryimage"},"thumbnailUrl":"https:\/\/www.organisator.ch\/wp-content\/uploads\/2022\/05\/Neue-Eventhalle-zum-50-Jahr-Jubilaeum-des-Campus-Sursee-eroeffnet_Organisator.jpg","keywords":["Aus-\/Weiterbildung","Bauwirtschaft","Nachhaltige Wirtschaft","Tagungen und Events"],"articleSection":["MARKETING"],"inLanguage":"fr-FR"},{"@type":"WebPage","@id":"https:\/\/www.organisator.ch\/marketing\/2022-05-06\/neue-eventhalle-zum-50-jahr-jubilaeum-des-campus-sursee-eroeffnet\/","url":"https:\/\/www.organisator.ch\/marketing\/2022-05-06\/neue-eventhalle-zum-50-jahr-jubilaeum-des-campus-sursee-eroeffnet\/","name":"Inauguration de la nouvelle salle de spectacle pour le 50e anniversaire du campus de Sursee - Organisateur","isPartOf":{"@id":"https:\/\/www.organisator.ch\/#website"},"primaryImageOfPage":{"@id":"https:\/\/www.organisator.ch\/marketing\/2022-05-06\/neue-eventhalle-zum-50-jahr-jubilaeum-des-campus-sursee-eroeffnet\/#primaryimage"},"image":{"@id":"https:\/\/www.organisator.ch\/marketing\/2022-05-06\/neue-eventhalle-zum-50-jahr-jubilaeum-des-campus-sursee-eroeffnet\/#primaryimage"},"thumbnailUrl":"https:\/\/www.organisator.ch\/wp-content\/uploads\/2022\/05\/Neue-Eventhalle-zum-50-Jahr-Jubilaeum-des-Campus-Sursee-eroeffnet_Organisator.jpg","datePublished":"2022-05-06T06:30:06+00:00","description":"Le 5 mai 2022, le campus de Sursee a inaugur\u00e9 sa nouvelle halle \u00e9v\u00e9nementielle, juste \u00e0 temps pour son 50e anniversaire. Elle s'\u00e9tend sur 800 m\u00e8tres carr\u00e9s.","breadcrumb":{"@id":"https:\/\/www.organisator.ch\/marketing\/2022-05-06\/neue-eventhalle-zum-50-jahr-jubilaeum-des-campus-sursee-eroeffnet\/#breadcrumb"},"inLanguage":"fr-FR","potentialAction":[{"@type":"ReadAction","target":["https:\/\/www.organisator.ch\/marketing\/2022-05-06\/neue-eventhalle-zum-50-jahr-jubilaeum-des-campus-sursee-eroeffnet\/"]}]},{"@type":"ImageObject","inLanguage":"fr-FR","@id":"https:\/\/www.organisator.ch\/marketing\/2022-05-06\/neue-eventhalle-zum-50-jahr-jubilaeum-des-campus-sursee-eroeffnet\/#primaryimage","url":"https:\/\/www.organisator.ch\/wp-content\/uploads\/2022\/05\/Neue-Eventhalle-zum-50-Jahr-Jubilaeum-des-Campus-Sursee-eroeffnet_Organisator.jpg","contentUrl":"https:\/\/www.organisator.ch\/wp-content\/uploads\/2022\/05\/Neue-Eventhalle-zum-50-Jahr-Jubilaeum-des-Campus-Sursee-eroeffnet_Organisator.jpg","width":680,"height":433,"caption":"Die neue Eventhalle des Campus Sursee bietet Platz f\u00fcr 1000 Personen und wird von einer 600 Quadratmeter grossen Photovoltaikanlage mit Strom versorgt. Sie ist individuell nutzbar f\u00fcr Ausstellungen, Tagungen, Kongresse oder Messen. (Bild: Campus Sursee)"},{"@type":"BreadcrumbList","@id":"https:\/\/www.organisator.ch\/marketing\/2022-05-06\/neue-eventhalle-zum-50-jahr-jubilaeum-des-campus-sursee-eroeffnet\/#breadcrumb","itemListElement":[{"@type":"ListItem","position":1,"name":"Home","item":"https:\/\/www.organisator.ch\/"},{"@type":"ListItem","position":2,"name":"Neue Eventhalle zum 50-Jahr-Jubil\u00e4um des Campus Sursee er\u00f6ffnet"}]},{"@type":"WebSite","@id":"https:\/\/www.organisator.ch\/#website","url":"https:\/\/www.organisator.ch\/","name":"Organisateur","description":"Comp\u00e9tence et comp\u00e9tence. Proches de la pratique. L'ORGANISATEUR pr\u00e9pare 10 num\u00e9ros par an sur les th\u00e8mes essentiels pour les dirigeants de PME.","publisher":{"@id":"https:\/\/www.organisator.ch\/#organization"},"potentialAction":[{"@type":"SearchAction","target":{"@type":"EntryPoint","urlTemplate":"https:\/\/www.organisator.ch\/?s={search_term_string}"},"query-input":{"@type":"PropertyValueSpecification","valueRequired":true,"valueName":"search_term_string"}}],"inLanguage":"fr-FR"},{"@type":"Organization","@id":"https:\/\/www.organisator.ch\/#organization","name":"Organisateur","url":"https:\/\/www.organisator.ch\/","logo":{"@type":"ImageObject","inLanguage":"fr-FR","@id":"https:\/\/www.organisator.ch\/#\/schema\/logo\/image\/","url":"https:\/\/www.organisator.ch\/wp-content\/uploads\/2022\/01\/Logo_Organisator_Website.png","contentUrl":"https:\/\/www.organisator.ch\/wp-content\/uploads\/2022\/01\/Logo_Organisator_Website.png","width":800,"height":77,"caption":"Organisator"},"image":{"@id":"https:\/\/www.organisator.ch\/#\/schema\/logo\/image\/"},"sameAs":["https:\/\/www.facebook.com\/OrganisatorFachmagazin","https:\/\/www.linkedin.com\/showcase\/organisator-das-magazin-fr-kmu","https:\/\/www.xing.com\/news\/pages\/organisator-ch-695","https:\/\/www.youtube.com\/channel\/UCGP2Sq0iWaZwT3BdIAQFYpw"]},{"@type":"Person","@id":"https:\/\/www.organisator.ch\/#\/schema\/person\/6f650f90b2842cd4c0cc334b4e36f67e","name":"thomas.berner","image":{"@type":"ImageObject","inLanguage":"fr-FR","@id":"https:\/\/secure.gravatar.com\/avatar\/ac5001d2a36cb6c6cd3e50789007ffca834b477b74a2144564522e944eabff61?s=96&d=mm&r=g","url":"https:\/\/secure.gravatar.com\/avatar\/ac5001d2a36cb6c6cd3e50789007ffca834b477b74a2144564522e944eabff61?s=96&d=mm&r=g","contentUrl":"https:\/\/secure.gravatar.com\/avatar\/ac5001d2a36cb6c6cd3e50789007ffca834b477b74a2144564522e944eabff61?s=96&d=mm&r=g","caption":"thomas.berner"},"url":"https:\/\/www.organisator.ch\/fr\/author\/thomas-berner\/"}]}},"_links":{"self":[{"href":"https:\/\/www.organisator.ch\/fr\/wp-json\/wp\/v2\/posts\/12804","targetHints":{"allow":["GET"]}}],"collection":[{"href":"https:\/\/www.organisator.ch\/fr\/wp-json\/wp\/v2\/posts"}],"about":[{"href":"https:\/\/www.organisator.ch\/fr\/wp-json\/wp\/v2\/types\/post"}],"author":[{"embeddable":true,"href":"https:\/\/www.organisator.ch\/fr\/wp-json\/wp\/v2\/users\/4"}],"replies":[{"embeddable":true,"href":"https:\/\/www.organisator.ch\/fr\/wp-json\/wp\/v2\/comments?post=12804"}],"version-history":[{"count":1,"href":"https:\/\/www.organisator.ch\/fr\/wp-json\/wp\/v2\/posts\/12804\/revisions"}],"predecessor-version":[{"id":12806,"href":"https:\/\/www.organisator.ch\/fr\/wp-json\/wp\/v2\/posts\/12804\/revisions\/12806"}],"wp:featuredmedia":[{"embeddable":true,"href":"https:\/\/www.organisator.ch\/fr\/wp-json\/wp\/v2\/media\/12805"}],"wp:attachment":[{"href":"https:\/\/www.organisator.ch\/fr\/wp-json\/wp\/v2\/media?parent=12804"}],"wp:term":[{"taxonomy":"category","embeddable":true,"href":"https:\/\/www.organisator.ch\/fr\/wp-json\/wp\/v2\/categories?post=12804"},{"taxonomy":"post_tag","embeddable":true,"href":"https:\/\/www.organisator.ch\/fr\/wp-json\/wp\/v2\/tags?post=12804"}],"curies":[{"name":"wp","href":"https:\/\/api.w.org\/{rel}","templated":true}]}}