{"id":12827,"date":"2022-05-10T08:48:25","date_gmt":"2022-05-10T06:48:25","guid":{"rendered":"https:\/\/www.m-q.ch\/?p=16335"},"modified":"2022-08-01T15:13:11","modified_gmt":"2022-08-01T13:13:11","slug":"oeffentliche-institutionen-im-visier-von-wirtschaftskriminellen","status":"publish","type":"post","link":"https:\/\/www.organisator.ch\/fr\/operational-excellence\/2022-05-10\/oeffentliche-institutionen-im-visier-von-wirtschaftskriminellen\/","title":{"rendered":"Les institutions publiques dans le collimateur des criminels \u00e9conomiques"},"content":{"rendered":"<figure id=\"attachment_16337\" class=\"wp-caption alignnone\" style=\"width: 680px\" aria-describedby=\"caption-attachment-16337\"><img class=\"alignnone wp-image-16337 size-full\" src=\"https:\/\/www.m-q.ch\/wp-content\/uploads\/2022\/05\/Oeffentliche-Institutionen-im-Visier-von-Wirtschaftskriminellen-1_MQ.jpg\" alt=\"Public\" width=\"680\" height=\"480\" \/><figcaption id=\"caption-attachment-16337\" class=\"wp-caption-text\">Les criminels \u00e9conomiques ont particuli\u00e8rement cibl\u00e9 les institutions publiques en 2021. (Image : Pixabay.com)<\/figcaption><\/figure>\r\nSelon le dernier \"KPMG Forensic Fraud Barometer\", les tribunaux suisses ont trait\u00e9 68 cas de criminalit\u00e9 \u00e9conomique en 2021. Le pr\u00e9judice total de 567 millions de francs, y compris un cas de 300 millions de francs, \u00e9tait de 37 % sup\u00e9rieur \u00e0 celui de l'ann\u00e9e pr\u00e9c\u00e9dente. Les chiffres r\u00e9els devraient \u00eatre bien plus \u00e9lev\u00e9s, car de nombreux cas ne sont m\u00eame pas d\u00e9nonc\u00e9s. Le Forensic Fraud Barometer de KPMG recense chaque ann\u00e9e les affaires judiciaires trait\u00e9es publiquement et publi\u00e9es dans les m\u00e9dias. Sont pris en compte les cas dont le montant du d\u00e9lit est sup\u00e9rieur \u00e0 50 000 CHF.\r\n<h2><strong>Les institutions publiques les plus touch\u00e9es par la criminalit\u00e9 \u00e9conomique<\/strong><\/h2>\r\nAvec 25 des 68 cas trait\u00e9s par les tribunaux, les institutions publiques ont \u00e9t\u00e9 particuli\u00e8rement cibl\u00e9es par les criminels \u00e9conomiques. Dans sept cas, des condamnations ont \u00e9t\u00e9 prononc\u00e9es en rapport avec des cr\u00e9dits Covid 19 obtenus ill\u00e9galement. \"Je suppose qu'en raison d'un effet diff\u00e9r\u00e9, nous verrons d'autres cas de ce type dans les prochaines \u00e9ditions de notre barom\u00e8tre de la fraude\", explique Anne van Heerden, responsable de la criminalistique chez KPMG.\r\n<figure id=\"attachment_16338\" class=\"wp-caption alignnone\" style=\"width: 680px\" aria-describedby=\"caption-attachment-16338\"><img class=\"alignnone wp-image-16338 size-full\" src=\"https:\/\/www.m-q.ch\/wp-content\/uploads\/2022\/05\/Oeffentliche-Institutionen-im-Visier-von-Wirtschaftskriminellen-2_MQ.jpg\" alt=\"Public\" width=\"680\" height=\"430\" \/><figcaption id=\"caption-attachment-16338\" class=\"wp-caption-text\">(Source : KPMG)<\/figcaption><\/figure>\r\nLes institutions financi\u00e8res n'ont \u00e9t\u00e9 victimes que de trois cas, dont un seul cas de fraude de 300 millions de francs suisses, soit plus de la moiti\u00e9 du montant total des dommages pour 2021.\r\n<h2><strong>Les particuliers sont le plus grand groupe de d\u00e9linquants<\/strong><\/h2>\r\nEn 2021, les escrocs professionnels ont \u00e9t\u00e9 remplac\u00e9s par des particuliers en tant que plus grand groupe de d\u00e9linquants. Avec 23 des 68 d\u00e9lits \u00e9conomiques trait\u00e9s, ce groupe en repr\u00e9sente un tiers. Le montant moyen des d\u00e9lits s'\u00e9levait \u00e0 environ 700 000 CHF. Avec 18 cas repr\u00e9sentant un montant total de d\u00e9lits de plus de 123 millions de CHF, les employ\u00e9s occupant des fonctions dirigeantes (\"management\") constituaient le deuxi\u00e8me groupe d'auteurs le plus important. Le montant moyen du d\u00e9lit par cas s'\u00e9levait \u00e0 pr\u00e8s de 7 millions de CHF, soit environ dix fois plus que pour le groupe de d\u00e9linquants des personnes priv\u00e9es.\r\n<figure id=\"attachment_16339\" class=\"wp-caption alignnone\" style=\"width: 680px\" aria-describedby=\"caption-attachment-16339\"><img class=\"alignnone wp-image-16339 size-full\" src=\"https:\/\/www.m-q.ch\/wp-content\/uploads\/2022\/05\/Oeffentliche-Institutionen-im-Visier-von-Wirtschaftskriminellen-3_MQ.jpg\" alt=\"Public\" width=\"680\" height=\"425\" \/><figcaption id=\"caption-attachment-16339\" class=\"wp-caption-text\">(Source : KPMG)<\/figcaption><\/figure>\r\n\"Les montants des d\u00e9lits caus\u00e9s par le management sont en g\u00e9n\u00e9ral plus \u00e9lev\u00e9s que pour les particuliers ou les collaborateurs. D'une part, ce groupe de d\u00e9linquants dispose souvent d'informations privil\u00e9gi\u00e9es et, d'autre part, il est en position de force pour utiliser ces informations \u00e0 des fins criminelles\", explique Anne van Heerden.\r\n<h2><strong>Le plus grand nombre de cas \u00e0 Zurich, le plus grand nombre \u00e0 Bellinzone<\/strong><\/h2>\r\nZurich a \u00e9t\u00e9 la r\u00e9gion la plus touch\u00e9e par la criminalit\u00e9 \u00e9conomique l'ann\u00e9e derni\u00e8re : avec 22 cas sur 68, pr\u00e8s d'un tiers des d\u00e9lits jug\u00e9s l'ont \u00e9t\u00e9 dans cette r\u00e9gion, contre huit l'ann\u00e9e pr\u00e9c\u00e9dente. Dans la r\u00e9gion l\u00e9manique, qui avait enregistr\u00e9 le plus grand nombre de d\u00e9lits \u00e9conomiques l'ann\u00e9e pr\u00e9c\u00e9dente (19), seuls six cas ont \u00e9t\u00e9 jug\u00e9s en 2021.\r\n\r\nLes plus grands cas de criminalit\u00e9 \u00e9conomique ont \u00e9t\u00e9 trait\u00e9s au Tribunal p\u00e9nal f\u00e9d\u00e9ral de Bellinzone, dont le plus grand cas avec un montant de d\u00e9lit de 300 millions de CHF.\r\n<h2><strong>Fraude \u00e0 l'assurance (sociale) la plus fr\u00e9quente<\/strong><\/h2>\r\nLe type de d\u00e9lit le plus fr\u00e9quent en 2021, avec 20 cas, \u00e9tait la fraude \u00e0 l'assurance (sociale), qui a fait l'objet de beaucoup plus d'actions en justice que l'ann\u00e9e pr\u00e9c\u00e9dente (2020 : 8 cas). Cela s'explique notamment par les sept cas de fraude li\u00e9s aux cr\u00e9dits Covid-19 mentionn\u00e9s plus t\u00f4t. \"Les criminels \u00e9conomiques tentent d'exploiter imm\u00e9diatement et de mani\u00e8re cibl\u00e9e les nouveaux cadres juridiques et les lacunes du syst\u00e8me \u00e0 leurs fins\", explique Anne van Heerden, experte en criminalistique. \"Sans surprise, cela a \u00e9galement \u00e9t\u00e9 le cas pour les cr\u00e9dits Covid 19\". L'ann\u00e9e derni\u00e8re, les proc\u00e8s pour escroquerie ont \u00e9galement connu une forte augmentation. Dans ce cas, les auteurs convainquent par exemple la victime, sous de faux pr\u00e9textes, d'effectuer un paiement anticip\u00e9, qui n'est toutefois pas suivi de la prestation convenue ou promise.\r\n\r\n<em>Source et informations compl\u00e9mentaires : <a href=\"http:\/\/www.kpmg.ch\/\">KPMG<\/a><\/em>\n<p class=\"syndicated-attribution\">Cet article est paru initialement sur m-q.ch - <a href=\"https:\/\/www.m-q.ch\/de\/oeffentliche-institutionen-im-visier-von-wirtschaftskriminellen16335-2\/\" target=\"_blank\">https:\/\/www.m-q.ch\/de\/oeffentliche-institutionen-im-visier-von-wirtschaftskriminellen16335-2\/<\/a><\/p>","protected":false},"excerpt":{"rendered":"<p>Gem\u00e4ss dem neusten \u201eKPMG Forensic Fraud Barometer\u201c befassten sich Schweizer Gerichte in 2021 mit 68 F\u00e4llen von Wirtschaftskriminalit\u00e4t. Der Gesamtschaden von CHF 567 Mio. lag inklusive eines 300 Mio. Franken schweren Falls um 37 Prozent h\u00f6her als im Vorjahr. Die tats\u00e4chlichen Zahlen d\u00fcrften wesentlich h\u00f6her liegen, da viele F\u00e4lle gar nicht erst zur Anzeige gebracht [\u2026]<\/p>\n","protected":false},"author":8,"featured_media":0,"comment_status":"closed","ping_status":"closed","sticky":false,"template":"","format":"standard","meta":{"_acf_changed":false,"_yoast_wpseo_focuskw":"\u00d6ffentliche","_yoast_wpseo_metadesc":"2021 haben Schweizer Gerichte 68 F\u00e4lle von Wirtschaftskriminalit\u00e4t beurteilt, darunter auch sieben F\u00e4lle im Zusammenhang mit Covid-19-Krediten.","articlekey":"","footnotes":""},"categories":[582],"tags":[3233],"class_list":["post-12827","post","type-post","status-publish","format-standard","hentry","category-operational-excellence","tag-oeffentliche"],"acf":[],"yoast_head":"<!-- This site is optimized with the Yoast SEO plugin v27.5 - https:\/\/yoast.com\/product\/yoast-seo-wordpress\/ -->\n<title>\u00d6ffentliche Institutionen im Visier von Wirtschaftskriminellen - Organisator<\/title>\n<meta name=\"description\" content=\"2021 haben Schweizer Gerichte 68 F\u00e4lle von Wirtschaftskriminalit\u00e4t beurteilt, darunter auch sieben F\u00e4lle im Zusammenhang mit Covid-19-Krediten.\" \/>\n<meta name=\"robots\" content=\"index, follow, max-snippet:-1, max-image-preview:large, max-video-preview:-1\" \/>\n<link rel=\"canonical\" href=\"https:\/\/www.m-q.ch\/de\/oeffentliche-institutionen-im-visier-von-wirtschaftskriminellen16335-2\/\" \/>\n<meta property=\"og:locale\" content=\"fr_FR\" \/>\n<meta property=\"og:type\" content=\"article\" \/>\n<meta property=\"og:title\" content=\"\u00d6ffentliche Institutionen im Visier von Wirtschaftskriminellen - Organisator\" \/>\n<meta property=\"og:description\" content=\"2021 haben Schweizer Gerichte 68 F\u00e4lle von Wirtschaftskriminalit\u00e4t beurteilt, darunter auch sieben F\u00e4lle im Zusammenhang mit Covid-19-Krediten.\" \/>\n<meta property=\"og:url\" content=\"https:\/\/www.m-q.ch\/de\/oeffentliche-institutionen-im-visier-von-wirtschaftskriminellen16335-2\/\" \/>\n<meta property=\"og:site_name\" content=\"Organisator\" \/>\n<meta property=\"article:publisher\" content=\"https:\/\/www.facebook.com\/OrganisatorFachmagazin\" \/>\n<meta property=\"article:published_time\" content=\"2022-05-10T06:48:25+00:00\" \/>\n<meta property=\"article:modified_time\" content=\"2022-08-01T13:13:11+00:00\" \/>\n<meta property=\"og:image\" content=\"https:\/\/www.m-q.ch\/wp-content\/uploads\/2022\/05\/Oeffentliche-Institutionen-im-Visier-von-Wirtschaftskriminellen-1_MQ.jpg\" \/>\n<meta name=\"author\" content=\"galledia\" \/>\n<meta name=\"twitter:card\" content=\"summary_large_image\" \/>\n<meta name=\"twitter:creator\" content=\"@admin\" \/>\n<script type=\"application\/ld+json\" class=\"yoast-schema-graph\">{\"@context\":\"https:\\\/\\\/schema.org\",\"@graph\":[{\"@type\":\"Article\",\"@id\":\"https:\\\/\\\/www.m-q.ch\\\/de\\\/oeffentliche-institutionen-im-visier-von-wirtschaftskriminellen16335-2\\\/#article\",\"isPartOf\":{\"@id\":\"https:\\\/\\\/www.organisator.ch\\\/operational-excellence\\\/2022-05-10\\\/oeffentliche-institutionen-im-visier-von-wirtschaftskriminellen\\\/\"},\"author\":{\"name\":\"galledia\",\"@id\":\"https:\\\/\\\/www.organisator.ch\\\/#\\\/schema\\\/person\\\/4e51799071cd2dd1232ac003643ef5f0\"},\"headline\":\"\u00d6ffentliche Institutionen im Visier von Wirtschaftskriminellen\",\"datePublished\":\"2022-05-10T06:48:25+00:00\",\"dateModified\":\"2022-08-01T13:13:11+00:00\",\"mainEntityOfPage\":{\"@id\":\"https:\\\/\\\/www.organisator.ch\\\/operational-excellence\\\/2022-05-10\\\/oeffentliche-institutionen-im-visier-von-wirtschaftskriminellen\\\/\"},\"wordCount\":603,\"publisher\":{\"@id\":\"https:\\\/\\\/www.organisator.ch\\\/#organization\"},\"image\":{\"@id\":\"https:\\\/\\\/www.m-q.ch\\\/de\\\/oeffentliche-institutionen-im-visier-von-wirtschaftskriminellen16335-2\\\/#primaryimage\"},\"thumbnailUrl\":\"https:\\\/\\\/www.m-q.ch\\\/wp-content\\\/uploads\\\/2022\\\/05\\\/Oeffentliche-Institutionen-im-Visier-von-Wirtschaftskriminellen-1_MQ.jpg\",\"keywords\":[\"\u00d6ffentliche\"],\"articleSection\":[\"OPERATIONAL EXCELLENCE\"],\"inLanguage\":\"fr-FR\"},{\"@type\":\"WebPage\",\"@id\":\"https:\\\/\\\/www.organisator.ch\\\/operational-excellence\\\/2022-05-10\\\/oeffentliche-institutionen-im-visier-von-wirtschaftskriminellen\\\/\",\"url\":\"https:\\\/\\\/www.m-q.ch\\\/de\\\/oeffentliche-institutionen-im-visier-von-wirtschaftskriminellen16335-2\\\/\",\"name\":\"\u00d6ffentliche Institutionen im Visier von Wirtschaftskriminellen - Organisator\",\"isPartOf\":{\"@id\":\"https:\\\/\\\/www.organisator.ch\\\/#website\"},\"primaryImageOfPage\":{\"@id\":\"https:\\\/\\\/www.m-q.ch\\\/de\\\/oeffentliche-institutionen-im-visier-von-wirtschaftskriminellen16335-2\\\/#primaryimage\"},\"image\":{\"@id\":\"https:\\\/\\\/www.m-q.ch\\\/de\\\/oeffentliche-institutionen-im-visier-von-wirtschaftskriminellen16335-2\\\/#primaryimage\"},\"thumbnailUrl\":\"https:\\\/\\\/www.m-q.ch\\\/wp-content\\\/uploads\\\/2022\\\/05\\\/Oeffentliche-Institutionen-im-Visier-von-Wirtschaftskriminellen-1_MQ.jpg\",\"datePublished\":\"2022-05-10T06:48:25+00:00\",\"dateModified\":\"2022-08-01T13:13:11+00:00\",\"description\":\"2021 haben Schweizer Gerichte 68 F\u00e4lle von Wirtschaftskriminalit\u00e4t beurteilt, darunter auch sieben F\u00e4lle im Zusammenhang mit Covid-19-Krediten.\",\"breadcrumb\":{\"@id\":\"https:\\\/\\\/www.m-q.ch\\\/de\\\/oeffentliche-institutionen-im-visier-von-wirtschaftskriminellen16335-2\\\/#breadcrumb\"},\"inLanguage\":\"fr-FR\",\"potentialAction\":[{\"@type\":\"ReadAction\",\"target\":[\"https:\\\/\\\/www.m-q.ch\\\/de\\\/oeffentliche-institutionen-im-visier-von-wirtschaftskriminellen16335-2\\\/\"]}]},{\"@type\":\"ImageObject\",\"inLanguage\":\"fr-FR\",\"@id\":\"https:\\\/\\\/www.m-q.ch\\\/de\\\/oeffentliche-institutionen-im-visier-von-wirtschaftskriminellen16335-2\\\/#primaryimage\",\"url\":\"https:\\\/\\\/www.m-q.ch\\\/wp-content\\\/uploads\\\/2022\\\/05\\\/Oeffentliche-Institutionen-im-Visier-von-Wirtschaftskriminellen-1_MQ.jpg\",\"contentUrl\":\"https:\\\/\\\/www.m-q.ch\\\/wp-content\\\/uploads\\\/2022\\\/05\\\/Oeffentliche-Institutionen-im-Visier-von-Wirtschaftskriminellen-1_MQ.jpg\"},{\"@type\":\"BreadcrumbList\",\"@id\":\"https:\\\/\\\/www.m-q.ch\\\/de\\\/oeffentliche-institutionen-im-visier-von-wirtschaftskriminellen16335-2\\\/#breadcrumb\",\"itemListElement\":[{\"@type\":\"ListItem\",\"position\":1,\"name\":\"Home\",\"item\":\"https:\\\/\\\/www.organisator.ch\\\/\"},{\"@type\":\"ListItem\",\"position\":2,\"name\":\"\u00d6ffentliche Institutionen im Visier von Wirtschaftskriminellen\"}]},{\"@type\":\"WebSite\",\"@id\":\"https:\\\/\\\/www.organisator.ch\\\/#website\",\"url\":\"https:\\\/\\\/www.organisator.ch\\\/\",\"name\":\"Organisator\",\"description\":\"Kompetent. Praxisnah. Der ORGANISATOR bereitet in 10 Ausgaben pro Jahr die wesentlichen Themen f\u00fcr F\u00fchrungskr\u00e4fte von KMU auf.\",\"publisher\":{\"@id\":\"https:\\\/\\\/www.organisator.ch\\\/#organization\"},\"potentialAction\":[{\"@type\":\"SearchAction\",\"target\":{\"@type\":\"EntryPoint\",\"urlTemplate\":\"https:\\\/\\\/www.organisator.ch\\\/?s={search_term_string}\"},\"query-input\":{\"@type\":\"PropertyValueSpecification\",\"valueRequired\":true,\"valueName\":\"search_term_string\"}}],\"inLanguage\":\"fr-FR\"},{\"@type\":\"Organization\",\"@id\":\"https:\\\/\\\/www.organisator.ch\\\/#organization\",\"name\":\"Organisator\",\"url\":\"https:\\\/\\\/www.organisator.ch\\\/\",\"logo\":{\"@type\":\"ImageObject\",\"inLanguage\":\"fr-FR\",\"@id\":\"https:\\\/\\\/www.organisator.ch\\\/#\\\/schema\\\/logo\\\/image\\\/\",\"url\":\"https:\\\/\\\/www.organisator.ch\\\/wp-content\\\/uploads\\\/2022\\\/01\\\/Logo_Organisator_Website.png\",\"contentUrl\":\"https:\\\/\\\/www.organisator.ch\\\/wp-content\\\/uploads\\\/2022\\\/01\\\/Logo_Organisator_Website.png\",\"width\":800,\"height\":77,\"caption\":\"Organisator\"},\"image\":{\"@id\":\"https:\\\/\\\/www.organisator.ch\\\/#\\\/schema\\\/logo\\\/image\\\/\"},\"sameAs\":[\"https:\\\/\\\/www.facebook.com\\\/OrganisatorFachmagazin\",\"https:\\\/\\\/www.linkedin.com\\\/showcase\\\/organisator-das-magazin-fr-kmu\",\"https:\\\/\\\/www.xing.com\\\/news\\\/pages\\\/organisator-ch-695\",\"https:\\\/\\\/www.youtube.com\\\/channel\\\/UCGP2Sq0iWaZwT3BdIAQFYpw\"]},{\"@type\":\"Person\",\"@id\":\"https:\\\/\\\/www.organisator.ch\\\/#\\\/schema\\\/person\\\/4e51799071cd2dd1232ac003643ef5f0\",\"name\":\"galledia\",\"image\":{\"@type\":\"ImageObject\",\"inLanguage\":\"fr-FR\",\"@id\":\"https:\\\/\\\/secure.gravatar.com\\\/avatar\\\/78a7f90c01fc2bfc875782a0d4922b37cde2cf184ce347b91316d23cd7f69a36?s=96&d=mm&r=g\",\"url\":\"https:\\\/\\\/secure.gravatar.com\\\/avatar\\\/78a7f90c01fc2bfc875782a0d4922b37cde2cf184ce347b91316d23cd7f69a36?s=96&d=mm&r=g\",\"contentUrl\":\"https:\\\/\\\/secure.gravatar.com\\\/avatar\\\/78a7f90c01fc2bfc875782a0d4922b37cde2cf184ce347b91316d23cd7f69a36?s=96&d=mm&r=g\",\"caption\":\"galledia\"},\"sameAs\":[\"https:\\\/\\\/x.com\\\/admin\"],\"url\":\"https:\\\/\\\/www.organisator.ch\\\/fr\\\/author\\\/galledia\\\/\"}]}<\/script>\n<!-- \/ Yoast SEO plugin. -->","yoast_head_json":{"title":"Les institutions publiques dans la ligne de mire des criminels \u00e9conomiques - Organisateur","description":"En 2021, les tribunaux suisses ont jug\u00e9 68 affaires de criminalit\u00e9 \u00e9conomique, dont sept li\u00e9es \u00e0 des cr\u00e9dits Covid 19.","robots":{"index":"index","follow":"follow","max-snippet":"max-snippet:-1","max-image-preview":"max-image-preview:large","max-video-preview":"max-video-preview:-1"},"canonical":"https:\/\/www.m-q.ch\/de\/oeffentliche-institutionen-im-visier-von-wirtschaftskriminellen16335-2\/","og_locale":"fr_FR","og_type":"article","og_title":"\u00d6ffentliche Institutionen im Visier von Wirtschaftskriminellen - Organisator","og_description":"2021 haben Schweizer Gerichte 68 F\u00e4lle von Wirtschaftskriminalit\u00e4t beurteilt, darunter auch sieben F\u00e4lle im Zusammenhang mit Covid-19-Krediten.","og_url":"https:\/\/www.m-q.ch\/de\/oeffentliche-institutionen-im-visier-von-wirtschaftskriminellen16335-2\/","og_site_name":"Organisator","article_publisher":"https:\/\/www.facebook.com\/OrganisatorFachmagazin","article_published_time":"2022-05-10T06:48:25+00:00","article_modified_time":"2022-08-01T13:13:11+00:00","og_image":[{"url":"https:\/\/www.m-q.ch\/wp-content\/uploads\/2022\/05\/Oeffentliche-Institutionen-im-Visier-von-Wirtschaftskriminellen-1_MQ.jpg","type":"","width":"","height":""}],"author":"galledia","twitter_card":"summary_large_image","twitter_creator":"@admin","schema":{"@context":"https:\/\/schema.org","@graph":[{"@type":"Article","@id":"https:\/\/www.m-q.ch\/de\/oeffentliche-institutionen-im-visier-von-wirtschaftskriminellen16335-2\/#article","isPartOf":{"@id":"https:\/\/www.organisator.ch\/operational-excellence\/2022-05-10\/oeffentliche-institutionen-im-visier-von-wirtschaftskriminellen\/"},"author":{"name":"galledia","@id":"https:\/\/www.organisator.ch\/#\/schema\/person\/4e51799071cd2dd1232ac003643ef5f0"},"headline":"\u00d6ffentliche Institutionen im Visier von Wirtschaftskriminellen","datePublished":"2022-05-10T06:48:25+00:00","dateModified":"2022-08-01T13:13:11+00:00","mainEntityOfPage":{"@id":"https:\/\/www.organisator.ch\/operational-excellence\/2022-05-10\/oeffentliche-institutionen-im-visier-von-wirtschaftskriminellen\/"},"wordCount":603,"publisher":{"@id":"https:\/\/www.organisator.ch\/#organization"},"image":{"@id":"https:\/\/www.m-q.ch\/de\/oeffentliche-institutionen-im-visier-von-wirtschaftskriminellen16335-2\/#primaryimage"},"thumbnailUrl":"https:\/\/www.m-q.ch\/wp-content\/uploads\/2022\/05\/Oeffentliche-Institutionen-im-Visier-von-Wirtschaftskriminellen-1_MQ.jpg","keywords":["\u00d6ffentliche"],"articleSection":["OPERATIONAL EXCELLENCE"],"inLanguage":"fr-FR"},{"@type":"WebPage","@id":"https:\/\/www.organisator.ch\/operational-excellence\/2022-05-10\/oeffentliche-institutionen-im-visier-von-wirtschaftskriminellen\/","url":"https:\/\/www.m-q.ch\/de\/oeffentliche-institutionen-im-visier-von-wirtschaftskriminellen16335-2\/","name":"Les institutions publiques dans la ligne de mire des criminels \u00e9conomiques - Organisateur","isPartOf":{"@id":"https:\/\/www.organisator.ch\/#website"},"primaryImageOfPage":{"@id":"https:\/\/www.m-q.ch\/de\/oeffentliche-institutionen-im-visier-von-wirtschaftskriminellen16335-2\/#primaryimage"},"image":{"@id":"https:\/\/www.m-q.ch\/de\/oeffentliche-institutionen-im-visier-von-wirtschaftskriminellen16335-2\/#primaryimage"},"thumbnailUrl":"https:\/\/www.m-q.ch\/wp-content\/uploads\/2022\/05\/Oeffentliche-Institutionen-im-Visier-von-Wirtschaftskriminellen-1_MQ.jpg","datePublished":"2022-05-10T06:48:25+00:00","dateModified":"2022-08-01T13:13:11+00:00","description":"En 2021, les tribunaux suisses ont jug\u00e9 68 affaires de criminalit\u00e9 \u00e9conomique, dont sept li\u00e9es \u00e0 des cr\u00e9dits Covid 19.","breadcrumb":{"@id":"https:\/\/www.m-q.ch\/de\/oeffentliche-institutionen-im-visier-von-wirtschaftskriminellen16335-2\/#breadcrumb"},"inLanguage":"fr-FR","potentialAction":[{"@type":"ReadAction","target":["https:\/\/www.m-q.ch\/de\/oeffentliche-institutionen-im-visier-von-wirtschaftskriminellen16335-2\/"]}]},{"@type":"ImageObject","inLanguage":"fr-FR","@id":"https:\/\/www.m-q.ch\/de\/oeffentliche-institutionen-im-visier-von-wirtschaftskriminellen16335-2\/#primaryimage","url":"https:\/\/www.m-q.ch\/wp-content\/uploads\/2022\/05\/Oeffentliche-Institutionen-im-Visier-von-Wirtschaftskriminellen-1_MQ.jpg","contentUrl":"https:\/\/www.m-q.ch\/wp-content\/uploads\/2022\/05\/Oeffentliche-Institutionen-im-Visier-von-Wirtschaftskriminellen-1_MQ.jpg"},{"@type":"BreadcrumbList","@id":"https:\/\/www.m-q.ch\/de\/oeffentliche-institutionen-im-visier-von-wirtschaftskriminellen16335-2\/#breadcrumb","itemListElement":[{"@type":"ListItem","position":1,"name":"Home","item":"https:\/\/www.organisator.ch\/"},{"@type":"ListItem","position":2,"name":"\u00d6ffentliche Institutionen im Visier von Wirtschaftskriminellen"}]},{"@type":"WebSite","@id":"https:\/\/www.organisator.ch\/#website","url":"https:\/\/www.organisator.ch\/","name":"Organisateur","description":"Comp\u00e9tence et comp\u00e9tence. Proches de la pratique. L'ORGANISATEUR pr\u00e9pare 10 num\u00e9ros par an sur les th\u00e8mes essentiels pour les dirigeants de PME.","publisher":{"@id":"https:\/\/www.organisator.ch\/#organization"},"potentialAction":[{"@type":"SearchAction","target":{"@type":"EntryPoint","urlTemplate":"https:\/\/www.organisator.ch\/?s={search_term_string}"},"query-input":{"@type":"PropertyValueSpecification","valueRequired":true,"valueName":"search_term_string"}}],"inLanguage":"fr-FR"},{"@type":"Organization","@id":"https:\/\/www.organisator.ch\/#organization","name":"Organisateur","url":"https:\/\/www.organisator.ch\/","logo":{"@type":"ImageObject","inLanguage":"fr-FR","@id":"https:\/\/www.organisator.ch\/#\/schema\/logo\/image\/","url":"https:\/\/www.organisator.ch\/wp-content\/uploads\/2022\/01\/Logo_Organisator_Website.png","contentUrl":"https:\/\/www.organisator.ch\/wp-content\/uploads\/2022\/01\/Logo_Organisator_Website.png","width":800,"height":77,"caption":"Organisator"},"image":{"@id":"https:\/\/www.organisator.ch\/#\/schema\/logo\/image\/"},"sameAs":["https:\/\/www.facebook.com\/OrganisatorFachmagazin","https:\/\/www.linkedin.com\/showcase\/organisator-das-magazin-fr-kmu","https:\/\/www.xing.com\/news\/pages\/organisator-ch-695","https:\/\/www.youtube.com\/channel\/UCGP2Sq0iWaZwT3BdIAQFYpw"]},{"@type":"Person","@id":"https:\/\/www.organisator.ch\/#\/schema\/person\/4e51799071cd2dd1232ac003643ef5f0","name":"galledia","image":{"@type":"ImageObject","inLanguage":"fr-FR","@id":"https:\/\/secure.gravatar.com\/avatar\/78a7f90c01fc2bfc875782a0d4922b37cde2cf184ce347b91316d23cd7f69a36?s=96&d=mm&r=g","url":"https:\/\/secure.gravatar.com\/avatar\/78a7f90c01fc2bfc875782a0d4922b37cde2cf184ce347b91316d23cd7f69a36?s=96&d=mm&r=g","contentUrl":"https:\/\/secure.gravatar.com\/avatar\/78a7f90c01fc2bfc875782a0d4922b37cde2cf184ce347b91316d23cd7f69a36?s=96&d=mm&r=g","caption":"galledia"},"sameAs":["https:\/\/x.com\/admin"],"url":"https:\/\/www.organisator.ch\/fr\/author\/galledia\/"}]}},"_links":{"self":[{"href":"https:\/\/www.organisator.ch\/fr\/wp-json\/wp\/v2\/posts\/12827","targetHints":{"allow":["GET"]}}],"collection":[{"href":"https:\/\/www.organisator.ch\/fr\/wp-json\/wp\/v2\/posts"}],"about":[{"href":"https:\/\/www.organisator.ch\/fr\/wp-json\/wp\/v2\/types\/post"}],"author":[{"embeddable":true,"href":"https:\/\/www.organisator.ch\/fr\/wp-json\/wp\/v2\/users\/8"}],"replies":[{"embeddable":true,"href":"https:\/\/www.organisator.ch\/fr\/wp-json\/wp\/v2\/comments?post=12827"}],"version-history":[{"count":4,"href":"https:\/\/www.organisator.ch\/fr\/wp-json\/wp\/v2\/posts\/12827\/revisions"}],"predecessor-version":[{"id":16095,"href":"https:\/\/www.organisator.ch\/fr\/wp-json\/wp\/v2\/posts\/12827\/revisions\/16095"}],"wp:attachment":[{"href":"https:\/\/www.organisator.ch\/fr\/wp-json\/wp\/v2\/media?parent=12827"}],"wp:term":[{"taxonomy":"category","embeddable":true,"href":"https:\/\/www.organisator.ch\/fr\/wp-json\/wp\/v2\/categories?post=12827"},{"taxonomy":"post_tag","embeddable":true,"href":"https:\/\/www.organisator.ch\/fr\/wp-json\/wp\/v2\/tags?post=12827"}],"curies":[{"name":"wp","href":"https:\/\/api.w.org\/{rel}","templated":true}]}}