{"id":12847,"date":"2022-05-12T13:02:22","date_gmt":"2022-05-12T11:02:22","guid":{"rendered":"https:\/\/www.werbewoche.ch\/?p=170949"},"modified":"2022-08-02T11:57:06","modified_gmt":"2022-08-02T09:57:06","slug":"brandpulse-begleitet-markenentwicklung-von-trexxflex","status":"publish","type":"post","link":"https:\/\/www.organisator.ch\/fr\/marketing\/2022-05-12\/brandpulse-begleitet-markenentwicklung-von-trexxflex\/","title":{"rendered":"Brandpulse accompagne le d\u00e9veloppement de la marque Trexxflex"},"content":{"rendered":"<img class=\"aligncenter wp-image-170950 size-full\" src=\"https:\/\/www.werbewoche.ch\/wp-content\/uploads\/2022\/05\/Work_Case_TXX_1200x800_1.jpg\" alt=\"Trexxflex\" width=\"1200\" height=\"800\" \/>Pendant la pand\u00e9mie, le march\u00e9 am\u00e9ricain des activit\u00e9s de plein air a connu un essor impr\u00e9vu : les gens recherchaient la libert\u00e9 dans la nature et achetaient toutes sortes d'\u00e9quipements \u00e0 cette fin. Les ventes en ligne correspondantes ont connu une croissance \u00e0 deux chiffres pendant la pand\u00e9mie. Un groupe d'entrepreneurs a remarqu\u00e9 que cet \u00e9quipement avait surtout un point commun : il \u00e9tait certes fonctionnel, mais souvent ennuyeux et d'une esth\u00e9tique limit\u00e9e. C'est ainsi qu'est n\u00e9e l'id\u00e9e d'un \u00e9quipement de plein air fonctionnel r\u00e9pondant aux exigences de design des millennials urbains.\r\n\r\n<img class=\"aligncenter wp-image-170959 size-full\" src=\"https:\/\/www.werbewoche.ch\/wp-content\/uploads\/2022\/05\/Work_Case_TXX_2048x1100_3.jpg\" alt=\"Trexxflex\" width=\"1200\" height=\"645\" \/>\r\n\r\nPour ce groupe cible de \"Design Conscious Outdoor Enthusiasts\", qui utilise le sac \u00e0 dos non seulement pour la randonn\u00e9e du week-end qu'ils viennent de d\u00e9couvrir, mais aussi pour se rendre \u00e0 l'universit\u00e9 ou dans l'espace de co-working, les valeurs fonctionnelles ne sont pas les seules \u00e0 compter. Une enqu\u00eate internationale men\u00e9e par Brandpulse aupr\u00e8s des groupes cibles sur les m\u00e9dias sociaux aux \u00c9tats-Unis, le premier march\u00e9 vis\u00e9, puis en Europe, a r\u00e9v\u00e9l\u00e9 des pr\u00e9f\u00e9rences claires en mati\u00e8re de design du produit et d'apparence des prototypes pr\u00e9sent\u00e9s.<img class=\"aligncenter wp-image-170956 size-full\" src=\"https:\/\/www.werbewoche.ch\/wp-content\/uploads\/2022\/05\/Work_Case_TXX_1200x800_8.jpg\" alt=\"Trexxflex\" width=\"1200\" height=\"800\" \/> <img class=\"aligncenter wp-image-170955 size-full\" src=\"https:\/\/www.werbewoche.ch\/wp-content\/uploads\/2022\/05\/Work_Case_TXX_1200x800_7.jpg\" alt=\"Trexxflex\" width=\"1200\" height=\"800\" \/>\r\n\r\n&nbsp;\r\n\r\nEn plus d'une raison d'\u00eatre claire, la nouvelle marque a \u00e9galement re\u00e7u une Brand Promise durable. Ainsi, une partie du chiffre d'affaires sera revers\u00e9e \u00e0 l'institution \"1% for the Planet\", un r\u00e9seau mondial qui s'occupe des probl\u00e8mes environnementaux les plus urgents et qui aide \u00e0 promouvoir des changements positifs au profit des g\u00e9n\u00e9rations futures.<img class=\"aligncenter wp-image-170957 size-full\" src=\"https:\/\/www.werbewoche.ch\/wp-content\/uploads\/2022\/05\/Work_Case_TXX_1200x800_9_Animation.gif\" alt=\"Trexxflex\" width=\"1200\" height=\"800\" \/>\r\n\r\nBrandpulse a d\u00e9velopp\u00e9 le nom Trexxflex, qui a \u00e9t\u00e9 prot\u00e9g\u00e9 par le droit des marques pour les \u00c9tats-Unis, l'ensemble de l'UE et la Suisse. L'agence a \u00e9labor\u00e9 le branding Trexxflex, le site web et a r\u00e9alis\u00e9 les principaux points de contact tels que la boutique en ligne internationale, un film d'image, une campagne sur les m\u00e9dias sociaux ainsi qu'une campagne d'influence en collaboration avec des sp\u00e9cialistes am\u00e9ricains. Le premier produit, le sac \u00e0 dos Trexxflex, est disponible sur la boutique en ligne Trexxflex.com.\r\n\r\n\r\n\r\n<img class=\"aligncenter wp-image-170958 size-full\" src=\"https:\/\/www.werbewoche.ch\/wp-content\/uploads\/2022\/05\/Work_Case_TXX_1200x800_10.jpg\" alt=\"Trexxflex\" width=\"1200\" height=\"800\" \/> <img class=\"aligncenter wp-image-170952 size-full\" src=\"https:\/\/www.werbewoche.ch\/wp-content\/uploads\/2022\/05\/Work_Case_TXX_1200x800_4.jpg\" alt=\"Trexxflex\" width=\"2048\" height=\"1365\" \/> <img class=\"aligncenter wp-image-170953 size-full\" src=\"https:\/\/www.werbewoche.ch\/wp-content\/uploads\/2022\/05\/Work_Case_TXX_1200x800_5.jpg\" alt=\"Trexxflex\" width=\"1200\" height=\"800\" \/> <img class=\"aligncenter wp-image-170954 size-full\" src=\"https:\/\/www.werbewoche.ch\/wp-content\/uploads\/2022\/05\/Work_Case_TXX_1200x800_6.jpg\" alt=\"Trexxflex\" width=\"1200\" height=\"800\" \/> <img class=\"aligncenter wp-image-170951 size-full\" src=\"https:\/\/www.werbewoche.ch\/wp-content\/uploads\/2022\/05\/Work_Case_TXX_1200x800_2.jpg\" alt=\"Trexxflex\" width=\"1200\" height=\"800\" \/>","protected":false},"excerpt":{"rendered":"<p>W\u00e4hrend der Pandemie boomte der US-Outdoor-Markt in unvorhergesehenem Ausmass: Die Menschen suchten Freiheit in der Natur und kauften zu diesem Zweck alle Arten von Ausr\u00fcstung. Die entsprechenden E-Commerce-Ums\u00e4tze wuchsen w\u00e4hrend der Pandemie im zweistelligen Bereich. Einer Gruppe Unternehmer fiel auf, dass dieses Equipment vor allem eine Gemeinsamkeit hatte: Es war zwar funktional, sah aber oft [\u2026]<\/p>\n","protected":false},"author":8,"featured_media":0,"comment_status":"closed","ping_status":"closed","sticky":false,"template":"","format":"standard","meta":{"_acf_changed":false,"_yoast_wpseo_focuskw":"Trexxflex","_yoast_wpseo_metadesc":"Die Agentur Brandpulse hat von der Produktentwicklung \u00fcber das Branding bis hin zur Markteinf\u00fchrung den gesamten Entstehungsprozess der in den USA lancierten Marke Trexxflex begleitet.","articlekey":"","footnotes":""},"categories":[29],"tags":[2630,3243],"class_list":["post-12847","post","type-post","status-publish","format-standard","hentry","category-marketing","tag-brandpulse","tag-trexxflex"],"acf":[],"yoast_head":"<!-- This site is optimized with the Yoast SEO plugin v27.4 - https:\/\/yoast.com\/product\/yoast-seo-wordpress\/ -->\n<title>Brandpulse begleitet Markenentwicklung von Trexxflex - Organisator<\/title>\n<meta name=\"description\" content=\"Die Agentur Brandpulse hat von der Produktentwicklung \u00fcber das Branding bis hin zur Markteinf\u00fchrung den gesamten Entstehungsprozess der in den USA lancierten Marke Trexxflex begleitet.\" \/>\n<meta name=\"robots\" content=\"index, follow, max-snippet:-1, max-image-preview:large, max-video-preview:-1\" \/>\n<link rel=\"canonical\" href=\"https:\/\/www.werbewoche.ch\/de\/marketing\/marken\/2022-05-12\/brandpulse-begleitet-markenentwicklung-von-trexxflex\/\" \/>\n<meta property=\"og:locale\" content=\"fr_FR\" \/>\n<meta property=\"og:type\" content=\"article\" \/>\n<meta property=\"og:title\" content=\"Brandpulse begleitet Markenentwicklung von Trexxflex - Organisator\" \/>\n<meta property=\"og:description\" content=\"Die Agentur Brandpulse hat von der Produktentwicklung \u00fcber das Branding bis hin zur Markteinf\u00fchrung den gesamten Entstehungsprozess der in den USA lancierten Marke Trexxflex begleitet.\" \/>\n<meta property=\"og:url\" content=\"https:\/\/www.werbewoche.ch\/de\/marketing\/marken\/2022-05-12\/brandpulse-begleitet-markenentwicklung-von-trexxflex\/\" \/>\n<meta property=\"og:site_name\" content=\"Organisator\" \/>\n<meta property=\"article:publisher\" content=\"https:\/\/www.facebook.com\/OrganisatorFachmagazin\" \/>\n<meta property=\"article:published_time\" content=\"2022-05-12T11:02:22+00:00\" \/>\n<meta property=\"article:modified_time\" content=\"2022-08-02T09:57:06+00:00\" \/>\n<meta property=\"og:image\" content=\"https:\/\/www.werbewoche.ch\/wp-content\/uploads\/2022\/05\/Work_Case_TXX_1200x800_1.jpg\" \/>\n<meta name=\"author\" content=\"galledia\" \/>\n<meta name=\"twitter:card\" content=\"summary_large_image\" \/>\n<meta name=\"twitter:creator\" content=\"@admin\" \/>\n<script type=\"application\/ld+json\" class=\"yoast-schema-graph\">{\"@context\":\"https:\\\/\\\/schema.org\",\"@graph\":[{\"@type\":\"Article\",\"@id\":\"https:\\\/\\\/www.werbewoche.ch\\\/de\\\/marketing\\\/marken\\\/2022-05-12\\\/brandpulse-begleitet-markenentwicklung-von-trexxflex\\\/#article\",\"isPartOf\":{\"@id\":\"https:\\\/\\\/www.organisator.ch\\\/marketing\\\/2022-05-12\\\/brandpulse-begleitet-markenentwicklung-von-trexxflex\\\/\"},\"author\":{\"name\":\"galledia\",\"@id\":\"https:\\\/\\\/www.organisator.ch\\\/#\\\/schema\\\/person\\\/4e51799071cd2dd1232ac003643ef5f0\"},\"headline\":\"Brandpulse begleitet Markenentwicklung von Trexxflex\",\"datePublished\":\"2022-05-12T11:02:22+00:00\",\"dateModified\":\"2022-08-02T09:57:06+00:00\",\"mainEntityOfPage\":{\"@id\":\"https:\\\/\\\/www.organisator.ch\\\/marketing\\\/2022-05-12\\\/brandpulse-begleitet-markenentwicklung-von-trexxflex\\\/\"},\"wordCount\":259,\"publisher\":{\"@id\":\"https:\\\/\\\/www.organisator.ch\\\/#organization\"},\"image\":{\"@id\":\"https:\\\/\\\/www.werbewoche.ch\\\/de\\\/marketing\\\/marken\\\/2022-05-12\\\/brandpulse-begleitet-markenentwicklung-von-trexxflex\\\/#primaryimage\"},\"thumbnailUrl\":\"https:\\\/\\\/www.werbewoche.ch\\\/wp-content\\\/uploads\\\/2022\\\/05\\\/Work_Case_TXX_1200x800_1.jpg\",\"keywords\":[\"Brandpulse\",\"Trexxflex\"],\"articleSection\":[\"MARKETING\"],\"inLanguage\":\"fr-FR\"},{\"@type\":\"WebPage\",\"@id\":\"https:\\\/\\\/www.organisator.ch\\\/marketing\\\/2022-05-12\\\/brandpulse-begleitet-markenentwicklung-von-trexxflex\\\/\",\"url\":\"https:\\\/\\\/www.werbewoche.ch\\\/de\\\/marketing\\\/marken\\\/2022-05-12\\\/brandpulse-begleitet-markenentwicklung-von-trexxflex\\\/\",\"name\":\"Brandpulse begleitet Markenentwicklung von Trexxflex - Organisator\",\"isPartOf\":{\"@id\":\"https:\\\/\\\/www.organisator.ch\\\/#website\"},\"primaryImageOfPage\":{\"@id\":\"https:\\\/\\\/www.werbewoche.ch\\\/de\\\/marketing\\\/marken\\\/2022-05-12\\\/brandpulse-begleitet-markenentwicklung-von-trexxflex\\\/#primaryimage\"},\"image\":{\"@id\":\"https:\\\/\\\/www.werbewoche.ch\\\/de\\\/marketing\\\/marken\\\/2022-05-12\\\/brandpulse-begleitet-markenentwicklung-von-trexxflex\\\/#primaryimage\"},\"thumbnailUrl\":\"https:\\\/\\\/www.werbewoche.ch\\\/wp-content\\\/uploads\\\/2022\\\/05\\\/Work_Case_TXX_1200x800_1.jpg\",\"datePublished\":\"2022-05-12T11:02:22+00:00\",\"dateModified\":\"2022-08-02T09:57:06+00:00\",\"description\":\"Die Agentur Brandpulse hat von der Produktentwicklung \u00fcber das Branding bis hin zur Markteinf\u00fchrung den gesamten Entstehungsprozess der in den USA lancierten Marke Trexxflex begleitet.\",\"breadcrumb\":{\"@id\":\"https:\\\/\\\/www.werbewoche.ch\\\/de\\\/marketing\\\/marken\\\/2022-05-12\\\/brandpulse-begleitet-markenentwicklung-von-trexxflex\\\/#breadcrumb\"},\"inLanguage\":\"fr-FR\",\"potentialAction\":[{\"@type\":\"ReadAction\",\"target\":[\"https:\\\/\\\/www.werbewoche.ch\\\/de\\\/marketing\\\/marken\\\/2022-05-12\\\/brandpulse-begleitet-markenentwicklung-von-trexxflex\\\/\"]}]},{\"@type\":\"ImageObject\",\"inLanguage\":\"fr-FR\",\"@id\":\"https:\\\/\\\/www.werbewoche.ch\\\/de\\\/marketing\\\/marken\\\/2022-05-12\\\/brandpulse-begleitet-markenentwicklung-von-trexxflex\\\/#primaryimage\",\"url\":\"https:\\\/\\\/www.werbewoche.ch\\\/wp-content\\\/uploads\\\/2022\\\/05\\\/Work_Case_TXX_1200x800_1.jpg\",\"contentUrl\":\"https:\\\/\\\/www.werbewoche.ch\\\/wp-content\\\/uploads\\\/2022\\\/05\\\/Work_Case_TXX_1200x800_1.jpg\"},{\"@type\":\"BreadcrumbList\",\"@id\":\"https:\\\/\\\/www.werbewoche.ch\\\/de\\\/marketing\\\/marken\\\/2022-05-12\\\/brandpulse-begleitet-markenentwicklung-von-trexxflex\\\/#breadcrumb\",\"itemListElement\":[{\"@type\":\"ListItem\",\"position\":1,\"name\":\"Home\",\"item\":\"https:\\\/\\\/www.organisator.ch\\\/\"},{\"@type\":\"ListItem\",\"position\":2,\"name\":\"Brandpulse begleitet Markenentwicklung von Trexxflex\"}]},{\"@type\":\"WebSite\",\"@id\":\"https:\\\/\\\/www.organisator.ch\\\/#website\",\"url\":\"https:\\\/\\\/www.organisator.ch\\\/\",\"name\":\"Organisator\",\"description\":\"Kompetent. Praxisnah. Der ORGANISATOR bereitet in 10 Ausgaben pro Jahr die wesentlichen Themen f\u00fcr F\u00fchrungskr\u00e4fte von KMU auf.\",\"publisher\":{\"@id\":\"https:\\\/\\\/www.organisator.ch\\\/#organization\"},\"potentialAction\":[{\"@type\":\"SearchAction\",\"target\":{\"@type\":\"EntryPoint\",\"urlTemplate\":\"https:\\\/\\\/www.organisator.ch\\\/?s={search_term_string}\"},\"query-input\":{\"@type\":\"PropertyValueSpecification\",\"valueRequired\":true,\"valueName\":\"search_term_string\"}}],\"inLanguage\":\"fr-FR\"},{\"@type\":\"Organization\",\"@id\":\"https:\\\/\\\/www.organisator.ch\\\/#organization\",\"name\":\"Organisator\",\"url\":\"https:\\\/\\\/www.organisator.ch\\\/\",\"logo\":{\"@type\":\"ImageObject\",\"inLanguage\":\"fr-FR\",\"@id\":\"https:\\\/\\\/www.organisator.ch\\\/#\\\/schema\\\/logo\\\/image\\\/\",\"url\":\"https:\\\/\\\/www.organisator.ch\\\/wp-content\\\/uploads\\\/2022\\\/01\\\/Logo_Organisator_Website.png\",\"contentUrl\":\"https:\\\/\\\/www.organisator.ch\\\/wp-content\\\/uploads\\\/2022\\\/01\\\/Logo_Organisator_Website.png\",\"width\":800,\"height\":77,\"caption\":\"Organisator\"},\"image\":{\"@id\":\"https:\\\/\\\/www.organisator.ch\\\/#\\\/schema\\\/logo\\\/image\\\/\"},\"sameAs\":[\"https:\\\/\\\/www.facebook.com\\\/OrganisatorFachmagazin\",\"https:\\\/\\\/www.linkedin.com\\\/showcase\\\/organisator-das-magazin-fr-kmu\",\"https:\\\/\\\/www.xing.com\\\/news\\\/pages\\\/organisator-ch-695\",\"https:\\\/\\\/www.youtube.com\\\/channel\\\/UCGP2Sq0iWaZwT3BdIAQFYpw\"]},{\"@type\":\"Person\",\"@id\":\"https:\\\/\\\/www.organisator.ch\\\/#\\\/schema\\\/person\\\/4e51799071cd2dd1232ac003643ef5f0\",\"name\":\"galledia\",\"image\":{\"@type\":\"ImageObject\",\"inLanguage\":\"fr-FR\",\"@id\":\"https:\\\/\\\/secure.gravatar.com\\\/avatar\\\/78a7f90c01fc2bfc875782a0d4922b37cde2cf184ce347b91316d23cd7f69a36?s=96&d=mm&r=g\",\"url\":\"https:\\\/\\\/secure.gravatar.com\\\/avatar\\\/78a7f90c01fc2bfc875782a0d4922b37cde2cf184ce347b91316d23cd7f69a36?s=96&d=mm&r=g\",\"contentUrl\":\"https:\\\/\\\/secure.gravatar.com\\\/avatar\\\/78a7f90c01fc2bfc875782a0d4922b37cde2cf184ce347b91316d23cd7f69a36?s=96&d=mm&r=g\",\"caption\":\"galledia\"},\"sameAs\":[\"https:\\\/\\\/x.com\\\/admin\"],\"url\":\"https:\\\/\\\/www.organisator.ch\\\/fr\\\/author\\\/galledia\\\/\"}]}<\/script>\n<!-- \/ Yoast SEO plugin. -->","yoast_head_json":{"title":"Brandpulse accompagne le d\u00e9veloppement de la marque Trexxflex - Organisateur","description":"L'agence Brandpulse a accompagn\u00e9 l'ensemble du processus de cr\u00e9ation de la marque Trexxflex, lanc\u00e9e aux \u00c9tats-Unis, du d\u00e9veloppement du produit au lancement sur le march\u00e9, en passant par le branding.","robots":{"index":"index","follow":"follow","max-snippet":"max-snippet:-1","max-image-preview":"max-image-preview:large","max-video-preview":"max-video-preview:-1"},"canonical":"https:\/\/www.werbewoche.ch\/de\/marketing\/marken\/2022-05-12\/brandpulse-begleitet-markenentwicklung-von-trexxflex\/","og_locale":"fr_FR","og_type":"article","og_title":"Brandpulse begleitet Markenentwicklung von Trexxflex - Organisator","og_description":"Die Agentur Brandpulse hat von der Produktentwicklung \u00fcber das Branding bis hin zur Markteinf\u00fchrung den gesamten Entstehungsprozess der in den USA lancierten Marke Trexxflex begleitet.","og_url":"https:\/\/www.werbewoche.ch\/de\/marketing\/marken\/2022-05-12\/brandpulse-begleitet-markenentwicklung-von-trexxflex\/","og_site_name":"Organisator","article_publisher":"https:\/\/www.facebook.com\/OrganisatorFachmagazin","article_published_time":"2022-05-12T11:02:22+00:00","article_modified_time":"2022-08-02T09:57:06+00:00","og_image":[{"url":"https:\/\/www.werbewoche.ch\/wp-content\/uploads\/2022\/05\/Work_Case_TXX_1200x800_1.jpg","type":"","width":"","height":""}],"author":"galledia","twitter_card":"summary_large_image","twitter_creator":"@admin","schema":{"@context":"https:\/\/schema.org","@graph":[{"@type":"Article","@id":"https:\/\/www.werbewoche.ch\/de\/marketing\/marken\/2022-05-12\/brandpulse-begleitet-markenentwicklung-von-trexxflex\/#article","isPartOf":{"@id":"https:\/\/www.organisator.ch\/marketing\/2022-05-12\/brandpulse-begleitet-markenentwicklung-von-trexxflex\/"},"author":{"name":"galledia","@id":"https:\/\/www.organisator.ch\/#\/schema\/person\/4e51799071cd2dd1232ac003643ef5f0"},"headline":"Brandpulse begleitet Markenentwicklung von Trexxflex","datePublished":"2022-05-12T11:02:22+00:00","dateModified":"2022-08-02T09:57:06+00:00","mainEntityOfPage":{"@id":"https:\/\/www.organisator.ch\/marketing\/2022-05-12\/brandpulse-begleitet-markenentwicklung-von-trexxflex\/"},"wordCount":259,"publisher":{"@id":"https:\/\/www.organisator.ch\/#organization"},"image":{"@id":"https:\/\/www.werbewoche.ch\/de\/marketing\/marken\/2022-05-12\/brandpulse-begleitet-markenentwicklung-von-trexxflex\/#primaryimage"},"thumbnailUrl":"https:\/\/www.werbewoche.ch\/wp-content\/uploads\/2022\/05\/Work_Case_TXX_1200x800_1.jpg","keywords":["Brandpulse","Trexxflex"],"articleSection":["MARKETING"],"inLanguage":"fr-FR"},{"@type":"WebPage","@id":"https:\/\/www.organisator.ch\/marketing\/2022-05-12\/brandpulse-begleitet-markenentwicklung-von-trexxflex\/","url":"https:\/\/www.werbewoche.ch\/de\/marketing\/marken\/2022-05-12\/brandpulse-begleitet-markenentwicklung-von-trexxflex\/","name":"Brandpulse accompagne le d\u00e9veloppement de la marque Trexxflex - Organisateur","isPartOf":{"@id":"https:\/\/www.organisator.ch\/#website"},"primaryImageOfPage":{"@id":"https:\/\/www.werbewoche.ch\/de\/marketing\/marken\/2022-05-12\/brandpulse-begleitet-markenentwicklung-von-trexxflex\/#primaryimage"},"image":{"@id":"https:\/\/www.werbewoche.ch\/de\/marketing\/marken\/2022-05-12\/brandpulse-begleitet-markenentwicklung-von-trexxflex\/#primaryimage"},"thumbnailUrl":"https:\/\/www.werbewoche.ch\/wp-content\/uploads\/2022\/05\/Work_Case_TXX_1200x800_1.jpg","datePublished":"2022-05-12T11:02:22+00:00","dateModified":"2022-08-02T09:57:06+00:00","description":"L'agence Brandpulse a accompagn\u00e9 l'ensemble du processus de cr\u00e9ation de la marque Trexxflex, lanc\u00e9e aux \u00c9tats-Unis, du d\u00e9veloppement du produit au lancement sur le march\u00e9, en passant par le branding.","breadcrumb":{"@id":"https:\/\/www.werbewoche.ch\/de\/marketing\/marken\/2022-05-12\/brandpulse-begleitet-markenentwicklung-von-trexxflex\/#breadcrumb"},"inLanguage":"fr-FR","potentialAction":[{"@type":"ReadAction","target":["https:\/\/www.werbewoche.ch\/de\/marketing\/marken\/2022-05-12\/brandpulse-begleitet-markenentwicklung-von-trexxflex\/"]}]},{"@type":"ImageObject","inLanguage":"fr-FR","@id":"https:\/\/www.werbewoche.ch\/de\/marketing\/marken\/2022-05-12\/brandpulse-begleitet-markenentwicklung-von-trexxflex\/#primaryimage","url":"https:\/\/www.werbewoche.ch\/wp-content\/uploads\/2022\/05\/Work_Case_TXX_1200x800_1.jpg","contentUrl":"https:\/\/www.werbewoche.ch\/wp-content\/uploads\/2022\/05\/Work_Case_TXX_1200x800_1.jpg"},{"@type":"BreadcrumbList","@id":"https:\/\/www.werbewoche.ch\/de\/marketing\/marken\/2022-05-12\/brandpulse-begleitet-markenentwicklung-von-trexxflex\/#breadcrumb","itemListElement":[{"@type":"ListItem","position":1,"name":"Home","item":"https:\/\/www.organisator.ch\/"},{"@type":"ListItem","position":2,"name":"Brandpulse begleitet Markenentwicklung von Trexxflex"}]},{"@type":"WebSite","@id":"https:\/\/www.organisator.ch\/#website","url":"https:\/\/www.organisator.ch\/","name":"Organisateur","description":"Comp\u00e9tence et comp\u00e9tence. Proches de la pratique. L'ORGANISATEUR pr\u00e9pare 10 num\u00e9ros par an sur les th\u00e8mes essentiels pour les dirigeants de PME.","publisher":{"@id":"https:\/\/www.organisator.ch\/#organization"},"potentialAction":[{"@type":"SearchAction","target":{"@type":"EntryPoint","urlTemplate":"https:\/\/www.organisator.ch\/?s={search_term_string}"},"query-input":{"@type":"PropertyValueSpecification","valueRequired":true,"valueName":"search_term_string"}}],"inLanguage":"fr-FR"},{"@type":"Organization","@id":"https:\/\/www.organisator.ch\/#organization","name":"Organisateur","url":"https:\/\/www.organisator.ch\/","logo":{"@type":"ImageObject","inLanguage":"fr-FR","@id":"https:\/\/www.organisator.ch\/#\/schema\/logo\/image\/","url":"https:\/\/www.organisator.ch\/wp-content\/uploads\/2022\/01\/Logo_Organisator_Website.png","contentUrl":"https:\/\/www.organisator.ch\/wp-content\/uploads\/2022\/01\/Logo_Organisator_Website.png","width":800,"height":77,"caption":"Organisator"},"image":{"@id":"https:\/\/www.organisator.ch\/#\/schema\/logo\/image\/"},"sameAs":["https:\/\/www.facebook.com\/OrganisatorFachmagazin","https:\/\/www.linkedin.com\/showcase\/organisator-das-magazin-fr-kmu","https:\/\/www.xing.com\/news\/pages\/organisator-ch-695","https:\/\/www.youtube.com\/channel\/UCGP2Sq0iWaZwT3BdIAQFYpw"]},{"@type":"Person","@id":"https:\/\/www.organisator.ch\/#\/schema\/person\/4e51799071cd2dd1232ac003643ef5f0","name":"galledia","image":{"@type":"ImageObject","inLanguage":"fr-FR","@id":"https:\/\/secure.gravatar.com\/avatar\/78a7f90c01fc2bfc875782a0d4922b37cde2cf184ce347b91316d23cd7f69a36?s=96&d=mm&r=g","url":"https:\/\/secure.gravatar.com\/avatar\/78a7f90c01fc2bfc875782a0d4922b37cde2cf184ce347b91316d23cd7f69a36?s=96&d=mm&r=g","contentUrl":"https:\/\/secure.gravatar.com\/avatar\/78a7f90c01fc2bfc875782a0d4922b37cde2cf184ce347b91316d23cd7f69a36?s=96&d=mm&r=g","caption":"galledia"},"sameAs":["https:\/\/x.com\/admin"],"url":"https:\/\/www.organisator.ch\/fr\/author\/galledia\/"}]}},"_links":{"self":[{"href":"https:\/\/www.organisator.ch\/fr\/wp-json\/wp\/v2\/posts\/12847","targetHints":{"allow":["GET"]}}],"collection":[{"href":"https:\/\/www.organisator.ch\/fr\/wp-json\/wp\/v2\/posts"}],"about":[{"href":"https:\/\/www.organisator.ch\/fr\/wp-json\/wp\/v2\/types\/post"}],"author":[{"embeddable":true,"href":"https:\/\/www.organisator.ch\/fr\/wp-json\/wp\/v2\/users\/8"}],"replies":[{"embeddable":true,"href":"https:\/\/www.organisator.ch\/fr\/wp-json\/wp\/v2\/comments?post=12847"}],"version-history":[{"count":3,"href":"https:\/\/www.organisator.ch\/fr\/wp-json\/wp\/v2\/posts\/12847\/revisions"}],"predecessor-version":[{"id":16127,"href":"https:\/\/www.organisator.ch\/fr\/wp-json\/wp\/v2\/posts\/12847\/revisions\/16127"}],"wp:attachment":[{"href":"https:\/\/www.organisator.ch\/fr\/wp-json\/wp\/v2\/media?parent=12847"}],"wp:term":[{"taxonomy":"category","embeddable":true,"href":"https:\/\/www.organisator.ch\/fr\/wp-json\/wp\/v2\/categories?post=12847"},{"taxonomy":"post_tag","embeddable":true,"href":"https:\/\/www.organisator.ch\/fr\/wp-json\/wp\/v2\/tags?post=12847"}],"curies":[{"name":"wp","href":"https:\/\/api.w.org\/{rel}","templated":true}]}}