{"id":12849,"date":"2022-05-12T16:10:46","date_gmt":"2022-05-12T14:10:46","guid":{"rendered":"https:\/\/www.werbewoche.ch\/?p=170965"},"modified":"2022-08-02T11:52:50","modified_gmt":"2022-08-02T09:52:50","slug":"eyeloveyou-neuer-gesamtauftritt-fuer-medics","status":"publish","type":"post","link":"https:\/\/www.organisator.ch\/fr\/marketing\/2022-05-12\/eyeloveyou-neuer-gesamtauftritt-fuer-medics\/","title":{"rendered":"eyeloveyou : Nouvelle pr\u00e9sentation g\u00e9n\u00e9rale pour Medics"},"content":{"rendered":"<img class=\"alignnone wp-image-170980 size-large\" src=\"https:\/\/www.werbewoche.ch\/wp-content\/uploads\/2022\/05\/ELY_MDX_Bildwelt_2500x1562px_5-1024x737.jpg\" alt=\"Medics\" width=\"768\" height=\"553\" \/>La nouvelle pr\u00e9sentation sur le march\u00e9 refl\u00e8te l'expertise de Medics en mati\u00e8re de m\u00e9decine de laboratoire. Les anciens SA de d\u00e9partements appara\u00eetront \u00e0 l'avenir sous un look commun.\r\n<h3>Une nouvelle architecture de marque<\/h3>\r\nLa pr\u00e9cision du travail quotidien dans le laboratoire et l'interaction entre les diff\u00e9rents d\u00e9partements ont servi de base \u00e0 eyeloveyou pour l'architecture de la marque, le rafra\u00eechissement du logo et le concept visuel de la nouvelle pr\u00e9sentation g\u00e9n\u00e9rale.\r\n\r\nLes couleurs, la typographie, le langage visuel ainsi qu'un concept de ligne de t\u00eate ont \u00e9t\u00e9 \u00e9labor\u00e9s en \u00e9troite collaboration avec le client, puis consign\u00e9s dans un portail de marque num\u00e9rique.\r\n\r\n<img class=\"alignnone wp-image-170981 size-large\" src=\"https:\/\/www.werbewoche.ch\/wp-content\/uploads\/2022\/05\/ELY_MDX_Bildwelt_2500x1562px_1-1024x737.jpg\" alt=\"Medics\" width=\"768\" height=\"553\" \/>\r\n<h3>Un univers visuel modulaire<\/h3>\r\nLe nouvel univers visuel se compose d'\u00e9l\u00e9ments modulaires qui, inspir\u00e9s du processus de division cellulaire, peuvent \u00eatre combin\u00e9s de mani\u00e8re flexible en fonction du domaine d'application. Il int\u00e8gre diff\u00e9rents formats et publications et est disponible sur le nouveau site web<a href=\"http:\/\/www.medics.ch\/\">\u00a0<\/a>mis en valeur sous forme d'animation.\r\n<h3>Une large palette de mesures<\/h3>\r\nLes brochures destin\u00e9es aux patients et aux partenaires, les instructions pour la manipulation des appareils de laboratoire m\u00e9dical, mais aussi les rollups pour les salons, les cadeaux publicitaires ou le rapport annuel d'activit\u00e9 apparaissent dans un look global qui refl\u00e8te l'expertise de Medics en mati\u00e8re d'analyse et de services de laboratoire.\r\n\r\n<img class=\"alignnone wp-image-170982 size-large\" src=\"https:\/\/www.werbewoche.ch\/wp-content\/uploads\/2022\/05\/ELY_MDX_Rollups_2500x1390px-1024x569.jpg\" alt=\"Medics\" width=\"768\" height=\"427\" \/>\r\n\r\n<hr \/>\r\n\r\n<strong>Responsable chez Medics :<\/strong> Felix Ackermann (responsable du service client\u00e8le et du marketing), Alessandra Decorvet (collaboratrice du marketing). <strong>Responsable chez eyeloveyou<\/strong>Christoph Merkt (direction cr\u00e9ative), Alexandra Theiler (screendesign), Martin Sautter (vid\u00e9o &amp; animation), Robin Bodmer (concision, strat\u00e9gie), Benedikt Lachenmeier (texte), Zoe Bensmann, Oliver Kirschbaum (direction de projet, conseil). <strong>Programmation du site web :<\/strong> Liip. <strong>Photographie :<\/strong> Mike Niederhauser (Merlin Photography)","protected":false},"excerpt":{"rendered":"<p>Der neue Auftritt am Markt bildet die labormedizinische Expertise von Medics ab. Die bisherigen Abteilungs-AGs erscheinen zuk\u00fcnftig im gemeinsamen Look. Eine neue Markenarchitektur Die Pr\u00e4zision der t\u00e4glichen Arbeit im Labor und das Zusammenspiel der verschiedenen Abteilungen hat eyeloveyou als Grundlage f\u00fcr die Markenarchitektur, den Logo-Refresh und das visuelle Konzept des neue Gesamtauftritts verwendet. In engem [\u2026]<\/p>\n","protected":false},"author":8,"featured_media":0,"comment_status":"closed","ping_status":"closed","sticky":false,"template":"","format":"standard","meta":{"_acf_changed":false,"_yoast_wpseo_focuskw":"Medics","_yoast_wpseo_metadesc":"Das Rebranding f\u00fcr Medics wurde von Eyeloveyou schrittweise im Hintergrund vorbereitet und getestet, sodass zum Stichtag s\u00e4mtliche Bereiche bereit, gepr\u00fcft und umgesetzt waren.","articlekey":"","footnotes":""},"categories":[29],"tags":[3242,3241,2851],"class_list":["post-12849","post","type-post","status-publish","format-standard","hentry","category-marketing","tag-eyeloveyou","tag-medics","tag-rebranding"],"acf":[],"yoast_head":"<!-- This site is optimized with the Yoast SEO plugin v27.4 - https:\/\/yoast.com\/product\/yoast-seo-wordpress\/ -->\n<title>eyeloveyou: Neuer Gesamtauftritt f\u00fcr Medics - Organisator<\/title>\n<meta name=\"description\" content=\"Das Rebranding f\u00fcr Medics wurde von Eyeloveyou schrittweise im Hintergrund vorbereitet und getestet, sodass zum Stichtag s\u00e4mtliche Bereiche bereit, gepr\u00fcft und umgesetzt waren.\" \/>\n<meta name=\"robots\" content=\"index, follow, max-snippet:-1, max-image-preview:large, max-video-preview:-1\" \/>\n<link rel=\"canonical\" href=\"https:\/\/www.werbewoche.ch\/de\/marketing\/marken\/2022-05-12\/eyeloveyou-neuer-gesamtauftritt-fuer-medics\/\" \/>\n<meta property=\"og:locale\" content=\"fr_FR\" \/>\n<meta property=\"og:type\" content=\"article\" \/>\n<meta property=\"og:title\" content=\"eyeloveyou: Neuer Gesamtauftritt f\u00fcr Medics - Organisator\" \/>\n<meta property=\"og:description\" content=\"Das Rebranding f\u00fcr Medics wurde von Eyeloveyou schrittweise im Hintergrund vorbereitet und getestet, sodass zum Stichtag s\u00e4mtliche Bereiche bereit, gepr\u00fcft und umgesetzt waren.\" \/>\n<meta property=\"og:url\" content=\"https:\/\/www.werbewoche.ch\/de\/marketing\/marken\/2022-05-12\/eyeloveyou-neuer-gesamtauftritt-fuer-medics\/\" \/>\n<meta property=\"og:site_name\" content=\"Organisator\" \/>\n<meta property=\"article:publisher\" content=\"https:\/\/www.facebook.com\/OrganisatorFachmagazin\" \/>\n<meta property=\"article:published_time\" content=\"2022-05-12T14:10:46+00:00\" \/>\n<meta property=\"article:modified_time\" content=\"2022-08-02T09:52:50+00:00\" \/>\n<meta property=\"og:image\" content=\"https:\/\/www.werbewoche.ch\/wp-content\/uploads\/2022\/05\/ELY_MDX_Bildwelt_2500x1562px_5-1024x737.jpg\" \/>\n<meta name=\"author\" content=\"galledia\" \/>\n<meta name=\"twitter:card\" content=\"summary_large_image\" \/>\n<meta name=\"twitter:creator\" content=\"@admin\" \/>\n<script type=\"application\/ld+json\" class=\"yoast-schema-graph\">{\"@context\":\"https:\\\/\\\/schema.org\",\"@graph\":[{\"@type\":\"Article\",\"@id\":\"https:\\\/\\\/www.werbewoche.ch\\\/de\\\/marketing\\\/marken\\\/2022-05-12\\\/eyeloveyou-neuer-gesamtauftritt-fuer-medics\\\/#article\",\"isPartOf\":{\"@id\":\"https:\\\/\\\/www.organisator.ch\\\/marketing\\\/2022-05-12\\\/eyeloveyou-neuer-gesamtauftritt-fuer-medics\\\/\"},\"author\":{\"name\":\"galledia\",\"@id\":\"https:\\\/\\\/www.organisator.ch\\\/#\\\/schema\\\/person\\\/4e51799071cd2dd1232ac003643ef5f0\"},\"headline\":\"eyeloveyou: Neuer Gesamtauftritt f\u00fcr Medics\",\"datePublished\":\"2022-05-12T14:10:46+00:00\",\"dateModified\":\"2022-08-02T09:52:50+00:00\",\"mainEntityOfPage\":{\"@id\":\"https:\\\/\\\/www.organisator.ch\\\/marketing\\\/2022-05-12\\\/eyeloveyou-neuer-gesamtauftritt-fuer-medics\\\/\"},\"wordCount\":215,\"publisher\":{\"@id\":\"https:\\\/\\\/www.organisator.ch\\\/#organization\"},\"image\":{\"@id\":\"https:\\\/\\\/www.werbewoche.ch\\\/de\\\/marketing\\\/marken\\\/2022-05-12\\\/eyeloveyou-neuer-gesamtauftritt-fuer-medics\\\/#primaryimage\"},\"thumbnailUrl\":\"https:\\\/\\\/www.werbewoche.ch\\\/wp-content\\\/uploads\\\/2022\\\/05\\\/ELY_MDX_Bildwelt_2500x1562px_5-1024x737.jpg\",\"keywords\":[\"eyeloveyou\",\"Medics\",\"Rebranding\"],\"articleSection\":[\"MARKETING\"],\"inLanguage\":\"fr-FR\"},{\"@type\":\"WebPage\",\"@id\":\"https:\\\/\\\/www.organisator.ch\\\/marketing\\\/2022-05-12\\\/eyeloveyou-neuer-gesamtauftritt-fuer-medics\\\/\",\"url\":\"https:\\\/\\\/www.werbewoche.ch\\\/de\\\/marketing\\\/marken\\\/2022-05-12\\\/eyeloveyou-neuer-gesamtauftritt-fuer-medics\\\/\",\"name\":\"eyeloveyou: Neuer Gesamtauftritt f\u00fcr Medics - Organisator\",\"isPartOf\":{\"@id\":\"https:\\\/\\\/www.organisator.ch\\\/#website\"},\"primaryImageOfPage\":{\"@id\":\"https:\\\/\\\/www.werbewoche.ch\\\/de\\\/marketing\\\/marken\\\/2022-05-12\\\/eyeloveyou-neuer-gesamtauftritt-fuer-medics\\\/#primaryimage\"},\"image\":{\"@id\":\"https:\\\/\\\/www.werbewoche.ch\\\/de\\\/marketing\\\/marken\\\/2022-05-12\\\/eyeloveyou-neuer-gesamtauftritt-fuer-medics\\\/#primaryimage\"},\"thumbnailUrl\":\"https:\\\/\\\/www.werbewoche.ch\\\/wp-content\\\/uploads\\\/2022\\\/05\\\/ELY_MDX_Bildwelt_2500x1562px_5-1024x737.jpg\",\"datePublished\":\"2022-05-12T14:10:46+00:00\",\"dateModified\":\"2022-08-02T09:52:50+00:00\",\"description\":\"Das Rebranding f\u00fcr Medics wurde von Eyeloveyou schrittweise im Hintergrund vorbereitet und getestet, sodass zum Stichtag s\u00e4mtliche Bereiche bereit, gepr\u00fcft und umgesetzt waren.\",\"breadcrumb\":{\"@id\":\"https:\\\/\\\/www.werbewoche.ch\\\/de\\\/marketing\\\/marken\\\/2022-05-12\\\/eyeloveyou-neuer-gesamtauftritt-fuer-medics\\\/#breadcrumb\"},\"inLanguage\":\"fr-FR\",\"potentialAction\":[{\"@type\":\"ReadAction\",\"target\":[\"https:\\\/\\\/www.werbewoche.ch\\\/de\\\/marketing\\\/marken\\\/2022-05-12\\\/eyeloveyou-neuer-gesamtauftritt-fuer-medics\\\/\"]}]},{\"@type\":\"ImageObject\",\"inLanguage\":\"fr-FR\",\"@id\":\"https:\\\/\\\/www.werbewoche.ch\\\/de\\\/marketing\\\/marken\\\/2022-05-12\\\/eyeloveyou-neuer-gesamtauftritt-fuer-medics\\\/#primaryimage\",\"url\":\"https:\\\/\\\/www.werbewoche.ch\\\/wp-content\\\/uploads\\\/2022\\\/05\\\/ELY_MDX_Bildwelt_2500x1562px_5-1024x737.jpg\",\"contentUrl\":\"https:\\\/\\\/www.werbewoche.ch\\\/wp-content\\\/uploads\\\/2022\\\/05\\\/ELY_MDX_Bildwelt_2500x1562px_5-1024x737.jpg\"},{\"@type\":\"BreadcrumbList\",\"@id\":\"https:\\\/\\\/www.werbewoche.ch\\\/de\\\/marketing\\\/marken\\\/2022-05-12\\\/eyeloveyou-neuer-gesamtauftritt-fuer-medics\\\/#breadcrumb\",\"itemListElement\":[{\"@type\":\"ListItem\",\"position\":1,\"name\":\"Home\",\"item\":\"https:\\\/\\\/www.organisator.ch\\\/\"},{\"@type\":\"ListItem\",\"position\":2,\"name\":\"eyeloveyou: Neuer Gesamtauftritt f\u00fcr Medics\"}]},{\"@type\":\"WebSite\",\"@id\":\"https:\\\/\\\/www.organisator.ch\\\/#website\",\"url\":\"https:\\\/\\\/www.organisator.ch\\\/\",\"name\":\"Organisator\",\"description\":\"Kompetent. Praxisnah. Der ORGANISATOR bereitet in 10 Ausgaben pro Jahr die wesentlichen Themen f\u00fcr F\u00fchrungskr\u00e4fte von KMU auf.\",\"publisher\":{\"@id\":\"https:\\\/\\\/www.organisator.ch\\\/#organization\"},\"potentialAction\":[{\"@type\":\"SearchAction\",\"target\":{\"@type\":\"EntryPoint\",\"urlTemplate\":\"https:\\\/\\\/www.organisator.ch\\\/?s={search_term_string}\"},\"query-input\":{\"@type\":\"PropertyValueSpecification\",\"valueRequired\":true,\"valueName\":\"search_term_string\"}}],\"inLanguage\":\"fr-FR\"},{\"@type\":\"Organization\",\"@id\":\"https:\\\/\\\/www.organisator.ch\\\/#organization\",\"name\":\"Organisator\",\"url\":\"https:\\\/\\\/www.organisator.ch\\\/\",\"logo\":{\"@type\":\"ImageObject\",\"inLanguage\":\"fr-FR\",\"@id\":\"https:\\\/\\\/www.organisator.ch\\\/#\\\/schema\\\/logo\\\/image\\\/\",\"url\":\"https:\\\/\\\/www.organisator.ch\\\/wp-content\\\/uploads\\\/2022\\\/01\\\/Logo_Organisator_Website.png\",\"contentUrl\":\"https:\\\/\\\/www.organisator.ch\\\/wp-content\\\/uploads\\\/2022\\\/01\\\/Logo_Organisator_Website.png\",\"width\":800,\"height\":77,\"caption\":\"Organisator\"},\"image\":{\"@id\":\"https:\\\/\\\/www.organisator.ch\\\/#\\\/schema\\\/logo\\\/image\\\/\"},\"sameAs\":[\"https:\\\/\\\/www.facebook.com\\\/OrganisatorFachmagazin\",\"https:\\\/\\\/www.linkedin.com\\\/showcase\\\/organisator-das-magazin-fr-kmu\",\"https:\\\/\\\/www.xing.com\\\/news\\\/pages\\\/organisator-ch-695\",\"https:\\\/\\\/www.youtube.com\\\/channel\\\/UCGP2Sq0iWaZwT3BdIAQFYpw\"]},{\"@type\":\"Person\",\"@id\":\"https:\\\/\\\/www.organisator.ch\\\/#\\\/schema\\\/person\\\/4e51799071cd2dd1232ac003643ef5f0\",\"name\":\"galledia\",\"image\":{\"@type\":\"ImageObject\",\"inLanguage\":\"fr-FR\",\"@id\":\"https:\\\/\\\/secure.gravatar.com\\\/avatar\\\/78a7f90c01fc2bfc875782a0d4922b37cde2cf184ce347b91316d23cd7f69a36?s=96&d=mm&r=g\",\"url\":\"https:\\\/\\\/secure.gravatar.com\\\/avatar\\\/78a7f90c01fc2bfc875782a0d4922b37cde2cf184ce347b91316d23cd7f69a36?s=96&d=mm&r=g\",\"contentUrl\":\"https:\\\/\\\/secure.gravatar.com\\\/avatar\\\/78a7f90c01fc2bfc875782a0d4922b37cde2cf184ce347b91316d23cd7f69a36?s=96&d=mm&r=g\",\"caption\":\"galledia\"},\"sameAs\":[\"https:\\\/\\\/x.com\\\/admin\"],\"url\":\"https:\\\/\\\/www.organisator.ch\\\/fr\\\/author\\\/galledia\\\/\"}]}<\/script>\n<!-- \/ Yoast SEO plugin. -->","yoast_head_json":{"title":"eyeloveyou : Nouvelle pr\u00e9sentation g\u00e9n\u00e9rale pour Medics - Organisateur","description":"Le rebranding pour Medics a \u00e9t\u00e9 pr\u00e9par\u00e9 et test\u00e9 progressivement en arri\u00e8re-plan par Eyeloveyou, de sorte qu'\u00e0 la date butoir, tous les domaines \u00e9taient pr\u00eats, test\u00e9s et mis en \u0153uvre.","robots":{"index":"index","follow":"follow","max-snippet":"max-snippet:-1","max-image-preview":"max-image-preview:large","max-video-preview":"max-video-preview:-1"},"canonical":"https:\/\/www.werbewoche.ch\/de\/marketing\/marken\/2022-05-12\/eyeloveyou-neuer-gesamtauftritt-fuer-medics\/","og_locale":"fr_FR","og_type":"article","og_title":"eyeloveyou: Neuer Gesamtauftritt f\u00fcr Medics - Organisator","og_description":"Das Rebranding f\u00fcr Medics wurde von Eyeloveyou schrittweise im Hintergrund vorbereitet und getestet, sodass zum Stichtag s\u00e4mtliche Bereiche bereit, gepr\u00fcft und umgesetzt waren.","og_url":"https:\/\/www.werbewoche.ch\/de\/marketing\/marken\/2022-05-12\/eyeloveyou-neuer-gesamtauftritt-fuer-medics\/","og_site_name":"Organisator","article_publisher":"https:\/\/www.facebook.com\/OrganisatorFachmagazin","article_published_time":"2022-05-12T14:10:46+00:00","article_modified_time":"2022-08-02T09:52:50+00:00","og_image":[{"url":"https:\/\/www.werbewoche.ch\/wp-content\/uploads\/2022\/05\/ELY_MDX_Bildwelt_2500x1562px_5-1024x737.jpg","type":"","width":"","height":""}],"author":"galledia","twitter_card":"summary_large_image","twitter_creator":"@admin","schema":{"@context":"https:\/\/schema.org","@graph":[{"@type":"Article","@id":"https:\/\/www.werbewoche.ch\/de\/marketing\/marken\/2022-05-12\/eyeloveyou-neuer-gesamtauftritt-fuer-medics\/#article","isPartOf":{"@id":"https:\/\/www.organisator.ch\/marketing\/2022-05-12\/eyeloveyou-neuer-gesamtauftritt-fuer-medics\/"},"author":{"name":"galledia","@id":"https:\/\/www.organisator.ch\/#\/schema\/person\/4e51799071cd2dd1232ac003643ef5f0"},"headline":"eyeloveyou: Neuer Gesamtauftritt f\u00fcr Medics","datePublished":"2022-05-12T14:10:46+00:00","dateModified":"2022-08-02T09:52:50+00:00","mainEntityOfPage":{"@id":"https:\/\/www.organisator.ch\/marketing\/2022-05-12\/eyeloveyou-neuer-gesamtauftritt-fuer-medics\/"},"wordCount":215,"publisher":{"@id":"https:\/\/www.organisator.ch\/#organization"},"image":{"@id":"https:\/\/www.werbewoche.ch\/de\/marketing\/marken\/2022-05-12\/eyeloveyou-neuer-gesamtauftritt-fuer-medics\/#primaryimage"},"thumbnailUrl":"https:\/\/www.werbewoche.ch\/wp-content\/uploads\/2022\/05\/ELY_MDX_Bildwelt_2500x1562px_5-1024x737.jpg","keywords":["eyeloveyou","Medics","Rebranding"],"articleSection":["MARKETING"],"inLanguage":"fr-FR"},{"@type":"WebPage","@id":"https:\/\/www.organisator.ch\/marketing\/2022-05-12\/eyeloveyou-neuer-gesamtauftritt-fuer-medics\/","url":"https:\/\/www.werbewoche.ch\/de\/marketing\/marken\/2022-05-12\/eyeloveyou-neuer-gesamtauftritt-fuer-medics\/","name":"eyeloveyou : Nouvelle pr\u00e9sentation g\u00e9n\u00e9rale pour Medics - Organisateur","isPartOf":{"@id":"https:\/\/www.organisator.ch\/#website"},"primaryImageOfPage":{"@id":"https:\/\/www.werbewoche.ch\/de\/marketing\/marken\/2022-05-12\/eyeloveyou-neuer-gesamtauftritt-fuer-medics\/#primaryimage"},"image":{"@id":"https:\/\/www.werbewoche.ch\/de\/marketing\/marken\/2022-05-12\/eyeloveyou-neuer-gesamtauftritt-fuer-medics\/#primaryimage"},"thumbnailUrl":"https:\/\/www.werbewoche.ch\/wp-content\/uploads\/2022\/05\/ELY_MDX_Bildwelt_2500x1562px_5-1024x737.jpg","datePublished":"2022-05-12T14:10:46+00:00","dateModified":"2022-08-02T09:52:50+00:00","description":"Le rebranding pour Medics a \u00e9t\u00e9 pr\u00e9par\u00e9 et test\u00e9 progressivement en arri\u00e8re-plan par Eyeloveyou, de sorte qu'\u00e0 la date butoir, tous les domaines \u00e9taient pr\u00eats, test\u00e9s et mis en \u0153uvre.","breadcrumb":{"@id":"https:\/\/www.werbewoche.ch\/de\/marketing\/marken\/2022-05-12\/eyeloveyou-neuer-gesamtauftritt-fuer-medics\/#breadcrumb"},"inLanguage":"fr-FR","potentialAction":[{"@type":"ReadAction","target":["https:\/\/www.werbewoche.ch\/de\/marketing\/marken\/2022-05-12\/eyeloveyou-neuer-gesamtauftritt-fuer-medics\/"]}]},{"@type":"ImageObject","inLanguage":"fr-FR","@id":"https:\/\/www.werbewoche.ch\/de\/marketing\/marken\/2022-05-12\/eyeloveyou-neuer-gesamtauftritt-fuer-medics\/#primaryimage","url":"https:\/\/www.werbewoche.ch\/wp-content\/uploads\/2022\/05\/ELY_MDX_Bildwelt_2500x1562px_5-1024x737.jpg","contentUrl":"https:\/\/www.werbewoche.ch\/wp-content\/uploads\/2022\/05\/ELY_MDX_Bildwelt_2500x1562px_5-1024x737.jpg"},{"@type":"BreadcrumbList","@id":"https:\/\/www.werbewoche.ch\/de\/marketing\/marken\/2022-05-12\/eyeloveyou-neuer-gesamtauftritt-fuer-medics\/#breadcrumb","itemListElement":[{"@type":"ListItem","position":1,"name":"Home","item":"https:\/\/www.organisator.ch\/"},{"@type":"ListItem","position":2,"name":"eyeloveyou: Neuer Gesamtauftritt f\u00fcr Medics"}]},{"@type":"WebSite","@id":"https:\/\/www.organisator.ch\/#website","url":"https:\/\/www.organisator.ch\/","name":"Organisateur","description":"Comp\u00e9tence et comp\u00e9tence. Proches de la pratique. L'ORGANISATEUR pr\u00e9pare 10 num\u00e9ros par an sur les th\u00e8mes essentiels pour les dirigeants de PME.","publisher":{"@id":"https:\/\/www.organisator.ch\/#organization"},"potentialAction":[{"@type":"SearchAction","target":{"@type":"EntryPoint","urlTemplate":"https:\/\/www.organisator.ch\/?s={search_term_string}"},"query-input":{"@type":"PropertyValueSpecification","valueRequired":true,"valueName":"search_term_string"}}],"inLanguage":"fr-FR"},{"@type":"Organization","@id":"https:\/\/www.organisator.ch\/#organization","name":"Organisateur","url":"https:\/\/www.organisator.ch\/","logo":{"@type":"ImageObject","inLanguage":"fr-FR","@id":"https:\/\/www.organisator.ch\/#\/schema\/logo\/image\/","url":"https:\/\/www.organisator.ch\/wp-content\/uploads\/2022\/01\/Logo_Organisator_Website.png","contentUrl":"https:\/\/www.organisator.ch\/wp-content\/uploads\/2022\/01\/Logo_Organisator_Website.png","width":800,"height":77,"caption":"Organisator"},"image":{"@id":"https:\/\/www.organisator.ch\/#\/schema\/logo\/image\/"},"sameAs":["https:\/\/www.facebook.com\/OrganisatorFachmagazin","https:\/\/www.linkedin.com\/showcase\/organisator-das-magazin-fr-kmu","https:\/\/www.xing.com\/news\/pages\/organisator-ch-695","https:\/\/www.youtube.com\/channel\/UCGP2Sq0iWaZwT3BdIAQFYpw"]},{"@type":"Person","@id":"https:\/\/www.organisator.ch\/#\/schema\/person\/4e51799071cd2dd1232ac003643ef5f0","name":"galledia","image":{"@type":"ImageObject","inLanguage":"fr-FR","@id":"https:\/\/secure.gravatar.com\/avatar\/78a7f90c01fc2bfc875782a0d4922b37cde2cf184ce347b91316d23cd7f69a36?s=96&d=mm&r=g","url":"https:\/\/secure.gravatar.com\/avatar\/78a7f90c01fc2bfc875782a0d4922b37cde2cf184ce347b91316d23cd7f69a36?s=96&d=mm&r=g","contentUrl":"https:\/\/secure.gravatar.com\/avatar\/78a7f90c01fc2bfc875782a0d4922b37cde2cf184ce347b91316d23cd7f69a36?s=96&d=mm&r=g","caption":"galledia"},"sameAs":["https:\/\/x.com\/admin"],"url":"https:\/\/www.organisator.ch\/fr\/author\/galledia\/"}]}},"_links":{"self":[{"href":"https:\/\/www.organisator.ch\/fr\/wp-json\/wp\/v2\/posts\/12849","targetHints":{"allow":["GET"]}}],"collection":[{"href":"https:\/\/www.organisator.ch\/fr\/wp-json\/wp\/v2\/posts"}],"about":[{"href":"https:\/\/www.organisator.ch\/fr\/wp-json\/wp\/v2\/types\/post"}],"author":[{"embeddable":true,"href":"https:\/\/www.organisator.ch\/fr\/wp-json\/wp\/v2\/users\/8"}],"replies":[{"embeddable":true,"href":"https:\/\/www.organisator.ch\/fr\/wp-json\/wp\/v2\/comments?post=12849"}],"version-history":[{"count":4,"href":"https:\/\/www.organisator.ch\/fr\/wp-json\/wp\/v2\/posts\/12849\/revisions"}],"predecessor-version":[{"id":16124,"href":"https:\/\/www.organisator.ch\/fr\/wp-json\/wp\/v2\/posts\/12849\/revisions\/16124"}],"wp:attachment":[{"href":"https:\/\/www.organisator.ch\/fr\/wp-json\/wp\/v2\/media?parent=12849"}],"wp:term":[{"taxonomy":"category","embeddable":true,"href":"https:\/\/www.organisator.ch\/fr\/wp-json\/wp\/v2\/categories?post=12849"},{"taxonomy":"post_tag","embeddable":true,"href":"https:\/\/www.organisator.ch\/fr\/wp-json\/wp\/v2\/tags?post=12849"}],"curies":[{"name":"wp","href":"https:\/\/api.w.org\/{rel}","templated":true}]}}