{"id":12876,"date":"2022-05-13T17:26:50","date_gmt":"2022-05-13T15:26:50","guid":{"rendered":"https:\/\/www.werbewoche.ch\/?p=171135"},"modified":"2022-08-01T15:00:17","modified_gmt":"2022-08-01T13:00:17","slug":"gretz-communications-hat-neu-estland-im-portfolio","status":"publish","type":"post","link":"https:\/\/www.organisator.ch\/fr\/marketing\/2022-05-13\/gretz-communications-hat-neu-estland-im-portfolio\/","title":{"rendered":"Gretz Communications a d\u00e9sormais l'Estonie dans son portefeuille"},"content":{"rendered":"<figure id=\"attachment_171136\" class=\"wp-caption alignnone\" style=\"width: 768px\" aria-describedby=\"caption-attachment-171136\"><img class=\"alignnone wp-image-171136 size-large\" src=\"https:\/\/www.werbewoche.ch\/wp-content\/uploads\/2022\/05\/Tallinn-Old-Town_Kaupo-Kalda1-1024x512.jpg\" alt=\"Portefeuille\" width=\"768\" height=\"384\" \/><figcaption id=\"caption-attachment-171136\" class=\"wp-caption-text\">Tallinn, capitale de l'Estonie.<\/figcaption><\/figure>\r\nGretz Communications, l'une des principales agences suisses de relations publiques dans le domaine du tourisme, peut \u00e9largir son portefeuille avec une nouvelle destination : Elle a remport\u00e9 le mandat de l'Estonie dans le cadre d'une proc\u00e9dure de pitch. Le mandat consiste \u00e0 \u00e9tablir la destination de voyage en tant que destination de vacances \u00e0 part enti\u00e8re dans le paysage touristique suisse au cours des prochaines ann\u00e9es. L'objectif : promouvoir et d\u00e9velopper la destination aupr\u00e8s des tour-op\u00e9rateurs, afin qu'un pot-pourri d'offres de circuits et de city-trips, de fly &amp; drive et de voyages actifs soit disponible. Le mandat comprend \u00e9galement un m\u00e9lange cibl\u00e9 de mesures de communication B2B et B2C afin de mieux faire conna\u00eetre l'Estonie, tant aupr\u00e8s des commer\u00e7ants que des clients finaux.\r\n\r\n<img class=\"alignnone wp-image-171139 size-large\" src=\"https:\/\/www.werbewoche.ch\/wp-content\/uploads\/2022\/05\/Paernu-Strand-c-Visit-Paernu-1024x575.jpg\" alt=\"Portefeuille\" width=\"768\" height=\"431\" \/> <img class=\"alignnone wp-image-171138 size-large\" src=\"https:\/\/www.werbewoche.ch\/wp-content\/uploads\/2022\/05\/Noblessner_Kaupo-Kalda5-1024x682.jpg\" alt=\"Portefeuille\" width=\"768\" height=\"512\" \/> <img class=\"alignnone wp-image-171137 size-large\" src=\"https:\/\/www.werbewoche.ch\/wp-content\/uploads\/2022\/05\/Canoeing-on-Ahja-river-c-Katrin-Laurson-1024x643.jpg\" alt=\"Portefeuille\" width=\"768\" height=\"482\" \/>\r\n\r\n\"La vision \u00e0 long terme de l'Estonie nous enthousiasme et nous sommes heureux de pouvoir ancrer durablement la destination sur le march\u00e9 suisse\", d\u00e9clare le propri\u00e9taire Geretz.","protected":false},"excerpt":{"rendered":"<p>Gretz Communications, eine der f\u00fchrenden Schweizer PR-Agenturen im Tourismus, kann ihr Portfolio mit einer weiteren Destination ausbauen: Sie hat in einem Pitchverfahren den Auftrag von Estland gewonnen. Das Mandat besteht darin, die Reisedestination in den n\u00e4chsten Jahren als eigenst\u00e4ndiges Ferienziel in der Schweizer Tourismuslandschaft zu etablieren. Das Ziel: Die Destination soll bei den Reiseveranstaltern gef\u00f6rdert [\u2026]<\/p>\n","protected":false},"author":8,"featured_media":0,"comment_status":"closed","ping_status":"closed","sticky":false,"template":"","format":"standard","meta":{"_acf_changed":false,"_yoast_wpseo_focuskw":"Portfolio","_yoast_wpseo_metadesc":"Die Agentur f\u00fcr Tourismus und Lifestyle Gretz Communications holt sich Estland ins Portfolio. Das Mandat besteht darin, die Reisedestination in den n\u00e4chsten Jahren als eigenst\u00e4ndiges Ferienziel in der Schweizer Tourismuslandschaft zu etablieren.","articlekey":"","footnotes":""},"categories":[29],"tags":[3232,2855,1936],"class_list":["post-12876","post","type-post","status-publish","format-standard","hentry","category-marketing","tag-estland","tag-etats","tag-portfolio"],"acf":[],"yoast_head":"<!-- This site is optimized with the Yoast SEO plugin v27.5 - https:\/\/yoast.com\/product\/yoast-seo-wordpress\/ -->\n<title>Gretz Communications hat neu Estland im Portfolio - Organisator<\/title>\n<meta name=\"description\" content=\"Die Agentur f\u00fcr Tourismus und Lifestyle Gretz Communications holt sich Estland ins Portfolio. Das Mandat besteht darin, die Reisedestination in den n\u00e4chsten Jahren als eigenst\u00e4ndiges Ferienziel in der Schweizer Tourismuslandschaft zu etablieren.\" \/>\n<meta name=\"robots\" content=\"index, follow, max-snippet:-1, max-image-preview:large, max-video-preview:-1\" \/>\n<link rel=\"canonical\" href=\"https:\/\/www.werbewoche.ch\/de\/marketing\/2022-05-13\/gretz-communications-hat-neu-estland-im-portfolio\/\" \/>\n<meta property=\"og:locale\" content=\"fr_FR\" \/>\n<meta property=\"og:type\" content=\"article\" \/>\n<meta property=\"og:title\" content=\"Gretz Communications hat neu Estland im Portfolio - Organisator\" \/>\n<meta property=\"og:description\" content=\"Die Agentur f\u00fcr Tourismus und Lifestyle Gretz Communications holt sich Estland ins Portfolio. Das Mandat besteht darin, die Reisedestination in den n\u00e4chsten Jahren als eigenst\u00e4ndiges Ferienziel in der Schweizer Tourismuslandschaft zu etablieren.\" \/>\n<meta property=\"og:url\" content=\"https:\/\/www.werbewoche.ch\/de\/marketing\/2022-05-13\/gretz-communications-hat-neu-estland-im-portfolio\/\" \/>\n<meta property=\"og:site_name\" content=\"Organisator\" \/>\n<meta property=\"article:publisher\" content=\"https:\/\/www.facebook.com\/OrganisatorFachmagazin\" \/>\n<meta property=\"article:published_time\" content=\"2022-05-13T15:26:50+00:00\" \/>\n<meta property=\"article:modified_time\" content=\"2022-08-01T13:00:17+00:00\" \/>\n<meta property=\"og:image\" content=\"https:\/\/www.werbewoche.ch\/wp-content\/uploads\/2022\/05\/Tallinn-Old-Town_Kaupo-Kalda1-1024x512.jpg\" \/>\n<meta name=\"author\" content=\"galledia\" \/>\n<meta name=\"twitter:card\" content=\"summary_large_image\" \/>\n<meta name=\"twitter:creator\" content=\"@admin\" \/>\n<script type=\"application\/ld+json\" class=\"yoast-schema-graph\">{\"@context\":\"https:\\\/\\\/schema.org\",\"@graph\":[{\"@type\":\"Article\",\"@id\":\"https:\\\/\\\/www.werbewoche.ch\\\/de\\\/marketing\\\/2022-05-13\\\/gretz-communications-hat-neu-estland-im-portfolio\\\/#article\",\"isPartOf\":{\"@id\":\"https:\\\/\\\/www.organisator.ch\\\/marketing\\\/2022-05-13\\\/gretz-communications-hat-neu-estland-im-portfolio\\\/\"},\"author\":{\"name\":\"galledia\",\"@id\":\"https:\\\/\\\/www.organisator.ch\\\/#\\\/schema\\\/person\\\/4e51799071cd2dd1232ac003643ef5f0\"},\"headline\":\"Gretz Communications hat neu Estland im Portfolio\",\"datePublished\":\"2022-05-13T15:26:50+00:00\",\"dateModified\":\"2022-08-01T13:00:17+00:00\",\"mainEntityOfPage\":{\"@id\":\"https:\\\/\\\/www.organisator.ch\\\/marketing\\\/2022-05-13\\\/gretz-communications-hat-neu-estland-im-portfolio\\\/\"},\"wordCount\":143,\"publisher\":{\"@id\":\"https:\\\/\\\/www.organisator.ch\\\/#organization\"},\"image\":{\"@id\":\"https:\\\/\\\/www.werbewoche.ch\\\/de\\\/marketing\\\/2022-05-13\\\/gretz-communications-hat-neu-estland-im-portfolio\\\/#primaryimage\"},\"thumbnailUrl\":\"https:\\\/\\\/www.werbewoche.ch\\\/wp-content\\\/uploads\\\/2022\\\/05\\\/Tallinn-Old-Town_Kaupo-Kalda1-1024x512.jpg\",\"keywords\":[\"Estland\",\"Etats\",\"Portfolio\"],\"articleSection\":[\"MARKETING\"],\"inLanguage\":\"fr-FR\"},{\"@type\":\"WebPage\",\"@id\":\"https:\\\/\\\/www.organisator.ch\\\/marketing\\\/2022-05-13\\\/gretz-communications-hat-neu-estland-im-portfolio\\\/\",\"url\":\"https:\\\/\\\/www.werbewoche.ch\\\/de\\\/marketing\\\/2022-05-13\\\/gretz-communications-hat-neu-estland-im-portfolio\\\/\",\"name\":\"Gretz Communications hat neu Estland im Portfolio - Organisator\",\"isPartOf\":{\"@id\":\"https:\\\/\\\/www.organisator.ch\\\/#website\"},\"primaryImageOfPage\":{\"@id\":\"https:\\\/\\\/www.werbewoche.ch\\\/de\\\/marketing\\\/2022-05-13\\\/gretz-communications-hat-neu-estland-im-portfolio\\\/#primaryimage\"},\"image\":{\"@id\":\"https:\\\/\\\/www.werbewoche.ch\\\/de\\\/marketing\\\/2022-05-13\\\/gretz-communications-hat-neu-estland-im-portfolio\\\/#primaryimage\"},\"thumbnailUrl\":\"https:\\\/\\\/www.werbewoche.ch\\\/wp-content\\\/uploads\\\/2022\\\/05\\\/Tallinn-Old-Town_Kaupo-Kalda1-1024x512.jpg\",\"datePublished\":\"2022-05-13T15:26:50+00:00\",\"dateModified\":\"2022-08-01T13:00:17+00:00\",\"description\":\"Die Agentur f\u00fcr Tourismus und Lifestyle Gretz Communications holt sich Estland ins Portfolio. Das Mandat besteht darin, die Reisedestination in den n\u00e4chsten Jahren als eigenst\u00e4ndiges Ferienziel in der Schweizer Tourismuslandschaft zu etablieren.\",\"breadcrumb\":{\"@id\":\"https:\\\/\\\/www.werbewoche.ch\\\/de\\\/marketing\\\/2022-05-13\\\/gretz-communications-hat-neu-estland-im-portfolio\\\/#breadcrumb\"},\"inLanguage\":\"fr-FR\",\"potentialAction\":[{\"@type\":\"ReadAction\",\"target\":[\"https:\\\/\\\/www.werbewoche.ch\\\/de\\\/marketing\\\/2022-05-13\\\/gretz-communications-hat-neu-estland-im-portfolio\\\/\"]}]},{\"@type\":\"ImageObject\",\"inLanguage\":\"fr-FR\",\"@id\":\"https:\\\/\\\/www.werbewoche.ch\\\/de\\\/marketing\\\/2022-05-13\\\/gretz-communications-hat-neu-estland-im-portfolio\\\/#primaryimage\",\"url\":\"https:\\\/\\\/www.werbewoche.ch\\\/wp-content\\\/uploads\\\/2022\\\/05\\\/Tallinn-Old-Town_Kaupo-Kalda1-1024x512.jpg\",\"contentUrl\":\"https:\\\/\\\/www.werbewoche.ch\\\/wp-content\\\/uploads\\\/2022\\\/05\\\/Tallinn-Old-Town_Kaupo-Kalda1-1024x512.jpg\"},{\"@type\":\"BreadcrumbList\",\"@id\":\"https:\\\/\\\/www.werbewoche.ch\\\/de\\\/marketing\\\/2022-05-13\\\/gretz-communications-hat-neu-estland-im-portfolio\\\/#breadcrumb\",\"itemListElement\":[{\"@type\":\"ListItem\",\"position\":1,\"name\":\"Home\",\"item\":\"https:\\\/\\\/www.organisator.ch\\\/\"},{\"@type\":\"ListItem\",\"position\":2,\"name\":\"Gretz Communications hat neu Estland im Portfolio\"}]},{\"@type\":\"WebSite\",\"@id\":\"https:\\\/\\\/www.organisator.ch\\\/#website\",\"url\":\"https:\\\/\\\/www.organisator.ch\\\/\",\"name\":\"Organisator\",\"description\":\"Kompetent. Praxisnah. Der ORGANISATOR bereitet in 10 Ausgaben pro Jahr die wesentlichen Themen f\u00fcr F\u00fchrungskr\u00e4fte von KMU auf.\",\"publisher\":{\"@id\":\"https:\\\/\\\/www.organisator.ch\\\/#organization\"},\"potentialAction\":[{\"@type\":\"SearchAction\",\"target\":{\"@type\":\"EntryPoint\",\"urlTemplate\":\"https:\\\/\\\/www.organisator.ch\\\/?s={search_term_string}\"},\"query-input\":{\"@type\":\"PropertyValueSpecification\",\"valueRequired\":true,\"valueName\":\"search_term_string\"}}],\"inLanguage\":\"fr-FR\"},{\"@type\":\"Organization\",\"@id\":\"https:\\\/\\\/www.organisator.ch\\\/#organization\",\"name\":\"Organisator\",\"url\":\"https:\\\/\\\/www.organisator.ch\\\/\",\"logo\":{\"@type\":\"ImageObject\",\"inLanguage\":\"fr-FR\",\"@id\":\"https:\\\/\\\/www.organisator.ch\\\/#\\\/schema\\\/logo\\\/image\\\/\",\"url\":\"https:\\\/\\\/www.organisator.ch\\\/wp-content\\\/uploads\\\/2022\\\/01\\\/Logo_Organisator_Website.png\",\"contentUrl\":\"https:\\\/\\\/www.organisator.ch\\\/wp-content\\\/uploads\\\/2022\\\/01\\\/Logo_Organisator_Website.png\",\"width\":800,\"height\":77,\"caption\":\"Organisator\"},\"image\":{\"@id\":\"https:\\\/\\\/www.organisator.ch\\\/#\\\/schema\\\/logo\\\/image\\\/\"},\"sameAs\":[\"https:\\\/\\\/www.facebook.com\\\/OrganisatorFachmagazin\",\"https:\\\/\\\/www.linkedin.com\\\/showcase\\\/organisator-das-magazin-fr-kmu\",\"https:\\\/\\\/www.xing.com\\\/news\\\/pages\\\/organisator-ch-695\",\"https:\\\/\\\/www.youtube.com\\\/channel\\\/UCGP2Sq0iWaZwT3BdIAQFYpw\"]},{\"@type\":\"Person\",\"@id\":\"https:\\\/\\\/www.organisator.ch\\\/#\\\/schema\\\/person\\\/4e51799071cd2dd1232ac003643ef5f0\",\"name\":\"galledia\",\"image\":{\"@type\":\"ImageObject\",\"inLanguage\":\"fr-FR\",\"@id\":\"https:\\\/\\\/secure.gravatar.com\\\/avatar\\\/78a7f90c01fc2bfc875782a0d4922b37cde2cf184ce347b91316d23cd7f69a36?s=96&d=mm&r=g\",\"url\":\"https:\\\/\\\/secure.gravatar.com\\\/avatar\\\/78a7f90c01fc2bfc875782a0d4922b37cde2cf184ce347b91316d23cd7f69a36?s=96&d=mm&r=g\",\"contentUrl\":\"https:\\\/\\\/secure.gravatar.com\\\/avatar\\\/78a7f90c01fc2bfc875782a0d4922b37cde2cf184ce347b91316d23cd7f69a36?s=96&d=mm&r=g\",\"caption\":\"galledia\"},\"sameAs\":[\"https:\\\/\\\/x.com\\\/admin\"],\"url\":\"https:\\\/\\\/www.organisator.ch\\\/fr\\\/author\\\/galledia\\\/\"}]}<\/script>\n<!-- \/ Yoast SEO plugin. -->","yoast_head_json":{"title":"Gretz Communications a d\u00e9sormais l'Estonie dans son portefeuille - Organisateur","description":"L'agence de tourisme et d'art de vivre Gretz Communications int\u00e8gre l'Estonie \u00e0 son portefeuille. Le mandat consiste \u00e0 faire de cette destination touristique une destination de vacances \u00e0 part enti\u00e8re dans le paysage touristique suisse au cours des prochaines ann\u00e9es.","robots":{"index":"index","follow":"follow","max-snippet":"max-snippet:-1","max-image-preview":"max-image-preview:large","max-video-preview":"max-video-preview:-1"},"canonical":"https:\/\/www.werbewoche.ch\/de\/marketing\/2022-05-13\/gretz-communications-hat-neu-estland-im-portfolio\/","og_locale":"fr_FR","og_type":"article","og_title":"Gretz Communications hat neu Estland im Portfolio - Organisator","og_description":"Die Agentur f\u00fcr Tourismus und Lifestyle Gretz Communications holt sich Estland ins Portfolio. Das Mandat besteht darin, die Reisedestination in den n\u00e4chsten Jahren als eigenst\u00e4ndiges Ferienziel in der Schweizer Tourismuslandschaft zu etablieren.","og_url":"https:\/\/www.werbewoche.ch\/de\/marketing\/2022-05-13\/gretz-communications-hat-neu-estland-im-portfolio\/","og_site_name":"Organisator","article_publisher":"https:\/\/www.facebook.com\/OrganisatorFachmagazin","article_published_time":"2022-05-13T15:26:50+00:00","article_modified_time":"2022-08-01T13:00:17+00:00","og_image":[{"url":"https:\/\/www.werbewoche.ch\/wp-content\/uploads\/2022\/05\/Tallinn-Old-Town_Kaupo-Kalda1-1024x512.jpg","type":"","width":"","height":""}],"author":"galledia","twitter_card":"summary_large_image","twitter_creator":"@admin","schema":{"@context":"https:\/\/schema.org","@graph":[{"@type":"Article","@id":"https:\/\/www.werbewoche.ch\/de\/marketing\/2022-05-13\/gretz-communications-hat-neu-estland-im-portfolio\/#article","isPartOf":{"@id":"https:\/\/www.organisator.ch\/marketing\/2022-05-13\/gretz-communications-hat-neu-estland-im-portfolio\/"},"author":{"name":"galledia","@id":"https:\/\/www.organisator.ch\/#\/schema\/person\/4e51799071cd2dd1232ac003643ef5f0"},"headline":"Gretz Communications hat neu Estland im Portfolio","datePublished":"2022-05-13T15:26:50+00:00","dateModified":"2022-08-01T13:00:17+00:00","mainEntityOfPage":{"@id":"https:\/\/www.organisator.ch\/marketing\/2022-05-13\/gretz-communications-hat-neu-estland-im-portfolio\/"},"wordCount":143,"publisher":{"@id":"https:\/\/www.organisator.ch\/#organization"},"image":{"@id":"https:\/\/www.werbewoche.ch\/de\/marketing\/2022-05-13\/gretz-communications-hat-neu-estland-im-portfolio\/#primaryimage"},"thumbnailUrl":"https:\/\/www.werbewoche.ch\/wp-content\/uploads\/2022\/05\/Tallinn-Old-Town_Kaupo-Kalda1-1024x512.jpg","keywords":["Estland","Etats","Portfolio"],"articleSection":["MARKETING"],"inLanguage":"fr-FR"},{"@type":"WebPage","@id":"https:\/\/www.organisator.ch\/marketing\/2022-05-13\/gretz-communications-hat-neu-estland-im-portfolio\/","url":"https:\/\/www.werbewoche.ch\/de\/marketing\/2022-05-13\/gretz-communications-hat-neu-estland-im-portfolio\/","name":"Gretz Communications a d\u00e9sormais l'Estonie dans son portefeuille - Organisateur","isPartOf":{"@id":"https:\/\/www.organisator.ch\/#website"},"primaryImageOfPage":{"@id":"https:\/\/www.werbewoche.ch\/de\/marketing\/2022-05-13\/gretz-communications-hat-neu-estland-im-portfolio\/#primaryimage"},"image":{"@id":"https:\/\/www.werbewoche.ch\/de\/marketing\/2022-05-13\/gretz-communications-hat-neu-estland-im-portfolio\/#primaryimage"},"thumbnailUrl":"https:\/\/www.werbewoche.ch\/wp-content\/uploads\/2022\/05\/Tallinn-Old-Town_Kaupo-Kalda1-1024x512.jpg","datePublished":"2022-05-13T15:26:50+00:00","dateModified":"2022-08-01T13:00:17+00:00","description":"L'agence de tourisme et d'art de vivre Gretz Communications int\u00e8gre l'Estonie \u00e0 son portefeuille. Le mandat consiste \u00e0 faire de cette destination touristique une destination de vacances \u00e0 part enti\u00e8re dans le paysage touristique suisse au cours des prochaines ann\u00e9es.","breadcrumb":{"@id":"https:\/\/www.werbewoche.ch\/de\/marketing\/2022-05-13\/gretz-communications-hat-neu-estland-im-portfolio\/#breadcrumb"},"inLanguage":"fr-FR","potentialAction":[{"@type":"ReadAction","target":["https:\/\/www.werbewoche.ch\/de\/marketing\/2022-05-13\/gretz-communications-hat-neu-estland-im-portfolio\/"]}]},{"@type":"ImageObject","inLanguage":"fr-FR","@id":"https:\/\/www.werbewoche.ch\/de\/marketing\/2022-05-13\/gretz-communications-hat-neu-estland-im-portfolio\/#primaryimage","url":"https:\/\/www.werbewoche.ch\/wp-content\/uploads\/2022\/05\/Tallinn-Old-Town_Kaupo-Kalda1-1024x512.jpg","contentUrl":"https:\/\/www.werbewoche.ch\/wp-content\/uploads\/2022\/05\/Tallinn-Old-Town_Kaupo-Kalda1-1024x512.jpg"},{"@type":"BreadcrumbList","@id":"https:\/\/www.werbewoche.ch\/de\/marketing\/2022-05-13\/gretz-communications-hat-neu-estland-im-portfolio\/#breadcrumb","itemListElement":[{"@type":"ListItem","position":1,"name":"Home","item":"https:\/\/www.organisator.ch\/"},{"@type":"ListItem","position":2,"name":"Gretz Communications hat neu Estland im Portfolio"}]},{"@type":"WebSite","@id":"https:\/\/www.organisator.ch\/#website","url":"https:\/\/www.organisator.ch\/","name":"Organisateur","description":"Comp\u00e9tence et comp\u00e9tence. Proches de la pratique. L'ORGANISATEUR pr\u00e9pare 10 num\u00e9ros par an sur les th\u00e8mes essentiels pour les dirigeants de PME.","publisher":{"@id":"https:\/\/www.organisator.ch\/#organization"},"potentialAction":[{"@type":"SearchAction","target":{"@type":"EntryPoint","urlTemplate":"https:\/\/www.organisator.ch\/?s={search_term_string}"},"query-input":{"@type":"PropertyValueSpecification","valueRequired":true,"valueName":"search_term_string"}}],"inLanguage":"fr-FR"},{"@type":"Organization","@id":"https:\/\/www.organisator.ch\/#organization","name":"Organisateur","url":"https:\/\/www.organisator.ch\/","logo":{"@type":"ImageObject","inLanguage":"fr-FR","@id":"https:\/\/www.organisator.ch\/#\/schema\/logo\/image\/","url":"https:\/\/www.organisator.ch\/wp-content\/uploads\/2022\/01\/Logo_Organisator_Website.png","contentUrl":"https:\/\/www.organisator.ch\/wp-content\/uploads\/2022\/01\/Logo_Organisator_Website.png","width":800,"height":77,"caption":"Organisator"},"image":{"@id":"https:\/\/www.organisator.ch\/#\/schema\/logo\/image\/"},"sameAs":["https:\/\/www.facebook.com\/OrganisatorFachmagazin","https:\/\/www.linkedin.com\/showcase\/organisator-das-magazin-fr-kmu","https:\/\/www.xing.com\/news\/pages\/organisator-ch-695","https:\/\/www.youtube.com\/channel\/UCGP2Sq0iWaZwT3BdIAQFYpw"]},{"@type":"Person","@id":"https:\/\/www.organisator.ch\/#\/schema\/person\/4e51799071cd2dd1232ac003643ef5f0","name":"galledia","image":{"@type":"ImageObject","inLanguage":"fr-FR","@id":"https:\/\/secure.gravatar.com\/avatar\/78a7f90c01fc2bfc875782a0d4922b37cde2cf184ce347b91316d23cd7f69a36?s=96&d=mm&r=g","url":"https:\/\/secure.gravatar.com\/avatar\/78a7f90c01fc2bfc875782a0d4922b37cde2cf184ce347b91316d23cd7f69a36?s=96&d=mm&r=g","contentUrl":"https:\/\/secure.gravatar.com\/avatar\/78a7f90c01fc2bfc875782a0d4922b37cde2cf184ce347b91316d23cd7f69a36?s=96&d=mm&r=g","caption":"galledia"},"sameAs":["https:\/\/x.com\/admin"],"url":"https:\/\/www.organisator.ch\/fr\/author\/galledia\/"}]}},"_links":{"self":[{"href":"https:\/\/www.organisator.ch\/fr\/wp-json\/wp\/v2\/posts\/12876","targetHints":{"allow":["GET"]}}],"collection":[{"href":"https:\/\/www.organisator.ch\/fr\/wp-json\/wp\/v2\/posts"}],"about":[{"href":"https:\/\/www.organisator.ch\/fr\/wp-json\/wp\/v2\/types\/post"}],"author":[{"embeddable":true,"href":"https:\/\/www.organisator.ch\/fr\/wp-json\/wp\/v2\/users\/8"}],"replies":[{"embeddable":true,"href":"https:\/\/www.organisator.ch\/fr\/wp-json\/wp\/v2\/comments?post=12876"}],"version-history":[{"count":3,"href":"https:\/\/www.organisator.ch\/fr\/wp-json\/wp\/v2\/posts\/12876\/revisions"}],"predecessor-version":[{"id":16089,"href":"https:\/\/www.organisator.ch\/fr\/wp-json\/wp\/v2\/posts\/12876\/revisions\/16089"}],"wp:attachment":[{"href":"https:\/\/www.organisator.ch\/fr\/wp-json\/wp\/v2\/media?parent=12876"}],"wp:term":[{"taxonomy":"category","embeddable":true,"href":"https:\/\/www.organisator.ch\/fr\/wp-json\/wp\/v2\/categories?post=12876"},{"taxonomy":"post_tag","embeddable":true,"href":"https:\/\/www.organisator.ch\/fr\/wp-json\/wp\/v2\/tags?post=12876"}],"curies":[{"name":"wp","href":"https:\/\/api.w.org\/{rel}","templated":true}]}}