{"id":12881,"date":"2022-05-16T08:47:13","date_gmt":"2022-05-16T06:47:13","guid":{"rendered":"https:\/\/www.organisator.ch\/?p=12881"},"modified":"2022-05-16T08:47:13","modified_gmt":"2022-05-16T06:47:13","slug":"e-cargobikes-zentralschweizer-betriebe-erhalten-unterstuetzung","status":"publish","type":"post","link":"https:\/\/www.organisator.ch\/fr\/sustainability\/2022-05-16\/e-cargobikes-zentralschweizer-betriebe-erhalten-unterstuetzung\/","title":{"rendered":"E-cargobikes : les entreprises de Suisse centrale re\u00e7oivent un soutien"},"content":{"rendered":"<figure id=\"attachment_12882\" aria-describedby=\"caption-attachment-12882\" style=\"width: 680px\" class=\"wp-caption alignnone\"><img loading=\"lazy\" decoding=\"async\" class=\"size-full wp-image-12882\" src=\"https:\/\/www.organisator.ch\/wp-content\/uploads\/2022\/05\/E-Cargobikes-Zentralschweizer-Betriebe-erhalten-Unterstuetzung_Organisator.jpg\" alt=\"\" width=\"680\" height=\"454\" srcset=\"https:\/\/www.organisator.ch\/wp-content\/uploads\/2022\/05\/E-Cargobikes-Zentralschweizer-Betriebe-erhalten-Unterstuetzung_Organisator.jpg 680w, https:\/\/www.organisator.ch\/wp-content\/uploads\/2022\/05\/E-Cargobikes-Zentralschweizer-Betriebe-erhalten-Unterstuetzung_Organisator-18x12.jpg 18w, https:\/\/www.organisator.ch\/wp-content\/uploads\/2022\/05\/E-Cargobikes-Zentralschweizer-Betriebe-erhalten-Unterstuetzung_Organisator-262x175.jpg 262w, https:\/\/www.organisator.ch\/wp-content\/uploads\/2022\/05\/E-Cargobikes-Zentralschweizer-Betriebe-erhalten-Unterstuetzung_Organisator-524x350.jpg 524w, https:\/\/www.organisator.ch\/wp-content\/uploads\/2022\/05\/E-Cargobikes-Zentralschweizer-Betriebe-erhalten-Unterstuetzung_Organisator-300x200.jpg 300w\" sizes=\"auto, (max-width: 680px) 100vw, 680px\" \/><figcaption id=\"caption-attachment-12882\" class=\"wp-caption-text\">Avec le nouveau v\u00e9lo-cargo \u00e9lectrique et sa remorque, Sascha Zbinden est plus rapidement chez ses clients et de retour \u00e0 son atelier. (Photo : Marcel Kaufmann \/ zVg AKS)<\/figcaption><\/figure>\n<p>Cr\u00e9\u00e9e en 1997, la Fondation Albert Koechlin (AKS) soutient r\u00e9guli\u00e8rement des projets durables en Suisse centrale dans les domaines du social, de l'\u00e9ducation, de la culture, de l'\u00e9conomie et de l'environnement. Conform\u00e9ment \u00e0 l'objectif de la fondation, l'int\u00e9r\u00eat g\u00e9n\u00e9ral est toujours au centre des pr\u00e9occupations. Actuellement, la fondation soutient, dans le cadre du projet \"clever unterwegs\", les entreprises qui souhaitent modifier durablement leur logistique en achetant un v\u00e9lo-cargo \u00e9lectrique. Les entreprises de Suisse centrale ont le choix entre un nombre limit\u00e9 de mod\u00e8les de cargobikes \u00e9lectriques ou de remorques. Les entreprises int\u00e9ress\u00e9es peuvent d\u00e8s \u00e0 pr\u00e9sent s'informer et postuler en ligne sur cleverunterwegs.ch\/e-cargobike. La fen\u00eatre de candidature actuelle est ouverte jusqu'\u00e0 ce que tous les e-cargobikes disponibles cette ann\u00e9e aient \u00e9t\u00e9 attribu\u00e9s. Une prochaine fen\u00eatre de candidature est pr\u00e9vue au printemps 2023.<\/p>\n<h3>La fondation prend en charge 60% des co\u00fbts d'acquisition<\/h3>\n<p>L'int\u00e9gration de cargobikes \u00e9lectriques implique des changements dans le quotidien de l'entreprise ainsi que des investissements pr\u00e9alables. Gr\u00e2ce au soutien financier de la CAS, l'achat d'un e-cargobike devient supportable et finan\u00e7able. Les entreprises qui souhaitent remplacer les trajets effectu\u00e9s jusqu'\u00e0 pr\u00e9sent en voiture ou en camionnette par un e-cargobike b\u00e9n\u00e9ficient d'un soutien financier de la fondation \u00e0 hauteur de 60% des co\u00fbts d'acquisition. Le paquet global comprend, outre l'achat, un premier service apr\u00e8s un an ainsi que l'\u00e9tiquetage appropri\u00e9.<\/p>\n<p>Les entreprises dont la candidature est retenue peuvent se faire conseiller par le revendeur sp\u00e9cialis\u00e9 Velociped \u00e0 Kriens, voir les mod\u00e8les disponibles et les tester. Une fois le mod\u00e8le choisi, le marquage est r\u00e9alis\u00e9 en accord avec l'entreprise, de sorte que les entreprises puissent recevoir leur e-cargobike cet \u00e9t\u00e9 encore.<\/p>\n<h3>E-cargobikes : avantages sur les courtes distances<\/h3>\n<p>L'utilisation d'un e-cargobike pr\u00e9sente de nombreux avantages pour les entreprises. Pour les trajets urbains jusqu'\u00e0 3 kilom\u00e8tres, l'e-cargobike est plus rapide que les voitures ou les camionnettes. Les entreprises atteignent ainsi leurs clients ou leurs filiales plus rapidement et plus efficacement, sans perdre de temps dans les embouteillages ou \u00e0 chercher une place de parking. De plus, l'utilisation d'un e-cargobike peut mettre l'accent sur l'engagement en faveur de la protection du climat. Toutefois, jusqu'\u00e0 pr\u00e9sent, seules quelques entreprises ont d\u00e9couvert ces avantages et os\u00e9 acqu\u00e9rir un e-cargobike. Selon le chef de projet Andreas Merz, la fondation Albert Koechlin veut, par son engagement, lever cet obstacle et aider l'e-cargobike \u00e0 percer : \"Nous ouvrons ainsi aux entreprises une forme de mobilit\u00e9 suppl\u00e9mentaire et durable, qui s'est \u00e9tablie depuis longtemps dans la mobilit\u00e9 priv\u00e9e des familles\".<\/p>\n<h3>Mise en \u0153uvre r\u00e9ussie avec des entreprises pilotes<\/h3>\n<p>En collaboration avec Feinwerk et El Imposible Roasters, AKS a d\u00e9j\u00e0 pu mettre en service les deux premiers e-cargobikes et remorques dans le cadre d'un projet pilote. Pour l'\u00e9quipe de Feinwerk, c'est la concr\u00e9tisation d'un r\u00eave de longue date, selon le propri\u00e9taire Sacha Zbinden : \"Comme nous travaillons souvent au centre de Lucerne, l'e-cargobike et sa remorque nous permettent de nous rendre plus rapidement et plus facilement chez le client et de revenir \u00e0 l'atelier\".<\/p>\n<p>Pour Mario Waldisp\u00fchl, copropri\u00e9taire du torr\u00e9facteur El Imposible Roasters de Horw et restaurateur, la nouvelle remorque offre \u00e9galement de nombreux avantages : \"Gr\u00e2ce \u00e0 la grande remorque, nous pouvons effectuer la livraison de caf\u00e9 de mani\u00e8re plus efficace et, \u00e0 l'avenir, nous pourrons en outre nous rendre \u00e0 des manifestations dans les environs et servir du caf\u00e9 directement depuis la remorque. Nous pouvons ainsi faire un pas de plus vers une consommation de caf\u00e9 durable\".<\/p>\n<p><em>Plus d'informations : <a href=\"https:\/\/www.cleverunterwegs.ch\/veloverkehr\/e-cargobike\">cleverunterwegs.ch\/e-cargobike<\/a><\/em><\/p>","protected":false},"excerpt":{"rendered":"<p>Die 1997 gegr\u00fcndete Albert Koechlin Stiftung (AKS) unterst\u00fctzt in der Zentralschweiz regelm\u00e4ssig nachhaltige Projekte in den Bereichen Soziales, Bildung, Kultur, Wirtschaft und Umwelt. Dabei steht gem\u00e4ss Stiftungszweck immer das Gemeinwohl im Zentrum. Aktuell unterst\u00fctzt die Stiftung im Rahmen des Projekts \u00abclever unterwegs\u00bb Betriebe, die mit der Anschaffung eines E-Cargobikes ihre Logistik nachhaltig ver\u00e4ndern wollen. Innerschweizer [&hellip;]<\/p>\n","protected":false},"author":4,"featured_media":12882,"comment_status":"closed","ping_status":"closed","sticky":false,"template":"","format":"standard","meta":{"_acf_changed":false,"_yoast_wpseo_focuskw":"E-Cargobikes","_yoast_wpseo_metadesc":"Die Albert Koechlin Stiftung unterst\u00fctzt in der Innerschweiz Betriebe bei der Anschaffung eines E-Cargobikes.","articlekey":"","footnotes":""},"categories":[580],"tags":[328,358,1775,2856],"class_list":["post-12881","post","type-post","status-publish","format-standard","has-post-thumbnail","hentry","category-sustainability","tag-logistik","tag-nachhaltige-wirtschaft","tag-nachhaltiger-verkehr","tag-zentralschweiz"],"acf":[],"yoast_head":"<!-- This site is optimized with the Yoast SEO plugin v27.5 - https:\/\/yoast.com\/product\/yoast-seo-wordpress\/ -->\n<title>E-Cargobikes: Zentralschweizer Betriebe erhalten Unterst\u00fctzung - Organisator<\/title>\n<meta name=\"description\" content=\"Die Albert Koechlin Stiftung unterst\u00fctzt in der Innerschweiz Betriebe bei der Anschaffung eines E-Cargobikes.\" \/>\n<meta name=\"robots\" content=\"index, follow, max-snippet:-1, max-image-preview:large, max-video-preview:-1\" \/>\n<link rel=\"canonical\" href=\"https:\/\/www.organisator.ch\/fr\/sustainability\/2022-05-16\/e-cargobikes-zentralschweizer-betriebe-erhalten-unterstuetzung\/\" \/>\n<meta property=\"og:locale\" content=\"fr_FR\" \/>\n<meta property=\"og:type\" content=\"article\" \/>\n<meta property=\"og:title\" content=\"E-Cargobikes: Zentralschweizer Betriebe erhalten Unterst\u00fctzung\" \/>\n<meta property=\"og:description\" content=\"Die Albert Koechlin Stiftung unterst\u00fctzt in der Innerschweiz Betriebe bei der Anschaffung eines E-Cargobikes.\" \/>\n<meta property=\"og:url\" content=\"https:\/\/www.organisator.ch\/fr\/sustainability\/2022-05-16\/e-cargobikes-zentralschweizer-betriebe-erhalten-unterstuetzung\/\" \/>\n<meta property=\"og:site_name\" content=\"Organisator\" \/>\n<meta property=\"article:publisher\" content=\"https:\/\/www.facebook.com\/OrganisatorFachmagazin\" \/>\n<meta property=\"article:published_time\" content=\"2022-05-16T06:47:13+00:00\" \/>\n<meta property=\"og:image\" content=\"https:\/\/www.organisator.ch\/wp-content\/uploads\/2022\/05\/E-Cargobikes-Zentralschweizer-Betriebe-erhalten-Unterstuetzung_Organisator.jpg\" \/>\n\t<meta property=\"og:image:width\" content=\"680\" \/>\n\t<meta property=\"og:image:height\" content=\"454\" \/>\n\t<meta property=\"og:image:type\" content=\"image\/jpeg\" \/>\n<meta name=\"author\" content=\"thomas.berner\" \/>\n<meta name=\"twitter:card\" content=\"summary_large_image\" \/>\n<meta name=\"twitter:title\" content=\"#E-Cargobikes: Zentralschweizer Betriebe erhalten #Unterst\u00fctzung\" \/>\n<meta name=\"twitter:description\" content=\"Die Albert Koechlin Stiftung #AKS unterst\u00fctzt in der Innerschweiz Betriebe bei der Anschaffung eines #E-Cargobikes.\" \/>\n<meta name=\"twitter:image\" content=\"https:\/\/www.organisator.ch\/wp-content\/uploads\/2022\/05\/E-Cargobikes-Zentralschweizer-Betriebe-erhalten-Unterstuetzung_Organisator.jpg\" \/>\n<script type=\"application\/ld+json\" class=\"yoast-schema-graph\">{\"@context\":\"https:\\\/\\\/schema.org\",\"@graph\":[{\"@type\":\"Article\",\"@id\":\"https:\\\/\\\/www.organisator.ch\\\/sustainability\\\/2022-05-16\\\/e-cargobikes-zentralschweizer-betriebe-erhalten-unterstuetzung\\\/#article\",\"isPartOf\":{\"@id\":\"https:\\\/\\\/www.organisator.ch\\\/sustainability\\\/2022-05-16\\\/e-cargobikes-zentralschweizer-betriebe-erhalten-unterstuetzung\\\/\"},\"author\":{\"name\":\"thomas.berner\",\"@id\":\"https:\\\/\\\/www.organisator.ch\\\/#\\\/schema\\\/person\\\/6f650f90b2842cd4c0cc334b4e36f67e\"},\"headline\":\"E-Cargobikes: Zentralschweizer Betriebe erhalten Unterst\u00fctzung\",\"datePublished\":\"2022-05-16T06:47:13+00:00\",\"mainEntityOfPage\":{\"@id\":\"https:\\\/\\\/www.organisator.ch\\\/sustainability\\\/2022-05-16\\\/e-cargobikes-zentralschweizer-betriebe-erhalten-unterstuetzung\\\/\"},\"wordCount\":575,\"publisher\":{\"@id\":\"https:\\\/\\\/www.organisator.ch\\\/#organization\"},\"image\":{\"@id\":\"https:\\\/\\\/www.organisator.ch\\\/sustainability\\\/2022-05-16\\\/e-cargobikes-zentralschweizer-betriebe-erhalten-unterstuetzung\\\/#primaryimage\"},\"thumbnailUrl\":\"https:\\\/\\\/www.organisator.ch\\\/wp-content\\\/uploads\\\/2022\\\/05\\\/E-Cargobikes-Zentralschweizer-Betriebe-erhalten-Unterstuetzung_Organisator.jpg\",\"keywords\":[\"Logistik\",\"Nachhaltige Wirtschaft\",\"Nachhaltiger Verkehr\",\"Zentralschweiz\"],\"articleSection\":[\"SUSTAINABILITY\"],\"inLanguage\":\"fr-FR\"},{\"@type\":\"WebPage\",\"@id\":\"https:\\\/\\\/www.organisator.ch\\\/sustainability\\\/2022-05-16\\\/e-cargobikes-zentralschweizer-betriebe-erhalten-unterstuetzung\\\/\",\"url\":\"https:\\\/\\\/www.organisator.ch\\\/sustainability\\\/2022-05-16\\\/e-cargobikes-zentralschweizer-betriebe-erhalten-unterstuetzung\\\/\",\"name\":\"E-Cargobikes: Zentralschweizer Betriebe erhalten Unterst\u00fctzung - Organisator\",\"isPartOf\":{\"@id\":\"https:\\\/\\\/www.organisator.ch\\\/#website\"},\"primaryImageOfPage\":{\"@id\":\"https:\\\/\\\/www.organisator.ch\\\/sustainability\\\/2022-05-16\\\/e-cargobikes-zentralschweizer-betriebe-erhalten-unterstuetzung\\\/#primaryimage\"},\"image\":{\"@id\":\"https:\\\/\\\/www.organisator.ch\\\/sustainability\\\/2022-05-16\\\/e-cargobikes-zentralschweizer-betriebe-erhalten-unterstuetzung\\\/#primaryimage\"},\"thumbnailUrl\":\"https:\\\/\\\/www.organisator.ch\\\/wp-content\\\/uploads\\\/2022\\\/05\\\/E-Cargobikes-Zentralschweizer-Betriebe-erhalten-Unterstuetzung_Organisator.jpg\",\"datePublished\":\"2022-05-16T06:47:13+00:00\",\"description\":\"Die Albert Koechlin Stiftung unterst\u00fctzt in der Innerschweiz Betriebe bei der Anschaffung eines E-Cargobikes.\",\"breadcrumb\":{\"@id\":\"https:\\\/\\\/www.organisator.ch\\\/sustainability\\\/2022-05-16\\\/e-cargobikes-zentralschweizer-betriebe-erhalten-unterstuetzung\\\/#breadcrumb\"},\"inLanguage\":\"fr-FR\",\"potentialAction\":[{\"@type\":\"ReadAction\",\"target\":[\"https:\\\/\\\/www.organisator.ch\\\/sustainability\\\/2022-05-16\\\/e-cargobikes-zentralschweizer-betriebe-erhalten-unterstuetzung\\\/\"]}]},{\"@type\":\"ImageObject\",\"inLanguage\":\"fr-FR\",\"@id\":\"https:\\\/\\\/www.organisator.ch\\\/sustainability\\\/2022-05-16\\\/e-cargobikes-zentralschweizer-betriebe-erhalten-unterstuetzung\\\/#primaryimage\",\"url\":\"https:\\\/\\\/www.organisator.ch\\\/wp-content\\\/uploads\\\/2022\\\/05\\\/E-Cargobikes-Zentralschweizer-Betriebe-erhalten-Unterstuetzung_Organisator.jpg\",\"contentUrl\":\"https:\\\/\\\/www.organisator.ch\\\/wp-content\\\/uploads\\\/2022\\\/05\\\/E-Cargobikes-Zentralschweizer-Betriebe-erhalten-Unterstuetzung_Organisator.jpg\",\"width\":680,\"height\":454,\"caption\":\"Mit dem neuen E-Cargobike samt Anh\u00e4nger ist Sascha Zbinden rascher bei seinen Kunden und zur\u00fcck in seiner Werkstatt. (Foto: Marcel Kaufmann \\\/ zVg AKS)\"},{\"@type\":\"BreadcrumbList\",\"@id\":\"https:\\\/\\\/www.organisator.ch\\\/sustainability\\\/2022-05-16\\\/e-cargobikes-zentralschweizer-betriebe-erhalten-unterstuetzung\\\/#breadcrumb\",\"itemListElement\":[{\"@type\":\"ListItem\",\"position\":1,\"name\":\"Home\",\"item\":\"https:\\\/\\\/www.organisator.ch\\\/\"},{\"@type\":\"ListItem\",\"position\":2,\"name\":\"E-Cargobikes: Zentralschweizer Betriebe erhalten Unterst\u00fctzung\"}]},{\"@type\":\"WebSite\",\"@id\":\"https:\\\/\\\/www.organisator.ch\\\/#website\",\"url\":\"https:\\\/\\\/www.organisator.ch\\\/\",\"name\":\"Organisator\",\"description\":\"Kompetent. Praxisnah. Der ORGANISATOR bereitet in 10 Ausgaben pro Jahr die wesentlichen Themen f\u00fcr F\u00fchrungskr\u00e4fte von KMU auf.\",\"publisher\":{\"@id\":\"https:\\\/\\\/www.organisator.ch\\\/#organization\"},\"potentialAction\":[{\"@type\":\"SearchAction\",\"target\":{\"@type\":\"EntryPoint\",\"urlTemplate\":\"https:\\\/\\\/www.organisator.ch\\\/?s={search_term_string}\"},\"query-input\":{\"@type\":\"PropertyValueSpecification\",\"valueRequired\":true,\"valueName\":\"search_term_string\"}}],\"inLanguage\":\"fr-FR\"},{\"@type\":\"Organization\",\"@id\":\"https:\\\/\\\/www.organisator.ch\\\/#organization\",\"name\":\"Organisator\",\"url\":\"https:\\\/\\\/www.organisator.ch\\\/\",\"logo\":{\"@type\":\"ImageObject\",\"inLanguage\":\"fr-FR\",\"@id\":\"https:\\\/\\\/www.organisator.ch\\\/#\\\/schema\\\/logo\\\/image\\\/\",\"url\":\"https:\\\/\\\/www.organisator.ch\\\/wp-content\\\/uploads\\\/2022\\\/01\\\/Logo_Organisator_Website.png\",\"contentUrl\":\"https:\\\/\\\/www.organisator.ch\\\/wp-content\\\/uploads\\\/2022\\\/01\\\/Logo_Organisator_Website.png\",\"width\":800,\"height\":77,\"caption\":\"Organisator\"},\"image\":{\"@id\":\"https:\\\/\\\/www.organisator.ch\\\/#\\\/schema\\\/logo\\\/image\\\/\"},\"sameAs\":[\"https:\\\/\\\/www.facebook.com\\\/OrganisatorFachmagazin\",\"https:\\\/\\\/www.linkedin.com\\\/showcase\\\/organisator-das-magazin-fr-kmu\",\"https:\\\/\\\/www.xing.com\\\/news\\\/pages\\\/organisator-ch-695\",\"https:\\\/\\\/www.youtube.com\\\/channel\\\/UCGP2Sq0iWaZwT3BdIAQFYpw\"]},{\"@type\":\"Person\",\"@id\":\"https:\\\/\\\/www.organisator.ch\\\/#\\\/schema\\\/person\\\/6f650f90b2842cd4c0cc334b4e36f67e\",\"name\":\"thomas.berner\",\"image\":{\"@type\":\"ImageObject\",\"inLanguage\":\"fr-FR\",\"@id\":\"https:\\\/\\\/secure.gravatar.com\\\/avatar\\\/ac5001d2a36cb6c6cd3e50789007ffca834b477b74a2144564522e944eabff61?s=96&d=mm&r=g\",\"url\":\"https:\\\/\\\/secure.gravatar.com\\\/avatar\\\/ac5001d2a36cb6c6cd3e50789007ffca834b477b74a2144564522e944eabff61?s=96&d=mm&r=g\",\"contentUrl\":\"https:\\\/\\\/secure.gravatar.com\\\/avatar\\\/ac5001d2a36cb6c6cd3e50789007ffca834b477b74a2144564522e944eabff61?s=96&d=mm&r=g\",\"caption\":\"thomas.berner\"},\"url\":\"https:\\\/\\\/www.organisator.ch\\\/fr\\\/author\\\/thomas-berner\\\/\"}]}<\/script>\n<!-- \/ Yoast SEO plugin. -->","yoast_head_json":{"title":"E-cargobikes : les entreprises de Suisse centrale re\u00e7oivent un soutien - Organisateur","description":"En Suisse centrale, la fondation Albert Koechlin soutient les entreprises dans l'achat d'un v\u00e9lo-cargo \u00e9lectrique.","robots":{"index":"index","follow":"follow","max-snippet":"max-snippet:-1","max-image-preview":"max-image-preview:large","max-video-preview":"max-video-preview:-1"},"canonical":"https:\/\/www.organisator.ch\/fr\/sustainability\/2022-05-16\/e-cargobikes-zentralschweizer-betriebe-erhalten-unterstuetzung\/","og_locale":"fr_FR","og_type":"article","og_title":"E-Cargobikes: Zentralschweizer Betriebe erhalten Unterst\u00fctzung","og_description":"Die Albert Koechlin Stiftung unterst\u00fctzt in der Innerschweiz Betriebe bei der Anschaffung eines E-Cargobikes.","og_url":"https:\/\/www.organisator.ch\/fr\/sustainability\/2022-05-16\/e-cargobikes-zentralschweizer-betriebe-erhalten-unterstuetzung\/","og_site_name":"Organisator","article_publisher":"https:\/\/www.facebook.com\/OrganisatorFachmagazin","article_published_time":"2022-05-16T06:47:13+00:00","og_image":[{"width":680,"height":454,"url":"https:\/\/www.organisator.ch\/wp-content\/uploads\/2022\/05\/E-Cargobikes-Zentralschweizer-Betriebe-erhalten-Unterstuetzung_Organisator.jpg","type":"image\/jpeg"}],"author":"thomas.berner","twitter_card":"summary_large_image","twitter_title":"#E-Cargobikes: Zentralschweizer Betriebe erhalten #Unterst\u00fctzung","twitter_description":"Die Albert Koechlin Stiftung #AKS unterst\u00fctzt in der Innerschweiz Betriebe bei der Anschaffung eines #E-Cargobikes.","twitter_image":"https:\/\/www.organisator.ch\/wp-content\/uploads\/2022\/05\/E-Cargobikes-Zentralschweizer-Betriebe-erhalten-Unterstuetzung_Organisator.jpg","schema":{"@context":"https:\/\/schema.org","@graph":[{"@type":"Article","@id":"https:\/\/www.organisator.ch\/sustainability\/2022-05-16\/e-cargobikes-zentralschweizer-betriebe-erhalten-unterstuetzung\/#article","isPartOf":{"@id":"https:\/\/www.organisator.ch\/sustainability\/2022-05-16\/e-cargobikes-zentralschweizer-betriebe-erhalten-unterstuetzung\/"},"author":{"name":"thomas.berner","@id":"https:\/\/www.organisator.ch\/#\/schema\/person\/6f650f90b2842cd4c0cc334b4e36f67e"},"headline":"E-Cargobikes: Zentralschweizer Betriebe erhalten Unterst\u00fctzung","datePublished":"2022-05-16T06:47:13+00:00","mainEntityOfPage":{"@id":"https:\/\/www.organisator.ch\/sustainability\/2022-05-16\/e-cargobikes-zentralschweizer-betriebe-erhalten-unterstuetzung\/"},"wordCount":575,"publisher":{"@id":"https:\/\/www.organisator.ch\/#organization"},"image":{"@id":"https:\/\/www.organisator.ch\/sustainability\/2022-05-16\/e-cargobikes-zentralschweizer-betriebe-erhalten-unterstuetzung\/#primaryimage"},"thumbnailUrl":"https:\/\/www.organisator.ch\/wp-content\/uploads\/2022\/05\/E-Cargobikes-Zentralschweizer-Betriebe-erhalten-Unterstuetzung_Organisator.jpg","keywords":["Logistik","Nachhaltige Wirtschaft","Nachhaltiger Verkehr","Zentralschweiz"],"articleSection":["SUSTAINABILITY"],"inLanguage":"fr-FR"},{"@type":"WebPage","@id":"https:\/\/www.organisator.ch\/sustainability\/2022-05-16\/e-cargobikes-zentralschweizer-betriebe-erhalten-unterstuetzung\/","url":"https:\/\/www.organisator.ch\/sustainability\/2022-05-16\/e-cargobikes-zentralschweizer-betriebe-erhalten-unterstuetzung\/","name":"E-cargobikes : les entreprises de Suisse centrale re\u00e7oivent un soutien - Organisateur","isPartOf":{"@id":"https:\/\/www.organisator.ch\/#website"},"primaryImageOfPage":{"@id":"https:\/\/www.organisator.ch\/sustainability\/2022-05-16\/e-cargobikes-zentralschweizer-betriebe-erhalten-unterstuetzung\/#primaryimage"},"image":{"@id":"https:\/\/www.organisator.ch\/sustainability\/2022-05-16\/e-cargobikes-zentralschweizer-betriebe-erhalten-unterstuetzung\/#primaryimage"},"thumbnailUrl":"https:\/\/www.organisator.ch\/wp-content\/uploads\/2022\/05\/E-Cargobikes-Zentralschweizer-Betriebe-erhalten-Unterstuetzung_Organisator.jpg","datePublished":"2022-05-16T06:47:13+00:00","description":"En Suisse centrale, la fondation Albert Koechlin soutient les entreprises dans l'achat d'un v\u00e9lo-cargo \u00e9lectrique.","breadcrumb":{"@id":"https:\/\/www.organisator.ch\/sustainability\/2022-05-16\/e-cargobikes-zentralschweizer-betriebe-erhalten-unterstuetzung\/#breadcrumb"},"inLanguage":"fr-FR","potentialAction":[{"@type":"ReadAction","target":["https:\/\/www.organisator.ch\/sustainability\/2022-05-16\/e-cargobikes-zentralschweizer-betriebe-erhalten-unterstuetzung\/"]}]},{"@type":"ImageObject","inLanguage":"fr-FR","@id":"https:\/\/www.organisator.ch\/sustainability\/2022-05-16\/e-cargobikes-zentralschweizer-betriebe-erhalten-unterstuetzung\/#primaryimage","url":"https:\/\/www.organisator.ch\/wp-content\/uploads\/2022\/05\/E-Cargobikes-Zentralschweizer-Betriebe-erhalten-Unterstuetzung_Organisator.jpg","contentUrl":"https:\/\/www.organisator.ch\/wp-content\/uploads\/2022\/05\/E-Cargobikes-Zentralschweizer-Betriebe-erhalten-Unterstuetzung_Organisator.jpg","width":680,"height":454,"caption":"Mit dem neuen E-Cargobike samt Anh\u00e4nger ist Sascha Zbinden rascher bei seinen Kunden und zur\u00fcck in seiner Werkstatt. (Foto: Marcel Kaufmann \/ zVg AKS)"},{"@type":"BreadcrumbList","@id":"https:\/\/www.organisator.ch\/sustainability\/2022-05-16\/e-cargobikes-zentralschweizer-betriebe-erhalten-unterstuetzung\/#breadcrumb","itemListElement":[{"@type":"ListItem","position":1,"name":"Home","item":"https:\/\/www.organisator.ch\/"},{"@type":"ListItem","position":2,"name":"E-Cargobikes: Zentralschweizer Betriebe erhalten Unterst\u00fctzung"}]},{"@type":"WebSite","@id":"https:\/\/www.organisator.ch\/#website","url":"https:\/\/www.organisator.ch\/","name":"Organisateur","description":"Comp\u00e9tence et comp\u00e9tence. Proches de la pratique. L'ORGANISATEUR pr\u00e9pare 10 num\u00e9ros par an sur les th\u00e8mes essentiels pour les dirigeants de PME.","publisher":{"@id":"https:\/\/www.organisator.ch\/#organization"},"potentialAction":[{"@type":"SearchAction","target":{"@type":"EntryPoint","urlTemplate":"https:\/\/www.organisator.ch\/?s={search_term_string}"},"query-input":{"@type":"PropertyValueSpecification","valueRequired":true,"valueName":"search_term_string"}}],"inLanguage":"fr-FR"},{"@type":"Organization","@id":"https:\/\/www.organisator.ch\/#organization","name":"Organisateur","url":"https:\/\/www.organisator.ch\/","logo":{"@type":"ImageObject","inLanguage":"fr-FR","@id":"https:\/\/www.organisator.ch\/#\/schema\/logo\/image\/","url":"https:\/\/www.organisator.ch\/wp-content\/uploads\/2022\/01\/Logo_Organisator_Website.png","contentUrl":"https:\/\/www.organisator.ch\/wp-content\/uploads\/2022\/01\/Logo_Organisator_Website.png","width":800,"height":77,"caption":"Organisator"},"image":{"@id":"https:\/\/www.organisator.ch\/#\/schema\/logo\/image\/"},"sameAs":["https:\/\/www.facebook.com\/OrganisatorFachmagazin","https:\/\/www.linkedin.com\/showcase\/organisator-das-magazin-fr-kmu","https:\/\/www.xing.com\/news\/pages\/organisator-ch-695","https:\/\/www.youtube.com\/channel\/UCGP2Sq0iWaZwT3BdIAQFYpw"]},{"@type":"Person","@id":"https:\/\/www.organisator.ch\/#\/schema\/person\/6f650f90b2842cd4c0cc334b4e36f67e","name":"thomas.berner","image":{"@type":"ImageObject","inLanguage":"fr-FR","@id":"https:\/\/secure.gravatar.com\/avatar\/ac5001d2a36cb6c6cd3e50789007ffca834b477b74a2144564522e944eabff61?s=96&d=mm&r=g","url":"https:\/\/secure.gravatar.com\/avatar\/ac5001d2a36cb6c6cd3e50789007ffca834b477b74a2144564522e944eabff61?s=96&d=mm&r=g","contentUrl":"https:\/\/secure.gravatar.com\/avatar\/ac5001d2a36cb6c6cd3e50789007ffca834b477b74a2144564522e944eabff61?s=96&d=mm&r=g","caption":"thomas.berner"},"url":"https:\/\/www.organisator.ch\/fr\/author\/thomas-berner\/"}]}},"_links":{"self":[{"href":"https:\/\/www.organisator.ch\/fr\/wp-json\/wp\/v2\/posts\/12881","targetHints":{"allow":["GET"]}}],"collection":[{"href":"https:\/\/www.organisator.ch\/fr\/wp-json\/wp\/v2\/posts"}],"about":[{"href":"https:\/\/www.organisator.ch\/fr\/wp-json\/wp\/v2\/types\/post"}],"author":[{"embeddable":true,"href":"https:\/\/www.organisator.ch\/fr\/wp-json\/wp\/v2\/users\/4"}],"replies":[{"embeddable":true,"href":"https:\/\/www.organisator.ch\/fr\/wp-json\/wp\/v2\/comments?post=12881"}],"version-history":[{"count":3,"href":"https:\/\/www.organisator.ch\/fr\/wp-json\/wp\/v2\/posts\/12881\/revisions"}],"predecessor-version":[{"id":12954,"href":"https:\/\/www.organisator.ch\/fr\/wp-json\/wp\/v2\/posts\/12881\/revisions\/12954"}],"wp:featuredmedia":[{"embeddable":true,"href":"https:\/\/www.organisator.ch\/fr\/wp-json\/wp\/v2\/media\/12882"}],"wp:attachment":[{"href":"https:\/\/www.organisator.ch\/fr\/wp-json\/wp\/v2\/media?parent=12881"}],"wp:term":[{"taxonomy":"category","embeddable":true,"href":"https:\/\/www.organisator.ch\/fr\/wp-json\/wp\/v2\/categories?post=12881"},{"taxonomy":"post_tag","embeddable":true,"href":"https:\/\/www.organisator.ch\/fr\/wp-json\/wp\/v2\/tags?post=12881"}],"curies":[{"name":"wp","href":"https:\/\/api.w.org\/{rel}","templated":true}]}}