{"id":12898,"date":"2022-05-17T08:03:26","date_gmt":"2022-05-17T06:03:26","guid":{"rendered":"https:\/\/www.organisator.ch\/?p=12898"},"modified":"2022-05-17T08:03:26","modified_gmt":"2022-05-17T06:03:26","slug":"ein-jahr-im-betrieb-tagungs-und-eventcenter-tec-zieht-positive-bilanz","status":"publish","type":"post","link":"https:\/\/www.organisator.ch\/fr\/marketing\/2022-05-17\/ein-jahr-im-betrieb-tagungs-und-eventcenter-tec-zieht-positive-bilanz\/","title":{"rendered":"Un an de fonctionnement : le centre de congr\u00e8s et d'\u00e9v\u00e9nements (TEC) dresse un bilan positif"},"content":{"rendered":"<figure id=\"attachment_12899\" aria-describedby=\"caption-attachment-12899\" style=\"width: 680px\" class=\"wp-caption alignnone\"><img loading=\"lazy\" decoding=\"async\" class=\"size-full wp-image-12899\" src=\"https:\/\/www.organisator.ch\/wp-content\/uploads\/2022\/05\/Ein-Jahr-im-Betrieb-Tagungs-und-Eventcenter-TEC-zieht-positive-Bilanz_Organisator.jpg\" alt=\"\" width=\"680\" height=\"453\" srcset=\"https:\/\/www.organisator.ch\/wp-content\/uploads\/2022\/05\/Ein-Jahr-im-Betrieb-Tagungs-und-Eventcenter-TEC-zieht-positive-Bilanz_Organisator.jpg 680w, https:\/\/www.organisator.ch\/wp-content\/uploads\/2022\/05\/Ein-Jahr-im-Betrieb-Tagungs-und-Eventcenter-TEC-zieht-positive-Bilanz_Organisator-18x12.jpg 18w, https:\/\/www.organisator.ch\/wp-content\/uploads\/2022\/05\/Ein-Jahr-im-Betrieb-Tagungs-und-Eventcenter-TEC-zieht-positive-Bilanz_Organisator-263x175.jpg 263w, https:\/\/www.organisator.ch\/wp-content\/uploads\/2022\/05\/Ein-Jahr-im-Betrieb-Tagungs-und-Eventcenter-TEC-zieht-positive-Bilanz_Organisator-525x350.jpg 525w, https:\/\/www.organisator.ch\/wp-content\/uploads\/2022\/05\/Ein-Jahr-im-Betrieb-Tagungs-und-Eventcenter-TEC-zieht-positive-Bilanz_Organisator-300x200.jpg 300w\" sizes=\"auto, (max-width: 680px) 100vw, 680px\" \/><figcaption id=\"caption-attachment-12899\" class=\"wp-caption-text\">Le centre de congr\u00e8s et d'\u00e9v\u00e9nements (TEC) de Pratteln tire un bilan positif de sa premi\u00e8re ann\u00e9e d'exploitation. Ici, un aper\u00e7u de l'auditorium. (Image : zVg \/ Haus der Wirtschaft Tagungs- und Eventcenter)<\/figcaption><\/figure>\n<p>Le 26 avril 2021, le centre de congr\u00e8s et d'\u00e9v\u00e9nements (TEC) de la Haus der Wirtschaft (HDW) \u00e0 Pratteln a officiellement ouvert ses portes. Pr\u00e8s de douze mois plus tard, les exploitants tirent un bilan positif malgr\u00e9 les restrictions Covid encore en vigueur durant la phase de lancement : \"Nous avons enregistr\u00e9 une bonne demande d\u00e8s le d\u00e9but, bien que nous n'ayons pas organis\u00e9 d'activit\u00e9s de pr\u00e9vente ou publi\u00e9 de rabais d'ouverture en raison de la Corona. Le lancement r\u00e9ussi en cette p\u00e9riode de d\u00e9fis montre clairement qu'il existe un besoin pour notre offre de manifestations et que le TEC comble une lacune dans la r\u00e9gion\", d\u00e9clare Anja Ullmann, directrice du TEC.<\/p>\n<p>Selon les indications du TEC, les salles pour les manifestations pl\u00e9ni\u00e8res ont \u00e9t\u00e9 particuli\u00e8rement demand\u00e9es jusqu'\u00e0 pr\u00e9sent, en particulier l'auditorium de 430 m2 \u00e9quip\u00e9 d'un \u00e9cran LED de 11 x 3,5 m de large. Pouvant accueillir jusqu'\u00e0 300 personnes, il a souvent \u00e9t\u00e9 r\u00e9serv\u00e9 en combinaison avec les salles de groupe plus petites. Si les salles du TEC sont individuelles, les manifestations l'\u00e9taient tout autant. Celles-ci allaient des petites r\u00e9unions aux grandes conf\u00e9rences et aux \u00e9v\u00e9nements d'entreprise, en passant par les ateliers, qui mobilisaient toutes les salles.<\/p>\n<h3>Technique et conseil au plus haut niveau<\/h3>\n<p>Sur le plan technique, le TEC est \u00e0 la pointe de la technologie. Bien que les locaux soient \u00e9galement \u00e9quip\u00e9s pour les r\u00e9unions hybrides, les congressistes se sont concentr\u00e9s sur les r\u00e9unions en pr\u00e9sentiel, dans le respect des mesures de protection Corona. \"Dans le secteur de l'\u00e9v\u00e9nementiel, le contact personnel et le r\u00e9seautage continuent de faire partie des caract\u00e9ristiques les plus importantes. Les \u00e9v\u00e9nements hybrides sont certes \u00e9galement \u00e0 l'ordre du jour - aussi bien pour les petites que pour les grandes manifestations - et servent principalement \u00e0 int\u00e9grer des cercles de collaborateurs ou de clients suppl\u00e9mentaires \u00e0 l'\u00e9v\u00e9nement\", explique Anja Ullmann.<\/p>\n<p>Les participants ne recherchent pas seulement un contact personnel lors de l'\u00e9v\u00e9nement, mais aussi d\u00e8s la r\u00e9servation. \"En particulier pour les accessoires techniques, la restauration ou la combinaison de plusieurs salles, les clients exigent un accompagnement personnel et des conseils professionnels. Les attentes des clients sont tr\u00e8s \u00e9lev\u00e9es et nous y r\u00e9pondons volontiers\", explique la directrice du TEC.<\/p>\n<h3>Nouvel espace de coworking au TEC<\/h3>\n<p>Au cours de sa premi\u00e8re ann\u00e9e d'existence, le TEC n'a cess\u00e9 de se d\u00e9velopper et de nouvelles offres ont \u00e9t\u00e9 ajout\u00e9es au portefeuille. \u00c0 partir de l'\u00e9t\u00e9 2022, un nouvel espace de coworking se trouvera sous le toit du HDW. Les start-ups et les entreprises individuelles, en particulier, mais aussi les collaborateurs mobiles du service ext\u00e9rieur et les collaborateurs travaillant sur des projets trouveront des conditions de travail id\u00e9ales dans les postes de travail flexibles. Le HDW s'est \u00e9galement \u00e9quip\u00e9 dans le domaine technique et dispose depuis cette ann\u00e9e d'un studio multim\u00e9dia enti\u00e8rement \u00e9quip\u00e9, qui peut \u00eatre utilis\u00e9 pour l'enregistrement de d\u00e9clarations vid\u00e9o et de films publicitaires ou encore pour des tables rondes. Autre nouveaut\u00e9 : l'installation de bo\u00eetiers de r\u00e9union de la soci\u00e9t\u00e9 Mute, qui permettent des entretiens confidentiels dans l'open space du TEC.<\/p>\n<p><em><a href=\"http:\/\/www.hdw.ch\/tec\">Plus d'informations<\/a><\/em><\/p>","protected":false},"excerpt":{"rendered":"<p>Am 26. April 2021 \u00f6ffnete das Tagungs- und Eventcenter (TEC) im Haus der Wirtschaft (HDW) in Pratteln offiziell seine T\u00fcren. Rund zw\u00f6lf Monate sp\u00e4ter ziehen die Betreiber trotz der in der Startphase noch geltenden Covid-Restriktionen ein positives Fazit: \u00abWir verzeichneten von Beginn an eine gute Nachfrage, obwohl wir Corona-bedingt keine Vorverkaufsaktivit\u00e4ten durchgef\u00fchrt oder Er\u00f6ffnungsrabatte ver\u00f6ffentlicht [&hellip;]<\/p>\n","protected":false},"author":4,"featured_media":12899,"comment_status":"closed","ping_status":"closed","sticky":false,"template":"","format":"standard","meta":{"_acf_changed":false,"_yoast_wpseo_focuskw":"TEC","_yoast_wpseo_metadesc":"Das TEC im Haus der Wirtschaft (HDW) schloss eine L\u00fccke im Veranstaltungsgesch\u00e4ft der Nordwestschweiz. Nun wird eine erste Bilanz gezogen.","articlekey":"","footnotes":""},"categories":[29],"tags":[2735,2860,2846],"class_list":["post-12898","post","type-post","status-publish","format-standard","has-post-thumbnail","hentry","category-marketing","tag-mice-branche","tag-nordwestschweiz","tag-tagungen-und-events"],"acf":[],"yoast_head":"<!-- This site is optimized with the Yoast SEO plugin v27.5 - https:\/\/yoast.com\/product\/yoast-seo-wordpress\/ -->\n<title>Ein Jahr im Betrieb: Tagungs- und Eventcenter (TEC) zieht positive Bilanz - Organisator<\/title>\n<meta name=\"description\" content=\"Das TEC im Haus der Wirtschaft (HDW) schloss eine L\u00fccke im Veranstaltungsgesch\u00e4ft der Nordwestschweiz. Nun wird eine erste Bilanz gezogen.\" \/>\n<meta name=\"robots\" content=\"index, follow, max-snippet:-1, max-image-preview:large, max-video-preview:-1\" \/>\n<link rel=\"canonical\" href=\"https:\/\/www.organisator.ch\/fr\/marketing\/2022-05-17\/ein-jahr-im-betrieb-tagungs-und-eventcenter-tec-zieht-positive-bilanz\/\" \/>\n<meta property=\"og:locale\" content=\"fr_FR\" \/>\n<meta property=\"og:type\" content=\"article\" \/>\n<meta property=\"og:title\" content=\"Ein Jahr im Betrieb: Tagungs- und Eventcenter (TEC) zieht positive Bilanz\" \/>\n<meta property=\"og:description\" content=\"Das TEC im Haus der Wirtschaft (HDW) schloss eine L\u00fccke im Veranstaltungsgesch\u00e4ft der Nordwestschweiz. Nun wird eine erste Bilanz gezogen.\" \/>\n<meta property=\"og:url\" content=\"https:\/\/www.organisator.ch\/fr\/marketing\/2022-05-17\/ein-jahr-im-betrieb-tagungs-und-eventcenter-tec-zieht-positive-bilanz\/\" \/>\n<meta property=\"og:site_name\" content=\"Organisator\" \/>\n<meta property=\"article:publisher\" content=\"https:\/\/www.facebook.com\/OrganisatorFachmagazin\" \/>\n<meta property=\"article:published_time\" content=\"2022-05-17T06:03:26+00:00\" \/>\n<meta property=\"og:image\" content=\"https:\/\/www.organisator.ch\/wp-content\/uploads\/2022\/05\/Ein-Jahr-im-Betrieb-Tagungs-und-Eventcenter-TEC-zieht-positive-Bilanz_Organisator.jpg\" \/>\n\t<meta property=\"og:image:width\" content=\"680\" \/>\n\t<meta property=\"og:image:height\" content=\"453\" \/>\n\t<meta property=\"og:image:type\" content=\"image\/jpeg\" \/>\n<meta name=\"author\" content=\"thomas.berner\" \/>\n<meta name=\"twitter:card\" content=\"summary_large_image\" \/>\n<meta name=\"twitter:title\" content=\"Ein Jahr im Betrieb: Tagungs- und #Eventcenter (#TEC) zieht positive Bilanz\" \/>\n<meta name=\"twitter:description\" content=\"Das #TEC im Haus der Wirtschaft (#HDW) schloss eine L\u00fccke im #Veranstaltungsgesch\u00e4ft der #Nordwestschweiz. Nun wird eine erste Bilanz gezogen.\" \/>\n<meta name=\"twitter:image\" content=\"https:\/\/www.organisator.ch\/wp-content\/uploads\/2022\/05\/Ein-Jahr-im-Betrieb-Tagungs-und-Eventcenter-TEC-zieht-positive-Bilanz_Organisator.jpg\" \/>\n<script type=\"application\/ld+json\" class=\"yoast-schema-graph\">{\"@context\":\"https:\\\/\\\/schema.org\",\"@graph\":[{\"@type\":\"Article\",\"@id\":\"https:\\\/\\\/www.organisator.ch\\\/marketing\\\/2022-05-17\\\/ein-jahr-im-betrieb-tagungs-und-eventcenter-tec-zieht-positive-bilanz\\\/#article\",\"isPartOf\":{\"@id\":\"https:\\\/\\\/www.organisator.ch\\\/marketing\\\/2022-05-17\\\/ein-jahr-im-betrieb-tagungs-und-eventcenter-tec-zieht-positive-bilanz\\\/\"},\"author\":{\"name\":\"thomas.berner\",\"@id\":\"https:\\\/\\\/www.organisator.ch\\\/#\\\/schema\\\/person\\\/6f650f90b2842cd4c0cc334b4e36f67e\"},\"headline\":\"Ein Jahr im Betrieb: Tagungs- und Eventcenter (TEC) zieht positive Bilanz\",\"datePublished\":\"2022-05-17T06:03:26+00:00\",\"mainEntityOfPage\":{\"@id\":\"https:\\\/\\\/www.organisator.ch\\\/marketing\\\/2022-05-17\\\/ein-jahr-im-betrieb-tagungs-und-eventcenter-tec-zieht-positive-bilanz\\\/\"},\"wordCount\":487,\"publisher\":{\"@id\":\"https:\\\/\\\/www.organisator.ch\\\/#organization\"},\"image\":{\"@id\":\"https:\\\/\\\/www.organisator.ch\\\/marketing\\\/2022-05-17\\\/ein-jahr-im-betrieb-tagungs-und-eventcenter-tec-zieht-positive-bilanz\\\/#primaryimage\"},\"thumbnailUrl\":\"https:\\\/\\\/www.organisator.ch\\\/wp-content\\\/uploads\\\/2022\\\/05\\\/Ein-Jahr-im-Betrieb-Tagungs-und-Eventcenter-TEC-zieht-positive-Bilanz_Organisator.jpg\",\"keywords\":[\"MICE-Branche\",\"Nordwestschweiz\",\"Tagungen und Events\"],\"articleSection\":[\"MARKETING\"],\"inLanguage\":\"fr-FR\"},{\"@type\":\"WebPage\",\"@id\":\"https:\\\/\\\/www.organisator.ch\\\/marketing\\\/2022-05-17\\\/ein-jahr-im-betrieb-tagungs-und-eventcenter-tec-zieht-positive-bilanz\\\/\",\"url\":\"https:\\\/\\\/www.organisator.ch\\\/marketing\\\/2022-05-17\\\/ein-jahr-im-betrieb-tagungs-und-eventcenter-tec-zieht-positive-bilanz\\\/\",\"name\":\"Ein Jahr im Betrieb: Tagungs- und Eventcenter (TEC) zieht positive Bilanz - Organisator\",\"isPartOf\":{\"@id\":\"https:\\\/\\\/www.organisator.ch\\\/#website\"},\"primaryImageOfPage\":{\"@id\":\"https:\\\/\\\/www.organisator.ch\\\/marketing\\\/2022-05-17\\\/ein-jahr-im-betrieb-tagungs-und-eventcenter-tec-zieht-positive-bilanz\\\/#primaryimage\"},\"image\":{\"@id\":\"https:\\\/\\\/www.organisator.ch\\\/marketing\\\/2022-05-17\\\/ein-jahr-im-betrieb-tagungs-und-eventcenter-tec-zieht-positive-bilanz\\\/#primaryimage\"},\"thumbnailUrl\":\"https:\\\/\\\/www.organisator.ch\\\/wp-content\\\/uploads\\\/2022\\\/05\\\/Ein-Jahr-im-Betrieb-Tagungs-und-Eventcenter-TEC-zieht-positive-Bilanz_Organisator.jpg\",\"datePublished\":\"2022-05-17T06:03:26+00:00\",\"description\":\"Das TEC im Haus der Wirtschaft (HDW) schloss eine L\u00fccke im Veranstaltungsgesch\u00e4ft der Nordwestschweiz. Nun wird eine erste Bilanz gezogen.\",\"breadcrumb\":{\"@id\":\"https:\\\/\\\/www.organisator.ch\\\/marketing\\\/2022-05-17\\\/ein-jahr-im-betrieb-tagungs-und-eventcenter-tec-zieht-positive-bilanz\\\/#breadcrumb\"},\"inLanguage\":\"fr-FR\",\"potentialAction\":[{\"@type\":\"ReadAction\",\"target\":[\"https:\\\/\\\/www.organisator.ch\\\/marketing\\\/2022-05-17\\\/ein-jahr-im-betrieb-tagungs-und-eventcenter-tec-zieht-positive-bilanz\\\/\"]}]},{\"@type\":\"ImageObject\",\"inLanguage\":\"fr-FR\",\"@id\":\"https:\\\/\\\/www.organisator.ch\\\/marketing\\\/2022-05-17\\\/ein-jahr-im-betrieb-tagungs-und-eventcenter-tec-zieht-positive-bilanz\\\/#primaryimage\",\"url\":\"https:\\\/\\\/www.organisator.ch\\\/wp-content\\\/uploads\\\/2022\\\/05\\\/Ein-Jahr-im-Betrieb-Tagungs-und-Eventcenter-TEC-zieht-positive-Bilanz_Organisator.jpg\",\"contentUrl\":\"https:\\\/\\\/www.organisator.ch\\\/wp-content\\\/uploads\\\/2022\\\/05\\\/Ein-Jahr-im-Betrieb-Tagungs-und-Eventcenter-TEC-zieht-positive-Bilanz_Organisator.jpg\",\"width\":680,\"height\":453,\"caption\":\"Das Tagungs- und Eventcenter (TEC) in Pratteln zieht eine positive Bilanz nach dem ersten Betriebsjahr. Hier ein Blick in das Auditorium. (Bild: zVg \\\/ Haus der Wirtschaft Tagungs- und Eventcenter)\"},{\"@type\":\"BreadcrumbList\",\"@id\":\"https:\\\/\\\/www.organisator.ch\\\/marketing\\\/2022-05-17\\\/ein-jahr-im-betrieb-tagungs-und-eventcenter-tec-zieht-positive-bilanz\\\/#breadcrumb\",\"itemListElement\":[{\"@type\":\"ListItem\",\"position\":1,\"name\":\"Home\",\"item\":\"https:\\\/\\\/www.organisator.ch\\\/\"},{\"@type\":\"ListItem\",\"position\":2,\"name\":\"Ein Jahr im Betrieb: Tagungs- und Eventcenter (TEC) zieht positive Bilanz\"}]},{\"@type\":\"WebSite\",\"@id\":\"https:\\\/\\\/www.organisator.ch\\\/#website\",\"url\":\"https:\\\/\\\/www.organisator.ch\\\/\",\"name\":\"Organisator\",\"description\":\"Kompetent. Praxisnah. Der ORGANISATOR bereitet in 10 Ausgaben pro Jahr die wesentlichen Themen f\u00fcr F\u00fchrungskr\u00e4fte von KMU auf.\",\"publisher\":{\"@id\":\"https:\\\/\\\/www.organisator.ch\\\/#organization\"},\"potentialAction\":[{\"@type\":\"SearchAction\",\"target\":{\"@type\":\"EntryPoint\",\"urlTemplate\":\"https:\\\/\\\/www.organisator.ch\\\/?s={search_term_string}\"},\"query-input\":{\"@type\":\"PropertyValueSpecification\",\"valueRequired\":true,\"valueName\":\"search_term_string\"}}],\"inLanguage\":\"fr-FR\"},{\"@type\":\"Organization\",\"@id\":\"https:\\\/\\\/www.organisator.ch\\\/#organization\",\"name\":\"Organisator\",\"url\":\"https:\\\/\\\/www.organisator.ch\\\/\",\"logo\":{\"@type\":\"ImageObject\",\"inLanguage\":\"fr-FR\",\"@id\":\"https:\\\/\\\/www.organisator.ch\\\/#\\\/schema\\\/logo\\\/image\\\/\",\"url\":\"https:\\\/\\\/www.organisator.ch\\\/wp-content\\\/uploads\\\/2022\\\/01\\\/Logo_Organisator_Website.png\",\"contentUrl\":\"https:\\\/\\\/www.organisator.ch\\\/wp-content\\\/uploads\\\/2022\\\/01\\\/Logo_Organisator_Website.png\",\"width\":800,\"height\":77,\"caption\":\"Organisator\"},\"image\":{\"@id\":\"https:\\\/\\\/www.organisator.ch\\\/#\\\/schema\\\/logo\\\/image\\\/\"},\"sameAs\":[\"https:\\\/\\\/www.facebook.com\\\/OrganisatorFachmagazin\",\"https:\\\/\\\/www.linkedin.com\\\/showcase\\\/organisator-das-magazin-fr-kmu\",\"https:\\\/\\\/www.xing.com\\\/news\\\/pages\\\/organisator-ch-695\",\"https:\\\/\\\/www.youtube.com\\\/channel\\\/UCGP2Sq0iWaZwT3BdIAQFYpw\"]},{\"@type\":\"Person\",\"@id\":\"https:\\\/\\\/www.organisator.ch\\\/#\\\/schema\\\/person\\\/6f650f90b2842cd4c0cc334b4e36f67e\",\"name\":\"thomas.berner\",\"image\":{\"@type\":\"ImageObject\",\"inLanguage\":\"fr-FR\",\"@id\":\"https:\\\/\\\/secure.gravatar.com\\\/avatar\\\/ac5001d2a36cb6c6cd3e50789007ffca834b477b74a2144564522e944eabff61?s=96&d=mm&r=g\",\"url\":\"https:\\\/\\\/secure.gravatar.com\\\/avatar\\\/ac5001d2a36cb6c6cd3e50789007ffca834b477b74a2144564522e944eabff61?s=96&d=mm&r=g\",\"contentUrl\":\"https:\\\/\\\/secure.gravatar.com\\\/avatar\\\/ac5001d2a36cb6c6cd3e50789007ffca834b477b74a2144564522e944eabff61?s=96&d=mm&r=g\",\"caption\":\"thomas.berner\"},\"url\":\"https:\\\/\\\/www.organisator.ch\\\/fr\\\/author\\\/thomas-berner\\\/\"}]}<\/script>\n<!-- \/ Yoast SEO plugin. -->","yoast_head_json":{"title":"Un an de fonctionnement : le centre de congr\u00e8s et d'\u00e9v\u00e9nements (TEC) dresse un bilan positif - Organisateur","description":"Le TEC de la Maison de l'\u00e9conomie (HDW) a combl\u00e9 une lacune dans l'\u00e9v\u00e9nementiel du nord-ouest de la Suisse. Un premier bilan est d\u00e9sormais dress\u00e9.","robots":{"index":"index","follow":"follow","max-snippet":"max-snippet:-1","max-image-preview":"max-image-preview:large","max-video-preview":"max-video-preview:-1"},"canonical":"https:\/\/www.organisator.ch\/fr\/marketing\/2022-05-17\/ein-jahr-im-betrieb-tagungs-und-eventcenter-tec-zieht-positive-bilanz\/","og_locale":"fr_FR","og_type":"article","og_title":"Ein Jahr im Betrieb: Tagungs- und Eventcenter (TEC) zieht positive Bilanz","og_description":"Das TEC im Haus der Wirtschaft (HDW) schloss eine L\u00fccke im Veranstaltungsgesch\u00e4ft der Nordwestschweiz. Nun wird eine erste Bilanz gezogen.","og_url":"https:\/\/www.organisator.ch\/fr\/marketing\/2022-05-17\/ein-jahr-im-betrieb-tagungs-und-eventcenter-tec-zieht-positive-bilanz\/","og_site_name":"Organisator","article_publisher":"https:\/\/www.facebook.com\/OrganisatorFachmagazin","article_published_time":"2022-05-17T06:03:26+00:00","og_image":[{"width":680,"height":453,"url":"https:\/\/www.organisator.ch\/wp-content\/uploads\/2022\/05\/Ein-Jahr-im-Betrieb-Tagungs-und-Eventcenter-TEC-zieht-positive-Bilanz_Organisator.jpg","type":"image\/jpeg"}],"author":"thomas.berner","twitter_card":"summary_large_image","twitter_title":"Ein Jahr im Betrieb: Tagungs- und #Eventcenter (#TEC) zieht positive Bilanz","twitter_description":"Das #TEC im Haus der Wirtschaft (#HDW) schloss eine L\u00fccke im #Veranstaltungsgesch\u00e4ft der #Nordwestschweiz. Nun wird eine erste Bilanz gezogen.","twitter_image":"https:\/\/www.organisator.ch\/wp-content\/uploads\/2022\/05\/Ein-Jahr-im-Betrieb-Tagungs-und-Eventcenter-TEC-zieht-positive-Bilanz_Organisator.jpg","schema":{"@context":"https:\/\/schema.org","@graph":[{"@type":"Article","@id":"https:\/\/www.organisator.ch\/marketing\/2022-05-17\/ein-jahr-im-betrieb-tagungs-und-eventcenter-tec-zieht-positive-bilanz\/#article","isPartOf":{"@id":"https:\/\/www.organisator.ch\/marketing\/2022-05-17\/ein-jahr-im-betrieb-tagungs-und-eventcenter-tec-zieht-positive-bilanz\/"},"author":{"name":"thomas.berner","@id":"https:\/\/www.organisator.ch\/#\/schema\/person\/6f650f90b2842cd4c0cc334b4e36f67e"},"headline":"Ein Jahr im Betrieb: Tagungs- und Eventcenter (TEC) zieht positive Bilanz","datePublished":"2022-05-17T06:03:26+00:00","mainEntityOfPage":{"@id":"https:\/\/www.organisator.ch\/marketing\/2022-05-17\/ein-jahr-im-betrieb-tagungs-und-eventcenter-tec-zieht-positive-bilanz\/"},"wordCount":487,"publisher":{"@id":"https:\/\/www.organisator.ch\/#organization"},"image":{"@id":"https:\/\/www.organisator.ch\/marketing\/2022-05-17\/ein-jahr-im-betrieb-tagungs-und-eventcenter-tec-zieht-positive-bilanz\/#primaryimage"},"thumbnailUrl":"https:\/\/www.organisator.ch\/wp-content\/uploads\/2022\/05\/Ein-Jahr-im-Betrieb-Tagungs-und-Eventcenter-TEC-zieht-positive-Bilanz_Organisator.jpg","keywords":["MICE-Branche","Nordwestschweiz","Tagungen und Events"],"articleSection":["MARKETING"],"inLanguage":"fr-FR"},{"@type":"WebPage","@id":"https:\/\/www.organisator.ch\/marketing\/2022-05-17\/ein-jahr-im-betrieb-tagungs-und-eventcenter-tec-zieht-positive-bilanz\/","url":"https:\/\/www.organisator.ch\/marketing\/2022-05-17\/ein-jahr-im-betrieb-tagungs-und-eventcenter-tec-zieht-positive-bilanz\/","name":"Un an de fonctionnement : le centre de congr\u00e8s et d'\u00e9v\u00e9nements (TEC) dresse un bilan positif - Organisateur","isPartOf":{"@id":"https:\/\/www.organisator.ch\/#website"},"primaryImageOfPage":{"@id":"https:\/\/www.organisator.ch\/marketing\/2022-05-17\/ein-jahr-im-betrieb-tagungs-und-eventcenter-tec-zieht-positive-bilanz\/#primaryimage"},"image":{"@id":"https:\/\/www.organisator.ch\/marketing\/2022-05-17\/ein-jahr-im-betrieb-tagungs-und-eventcenter-tec-zieht-positive-bilanz\/#primaryimage"},"thumbnailUrl":"https:\/\/www.organisator.ch\/wp-content\/uploads\/2022\/05\/Ein-Jahr-im-Betrieb-Tagungs-und-Eventcenter-TEC-zieht-positive-Bilanz_Organisator.jpg","datePublished":"2022-05-17T06:03:26+00:00","description":"Le TEC de la Maison de l'\u00e9conomie (HDW) a combl\u00e9 une lacune dans l'\u00e9v\u00e9nementiel du nord-ouest de la Suisse. Un premier bilan est d\u00e9sormais dress\u00e9.","breadcrumb":{"@id":"https:\/\/www.organisator.ch\/marketing\/2022-05-17\/ein-jahr-im-betrieb-tagungs-und-eventcenter-tec-zieht-positive-bilanz\/#breadcrumb"},"inLanguage":"fr-FR","potentialAction":[{"@type":"ReadAction","target":["https:\/\/www.organisator.ch\/marketing\/2022-05-17\/ein-jahr-im-betrieb-tagungs-und-eventcenter-tec-zieht-positive-bilanz\/"]}]},{"@type":"ImageObject","inLanguage":"fr-FR","@id":"https:\/\/www.organisator.ch\/marketing\/2022-05-17\/ein-jahr-im-betrieb-tagungs-und-eventcenter-tec-zieht-positive-bilanz\/#primaryimage","url":"https:\/\/www.organisator.ch\/wp-content\/uploads\/2022\/05\/Ein-Jahr-im-Betrieb-Tagungs-und-Eventcenter-TEC-zieht-positive-Bilanz_Organisator.jpg","contentUrl":"https:\/\/www.organisator.ch\/wp-content\/uploads\/2022\/05\/Ein-Jahr-im-Betrieb-Tagungs-und-Eventcenter-TEC-zieht-positive-Bilanz_Organisator.jpg","width":680,"height":453,"caption":"Das Tagungs- und Eventcenter (TEC) in Pratteln zieht eine positive Bilanz nach dem ersten Betriebsjahr. Hier ein Blick in das Auditorium. (Bild: zVg \/ Haus der Wirtschaft Tagungs- und Eventcenter)"},{"@type":"BreadcrumbList","@id":"https:\/\/www.organisator.ch\/marketing\/2022-05-17\/ein-jahr-im-betrieb-tagungs-und-eventcenter-tec-zieht-positive-bilanz\/#breadcrumb","itemListElement":[{"@type":"ListItem","position":1,"name":"Home","item":"https:\/\/www.organisator.ch\/"},{"@type":"ListItem","position":2,"name":"Ein Jahr im Betrieb: Tagungs- und Eventcenter (TEC) zieht positive Bilanz"}]},{"@type":"WebSite","@id":"https:\/\/www.organisator.ch\/#website","url":"https:\/\/www.organisator.ch\/","name":"Organisateur","description":"Comp\u00e9tence et comp\u00e9tence. Proches de la pratique. L'ORGANISATEUR pr\u00e9pare 10 num\u00e9ros par an sur les th\u00e8mes essentiels pour les dirigeants de PME.","publisher":{"@id":"https:\/\/www.organisator.ch\/#organization"},"potentialAction":[{"@type":"SearchAction","target":{"@type":"EntryPoint","urlTemplate":"https:\/\/www.organisator.ch\/?s={search_term_string}"},"query-input":{"@type":"PropertyValueSpecification","valueRequired":true,"valueName":"search_term_string"}}],"inLanguage":"fr-FR"},{"@type":"Organization","@id":"https:\/\/www.organisator.ch\/#organization","name":"Organisateur","url":"https:\/\/www.organisator.ch\/","logo":{"@type":"ImageObject","inLanguage":"fr-FR","@id":"https:\/\/www.organisator.ch\/#\/schema\/logo\/image\/","url":"https:\/\/www.organisator.ch\/wp-content\/uploads\/2022\/01\/Logo_Organisator_Website.png","contentUrl":"https:\/\/www.organisator.ch\/wp-content\/uploads\/2022\/01\/Logo_Organisator_Website.png","width":800,"height":77,"caption":"Organisator"},"image":{"@id":"https:\/\/www.organisator.ch\/#\/schema\/logo\/image\/"},"sameAs":["https:\/\/www.facebook.com\/OrganisatorFachmagazin","https:\/\/www.linkedin.com\/showcase\/organisator-das-magazin-fr-kmu","https:\/\/www.xing.com\/news\/pages\/organisator-ch-695","https:\/\/www.youtube.com\/channel\/UCGP2Sq0iWaZwT3BdIAQFYpw"]},{"@type":"Person","@id":"https:\/\/www.organisator.ch\/#\/schema\/person\/6f650f90b2842cd4c0cc334b4e36f67e","name":"thomas.berner","image":{"@type":"ImageObject","inLanguage":"fr-FR","@id":"https:\/\/secure.gravatar.com\/avatar\/ac5001d2a36cb6c6cd3e50789007ffca834b477b74a2144564522e944eabff61?s=96&d=mm&r=g","url":"https:\/\/secure.gravatar.com\/avatar\/ac5001d2a36cb6c6cd3e50789007ffca834b477b74a2144564522e944eabff61?s=96&d=mm&r=g","contentUrl":"https:\/\/secure.gravatar.com\/avatar\/ac5001d2a36cb6c6cd3e50789007ffca834b477b74a2144564522e944eabff61?s=96&d=mm&r=g","caption":"thomas.berner"},"url":"https:\/\/www.organisator.ch\/fr\/author\/thomas-berner\/"}]}},"_links":{"self":[{"href":"https:\/\/www.organisator.ch\/fr\/wp-json\/wp\/v2\/posts\/12898","targetHints":{"allow":["GET"]}}],"collection":[{"href":"https:\/\/www.organisator.ch\/fr\/wp-json\/wp\/v2\/posts"}],"about":[{"href":"https:\/\/www.organisator.ch\/fr\/wp-json\/wp\/v2\/types\/post"}],"author":[{"embeddable":true,"href":"https:\/\/www.organisator.ch\/fr\/wp-json\/wp\/v2\/users\/4"}],"replies":[{"embeddable":true,"href":"https:\/\/www.organisator.ch\/fr\/wp-json\/wp\/v2\/comments?post=12898"}],"version-history":[{"count":1,"href":"https:\/\/www.organisator.ch\/fr\/wp-json\/wp\/v2\/posts\/12898\/revisions"}],"predecessor-version":[{"id":12900,"href":"https:\/\/www.organisator.ch\/fr\/wp-json\/wp\/v2\/posts\/12898\/revisions\/12900"}],"wp:featuredmedia":[{"embeddable":true,"href":"https:\/\/www.organisator.ch\/fr\/wp-json\/wp\/v2\/media\/12899"}],"wp:attachment":[{"href":"https:\/\/www.organisator.ch\/fr\/wp-json\/wp\/v2\/media?parent=12898"}],"wp:term":[{"taxonomy":"category","embeddable":true,"href":"https:\/\/www.organisator.ch\/fr\/wp-json\/wp\/v2\/categories?post=12898"},{"taxonomy":"post_tag","embeddable":true,"href":"https:\/\/www.organisator.ch\/fr\/wp-json\/wp\/v2\/tags?post=12898"}],"curies":[{"name":"wp","href":"https:\/\/api.w.org\/{rel}","templated":true}]}}