{"id":12935,"date":"2022-05-19T13:28:31","date_gmt":"2022-05-19T11:28:31","guid":{"rendered":"https:\/\/www.werbewoche.ch\/?p=171512"},"modified":"2022-07-30T16:32:49","modified_gmt":"2022-07-30T14:32:49","slug":"sunrise-upc-erhaelt-komplett-neuen-auftritt-von-thjnk-und-rufus-leonard","status":"publish","type":"post","link":"https:\/\/www.organisator.ch\/fr\/marketing\/2022-05-19\/sunrise-upc-erhaelt-komplett-neuen-auftritt-von-thjnk-und-rufus-leonard\/","title":{"rendered":"Sunrise UPC re\u00e7oit une toute nouvelle pr\u00e9sentation de Thjnk et Rufus Leonard"},"content":{"rendered":"<figure id=\"attachment_171514\" class=\"wp-caption alignnone\" style=\"width: 1920px\" aria-describedby=\"caption-attachment-171514\"><img class=\"alignnone wp-image-171514 size-full\" src=\"https:\/\/www.werbewoche.ch\/wp-content\/uploads\/2022\/05\/SUN-MM-Keyvisual.jpg\" alt=\"Sunrise\" width=\"1920\" height=\"1080\" \/><figcaption id=\"caption-attachment-171514\" class=\"wp-caption-text\">Le nouveau keyvisual avec le logo \"Aurora<\/figcaption><\/figure>\r\nLa fusion de Sunrise et d'UPC fin 2020 a \u00e9t\u00e9 le mariage de l'\u00e9l\u00e9phant dans le secteur suisse des t\u00e9l\u00e9communications. Liberty Global - la soci\u00e9t\u00e9 m\u00e8re d'UPC - avait alors rachet\u00e9 Sunrise. Malgr\u00e9 cela, la nouvelle entreprise Sunrise UPC mise \u00e0 nouveau en premier lieu sur Sunrise en tant que marque \u00e0 partir du 23 mai 2022.\r\n<h3><strong>Adieu \u00e0 la marque UPC <\/strong><\/h3>\r\nLes clients UPC existants continueront \u00e0 recevoir leurs produits et services actuels sous la marque UPC. La direction a toutefois pr\u00e9cis\u00e9 que ces clients seront progressivement transf\u00e9r\u00e9s vers les nouveaux produits Sunrise. La marque UPC dispara\u00eetra donc \u00e0 long terme et ne sera plus poursuivie, du moins dans un premier temps, l'entreprise ne s'appellera pas seulement Sunrise, mais encore Sunrise UPC. \"Si cela devait changer, nous en informerions en temps voulu\", a d\u00e9clar\u00e9 le CEO Krause.\r\n<h3><strong>Nouveau design de la marque Thjnk<\/strong><\/h3>\r\nEn se concentrant sur Sunrise, le groupe de t\u00e9l\u00e9communications lance \u00e9galement \u00e0 partir de lundi un nouveau positionnement incluant un nouveau design de marque - avec un nouveau symbole et de nouvelles valeurs. Thjnk Zurich est responsable de la communication de la marque. L'agence a pu s'imposer face \u00e0 la concurrence lors d'un pitch de plusieurs heures. La nouvelle identit\u00e9 de marque a \u00e9t\u00e9 d\u00e9velopp\u00e9e par l'agence londonienne de design et de technologie Rufus Leonard.\r\n<h3>Nouveau slogan \"Dream big. Do big\".<\/h3>\r\nSunrise veut \u00eatre plus qu'un op\u00e9rateur de t\u00e9l\u00e9communications - la marque doit inspirer les gens et les encourager \u00e0 r\u00e9aliser leurs r\u00eaves. Car avec une \u00e9nergie positive et des solutions en r\u00e9seau, tout est possible. C'est aussi ce que veut dire le nouveau slogan de la marque : \"Dream big. Do big.\".\r\n\r\nCette attitude s'exprime dans la campagne Funnel de plusieurs heures sur tous les supports publicitaires. Dans un film-manifeste de 60 secondes, on c\u00e9l\u00e8bre d\u00e9lib\u00e9r\u00e9ment les hauts et les bas de la vie. Et montre des personnes qui s'accrochent \u00e0 leur r\u00eave et \u00e0 leur grand projet, m\u00eame s'il y a parfois des vents contraires. Des personnes qui restent positives, qui vont toujours de l'avant et qui n'abandonnent jamais - ce sont elles qui portent en elles l'attitude de Sunrise. La star du ski Marco Odermatt ou l'ic\u00f4ne du tennis Roger Federer en font \u00e9galement partie. Le film est accompagn\u00e9 musicalement par une reprise de la chanson de Police \"Every little thing she does is magic\", interpr\u00e9t\u00e9e par Sleeping at last.\r\n<h3>Appel vers l'ext\u00e9rieur et l'int\u00e9rieur<\/h3>\r\nLe nouveau slogan de la marque et les messages d'appel ne s'adressent pas seulement aux clients de Sunrise, mais aussi explicitement \u00e0 tous les collaborateurs. Andreas Caluori, Senior Director Brand &amp; Marcoms chez Sunrise, estime que \"c'est justement apr\u00e8s une fusion aussi importante qu'il est important que tous les collaborateurs puissent s'appuyer sur une vision et une mission communes\".\r\n<h3>Rebranding depuis Londres<\/h3>\r\nL'agence de design et de technologie Rufus Leonard, bas\u00e9e \u00e0 Londres et r\u00e9compens\u00e9e \u00e0 plusieurs reprises, a con\u00e7u un redesign complet pour le positionnement remani\u00e9. Cela comprend une nouvelle identit\u00e9 de marque, le nouveau logo anim\u00e9, l'\"Aurora\" qui ressemble \u00e0 un lever de soleil et qui est toujours plac\u00e9 sur une ligne d'horizon, la d\u00e9\ufb01nition de l'univers visuel, les principes de co-branding, les directives de marque, le concept POS ainsi que les ic\u00f4nes.\r\n<h3><strong>La marque UPC est enterr\u00e9e<\/strong><\/h3>\r\nLes clients UPC existants continueront \u00e0 recevoir leurs produits et services actuels sous la marque UPC. La direction a toutefois pr\u00e9cis\u00e9 que ces clients seront progressivement transf\u00e9r\u00e9s vers les nouveaux produits de Sunrise. La marque UPC dispara\u00eetra donc \u00e0 long terme et ne sera plus maintenue.\r\n\r\nDans un premier temps du moins, l'entreprise devrait continuer \u00e0 s'appeler non seulement Sunrise, mais aussi Sunrise UPC. \"Si cela devait changer, nous en informerions en temps voulu\", a d\u00e9clar\u00e9 le CEO Krause.\r\n\r\n\"Nous franchissons l'\u00e9tape la plus importante de l'int\u00e9gration de Sunrise UPC\", a d\u00e9clar\u00e9 le CEO Andr\u00e9 Krause dans le communiqu\u00e9 relatif aux nouveaut\u00e9s. Lors de la conf\u00e9rence de presse, il a ajout\u00e9 : \"Nous nous sommes entra\u00een\u00e9s durement et avons d\u00e9velopp\u00e9 nos muscles au cours des derni\u00e8res ann\u00e9es\". Nous sommes d\u00e9sormais pr\u00eats pour l'avenir, a-t-il ajout\u00e9.\r\n<h3><strong>Nouvelle famille d'abonnements Up<\/strong><\/h3>\r\nSous le nom de \"Sunrise Up\", Sunrise UPC lance en outre les premiers abonnements int\u00e9gr\u00e9s qui misent sur la marque Sunrise. Le principe est simple : si les clients combinent la t\u00e9l\u00e9phonie mobile, Internet et la t\u00e9l\u00e9vision, ils b\u00e9n\u00e9ficient de r\u00e9ductions suppl\u00e9mentaires. Selon le choix, ces rabais vont de 20 \u00e0 100 francs par mois.\r\n<h3><strong>Partenariat avec Netflix<\/strong><\/h3>\r\nEn ce qui concerne l'offre de t\u00e9l\u00e9vision, Sunrise a conclu un partenariat avec le fournisseur de streaming Netflix. Les clients re\u00e7oivent ainsi l'offre de films et de s\u00e9ries du fournisseur am\u00e9ricain dans un tarif combin\u00e9 pour les offres les plus ch\u00e8res, un abonnement s\u00e9par\u00e9 n'est plus n\u00e9cessaire. Par ailleurs, Sunrise UPC coop\u00e8re \u00e9galement avec CH Media pour le streaming. Le service de streaming suisse Oneplus du groupe de m\u00e9dias argovien est inclus dans la plupart des abonnements TV dans son \u00e9dition Sunrise.\r\n<h3><strong>Positionnement dans le segment de prix sup\u00e9rieur<\/strong><\/h3>\r\nAvec \"Sunrise Up\", le groupe veut d'ailleurs clairement se positionner dans le segment des prix plus \u00e9lev\u00e9s - et ainsi concurrencer le g\u00e9ant Swisscom. Les clients plut\u00f4t sensibles aux prix doivent en revanche \u00eatre atteints avec la marque Yallo.\r\n\r\nCelle-ci a r\u00e9cemment \u00e9t\u00e9 transform\u00e9e en un fournisseur de t\u00e9l\u00e9communications \u00e0 part enti\u00e8re avec t\u00e9l\u00e9vision, t\u00e9l\u00e9phonie mobile et Internet. Son offre s'oppose donc en premier lieu \u00e0 la marque bon march\u00e9 Wingo de Swisscom ou aux produits de Salt. <em>(ats\/csi)<\/em>\r\n\r\n<img class=\"alignnone wp-image-171515 size-full\" src=\"https:\/\/www.werbewoche.ch\/wp-content\/uploads\/2022\/05\/SUN-MM-Sujet-See.jpg\" alt=\"Sunrise\" width=\"1522\" height=\"726\" \/> <img class=\"alignnone wp-image-171516 size-full\" src=\"https:\/\/www.werbewoche.ch\/wp-content\/uploads\/2022\/05\/SUN-MM-Sujet-Federer.jpg\" alt=\"Sunrise\" width=\"1522\" height=\"726\" \/> <img class=\"alignnone wp-image-171517 size-full\" src=\"https:\/\/www.werbewoche.ch\/wp-content\/uploads\/2022\/05\/SUN-MM-Sujet-Longboard.jpg\" alt=\"Sunrise\" width=\"1522\" height=\"726\" \/>\r\n\r\n<hr \/>\r\n\r\n<strong>Responsable chez Sunrise UPC : <\/strong>Andreas Caluori (Senior Director Brand Development and Consumer Marketing), Anna Leutar (Head of ATL &amp; Brand Campaigning), Andreas J\u00e4ggi (Marketing Manager), Graziella Gut (Brand Manager). <strong>Responsable chez Thjnk Zurich :<\/strong> Alexander Jaggy, Pablo Schencke (GF Cr\u00e9ation), Lukas Amgwerd, Anna-Fiona Geller, Johannes Gorsboth (texte), Lukas Frischknecht, Mieke Haase, Alexander M\u00fcsgens, Fabian Esslinger, Silvia Meierhofer, Raymi Mendoza, Leorah Uhricek, Jozy Jeanguenin, Stefan Kaetz, Felix Hackmann (direction artistique), Gordon Nemitz (GF Strat\u00e9gie) Fabienne Peyer (Strat\u00e9gie), Andrea Bison (GF Conseil) Claudia Ziltener, Michaela Bossard, Cornelia N\u00fcnlist, Jennifer Vogel, Linda Zaugg, Marcella Corti, Jochen Hennecke (Conseil) Thomas Nabbefeld, Axel Doepner, Laura Fr\u00fcchtenicht (FFF), Marc Seibert, Guido Block (Thjnk 24\/7). <strong>Partenaires externes : film :<\/strong> Histoires avec William Armstrong (directeur), Cezary Zacherewicz (DoP), Mich\u00e8le Seligmann (productrice ex\u00e9cutive ), J\u00fcrgen Krause (producteur), Karina Kirschner (productrice de ligne ), Edoardo Moruzzi (chef de postproduction), Peter Scherz delighted gmbh (d\u00e9partement artistique CH), Birdviewpicture GmbH (Drone), Ester de Udaeta (Producer Spain Western), Iain Whitewright (Editor), Paul Yacono The Mill, Los Angeles (Color Grading), Denis Kretz (VFX), Jingle Jungle Tonstudios (Sound Design Manifesto\ufb01lm \/ Audiopostproduction). <strong>Photogra\ufb01e : <\/strong>David Daub (Wildfoxrunning et Lina Baumann), Tina Luther (Str\u00f6ver). <strong>Agence de branding responsable : <\/strong>Rufus Leonard (Neil Svensen, Carlo D'Alanno, Natalie Bennett, Rita Branco, Philippa Todhunter, Richard Warren, Carolyn Cox, Barbora Breckova) <strong>Agences m\u00e9dia responsables : Mediatonic :<\/strong> Marco Rose, David Hoesli, C\u00e9dric Zwicky. <strong>Sir Mary :<\/strong> Kevin Sch\u00e4lchlin (Media Consultant), Marion Nicolaus (Head of Media Operations &amp; Intelligence), Eticus Rozas (AdTech &amp; Data Manager), Fabian Habisreutinger (Strategy Director Media). <strong>Mise en \u0153uvre : <\/strong>RTK","protected":false},"excerpt":{"rendered":"<p>Die Fusion von Sunrise und UPC Ende 2020 war die Elefantenhochzeit in der Schweizer Telekombranche. Damals \u00fcbernahm Liberty Global \u2013 die Muttergesellschaft von UPC \u2013Sunrise. Trotzdem setzt das neue Unternehmen Sunrise UPC ab 23. Mai 2022 als Marke nun wieder prim\u00e4r auf Sunrise. Abschied von der Marke UPC Bestehende UPC-Kundinnen und -Kunden erhielten ihre bisherigen [\u2026]<\/p>\n","protected":false},"author":8,"featured_media":0,"comment_status":"closed","ping_status":"closed","sticky":false,"template":"","format":"standard","meta":{"_acf_changed":false,"_yoast_wpseo_focuskw":"Sunrise","_yoast_wpseo_metadesc":"Das fusionierte Telekomunternehmen Sunrise UPC schreitet mit seiner Integration weiter voran. Sunrise wird zur Hauptmarke des Konzerns \u2013 mit neuem Auftritt, erstellt von den Agenturen Thjnk und Rufus Leonard.","articlekey":"","footnotes":""},"categories":[29],"tags":[2866,2867,2868,2869,2870,2871,2872,2873,2874],"class_list":["post-12935","post","type-post","status-publish","format-standard","hentry","category-marketing","tag-jingle-jungle","tag-mediatonic","tag-netflix","tag-oneplus","tag-rufus-leonard","tag-sir-mary","tag-sunrise","tag-thjnk-zuerich","tag-upc"],"acf":[],"yoast_head":"<!-- This site is optimized with the Yoast SEO plugin v27.5 - https:\/\/yoast.com\/product\/yoast-seo-wordpress\/ -->\n<title>Sunrise UPC erh\u00e4lt komplett neuen Auftritt von Thjnk und Rufus Leonard - Organisator<\/title>\n<meta name=\"description\" content=\"Das fusionierte Telekomunternehmen Sunrise UPC schreitet mit seiner Integration weiter voran. Sunrise wird zur Hauptmarke des Konzerns \u2013 mit neuem Auftritt, erstellt von den Agenturen Thjnk und Rufus Leonard.\" \/>\n<meta name=\"robots\" content=\"index, follow, max-snippet:-1, max-image-preview:large, max-video-preview:-1\" \/>\n<link rel=\"canonical\" href=\"https:\/\/www.werbewoche.ch\/de\/marketing\/marken\/2022-05-19\/sunrise-upc-erhaelt-komplett-neuen-auftritt-von-thjnk-und-rufus-leonard\/\" \/>\n<meta property=\"og:locale\" content=\"fr_FR\" \/>\n<meta property=\"og:type\" content=\"article\" \/>\n<meta property=\"og:title\" content=\"Sunrise UPC erh\u00e4lt komplett neuen Auftritt von Thjnk und Rufus Leonard - Organisator\" \/>\n<meta property=\"og:description\" content=\"Das fusionierte Telekomunternehmen Sunrise UPC schreitet mit seiner Integration weiter voran. Sunrise wird zur Hauptmarke des Konzerns \u2013 mit neuem Auftritt, erstellt von den Agenturen Thjnk und Rufus Leonard.\" \/>\n<meta property=\"og:url\" content=\"https:\/\/www.werbewoche.ch\/de\/marketing\/marken\/2022-05-19\/sunrise-upc-erhaelt-komplett-neuen-auftritt-von-thjnk-und-rufus-leonard\/\" \/>\n<meta property=\"og:site_name\" content=\"Organisator\" \/>\n<meta property=\"article:publisher\" content=\"https:\/\/www.facebook.com\/OrganisatorFachmagazin\" \/>\n<meta property=\"article:published_time\" content=\"2022-05-19T11:28:31+00:00\" \/>\n<meta property=\"article:modified_time\" content=\"2022-07-30T14:32:49+00:00\" \/>\n<meta property=\"og:image\" content=\"https:\/\/www.werbewoche.ch\/wp-content\/uploads\/2022\/05\/SUN-MM-Keyvisual.jpg\" \/>\n<meta name=\"author\" content=\"galledia\" \/>\n<meta name=\"twitter:card\" content=\"summary_large_image\" \/>\n<meta name=\"twitter:creator\" content=\"@admin\" \/>\n<script type=\"application\/ld+json\" class=\"yoast-schema-graph\">{\"@context\":\"https:\\\/\\\/schema.org\",\"@graph\":[{\"@type\":\"Article\",\"@id\":\"https:\\\/\\\/www.werbewoche.ch\\\/de\\\/marketing\\\/marken\\\/2022-05-19\\\/sunrise-upc-erhaelt-komplett-neuen-auftritt-von-thjnk-und-rufus-leonard\\\/#article\",\"isPartOf\":{\"@id\":\"https:\\\/\\\/www.organisator.ch\\\/marketing\\\/2022-05-19\\\/sunrise-upc-erhaelt-komplett-neuen-auftritt-von-thjnk-und-rufus-leonard\\\/\"},\"author\":{\"name\":\"galledia\",\"@id\":\"https:\\\/\\\/www.organisator.ch\\\/#\\\/schema\\\/person\\\/4e51799071cd2dd1232ac003643ef5f0\"},\"headline\":\"Sunrise UPC erh\u00e4lt komplett neuen Auftritt von Thjnk und Rufus Leonard\",\"datePublished\":\"2022-05-19T11:28:31+00:00\",\"dateModified\":\"2022-07-30T14:32:49+00:00\",\"mainEntityOfPage\":{\"@id\":\"https:\\\/\\\/www.organisator.ch\\\/marketing\\\/2022-05-19\\\/sunrise-upc-erhaelt-komplett-neuen-auftritt-von-thjnk-und-rufus-leonard\\\/\"},\"wordCount\":1050,\"publisher\":{\"@id\":\"https:\\\/\\\/www.organisator.ch\\\/#organization\"},\"image\":{\"@id\":\"https:\\\/\\\/www.werbewoche.ch\\\/de\\\/marketing\\\/marken\\\/2022-05-19\\\/sunrise-upc-erhaelt-komplett-neuen-auftritt-von-thjnk-und-rufus-leonard\\\/#primaryimage\"},\"thumbnailUrl\":\"https:\\\/\\\/www.werbewoche.ch\\\/wp-content\\\/uploads\\\/2022\\\/05\\\/SUN-MM-Keyvisual.jpg\",\"keywords\":[\"Jingle Jungle\",\"Mediatonic\",\"Netflix\",\"Oneplus\",\"Rufus Leonard\",\"Sir Mary\",\"Sunrise\",\"Thjnk Z\u00fcrich\",\"UPC\"],\"articleSection\":[\"MARKETING\"],\"inLanguage\":\"fr-FR\"},{\"@type\":\"WebPage\",\"@id\":\"https:\\\/\\\/www.organisator.ch\\\/marketing\\\/2022-05-19\\\/sunrise-upc-erhaelt-komplett-neuen-auftritt-von-thjnk-und-rufus-leonard\\\/\",\"url\":\"https:\\\/\\\/www.werbewoche.ch\\\/de\\\/marketing\\\/marken\\\/2022-05-19\\\/sunrise-upc-erhaelt-komplett-neuen-auftritt-von-thjnk-und-rufus-leonard\\\/\",\"name\":\"Sunrise UPC erh\u00e4lt komplett neuen Auftritt von Thjnk und Rufus Leonard - Organisator\",\"isPartOf\":{\"@id\":\"https:\\\/\\\/www.organisator.ch\\\/#website\"},\"primaryImageOfPage\":{\"@id\":\"https:\\\/\\\/www.werbewoche.ch\\\/de\\\/marketing\\\/marken\\\/2022-05-19\\\/sunrise-upc-erhaelt-komplett-neuen-auftritt-von-thjnk-und-rufus-leonard\\\/#primaryimage\"},\"image\":{\"@id\":\"https:\\\/\\\/www.werbewoche.ch\\\/de\\\/marketing\\\/marken\\\/2022-05-19\\\/sunrise-upc-erhaelt-komplett-neuen-auftritt-von-thjnk-und-rufus-leonard\\\/#primaryimage\"},\"thumbnailUrl\":\"https:\\\/\\\/www.werbewoche.ch\\\/wp-content\\\/uploads\\\/2022\\\/05\\\/SUN-MM-Keyvisual.jpg\",\"datePublished\":\"2022-05-19T11:28:31+00:00\",\"dateModified\":\"2022-07-30T14:32:49+00:00\",\"description\":\"Das fusionierte Telekomunternehmen Sunrise UPC schreitet mit seiner Integration weiter voran. Sunrise wird zur Hauptmarke des Konzerns \u2013 mit neuem Auftritt, erstellt von den Agenturen Thjnk und Rufus Leonard.\",\"breadcrumb\":{\"@id\":\"https:\\\/\\\/www.werbewoche.ch\\\/de\\\/marketing\\\/marken\\\/2022-05-19\\\/sunrise-upc-erhaelt-komplett-neuen-auftritt-von-thjnk-und-rufus-leonard\\\/#breadcrumb\"},\"inLanguage\":\"fr-FR\",\"potentialAction\":[{\"@type\":\"ReadAction\",\"target\":[\"https:\\\/\\\/www.werbewoche.ch\\\/de\\\/marketing\\\/marken\\\/2022-05-19\\\/sunrise-upc-erhaelt-komplett-neuen-auftritt-von-thjnk-und-rufus-leonard\\\/\"]}]},{\"@type\":\"ImageObject\",\"inLanguage\":\"fr-FR\",\"@id\":\"https:\\\/\\\/www.werbewoche.ch\\\/de\\\/marketing\\\/marken\\\/2022-05-19\\\/sunrise-upc-erhaelt-komplett-neuen-auftritt-von-thjnk-und-rufus-leonard\\\/#primaryimage\",\"url\":\"https:\\\/\\\/www.werbewoche.ch\\\/wp-content\\\/uploads\\\/2022\\\/05\\\/SUN-MM-Keyvisual.jpg\",\"contentUrl\":\"https:\\\/\\\/www.werbewoche.ch\\\/wp-content\\\/uploads\\\/2022\\\/05\\\/SUN-MM-Keyvisual.jpg\"},{\"@type\":\"BreadcrumbList\",\"@id\":\"https:\\\/\\\/www.werbewoche.ch\\\/de\\\/marketing\\\/marken\\\/2022-05-19\\\/sunrise-upc-erhaelt-komplett-neuen-auftritt-von-thjnk-und-rufus-leonard\\\/#breadcrumb\",\"itemListElement\":[{\"@type\":\"ListItem\",\"position\":1,\"name\":\"Home\",\"item\":\"https:\\\/\\\/www.organisator.ch\\\/\"},{\"@type\":\"ListItem\",\"position\":2,\"name\":\"Sunrise UPC erh\u00e4lt komplett neuen Auftritt von Thjnk und Rufus Leonard\"}]},{\"@type\":\"WebSite\",\"@id\":\"https:\\\/\\\/www.organisator.ch\\\/#website\",\"url\":\"https:\\\/\\\/www.organisator.ch\\\/\",\"name\":\"Organisator\",\"description\":\"Kompetent. Praxisnah. Der ORGANISATOR bereitet in 10 Ausgaben pro Jahr die wesentlichen Themen f\u00fcr F\u00fchrungskr\u00e4fte von KMU auf.\",\"publisher\":{\"@id\":\"https:\\\/\\\/www.organisator.ch\\\/#organization\"},\"potentialAction\":[{\"@type\":\"SearchAction\",\"target\":{\"@type\":\"EntryPoint\",\"urlTemplate\":\"https:\\\/\\\/www.organisator.ch\\\/?s={search_term_string}\"},\"query-input\":{\"@type\":\"PropertyValueSpecification\",\"valueRequired\":true,\"valueName\":\"search_term_string\"}}],\"inLanguage\":\"fr-FR\"},{\"@type\":\"Organization\",\"@id\":\"https:\\\/\\\/www.organisator.ch\\\/#organization\",\"name\":\"Organisator\",\"url\":\"https:\\\/\\\/www.organisator.ch\\\/\",\"logo\":{\"@type\":\"ImageObject\",\"inLanguage\":\"fr-FR\",\"@id\":\"https:\\\/\\\/www.organisator.ch\\\/#\\\/schema\\\/logo\\\/image\\\/\",\"url\":\"https:\\\/\\\/www.organisator.ch\\\/wp-content\\\/uploads\\\/2022\\\/01\\\/Logo_Organisator_Website.png\",\"contentUrl\":\"https:\\\/\\\/www.organisator.ch\\\/wp-content\\\/uploads\\\/2022\\\/01\\\/Logo_Organisator_Website.png\",\"width\":800,\"height\":77,\"caption\":\"Organisator\"},\"image\":{\"@id\":\"https:\\\/\\\/www.organisator.ch\\\/#\\\/schema\\\/logo\\\/image\\\/\"},\"sameAs\":[\"https:\\\/\\\/www.facebook.com\\\/OrganisatorFachmagazin\",\"https:\\\/\\\/www.linkedin.com\\\/showcase\\\/organisator-das-magazin-fr-kmu\",\"https:\\\/\\\/www.xing.com\\\/news\\\/pages\\\/organisator-ch-695\",\"https:\\\/\\\/www.youtube.com\\\/channel\\\/UCGP2Sq0iWaZwT3BdIAQFYpw\"]},{\"@type\":\"Person\",\"@id\":\"https:\\\/\\\/www.organisator.ch\\\/#\\\/schema\\\/person\\\/4e51799071cd2dd1232ac003643ef5f0\",\"name\":\"galledia\",\"image\":{\"@type\":\"ImageObject\",\"inLanguage\":\"fr-FR\",\"@id\":\"https:\\\/\\\/secure.gravatar.com\\\/avatar\\\/78a7f90c01fc2bfc875782a0d4922b37cde2cf184ce347b91316d23cd7f69a36?s=96&d=mm&r=g\",\"url\":\"https:\\\/\\\/secure.gravatar.com\\\/avatar\\\/78a7f90c01fc2bfc875782a0d4922b37cde2cf184ce347b91316d23cd7f69a36?s=96&d=mm&r=g\",\"contentUrl\":\"https:\\\/\\\/secure.gravatar.com\\\/avatar\\\/78a7f90c01fc2bfc875782a0d4922b37cde2cf184ce347b91316d23cd7f69a36?s=96&d=mm&r=g\",\"caption\":\"galledia\"},\"sameAs\":[\"https:\\\/\\\/x.com\\\/admin\"],\"url\":\"https:\\\/\\\/www.organisator.ch\\\/fr\\\/author\\\/galledia\\\/\"}]}<\/script>\n<!-- \/ Yoast SEO plugin. -->","yoast_head_json":{"title":"Sunrise UPC re\u00e7oit une toute nouvelle pr\u00e9sentation de Thjnk et Rufus Leonard - Organisateur","description":"L'entreprise de t\u00e9l\u00e9communications fusionn\u00e9e Sunrise UPC poursuit son int\u00e9gration. Sunrise devient la marque principale du groupe - avec une nouvelle identit\u00e9 visuelle, cr\u00e9\u00e9e par les agences Thjnk et Rufus Leonard.","robots":{"index":"index","follow":"follow","max-snippet":"max-snippet:-1","max-image-preview":"max-image-preview:large","max-video-preview":"max-video-preview:-1"},"canonical":"https:\/\/www.werbewoche.ch\/de\/marketing\/marken\/2022-05-19\/sunrise-upc-erhaelt-komplett-neuen-auftritt-von-thjnk-und-rufus-leonard\/","og_locale":"fr_FR","og_type":"article","og_title":"Sunrise UPC erh\u00e4lt komplett neuen Auftritt von Thjnk und Rufus Leonard - Organisator","og_description":"Das fusionierte Telekomunternehmen Sunrise UPC schreitet mit seiner Integration weiter voran. Sunrise wird zur Hauptmarke des Konzerns \u2013 mit neuem Auftritt, erstellt von den Agenturen Thjnk und Rufus Leonard.","og_url":"https:\/\/www.werbewoche.ch\/de\/marketing\/marken\/2022-05-19\/sunrise-upc-erhaelt-komplett-neuen-auftritt-von-thjnk-und-rufus-leonard\/","og_site_name":"Organisator","article_publisher":"https:\/\/www.facebook.com\/OrganisatorFachmagazin","article_published_time":"2022-05-19T11:28:31+00:00","article_modified_time":"2022-07-30T14:32:49+00:00","og_image":[{"url":"https:\/\/www.werbewoche.ch\/wp-content\/uploads\/2022\/05\/SUN-MM-Keyvisual.jpg","type":"","width":"","height":""}],"author":"galledia","twitter_card":"summary_large_image","twitter_creator":"@admin","schema":{"@context":"https:\/\/schema.org","@graph":[{"@type":"Article","@id":"https:\/\/www.werbewoche.ch\/de\/marketing\/marken\/2022-05-19\/sunrise-upc-erhaelt-komplett-neuen-auftritt-von-thjnk-und-rufus-leonard\/#article","isPartOf":{"@id":"https:\/\/www.organisator.ch\/marketing\/2022-05-19\/sunrise-upc-erhaelt-komplett-neuen-auftritt-von-thjnk-und-rufus-leonard\/"},"author":{"name":"galledia","@id":"https:\/\/www.organisator.ch\/#\/schema\/person\/4e51799071cd2dd1232ac003643ef5f0"},"headline":"Sunrise UPC erh\u00e4lt komplett neuen Auftritt von Thjnk und Rufus Leonard","datePublished":"2022-05-19T11:28:31+00:00","dateModified":"2022-07-30T14:32:49+00:00","mainEntityOfPage":{"@id":"https:\/\/www.organisator.ch\/marketing\/2022-05-19\/sunrise-upc-erhaelt-komplett-neuen-auftritt-von-thjnk-und-rufus-leonard\/"},"wordCount":1050,"publisher":{"@id":"https:\/\/www.organisator.ch\/#organization"},"image":{"@id":"https:\/\/www.werbewoche.ch\/de\/marketing\/marken\/2022-05-19\/sunrise-upc-erhaelt-komplett-neuen-auftritt-von-thjnk-und-rufus-leonard\/#primaryimage"},"thumbnailUrl":"https:\/\/www.werbewoche.ch\/wp-content\/uploads\/2022\/05\/SUN-MM-Keyvisual.jpg","keywords":["Jingle Jungle","Mediatonic","Netflix","Oneplus","Rufus Leonard","Sir Mary","Sunrise","Thjnk Z\u00fcrich","UPC"],"articleSection":["MARKETING"],"inLanguage":"fr-FR"},{"@type":"WebPage","@id":"https:\/\/www.organisator.ch\/marketing\/2022-05-19\/sunrise-upc-erhaelt-komplett-neuen-auftritt-von-thjnk-und-rufus-leonard\/","url":"https:\/\/www.werbewoche.ch\/de\/marketing\/marken\/2022-05-19\/sunrise-upc-erhaelt-komplett-neuen-auftritt-von-thjnk-und-rufus-leonard\/","name":"Sunrise UPC re\u00e7oit une toute nouvelle pr\u00e9sentation de Thjnk et Rufus Leonard - Organisateur","isPartOf":{"@id":"https:\/\/www.organisator.ch\/#website"},"primaryImageOfPage":{"@id":"https:\/\/www.werbewoche.ch\/de\/marketing\/marken\/2022-05-19\/sunrise-upc-erhaelt-komplett-neuen-auftritt-von-thjnk-und-rufus-leonard\/#primaryimage"},"image":{"@id":"https:\/\/www.werbewoche.ch\/de\/marketing\/marken\/2022-05-19\/sunrise-upc-erhaelt-komplett-neuen-auftritt-von-thjnk-und-rufus-leonard\/#primaryimage"},"thumbnailUrl":"https:\/\/www.werbewoche.ch\/wp-content\/uploads\/2022\/05\/SUN-MM-Keyvisual.jpg","datePublished":"2022-05-19T11:28:31+00:00","dateModified":"2022-07-30T14:32:49+00:00","description":"L'entreprise de t\u00e9l\u00e9communications fusionn\u00e9e Sunrise UPC poursuit son int\u00e9gration. Sunrise devient la marque principale du groupe - avec une nouvelle identit\u00e9 visuelle, cr\u00e9\u00e9e par les agences Thjnk et Rufus Leonard.","breadcrumb":{"@id":"https:\/\/www.werbewoche.ch\/de\/marketing\/marken\/2022-05-19\/sunrise-upc-erhaelt-komplett-neuen-auftritt-von-thjnk-und-rufus-leonard\/#breadcrumb"},"inLanguage":"fr-FR","potentialAction":[{"@type":"ReadAction","target":["https:\/\/www.werbewoche.ch\/de\/marketing\/marken\/2022-05-19\/sunrise-upc-erhaelt-komplett-neuen-auftritt-von-thjnk-und-rufus-leonard\/"]}]},{"@type":"ImageObject","inLanguage":"fr-FR","@id":"https:\/\/www.werbewoche.ch\/de\/marketing\/marken\/2022-05-19\/sunrise-upc-erhaelt-komplett-neuen-auftritt-von-thjnk-und-rufus-leonard\/#primaryimage","url":"https:\/\/www.werbewoche.ch\/wp-content\/uploads\/2022\/05\/SUN-MM-Keyvisual.jpg","contentUrl":"https:\/\/www.werbewoche.ch\/wp-content\/uploads\/2022\/05\/SUN-MM-Keyvisual.jpg"},{"@type":"BreadcrumbList","@id":"https:\/\/www.werbewoche.ch\/de\/marketing\/marken\/2022-05-19\/sunrise-upc-erhaelt-komplett-neuen-auftritt-von-thjnk-und-rufus-leonard\/#breadcrumb","itemListElement":[{"@type":"ListItem","position":1,"name":"Home","item":"https:\/\/www.organisator.ch\/"},{"@type":"ListItem","position":2,"name":"Sunrise UPC erh\u00e4lt komplett neuen Auftritt von Thjnk und Rufus Leonard"}]},{"@type":"WebSite","@id":"https:\/\/www.organisator.ch\/#website","url":"https:\/\/www.organisator.ch\/","name":"Organisateur","description":"Comp\u00e9tence et comp\u00e9tence. Proches de la pratique. L'ORGANISATEUR pr\u00e9pare 10 num\u00e9ros par an sur les th\u00e8mes essentiels pour les dirigeants de PME.","publisher":{"@id":"https:\/\/www.organisator.ch\/#organization"},"potentialAction":[{"@type":"SearchAction","target":{"@type":"EntryPoint","urlTemplate":"https:\/\/www.organisator.ch\/?s={search_term_string}"},"query-input":{"@type":"PropertyValueSpecification","valueRequired":true,"valueName":"search_term_string"}}],"inLanguage":"fr-FR"},{"@type":"Organization","@id":"https:\/\/www.organisator.ch\/#organization","name":"Organisateur","url":"https:\/\/www.organisator.ch\/","logo":{"@type":"ImageObject","inLanguage":"fr-FR","@id":"https:\/\/www.organisator.ch\/#\/schema\/logo\/image\/","url":"https:\/\/www.organisator.ch\/wp-content\/uploads\/2022\/01\/Logo_Organisator_Website.png","contentUrl":"https:\/\/www.organisator.ch\/wp-content\/uploads\/2022\/01\/Logo_Organisator_Website.png","width":800,"height":77,"caption":"Organisator"},"image":{"@id":"https:\/\/www.organisator.ch\/#\/schema\/logo\/image\/"},"sameAs":["https:\/\/www.facebook.com\/OrganisatorFachmagazin","https:\/\/www.linkedin.com\/showcase\/organisator-das-magazin-fr-kmu","https:\/\/www.xing.com\/news\/pages\/organisator-ch-695","https:\/\/www.youtube.com\/channel\/UCGP2Sq0iWaZwT3BdIAQFYpw"]},{"@type":"Person","@id":"https:\/\/www.organisator.ch\/#\/schema\/person\/4e51799071cd2dd1232ac003643ef5f0","name":"galledia","image":{"@type":"ImageObject","inLanguage":"fr-FR","@id":"https:\/\/secure.gravatar.com\/avatar\/78a7f90c01fc2bfc875782a0d4922b37cde2cf184ce347b91316d23cd7f69a36?s=96&d=mm&r=g","url":"https:\/\/secure.gravatar.com\/avatar\/78a7f90c01fc2bfc875782a0d4922b37cde2cf184ce347b91316d23cd7f69a36?s=96&d=mm&r=g","contentUrl":"https:\/\/secure.gravatar.com\/avatar\/78a7f90c01fc2bfc875782a0d4922b37cde2cf184ce347b91316d23cd7f69a36?s=96&d=mm&r=g","caption":"galledia"},"sameAs":["https:\/\/x.com\/admin"],"url":"https:\/\/www.organisator.ch\/fr\/author\/galledia\/"}]}},"_links":{"self":[{"href":"https:\/\/www.organisator.ch\/fr\/wp-json\/wp\/v2\/posts\/12935","targetHints":{"allow":["GET"]}}],"collection":[{"href":"https:\/\/www.organisator.ch\/fr\/wp-json\/wp\/v2\/posts"}],"about":[{"href":"https:\/\/www.organisator.ch\/fr\/wp-json\/wp\/v2\/types\/post"}],"author":[{"embeddable":true,"href":"https:\/\/www.organisator.ch\/fr\/wp-json\/wp\/v2\/users\/8"}],"replies":[{"embeddable":true,"href":"https:\/\/www.organisator.ch\/fr\/wp-json\/wp\/v2\/comments?post=12935"}],"version-history":[{"count":4,"href":"https:\/\/www.organisator.ch\/fr\/wp-json\/wp\/v2\/posts\/12935\/revisions"}],"predecessor-version":[{"id":15950,"href":"https:\/\/www.organisator.ch\/fr\/wp-json\/wp\/v2\/posts\/12935\/revisions\/15950"}],"wp:attachment":[{"href":"https:\/\/www.organisator.ch\/fr\/wp-json\/wp\/v2\/media?parent=12935"}],"wp:term":[{"taxonomy":"category","embeddable":true,"href":"https:\/\/www.organisator.ch\/fr\/wp-json\/wp\/v2\/categories?post=12935"},{"taxonomy":"post_tag","embeddable":true,"href":"https:\/\/www.organisator.ch\/fr\/wp-json\/wp\/v2\/tags?post=12935"}],"curies":[{"name":"wp","href":"https:\/\/api.w.org\/{rel}","templated":true}]}}