{"id":12937,"date":"2022-05-19T14:29:47","date_gmt":"2022-05-19T12:29:47","guid":{"rendered":"https:\/\/www.organisator.ch\/?p=12937"},"modified":"2022-05-19T14:29:47","modified_gmt":"2022-05-19T12:29:47","slug":"zweite-saeule-bedeutung-wird-unterschaetzt","status":"publish","type":"post","link":"https:\/\/www.organisator.ch\/fr\/allgemein\/2022-05-19\/zweite-saeule-bedeutung-wird-unterschaetzt\/","title":{"rendered":"Deuxi\u00e8me pilier : une importance sous-estim\u00e9e"},"content":{"rendered":"<figure id=\"attachment_12938\" aria-describedby=\"caption-attachment-12938\" style=\"width: 680px\" class=\"wp-caption alignnone\"><img loading=\"lazy\" decoding=\"async\" class=\"size-full wp-image-12938\" src=\"https:\/\/www.organisator.ch\/wp-content\/uploads\/2022\/05\/Zweite-Saeule-Bedeutung-wird-unterschaetzt_Organisator.jpg\" alt=\"\" width=\"680\" height=\"510\" srcset=\"https:\/\/www.organisator.ch\/wp-content\/uploads\/2022\/05\/Zweite-Saeule-Bedeutung-wird-unterschaetzt_Organisator.jpg 680w, https:\/\/www.organisator.ch\/wp-content\/uploads\/2022\/05\/Zweite-Saeule-Bedeutung-wird-unterschaetzt_Organisator-16x12.jpg 16w, https:\/\/www.organisator.ch\/wp-content\/uploads\/2022\/05\/Zweite-Saeule-Bedeutung-wird-unterschaetzt_Organisator-233x175.jpg 233w, https:\/\/www.organisator.ch\/wp-content\/uploads\/2022\/05\/Zweite-Saeule-Bedeutung-wird-unterschaetzt_Organisator-467x350.jpg 467w, https:\/\/www.organisator.ch\/wp-content\/uploads\/2022\/05\/Zweite-Saeule-Bedeutung-wird-unterschaetzt_Organisator-300x225.jpg 300w\" sizes=\"auto, (max-width: 680px) 100vw, 680px\" \/><figcaption id=\"caption-attachment-12938\" class=\"wp-caption-text\">La prosp\u00e9rit\u00e9 \u00e0 la retraite : l'avoir de vieillesse dans la pr\u00e9voyance professionnelle (LPP) repr\u00e9sente la plus grande composante de la fortune pour la plupart des Suisses. Pourtant, une grande partie de la population suisse n'en sait pas assez \u00e0 ce sujet. (Image : Pixabay.com)<\/figcaption><\/figure>\n<p>La LPP et le deuxi\u00e8me pilier sont souvent rel\u00e9gu\u00e9s au second plan dans le d\u00e9bat sur la pr\u00e9voyance vieillesse. De m\u00eame, le fait que des milliards de francs suisses issus des revenus des placements des actifs soient utilis\u00e9s pour les rentes en cours ne suscite gu\u00e8re de r\u00e9sistance. C'est ce qu'a montr\u00e9 une \u00e9tude r\u00e9alis\u00e9e pour la deuxi\u00e8me fois \u00e0 la demande de Vita et de Zurich sur le th\u00e8me \"Fairplay dans la pr\u00e9voyance professionnelle\". Le point de d\u00e9part de cette \u00e9tude est un constat principal de la premi\u00e8re \u00e9tude Fairplay de 2021, qui avait montr\u00e9 que 56% de la population active ne comptaient pas le capital de pr\u00e9voyance LPP dans leur propre fortune. L'\u00e9tude actuelle s'est pench\u00e9e sur les raisons de ce manque de conscience et montre que l'attachement \u00e0 son propre avoir de vieillesse pourrait \u00eatre renforc\u00e9 si sa visibilit\u00e9 \u00e9tait accrue et\/ou si la population pouvait davantage participer aux d\u00e9cisions concernant les placements LPP.<\/p>\n<h3>Epargne LPP - l'importance est syst\u00e9matiquement sous-estim\u00e9e<\/h3>\n<p>\"La population n'est pas consciente de l'importance de la pr\u00e9voyance professionnelle pour son revenu \u00e0 la retraite\", constate Michael Hermann, responsable de l'\u00e9tude. Aujourd'hui, pour les salari\u00e9s moyens qui partent \u00e0 la retraite, le deuxi\u00e8me pilier (LPP) contribue davantage au revenu de la vieillesse que le premier pilier (AVS). N\u00e9anmoins, les personnes interrog\u00e9es en \u00e2ge de travailler estiment que l'importance de l'AVS pour leur s\u00e9curit\u00e9 financi\u00e8re \u00e0 la retraite est nettement plus grande que celle de la LPP. Elles partent d'une r\u00e9partition de 44 pour cent (AVS), 33 pour cent (LPP) et 22 pour cent (\u00e9pargne volontaire). \"Le fait que seuls 18 pour cent de la population active connaissent m\u00eame la somme de leur propre capital de pr\u00e9voyance LPP s'accorde avec cette perception d\u00e9form\u00e9e\", explique Hermann.<\/p>\n<h3>Cotisations LPP - la moiti\u00e9 les per\u00e7oit comme une taxe ou un imp\u00f4t<\/h3>\n<p>Bien que les retenues salariales LPP soient directement vers\u00e9es sur le compte de pr\u00e9voyance personnel, seuls 47 pour cent des actifs les per\u00e7oivent comme un investissement dans leur propre capital vieillesse. 28 pour cent y voient une sorte d'imp\u00f4t (\"contribution \u00e0 la garantie des rentes en Suisse\") et 21 pour cent consid\u00e8rent les cotisations comme une taxe qui doit \u00eatre pay\u00e9e. La conception et la d\u00e9signation des cotisations LPP comme \"d\u00e9duction salariale\", \u00e0 l'instar des cotisations AVS, contribuent \u00e0 ce que seuls 43 pour cent per\u00e7oivent leur propre capital de pr\u00e9voyance comme faisant partie de leur patrimoine. \"Si les cotisations salariales de la pr\u00e9voyance professionnelle ont pour les assur\u00e9s le caract\u00e8re d'une taxe ou d'un imp\u00f4t, cela affaiblit l'id\u00e9e fondamentale de la pr\u00e9voyance professionnelle comme \u00e9pargne pour sa propre vieillesse\", explique Hermann.<\/p>\n<h3>Le deuxi\u00e8me pilier n'est g\u00e9n\u00e9ralement pas un sujet de pr\u00e9occupation lors de l'embauche<\/h3>\n<p>Bien que l'am\u00e9nagement de la caisse de pension diff\u00e8re nettement d'une entreprise \u00e0 l'autre et que des sommes d'argent importantes soient en jeu, la LPP n'est g\u00e9n\u00e9ralement pas un sujet de discussion lors de l'embauche. \"Seuls 22 pour cent des personnes interrog\u00e9es se sont pench\u00e9es sur l'organisation de la pr\u00e9voyance professionnelle lors de leur embauche\", explique Hermann. Seuls 18% d'entre eux l'ont abord\u00e9e au cours du processus de recrutement. Ici aussi, la LPP est invisible pour la grande majorit\u00e9.<\/p>\n<p>Selon l'\u00e9tude, il est frappant de constater que les jeunes adultes sont beaucoup moins inform\u00e9s sur la LPP que les personnes plus \u00e2g\u00e9es. Or, ce sont justement les jeunes dont la constitution du patrimoine est la plus touch\u00e9e \u00e0 long terme en raison de l'utilisation d'une grande partie de leurs revenus du capital pour les rentes actuelles. Au total, seul un tiers de la population saurait qu'une partie des revenus du capital des actifs est aujourd'hui utilis\u00e9e pour financer les rentes actuelles.<\/p>\n<h3>LPP - plus de visibilit\u00e9 et de participation<\/h3>\n<p>O\u00f9 se trouvent les solutions \u00e0 la probl\u00e9matique mise en \u00e9vidence ? \"Si l'on veut renforcer la conscience et l'importance de la LPP au sein de la population, celle-ci doit \u00eatre plus visible et il faut davantage de participation\", explique Hermann. C'est ce que pense la population : 72 pour cent des assur\u00e9s actifs seraient favorables \u00e0 la possibilit\u00e9 d'avoir un aper\u00e7u de leur situation de pr\u00e9voyance \u00e0 tout moment et en tout lieu \u00e0 l'aide d'une application. La m\u00eame proportion se prononce en faveur de la possibilit\u00e9 de choisir soi-m\u00eame sa caisse de pension (72 %) ou sa strat\u00e9gie de placement (71 %). Outre de telles mesures, l'am\u00e9lioration g\u00e9n\u00e9rale des connaissances en mati\u00e8re de placements contribuerait notamment \u00e0 une meilleure compr\u00e9hension de la LPP. Les personnes qui s'y connaissent en placements financiers ont g\u00e9n\u00e9ralement une tr\u00e8s bonne compr\u00e9hension des m\u00e9canismes de la LPP.<\/p>\n<h3>La redistribution dans la LPP est consid\u00e9r\u00e9e comme injuste<\/h3>\n<p>Seul un tiers des personnes interrog\u00e9es est conscient qu'aujourd'hui, pr\u00e8s de la moiti\u00e9 des revenus du capital des personnes actives sont utilis\u00e9s pour financer les rentes actuelles. Cependant, si les personnes en \u00e2ge de travailler qui cotisent \u00e0 la LPP sont inform\u00e9es de cette redistribution de leurs revenus du capital, 63 % d'entre elles consid\u00e8rent que c'est injuste. Ils sont encore plus nombreux, 78 %, \u00e0 trouver injuste qu'une partie des revenus de leur compte de pr\u00e9voyance du pilier 3a soit utilis\u00e9e pour financer les rentes actuelles. \"Cela montre que l'attachement personnel au capital de pr\u00e9voyance est d\u00e9cisif pour que l'utilisation des revenus pour d'autres soit per\u00e7ue comme injuste et \u00e9trang\u00e8re au syst\u00e8me\", constate Hermann.<\/p>\n<p><em>Source : <a href=\"http:\/\/www.vita.ch\">Vita Fondations collectives<\/a><\/em><\/p>","protected":false},"excerpt":{"rendered":"<p>Das BVG bzw. die zweite S\u00e4ule steht in der Debatte rund um die Altersvorsorge oft im Hintergrund. Auch dass Milliarden von Schweizer Franken aus den Anlageertr\u00e4gen der aktiven Erwerbst\u00e4tigen f\u00fcr laufende Renten verwendet werden, f\u00fchrt kaum zu Widerstand. Dies zeigte eine zum zweiten Mal durchgef\u00fchrte Studie im Auftrag von Vita und Zurich zum Thema \u00abFairplay [&hellip;]<\/p>\n","protected":false},"author":4,"featured_media":0,"comment_status":"closed","ping_status":"closed","sticky":false,"template":"","format":"standard","meta":{"_acf_changed":false,"_yoast_wpseo_focuskw":"Zweite S\u00e4ule","_yoast_wpseo_metadesc":"Die Schweizer Bev\u00f6lkerung untersch\u00e4tzt die zweite S\u00e4ule f\u00fcr die finanzielle Absicherung im Alter im Vergleich zur AHV systematisch.","articlekey":"","footnotes":""},"categories":[1],"tags":[377,459,516],"class_list":["post-12937","post","type-post","status-publish","format-standard","hentry","category-allgemein","tag-pensionskassen","tag-studie","tag-vorsorge"],"acf":[],"yoast_head":"<!-- This site is optimized with the Yoast SEO plugin v27.4 - https:\/\/yoast.com\/product\/yoast-seo-wordpress\/ -->\n<title>Zweite S\u00e4ule: Bedeutung wird untersch\u00e4tzt - Organisator<\/title>\n<meta name=\"description\" content=\"Die Schweizer Bev\u00f6lkerung untersch\u00e4tzt die zweite S\u00e4ule f\u00fcr die finanzielle Absicherung im Alter im Vergleich zur AHV systematisch.\" \/>\n<meta name=\"robots\" content=\"index, follow, max-snippet:-1, max-image-preview:large, max-video-preview:-1\" \/>\n<link rel=\"canonical\" href=\"https:\/\/www.organisator.ch\/fr\/general\/2022-05-19\/zweite-saeule-bedeutung-wird-unterschaetzt\/\" \/>\n<meta property=\"og:locale\" content=\"fr_FR\" \/>\n<meta property=\"og:type\" content=\"article\" \/>\n<meta property=\"og:title\" content=\"Zweite S\u00e4ule: Bedeutung wird untersch\u00e4tzt\" \/>\n<meta property=\"og:description\" content=\"Die Schweizer Bev\u00f6lkerung untersch\u00e4tzt die zweite S\u00e4ule f\u00fcr die finanzielle Absicherung im Alter im Vergleich zur AHV systematisch.\" \/>\n<meta property=\"og:url\" content=\"https:\/\/www.organisator.ch\/fr\/general\/2022-05-19\/zweite-saeule-bedeutung-wird-unterschaetzt\/\" \/>\n<meta property=\"og:site_name\" content=\"Organisator\" \/>\n<meta property=\"article:publisher\" content=\"https:\/\/www.facebook.com\/OrganisatorFachmagazin\" \/>\n<meta property=\"article:published_time\" content=\"2022-05-19T12:29:47+00:00\" \/>\n<meta property=\"og:image\" content=\"https:\/\/www.organisator.ch\/wp-content\/uploads\/2022\/05\/Zweite-Saeule-Bedeutung-wird-unterschaetzt_Organisator.jpg\" \/>\n\t<meta property=\"og:image:width\" content=\"680\" \/>\n\t<meta property=\"og:image:height\" content=\"510\" \/>\n\t<meta property=\"og:image:type\" content=\"image\/jpeg\" \/>\n<meta name=\"author\" content=\"thomas.berner\" \/>\n<meta name=\"twitter:card\" content=\"summary_large_image\" \/>\n<meta name=\"twitter:title\" content=\"Zweite S\u00e4ule: Bedeutung wird untersch\u00e4tzt\" \/>\n<meta name=\"twitter:description\" content=\"Die Schweizer Bev\u00f6lkerung untersch\u00e4tzt die zweite S\u00e4ule #BVG f\u00fcr die finanzielle Absicherung im Alter im Vergleich zur #AHV systematisch.\" \/>\n<meta name=\"twitter:image\" content=\"https:\/\/www.organisator.ch\/wp-content\/uploads\/2022\/05\/Zweite-Saeule-Bedeutung-wird-unterschaetzt_Organisator.jpg\" \/>\n<script type=\"application\/ld+json\" class=\"yoast-schema-graph\">{\"@context\":\"https:\\\/\\\/schema.org\",\"@graph\":[{\"@type\":\"Article\",\"@id\":\"https:\\\/\\\/www.organisator.ch\\\/de\\\/allgemein\\\/2022-05-19\\\/zweite-saeule-bedeutung-wird-unterschaetzt\\\/#article\",\"isPartOf\":{\"@id\":\"https:\\\/\\\/www.organisator.ch\\\/de\\\/allgemein\\\/2022-05-19\\\/zweite-saeule-bedeutung-wird-unterschaetzt\\\/\"},\"author\":{\"name\":\"thomas.berner\",\"@id\":\"https:\\\/\\\/www.organisator.ch\\\/#\\\/schema\\\/person\\\/6f650f90b2842cd4c0cc334b4e36f67e\"},\"headline\":\"Zweite S\u00e4ule: Bedeutung wird untersch\u00e4tzt\",\"datePublished\":\"2022-05-19T12:29:47+00:00\",\"mainEntityOfPage\":{\"@id\":\"https:\\\/\\\/www.organisator.ch\\\/de\\\/allgemein\\\/2022-05-19\\\/zweite-saeule-bedeutung-wird-unterschaetzt\\\/\"},\"wordCount\":847,\"publisher\":{\"@id\":\"https:\\\/\\\/www.organisator.ch\\\/#organization\"},\"image\":{\"@id\":\"https:\\\/\\\/www.organisator.ch\\\/de\\\/allgemein\\\/2022-05-19\\\/zweite-saeule-bedeutung-wird-unterschaetzt\\\/#primaryimage\"},\"thumbnailUrl\":\"https:\\\/\\\/www.organisator.ch\\\/wp-content\\\/uploads\\\/2022\\\/05\\\/Zweite-Saeule-Bedeutung-wird-unterschaetzt_Organisator.jpg\",\"keywords\":[\"Pensionskassen\",\"Studie\",\"Vorsorge\"],\"articleSection\":[\"Allgemein\"],\"inLanguage\":\"fr-FR\"},{\"@type\":\"WebPage\",\"@id\":\"https:\\\/\\\/www.organisator.ch\\\/de\\\/allgemein\\\/2022-05-19\\\/zweite-saeule-bedeutung-wird-unterschaetzt\\\/\",\"url\":\"https:\\\/\\\/www.organisator.ch\\\/de\\\/allgemein\\\/2022-05-19\\\/zweite-saeule-bedeutung-wird-unterschaetzt\\\/\",\"name\":\"Zweite S\u00e4ule: Bedeutung wird untersch\u00e4tzt - Organisator\",\"isPartOf\":{\"@id\":\"https:\\\/\\\/www.organisator.ch\\\/#website\"},\"primaryImageOfPage\":{\"@id\":\"https:\\\/\\\/www.organisator.ch\\\/de\\\/allgemein\\\/2022-05-19\\\/zweite-saeule-bedeutung-wird-unterschaetzt\\\/#primaryimage\"},\"image\":{\"@id\":\"https:\\\/\\\/www.organisator.ch\\\/de\\\/allgemein\\\/2022-05-19\\\/zweite-saeule-bedeutung-wird-unterschaetzt\\\/#primaryimage\"},\"thumbnailUrl\":\"https:\\\/\\\/www.organisator.ch\\\/wp-content\\\/uploads\\\/2022\\\/05\\\/Zweite-Saeule-Bedeutung-wird-unterschaetzt_Organisator.jpg\",\"datePublished\":\"2022-05-19T12:29:47+00:00\",\"description\":\"Die Schweizer Bev\u00f6lkerung untersch\u00e4tzt die zweite S\u00e4ule f\u00fcr die finanzielle Absicherung im Alter im Vergleich zur AHV systematisch.\",\"breadcrumb\":{\"@id\":\"https:\\\/\\\/www.organisator.ch\\\/de\\\/allgemein\\\/2022-05-19\\\/zweite-saeule-bedeutung-wird-unterschaetzt\\\/#breadcrumb\"},\"inLanguage\":\"fr-FR\",\"potentialAction\":[{\"@type\":\"ReadAction\",\"target\":[\"https:\\\/\\\/www.organisator.ch\\\/de\\\/allgemein\\\/2022-05-19\\\/zweite-saeule-bedeutung-wird-unterschaetzt\\\/\"]}]},{\"@type\":\"ImageObject\",\"inLanguage\":\"fr-FR\",\"@id\":\"https:\\\/\\\/www.organisator.ch\\\/de\\\/allgemein\\\/2022-05-19\\\/zweite-saeule-bedeutung-wird-unterschaetzt\\\/#primaryimage\",\"url\":\"https:\\\/\\\/www.organisator.ch\\\/wp-content\\\/uploads\\\/2022\\\/05\\\/Zweite-Saeule-Bedeutung-wird-unterschaetzt_Organisator.jpg\",\"contentUrl\":\"https:\\\/\\\/www.organisator.ch\\\/wp-content\\\/uploads\\\/2022\\\/05\\\/Zweite-Saeule-Bedeutung-wird-unterschaetzt_Organisator.jpg\"},{\"@type\":\"BreadcrumbList\",\"@id\":\"https:\\\/\\\/www.organisator.ch\\\/de\\\/allgemein\\\/2022-05-19\\\/zweite-saeule-bedeutung-wird-unterschaetzt\\\/#breadcrumb\",\"itemListElement\":[{\"@type\":\"ListItem\",\"position\":1,\"name\":\"Home\",\"item\":\"https:\\\/\\\/www.organisator.ch\\\/\"},{\"@type\":\"ListItem\",\"position\":2,\"name\":\"Zweite S\u00e4ule: Bedeutung wird untersch\u00e4tzt\"}]},{\"@type\":\"WebSite\",\"@id\":\"https:\\\/\\\/www.organisator.ch\\\/#website\",\"url\":\"https:\\\/\\\/www.organisator.ch\\\/\",\"name\":\"Organisator\",\"description\":\"Kompetent. Praxisnah. Der ORGANISATOR bereitet in 10 Ausgaben pro Jahr die wesentlichen Themen f\u00fcr F\u00fchrungskr\u00e4fte von KMU auf.\",\"publisher\":{\"@id\":\"https:\\\/\\\/www.organisator.ch\\\/#organization\"},\"potentialAction\":[{\"@type\":\"SearchAction\",\"target\":{\"@type\":\"EntryPoint\",\"urlTemplate\":\"https:\\\/\\\/www.organisator.ch\\\/?s={search_term_string}\"},\"query-input\":{\"@type\":\"PropertyValueSpecification\",\"valueRequired\":true,\"valueName\":\"search_term_string\"}}],\"inLanguage\":\"fr-FR\"},{\"@type\":\"Organization\",\"@id\":\"https:\\\/\\\/www.organisator.ch\\\/#organization\",\"name\":\"Organisator\",\"url\":\"https:\\\/\\\/www.organisator.ch\\\/\",\"logo\":{\"@type\":\"ImageObject\",\"inLanguage\":\"fr-FR\",\"@id\":\"https:\\\/\\\/www.organisator.ch\\\/#\\\/schema\\\/logo\\\/image\\\/\",\"url\":\"https:\\\/\\\/www.organisator.ch\\\/wp-content\\\/uploads\\\/2022\\\/01\\\/Logo_Organisator_Website.png\",\"contentUrl\":\"https:\\\/\\\/www.organisator.ch\\\/wp-content\\\/uploads\\\/2022\\\/01\\\/Logo_Organisator_Website.png\",\"width\":800,\"height\":77,\"caption\":\"Organisator\"},\"image\":{\"@id\":\"https:\\\/\\\/www.organisator.ch\\\/#\\\/schema\\\/logo\\\/image\\\/\"},\"sameAs\":[\"https:\\\/\\\/www.facebook.com\\\/OrganisatorFachmagazin\",\"https:\\\/\\\/www.linkedin.com\\\/showcase\\\/organisator-das-magazin-fr-kmu\",\"https:\\\/\\\/www.xing.com\\\/news\\\/pages\\\/organisator-ch-695\",\"https:\\\/\\\/www.youtube.com\\\/channel\\\/UCGP2Sq0iWaZwT3BdIAQFYpw\"]},{\"@type\":\"Person\",\"@id\":\"https:\\\/\\\/www.organisator.ch\\\/#\\\/schema\\\/person\\\/6f650f90b2842cd4c0cc334b4e36f67e\",\"name\":\"thomas.berner\",\"image\":{\"@type\":\"ImageObject\",\"inLanguage\":\"fr-FR\",\"@id\":\"https:\\\/\\\/secure.gravatar.com\\\/avatar\\\/ac5001d2a36cb6c6cd3e50789007ffca834b477b74a2144564522e944eabff61?s=96&d=mm&r=g\",\"url\":\"https:\\\/\\\/secure.gravatar.com\\\/avatar\\\/ac5001d2a36cb6c6cd3e50789007ffca834b477b74a2144564522e944eabff61?s=96&d=mm&r=g\",\"contentUrl\":\"https:\\\/\\\/secure.gravatar.com\\\/avatar\\\/ac5001d2a36cb6c6cd3e50789007ffca834b477b74a2144564522e944eabff61?s=96&d=mm&r=g\",\"caption\":\"thomas.berner\"},\"url\":\"https:\\\/\\\/www.organisator.ch\\\/fr\\\/author\\\/thomas-berner\\\/\"}]}<\/script>\n<!-- \/ Yoast SEO plugin. -->","yoast_head_json":{"title":"Deuxi\u00e8me pilier : l'importance est sous-estim\u00e9e - Organisateur","description":"La population suisse sous-estime syst\u00e9matiquement le deuxi\u00e8me pilier pour la s\u00e9curit\u00e9 financi\u00e8re \u00e0 la retraite par rapport \u00e0 l'AVS.","robots":{"index":"index","follow":"follow","max-snippet":"max-snippet:-1","max-image-preview":"max-image-preview:large","max-video-preview":"max-video-preview:-1"},"canonical":"https:\/\/www.organisator.ch\/fr\/general\/2022-05-19\/zweite-saeule-bedeutung-wird-unterschaetzt\/","og_locale":"fr_FR","og_type":"article","og_title":"Zweite S\u00e4ule: Bedeutung wird untersch\u00e4tzt","og_description":"Die Schweizer Bev\u00f6lkerung untersch\u00e4tzt die zweite S\u00e4ule f\u00fcr die finanzielle Absicherung im Alter im Vergleich zur AHV systematisch.","og_url":"https:\/\/www.organisator.ch\/fr\/general\/2022-05-19\/zweite-saeule-bedeutung-wird-unterschaetzt\/","og_site_name":"Organisator","article_publisher":"https:\/\/www.facebook.com\/OrganisatorFachmagazin","article_published_time":"2022-05-19T12:29:47+00:00","og_image":[{"width":680,"height":510,"url":"https:\/\/www.organisator.ch\/wp-content\/uploads\/2022\/05\/Zweite-Saeule-Bedeutung-wird-unterschaetzt_Organisator.jpg","type":"image\/jpeg"}],"author":"thomas.berner","twitter_card":"summary_large_image","twitter_title":"Zweite S\u00e4ule: Bedeutung wird untersch\u00e4tzt","twitter_description":"Die Schweizer Bev\u00f6lkerung untersch\u00e4tzt die zweite S\u00e4ule #BVG f\u00fcr die finanzielle Absicherung im Alter im Vergleich zur #AHV systematisch.","twitter_image":"https:\/\/www.organisator.ch\/wp-content\/uploads\/2022\/05\/Zweite-Saeule-Bedeutung-wird-unterschaetzt_Organisator.jpg","schema":{"@context":"https:\/\/schema.org","@graph":[{"@type":"Article","@id":"https:\/\/www.organisator.ch\/de\/allgemein\/2022-05-19\/zweite-saeule-bedeutung-wird-unterschaetzt\/#article","isPartOf":{"@id":"https:\/\/www.organisator.ch\/de\/allgemein\/2022-05-19\/zweite-saeule-bedeutung-wird-unterschaetzt\/"},"author":{"name":"thomas.berner","@id":"https:\/\/www.organisator.ch\/#\/schema\/person\/6f650f90b2842cd4c0cc334b4e36f67e"},"headline":"Zweite S\u00e4ule: Bedeutung wird untersch\u00e4tzt","datePublished":"2022-05-19T12:29:47+00:00","mainEntityOfPage":{"@id":"https:\/\/www.organisator.ch\/de\/allgemein\/2022-05-19\/zweite-saeule-bedeutung-wird-unterschaetzt\/"},"wordCount":847,"publisher":{"@id":"https:\/\/www.organisator.ch\/#organization"},"image":{"@id":"https:\/\/www.organisator.ch\/de\/allgemein\/2022-05-19\/zweite-saeule-bedeutung-wird-unterschaetzt\/#primaryimage"},"thumbnailUrl":"https:\/\/www.organisator.ch\/wp-content\/uploads\/2022\/05\/Zweite-Saeule-Bedeutung-wird-unterschaetzt_Organisator.jpg","keywords":["Pensionskassen","Studie","Vorsorge"],"articleSection":["Allgemein"],"inLanguage":"fr-FR"},{"@type":"WebPage","@id":"https:\/\/www.organisator.ch\/de\/allgemein\/2022-05-19\/zweite-saeule-bedeutung-wird-unterschaetzt\/","url":"https:\/\/www.organisator.ch\/de\/allgemein\/2022-05-19\/zweite-saeule-bedeutung-wird-unterschaetzt\/","name":"Deuxi\u00e8me pilier : l'importance est sous-estim\u00e9e - Organisateur","isPartOf":{"@id":"https:\/\/www.organisator.ch\/#website"},"primaryImageOfPage":{"@id":"https:\/\/www.organisator.ch\/de\/allgemein\/2022-05-19\/zweite-saeule-bedeutung-wird-unterschaetzt\/#primaryimage"},"image":{"@id":"https:\/\/www.organisator.ch\/de\/allgemein\/2022-05-19\/zweite-saeule-bedeutung-wird-unterschaetzt\/#primaryimage"},"thumbnailUrl":"https:\/\/www.organisator.ch\/wp-content\/uploads\/2022\/05\/Zweite-Saeule-Bedeutung-wird-unterschaetzt_Organisator.jpg","datePublished":"2022-05-19T12:29:47+00:00","description":"La population suisse sous-estime syst\u00e9matiquement le deuxi\u00e8me pilier pour la s\u00e9curit\u00e9 financi\u00e8re \u00e0 la retraite par rapport \u00e0 l'AVS.","breadcrumb":{"@id":"https:\/\/www.organisator.ch\/de\/allgemein\/2022-05-19\/zweite-saeule-bedeutung-wird-unterschaetzt\/#breadcrumb"},"inLanguage":"fr-FR","potentialAction":[{"@type":"ReadAction","target":["https:\/\/www.organisator.ch\/de\/allgemein\/2022-05-19\/zweite-saeule-bedeutung-wird-unterschaetzt\/"]}]},{"@type":"ImageObject","inLanguage":"fr-FR","@id":"https:\/\/www.organisator.ch\/de\/allgemein\/2022-05-19\/zweite-saeule-bedeutung-wird-unterschaetzt\/#primaryimage","url":"https:\/\/www.organisator.ch\/wp-content\/uploads\/2022\/05\/Zweite-Saeule-Bedeutung-wird-unterschaetzt_Organisator.jpg","contentUrl":"https:\/\/www.organisator.ch\/wp-content\/uploads\/2022\/05\/Zweite-Saeule-Bedeutung-wird-unterschaetzt_Organisator.jpg"},{"@type":"BreadcrumbList","@id":"https:\/\/www.organisator.ch\/de\/allgemein\/2022-05-19\/zweite-saeule-bedeutung-wird-unterschaetzt\/#breadcrumb","itemListElement":[{"@type":"ListItem","position":1,"name":"Home","item":"https:\/\/www.organisator.ch\/"},{"@type":"ListItem","position":2,"name":"Zweite S\u00e4ule: Bedeutung wird untersch\u00e4tzt"}]},{"@type":"WebSite","@id":"https:\/\/www.organisator.ch\/#website","url":"https:\/\/www.organisator.ch\/","name":"Organisateur","description":"Comp\u00e9tence et comp\u00e9tence. Proches de la pratique. L'ORGANISATEUR pr\u00e9pare 10 num\u00e9ros par an sur les th\u00e8mes essentiels pour les dirigeants de PME.","publisher":{"@id":"https:\/\/www.organisator.ch\/#organization"},"potentialAction":[{"@type":"SearchAction","target":{"@type":"EntryPoint","urlTemplate":"https:\/\/www.organisator.ch\/?s={search_term_string}"},"query-input":{"@type":"PropertyValueSpecification","valueRequired":true,"valueName":"search_term_string"}}],"inLanguage":"fr-FR"},{"@type":"Organization","@id":"https:\/\/www.organisator.ch\/#organization","name":"Organisateur","url":"https:\/\/www.organisator.ch\/","logo":{"@type":"ImageObject","inLanguage":"fr-FR","@id":"https:\/\/www.organisator.ch\/#\/schema\/logo\/image\/","url":"https:\/\/www.organisator.ch\/wp-content\/uploads\/2022\/01\/Logo_Organisator_Website.png","contentUrl":"https:\/\/www.organisator.ch\/wp-content\/uploads\/2022\/01\/Logo_Organisator_Website.png","width":800,"height":77,"caption":"Organisator"},"image":{"@id":"https:\/\/www.organisator.ch\/#\/schema\/logo\/image\/"},"sameAs":["https:\/\/www.facebook.com\/OrganisatorFachmagazin","https:\/\/www.linkedin.com\/showcase\/organisator-das-magazin-fr-kmu","https:\/\/www.xing.com\/news\/pages\/organisator-ch-695","https:\/\/www.youtube.com\/channel\/UCGP2Sq0iWaZwT3BdIAQFYpw"]},{"@type":"Person","@id":"https:\/\/www.organisator.ch\/#\/schema\/person\/6f650f90b2842cd4c0cc334b4e36f67e","name":"thomas.berner","image":{"@type":"ImageObject","inLanguage":"fr-FR","@id":"https:\/\/secure.gravatar.com\/avatar\/ac5001d2a36cb6c6cd3e50789007ffca834b477b74a2144564522e944eabff61?s=96&d=mm&r=g","url":"https:\/\/secure.gravatar.com\/avatar\/ac5001d2a36cb6c6cd3e50789007ffca834b477b74a2144564522e944eabff61?s=96&d=mm&r=g","contentUrl":"https:\/\/secure.gravatar.com\/avatar\/ac5001d2a36cb6c6cd3e50789007ffca834b477b74a2144564522e944eabff61?s=96&d=mm&r=g","caption":"thomas.berner"},"url":"https:\/\/www.organisator.ch\/fr\/author\/thomas-berner\/"}]}},"_links":{"self":[{"href":"https:\/\/www.organisator.ch\/fr\/wp-json\/wp\/v2\/posts\/12937","targetHints":{"allow":["GET"]}}],"collection":[{"href":"https:\/\/www.organisator.ch\/fr\/wp-json\/wp\/v2\/posts"}],"about":[{"href":"https:\/\/www.organisator.ch\/fr\/wp-json\/wp\/v2\/types\/post"}],"author":[{"embeddable":true,"href":"https:\/\/www.organisator.ch\/fr\/wp-json\/wp\/v2\/users\/4"}],"replies":[{"embeddable":true,"href":"https:\/\/www.organisator.ch\/fr\/wp-json\/wp\/v2\/comments?post=12937"}],"version-history":[{"count":1,"href":"https:\/\/www.organisator.ch\/fr\/wp-json\/wp\/v2\/posts\/12937\/revisions"}],"predecessor-version":[{"id":12939,"href":"https:\/\/www.organisator.ch\/fr\/wp-json\/wp\/v2\/posts\/12937\/revisions\/12939"}],"wp:attachment":[{"href":"https:\/\/www.organisator.ch\/fr\/wp-json\/wp\/v2\/media?parent=12937"}],"wp:term":[{"taxonomy":"category","embeddable":true,"href":"https:\/\/www.organisator.ch\/fr\/wp-json\/wp\/v2\/categories?post=12937"},{"taxonomy":"post_tag","embeddable":true,"href":"https:\/\/www.organisator.ch\/fr\/wp-json\/wp\/v2\/tags?post=12937"}],"curies":[{"name":"wp","href":"https:\/\/api.w.org\/{rel}","templated":true}]}}