{"id":12949,"date":"2022-05-20T06:59:51","date_gmt":"2022-05-20T04:59:51","guid":{"rendered":"https:\/\/www.organisator.ch\/?p=12949"},"modified":"2022-05-19T17:09:04","modified_gmt":"2022-05-19T15:09:04","slug":"vermittler-von-reinigungskraeften-gegen-schwarzarbeit-und-fuer-mehr-regulierung","status":"publish","type":"post","link":"https:\/\/www.organisator.ch\/fr\/management\/2022-05-20\/vermittler-von-reinigungskraeften-gegen-schwarzarbeit-und-fuer-mehr-regulierung\/","title":{"rendered":"Les interm\u00e9diaires du nettoyage contre le travail au noir et pour plus de r\u00e9glementation"},"content":{"rendered":"<figure id=\"attachment_12951\" aria-describedby=\"caption-attachment-12951\" style=\"width: 680px\" class=\"wp-caption alignnone\"><img loading=\"lazy\" decoding=\"async\" class=\"size-full wp-image-12951\" src=\"https:\/\/www.organisator.ch\/wp-content\/uploads\/2022\/05\/Vermittler-von-Reinigungskraeften-gegen-Schwarzarbeit-und-fuer-mehr-Regulierung_Organisator.jpg\" alt=\"\" width=\"680\" height=\"453\" srcset=\"https:\/\/www.organisator.ch\/wp-content\/uploads\/2022\/05\/Vermittler-von-Reinigungskraeften-gegen-Schwarzarbeit-und-fuer-mehr-Regulierung_Organisator.jpg 680w, https:\/\/www.organisator.ch\/wp-content\/uploads\/2022\/05\/Vermittler-von-Reinigungskraeften-gegen-Schwarzarbeit-und-fuer-mehr-Regulierung_Organisator-18x12.jpg 18w, https:\/\/www.organisator.ch\/wp-content\/uploads\/2022\/05\/Vermittler-von-Reinigungskraeften-gegen-Schwarzarbeit-und-fuer-mehr-Regulierung_Organisator-263x175.jpg 263w, https:\/\/www.organisator.ch\/wp-content\/uploads\/2022\/05\/Vermittler-von-Reinigungskraeften-gegen-Schwarzarbeit-und-fuer-mehr-Regulierung_Organisator-525x350.jpg 525w, https:\/\/www.organisator.ch\/wp-content\/uploads\/2022\/05\/Vermittler-von-Reinigungskraeften-gegen-Schwarzarbeit-und-fuer-mehr-Regulierung_Organisator-300x200.jpg 300w\" sizes=\"auto, (max-width: 680px) 100vw, 680px\" \/><figcaption id=\"caption-attachment-12951\" class=\"wp-caption-text\">Batmaid lutte avec putzfrau.ch contre le travail au noir des agents de nettoyage. (Image : zVg \/ Batmaid.ch)<\/figcaption><\/figure>\n<p>Actuellement, en Suisse, 80% des agents de nettoyage sont encore engag\u00e9s sur le march\u00e9 noir. Pour les nettoyeurs, cela signifie un manque de s\u00e9curit\u00e9 financi\u00e8re et une absence de protection juridique. Les cons\u00e9quences sont des conditions de travail pr\u00e9caires dans le secteur du nettoyage, qui se sont encore renforc\u00e9es suite \u00e0 la pand\u00e9mie, car de nombreux m\u00e9nages priv\u00e9s ont licenci\u00e9 leurs aides de nettoyage \u00e0 court terme. Avant la pand\u00e9mie, un m\u00e9nage suisse sur sept employait une femme de m\u00e9nage, selon un sondage Comparis de 2018. Batmaid et putzfrau.ch se sont donc donn\u00e9 pour mission de permettre aux agents de nettoyage de sortir du travail au noir et de leur offrir des conditions de travail s\u00fbres, progressistes et \u00e9quitables gr\u00e2ce \u00e0 un emploi fixe conforme aux dispositions l\u00e9gales en vigueur en Suisse, avec les mesures de protection qui s'y rapportent. Jusqu'\u00e0 pr\u00e9sent, Batmaid et putzfrau.ch ont pu aider plus de 8'000 agents de nettoyage \u00e0 sortir du march\u00e9 noir.<\/p>\n<h3>Ensemble contre le travail au noir<\/h3>\n<p>Le succ\u00e8s de la lutte contre le travail au noir et le march\u00e9 noir est \u00e9galement d\u00fb au processus de r\u00e9servation simple et facile lors de la mise \u00e0 disposition de personnel de nettoyage par une entreprise de nettoyage comme Batmaid ou putzfrau.ch. \"Nous mettons l'accent sur la technologie et l'innovation, c'est pourquoi le service de nettoyage souhait\u00e9 peut \u00eatre r\u00e9serv\u00e9 en trois clics seulement via notre site web ou via l'application et les t\u00e2ches \u00e0 effectuer peuvent \u00eatre modifi\u00e9es \u00e0 tout moment\", explique Andreas Schollin-Borg, CEO et fondateur de Batmaid.<\/p>\n<p>Celui qui fait confiance \u00e0 une entreprise de nettoyage professionnelle b\u00e9n\u00e9ficie en outre de nombreux avantages, notamment l'absence de perte de temps et d'argent pour les questions administratives ou le remplacement du personnel en cas d'absence pendant les vacances ou en cas de maladie. De plus : \"Pour les particuliers, deux crit\u00e8res importants sont au premier plan lors de l'embauche d'un personnel de nettoyage : la confiance et le professionnalisme. Ces garanties font d\u00e9faut lorsqu'une femme de m\u00e9nage est engag\u00e9e sur le march\u00e9 noir. Chez Batmaid et putzfrau.ch, seules des personnes form\u00e9es, dignes de confiance et inscrites sont plac\u00e9es\", explique Adrian Gsell, directeur de putzfrau.ch.<\/p>\n<h3>Pas de paiement en esp\u00e8ces depuis janvier<\/h3>\n<p>Pour lutter contre le march\u00e9 noir, les syndicats et l'Association suisse des entreprises de nettoyage s'engagent \u00e9galement. Avec une nouvelle convention collective de travail pour le travail de nettoyage, qui est en vigueur depuis janvier de cette ann\u00e9e en Suisse al\u00e9manique, le paiement des salaires en esp\u00e8ces ne peut notamment plus avoir lieu. Des r\u00e8gles claires et des instruments de contr\u00f4le permettraient de lutter contre les rapports de travail abusifs et la concurrence d\u00e9loyale. Afin de soutenir la nouvelle loi et de garantir son respect, les deux entreprises de nettoyage Batmaid et Putzfrau.ch demandent la mise en place d'un organe de contr\u00f4le et sont ouvertes aux offices comp\u00e9tents \u00e0 cet \u00e9gard. De par son expansion internationale, Batmaid est un observateur attentif de la r\u00e9glementation europ\u00e9enne, qui pourrait servir de base de r\u00e9flexion aux autorit\u00e9s suisses.<\/p>\n<p><em>Sources : <a href=\"http:\/\/www.batmaid.ch\">www.batmaid.ch<\/a> \/ <a href=\"http:\/\/www.putzfrau.ch\">www.putzfrau.ch<\/a><\/em><\/p>","protected":false},"excerpt":{"rendered":"<p>In der Schweiz werden aktuell immer noch 80 Prozent aller Reinigungskr\u00e4fte \u00fcber den Schwarzmarkt angestellt. F\u00fcr die Reinigungskr\u00e4fte bedeutet dies einen Mangel an finanzieller Sicherheit und fehlenden Rechtsschutz. Die Folgen sind prek\u00e4re Arbeitsbedingungen in der Reinigungsbranche, die sich infolge der Pandemie weiter verst\u00e4rkt haben, da viele Privathaushalte ihre Reinigungshilfen kurzfristig entlassen haben. Vor der Pandemie [&hellip;]<\/p>\n","protected":false},"author":4,"featured_media":12951,"comment_status":"closed","ping_status":"closed","sticky":false,"template":"","format":"standard","meta":{"_acf_changed":false,"_yoast_wpseo_focuskw":"Schwarzarbeit","_yoast_wpseo_metadesc":"Die Schweizer Reinigungsunternehmen Batmaid und Putzfrau.ch engagieren sich seit knapp einem Jahr gemeinsam gegen die Schwarzarbeit.","articlekey":"","footnotes":""},"categories":[28],"tags":[47,52,202,2876],"class_list":["post-12949","post","type-post","status-publish","format-standard","has-post-thumbnail","hentry","category-management","tag-arbeitsmarkt","tag-arbeitsrecht","tag-finanzenrecht","tag-reinigungsbranche"],"acf":[],"yoast_head":"<!-- This site is optimized with the Yoast SEO plugin v27.4 - https:\/\/yoast.com\/product\/yoast-seo-wordpress\/ -->\n<title>Vermittler von Reinigungskr\u00e4ften gegen Schwarzarbeit und f\u00fcr mehr Regulierung - Organisator<\/title>\n<meta name=\"description\" content=\"Die Schweizer Reinigungsunternehmen Batmaid und Putzfrau.ch engagieren sich seit knapp einem Jahr gemeinsam gegen die Schwarzarbeit.\" \/>\n<meta name=\"robots\" content=\"index, follow, max-snippet:-1, max-image-preview:large, max-video-preview:-1\" \/>\n<link rel=\"canonical\" href=\"https:\/\/www.organisator.ch\/fr\/gestion-2\/2022-05-20\/vermittler-von-reinigungskraeften-gegen-schwarzarbeit-und-fuer-mehr-regulierung\/\" \/>\n<meta property=\"og:locale\" content=\"fr_FR\" \/>\n<meta property=\"og:type\" content=\"article\" \/>\n<meta property=\"og:title\" content=\"Vermittler von Reinigungskr\u00e4ften gegen Schwarzarbeit und f\u00fcr mehr Regulierung\" \/>\n<meta property=\"og:description\" content=\"Die Schweizer Reinigungsunternehmen Batmaid und Putzfrau.ch engagieren sich seit knapp einem Jahr gemeinsam gegen die Schwarzarbeit.\" \/>\n<meta property=\"og:url\" content=\"https:\/\/www.organisator.ch\/fr\/gestion-2\/2022-05-20\/vermittler-von-reinigungskraeften-gegen-schwarzarbeit-und-fuer-mehr-regulierung\/\" \/>\n<meta property=\"og:site_name\" content=\"Organisator\" \/>\n<meta property=\"article:publisher\" content=\"https:\/\/www.facebook.com\/OrganisatorFachmagazin\" \/>\n<meta property=\"article:published_time\" content=\"2022-05-20T04:59:51+00:00\" \/>\n<meta property=\"og:image\" content=\"https:\/\/www.organisator.ch\/wp-content\/uploads\/2022\/05\/Vermittler-von-Reinigungskraeften-gegen-Schwarzarbeit-und-fuer-mehr-Regulierung_Organisator.jpg\" \/>\n\t<meta property=\"og:image:width\" content=\"680\" \/>\n\t<meta property=\"og:image:height\" content=\"453\" \/>\n\t<meta property=\"og:image:type\" content=\"image\/jpeg\" \/>\n<meta name=\"author\" content=\"thomas.berner\" \/>\n<meta name=\"twitter:card\" content=\"summary_large_image\" \/>\n<meta name=\"twitter:title\" content=\"Vermittler von #Reinigungskr\u00e4ften gegen #Schwarzarbeit und f\u00fcr mehr #Regulierung\" \/>\n<meta name=\"twitter:description\" content=\"Die Schweizer #Reinigungsunternehmen #Batmaid und #Putzfrau.ch engagieren sich seit knapp einem Jahr gemeinsam gegen die #Schwarzarbeit.\" \/>\n<meta name=\"twitter:image\" content=\"https:\/\/www.organisator.ch\/wp-content\/uploads\/2022\/05\/Vermittler-von-Reinigungskraeften-gegen-Schwarzarbeit-und-fuer-mehr-Regulierung_Organisator.jpg\" \/>\n<script type=\"application\/ld+json\" class=\"yoast-schema-graph\">{\"@context\":\"https:\\\/\\\/schema.org\",\"@graph\":[{\"@type\":\"Article\",\"@id\":\"https:\\\/\\\/www.organisator.ch\\\/management\\\/2022-05-20\\\/vermittler-von-reinigungskraeften-gegen-schwarzarbeit-und-fuer-mehr-regulierung\\\/#article\",\"isPartOf\":{\"@id\":\"https:\\\/\\\/www.organisator.ch\\\/management\\\/2022-05-20\\\/vermittler-von-reinigungskraeften-gegen-schwarzarbeit-und-fuer-mehr-regulierung\\\/\"},\"author\":{\"name\":\"thomas.berner\",\"@id\":\"https:\\\/\\\/www.organisator.ch\\\/#\\\/schema\\\/person\\\/6f650f90b2842cd4c0cc334b4e36f67e\"},\"headline\":\"Vermittler von Reinigungskr\u00e4ften gegen Schwarzarbeit und f\u00fcr mehr Regulierung\",\"datePublished\":\"2022-05-20T04:59:51+00:00\",\"mainEntityOfPage\":{\"@id\":\"https:\\\/\\\/www.organisator.ch\\\/management\\\/2022-05-20\\\/vermittler-von-reinigungskraeften-gegen-schwarzarbeit-und-fuer-mehr-regulierung\\\/\"},\"wordCount\":469,\"publisher\":{\"@id\":\"https:\\\/\\\/www.organisator.ch\\\/#organization\"},\"image\":{\"@id\":\"https:\\\/\\\/www.organisator.ch\\\/management\\\/2022-05-20\\\/vermittler-von-reinigungskraeften-gegen-schwarzarbeit-und-fuer-mehr-regulierung\\\/#primaryimage\"},\"thumbnailUrl\":\"https:\\\/\\\/www.organisator.ch\\\/wp-content\\\/uploads\\\/2022\\\/05\\\/Vermittler-von-Reinigungskraeften-gegen-Schwarzarbeit-und-fuer-mehr-Regulierung_Organisator.jpg\",\"keywords\":[\"Arbeitsmarkt\",\"Arbeitsrecht\",\"Finanzen\\\/Recht\",\"Reinigungsbranche\"],\"articleSection\":[\"MANAGEMENT\"],\"inLanguage\":\"fr-FR\"},{\"@type\":\"WebPage\",\"@id\":\"https:\\\/\\\/www.organisator.ch\\\/management\\\/2022-05-20\\\/vermittler-von-reinigungskraeften-gegen-schwarzarbeit-und-fuer-mehr-regulierung\\\/\",\"url\":\"https:\\\/\\\/www.organisator.ch\\\/management\\\/2022-05-20\\\/vermittler-von-reinigungskraeften-gegen-schwarzarbeit-und-fuer-mehr-regulierung\\\/\",\"name\":\"Vermittler von Reinigungskr\u00e4ften gegen Schwarzarbeit und f\u00fcr mehr Regulierung - Organisator\",\"isPartOf\":{\"@id\":\"https:\\\/\\\/www.organisator.ch\\\/#website\"},\"primaryImageOfPage\":{\"@id\":\"https:\\\/\\\/www.organisator.ch\\\/management\\\/2022-05-20\\\/vermittler-von-reinigungskraeften-gegen-schwarzarbeit-und-fuer-mehr-regulierung\\\/#primaryimage\"},\"image\":{\"@id\":\"https:\\\/\\\/www.organisator.ch\\\/management\\\/2022-05-20\\\/vermittler-von-reinigungskraeften-gegen-schwarzarbeit-und-fuer-mehr-regulierung\\\/#primaryimage\"},\"thumbnailUrl\":\"https:\\\/\\\/www.organisator.ch\\\/wp-content\\\/uploads\\\/2022\\\/05\\\/Vermittler-von-Reinigungskraeften-gegen-Schwarzarbeit-und-fuer-mehr-Regulierung_Organisator.jpg\",\"datePublished\":\"2022-05-20T04:59:51+00:00\",\"description\":\"Die Schweizer Reinigungsunternehmen Batmaid und Putzfrau.ch engagieren sich seit knapp einem Jahr gemeinsam gegen die Schwarzarbeit.\",\"breadcrumb\":{\"@id\":\"https:\\\/\\\/www.organisator.ch\\\/management\\\/2022-05-20\\\/vermittler-von-reinigungskraeften-gegen-schwarzarbeit-und-fuer-mehr-regulierung\\\/#breadcrumb\"},\"inLanguage\":\"fr-FR\",\"potentialAction\":[{\"@type\":\"ReadAction\",\"target\":[\"https:\\\/\\\/www.organisator.ch\\\/management\\\/2022-05-20\\\/vermittler-von-reinigungskraeften-gegen-schwarzarbeit-und-fuer-mehr-regulierung\\\/\"]}]},{\"@type\":\"ImageObject\",\"inLanguage\":\"fr-FR\",\"@id\":\"https:\\\/\\\/www.organisator.ch\\\/management\\\/2022-05-20\\\/vermittler-von-reinigungskraeften-gegen-schwarzarbeit-und-fuer-mehr-regulierung\\\/#primaryimage\",\"url\":\"https:\\\/\\\/www.organisator.ch\\\/wp-content\\\/uploads\\\/2022\\\/05\\\/Vermittler-von-Reinigungskraeften-gegen-Schwarzarbeit-und-fuer-mehr-Regulierung_Organisator.jpg\",\"contentUrl\":\"https:\\\/\\\/www.organisator.ch\\\/wp-content\\\/uploads\\\/2022\\\/05\\\/Vermittler-von-Reinigungskraeften-gegen-Schwarzarbeit-und-fuer-mehr-Regulierung_Organisator.jpg\",\"width\":680,\"height\":453,\"caption\":\"Batmaid.ch k\u00e4mpft zusammen mit putzfrau.ch gegen Schwarzarbeit bei Reinigungskr\u00e4ften. (Bild: zVg \\\/ Batmaid.ch)\"},{\"@type\":\"BreadcrumbList\",\"@id\":\"https:\\\/\\\/www.organisator.ch\\\/management\\\/2022-05-20\\\/vermittler-von-reinigungskraeften-gegen-schwarzarbeit-und-fuer-mehr-regulierung\\\/#breadcrumb\",\"itemListElement\":[{\"@type\":\"ListItem\",\"position\":1,\"name\":\"Home\",\"item\":\"https:\\\/\\\/www.organisator.ch\\\/\"},{\"@type\":\"ListItem\",\"position\":2,\"name\":\"Vermittler von Reinigungskr\u00e4ften gegen Schwarzarbeit und f\u00fcr mehr Regulierung\"}]},{\"@type\":\"WebSite\",\"@id\":\"https:\\\/\\\/www.organisator.ch\\\/#website\",\"url\":\"https:\\\/\\\/www.organisator.ch\\\/\",\"name\":\"Organisator\",\"description\":\"Kompetent. Praxisnah. Der ORGANISATOR bereitet in 10 Ausgaben pro Jahr die wesentlichen Themen f\u00fcr F\u00fchrungskr\u00e4fte von KMU auf.\",\"publisher\":{\"@id\":\"https:\\\/\\\/www.organisator.ch\\\/#organization\"},\"potentialAction\":[{\"@type\":\"SearchAction\",\"target\":{\"@type\":\"EntryPoint\",\"urlTemplate\":\"https:\\\/\\\/www.organisator.ch\\\/?s={search_term_string}\"},\"query-input\":{\"@type\":\"PropertyValueSpecification\",\"valueRequired\":true,\"valueName\":\"search_term_string\"}}],\"inLanguage\":\"fr-FR\"},{\"@type\":\"Organization\",\"@id\":\"https:\\\/\\\/www.organisator.ch\\\/#organization\",\"name\":\"Organisator\",\"url\":\"https:\\\/\\\/www.organisator.ch\\\/\",\"logo\":{\"@type\":\"ImageObject\",\"inLanguage\":\"fr-FR\",\"@id\":\"https:\\\/\\\/www.organisator.ch\\\/#\\\/schema\\\/logo\\\/image\\\/\",\"url\":\"https:\\\/\\\/www.organisator.ch\\\/wp-content\\\/uploads\\\/2022\\\/01\\\/Logo_Organisator_Website.png\",\"contentUrl\":\"https:\\\/\\\/www.organisator.ch\\\/wp-content\\\/uploads\\\/2022\\\/01\\\/Logo_Organisator_Website.png\",\"width\":800,\"height\":77,\"caption\":\"Organisator\"},\"image\":{\"@id\":\"https:\\\/\\\/www.organisator.ch\\\/#\\\/schema\\\/logo\\\/image\\\/\"},\"sameAs\":[\"https:\\\/\\\/www.facebook.com\\\/OrganisatorFachmagazin\",\"https:\\\/\\\/www.linkedin.com\\\/showcase\\\/organisator-das-magazin-fr-kmu\",\"https:\\\/\\\/www.xing.com\\\/news\\\/pages\\\/organisator-ch-695\",\"https:\\\/\\\/www.youtube.com\\\/channel\\\/UCGP2Sq0iWaZwT3BdIAQFYpw\"]},{\"@type\":\"Person\",\"@id\":\"https:\\\/\\\/www.organisator.ch\\\/#\\\/schema\\\/person\\\/6f650f90b2842cd4c0cc334b4e36f67e\",\"name\":\"thomas.berner\",\"image\":{\"@type\":\"ImageObject\",\"inLanguage\":\"fr-FR\",\"@id\":\"https:\\\/\\\/secure.gravatar.com\\\/avatar\\\/ac5001d2a36cb6c6cd3e50789007ffca834b477b74a2144564522e944eabff61?s=96&d=mm&r=g\",\"url\":\"https:\\\/\\\/secure.gravatar.com\\\/avatar\\\/ac5001d2a36cb6c6cd3e50789007ffca834b477b74a2144564522e944eabff61?s=96&d=mm&r=g\",\"contentUrl\":\"https:\\\/\\\/secure.gravatar.com\\\/avatar\\\/ac5001d2a36cb6c6cd3e50789007ffca834b477b74a2144564522e944eabff61?s=96&d=mm&r=g\",\"caption\":\"thomas.berner\"},\"url\":\"https:\\\/\\\/www.organisator.ch\\\/fr\\\/author\\\/thomas-berner\\\/\"}]}<\/script>\n<!-- \/ Yoast SEO plugin. -->","yoast_head_json":{"title":"Interm\u00e9diaires du nettoyage contre le travail au noir et pour une meilleure r\u00e9glementation - Organisateur","description":"Les entreprises suisses de nettoyage Batmaid et Putzfrau.ch s'engagent ensemble depuis pr\u00e8s d'un an contre le travail au noir.","robots":{"index":"index","follow":"follow","max-snippet":"max-snippet:-1","max-image-preview":"max-image-preview:large","max-video-preview":"max-video-preview:-1"},"canonical":"https:\/\/www.organisator.ch\/fr\/gestion-2\/2022-05-20\/vermittler-von-reinigungskraeften-gegen-schwarzarbeit-und-fuer-mehr-regulierung\/","og_locale":"fr_FR","og_type":"article","og_title":"Vermittler von Reinigungskr\u00e4ften gegen Schwarzarbeit und f\u00fcr mehr Regulierung","og_description":"Die Schweizer Reinigungsunternehmen Batmaid und Putzfrau.ch engagieren sich seit knapp einem Jahr gemeinsam gegen die Schwarzarbeit.","og_url":"https:\/\/www.organisator.ch\/fr\/gestion-2\/2022-05-20\/vermittler-von-reinigungskraeften-gegen-schwarzarbeit-und-fuer-mehr-regulierung\/","og_site_name":"Organisator","article_publisher":"https:\/\/www.facebook.com\/OrganisatorFachmagazin","article_published_time":"2022-05-20T04:59:51+00:00","og_image":[{"width":680,"height":453,"url":"https:\/\/www.organisator.ch\/wp-content\/uploads\/2022\/05\/Vermittler-von-Reinigungskraeften-gegen-Schwarzarbeit-und-fuer-mehr-Regulierung_Organisator.jpg","type":"image\/jpeg"}],"author":"thomas.berner","twitter_card":"summary_large_image","twitter_title":"Vermittler von #Reinigungskr\u00e4ften gegen #Schwarzarbeit und f\u00fcr mehr #Regulierung","twitter_description":"Die Schweizer #Reinigungsunternehmen #Batmaid und #Putzfrau.ch engagieren sich seit knapp einem Jahr gemeinsam gegen die #Schwarzarbeit.","twitter_image":"https:\/\/www.organisator.ch\/wp-content\/uploads\/2022\/05\/Vermittler-von-Reinigungskraeften-gegen-Schwarzarbeit-und-fuer-mehr-Regulierung_Organisator.jpg","schema":{"@context":"https:\/\/schema.org","@graph":[{"@type":"Article","@id":"https:\/\/www.organisator.ch\/management\/2022-05-20\/vermittler-von-reinigungskraeften-gegen-schwarzarbeit-und-fuer-mehr-regulierung\/#article","isPartOf":{"@id":"https:\/\/www.organisator.ch\/management\/2022-05-20\/vermittler-von-reinigungskraeften-gegen-schwarzarbeit-und-fuer-mehr-regulierung\/"},"author":{"name":"thomas.berner","@id":"https:\/\/www.organisator.ch\/#\/schema\/person\/6f650f90b2842cd4c0cc334b4e36f67e"},"headline":"Vermittler von Reinigungskr\u00e4ften gegen Schwarzarbeit und f\u00fcr mehr Regulierung","datePublished":"2022-05-20T04:59:51+00:00","mainEntityOfPage":{"@id":"https:\/\/www.organisator.ch\/management\/2022-05-20\/vermittler-von-reinigungskraeften-gegen-schwarzarbeit-und-fuer-mehr-regulierung\/"},"wordCount":469,"publisher":{"@id":"https:\/\/www.organisator.ch\/#organization"},"image":{"@id":"https:\/\/www.organisator.ch\/management\/2022-05-20\/vermittler-von-reinigungskraeften-gegen-schwarzarbeit-und-fuer-mehr-regulierung\/#primaryimage"},"thumbnailUrl":"https:\/\/www.organisator.ch\/wp-content\/uploads\/2022\/05\/Vermittler-von-Reinigungskraeften-gegen-Schwarzarbeit-und-fuer-mehr-Regulierung_Organisator.jpg","keywords":["Arbeitsmarkt","Arbeitsrecht","Finanzen\/Recht","Reinigungsbranche"],"articleSection":["MANAGEMENT"],"inLanguage":"fr-FR"},{"@type":"WebPage","@id":"https:\/\/www.organisator.ch\/management\/2022-05-20\/vermittler-von-reinigungskraeften-gegen-schwarzarbeit-und-fuer-mehr-regulierung\/","url":"https:\/\/www.organisator.ch\/management\/2022-05-20\/vermittler-von-reinigungskraeften-gegen-schwarzarbeit-und-fuer-mehr-regulierung\/","name":"Interm\u00e9diaires du nettoyage contre le travail au noir et pour une meilleure r\u00e9glementation - Organisateur","isPartOf":{"@id":"https:\/\/www.organisator.ch\/#website"},"primaryImageOfPage":{"@id":"https:\/\/www.organisator.ch\/management\/2022-05-20\/vermittler-von-reinigungskraeften-gegen-schwarzarbeit-und-fuer-mehr-regulierung\/#primaryimage"},"image":{"@id":"https:\/\/www.organisator.ch\/management\/2022-05-20\/vermittler-von-reinigungskraeften-gegen-schwarzarbeit-und-fuer-mehr-regulierung\/#primaryimage"},"thumbnailUrl":"https:\/\/www.organisator.ch\/wp-content\/uploads\/2022\/05\/Vermittler-von-Reinigungskraeften-gegen-Schwarzarbeit-und-fuer-mehr-Regulierung_Organisator.jpg","datePublished":"2022-05-20T04:59:51+00:00","description":"Les entreprises suisses de nettoyage Batmaid et Putzfrau.ch s'engagent ensemble depuis pr\u00e8s d'un an contre le travail au noir.","breadcrumb":{"@id":"https:\/\/www.organisator.ch\/management\/2022-05-20\/vermittler-von-reinigungskraeften-gegen-schwarzarbeit-und-fuer-mehr-regulierung\/#breadcrumb"},"inLanguage":"fr-FR","potentialAction":[{"@type":"ReadAction","target":["https:\/\/www.organisator.ch\/management\/2022-05-20\/vermittler-von-reinigungskraeften-gegen-schwarzarbeit-und-fuer-mehr-regulierung\/"]}]},{"@type":"ImageObject","inLanguage":"fr-FR","@id":"https:\/\/www.organisator.ch\/management\/2022-05-20\/vermittler-von-reinigungskraeften-gegen-schwarzarbeit-und-fuer-mehr-regulierung\/#primaryimage","url":"https:\/\/www.organisator.ch\/wp-content\/uploads\/2022\/05\/Vermittler-von-Reinigungskraeften-gegen-Schwarzarbeit-und-fuer-mehr-Regulierung_Organisator.jpg","contentUrl":"https:\/\/www.organisator.ch\/wp-content\/uploads\/2022\/05\/Vermittler-von-Reinigungskraeften-gegen-Schwarzarbeit-und-fuer-mehr-Regulierung_Organisator.jpg","width":680,"height":453,"caption":"Batmaid.ch k\u00e4mpft zusammen mit putzfrau.ch gegen Schwarzarbeit bei Reinigungskr\u00e4ften. (Bild: zVg \/ Batmaid.ch)"},{"@type":"BreadcrumbList","@id":"https:\/\/www.organisator.ch\/management\/2022-05-20\/vermittler-von-reinigungskraeften-gegen-schwarzarbeit-und-fuer-mehr-regulierung\/#breadcrumb","itemListElement":[{"@type":"ListItem","position":1,"name":"Home","item":"https:\/\/www.organisator.ch\/"},{"@type":"ListItem","position":2,"name":"Vermittler von Reinigungskr\u00e4ften gegen Schwarzarbeit und f\u00fcr mehr Regulierung"}]},{"@type":"WebSite","@id":"https:\/\/www.organisator.ch\/#website","url":"https:\/\/www.organisator.ch\/","name":"Organisateur","description":"Comp\u00e9tence et comp\u00e9tence. Proches de la pratique. L'ORGANISATEUR pr\u00e9pare 10 num\u00e9ros par an sur les th\u00e8mes essentiels pour les dirigeants de PME.","publisher":{"@id":"https:\/\/www.organisator.ch\/#organization"},"potentialAction":[{"@type":"SearchAction","target":{"@type":"EntryPoint","urlTemplate":"https:\/\/www.organisator.ch\/?s={search_term_string}"},"query-input":{"@type":"PropertyValueSpecification","valueRequired":true,"valueName":"search_term_string"}}],"inLanguage":"fr-FR"},{"@type":"Organization","@id":"https:\/\/www.organisator.ch\/#organization","name":"Organisateur","url":"https:\/\/www.organisator.ch\/","logo":{"@type":"ImageObject","inLanguage":"fr-FR","@id":"https:\/\/www.organisator.ch\/#\/schema\/logo\/image\/","url":"https:\/\/www.organisator.ch\/wp-content\/uploads\/2022\/01\/Logo_Organisator_Website.png","contentUrl":"https:\/\/www.organisator.ch\/wp-content\/uploads\/2022\/01\/Logo_Organisator_Website.png","width":800,"height":77,"caption":"Organisator"},"image":{"@id":"https:\/\/www.organisator.ch\/#\/schema\/logo\/image\/"},"sameAs":["https:\/\/www.facebook.com\/OrganisatorFachmagazin","https:\/\/www.linkedin.com\/showcase\/organisator-das-magazin-fr-kmu","https:\/\/www.xing.com\/news\/pages\/organisator-ch-695","https:\/\/www.youtube.com\/channel\/UCGP2Sq0iWaZwT3BdIAQFYpw"]},{"@type":"Person","@id":"https:\/\/www.organisator.ch\/#\/schema\/person\/6f650f90b2842cd4c0cc334b4e36f67e","name":"thomas.berner","image":{"@type":"ImageObject","inLanguage":"fr-FR","@id":"https:\/\/secure.gravatar.com\/avatar\/ac5001d2a36cb6c6cd3e50789007ffca834b477b74a2144564522e944eabff61?s=96&d=mm&r=g","url":"https:\/\/secure.gravatar.com\/avatar\/ac5001d2a36cb6c6cd3e50789007ffca834b477b74a2144564522e944eabff61?s=96&d=mm&r=g","contentUrl":"https:\/\/secure.gravatar.com\/avatar\/ac5001d2a36cb6c6cd3e50789007ffca834b477b74a2144564522e944eabff61?s=96&d=mm&r=g","caption":"thomas.berner"},"url":"https:\/\/www.organisator.ch\/fr\/author\/thomas-berner\/"}]}},"_links":{"self":[{"href":"https:\/\/www.organisator.ch\/fr\/wp-json\/wp\/v2\/posts\/12949","targetHints":{"allow":["GET"]}}],"collection":[{"href":"https:\/\/www.organisator.ch\/fr\/wp-json\/wp\/v2\/posts"}],"about":[{"href":"https:\/\/www.organisator.ch\/fr\/wp-json\/wp\/v2\/types\/post"}],"author":[{"embeddable":true,"href":"https:\/\/www.organisator.ch\/fr\/wp-json\/wp\/v2\/users\/4"}],"replies":[{"embeddable":true,"href":"https:\/\/www.organisator.ch\/fr\/wp-json\/wp\/v2\/comments?post=12949"}],"version-history":[{"count":2,"href":"https:\/\/www.organisator.ch\/fr\/wp-json\/wp\/v2\/posts\/12949\/revisions"}],"predecessor-version":[{"id":12952,"href":"https:\/\/www.organisator.ch\/fr\/wp-json\/wp\/v2\/posts\/12949\/revisions\/12952"}],"wp:featuredmedia":[{"embeddable":true,"href":"https:\/\/www.organisator.ch\/fr\/wp-json\/wp\/v2\/media\/12951"}],"wp:attachment":[{"href":"https:\/\/www.organisator.ch\/fr\/wp-json\/wp\/v2\/media?parent=12949"}],"wp:term":[{"taxonomy":"category","embeddable":true,"href":"https:\/\/www.organisator.ch\/fr\/wp-json\/wp\/v2\/categories?post=12949"},{"taxonomy":"post_tag","embeddable":true,"href":"https:\/\/www.organisator.ch\/fr\/wp-json\/wp\/v2\/tags?post=12949"}],"curies":[{"name":"wp","href":"https:\/\/api.w.org\/{rel}","templated":true}]}}