{"id":12971,"date":"2022-05-21T12:37:20","date_gmt":"2022-05-21T10:37:20","guid":{"rendered":"https:\/\/www.werbewoche.ch\/?p=171634"},"modified":"2022-07-30T16:27:33","modified_gmt":"2022-07-30T14:27:33","slug":"coca-cola-startet-globale-musikplattform-mit-film-und-queen-song","status":"publish","type":"post","link":"https:\/\/www.organisator.ch\/fr\/marketing\/2022-05-21\/coca-cola-startet-globale-musikplattform-mit-film-und-queen-song\/","title":{"rendered":"Coca-Cola lance une plateforme musicale mondiale avec un film et une chanson de Queen"},"content":{"rendered":"Coke Studio, la nouvelle plateforme musicale mondiale de Coca-Cola, offre aux talents \u00e9mergents la possibilit\u00e9 de nouer des partenariats \u00e0 l'\u00e9chelle mondiale et d'enthousiasmer un nouveau public avec la magie de la musique. Tout commence par un film intitul\u00e9 \"The Conductor\", dans lequel sept artistes ont travaill\u00e9 ensemble pour r\u00e9interpr\u00e9ter le l\u00e9gendaire titre de Queen \"A Kind of Magic\".\r\n\r\nCoke Studio et \"The Conductor\" sont les derni\u00e8res formes d'expression de la philosophie de marque globale Real Magic, que Coca-Cola a lanc\u00e9e \u00e0 la fin de l'ann\u00e9e derni\u00e8re. Au c\u0153ur de la plateforme se trouve la conviction que la diversit\u00e9 fait du monde un meilleur endroit o\u00f9 vivre - et que la \"vraie magie\" na\u00eet lorsque nous nous rencontrons \u00e0 travers des exp\u00e9riences communes, aussi bien num\u00e9riquement que dans la vie r\u00e9elle.\r\n\r\n\"Coke Studio est 'digital-first, always-on' et une extension directe de la philosophie Real Magic de Coca-Cola\", explique Pratik Thakar, Senior Director, Global Creative Strategy and Content chez Coca-Cola. \"Il connecte les fans du monde entier\".\r\n\r\n\"The Conductor\" est un hommage au groupe de rock Queen : l'\u0153uvre vise \u00e0 incarner la magie multiculturelle au c\u0153ur de la plateforme Coke Studio. Le film de 90 secondes se concentre sur un nouvel enregistrement de la m\u00e9lodie \"A Kind of Magic\" de Queen, produit en collaboration avec des artistes \u00e9mergents du monde entier, qui apportent chacun leur propre style et r\u00e9interpr\u00e8tent le morceau pour une nouvelle g\u00e9n\u00e9ration.\r\n\r\nParmi les artistes figurent la musicienne am\u00e9ricaine de R&amp;B nomm\u00e9e aux Grammy Awards Ari Lennox, l'auteur-compositeur-interpr\u00e8te britannique Griff, la productrice turque d'\u00e9lectro-pop Ekin Beril, la musicienne latino-urban-pop Mariah Angeliq, l'auteur-compositeur-interpr\u00e8te et producteur nig\u00e9rian Tems, le rappeur et producteur canadien-indien Tesher et le girls band multilingue de K-pop Tri.be.\r\n\r\n<img class=\"alignnone wp-image-171639 size-full\" src=\"https:\/\/www.werbewoche.ch\/wp-content\/uploads\/2022\/05\/Coke-Studio-TRI.BE_.jpg\" alt=\"Coca-Cola\" width=\"954\" height=\"636\" \/>\r\n\r\nEn plus du film, chacun des sept artistes a enregistr\u00e9 sa propre version de \"A Kind of Magic\", qui est disponible avec des pistes suppl\u00e9mentaires et des images des coulisses. Le contenu peut \u00e9galement \u00eatre t\u00e9l\u00e9charg\u00e9 gr\u00e2ce \u00e0 l'activation on-pack 'Boire. Scanner. Savourer' peut \u00eatre activ\u00e9e. Les emballages Coca-Cola se transforment alors en portails num\u00e9riques : un portail pour les consommateurs et consommatrices afin de d\u00e9couvrir le nouveau contenu global de Coke Studio.\r\n\r\nLa plateforme Coke Studio a \u00e9t\u00e9 lanc\u00e9e pour la premi\u00e8re fois en 2008 au Pakistan et a connu un grand succ\u00e8s dans ce pays, en Afrique et aux Philippines, avec notamment onze millions d'abonn\u00e9s Youtube\", explique Thakar.\r\n\r\n\"Aujourd'hui, nous sommes heureux de la pr\u00e9senter \u00e0 un public mondial et d'utiliser la port\u00e9e de notre marque pour attirer un nouveau public vers certains artistes extraordinaires\".\r\n\r\n<img class=\"alignnone wp-image-171638 size-full\" src=\"https:\/\/www.werbewoche.ch\/wp-content\/uploads\/2022\/05\/Coke-Studio-Launch-01.jpg\" alt=\"Coca-Cola\" width=\"954\" height=\"636\" \/>\r\n\r\n\"Nous avons voulu faire quelque chose de diff\u00e9rent avec Coke Studio\", explique Joshua Burke, directeur principal du marketing mondial de la musique et de la culture chez The Coca-Cola Company. \"Coca-Cola a toujours eu un lien fort avec la musique ainsi qu'une longue tradition de connexion entre les gens au-del\u00e0 des fronti\u00e8res et des cultures. Coke Studio r\u00e9unit ces deux choses d'une mani\u00e8re qui est puissante et tourn\u00e9e vers l'avenir et qui soutient le d\u00e9veloppement des talents dans l'industrie musicale\".\r\n\r\nBurke poursuit : \"Nous voyons dans 'The Conductor' \u00e0 la fois une r\u00e9v\u00e9rence au groupe l\u00e9gendaire Queen et une occasion de rafra\u00eechir et de r\u00e9interpr\u00e9ter l'un de ses plus grands morceaux pour une autre g\u00e9n\u00e9ration. Il y a de la magie l\u00e0-dedans aussi\".\r\n\r\nLe lancement de Coke Studio et de \"The Conductor\" a \u00e9t\u00e9 organis\u00e9 en collaboration avec Universal Music Group, le fournisseur mondial de divertissement bas\u00e9 sur la musique, cinq des artistes participants \u00e9tant sous contrat avec les l\u00e9gendaires maisons de disques de l'entreprise et un sixi\u00e8me avec Universal Music Publishing Group. \"The Conductor\" a \u00e9t\u00e9 cr\u00e9\u00e9 en collaboration avec l'agence Betc London et le r\u00e9alisateur d'Iconoclast Pierre Dupaquier.\r\n\r\n&nbsp;\r\n\r\n<hr \/>\r\n\r\nLien vers <a href=\"https:\/\/www.youtube.com\/channel\/UC26zJf6LAJpBb8thyvsvwyw\">Coke Studio YouTube Hub<\/a>","protected":false},"excerpt":{"rendered":"<p>Coke Studio, die neue globale Musikplattform von Coca-Cola, bietet aufstrebenden Talenten die M\u00f6glichkeit, weltweite Partnerschaften einzugehen und ein neues Publikum mit musikalischer Magie zu begeistern. Den Anfang macht ein Film mit dem Titel \u00abThe Conductor\u00bb, bei dem sieben K\u00fcnstler und K\u00fcnstlerinnen zusammen gearbeitet haben, um den legend\u00e4ren Queen-Track \u00abA Kind of Magic\u00bb neu zu interpretieren. [\u2026]<\/p>\n","protected":false},"author":8,"featured_media":0,"comment_status":"closed","ping_status":"closed","sticky":false,"template":"","format":"standard","meta":{"_acf_changed":false,"_yoast_wpseo_focuskw":"Coca-Cola","_yoast_wpseo_metadesc":"Die neue Plattform \u00abCoke Studio\u00bb soll aufstrebende musikalische Talente aus der ganzen Welt verbinden.","articlekey":"","footnotes":""},"categories":[29],"tags":[2883,2884,2885,3147,2886],"class_list":["post-12971","post","type-post","status-publish","format-standard","hentry","category-marketing","tag-coca-cola","tag-getraenke","tag-nbc-universal","tag-queen-song","tag-youtube"],"acf":[],"yoast_head":"<!-- This site is optimized with the Yoast SEO plugin v27.5 - https:\/\/yoast.com\/product\/yoast-seo-wordpress\/ -->\n<title>Coca-Cola startet globale Musikplattform mit Film und Queen-Song - Organisator<\/title>\n<meta name=\"description\" content=\"Die neue Plattform \u00abCoke Studio\u00bb soll aufstrebende musikalische Talente aus der ganzen Welt verbinden.\" \/>\n<meta name=\"robots\" content=\"index, follow, max-snippet:-1, max-image-preview:large, max-video-preview:-1\" \/>\n<link rel=\"canonical\" href=\"https:\/\/www.werbewoche.ch\/de\/marketing\/2022-05-21\/coca-cola-startet-globale-musikplattform-mit-film-und-queen-song\/\" \/>\n<meta property=\"og:locale\" content=\"fr_FR\" \/>\n<meta property=\"og:type\" content=\"article\" \/>\n<meta property=\"og:title\" content=\"Coca-Cola startet globale Musikplattform mit Film und Queen-Song - Organisator\" \/>\n<meta property=\"og:description\" content=\"Die neue Plattform \u00abCoke Studio\u00bb soll aufstrebende musikalische Talente aus der ganzen Welt verbinden.\" \/>\n<meta property=\"og:url\" content=\"https:\/\/www.werbewoche.ch\/de\/marketing\/2022-05-21\/coca-cola-startet-globale-musikplattform-mit-film-und-queen-song\/\" \/>\n<meta property=\"og:site_name\" content=\"Organisator\" \/>\n<meta property=\"article:publisher\" content=\"https:\/\/www.facebook.com\/OrganisatorFachmagazin\" \/>\n<meta property=\"article:published_time\" content=\"2022-05-21T10:37:20+00:00\" \/>\n<meta property=\"article:modified_time\" content=\"2022-07-30T14:27:33+00:00\" \/>\n<meta property=\"og:image\" content=\"https:\/\/www.werbewoche.ch\/wp-content\/uploads\/2022\/05\/Coke-Studio-TRI.BE_.jpg\" \/>\n<meta name=\"author\" content=\"galledia\" \/>\n<meta name=\"twitter:card\" content=\"summary_large_image\" \/>\n<meta name=\"twitter:creator\" content=\"@admin\" \/>\n<script type=\"application\/ld+json\" class=\"yoast-schema-graph\">{\"@context\":\"https:\\\/\\\/schema.org\",\"@graph\":[{\"@type\":\"Article\",\"@id\":\"https:\\\/\\\/www.werbewoche.ch\\\/de\\\/marketing\\\/2022-05-21\\\/coca-cola-startet-globale-musikplattform-mit-film-und-queen-song\\\/#article\",\"isPartOf\":{\"@id\":\"https:\\\/\\\/www.organisator.ch\\\/marketing\\\/2022-05-21\\\/coca-cola-startet-globale-musikplattform-mit-film-und-queen-song\\\/\"},\"author\":{\"name\":\"galledia\",\"@id\":\"https:\\\/\\\/www.organisator.ch\\\/#\\\/schema\\\/person\\\/4e51799071cd2dd1232ac003643ef5f0\"},\"headline\":\"Coca-Cola startet globale Musikplattform mit Film und Queen-Song\",\"datePublished\":\"2022-05-21T10:37:20+00:00\",\"dateModified\":\"2022-07-30T14:27:33+00:00\",\"mainEntityOfPage\":{\"@id\":\"https:\\\/\\\/www.organisator.ch\\\/marketing\\\/2022-05-21\\\/coca-cola-startet-globale-musikplattform-mit-film-und-queen-song\\\/\"},\"wordCount\":594,\"publisher\":{\"@id\":\"https:\\\/\\\/www.organisator.ch\\\/#organization\"},\"image\":{\"@id\":\"https:\\\/\\\/www.werbewoche.ch\\\/de\\\/marketing\\\/2022-05-21\\\/coca-cola-startet-globale-musikplattform-mit-film-und-queen-song\\\/#primaryimage\"},\"thumbnailUrl\":\"https:\\\/\\\/www.werbewoche.ch\\\/wp-content\\\/uploads\\\/2022\\\/05\\\/Coke-Studio-TRI.BE_.jpg\",\"keywords\":[\"Coca-Cola\",\"Getr\u00e4nke\",\"NBC Universal\",\"Queen-Song\",\"Youtube\"],\"articleSection\":[\"MARKETING\"],\"inLanguage\":\"fr-FR\"},{\"@type\":\"WebPage\",\"@id\":\"https:\\\/\\\/www.organisator.ch\\\/marketing\\\/2022-05-21\\\/coca-cola-startet-globale-musikplattform-mit-film-und-queen-song\\\/\",\"url\":\"https:\\\/\\\/www.werbewoche.ch\\\/de\\\/marketing\\\/2022-05-21\\\/coca-cola-startet-globale-musikplattform-mit-film-und-queen-song\\\/\",\"name\":\"Coca-Cola startet globale Musikplattform mit Film und Queen-Song - Organisator\",\"isPartOf\":{\"@id\":\"https:\\\/\\\/www.organisator.ch\\\/#website\"},\"primaryImageOfPage\":{\"@id\":\"https:\\\/\\\/www.werbewoche.ch\\\/de\\\/marketing\\\/2022-05-21\\\/coca-cola-startet-globale-musikplattform-mit-film-und-queen-song\\\/#primaryimage\"},\"image\":{\"@id\":\"https:\\\/\\\/www.werbewoche.ch\\\/de\\\/marketing\\\/2022-05-21\\\/coca-cola-startet-globale-musikplattform-mit-film-und-queen-song\\\/#primaryimage\"},\"thumbnailUrl\":\"https:\\\/\\\/www.werbewoche.ch\\\/wp-content\\\/uploads\\\/2022\\\/05\\\/Coke-Studio-TRI.BE_.jpg\",\"datePublished\":\"2022-05-21T10:37:20+00:00\",\"dateModified\":\"2022-07-30T14:27:33+00:00\",\"description\":\"Die neue Plattform \u00abCoke Studio\u00bb soll aufstrebende musikalische Talente aus der ganzen Welt verbinden.\",\"breadcrumb\":{\"@id\":\"https:\\\/\\\/www.werbewoche.ch\\\/de\\\/marketing\\\/2022-05-21\\\/coca-cola-startet-globale-musikplattform-mit-film-und-queen-song\\\/#breadcrumb\"},\"inLanguage\":\"fr-FR\",\"potentialAction\":[{\"@type\":\"ReadAction\",\"target\":[\"https:\\\/\\\/www.werbewoche.ch\\\/de\\\/marketing\\\/2022-05-21\\\/coca-cola-startet-globale-musikplattform-mit-film-und-queen-song\\\/\"]}]},{\"@type\":\"ImageObject\",\"inLanguage\":\"fr-FR\",\"@id\":\"https:\\\/\\\/www.werbewoche.ch\\\/de\\\/marketing\\\/2022-05-21\\\/coca-cola-startet-globale-musikplattform-mit-film-und-queen-song\\\/#primaryimage\",\"url\":\"https:\\\/\\\/www.werbewoche.ch\\\/wp-content\\\/uploads\\\/2022\\\/05\\\/Coke-Studio-TRI.BE_.jpg\",\"contentUrl\":\"https:\\\/\\\/www.werbewoche.ch\\\/wp-content\\\/uploads\\\/2022\\\/05\\\/Coke-Studio-TRI.BE_.jpg\"},{\"@type\":\"BreadcrumbList\",\"@id\":\"https:\\\/\\\/www.werbewoche.ch\\\/de\\\/marketing\\\/2022-05-21\\\/coca-cola-startet-globale-musikplattform-mit-film-und-queen-song\\\/#breadcrumb\",\"itemListElement\":[{\"@type\":\"ListItem\",\"position\":1,\"name\":\"Home\",\"item\":\"https:\\\/\\\/www.organisator.ch\\\/\"},{\"@type\":\"ListItem\",\"position\":2,\"name\":\"Coca-Cola startet globale Musikplattform mit Film und Queen-Song\"}]},{\"@type\":\"WebSite\",\"@id\":\"https:\\\/\\\/www.organisator.ch\\\/#website\",\"url\":\"https:\\\/\\\/www.organisator.ch\\\/\",\"name\":\"Organisator\",\"description\":\"Kompetent. Praxisnah. Der ORGANISATOR bereitet in 10 Ausgaben pro Jahr die wesentlichen Themen f\u00fcr F\u00fchrungskr\u00e4fte von KMU auf.\",\"publisher\":{\"@id\":\"https:\\\/\\\/www.organisator.ch\\\/#organization\"},\"potentialAction\":[{\"@type\":\"SearchAction\",\"target\":{\"@type\":\"EntryPoint\",\"urlTemplate\":\"https:\\\/\\\/www.organisator.ch\\\/?s={search_term_string}\"},\"query-input\":{\"@type\":\"PropertyValueSpecification\",\"valueRequired\":true,\"valueName\":\"search_term_string\"}}],\"inLanguage\":\"fr-FR\"},{\"@type\":\"Organization\",\"@id\":\"https:\\\/\\\/www.organisator.ch\\\/#organization\",\"name\":\"Organisator\",\"url\":\"https:\\\/\\\/www.organisator.ch\\\/\",\"logo\":{\"@type\":\"ImageObject\",\"inLanguage\":\"fr-FR\",\"@id\":\"https:\\\/\\\/www.organisator.ch\\\/#\\\/schema\\\/logo\\\/image\\\/\",\"url\":\"https:\\\/\\\/www.organisator.ch\\\/wp-content\\\/uploads\\\/2022\\\/01\\\/Logo_Organisator_Website.png\",\"contentUrl\":\"https:\\\/\\\/www.organisator.ch\\\/wp-content\\\/uploads\\\/2022\\\/01\\\/Logo_Organisator_Website.png\",\"width\":800,\"height\":77,\"caption\":\"Organisator\"},\"image\":{\"@id\":\"https:\\\/\\\/www.organisator.ch\\\/#\\\/schema\\\/logo\\\/image\\\/\"},\"sameAs\":[\"https:\\\/\\\/www.facebook.com\\\/OrganisatorFachmagazin\",\"https:\\\/\\\/www.linkedin.com\\\/showcase\\\/organisator-das-magazin-fr-kmu\",\"https:\\\/\\\/www.xing.com\\\/news\\\/pages\\\/organisator-ch-695\",\"https:\\\/\\\/www.youtube.com\\\/channel\\\/UCGP2Sq0iWaZwT3BdIAQFYpw\"]},{\"@type\":\"Person\",\"@id\":\"https:\\\/\\\/www.organisator.ch\\\/#\\\/schema\\\/person\\\/4e51799071cd2dd1232ac003643ef5f0\",\"name\":\"galledia\",\"image\":{\"@type\":\"ImageObject\",\"inLanguage\":\"fr-FR\",\"@id\":\"https:\\\/\\\/secure.gravatar.com\\\/avatar\\\/78a7f90c01fc2bfc875782a0d4922b37cde2cf184ce347b91316d23cd7f69a36?s=96&d=mm&r=g\",\"url\":\"https:\\\/\\\/secure.gravatar.com\\\/avatar\\\/78a7f90c01fc2bfc875782a0d4922b37cde2cf184ce347b91316d23cd7f69a36?s=96&d=mm&r=g\",\"contentUrl\":\"https:\\\/\\\/secure.gravatar.com\\\/avatar\\\/78a7f90c01fc2bfc875782a0d4922b37cde2cf184ce347b91316d23cd7f69a36?s=96&d=mm&r=g\",\"caption\":\"galledia\"},\"sameAs\":[\"https:\\\/\\\/x.com\\\/admin\"],\"url\":\"https:\\\/\\\/www.organisator.ch\\\/fr\\\/author\\\/galledia\\\/\"}]}<\/script>\n<!-- \/ Yoast SEO plugin. -->","yoast_head_json":{"title":"Coca-Cola lance une plateforme musicale mondiale avec un film et une chanson de Queen - Organisateur","description":"La nouvelle plateforme \"Coke Studio\" vise \u00e0 mettre en relation les talents musicaux \u00e9mergents du monde entier.","robots":{"index":"index","follow":"follow","max-snippet":"max-snippet:-1","max-image-preview":"max-image-preview:large","max-video-preview":"max-video-preview:-1"},"canonical":"https:\/\/www.werbewoche.ch\/de\/marketing\/2022-05-21\/coca-cola-startet-globale-musikplattform-mit-film-und-queen-song\/","og_locale":"fr_FR","og_type":"article","og_title":"Coca-Cola startet globale Musikplattform mit Film und Queen-Song - Organisator","og_description":"Die neue Plattform \u00abCoke Studio\u00bb soll aufstrebende musikalische Talente aus der ganzen Welt verbinden.","og_url":"https:\/\/www.werbewoche.ch\/de\/marketing\/2022-05-21\/coca-cola-startet-globale-musikplattform-mit-film-und-queen-song\/","og_site_name":"Organisator","article_publisher":"https:\/\/www.facebook.com\/OrganisatorFachmagazin","article_published_time":"2022-05-21T10:37:20+00:00","article_modified_time":"2022-07-30T14:27:33+00:00","og_image":[{"url":"https:\/\/www.werbewoche.ch\/wp-content\/uploads\/2022\/05\/Coke-Studio-TRI.BE_.jpg","type":"","width":"","height":""}],"author":"galledia","twitter_card":"summary_large_image","twitter_creator":"@admin","schema":{"@context":"https:\/\/schema.org","@graph":[{"@type":"Article","@id":"https:\/\/www.werbewoche.ch\/de\/marketing\/2022-05-21\/coca-cola-startet-globale-musikplattform-mit-film-und-queen-song\/#article","isPartOf":{"@id":"https:\/\/www.organisator.ch\/marketing\/2022-05-21\/coca-cola-startet-globale-musikplattform-mit-film-und-queen-song\/"},"author":{"name":"galledia","@id":"https:\/\/www.organisator.ch\/#\/schema\/person\/4e51799071cd2dd1232ac003643ef5f0"},"headline":"Coca-Cola startet globale Musikplattform mit Film und Queen-Song","datePublished":"2022-05-21T10:37:20+00:00","dateModified":"2022-07-30T14:27:33+00:00","mainEntityOfPage":{"@id":"https:\/\/www.organisator.ch\/marketing\/2022-05-21\/coca-cola-startet-globale-musikplattform-mit-film-und-queen-song\/"},"wordCount":594,"publisher":{"@id":"https:\/\/www.organisator.ch\/#organization"},"image":{"@id":"https:\/\/www.werbewoche.ch\/de\/marketing\/2022-05-21\/coca-cola-startet-globale-musikplattform-mit-film-und-queen-song\/#primaryimage"},"thumbnailUrl":"https:\/\/www.werbewoche.ch\/wp-content\/uploads\/2022\/05\/Coke-Studio-TRI.BE_.jpg","keywords":["Coca-Cola","Getr\u00e4nke","NBC Universal","Queen-Song","Youtube"],"articleSection":["MARKETING"],"inLanguage":"fr-FR"},{"@type":"WebPage","@id":"https:\/\/www.organisator.ch\/marketing\/2022-05-21\/coca-cola-startet-globale-musikplattform-mit-film-und-queen-song\/","url":"https:\/\/www.werbewoche.ch\/de\/marketing\/2022-05-21\/coca-cola-startet-globale-musikplattform-mit-film-und-queen-song\/","name":"Coca-Cola lance une plateforme musicale mondiale avec un film et une chanson de Queen - Organisateur","isPartOf":{"@id":"https:\/\/www.organisator.ch\/#website"},"primaryImageOfPage":{"@id":"https:\/\/www.werbewoche.ch\/de\/marketing\/2022-05-21\/coca-cola-startet-globale-musikplattform-mit-film-und-queen-song\/#primaryimage"},"image":{"@id":"https:\/\/www.werbewoche.ch\/de\/marketing\/2022-05-21\/coca-cola-startet-globale-musikplattform-mit-film-und-queen-song\/#primaryimage"},"thumbnailUrl":"https:\/\/www.werbewoche.ch\/wp-content\/uploads\/2022\/05\/Coke-Studio-TRI.BE_.jpg","datePublished":"2022-05-21T10:37:20+00:00","dateModified":"2022-07-30T14:27:33+00:00","description":"La nouvelle plateforme \"Coke Studio\" vise \u00e0 mettre en relation les talents musicaux \u00e9mergents du monde entier.","breadcrumb":{"@id":"https:\/\/www.werbewoche.ch\/de\/marketing\/2022-05-21\/coca-cola-startet-globale-musikplattform-mit-film-und-queen-song\/#breadcrumb"},"inLanguage":"fr-FR","potentialAction":[{"@type":"ReadAction","target":["https:\/\/www.werbewoche.ch\/de\/marketing\/2022-05-21\/coca-cola-startet-globale-musikplattform-mit-film-und-queen-song\/"]}]},{"@type":"ImageObject","inLanguage":"fr-FR","@id":"https:\/\/www.werbewoche.ch\/de\/marketing\/2022-05-21\/coca-cola-startet-globale-musikplattform-mit-film-und-queen-song\/#primaryimage","url":"https:\/\/www.werbewoche.ch\/wp-content\/uploads\/2022\/05\/Coke-Studio-TRI.BE_.jpg","contentUrl":"https:\/\/www.werbewoche.ch\/wp-content\/uploads\/2022\/05\/Coke-Studio-TRI.BE_.jpg"},{"@type":"BreadcrumbList","@id":"https:\/\/www.werbewoche.ch\/de\/marketing\/2022-05-21\/coca-cola-startet-globale-musikplattform-mit-film-und-queen-song\/#breadcrumb","itemListElement":[{"@type":"ListItem","position":1,"name":"Home","item":"https:\/\/www.organisator.ch\/"},{"@type":"ListItem","position":2,"name":"Coca-Cola startet globale Musikplattform mit Film und Queen-Song"}]},{"@type":"WebSite","@id":"https:\/\/www.organisator.ch\/#website","url":"https:\/\/www.organisator.ch\/","name":"Organisateur","description":"Comp\u00e9tence et comp\u00e9tence. Proches de la pratique. L'ORGANISATEUR pr\u00e9pare 10 num\u00e9ros par an sur les th\u00e8mes essentiels pour les dirigeants de PME.","publisher":{"@id":"https:\/\/www.organisator.ch\/#organization"},"potentialAction":[{"@type":"SearchAction","target":{"@type":"EntryPoint","urlTemplate":"https:\/\/www.organisator.ch\/?s={search_term_string}"},"query-input":{"@type":"PropertyValueSpecification","valueRequired":true,"valueName":"search_term_string"}}],"inLanguage":"fr-FR"},{"@type":"Organization","@id":"https:\/\/www.organisator.ch\/#organization","name":"Organisateur","url":"https:\/\/www.organisator.ch\/","logo":{"@type":"ImageObject","inLanguage":"fr-FR","@id":"https:\/\/www.organisator.ch\/#\/schema\/logo\/image\/","url":"https:\/\/www.organisator.ch\/wp-content\/uploads\/2022\/01\/Logo_Organisator_Website.png","contentUrl":"https:\/\/www.organisator.ch\/wp-content\/uploads\/2022\/01\/Logo_Organisator_Website.png","width":800,"height":77,"caption":"Organisator"},"image":{"@id":"https:\/\/www.organisator.ch\/#\/schema\/logo\/image\/"},"sameAs":["https:\/\/www.facebook.com\/OrganisatorFachmagazin","https:\/\/www.linkedin.com\/showcase\/organisator-das-magazin-fr-kmu","https:\/\/www.xing.com\/news\/pages\/organisator-ch-695","https:\/\/www.youtube.com\/channel\/UCGP2Sq0iWaZwT3BdIAQFYpw"]},{"@type":"Person","@id":"https:\/\/www.organisator.ch\/#\/schema\/person\/4e51799071cd2dd1232ac003643ef5f0","name":"galledia","image":{"@type":"ImageObject","inLanguage":"fr-FR","@id":"https:\/\/secure.gravatar.com\/avatar\/78a7f90c01fc2bfc875782a0d4922b37cde2cf184ce347b91316d23cd7f69a36?s=96&d=mm&r=g","url":"https:\/\/secure.gravatar.com\/avatar\/78a7f90c01fc2bfc875782a0d4922b37cde2cf184ce347b91316d23cd7f69a36?s=96&d=mm&r=g","contentUrl":"https:\/\/secure.gravatar.com\/avatar\/78a7f90c01fc2bfc875782a0d4922b37cde2cf184ce347b91316d23cd7f69a36?s=96&d=mm&r=g","caption":"galledia"},"sameAs":["https:\/\/x.com\/admin"],"url":"https:\/\/www.organisator.ch\/fr\/author\/galledia\/"}]}},"_links":{"self":[{"href":"https:\/\/www.organisator.ch\/fr\/wp-json\/wp\/v2\/posts\/12971","targetHints":{"allow":["GET"]}}],"collection":[{"href":"https:\/\/www.organisator.ch\/fr\/wp-json\/wp\/v2\/posts"}],"about":[{"href":"https:\/\/www.organisator.ch\/fr\/wp-json\/wp\/v2\/types\/post"}],"author":[{"embeddable":true,"href":"https:\/\/www.organisator.ch\/fr\/wp-json\/wp\/v2\/users\/8"}],"replies":[{"embeddable":true,"href":"https:\/\/www.organisator.ch\/fr\/wp-json\/wp\/v2\/comments?post=12971"}],"version-history":[{"count":4,"href":"https:\/\/www.organisator.ch\/fr\/wp-json\/wp\/v2\/posts\/12971\/revisions"}],"predecessor-version":[{"id":15941,"href":"https:\/\/www.organisator.ch\/fr\/wp-json\/wp\/v2\/posts\/12971\/revisions\/15941"}],"wp:attachment":[{"href":"https:\/\/www.organisator.ch\/fr\/wp-json\/wp\/v2\/media?parent=12971"}],"wp:term":[{"taxonomy":"category","embeddable":true,"href":"https:\/\/www.organisator.ch\/fr\/wp-json\/wp\/v2\/categories?post=12971"},{"taxonomy":"post_tag","embeddable":true,"href":"https:\/\/www.organisator.ch\/fr\/wp-json\/wp\/v2\/tags?post=12971"}],"curies":[{"name":"wp","href":"https:\/\/api.w.org\/{rel}","templated":true}]}}