{"id":12980,"date":"2022-05-23T11:47:59","date_gmt":"2022-05-23T09:47:59","guid":{"rendered":"https:\/\/www.organisator.ch\/?p=12980"},"modified":"2022-05-23T11:47:59","modified_gmt":"2022-05-23T09:47:59","slug":"baumeister-erhoehen-loehne-auch-ohne-kollektivvereinbarung","status":"publish","type":"post","link":"https:\/\/www.organisator.ch\/fr\/management\/2022-05-23\/baumeister-erhoehen-loehne-auch-ohne-kollektivvereinbarung\/","title":{"rendered":"Les entrepreneurs augmentent les salaires m\u00eame sans convention collective"},"content":{"rendered":"<figure id=\"attachment_12981\" aria-describedby=\"caption-attachment-12981\" style=\"width: 680px\" class=\"wp-caption alignnone\"><img loading=\"lazy\" decoding=\"async\" class=\"size-full wp-image-12981\" src=\"https:\/\/www.organisator.ch\/wp-content\/uploads\/2022\/05\/Baumeister-erhoehen-Loehne-auch-ohne-Kollektivvereinbarung_Organisator.jpg\" alt=\"\" width=\"680\" height=\"400\" srcset=\"https:\/\/www.organisator.ch\/wp-content\/uploads\/2022\/05\/Baumeister-erhoehen-Loehne-auch-ohne-Kollektivvereinbarung_Organisator.jpg 680w, https:\/\/www.organisator.ch\/wp-content\/uploads\/2022\/05\/Baumeister-erhoehen-Loehne-auch-ohne-Kollektivvereinbarung_Organisator-18x12.jpg 18w, https:\/\/www.organisator.ch\/wp-content\/uploads\/2022\/05\/Baumeister-erhoehen-Loehne-auch-ohne-Kollektivvereinbarung_Organisator-298x175.jpg 298w, https:\/\/www.organisator.ch\/wp-content\/uploads\/2022\/05\/Baumeister-erhoehen-Loehne-auch-ohne-Kollektivvereinbarung_Organisator-595x350.jpg 595w, https:\/\/www.organisator.ch\/wp-content\/uploads\/2022\/05\/Baumeister-erhoehen-Loehne-auch-ohne-Kollektivvereinbarung_Organisator-300x176.jpg 300w\" sizes=\"auto, (max-width: 680px) 100vw, 680px\" \/><figcaption id=\"caption-attachment-12981\" class=\"wp-caption-text\">En 2022, les ouvriers du secteur principal de la construction toucheront en moyenne 6 204 francs par mois, respectivement 80 652 francs par an. Les salaires du personnel de chantier ont augment\u00e9 de 1,5% par rapport \u00e0 2021. (Graphique : obs\/SBV Soci\u00e9t\u00e9 Suisse des Entrepreneurs)<\/figcaption><\/figure>\n<p>La Soci\u00e9t\u00e9 Suisse des Entrepreneurs (SSE) a publi\u00e9 l'enqu\u00eate sur les salaires 2022. Celle-ci montre qu'en 2022, les ouvriers du secteur principal de la construction toucheront en moyenne 6'204 francs par mois, respectivement 80'652 francs par an. Les salaires du personnel de chantier ont donc augment\u00e9 de 1,5% par rapport \u00e0 2021. Selon la SSE, cela r\u00e9sulte de la bonne performance individuelle de chaque travailleur et non pas des accords salariaux collectifs. En 2021, l'inflation \u00e9tait de 0,6%. L'augmentation des salaires est donc sup\u00e9rieure au rench\u00e9rissement et le pouvoir d'achat a augment\u00e9. Les ann\u00e9es pr\u00e9c\u00e9dentes, les salaires r\u00e9els avaient d\u00e9j\u00e0 augment\u00e9.<\/p>\n<p>L'enqu\u00eate sur les salaires 2022 a \u00e9t\u00e9 r\u00e9alis\u00e9e \u00e0 la date de r\u00e9f\u00e9rence de fin f\u00e9vrier, celle de l'ann\u00e9e pr\u00e9c\u00e9dente \u00e0 la fin juillet. Le secteur principal de la construction est une branche saisonni\u00e8re, de sorte que moins de personnes travaillent en hiver qu'en \u00e9t\u00e9. En raison de ces diff\u00e9rentes dates d'enqu\u00eate, la croissance des salaires est l\u00e9g\u00e8rement augment\u00e9e d'un point de vue statistique, \u00e0 savoir de 0,2 \u00e0 0,3 point de pourcentage. Cela ne concerne toutefois pas le personnel qualifi\u00e9, car il existe une forte p\u00e9nurie de main-d'\u0153uvre qualifi\u00e9e dans ces professions.<\/p>\n<h3>Diff\u00e9rents profils professionnels dans la construction<\/h3>\n<p>Dans le secteur principal de la construction, il existe plusieurs professions qui varient en termes de responsabilit\u00e9, mais aussi de performance et de salaire, explique encore la SSE. Les ouvriers auxiliaires de la classe de salaire C touchent 4'959 francs par mois, les ma\u00e7ons avec un CFC dans la classe de salaire Q 6'148 francs et les contrema\u00eetres 7'908 francs. Dans toute la Suisse, le salaire moyen du personnel de chantier est de 6'204 francs. Comme le co\u00fbt de la vie diff\u00e8re d'un endroit \u00e0 l'autre, les salaires moyens varient \u00e9galement entre les cantons, allant de 5'677 francs \u00e0 6'434 francs.<\/p>\n<h3><b>La formation continue, un facteur salarial central<\/b><\/h3>\n<p>L'USP poursuit en expliquant qu'outre la performance personnelle, la formation continue est le facteur central d'une augmentation de salaire. La formation continue reste le principal moyen de d\u00e9velopper son propre salaire, mais aussi ses comp\u00e9tences et ses responsabilit\u00e9s. Une formation continue permet d'acc\u00e9der \u00e0 une classe de salaire sup\u00e9rieure, un tel saut est rentabilis\u00e9 \u00e0 hauteur d'environ 600 francs par mois en moyenne.<\/p>\n<h3>Les entrepreneurs en appellent aux syndicats<\/h3>\n<p>Les augmentations de salaire sur une base individuelle r\u00e9pondent aux besoins des travailleurs et des employeurs. Les salaires doivent r\u00e9compenser la performance personnelle et motiver la formation continue. Aux yeux des entrepreneurs, c'est la bonne mani\u00e8re de recruter la rel\u00e8ve et de conserver le personnel qualifi\u00e9. La SSE appelle donc les syndicats \u00e0 prendre acte de cette augmentation de salaire en 2022 et \u00e0 la communiquer aux travailleurs de mani\u00e8re transparente et fond\u00e9e sur des faits. Les entrepreneurs doivent continuer \u00e0 d\u00e9cider eux-m\u00eames de la mani\u00e8re dont ils r\u00e9compensent les prestations de travail et dans quelle mesure ils compensent l'inflation.<\/p>\n<p><em>Source et informations compl\u00e9mentaires : <a href=\"http:\/\/www.baumeister.ch\">Soci\u00e9t\u00e9 suisse des entrepreneurs SSE<\/a><\/em><\/p>","protected":false},"excerpt":{"rendered":"<p>Der Schweizerische Baumeisterverband (SBV) hat die Lohnerhebung 2022 ver\u00f6ffentlicht. Diese zeigt, dass die Bauarbeiterinnen und Bauarbeiter des Bauhauptgewerbes 2022 durchschnittlich 6&#8217;204 Franken im Monat beziehungsweise 80&#8217;652 Franken im Jahr erhalten. Die L\u00f6hne des Baustellenpersonals sind demnach um 1,5% gegen\u00fcber 2021 gestiegen. Dies sei &#8211; so der SBV &#8211; das Resultat der individuellen, guten Leistung der [&hellip;]<\/p>\n","protected":false},"author":4,"featured_media":12981,"comment_status":"closed","ping_status":"closed","sticky":false,"template":"","format":"standard","meta":{"_acf_changed":false,"_yoast_wpseo_focuskw":"Baumeister","_yoast_wpseo_metadesc":"Individuelle, gute Leistungen sollen mit einem h\u00f6heren Lohn honoriert werden. Dies der Standpunkt der Baumeister bei Lohnverhandlungen.","articlekey":"","footnotes":""},"categories":[28],"tags":[71,254,329,335],"class_list":["post-12980","post","type-post","status-publish","format-standard","has-post-thumbnail","hentry","category-management","tag-baubranche","tag-hrm","tag-loehne","tag-management-und-unternehmensfuehrung"],"acf":[],"yoast_head":"<!-- This site is optimized with the Yoast SEO plugin v27.5 - https:\/\/yoast.com\/product\/yoast-seo-wordpress\/ -->\n<title>Baumeister erh\u00f6hen L\u00f6hne auch ohne Kollektivvereinbarung - Organisator<\/title>\n<meta name=\"description\" content=\"Individuelle, gute Leistungen sollen mit einem h\u00f6heren Lohn honoriert werden. Dies der Standpunkt der Baumeister bei Lohnverhandlungen.\" \/>\n<meta name=\"robots\" content=\"index, follow, max-snippet:-1, max-image-preview:large, max-video-preview:-1\" \/>\n<link rel=\"canonical\" href=\"https:\/\/www.organisator.ch\/fr\/gestion-2\/2022-05-23\/baumeister-erhoehen-loehne-auch-ohne-kollektivvereinbarung\/\" \/>\n<meta property=\"og:locale\" content=\"fr_FR\" \/>\n<meta property=\"og:type\" content=\"article\" \/>\n<meta property=\"og:title\" content=\"Baumeister erh\u00f6hen L\u00f6hne auch ohne Kollektivvereinbarung\" \/>\n<meta property=\"og:description\" content=\"Individuelle, gute Leistungen sollen mit einem h\u00f6heren Lohn honoriert werden. Dies der Standpunkt der Baumeister bei Lohnverhandlungen.\" \/>\n<meta property=\"og:url\" content=\"https:\/\/www.organisator.ch\/fr\/gestion-2\/2022-05-23\/baumeister-erhoehen-loehne-auch-ohne-kollektivvereinbarung\/\" \/>\n<meta property=\"og:site_name\" content=\"Organisator\" \/>\n<meta property=\"article:publisher\" content=\"https:\/\/www.facebook.com\/OrganisatorFachmagazin\" \/>\n<meta property=\"article:published_time\" content=\"2022-05-23T09:47:59+00:00\" \/>\n<meta property=\"og:image\" content=\"https:\/\/www.organisator.ch\/wp-content\/uploads\/2022\/05\/Baumeister-erhoehen-Loehne-auch-ohne-Kollektivvereinbarung_Organisator.jpg\" \/>\n\t<meta property=\"og:image:width\" content=\"680\" \/>\n\t<meta property=\"og:image:height\" content=\"400\" \/>\n\t<meta property=\"og:image:type\" content=\"image\/jpeg\" \/>\n<meta name=\"author\" content=\"thomas.berner\" \/>\n<meta name=\"twitter:card\" content=\"summary_large_image\" \/>\n<meta name=\"twitter:title\" content=\"#Baumeister erh\u00f6hen #L\u00f6hne auch ohne #Kollektivvereinbarung\" \/>\n<meta name=\"twitter:description\" content=\"Individuelle, gute #Leistungen sollen mit einem h\u00f6heren #Lohn honoriert werden. Dies der Standpunkt der #Baumeister bei #Lohnverhandlungen.\" \/>\n<meta name=\"twitter:image\" content=\"https:\/\/www.organisator.ch\/wp-content\/uploads\/2022\/05\/Baumeister-erhoehen-Loehne-auch-ohne-Kollektivvereinbarung_Organisator.jpg\" \/>\n<script type=\"application\/ld+json\" class=\"yoast-schema-graph\">{\"@context\":\"https:\\\/\\\/schema.org\",\"@graph\":[{\"@type\":\"Article\",\"@id\":\"https:\\\/\\\/www.organisator.ch\\\/management\\\/2022-05-23\\\/baumeister-erhoehen-loehne-auch-ohne-kollektivvereinbarung\\\/#article\",\"isPartOf\":{\"@id\":\"https:\\\/\\\/www.organisator.ch\\\/management\\\/2022-05-23\\\/baumeister-erhoehen-loehne-auch-ohne-kollektivvereinbarung\\\/\"},\"author\":{\"name\":\"thomas.berner\",\"@id\":\"https:\\\/\\\/www.organisator.ch\\\/#\\\/schema\\\/person\\\/6f650f90b2842cd4c0cc334b4e36f67e\"},\"headline\":\"Baumeister erh\u00f6hen L\u00f6hne auch ohne Kollektivvereinbarung\",\"datePublished\":\"2022-05-23T09:47:59+00:00\",\"mainEntityOfPage\":{\"@id\":\"https:\\\/\\\/www.organisator.ch\\\/management\\\/2022-05-23\\\/baumeister-erhoehen-loehne-auch-ohne-kollektivvereinbarung\\\/\"},\"wordCount\":436,\"publisher\":{\"@id\":\"https:\\\/\\\/www.organisator.ch\\\/#organization\"},\"image\":{\"@id\":\"https:\\\/\\\/www.organisator.ch\\\/management\\\/2022-05-23\\\/baumeister-erhoehen-loehne-auch-ohne-kollektivvereinbarung\\\/#primaryimage\"},\"thumbnailUrl\":\"https:\\\/\\\/www.organisator.ch\\\/wp-content\\\/uploads\\\/2022\\\/05\\\/Baumeister-erhoehen-Loehne-auch-ohne-Kollektivvereinbarung_Organisator.jpg\",\"keywords\":[\"Baubranche\",\"HRM\",\"L\u00f6hne\",\"Management und Unternehmensf\u00fchrung\"],\"articleSection\":[\"MANAGEMENT\"],\"inLanguage\":\"fr-FR\"},{\"@type\":\"WebPage\",\"@id\":\"https:\\\/\\\/www.organisator.ch\\\/management\\\/2022-05-23\\\/baumeister-erhoehen-loehne-auch-ohne-kollektivvereinbarung\\\/\",\"url\":\"https:\\\/\\\/www.organisator.ch\\\/management\\\/2022-05-23\\\/baumeister-erhoehen-loehne-auch-ohne-kollektivvereinbarung\\\/\",\"name\":\"Baumeister erh\u00f6hen L\u00f6hne auch ohne Kollektivvereinbarung - Organisator\",\"isPartOf\":{\"@id\":\"https:\\\/\\\/www.organisator.ch\\\/#website\"},\"primaryImageOfPage\":{\"@id\":\"https:\\\/\\\/www.organisator.ch\\\/management\\\/2022-05-23\\\/baumeister-erhoehen-loehne-auch-ohne-kollektivvereinbarung\\\/#primaryimage\"},\"image\":{\"@id\":\"https:\\\/\\\/www.organisator.ch\\\/management\\\/2022-05-23\\\/baumeister-erhoehen-loehne-auch-ohne-kollektivvereinbarung\\\/#primaryimage\"},\"thumbnailUrl\":\"https:\\\/\\\/www.organisator.ch\\\/wp-content\\\/uploads\\\/2022\\\/05\\\/Baumeister-erhoehen-Loehne-auch-ohne-Kollektivvereinbarung_Organisator.jpg\",\"datePublished\":\"2022-05-23T09:47:59+00:00\",\"description\":\"Individuelle, gute Leistungen sollen mit einem h\u00f6heren Lohn honoriert werden. Dies der Standpunkt der Baumeister bei Lohnverhandlungen.\",\"breadcrumb\":{\"@id\":\"https:\\\/\\\/www.organisator.ch\\\/management\\\/2022-05-23\\\/baumeister-erhoehen-loehne-auch-ohne-kollektivvereinbarung\\\/#breadcrumb\"},\"inLanguage\":\"fr-FR\",\"potentialAction\":[{\"@type\":\"ReadAction\",\"target\":[\"https:\\\/\\\/www.organisator.ch\\\/management\\\/2022-05-23\\\/baumeister-erhoehen-loehne-auch-ohne-kollektivvereinbarung\\\/\"]}]},{\"@type\":\"ImageObject\",\"inLanguage\":\"fr-FR\",\"@id\":\"https:\\\/\\\/www.organisator.ch\\\/management\\\/2022-05-23\\\/baumeister-erhoehen-loehne-auch-ohne-kollektivvereinbarung\\\/#primaryimage\",\"url\":\"https:\\\/\\\/www.organisator.ch\\\/wp-content\\\/uploads\\\/2022\\\/05\\\/Baumeister-erhoehen-Loehne-auch-ohne-Kollektivvereinbarung_Organisator.jpg\",\"contentUrl\":\"https:\\\/\\\/www.organisator.ch\\\/wp-content\\\/uploads\\\/2022\\\/05\\\/Baumeister-erhoehen-Loehne-auch-ohne-Kollektivvereinbarung_Organisator.jpg\",\"width\":680,\"height\":400,\"caption\":\"Die Bauarbeiterinnen und Bauarbeiter des Bauhauptgewerbes erhalten 2022 durchschnittlich 6'204 Franken im Monat beziehungsweise 80'652 Franken im Jahr. Die L\u00f6hne des Baustellenpersonals sind um 1,5% gegen\u00fcber 2021 gestiegen. (Grafik: obs\\\/SBV Schweiz. Baumeisterverband)\"},{\"@type\":\"BreadcrumbList\",\"@id\":\"https:\\\/\\\/www.organisator.ch\\\/management\\\/2022-05-23\\\/baumeister-erhoehen-loehne-auch-ohne-kollektivvereinbarung\\\/#breadcrumb\",\"itemListElement\":[{\"@type\":\"ListItem\",\"position\":1,\"name\":\"Home\",\"item\":\"https:\\\/\\\/www.organisator.ch\\\/\"},{\"@type\":\"ListItem\",\"position\":2,\"name\":\"Baumeister erh\u00f6hen L\u00f6hne auch ohne Kollektivvereinbarung\"}]},{\"@type\":\"WebSite\",\"@id\":\"https:\\\/\\\/www.organisator.ch\\\/#website\",\"url\":\"https:\\\/\\\/www.organisator.ch\\\/\",\"name\":\"Organisator\",\"description\":\"Kompetent. Praxisnah. Der ORGANISATOR bereitet in 10 Ausgaben pro Jahr die wesentlichen Themen f\u00fcr F\u00fchrungskr\u00e4fte von KMU auf.\",\"publisher\":{\"@id\":\"https:\\\/\\\/www.organisator.ch\\\/#organization\"},\"potentialAction\":[{\"@type\":\"SearchAction\",\"target\":{\"@type\":\"EntryPoint\",\"urlTemplate\":\"https:\\\/\\\/www.organisator.ch\\\/?s={search_term_string}\"},\"query-input\":{\"@type\":\"PropertyValueSpecification\",\"valueRequired\":true,\"valueName\":\"search_term_string\"}}],\"inLanguage\":\"fr-FR\"},{\"@type\":\"Organization\",\"@id\":\"https:\\\/\\\/www.organisator.ch\\\/#organization\",\"name\":\"Organisator\",\"url\":\"https:\\\/\\\/www.organisator.ch\\\/\",\"logo\":{\"@type\":\"ImageObject\",\"inLanguage\":\"fr-FR\",\"@id\":\"https:\\\/\\\/www.organisator.ch\\\/#\\\/schema\\\/logo\\\/image\\\/\",\"url\":\"https:\\\/\\\/www.organisator.ch\\\/wp-content\\\/uploads\\\/2022\\\/01\\\/Logo_Organisator_Website.png\",\"contentUrl\":\"https:\\\/\\\/www.organisator.ch\\\/wp-content\\\/uploads\\\/2022\\\/01\\\/Logo_Organisator_Website.png\",\"width\":800,\"height\":77,\"caption\":\"Organisator\"},\"image\":{\"@id\":\"https:\\\/\\\/www.organisator.ch\\\/#\\\/schema\\\/logo\\\/image\\\/\"},\"sameAs\":[\"https:\\\/\\\/www.facebook.com\\\/OrganisatorFachmagazin\",\"https:\\\/\\\/www.linkedin.com\\\/showcase\\\/organisator-das-magazin-fr-kmu\",\"https:\\\/\\\/www.xing.com\\\/news\\\/pages\\\/organisator-ch-695\",\"https:\\\/\\\/www.youtube.com\\\/channel\\\/UCGP2Sq0iWaZwT3BdIAQFYpw\"]},{\"@type\":\"Person\",\"@id\":\"https:\\\/\\\/www.organisator.ch\\\/#\\\/schema\\\/person\\\/6f650f90b2842cd4c0cc334b4e36f67e\",\"name\":\"thomas.berner\",\"image\":{\"@type\":\"ImageObject\",\"inLanguage\":\"fr-FR\",\"@id\":\"https:\\\/\\\/secure.gravatar.com\\\/avatar\\\/ac5001d2a36cb6c6cd3e50789007ffca834b477b74a2144564522e944eabff61?s=96&d=mm&r=g\",\"url\":\"https:\\\/\\\/secure.gravatar.com\\\/avatar\\\/ac5001d2a36cb6c6cd3e50789007ffca834b477b74a2144564522e944eabff61?s=96&d=mm&r=g\",\"contentUrl\":\"https:\\\/\\\/secure.gravatar.com\\\/avatar\\\/ac5001d2a36cb6c6cd3e50789007ffca834b477b74a2144564522e944eabff61?s=96&d=mm&r=g\",\"caption\":\"thomas.berner\"},\"url\":\"https:\\\/\\\/www.organisator.ch\\\/fr\\\/author\\\/thomas-berner\\\/\"}]}<\/script>\n<!-- \/ Yoast SEO plugin. -->","yoast_head_json":{"title":"Les entrepreneurs augmentent les salaires m\u00eame sans convention collective - Organisateur","description":"Les bonnes prestations individuelles doivent \u00eatre r\u00e9compens\u00e9es par un salaire plus \u00e9lev\u00e9. Tel est le point de vue des entrepreneurs lors des n\u00e9gociations salariales.","robots":{"index":"index","follow":"follow","max-snippet":"max-snippet:-1","max-image-preview":"max-image-preview:large","max-video-preview":"max-video-preview:-1"},"canonical":"https:\/\/www.organisator.ch\/fr\/gestion-2\/2022-05-23\/baumeister-erhoehen-loehne-auch-ohne-kollektivvereinbarung\/","og_locale":"fr_FR","og_type":"article","og_title":"Baumeister erh\u00f6hen L\u00f6hne auch ohne Kollektivvereinbarung","og_description":"Individuelle, gute Leistungen sollen mit einem h\u00f6heren Lohn honoriert werden. Dies der Standpunkt der Baumeister bei Lohnverhandlungen.","og_url":"https:\/\/www.organisator.ch\/fr\/gestion-2\/2022-05-23\/baumeister-erhoehen-loehne-auch-ohne-kollektivvereinbarung\/","og_site_name":"Organisator","article_publisher":"https:\/\/www.facebook.com\/OrganisatorFachmagazin","article_published_time":"2022-05-23T09:47:59+00:00","og_image":[{"width":680,"height":400,"url":"https:\/\/www.organisator.ch\/wp-content\/uploads\/2022\/05\/Baumeister-erhoehen-Loehne-auch-ohne-Kollektivvereinbarung_Organisator.jpg","type":"image\/jpeg"}],"author":"thomas.berner","twitter_card":"summary_large_image","twitter_title":"#Baumeister erh\u00f6hen #L\u00f6hne auch ohne #Kollektivvereinbarung","twitter_description":"Individuelle, gute #Leistungen sollen mit einem h\u00f6heren #Lohn honoriert werden. Dies der Standpunkt der #Baumeister bei #Lohnverhandlungen.","twitter_image":"https:\/\/www.organisator.ch\/wp-content\/uploads\/2022\/05\/Baumeister-erhoehen-Loehne-auch-ohne-Kollektivvereinbarung_Organisator.jpg","schema":{"@context":"https:\/\/schema.org","@graph":[{"@type":"Article","@id":"https:\/\/www.organisator.ch\/management\/2022-05-23\/baumeister-erhoehen-loehne-auch-ohne-kollektivvereinbarung\/#article","isPartOf":{"@id":"https:\/\/www.organisator.ch\/management\/2022-05-23\/baumeister-erhoehen-loehne-auch-ohne-kollektivvereinbarung\/"},"author":{"name":"thomas.berner","@id":"https:\/\/www.organisator.ch\/#\/schema\/person\/6f650f90b2842cd4c0cc334b4e36f67e"},"headline":"Baumeister erh\u00f6hen L\u00f6hne auch ohne Kollektivvereinbarung","datePublished":"2022-05-23T09:47:59+00:00","mainEntityOfPage":{"@id":"https:\/\/www.organisator.ch\/management\/2022-05-23\/baumeister-erhoehen-loehne-auch-ohne-kollektivvereinbarung\/"},"wordCount":436,"publisher":{"@id":"https:\/\/www.organisator.ch\/#organization"},"image":{"@id":"https:\/\/www.organisator.ch\/management\/2022-05-23\/baumeister-erhoehen-loehne-auch-ohne-kollektivvereinbarung\/#primaryimage"},"thumbnailUrl":"https:\/\/www.organisator.ch\/wp-content\/uploads\/2022\/05\/Baumeister-erhoehen-Loehne-auch-ohne-Kollektivvereinbarung_Organisator.jpg","keywords":["Baubranche","HRM","L\u00f6hne","Management und Unternehmensf\u00fchrung"],"articleSection":["MANAGEMENT"],"inLanguage":"fr-FR"},{"@type":"WebPage","@id":"https:\/\/www.organisator.ch\/management\/2022-05-23\/baumeister-erhoehen-loehne-auch-ohne-kollektivvereinbarung\/","url":"https:\/\/www.organisator.ch\/management\/2022-05-23\/baumeister-erhoehen-loehne-auch-ohne-kollektivvereinbarung\/","name":"Les entrepreneurs augmentent les salaires m\u00eame sans convention collective - Organisateur","isPartOf":{"@id":"https:\/\/www.organisator.ch\/#website"},"primaryImageOfPage":{"@id":"https:\/\/www.organisator.ch\/management\/2022-05-23\/baumeister-erhoehen-loehne-auch-ohne-kollektivvereinbarung\/#primaryimage"},"image":{"@id":"https:\/\/www.organisator.ch\/management\/2022-05-23\/baumeister-erhoehen-loehne-auch-ohne-kollektivvereinbarung\/#primaryimage"},"thumbnailUrl":"https:\/\/www.organisator.ch\/wp-content\/uploads\/2022\/05\/Baumeister-erhoehen-Loehne-auch-ohne-Kollektivvereinbarung_Organisator.jpg","datePublished":"2022-05-23T09:47:59+00:00","description":"Les bonnes prestations individuelles doivent \u00eatre r\u00e9compens\u00e9es par un salaire plus \u00e9lev\u00e9. Tel est le point de vue des entrepreneurs lors des n\u00e9gociations salariales.","breadcrumb":{"@id":"https:\/\/www.organisator.ch\/management\/2022-05-23\/baumeister-erhoehen-loehne-auch-ohne-kollektivvereinbarung\/#breadcrumb"},"inLanguage":"fr-FR","potentialAction":[{"@type":"ReadAction","target":["https:\/\/www.organisator.ch\/management\/2022-05-23\/baumeister-erhoehen-loehne-auch-ohne-kollektivvereinbarung\/"]}]},{"@type":"ImageObject","inLanguage":"fr-FR","@id":"https:\/\/www.organisator.ch\/management\/2022-05-23\/baumeister-erhoehen-loehne-auch-ohne-kollektivvereinbarung\/#primaryimage","url":"https:\/\/www.organisator.ch\/wp-content\/uploads\/2022\/05\/Baumeister-erhoehen-Loehne-auch-ohne-Kollektivvereinbarung_Organisator.jpg","contentUrl":"https:\/\/www.organisator.ch\/wp-content\/uploads\/2022\/05\/Baumeister-erhoehen-Loehne-auch-ohne-Kollektivvereinbarung_Organisator.jpg","width":680,"height":400,"caption":"Die Bauarbeiterinnen und Bauarbeiter des Bauhauptgewerbes erhalten 2022 durchschnittlich 6'204 Franken im Monat beziehungsweise 80'652 Franken im Jahr. Die L\u00f6hne des Baustellenpersonals sind um 1,5% gegen\u00fcber 2021 gestiegen. (Grafik: obs\/SBV Schweiz. Baumeisterverband)"},{"@type":"BreadcrumbList","@id":"https:\/\/www.organisator.ch\/management\/2022-05-23\/baumeister-erhoehen-loehne-auch-ohne-kollektivvereinbarung\/#breadcrumb","itemListElement":[{"@type":"ListItem","position":1,"name":"Home","item":"https:\/\/www.organisator.ch\/"},{"@type":"ListItem","position":2,"name":"Baumeister erh\u00f6hen L\u00f6hne auch ohne Kollektivvereinbarung"}]},{"@type":"WebSite","@id":"https:\/\/www.organisator.ch\/#website","url":"https:\/\/www.organisator.ch\/","name":"Organisateur","description":"Comp\u00e9tence et comp\u00e9tence. Proches de la pratique. L'ORGANISATEUR pr\u00e9pare 10 num\u00e9ros par an sur les th\u00e8mes essentiels pour les dirigeants de PME.","publisher":{"@id":"https:\/\/www.organisator.ch\/#organization"},"potentialAction":[{"@type":"SearchAction","target":{"@type":"EntryPoint","urlTemplate":"https:\/\/www.organisator.ch\/?s={search_term_string}"},"query-input":{"@type":"PropertyValueSpecification","valueRequired":true,"valueName":"search_term_string"}}],"inLanguage":"fr-FR"},{"@type":"Organization","@id":"https:\/\/www.organisator.ch\/#organization","name":"Organisateur","url":"https:\/\/www.organisator.ch\/","logo":{"@type":"ImageObject","inLanguage":"fr-FR","@id":"https:\/\/www.organisator.ch\/#\/schema\/logo\/image\/","url":"https:\/\/www.organisator.ch\/wp-content\/uploads\/2022\/01\/Logo_Organisator_Website.png","contentUrl":"https:\/\/www.organisator.ch\/wp-content\/uploads\/2022\/01\/Logo_Organisator_Website.png","width":800,"height":77,"caption":"Organisator"},"image":{"@id":"https:\/\/www.organisator.ch\/#\/schema\/logo\/image\/"},"sameAs":["https:\/\/www.facebook.com\/OrganisatorFachmagazin","https:\/\/www.linkedin.com\/showcase\/organisator-das-magazin-fr-kmu","https:\/\/www.xing.com\/news\/pages\/organisator-ch-695","https:\/\/www.youtube.com\/channel\/UCGP2Sq0iWaZwT3BdIAQFYpw"]},{"@type":"Person","@id":"https:\/\/www.organisator.ch\/#\/schema\/person\/6f650f90b2842cd4c0cc334b4e36f67e","name":"thomas.berner","image":{"@type":"ImageObject","inLanguage":"fr-FR","@id":"https:\/\/secure.gravatar.com\/avatar\/ac5001d2a36cb6c6cd3e50789007ffca834b477b74a2144564522e944eabff61?s=96&d=mm&r=g","url":"https:\/\/secure.gravatar.com\/avatar\/ac5001d2a36cb6c6cd3e50789007ffca834b477b74a2144564522e944eabff61?s=96&d=mm&r=g","contentUrl":"https:\/\/secure.gravatar.com\/avatar\/ac5001d2a36cb6c6cd3e50789007ffca834b477b74a2144564522e944eabff61?s=96&d=mm&r=g","caption":"thomas.berner"},"url":"https:\/\/www.organisator.ch\/fr\/author\/thomas-berner\/"}]}},"_links":{"self":[{"href":"https:\/\/www.organisator.ch\/fr\/wp-json\/wp\/v2\/posts\/12980","targetHints":{"allow":["GET"]}}],"collection":[{"href":"https:\/\/www.organisator.ch\/fr\/wp-json\/wp\/v2\/posts"}],"about":[{"href":"https:\/\/www.organisator.ch\/fr\/wp-json\/wp\/v2\/types\/post"}],"author":[{"embeddable":true,"href":"https:\/\/www.organisator.ch\/fr\/wp-json\/wp\/v2\/users\/4"}],"replies":[{"embeddable":true,"href":"https:\/\/www.organisator.ch\/fr\/wp-json\/wp\/v2\/comments?post=12980"}],"version-history":[{"count":1,"href":"https:\/\/www.organisator.ch\/fr\/wp-json\/wp\/v2\/posts\/12980\/revisions"}],"predecessor-version":[{"id":12982,"href":"https:\/\/www.organisator.ch\/fr\/wp-json\/wp\/v2\/posts\/12980\/revisions\/12982"}],"wp:featuredmedia":[{"embeddable":true,"href":"https:\/\/www.organisator.ch\/fr\/wp-json\/wp\/v2\/media\/12981"}],"wp:attachment":[{"href":"https:\/\/www.organisator.ch\/fr\/wp-json\/wp\/v2\/media?parent=12980"}],"wp:term":[{"taxonomy":"category","embeddable":true,"href":"https:\/\/www.organisator.ch\/fr\/wp-json\/wp\/v2\/categories?post=12980"},{"taxonomy":"post_tag","embeddable":true,"href":"https:\/\/www.organisator.ch\/fr\/wp-json\/wp\/v2\/tags?post=12980"}],"curies":[{"name":"wp","href":"https:\/\/api.w.org\/{rel}","templated":true}]}}