{"id":13000,"date":"2022-05-24T11:56:45","date_gmt":"2022-05-24T09:56:45","guid":{"rendered":"https:\/\/www.m-q.ch\/?p=16379"},"modified":"2022-07-30T16:07:34","modified_gmt":"2022-07-30T14:07:34","slug":"luftqualitaet-in-innenraeumen-fuenf-gruende-fuer-mehr-transparenz","status":"publish","type":"post","link":"https:\/\/www.organisator.ch\/fr\/operational-excellence\/2022-05-24\/luftqualitaet-in-innenraeumen-fuenf-gruende-fuer-mehr-transparenz\/","title":{"rendered":"Qualit\u00e9 de l'air int\u00e9rieur : cinq raisons pour plus de transparence"},"content":{"rendered":"<figure id=\"attachment_16380\" class=\"wp-caption alignnone\" style=\"width: 680px\" aria-describedby=\"caption-attachment-16380\"><img class=\"alignnone wp-image-16380 size-full\" src=\"https:\/\/www.m-q.ch\/wp-content\/uploads\/2022\/05\/Luftqualitaet-in-Innenraeumen-Fuenf-Gruende-fuer-mehr-Transparenz_MQ.jpg\" alt=\"Qualit\u00e9 de l&#039;air\" width=\"680\" height=\"453\" \/><figcaption id=\"caption-attachment-16380\" class=\"wp-caption-text\">Ce n'est pas seulement dans le contexte du coronavirus que la qualit\u00e9 de l'air int\u00e9rieur a fait l'objet d'une attention croissante. L'air ambiant a \u00e9galement une influence mesurable sur les performances des personnes. Avec les bonnes solutions, la qualit\u00e9 de l'air peut \u00eatre surveill\u00e9e de mani\u00e8re ad\u00e9quate. (Image : Pixabay.com)<\/figcaption><\/figure>\r\nLa qualit\u00e9 de l'air int\u00e9rieur est importante pour toute une s\u00e9rie de raisons : elle concerne l'efficacit\u00e9 du travail des collaborateurs et leur satisfaction au travail, l'utilisation de bureaux et de salles de conf\u00e9rence co\u00fbteux, l'extension des possibilit\u00e9s de contr\u00f4le pour le Facility Management en mati\u00e8re de technique de ventilation et de climatisation et, enfin, l'optimisation des co\u00fbts \u00e9nerg\u00e9tiques. Partout o\u00f9 des personnes se rencontrent dans des espaces ferm\u00e9s, la <a href=\"https:\/\/www.m-q.ch\/de\/schlecht-gelueftet-hoehere-ansteckung\/\">Puret\u00e9 de l'air<\/a> est un sujet sensible. Cela concerne en premier lieu les lieux de travail, mais aussi d'autres locaux, par exemple dans les cr\u00e8ches, les \u00e9coles ou les universit\u00e9s.\r\n<h3>Mesurer la qualit\u00e9 de l'air int\u00e9rieur<\/h3>\r\nLa technologie de mesure de l'air ambiant est d\u00e9sormais facile \u00e0 installer et \u00e0 utiliser, robuste et efficace dans son fonctionnement, sans oublier son co\u00fbt avantageux. Les capteurs sont simplement coll\u00e9s dans la pi\u00e8ce concern\u00e9e par plug-and-play et reli\u00e9s \u00e0 un cloud propre via un r\u00e9seau s\u00e9par\u00e9, ind\u00e9pendant du WLAN normal (LORA-WAN) et une passerelle. Les valeurs inject\u00e9es y sont trait\u00e9es et peuvent \u00eatre consult\u00e9es et lues \u00e0 tout moment via un tableau de bord en ligne. Pour l'essentiel, les cinq effets positifs suivants peuvent en \u00eatre tir\u00e9s.\r\n<h3><strong>1. augmentation du bien-\u00eatre et de la performance<\/strong><\/h3>\r\nLes personnes ont besoin d'une qualit\u00e9 d'air ambiant ad\u00e9quate pour pouvoir se concentrer sur leur apprentissage et leur travail. Celle-ci a une influence mesurable sur leur performance au travail. Une mauvaise qualit\u00e9 de l'air int\u00e9rieur entra\u00eene de la fatigue, un manque de concentration, voire des maux de t\u00eate. Les capteurs permettent de d\u00e9terminer les param\u00e8tres d\u00e9terminants tels que le dioxyde de carbone (CO<sub>2<\/sub>), la temp\u00e9rature, l'humidit\u00e9 et les compos\u00e9s organiques volatils (COV). Ainsi, la simple mesure du CO<sub>2<\/sub>-et l'humidit\u00e9 de l'air ambiant, on peut en d\u00e9duire la teneur en germes et en a\u00e9rosols. En principe, d'autres param\u00e8tres tels que les poussi\u00e8res fines, le radon ou le monoxyde de carbone peuvent \u00eatre mesur\u00e9s par capteur si n\u00e9cessaire.\r\n<h3><strong>2. mesure anonyme de l'occupation<\/strong><\/h3>\r\nGr\u00e2ce \u00e0 la mesure de ces valeurs actuelles, les d\u00e9passements des valeurs limites sont enregistr\u00e9s de mani\u00e8re fiable et rendus transparents en temps r\u00e9el. De plus, il est ainsi possible de mesurer l'occupation d'une pi\u00e8ce, c'est-\u00e0-dire le nombre de personnes qui s'y trouvent, de mani\u00e8re anonyme et sans avoir recours \u00e0 des cam\u00e9ras de surveillance. Il est ainsi possible de constater de mani\u00e8re fiable, par exemple, une suroccupation actuelle ou un d\u00e9passement chronique ou non des limites d'occupation, sans devoir saisir de donn\u00e9es personnelles.\r\n<h3><strong>3. les valeurs actuelles comme instructions d'action<\/strong><\/h3>\r\nLes valeurs mesur\u00e9es peuvent \u00eatre mises directement \u00e0 la disposition des personnes concern\u00e9es et servir de consignes d'action. Pour ce faire, elles sont tout simplement affich\u00e9es directement dans la pi\u00e8ce concern\u00e9e par une lumi\u00e8re color\u00e9e, comme un signal de feu tricolore. Les valeurs sont en outre transmises par la gestion des appareils via un r\u00e9seau s\u00e9par\u00e9 dans un cloud propre. Elles y sont trait\u00e9es, analys\u00e9es, compar\u00e9es et mises \u00e0 disposition via un tableau de bord en ligne. Ainsi, outre les personnes directement concern\u00e9es, d'autres personnes autoris\u00e9es, comme les cadres ou les techniciens de la climatisation, y ont \u00e9galement acc\u00e8s.\r\n<h3><strong>4. r\u00e9duction des co\u00fbts \u00e9nerg\u00e9tiques<\/strong><\/h3>\r\nGr\u00e2ce aux instructions d'action bas\u00e9es sur des mesures actuelles, l'a\u00e9ration peut \u00eatre beaucoup plus cibl\u00e9e et efficace - avec pour r\u00e9sultat une meilleure efficacit\u00e9 \u00e9nerg\u00e9tique et des co\u00fbts plus faibles. C'est un aspect important pour les entreprises, surtout en p\u00e9riode de forte augmentation des prix de l'\u00e9nergie. Et en plus, le potentiel de conflit latent dans de nombreux bureaux entre les \"fanatiques de l'air frais\" et les \"amoureux de la chaleur\" dispara\u00eet, car l'a\u00e9ration se fait d\u00e9sormais sur la base de valeurs neutres.\r\n<h3><strong>5. gestion efficace des installations<\/strong><\/h3>\r\nPour le Facility Management, les valeurs de qualit\u00e9 de l'air constituent la base d'une gestion efficace des techniques de chauffage, de ventilation et de climatisation. Ces options d'optimisation servent \u00e9galement \u00e0 augmenter l'efficacit\u00e9 \u00e9nerg\u00e9tique et \u00e0 r\u00e9duire les co\u00fbts d'exploitation. En outre, il est m\u00eame possible d'\u00e9tablir un lien avec des syst\u00e8mes d'alarme, car la pression diff\u00e9rentielle entre diff\u00e9rentes pi\u00e8ces fournit des informations sur le flux d'air dans le b\u00e2timent et permet de d\u00e9tecter des valeurs anormales.\r\n\r\n<em>Source : <a href=\"http:\/\/www.leanbi.ch\/\">www.leanbi.ch<\/a>. LeanBI, dont le si\u00e8ge est \u00e0 Berne, est un sp\u00e9cialiste suisse des applications de science des donn\u00e9es qui d\u00e9veloppe des solutions d'analyse de donn\u00e9es sur mesure bas\u00e9es sur l'intelligence artificielle. Ces applications couvrent des domaines tels que l'optimisation de la qualit\u00e9 et des processus, la d\u00e9tection automatis\u00e9e des dommages sur les infrastructures ou encore l'analyse de la qualit\u00e9 de l'air et du comportement des utilisateurs dans les locaux.<\/em> <strong><u>\u200b<\/u><\/strong>\n<p class=\"syndicated-attribution\">Cet article est paru initialement sur m-q.ch - <a href=\"https:\/\/www.m-q.ch\/de\/luftqualitaet-in-innenraeumen-fuenf-gruende-fuer-mehr-transparenz\/\" target=\"_blank\">https:\/\/www.m-q.ch\/de\/luftqualitaet-in-innenraeumen-fuenf-gruende-fuer-mehr-transparenz\/<\/a><\/p>","protected":false},"excerpt":{"rendered":"<p>Die Luftqualit\u00e4t in Innenr\u00e4umen ist aus einer ganzen Reihe von Gr\u00fcnden wichtig: Sie betrifft die Arbeitseffizienz der Mitarbeiter und deren Arbeitszufriedenheit, die Auslastung teurer B\u00fcro- und Konferenzr\u00e4ume, die Erweiterung der Steuerungsm\u00f6glichkeiten f\u00fcr das Facility Management bei der L\u00fcftungs- und Klimatisierungstechnik und nicht zuletzt die Optimierung von Energiekosten. \u00dcberall dort, wo sich Menschen in geschlossenen R\u00e4umen [\u2026]<\/p>\n","protected":false},"author":8,"featured_media":0,"comment_status":"closed","ping_status":"closed","sticky":false,"template":"","format":"standard","meta":{"_acf_changed":false,"_yoast_wpseo_focuskw":"Luftqualit\u00e4t","_yoast_wpseo_metadesc":"Das Thema der Luftqualit\u00e4t in Innenr\u00e4umen ist aktueller denn je. Clevere Sensorik und Cloud-Technologie k\u00f6nnen helfen, die Luftqualit\u00e4t transparenter zu machen und so eine ganze Reihe positiver Effekte zu erzielen.","articlekey":"","footnotes":""},"categories":[582],"tags":[2889,2890,3144,1649,2320],"class_list":["post-13000","post","type-post","status-publish","format-standard","hentry","category-operational-excellence","tag-facility-managment","tag-gesundheit-am-arbeitsplatz","tag-innenraeumen","tag-luftqualitaet","tag-transparenz"],"acf":[],"yoast_head":"<!-- This site is optimized with the Yoast SEO plugin v27.5 - https:\/\/yoast.com\/product\/yoast-seo-wordpress\/ -->\n<title>Luftqualit\u00e4t in Innenr\u00e4umen: F\u00fcnf Gr\u00fcnde f\u00fcr mehr Transparenz - Organisator<\/title>\n<meta name=\"description\" content=\"Das Thema der Luftqualit\u00e4t in Innenr\u00e4umen ist aktueller denn je. Clevere Sensorik und Cloud-Technologie k\u00f6nnen helfen, die Luftqualit\u00e4t transparenter zu machen und so eine ganze Reihe positiver Effekte zu erzielen.\" \/>\n<meta name=\"robots\" content=\"index, follow, max-snippet:-1, max-image-preview:large, max-video-preview:-1\" \/>\n<link rel=\"canonical\" href=\"https:\/\/www.m-q.ch\/de\/luftqualitaet-in-innenraeumen-fuenf-gruende-fuer-mehr-transparenz\/\" \/>\n<meta property=\"og:locale\" content=\"fr_FR\" \/>\n<meta property=\"og:type\" content=\"article\" \/>\n<meta property=\"og:title\" content=\"Luftqualit\u00e4t in Innenr\u00e4umen: F\u00fcnf Gr\u00fcnde f\u00fcr mehr Transparenz - Organisator\" \/>\n<meta property=\"og:description\" content=\"Das Thema der Luftqualit\u00e4t in Innenr\u00e4umen ist aktueller denn je. Clevere Sensorik und Cloud-Technologie k\u00f6nnen helfen, die Luftqualit\u00e4t transparenter zu machen und so eine ganze Reihe positiver Effekte zu erzielen.\" \/>\n<meta property=\"og:url\" content=\"https:\/\/www.m-q.ch\/de\/luftqualitaet-in-innenraeumen-fuenf-gruende-fuer-mehr-transparenz\/\" \/>\n<meta property=\"og:site_name\" content=\"Organisator\" \/>\n<meta property=\"article:publisher\" content=\"https:\/\/www.facebook.com\/OrganisatorFachmagazin\" \/>\n<meta property=\"article:published_time\" content=\"2022-05-24T09:56:45+00:00\" \/>\n<meta property=\"article:modified_time\" content=\"2022-07-30T14:07:34+00:00\" \/>\n<meta property=\"og:image\" content=\"https:\/\/www.m-q.ch\/wp-content\/uploads\/2022\/05\/Luftqualitaet-in-Innenraeumen-Fuenf-Gruende-fuer-mehr-Transparenz_MQ.jpg\" \/>\n<meta name=\"author\" content=\"galledia\" \/>\n<meta name=\"twitter:card\" content=\"summary_large_image\" \/>\n<meta name=\"twitter:creator\" content=\"@admin\" \/>\n<script type=\"application\/ld+json\" class=\"yoast-schema-graph\">{\"@context\":\"https:\\\/\\\/schema.org\",\"@graph\":[{\"@type\":\"Article\",\"@id\":\"https:\\\/\\\/www.m-q.ch\\\/de\\\/luftqualitaet-in-innenraeumen-fuenf-gruende-fuer-mehr-transparenz\\\/#article\",\"isPartOf\":{\"@id\":\"https:\\\/\\\/www.organisator.ch\\\/operational-excellence\\\/2022-05-24\\\/luftqualitaet-in-innenraeumen-fuenf-gruende-fuer-mehr-transparenz\\\/\"},\"author\":{\"name\":\"galledia\",\"@id\":\"https:\\\/\\\/www.organisator.ch\\\/#\\\/schema\\\/person\\\/4e51799071cd2dd1232ac003643ef5f0\"},\"headline\":\"Luftqualit\u00e4t in Innenr\u00e4umen: F\u00fcnf Gr\u00fcnde f\u00fcr mehr Transparenz\",\"datePublished\":\"2022-05-24T09:56:45+00:00\",\"dateModified\":\"2022-07-30T14:07:34+00:00\",\"mainEntityOfPage\":{\"@id\":\"https:\\\/\\\/www.organisator.ch\\\/operational-excellence\\\/2022-05-24\\\/luftqualitaet-in-innenraeumen-fuenf-gruende-fuer-mehr-transparenz\\\/\"},\"wordCount\":695,\"publisher\":{\"@id\":\"https:\\\/\\\/www.organisator.ch\\\/#organization\"},\"image\":{\"@id\":\"https:\\\/\\\/www.m-q.ch\\\/de\\\/luftqualitaet-in-innenraeumen-fuenf-gruende-fuer-mehr-transparenz\\\/#primaryimage\"},\"thumbnailUrl\":\"https:\\\/\\\/www.m-q.ch\\\/wp-content\\\/uploads\\\/2022\\\/05\\\/Luftqualitaet-in-Innenraeumen-Fuenf-Gruende-fuer-mehr-Transparenz_MQ.jpg\",\"keywords\":[\"Facility Managment\",\"Gesundheit am Arbeitsplatz\",\"Innenr\u00e4umen\",\"Luftqualit\u00e4t\",\"Transparenz\"],\"articleSection\":[\"OPERATIONAL EXCELLENCE\"],\"inLanguage\":\"fr-FR\"},{\"@type\":\"WebPage\",\"@id\":\"https:\\\/\\\/www.organisator.ch\\\/operational-excellence\\\/2022-05-24\\\/luftqualitaet-in-innenraeumen-fuenf-gruende-fuer-mehr-transparenz\\\/\",\"url\":\"https:\\\/\\\/www.m-q.ch\\\/de\\\/luftqualitaet-in-innenraeumen-fuenf-gruende-fuer-mehr-transparenz\\\/\",\"name\":\"Luftqualit\u00e4t in Innenr\u00e4umen: F\u00fcnf Gr\u00fcnde f\u00fcr mehr Transparenz - Organisator\",\"isPartOf\":{\"@id\":\"https:\\\/\\\/www.organisator.ch\\\/#website\"},\"primaryImageOfPage\":{\"@id\":\"https:\\\/\\\/www.m-q.ch\\\/de\\\/luftqualitaet-in-innenraeumen-fuenf-gruende-fuer-mehr-transparenz\\\/#primaryimage\"},\"image\":{\"@id\":\"https:\\\/\\\/www.m-q.ch\\\/de\\\/luftqualitaet-in-innenraeumen-fuenf-gruende-fuer-mehr-transparenz\\\/#primaryimage\"},\"thumbnailUrl\":\"https:\\\/\\\/www.m-q.ch\\\/wp-content\\\/uploads\\\/2022\\\/05\\\/Luftqualitaet-in-Innenraeumen-Fuenf-Gruende-fuer-mehr-Transparenz_MQ.jpg\",\"datePublished\":\"2022-05-24T09:56:45+00:00\",\"dateModified\":\"2022-07-30T14:07:34+00:00\",\"description\":\"Das Thema der Luftqualit\u00e4t in Innenr\u00e4umen ist aktueller denn je. Clevere Sensorik und Cloud-Technologie k\u00f6nnen helfen, die Luftqualit\u00e4t transparenter zu machen und so eine ganze Reihe positiver Effekte zu erzielen.\",\"breadcrumb\":{\"@id\":\"https:\\\/\\\/www.m-q.ch\\\/de\\\/luftqualitaet-in-innenraeumen-fuenf-gruende-fuer-mehr-transparenz\\\/#breadcrumb\"},\"inLanguage\":\"fr-FR\",\"potentialAction\":[{\"@type\":\"ReadAction\",\"target\":[\"https:\\\/\\\/www.m-q.ch\\\/de\\\/luftqualitaet-in-innenraeumen-fuenf-gruende-fuer-mehr-transparenz\\\/\"]}]},{\"@type\":\"ImageObject\",\"inLanguage\":\"fr-FR\",\"@id\":\"https:\\\/\\\/www.m-q.ch\\\/de\\\/luftqualitaet-in-innenraeumen-fuenf-gruende-fuer-mehr-transparenz\\\/#primaryimage\",\"url\":\"https:\\\/\\\/www.m-q.ch\\\/wp-content\\\/uploads\\\/2022\\\/05\\\/Luftqualitaet-in-Innenraeumen-Fuenf-Gruende-fuer-mehr-Transparenz_MQ.jpg\",\"contentUrl\":\"https:\\\/\\\/www.m-q.ch\\\/wp-content\\\/uploads\\\/2022\\\/05\\\/Luftqualitaet-in-Innenraeumen-Fuenf-Gruende-fuer-mehr-Transparenz_MQ.jpg\"},{\"@type\":\"BreadcrumbList\",\"@id\":\"https:\\\/\\\/www.m-q.ch\\\/de\\\/luftqualitaet-in-innenraeumen-fuenf-gruende-fuer-mehr-transparenz\\\/#breadcrumb\",\"itemListElement\":[{\"@type\":\"ListItem\",\"position\":1,\"name\":\"Home\",\"item\":\"https:\\\/\\\/www.organisator.ch\\\/\"},{\"@type\":\"ListItem\",\"position\":2,\"name\":\"Luftqualit\u00e4t in Innenr\u00e4umen: F\u00fcnf Gr\u00fcnde f\u00fcr mehr Transparenz\"}]},{\"@type\":\"WebSite\",\"@id\":\"https:\\\/\\\/www.organisator.ch\\\/#website\",\"url\":\"https:\\\/\\\/www.organisator.ch\\\/\",\"name\":\"Organisator\",\"description\":\"Kompetent. Praxisnah. Der ORGANISATOR bereitet in 10 Ausgaben pro Jahr die wesentlichen Themen f\u00fcr F\u00fchrungskr\u00e4fte von KMU auf.\",\"publisher\":{\"@id\":\"https:\\\/\\\/www.organisator.ch\\\/#organization\"},\"potentialAction\":[{\"@type\":\"SearchAction\",\"target\":{\"@type\":\"EntryPoint\",\"urlTemplate\":\"https:\\\/\\\/www.organisator.ch\\\/?s={search_term_string}\"},\"query-input\":{\"@type\":\"PropertyValueSpecification\",\"valueRequired\":true,\"valueName\":\"search_term_string\"}}],\"inLanguage\":\"fr-FR\"},{\"@type\":\"Organization\",\"@id\":\"https:\\\/\\\/www.organisator.ch\\\/#organization\",\"name\":\"Organisator\",\"url\":\"https:\\\/\\\/www.organisator.ch\\\/\",\"logo\":{\"@type\":\"ImageObject\",\"inLanguage\":\"fr-FR\",\"@id\":\"https:\\\/\\\/www.organisator.ch\\\/#\\\/schema\\\/logo\\\/image\\\/\",\"url\":\"https:\\\/\\\/www.organisator.ch\\\/wp-content\\\/uploads\\\/2022\\\/01\\\/Logo_Organisator_Website.png\",\"contentUrl\":\"https:\\\/\\\/www.organisator.ch\\\/wp-content\\\/uploads\\\/2022\\\/01\\\/Logo_Organisator_Website.png\",\"width\":800,\"height\":77,\"caption\":\"Organisator\"},\"image\":{\"@id\":\"https:\\\/\\\/www.organisator.ch\\\/#\\\/schema\\\/logo\\\/image\\\/\"},\"sameAs\":[\"https:\\\/\\\/www.facebook.com\\\/OrganisatorFachmagazin\",\"https:\\\/\\\/www.linkedin.com\\\/showcase\\\/organisator-das-magazin-fr-kmu\",\"https:\\\/\\\/www.xing.com\\\/news\\\/pages\\\/organisator-ch-695\",\"https:\\\/\\\/www.youtube.com\\\/channel\\\/UCGP2Sq0iWaZwT3BdIAQFYpw\"]},{\"@type\":\"Person\",\"@id\":\"https:\\\/\\\/www.organisator.ch\\\/#\\\/schema\\\/person\\\/4e51799071cd2dd1232ac003643ef5f0\",\"name\":\"galledia\",\"image\":{\"@type\":\"ImageObject\",\"inLanguage\":\"fr-FR\",\"@id\":\"https:\\\/\\\/secure.gravatar.com\\\/avatar\\\/78a7f90c01fc2bfc875782a0d4922b37cde2cf184ce347b91316d23cd7f69a36?s=96&d=mm&r=g\",\"url\":\"https:\\\/\\\/secure.gravatar.com\\\/avatar\\\/78a7f90c01fc2bfc875782a0d4922b37cde2cf184ce347b91316d23cd7f69a36?s=96&d=mm&r=g\",\"contentUrl\":\"https:\\\/\\\/secure.gravatar.com\\\/avatar\\\/78a7f90c01fc2bfc875782a0d4922b37cde2cf184ce347b91316d23cd7f69a36?s=96&d=mm&r=g\",\"caption\":\"galledia\"},\"sameAs\":[\"https:\\\/\\\/x.com\\\/admin\"],\"url\":\"https:\\\/\\\/www.organisator.ch\\\/fr\\\/author\\\/galledia\\\/\"}]}<\/script>\n<!-- \/ Yoast SEO plugin. -->","yoast_head_json":{"title":"Qualit\u00e9 de l'air int\u00e9rieur : cinq raisons pour plus de transparence - Organisateur","description":"Le th\u00e8me de la qualit\u00e9 de l'air int\u00e9rieur est plus que jamais d'actualit\u00e9. Des capteurs intelligents et la technologie cloud peuvent aider \u00e0 rendre la qualit\u00e9 de l'air plus transparente et \u00e0 obtenir ainsi toute une s\u00e9rie d'effets positifs.","robots":{"index":"index","follow":"follow","max-snippet":"max-snippet:-1","max-image-preview":"max-image-preview:large","max-video-preview":"max-video-preview:-1"},"canonical":"https:\/\/www.m-q.ch\/de\/luftqualitaet-in-innenraeumen-fuenf-gruende-fuer-mehr-transparenz\/","og_locale":"fr_FR","og_type":"article","og_title":"Luftqualit\u00e4t in Innenr\u00e4umen: F\u00fcnf Gr\u00fcnde f\u00fcr mehr Transparenz - Organisator","og_description":"Das Thema der Luftqualit\u00e4t in Innenr\u00e4umen ist aktueller denn je. Clevere Sensorik und Cloud-Technologie k\u00f6nnen helfen, die Luftqualit\u00e4t transparenter zu machen und so eine ganze Reihe positiver Effekte zu erzielen.","og_url":"https:\/\/www.m-q.ch\/de\/luftqualitaet-in-innenraeumen-fuenf-gruende-fuer-mehr-transparenz\/","og_site_name":"Organisator","article_publisher":"https:\/\/www.facebook.com\/OrganisatorFachmagazin","article_published_time":"2022-05-24T09:56:45+00:00","article_modified_time":"2022-07-30T14:07:34+00:00","og_image":[{"url":"https:\/\/www.m-q.ch\/wp-content\/uploads\/2022\/05\/Luftqualitaet-in-Innenraeumen-Fuenf-Gruende-fuer-mehr-Transparenz_MQ.jpg","type":"","width":"","height":""}],"author":"galledia","twitter_card":"summary_large_image","twitter_creator":"@admin","schema":{"@context":"https:\/\/schema.org","@graph":[{"@type":"Article","@id":"https:\/\/www.m-q.ch\/de\/luftqualitaet-in-innenraeumen-fuenf-gruende-fuer-mehr-transparenz\/#article","isPartOf":{"@id":"https:\/\/www.organisator.ch\/operational-excellence\/2022-05-24\/luftqualitaet-in-innenraeumen-fuenf-gruende-fuer-mehr-transparenz\/"},"author":{"name":"galledia","@id":"https:\/\/www.organisator.ch\/#\/schema\/person\/4e51799071cd2dd1232ac003643ef5f0"},"headline":"Luftqualit\u00e4t in Innenr\u00e4umen: F\u00fcnf Gr\u00fcnde f\u00fcr mehr Transparenz","datePublished":"2022-05-24T09:56:45+00:00","dateModified":"2022-07-30T14:07:34+00:00","mainEntityOfPage":{"@id":"https:\/\/www.organisator.ch\/operational-excellence\/2022-05-24\/luftqualitaet-in-innenraeumen-fuenf-gruende-fuer-mehr-transparenz\/"},"wordCount":695,"publisher":{"@id":"https:\/\/www.organisator.ch\/#organization"},"image":{"@id":"https:\/\/www.m-q.ch\/de\/luftqualitaet-in-innenraeumen-fuenf-gruende-fuer-mehr-transparenz\/#primaryimage"},"thumbnailUrl":"https:\/\/www.m-q.ch\/wp-content\/uploads\/2022\/05\/Luftqualitaet-in-Innenraeumen-Fuenf-Gruende-fuer-mehr-Transparenz_MQ.jpg","keywords":["Facility Managment","Gesundheit am Arbeitsplatz","Innenr\u00e4umen","Luftqualit\u00e4t","Transparenz"],"articleSection":["OPERATIONAL EXCELLENCE"],"inLanguage":"fr-FR"},{"@type":"WebPage","@id":"https:\/\/www.organisator.ch\/operational-excellence\/2022-05-24\/luftqualitaet-in-innenraeumen-fuenf-gruende-fuer-mehr-transparenz\/","url":"https:\/\/www.m-q.ch\/de\/luftqualitaet-in-innenraeumen-fuenf-gruende-fuer-mehr-transparenz\/","name":"Qualit\u00e9 de l'air int\u00e9rieur : cinq raisons pour plus de transparence - Organisateur","isPartOf":{"@id":"https:\/\/www.organisator.ch\/#website"},"primaryImageOfPage":{"@id":"https:\/\/www.m-q.ch\/de\/luftqualitaet-in-innenraeumen-fuenf-gruende-fuer-mehr-transparenz\/#primaryimage"},"image":{"@id":"https:\/\/www.m-q.ch\/de\/luftqualitaet-in-innenraeumen-fuenf-gruende-fuer-mehr-transparenz\/#primaryimage"},"thumbnailUrl":"https:\/\/www.m-q.ch\/wp-content\/uploads\/2022\/05\/Luftqualitaet-in-Innenraeumen-Fuenf-Gruende-fuer-mehr-Transparenz_MQ.jpg","datePublished":"2022-05-24T09:56:45+00:00","dateModified":"2022-07-30T14:07:34+00:00","description":"Le th\u00e8me de la qualit\u00e9 de l'air int\u00e9rieur est plus que jamais d'actualit\u00e9. Des capteurs intelligents et la technologie cloud peuvent aider \u00e0 rendre la qualit\u00e9 de l'air plus transparente et \u00e0 obtenir ainsi toute une s\u00e9rie d'effets positifs.","breadcrumb":{"@id":"https:\/\/www.m-q.ch\/de\/luftqualitaet-in-innenraeumen-fuenf-gruende-fuer-mehr-transparenz\/#breadcrumb"},"inLanguage":"fr-FR","potentialAction":[{"@type":"ReadAction","target":["https:\/\/www.m-q.ch\/de\/luftqualitaet-in-innenraeumen-fuenf-gruende-fuer-mehr-transparenz\/"]}]},{"@type":"ImageObject","inLanguage":"fr-FR","@id":"https:\/\/www.m-q.ch\/de\/luftqualitaet-in-innenraeumen-fuenf-gruende-fuer-mehr-transparenz\/#primaryimage","url":"https:\/\/www.m-q.ch\/wp-content\/uploads\/2022\/05\/Luftqualitaet-in-Innenraeumen-Fuenf-Gruende-fuer-mehr-Transparenz_MQ.jpg","contentUrl":"https:\/\/www.m-q.ch\/wp-content\/uploads\/2022\/05\/Luftqualitaet-in-Innenraeumen-Fuenf-Gruende-fuer-mehr-Transparenz_MQ.jpg"},{"@type":"BreadcrumbList","@id":"https:\/\/www.m-q.ch\/de\/luftqualitaet-in-innenraeumen-fuenf-gruende-fuer-mehr-transparenz\/#breadcrumb","itemListElement":[{"@type":"ListItem","position":1,"name":"Home","item":"https:\/\/www.organisator.ch\/"},{"@type":"ListItem","position":2,"name":"Luftqualit\u00e4t in Innenr\u00e4umen: F\u00fcnf Gr\u00fcnde f\u00fcr mehr Transparenz"}]},{"@type":"WebSite","@id":"https:\/\/www.organisator.ch\/#website","url":"https:\/\/www.organisator.ch\/","name":"Organisateur","description":"Comp\u00e9tence et comp\u00e9tence. Proches de la pratique. L'ORGANISATEUR pr\u00e9pare 10 num\u00e9ros par an sur les th\u00e8mes essentiels pour les dirigeants de PME.","publisher":{"@id":"https:\/\/www.organisator.ch\/#organization"},"potentialAction":[{"@type":"SearchAction","target":{"@type":"EntryPoint","urlTemplate":"https:\/\/www.organisator.ch\/?s={search_term_string}"},"query-input":{"@type":"PropertyValueSpecification","valueRequired":true,"valueName":"search_term_string"}}],"inLanguage":"fr-FR"},{"@type":"Organization","@id":"https:\/\/www.organisator.ch\/#organization","name":"Organisateur","url":"https:\/\/www.organisator.ch\/","logo":{"@type":"ImageObject","inLanguage":"fr-FR","@id":"https:\/\/www.organisator.ch\/#\/schema\/logo\/image\/","url":"https:\/\/www.organisator.ch\/wp-content\/uploads\/2022\/01\/Logo_Organisator_Website.png","contentUrl":"https:\/\/www.organisator.ch\/wp-content\/uploads\/2022\/01\/Logo_Organisator_Website.png","width":800,"height":77,"caption":"Organisator"},"image":{"@id":"https:\/\/www.organisator.ch\/#\/schema\/logo\/image\/"},"sameAs":["https:\/\/www.facebook.com\/OrganisatorFachmagazin","https:\/\/www.linkedin.com\/showcase\/organisator-das-magazin-fr-kmu","https:\/\/www.xing.com\/news\/pages\/organisator-ch-695","https:\/\/www.youtube.com\/channel\/UCGP2Sq0iWaZwT3BdIAQFYpw"]},{"@type":"Person","@id":"https:\/\/www.organisator.ch\/#\/schema\/person\/4e51799071cd2dd1232ac003643ef5f0","name":"galledia","image":{"@type":"ImageObject","inLanguage":"fr-FR","@id":"https:\/\/secure.gravatar.com\/avatar\/78a7f90c01fc2bfc875782a0d4922b37cde2cf184ce347b91316d23cd7f69a36?s=96&d=mm&r=g","url":"https:\/\/secure.gravatar.com\/avatar\/78a7f90c01fc2bfc875782a0d4922b37cde2cf184ce347b91316d23cd7f69a36?s=96&d=mm&r=g","contentUrl":"https:\/\/secure.gravatar.com\/avatar\/78a7f90c01fc2bfc875782a0d4922b37cde2cf184ce347b91316d23cd7f69a36?s=96&d=mm&r=g","caption":"galledia"},"sameAs":["https:\/\/x.com\/admin"],"url":"https:\/\/www.organisator.ch\/fr\/author\/galledia\/"}]}},"_links":{"self":[{"href":"https:\/\/www.organisator.ch\/fr\/wp-json\/wp\/v2\/posts\/13000","targetHints":{"allow":["GET"]}}],"collection":[{"href":"https:\/\/www.organisator.ch\/fr\/wp-json\/wp\/v2\/posts"}],"about":[{"href":"https:\/\/www.organisator.ch\/fr\/wp-json\/wp\/v2\/types\/post"}],"author":[{"embeddable":true,"href":"https:\/\/www.organisator.ch\/fr\/wp-json\/wp\/v2\/users\/8"}],"replies":[{"embeddable":true,"href":"https:\/\/www.organisator.ch\/fr\/wp-json\/wp\/v2\/comments?post=13000"}],"version-history":[{"count":3,"href":"https:\/\/www.organisator.ch\/fr\/wp-json\/wp\/v2\/posts\/13000\/revisions"}],"predecessor-version":[{"id":15935,"href":"https:\/\/www.organisator.ch\/fr\/wp-json\/wp\/v2\/posts\/13000\/revisions\/15935"}],"wp:attachment":[{"href":"https:\/\/www.organisator.ch\/fr\/wp-json\/wp\/v2\/media?parent=13000"}],"wp:term":[{"taxonomy":"category","embeddable":true,"href":"https:\/\/www.organisator.ch\/fr\/wp-json\/wp\/v2\/categories?post=13000"},{"taxonomy":"post_tag","embeddable":true,"href":"https:\/\/www.organisator.ch\/fr\/wp-json\/wp\/v2\/tags?post=13000"}],"curies":[{"name":"wp","href":"https:\/\/api.w.org\/{rel}","templated":true}]}}