{"id":13018,"date":"2022-05-25T16:08:53","date_gmt":"2022-05-25T14:08:53","guid":{"rendered":"https:\/\/www.organisator.ch\/?p=13018"},"modified":"2022-06-03T08:20:58","modified_gmt":"2022-06-03T06:20:58","slug":"sind-sie-ein-workaholic","status":"publish","type":"post","link":"https:\/\/www.organisator.ch\/fr\/human-resources\/2022-05-25\/sind-sie-ein-workaholic\/","title":{"rendered":"Vous \u00eates un bourreau de travail ?"},"content":{"rendered":"<figure id=\"attachment_13020\" aria-describedby=\"caption-attachment-13020\" style=\"width: 680px\" class=\"wp-caption alignnone\"><img loading=\"lazy\" decoding=\"async\" class=\"size-full wp-image-13020\" src=\"https:\/\/www.organisator.ch\/wp-content\/uploads\/2022\/05\/Sind-Sie-ein-Workaholic_Organisator.jpg\" alt=\"\" width=\"680\" height=\"495\" srcset=\"https:\/\/www.organisator.ch\/wp-content\/uploads\/2022\/05\/Sind-Sie-ein-Workaholic_Organisator.jpg 680w, https:\/\/www.organisator.ch\/wp-content\/uploads\/2022\/05\/Sind-Sie-ein-Workaholic_Organisator-16x12.jpg 16w, https:\/\/www.organisator.ch\/wp-content\/uploads\/2022\/05\/Sind-Sie-ein-Workaholic_Organisator-240x175.jpg 240w, https:\/\/www.organisator.ch\/wp-content\/uploads\/2022\/05\/Sind-Sie-ein-Workaholic_Organisator-481x350.jpg 481w, https:\/\/www.organisator.ch\/wp-content\/uploads\/2022\/05\/Sind-Sie-ein-Workaholic_Organisator-300x218.jpg 300w\" sizes=\"auto, (max-width: 680px) 100vw, 680px\" \/><figcaption id=\"caption-attachment-13020\" class=\"wp-caption-text\">Aller au bureau t\u00f4t le matin et en sortir tard le soir, consulter encore une fois ses e-mails \u00e0 la maison, ne pas pouvoir l\u00e2cher prise, tout simplement : Le travail addictif n'est pas un ph\u00e9nom\u00e8ne marginal. En Allemagne, \u00eatre un bourreau de travail concerne pr\u00e8s d'un travailleur sur dix. (Image : Pixabay.com)<\/figcaption><\/figure>\n<p>Environ un dixi\u00e8me de la population active en Allemagne, principalement des cadres, montre des signes d'addiction au travail, selon une \u00e9tude men\u00e9e par la <a href=\"https:\/\/www.boeckler.de\/de\/index.htm\">Fondation Hans B\u00f6ckler<\/a> une \u00e9tude soutenue par l'OCDE et bas\u00e9e sur des donn\u00e9es repr\u00e9sentatives de 8 000 personnes actives en 2017 et 2018. Les personnes concern\u00e9es par un travail addictif ne travailleraient pas seulement tr\u00e8s longtemps, rapidement et en parall\u00e8le sur diff\u00e9rentes t\u00e2ches, elles ne pourraient \u00e9galement prendre un jour de cong\u00e9 qu'en ayant mauvaise conscience. Elles se sentiraient en outre souvent incapables de se d\u00e9connecter et de se d\u00e9tendre en fin de journ\u00e9e de travail.<\/p>\n<h3><strong>33 pour cent travaillent de mani\u00e8re excessive<\/strong><\/h3>\n<p>Selon l'\u00e9tude, 9,8 pour cent des personnes actives pr\u00e9sentent des signes de d\u00e9pendance au travail. 33 % travaillent de mani\u00e8re excessive - mais pas de mani\u00e8re compulsive. En revanche, 54,9 pour cent des personnes actives travaillent \"sereinement\". Et un petit groupe ne travaille pas beaucoup, mais de mani\u00e8re compulsive.<\/p>\n<p>Avec environ dix pour cent d'accros au travail, l'Allemagne atteint un chiffre proche des r\u00e9sultats d'\u00e9tudes similaires men\u00e9es dans d'autres pays. Aux Etats-Unis, ce chiffre est \u00e9galement de 10 pour cent et en Norv\u00e8ge de 8 pour cent. La Cor\u00e9e du Sud sort du lot, puisqu'une \u00e9tude y a r\u00e9v\u00e9l\u00e9 un taux de pr\u00e8s de 40 pour cent, avec toutefois une d\u00e9finition un peu plus large de l'addiction au travail.<\/p>\n<h3><strong>Dipl\u00f4me scolaire sans importance<\/strong><\/h3>\n<p>Selon les chercheurs, le niveau scolaire et le statut familial n'ont pas de lien avec la tendance \u00e0 l'addiction au travail. Il existe une diff\u00e9rence significative, bien que quantitativement faible, entre les femmes et les hommes, qui sont respectivement 10,8 et 9 % \u00e0 \u00eatre concern\u00e9s. Des diff\u00e9rences plus nettes existent entre les groupes d'\u00e2ge : Chez les 15-24 ans, le taux s'\u00e9l\u00e8ve \u00e0 12,6 pour cent, chez les 55-64 ans \u00e0 7,9 pour cent.<\/p>\n<p>Les personnes qui ont une longue dur\u00e9e de travail hebdomadaire contractuelle ont une tendance l\u00e9g\u00e8rement sup\u00e9rieure \u00e0 la moyenne \u00e0 devenir d\u00e9pendantes du travail. De fortes diff\u00e9rences apparaissent en ce qui concerne l'ind\u00e9pendance et les responsabilit\u00e9s de direction. Parmi les ind\u00e9pendants, le taux de workaholic est de 13,9%. Cela pourrait \u00e9galement \u00eatre l'une des raisons du taux \u00e9lev\u00e9 dans les professions agricoles, car dans cette branche, de nombreux actifs sont ind\u00e9pendants.<\/p>\n<h3>Qui est le plus susceptible d'\u00eatre un bourreau de travail ?<\/h3>\n<p>Les cadres sont 12,4 % \u00e0 \u00eatre accros au travail, les autres actifs seulement 8,7 %. Le niveau sup\u00e9rieur atteint un taux de 16,6 pour cent. Dans de nombreuses cultures d'entreprise, les cadres sont probablement soumis \u00e0 des exigences qui \"incitent \u00e0 un comportement accro au travail\", supposent les chercheurs. Par exemple, lorsqu'on attend d'eux qu'ils soient les premiers \u00e0 arriver et les derniers \u00e0 partir.<\/p>\n<p>La taille de l'entreprise et la participation aux d\u00e9cisions sont \u00e9galement fortement li\u00e9es au travail addictif. Selon l'\u00e9tude, l'addiction au travail est moins r\u00e9pandue dans les grandes entreprises que dans les petites. Dans les entreprises de moins de dix employ\u00e9s, \"12,3 pour cent entrent dans la cat\u00e9gorie des travailleurs d\u00e9pendants\", dans celles de plus de 250 employ\u00e9s, 8,3 pour cent. Cela pourrait \u00eatre d\u00fb \u00e0 une r\u00e9glementation plus stricte. En effet, les salari\u00e9s des grandes entreprises peuvent avoir plus rapidement des difficult\u00e9s avec le service du personnel lorsque leur compte d'heures d\u00e9borde.<\/p>\n<p>Comment savoir si l'on est un bourreau de travail ou si l'on risque de le devenir ? <a href=\"https:\/\/www.organisator.ch\/de\/human-resources\/fit_im_job\/2021-03-04\/workaholismus-suechtig-nach-immer-noch-mehr-arbeit\/\">un article<\/a>Nous avons publi\u00e9 un article sur ce sujet il y a un peu plus d'un an.<\/p>","protected":false},"excerpt":{"rendered":"<p>Rund ein Zehntel der Erwerbst\u00e4tigen in Deutschland, haupts\u00e4chlich F\u00fchrungskr\u00e4fte, zeige Zeichen von Arbeitssucht, wie eine von der Hans-B\u00f6ckler-Stiftung gef\u00f6rderte Studie auf Basis repr\u00e4sentativer Daten von 8.000 Erwerbst\u00e4tigen in den Jahren 2017 und 2018 zeigt. Von suchthaftem Arbeiten Betroffene w\u00fcrden nicht nur sehr lang, schnell und parallel an unterschiedlichen Aufgaben arbeiten, sie k\u00f6nnen auch nur mit [&hellip;]<\/p>\n","protected":false},"author":4,"featured_media":13020,"comment_status":"closed","ping_status":"closed","sticky":false,"template":"","format":"standard","meta":{"_acf_changed":false,"_yoast_wpseo_focuskw":"Workaholic","_yoast_wpseo_metadesc":"Gem\u00e4ss einer wissenschaftlich durchgef\u00fchrten Datenerhebung aus Deutschland ist wohl jede(r) zehnte Arbeitnehmende ein Workaholic.","articlekey":"","footnotes":""},"categories":[579],"tags":[2892,101,254,459],"class_list":["post-13018","post","type-post","status-publish","format-standard","has-post-thumbnail","hentry","category-human-resources","tag-arbeitssucht","tag-burnout","tag-hrm","tag-studie"],"acf":[],"yoast_head":"<!-- This site is optimized with the Yoast SEO plugin v27.4 - https:\/\/yoast.com\/product\/yoast-seo-wordpress\/ -->\n<title>Sind Sie ein Workaholic? - Organisator<\/title>\n<meta name=\"description\" content=\"Gem\u00e4ss einer wissenschaftlich durchgef\u00fchrten Datenerhebung aus Deutschland ist wohl jede(r) zehnte Arbeitnehmende ein Workaholic.\" \/>\n<meta name=\"robots\" content=\"index, follow, max-snippet:-1, max-image-preview:large, max-video-preview:-1\" \/>\n<link rel=\"canonical\" href=\"https:\/\/www.organisator.ch\/fr\/ressources-humaines\/2022-05-25\/sind-sie-ein-workaholic\/\" \/>\n<meta property=\"og:locale\" content=\"fr_FR\" \/>\n<meta property=\"og:type\" content=\"article\" \/>\n<meta property=\"og:title\" content=\"Sind Sie ein Workaholic?\" \/>\n<meta property=\"og:description\" content=\"Gem\u00e4ss einer wissenschaftlich durchgef\u00fchrten Datenerhebung aus Deutschland ist wohl jede(r) zehnte Arbeitnehmende ein Workaholic.\" \/>\n<meta property=\"og:url\" content=\"https:\/\/www.organisator.ch\/fr\/ressources-humaines\/2022-05-25\/sind-sie-ein-workaholic\/\" \/>\n<meta property=\"og:site_name\" content=\"Organisator\" \/>\n<meta property=\"article:publisher\" content=\"https:\/\/www.facebook.com\/OrganisatorFachmagazin\" \/>\n<meta property=\"article:published_time\" content=\"2022-05-25T14:08:53+00:00\" \/>\n<meta property=\"article:modified_time\" content=\"2022-06-03T06:20:58+00:00\" \/>\n<meta property=\"og:image\" content=\"https:\/\/www.organisator.ch\/wp-content\/uploads\/2022\/05\/Sind-Sie-ein-Workaholic_Organisator.jpg\" \/>\n\t<meta property=\"og:image:width\" content=\"680\" \/>\n\t<meta property=\"og:image:height\" content=\"495\" \/>\n\t<meta property=\"og:image:type\" content=\"image\/jpeg\" \/>\n<meta name=\"author\" content=\"thomas.berner\" \/>\n<meta name=\"twitter:card\" content=\"summary_large_image\" \/>\n<meta name=\"twitter:title\" content=\"Sind Sie ein #Workaholic?\" \/>\n<meta name=\"twitter:description\" content=\"Gem\u00e4ss einer wissenschaftlich durchgef\u00fchrten #Datenerhebung aus Deutschland ist wohl jede(r) zehnte #Arbeitnehmende ein #Workaholic.\" \/>\n<meta name=\"twitter:image\" content=\"https:\/\/www.organisator.ch\/wp-content\/uploads\/2022\/05\/Sind-Sie-ein-Workaholic_Organisator.jpg\" \/>\n<script type=\"application\/ld+json\" class=\"yoast-schema-graph\">{\"@context\":\"https:\\\/\\\/schema.org\",\"@graph\":[{\"@type\":\"Article\",\"@id\":\"https:\\\/\\\/www.organisator.ch\\\/human-resources\\\/2022-05-25\\\/sind-sie-ein-workaholic\\\/#article\",\"isPartOf\":{\"@id\":\"https:\\\/\\\/www.organisator.ch\\\/human-resources\\\/2022-05-25\\\/sind-sie-ein-workaholic\\\/\"},\"author\":{\"name\":\"thomas.berner\",\"@id\":\"https:\\\/\\\/www.organisator.ch\\\/#\\\/schema\\\/person\\\/6f650f90b2842cd4c0cc334b4e36f67e\"},\"headline\":\"Sind Sie ein Workaholic?\",\"datePublished\":\"2022-05-25T14:08:53+00:00\",\"dateModified\":\"2022-06-03T06:20:58+00:00\",\"mainEntityOfPage\":{\"@id\":\"https:\\\/\\\/www.organisator.ch\\\/human-resources\\\/2022-05-25\\\/sind-sie-ein-workaholic\\\/\"},\"wordCount\":529,\"publisher\":{\"@id\":\"https:\\\/\\\/www.organisator.ch\\\/#organization\"},\"image\":{\"@id\":\"https:\\\/\\\/www.organisator.ch\\\/human-resources\\\/2022-05-25\\\/sind-sie-ein-workaholic\\\/#primaryimage\"},\"thumbnailUrl\":\"https:\\\/\\\/www.organisator.ch\\\/wp-content\\\/uploads\\\/2022\\\/05\\\/Sind-Sie-ein-Workaholic_Organisator.jpg\",\"keywords\":[\"Arbeitssucht\",\"Burnout\",\"HRM\",\"Studie\"],\"articleSection\":[\"HUMAN RESOURCES\"],\"inLanguage\":\"fr-FR\"},{\"@type\":\"WebPage\",\"@id\":\"https:\\\/\\\/www.organisator.ch\\\/human-resources\\\/2022-05-25\\\/sind-sie-ein-workaholic\\\/\",\"url\":\"https:\\\/\\\/www.organisator.ch\\\/human-resources\\\/2022-05-25\\\/sind-sie-ein-workaholic\\\/\",\"name\":\"Sind Sie ein Workaholic? - Organisator\",\"isPartOf\":{\"@id\":\"https:\\\/\\\/www.organisator.ch\\\/#website\"},\"primaryImageOfPage\":{\"@id\":\"https:\\\/\\\/www.organisator.ch\\\/human-resources\\\/2022-05-25\\\/sind-sie-ein-workaholic\\\/#primaryimage\"},\"image\":{\"@id\":\"https:\\\/\\\/www.organisator.ch\\\/human-resources\\\/2022-05-25\\\/sind-sie-ein-workaholic\\\/#primaryimage\"},\"thumbnailUrl\":\"https:\\\/\\\/www.organisator.ch\\\/wp-content\\\/uploads\\\/2022\\\/05\\\/Sind-Sie-ein-Workaholic_Organisator.jpg\",\"datePublished\":\"2022-05-25T14:08:53+00:00\",\"dateModified\":\"2022-06-03T06:20:58+00:00\",\"description\":\"Gem\u00e4ss einer wissenschaftlich durchgef\u00fchrten Datenerhebung aus Deutschland ist wohl jede(r) zehnte Arbeitnehmende ein Workaholic.\",\"breadcrumb\":{\"@id\":\"https:\\\/\\\/www.organisator.ch\\\/human-resources\\\/2022-05-25\\\/sind-sie-ein-workaholic\\\/#breadcrumb\"},\"inLanguage\":\"fr-FR\",\"potentialAction\":[{\"@type\":\"ReadAction\",\"target\":[\"https:\\\/\\\/www.organisator.ch\\\/human-resources\\\/2022-05-25\\\/sind-sie-ein-workaholic\\\/\"]}]},{\"@type\":\"ImageObject\",\"inLanguage\":\"fr-FR\",\"@id\":\"https:\\\/\\\/www.organisator.ch\\\/human-resources\\\/2022-05-25\\\/sind-sie-ein-workaholic\\\/#primaryimage\",\"url\":\"https:\\\/\\\/www.organisator.ch\\\/wp-content\\\/uploads\\\/2022\\\/05\\\/Sind-Sie-ein-Workaholic_Organisator.jpg\",\"contentUrl\":\"https:\\\/\\\/www.organisator.ch\\\/wp-content\\\/uploads\\\/2022\\\/05\\\/Sind-Sie-ein-Workaholic_Organisator.jpg\",\"width\":680,\"height\":495,\"caption\":\"Fr\u00fchmorgens ins B\u00fcro und sp\u00e4tabends wieder raus, zu Hause noch einmal die Mails checken, einfach nicht loslassen k\u00f6nnen: Suchthaftes Arbeiten ist kein Randph\u00e4nomen. Ein Workaholic zu sein, betrifft in Deutschland fast jede(n) zehnten Arbeitnehmende(n). (Bild: Pixabay.com)\"},{\"@type\":\"BreadcrumbList\",\"@id\":\"https:\\\/\\\/www.organisator.ch\\\/human-resources\\\/2022-05-25\\\/sind-sie-ein-workaholic\\\/#breadcrumb\",\"itemListElement\":[{\"@type\":\"ListItem\",\"position\":1,\"name\":\"Home\",\"item\":\"https:\\\/\\\/www.organisator.ch\\\/\"},{\"@type\":\"ListItem\",\"position\":2,\"name\":\"Sind Sie ein Workaholic?\"}]},{\"@type\":\"WebSite\",\"@id\":\"https:\\\/\\\/www.organisator.ch\\\/#website\",\"url\":\"https:\\\/\\\/www.organisator.ch\\\/\",\"name\":\"Organisator\",\"description\":\"Kompetent. Praxisnah. Der ORGANISATOR bereitet in 10 Ausgaben pro Jahr die wesentlichen Themen f\u00fcr F\u00fchrungskr\u00e4fte von KMU auf.\",\"publisher\":{\"@id\":\"https:\\\/\\\/www.organisator.ch\\\/#organization\"},\"potentialAction\":[{\"@type\":\"SearchAction\",\"target\":{\"@type\":\"EntryPoint\",\"urlTemplate\":\"https:\\\/\\\/www.organisator.ch\\\/?s={search_term_string}\"},\"query-input\":{\"@type\":\"PropertyValueSpecification\",\"valueRequired\":true,\"valueName\":\"search_term_string\"}}],\"inLanguage\":\"fr-FR\"},{\"@type\":\"Organization\",\"@id\":\"https:\\\/\\\/www.organisator.ch\\\/#organization\",\"name\":\"Organisator\",\"url\":\"https:\\\/\\\/www.organisator.ch\\\/\",\"logo\":{\"@type\":\"ImageObject\",\"inLanguage\":\"fr-FR\",\"@id\":\"https:\\\/\\\/www.organisator.ch\\\/#\\\/schema\\\/logo\\\/image\\\/\",\"url\":\"https:\\\/\\\/www.organisator.ch\\\/wp-content\\\/uploads\\\/2022\\\/01\\\/Logo_Organisator_Website.png\",\"contentUrl\":\"https:\\\/\\\/www.organisator.ch\\\/wp-content\\\/uploads\\\/2022\\\/01\\\/Logo_Organisator_Website.png\",\"width\":800,\"height\":77,\"caption\":\"Organisator\"},\"image\":{\"@id\":\"https:\\\/\\\/www.organisator.ch\\\/#\\\/schema\\\/logo\\\/image\\\/\"},\"sameAs\":[\"https:\\\/\\\/www.facebook.com\\\/OrganisatorFachmagazin\",\"https:\\\/\\\/www.linkedin.com\\\/showcase\\\/organisator-das-magazin-fr-kmu\",\"https:\\\/\\\/www.xing.com\\\/news\\\/pages\\\/organisator-ch-695\",\"https:\\\/\\\/www.youtube.com\\\/channel\\\/UCGP2Sq0iWaZwT3BdIAQFYpw\"]},{\"@type\":\"Person\",\"@id\":\"https:\\\/\\\/www.organisator.ch\\\/#\\\/schema\\\/person\\\/6f650f90b2842cd4c0cc334b4e36f67e\",\"name\":\"thomas.berner\",\"image\":{\"@type\":\"ImageObject\",\"inLanguage\":\"fr-FR\",\"@id\":\"https:\\\/\\\/secure.gravatar.com\\\/avatar\\\/ac5001d2a36cb6c6cd3e50789007ffca834b477b74a2144564522e944eabff61?s=96&d=mm&r=g\",\"url\":\"https:\\\/\\\/secure.gravatar.com\\\/avatar\\\/ac5001d2a36cb6c6cd3e50789007ffca834b477b74a2144564522e944eabff61?s=96&d=mm&r=g\",\"contentUrl\":\"https:\\\/\\\/secure.gravatar.com\\\/avatar\\\/ac5001d2a36cb6c6cd3e50789007ffca834b477b74a2144564522e944eabff61?s=96&d=mm&r=g\",\"caption\":\"thomas.berner\"},\"url\":\"https:\\\/\\\/www.organisator.ch\\\/fr\\\/author\\\/thomas-berner\\\/\"}]}<\/script>\n<!-- \/ Yoast SEO plugin. -->","yoast_head_json":{"title":"Vous \u00eates un bourreau de travail ? - Organisateur","description":"Selon une enqu\u00eate scientifique men\u00e9e en Allemagne, un travailleur sur dix est un bourreau de travail.","robots":{"index":"index","follow":"follow","max-snippet":"max-snippet:-1","max-image-preview":"max-image-preview:large","max-video-preview":"max-video-preview:-1"},"canonical":"https:\/\/www.organisator.ch\/fr\/ressources-humaines\/2022-05-25\/sind-sie-ein-workaholic\/","og_locale":"fr_FR","og_type":"article","og_title":"Sind Sie ein Workaholic?","og_description":"Gem\u00e4ss einer wissenschaftlich durchgef\u00fchrten Datenerhebung aus Deutschland ist wohl jede(r) zehnte Arbeitnehmende ein Workaholic.","og_url":"https:\/\/www.organisator.ch\/fr\/ressources-humaines\/2022-05-25\/sind-sie-ein-workaholic\/","og_site_name":"Organisator","article_publisher":"https:\/\/www.facebook.com\/OrganisatorFachmagazin","article_published_time":"2022-05-25T14:08:53+00:00","article_modified_time":"2022-06-03T06:20:58+00:00","og_image":[{"width":680,"height":495,"url":"https:\/\/www.organisator.ch\/wp-content\/uploads\/2022\/05\/Sind-Sie-ein-Workaholic_Organisator.jpg","type":"image\/jpeg"}],"author":"thomas.berner","twitter_card":"summary_large_image","twitter_title":"Sind Sie ein #Workaholic?","twitter_description":"Gem\u00e4ss einer wissenschaftlich durchgef\u00fchrten #Datenerhebung aus Deutschland ist wohl jede(r) zehnte #Arbeitnehmende ein #Workaholic.","twitter_image":"https:\/\/www.organisator.ch\/wp-content\/uploads\/2022\/05\/Sind-Sie-ein-Workaholic_Organisator.jpg","schema":{"@context":"https:\/\/schema.org","@graph":[{"@type":"Article","@id":"https:\/\/www.organisator.ch\/human-resources\/2022-05-25\/sind-sie-ein-workaholic\/#article","isPartOf":{"@id":"https:\/\/www.organisator.ch\/human-resources\/2022-05-25\/sind-sie-ein-workaholic\/"},"author":{"name":"thomas.berner","@id":"https:\/\/www.organisator.ch\/#\/schema\/person\/6f650f90b2842cd4c0cc334b4e36f67e"},"headline":"Sind Sie ein Workaholic?","datePublished":"2022-05-25T14:08:53+00:00","dateModified":"2022-06-03T06:20:58+00:00","mainEntityOfPage":{"@id":"https:\/\/www.organisator.ch\/human-resources\/2022-05-25\/sind-sie-ein-workaholic\/"},"wordCount":529,"publisher":{"@id":"https:\/\/www.organisator.ch\/#organization"},"image":{"@id":"https:\/\/www.organisator.ch\/human-resources\/2022-05-25\/sind-sie-ein-workaholic\/#primaryimage"},"thumbnailUrl":"https:\/\/www.organisator.ch\/wp-content\/uploads\/2022\/05\/Sind-Sie-ein-Workaholic_Organisator.jpg","keywords":["Arbeitssucht","Burnout","HRM","Studie"],"articleSection":["HUMAN RESOURCES"],"inLanguage":"fr-FR"},{"@type":"WebPage","@id":"https:\/\/www.organisator.ch\/human-resources\/2022-05-25\/sind-sie-ein-workaholic\/","url":"https:\/\/www.organisator.ch\/human-resources\/2022-05-25\/sind-sie-ein-workaholic\/","name":"Vous \u00eates un bourreau de travail ? - Organisateur","isPartOf":{"@id":"https:\/\/www.organisator.ch\/#website"},"primaryImageOfPage":{"@id":"https:\/\/www.organisator.ch\/human-resources\/2022-05-25\/sind-sie-ein-workaholic\/#primaryimage"},"image":{"@id":"https:\/\/www.organisator.ch\/human-resources\/2022-05-25\/sind-sie-ein-workaholic\/#primaryimage"},"thumbnailUrl":"https:\/\/www.organisator.ch\/wp-content\/uploads\/2022\/05\/Sind-Sie-ein-Workaholic_Organisator.jpg","datePublished":"2022-05-25T14:08:53+00:00","dateModified":"2022-06-03T06:20:58+00:00","description":"Selon une enqu\u00eate scientifique men\u00e9e en Allemagne, un travailleur sur dix est un bourreau de travail.","breadcrumb":{"@id":"https:\/\/www.organisator.ch\/human-resources\/2022-05-25\/sind-sie-ein-workaholic\/#breadcrumb"},"inLanguage":"fr-FR","potentialAction":[{"@type":"ReadAction","target":["https:\/\/www.organisator.ch\/human-resources\/2022-05-25\/sind-sie-ein-workaholic\/"]}]},{"@type":"ImageObject","inLanguage":"fr-FR","@id":"https:\/\/www.organisator.ch\/human-resources\/2022-05-25\/sind-sie-ein-workaholic\/#primaryimage","url":"https:\/\/www.organisator.ch\/wp-content\/uploads\/2022\/05\/Sind-Sie-ein-Workaholic_Organisator.jpg","contentUrl":"https:\/\/www.organisator.ch\/wp-content\/uploads\/2022\/05\/Sind-Sie-ein-Workaholic_Organisator.jpg","width":680,"height":495,"caption":"Fr\u00fchmorgens ins B\u00fcro und sp\u00e4tabends wieder raus, zu Hause noch einmal die Mails checken, einfach nicht loslassen k\u00f6nnen: Suchthaftes Arbeiten ist kein Randph\u00e4nomen. Ein Workaholic zu sein, betrifft in Deutschland fast jede(n) zehnten Arbeitnehmende(n). (Bild: Pixabay.com)"},{"@type":"BreadcrumbList","@id":"https:\/\/www.organisator.ch\/human-resources\/2022-05-25\/sind-sie-ein-workaholic\/#breadcrumb","itemListElement":[{"@type":"ListItem","position":1,"name":"Home","item":"https:\/\/www.organisator.ch\/"},{"@type":"ListItem","position":2,"name":"Sind Sie ein Workaholic?"}]},{"@type":"WebSite","@id":"https:\/\/www.organisator.ch\/#website","url":"https:\/\/www.organisator.ch\/","name":"Organisateur","description":"Comp\u00e9tence et comp\u00e9tence. Proches de la pratique. L'ORGANISATEUR pr\u00e9pare 10 num\u00e9ros par an sur les th\u00e8mes essentiels pour les dirigeants de PME.","publisher":{"@id":"https:\/\/www.organisator.ch\/#organization"},"potentialAction":[{"@type":"SearchAction","target":{"@type":"EntryPoint","urlTemplate":"https:\/\/www.organisator.ch\/?s={search_term_string}"},"query-input":{"@type":"PropertyValueSpecification","valueRequired":true,"valueName":"search_term_string"}}],"inLanguage":"fr-FR"},{"@type":"Organization","@id":"https:\/\/www.organisator.ch\/#organization","name":"Organisateur","url":"https:\/\/www.organisator.ch\/","logo":{"@type":"ImageObject","inLanguage":"fr-FR","@id":"https:\/\/www.organisator.ch\/#\/schema\/logo\/image\/","url":"https:\/\/www.organisator.ch\/wp-content\/uploads\/2022\/01\/Logo_Organisator_Website.png","contentUrl":"https:\/\/www.organisator.ch\/wp-content\/uploads\/2022\/01\/Logo_Organisator_Website.png","width":800,"height":77,"caption":"Organisator"},"image":{"@id":"https:\/\/www.organisator.ch\/#\/schema\/logo\/image\/"},"sameAs":["https:\/\/www.facebook.com\/OrganisatorFachmagazin","https:\/\/www.linkedin.com\/showcase\/organisator-das-magazin-fr-kmu","https:\/\/www.xing.com\/news\/pages\/organisator-ch-695","https:\/\/www.youtube.com\/channel\/UCGP2Sq0iWaZwT3BdIAQFYpw"]},{"@type":"Person","@id":"https:\/\/www.organisator.ch\/#\/schema\/person\/6f650f90b2842cd4c0cc334b4e36f67e","name":"thomas.berner","image":{"@type":"ImageObject","inLanguage":"fr-FR","@id":"https:\/\/secure.gravatar.com\/avatar\/ac5001d2a36cb6c6cd3e50789007ffca834b477b74a2144564522e944eabff61?s=96&d=mm&r=g","url":"https:\/\/secure.gravatar.com\/avatar\/ac5001d2a36cb6c6cd3e50789007ffca834b477b74a2144564522e944eabff61?s=96&d=mm&r=g","contentUrl":"https:\/\/secure.gravatar.com\/avatar\/ac5001d2a36cb6c6cd3e50789007ffca834b477b74a2144564522e944eabff61?s=96&d=mm&r=g","caption":"thomas.berner"},"url":"https:\/\/www.organisator.ch\/fr\/author\/thomas-berner\/"}]}},"_links":{"self":[{"href":"https:\/\/www.organisator.ch\/fr\/wp-json\/wp\/v2\/posts\/13018","targetHints":{"allow":["GET"]}}],"collection":[{"href":"https:\/\/www.organisator.ch\/fr\/wp-json\/wp\/v2\/posts"}],"about":[{"href":"https:\/\/www.organisator.ch\/fr\/wp-json\/wp\/v2\/types\/post"}],"author":[{"embeddable":true,"href":"https:\/\/www.organisator.ch\/fr\/wp-json\/wp\/v2\/users\/4"}],"replies":[{"embeddable":true,"href":"https:\/\/www.organisator.ch\/fr\/wp-json\/wp\/v2\/comments?post=13018"}],"version-history":[{"count":2,"href":"https:\/\/www.organisator.ch\/fr\/wp-json\/wp\/v2\/posts\/13018\/revisions"}],"predecessor-version":[{"id":13022,"href":"https:\/\/www.organisator.ch\/fr\/wp-json\/wp\/v2\/posts\/13018\/revisions\/13022"}],"wp:featuredmedia":[{"embeddable":true,"href":"https:\/\/www.organisator.ch\/fr\/wp-json\/wp\/v2\/media\/13020"}],"wp:attachment":[{"href":"https:\/\/www.organisator.ch\/fr\/wp-json\/wp\/v2\/media?parent=13018"}],"wp:term":[{"taxonomy":"category","embeddable":true,"href":"https:\/\/www.organisator.ch\/fr\/wp-json\/wp\/v2\/categories?post=13018"},{"taxonomy":"post_tag","embeddable":true,"href":"https:\/\/www.organisator.ch\/fr\/wp-json\/wp\/v2\/tags?post=13018"}],"curies":[{"name":"wp","href":"https:\/\/api.w.org\/{rel}","templated":true}]}}