{"id":13048,"date":"2022-05-31T09:26:54","date_gmt":"2022-05-31T07:26:54","guid":{"rendered":"https:\/\/www.werbewoche.ch\/?p=172071"},"modified":"2022-07-30T09:53:34","modified_gmt":"2022-07-30T07:53:34","slug":"online-einkaeufe-neuerdings-shoppen-wir-lieber-am-abend","status":"publish","type":"post","link":"https:\/\/www.organisator.ch\/fr\/marketing\/2022-05-31\/online-einkaeufe-neuerdings-shoppen-wir-lieber-am-abend\/","title":{"rendered":"Achats en ligne : nous pr\u00e9f\u00e9rons d\u00e9sormais faire nos achats le soir"},"content":{"rendered":"<figure id=\"attachment_172079\" class=\"wp-caption alignnone\" style=\"width: 1360px\" aria-describedby=\"caption-attachment-172079\"><img class=\"alignnone wp-image-172079 size-full\" src=\"https:\/\/www.werbewoche.ch\/wp-content\/uploads\/2022\/05\/Bildschirmfoto-2022-05-31-um-09.23.52.png\" alt=\"Soir\u00e9e\" width=\"1360\" height=\"692\" \/><figcaption id=\"caption-attachment-172079\" class=\"wp-caption-text\">(Photo : John Schnobrich, Unsplash)<\/figcaption><\/figure>\r\n<p class=\"sc-b8k9ym-1 bqSawy\">La pand\u00e9mie a modifi\u00e9 nos habitudes de consommation : Nous pr\u00e9f\u00e9rons d\u00e9sormais faire nos achats en ligne \u00e0 partir de 21 heures. Auparavant, nous faisions souvent nos courses rapidement avant de quitter le travail. Il existe de grandes diff\u00e9rences entre les sexes et les g\u00e9n\u00e9rations en ce qui concerne les heures de shopping.<\/p>\r\n\r\n<div>\r\n<p class=\"sc-b8k9ym-5 gZmOoK\">La pand\u00e9mie de Corona est en grande partie surmont\u00e9e, ce qui reste, ce sont les nouvelles habitudes. Au cours des deux derni\u00e8res ann\u00e9es, beaucoup ont par exemple d\u00e9couvert \u00e0 quel point les achats sur Internet sont pratiques et bon march\u00e9.  Ceux qui font leurs achats en ligne le font depuis peu plus tard dans la journ\u00e9e. C'est ce que montre une analyse de tous les achats effectu\u00e9s chez Digitec et Galaxus en 2019, 2021 et aux mois de mars et avril 2022.<\/p>\r\n<p class=\"sc-b8k9ym-5 gZmOoK\">Les derniers chiffres de vente prouvent que nous effectuons d\u00e9sormais moins souvent nos achats en ligne rapidement entre 16 et 17 heures - c'est-\u00e0-dire juste avant de quitter le travail et de faire la navette. C'\u00e9tait encore la norme avant Covid-19. Au lieu de cela, nous faisons plus souvent nos achats le soir, et plus particuli\u00e8rement entre 21 et 22 heures. Et de plus en plus souvent aussi avant le d\u00eener - apr\u00e8s tout, nous avons d\u00e9sormais le temps de le faire gr\u00e2ce aux possibilit\u00e9s largement r\u00e9pandues de travail \u00e0 domicile.<\/p>\r\n\r\n<\/div>\r\n<img class=\"alignnone wp-image-172072 size-full\" src=\"https:\/\/www.werbewoche.ch\/wp-content\/uploads\/2022\/05\/Bildschirmfoto-2022-05-31-um-09.13.21.png\" alt=\"Soir\u00e9e\" width=\"910\" height=\"520\" \/>\r\n\r\nParall\u00e8lement, le lundi est devenu le jour pr\u00e9f\u00e9r\u00e9 pour les achats en ligne : depuis peu, nous pr\u00e9f\u00e9rons faire nos achats le mardi, le mercredi ou le jeudi chez digitec et Galaxus. Le vendredi a \u00e9galement perdu de son importance pour le commerce en ligne. Et comme nous avons d\u00e9j\u00e0 fait nos courses le soir en semaine, il nous reste du temps pour d'autres choses le week-end.\r\n\r\n<img class=\"alignnone wp-image-172073 size-full\" src=\"https:\/\/www.werbewoche.ch\/wp-content\/uploads\/2022\/05\/Bildschirmfoto-2022-05-31-um-09.14.16.png\" alt=\"Soir\u00e9e\" width=\"829\" height=\"509\" \/>\r\n\r\nLa tendance aux achats en ligne le soir va de pair avec le d\u00e9placement vers le shopping mobile : en avril 2022, les clients de Digitec Galaxus ont pour la premi\u00e8re fois plus souvent achet\u00e9 avec leur t\u00e9l\u00e9phone portable qu'avec leur ordinateur.\r\n<p class=\"sc-b8k9ym-5 gZmOoK\">Dans toutes les r\u00e9gions linguistiques de Suisse, l'heure entre 21 et 22 heures est devenue le moment pr\u00e9f\u00e9r\u00e9 pour faire ses courses chez digitec et Galaxus. Les chiffres de vente indiquent en outre que de nombreux habitants de Suisse al\u00e9manique prennent leur repas de nuit plus t\u00f4t que les Romands et les Tessinois : la pause shopping arrive plus t\u00f4t, mais les Suisses al\u00e9maniques ont \u00e0 nouveau plus de temps pour leurs achats en ligne d\u00e8s 20 heures. A l'inverse, en Suisse latine, la pause de midi est plut\u00f4t r\u00e9serv\u00e9e au repas et \u00e0 la d\u00e9tente qu'au shopping.<\/p>\r\n<img class=\"alignnone wp-image-172074 size-full\" src=\"https:\/\/www.werbewoche.ch\/wp-content\/uploads\/2022\/05\/Bildschirmfoto-2022-05-31-um-09.15.32.png\" alt=\"Soir\u00e9e\" width=\"856\" height=\"431\" \/>\r\n\r\n&nbsp;\r\n<figure id=\"attachment_172075\" class=\"wp-caption alignnone\" style=\"width: 857px\" aria-describedby=\"caption-attachment-172075\"><img class=\"alignnone wp-image-172075 size-full\" src=\"https:\/\/www.werbewoche.ch\/wp-content\/uploads\/2022\/05\/Bildschirmfoto-2022-05-31-um-09.16.12.png\" alt=\"Soir\u00e9e\" width=\"857\" height=\"431\" \/><figcaption id=\"caption-attachment-172075\" class=\"wp-caption-text\">(Tous les graphiques de Digitec Galaxus.)<\/figcaption><\/figure>","protected":false},"excerpt":{"rendered":"<p>Die Pandemie hat unsere Konsumgewohnheiten ver\u00e4ndert: Online shoppen wir nun am liebsten ab 21 Uhr. Fr\u00fcher hatten wir unsere Eink\u00e4ufe h\u00e4ufig noch rasch vor dem Feierabend erledigt. Grosse Unterschiede bei den Shopping-Zeiten gibt es zwischen den Geschlechtern und Generationen. Die Corona-Pandemie ist weitgehend \u00fcberstanden, geblieben sind neue Gewohnheiten. In den letzten beiden Jahren haben zum [\u2026]<\/p>\n","protected":false},"author":8,"featured_media":0,"comment_status":"closed","ping_status":"closed","sticky":false,"template":"","format":"standard","meta":{"_acf_changed":false,"_yoast_wpseo_focuskw":"Abend","_yoast_wpseo_metadesc":"Digitec Galaxus hat die Eink\u00e4ufe der letzten drei Jahre ausgewertet \u2013 und dabei festgestellt, dass Online-Eink\u00e4ufe vermehrt in den Abendstunden get\u00e4tigt werden.","articlekey":"","footnotes":""},"categories":[29],"tags":[3135,2899,3136,3137],"class_list":["post-13048","post","type-post","status-publish","format-standard","hentry","category-marketing","tag-abend","tag-digitec-galaxus","tag-neuerdings","tag-online-einkaeufe"],"acf":[],"yoast_head":"<!-- This site is optimized with the Yoast SEO plugin v27.5 - https:\/\/yoast.com\/product\/yoast-seo-wordpress\/ -->\n<title>Online-Eink\u00e4ufe: Neuerdings shoppen wir lieber am Abend - Organisator<\/title>\n<meta name=\"description\" content=\"Digitec Galaxus hat die Eink\u00e4ufe der letzten drei Jahre ausgewertet \u2013 und dabei festgestellt, dass Online-Eink\u00e4ufe vermehrt in den Abendstunden get\u00e4tigt werden.\" \/>\n<meta name=\"robots\" content=\"index, follow, max-snippet:-1, max-image-preview:large, max-video-preview:-1\" \/>\n<link rel=\"canonical\" href=\"https:\/\/www.werbewoche.ch\/de\/marketing\/marktforschung\/2022-05-31\/online-einkaeufe-neuerdings-shoppen-wir-lieber-am-abend\/\" \/>\n<meta property=\"og:locale\" content=\"fr_FR\" \/>\n<meta property=\"og:type\" content=\"article\" \/>\n<meta property=\"og:title\" content=\"Online-Eink\u00e4ufe: Neuerdings shoppen wir lieber am Abend - Organisator\" \/>\n<meta property=\"og:description\" content=\"Digitec Galaxus hat die Eink\u00e4ufe der letzten drei Jahre ausgewertet \u2013 und dabei festgestellt, dass Online-Eink\u00e4ufe vermehrt in den Abendstunden get\u00e4tigt werden.\" \/>\n<meta property=\"og:url\" content=\"https:\/\/www.werbewoche.ch\/de\/marketing\/marktforschung\/2022-05-31\/online-einkaeufe-neuerdings-shoppen-wir-lieber-am-abend\/\" \/>\n<meta property=\"og:site_name\" content=\"Organisator\" \/>\n<meta property=\"article:publisher\" content=\"https:\/\/www.facebook.com\/OrganisatorFachmagazin\" \/>\n<meta property=\"article:published_time\" content=\"2022-05-31T07:26:54+00:00\" \/>\n<meta property=\"article:modified_time\" content=\"2022-07-30T07:53:34+00:00\" \/>\n<meta property=\"og:image\" content=\"https:\/\/www.werbewoche.ch\/wp-content\/uploads\/2022\/05\/Bildschirmfoto-2022-05-31-um-09.23.52.png\" \/>\n<meta name=\"author\" content=\"galledia\" \/>\n<meta name=\"twitter:card\" content=\"summary_large_image\" \/>\n<meta name=\"twitter:creator\" content=\"@admin\" \/>\n<script type=\"application\/ld+json\" class=\"yoast-schema-graph\">{\"@context\":\"https:\\\/\\\/schema.org\",\"@graph\":[{\"@type\":\"Article\",\"@id\":\"https:\\\/\\\/www.werbewoche.ch\\\/de\\\/marketing\\\/marktforschung\\\/2022-05-31\\\/online-einkaeufe-neuerdings-shoppen-wir-lieber-am-abend\\\/#article\",\"isPartOf\":{\"@id\":\"https:\\\/\\\/www.organisator.ch\\\/marketing\\\/2022-05-31\\\/online-einkaeufe-neuerdings-shoppen-wir-lieber-am-abend\\\/\"},\"author\":{\"name\":\"galledia\",\"@id\":\"https:\\\/\\\/www.organisator.ch\\\/#\\\/schema\\\/person\\\/4e51799071cd2dd1232ac003643ef5f0\"},\"headline\":\"Online-Eink\u00e4ufe: Neuerdings shoppen wir lieber am Abend\",\"datePublished\":\"2022-05-31T07:26:54+00:00\",\"dateModified\":\"2022-07-30T07:53:34+00:00\",\"mainEntityOfPage\":{\"@id\":\"https:\\\/\\\/www.organisator.ch\\\/marketing\\\/2022-05-31\\\/online-einkaeufe-neuerdings-shoppen-wir-lieber-am-abend\\\/\"},\"wordCount\":366,\"publisher\":{\"@id\":\"https:\\\/\\\/www.organisator.ch\\\/#organization\"},\"image\":{\"@id\":\"https:\\\/\\\/www.werbewoche.ch\\\/de\\\/marketing\\\/marktforschung\\\/2022-05-31\\\/online-einkaeufe-neuerdings-shoppen-wir-lieber-am-abend\\\/#primaryimage\"},\"thumbnailUrl\":\"https:\\\/\\\/www.werbewoche.ch\\\/wp-content\\\/uploads\\\/2022\\\/05\\\/Bildschirmfoto-2022-05-31-um-09.23.52.png\",\"keywords\":[\"Abend\",\"Digitec Galaxus\",\"Neuerdings\",\"Online-Eink\u00e4ufe\"],\"articleSection\":[\"MARKETING\"],\"inLanguage\":\"fr-FR\"},{\"@type\":\"WebPage\",\"@id\":\"https:\\\/\\\/www.organisator.ch\\\/marketing\\\/2022-05-31\\\/online-einkaeufe-neuerdings-shoppen-wir-lieber-am-abend\\\/\",\"url\":\"https:\\\/\\\/www.werbewoche.ch\\\/de\\\/marketing\\\/marktforschung\\\/2022-05-31\\\/online-einkaeufe-neuerdings-shoppen-wir-lieber-am-abend\\\/\",\"name\":\"Online-Eink\u00e4ufe: Neuerdings shoppen wir lieber am Abend - Organisator\",\"isPartOf\":{\"@id\":\"https:\\\/\\\/www.organisator.ch\\\/#website\"},\"primaryImageOfPage\":{\"@id\":\"https:\\\/\\\/www.werbewoche.ch\\\/de\\\/marketing\\\/marktforschung\\\/2022-05-31\\\/online-einkaeufe-neuerdings-shoppen-wir-lieber-am-abend\\\/#primaryimage\"},\"image\":{\"@id\":\"https:\\\/\\\/www.werbewoche.ch\\\/de\\\/marketing\\\/marktforschung\\\/2022-05-31\\\/online-einkaeufe-neuerdings-shoppen-wir-lieber-am-abend\\\/#primaryimage\"},\"thumbnailUrl\":\"https:\\\/\\\/www.werbewoche.ch\\\/wp-content\\\/uploads\\\/2022\\\/05\\\/Bildschirmfoto-2022-05-31-um-09.23.52.png\",\"datePublished\":\"2022-05-31T07:26:54+00:00\",\"dateModified\":\"2022-07-30T07:53:34+00:00\",\"description\":\"Digitec Galaxus hat die Eink\u00e4ufe der letzten drei Jahre ausgewertet \u2013 und dabei festgestellt, dass Online-Eink\u00e4ufe vermehrt in den Abendstunden get\u00e4tigt werden.\",\"breadcrumb\":{\"@id\":\"https:\\\/\\\/www.werbewoche.ch\\\/de\\\/marketing\\\/marktforschung\\\/2022-05-31\\\/online-einkaeufe-neuerdings-shoppen-wir-lieber-am-abend\\\/#breadcrumb\"},\"inLanguage\":\"fr-FR\",\"potentialAction\":[{\"@type\":\"ReadAction\",\"target\":[\"https:\\\/\\\/www.werbewoche.ch\\\/de\\\/marketing\\\/marktforschung\\\/2022-05-31\\\/online-einkaeufe-neuerdings-shoppen-wir-lieber-am-abend\\\/\"]}]},{\"@type\":\"ImageObject\",\"inLanguage\":\"fr-FR\",\"@id\":\"https:\\\/\\\/www.werbewoche.ch\\\/de\\\/marketing\\\/marktforschung\\\/2022-05-31\\\/online-einkaeufe-neuerdings-shoppen-wir-lieber-am-abend\\\/#primaryimage\",\"url\":\"https:\\\/\\\/www.werbewoche.ch\\\/wp-content\\\/uploads\\\/2022\\\/05\\\/Bildschirmfoto-2022-05-31-um-09.23.52.png\",\"contentUrl\":\"https:\\\/\\\/www.werbewoche.ch\\\/wp-content\\\/uploads\\\/2022\\\/05\\\/Bildschirmfoto-2022-05-31-um-09.23.52.png\"},{\"@type\":\"BreadcrumbList\",\"@id\":\"https:\\\/\\\/www.werbewoche.ch\\\/de\\\/marketing\\\/marktforschung\\\/2022-05-31\\\/online-einkaeufe-neuerdings-shoppen-wir-lieber-am-abend\\\/#breadcrumb\",\"itemListElement\":[{\"@type\":\"ListItem\",\"position\":1,\"name\":\"Home\",\"item\":\"https:\\\/\\\/www.organisator.ch\\\/\"},{\"@type\":\"ListItem\",\"position\":2,\"name\":\"Online-Eink\u00e4ufe: Neuerdings shoppen wir lieber am Abend\"}]},{\"@type\":\"WebSite\",\"@id\":\"https:\\\/\\\/www.organisator.ch\\\/#website\",\"url\":\"https:\\\/\\\/www.organisator.ch\\\/\",\"name\":\"Organisator\",\"description\":\"Kompetent. Praxisnah. Der ORGANISATOR bereitet in 10 Ausgaben pro Jahr die wesentlichen Themen f\u00fcr F\u00fchrungskr\u00e4fte von KMU auf.\",\"publisher\":{\"@id\":\"https:\\\/\\\/www.organisator.ch\\\/#organization\"},\"potentialAction\":[{\"@type\":\"SearchAction\",\"target\":{\"@type\":\"EntryPoint\",\"urlTemplate\":\"https:\\\/\\\/www.organisator.ch\\\/?s={search_term_string}\"},\"query-input\":{\"@type\":\"PropertyValueSpecification\",\"valueRequired\":true,\"valueName\":\"search_term_string\"}}],\"inLanguage\":\"fr-FR\"},{\"@type\":\"Organization\",\"@id\":\"https:\\\/\\\/www.organisator.ch\\\/#organization\",\"name\":\"Organisator\",\"url\":\"https:\\\/\\\/www.organisator.ch\\\/\",\"logo\":{\"@type\":\"ImageObject\",\"inLanguage\":\"fr-FR\",\"@id\":\"https:\\\/\\\/www.organisator.ch\\\/#\\\/schema\\\/logo\\\/image\\\/\",\"url\":\"https:\\\/\\\/www.organisator.ch\\\/wp-content\\\/uploads\\\/2022\\\/01\\\/Logo_Organisator_Website.png\",\"contentUrl\":\"https:\\\/\\\/www.organisator.ch\\\/wp-content\\\/uploads\\\/2022\\\/01\\\/Logo_Organisator_Website.png\",\"width\":800,\"height\":77,\"caption\":\"Organisator\"},\"image\":{\"@id\":\"https:\\\/\\\/www.organisator.ch\\\/#\\\/schema\\\/logo\\\/image\\\/\"},\"sameAs\":[\"https:\\\/\\\/www.facebook.com\\\/OrganisatorFachmagazin\",\"https:\\\/\\\/www.linkedin.com\\\/showcase\\\/organisator-das-magazin-fr-kmu\",\"https:\\\/\\\/www.xing.com\\\/news\\\/pages\\\/organisator-ch-695\",\"https:\\\/\\\/www.youtube.com\\\/channel\\\/UCGP2Sq0iWaZwT3BdIAQFYpw\"]},{\"@type\":\"Person\",\"@id\":\"https:\\\/\\\/www.organisator.ch\\\/#\\\/schema\\\/person\\\/4e51799071cd2dd1232ac003643ef5f0\",\"name\":\"galledia\",\"image\":{\"@type\":\"ImageObject\",\"inLanguage\":\"fr-FR\",\"@id\":\"https:\\\/\\\/secure.gravatar.com\\\/avatar\\\/78a7f90c01fc2bfc875782a0d4922b37cde2cf184ce347b91316d23cd7f69a36?s=96&d=mm&r=g\",\"url\":\"https:\\\/\\\/secure.gravatar.com\\\/avatar\\\/78a7f90c01fc2bfc875782a0d4922b37cde2cf184ce347b91316d23cd7f69a36?s=96&d=mm&r=g\",\"contentUrl\":\"https:\\\/\\\/secure.gravatar.com\\\/avatar\\\/78a7f90c01fc2bfc875782a0d4922b37cde2cf184ce347b91316d23cd7f69a36?s=96&d=mm&r=g\",\"caption\":\"galledia\"},\"sameAs\":[\"https:\\\/\\\/x.com\\\/admin\"],\"url\":\"https:\\\/\\\/www.organisator.ch\\\/fr\\\/author\\\/galledia\\\/\"}]}<\/script>\n<!-- \/ Yoast SEO plugin. -->","yoast_head_json":{"title":"Achats en ligne : depuis peu, nous pr\u00e9f\u00e9rons faire nos achats le soir - Organisateur","description":"Digitec Galaxus a \u00e9valu\u00e9 les achats effectu\u00e9s au cours des trois derni\u00e8res ann\u00e9es - et a constat\u00e9 que les achats en ligne sont de plus en plus effectu\u00e9s le soir.","robots":{"index":"index","follow":"follow","max-snippet":"max-snippet:-1","max-image-preview":"max-image-preview:large","max-video-preview":"max-video-preview:-1"},"canonical":"https:\/\/www.werbewoche.ch\/de\/marketing\/marktforschung\/2022-05-31\/online-einkaeufe-neuerdings-shoppen-wir-lieber-am-abend\/","og_locale":"fr_FR","og_type":"article","og_title":"Online-Eink\u00e4ufe: Neuerdings shoppen wir lieber am Abend - Organisator","og_description":"Digitec Galaxus hat die Eink\u00e4ufe der letzten drei Jahre ausgewertet \u2013 und dabei festgestellt, dass Online-Eink\u00e4ufe vermehrt in den Abendstunden get\u00e4tigt werden.","og_url":"https:\/\/www.werbewoche.ch\/de\/marketing\/marktforschung\/2022-05-31\/online-einkaeufe-neuerdings-shoppen-wir-lieber-am-abend\/","og_site_name":"Organisator","article_publisher":"https:\/\/www.facebook.com\/OrganisatorFachmagazin","article_published_time":"2022-05-31T07:26:54+00:00","article_modified_time":"2022-07-30T07:53:34+00:00","og_image":[{"url":"https:\/\/www.werbewoche.ch\/wp-content\/uploads\/2022\/05\/Bildschirmfoto-2022-05-31-um-09.23.52.png","type":"","width":"","height":""}],"author":"galledia","twitter_card":"summary_large_image","twitter_creator":"@admin","schema":{"@context":"https:\/\/schema.org","@graph":[{"@type":"Article","@id":"https:\/\/www.werbewoche.ch\/de\/marketing\/marktforschung\/2022-05-31\/online-einkaeufe-neuerdings-shoppen-wir-lieber-am-abend\/#article","isPartOf":{"@id":"https:\/\/www.organisator.ch\/marketing\/2022-05-31\/online-einkaeufe-neuerdings-shoppen-wir-lieber-am-abend\/"},"author":{"name":"galledia","@id":"https:\/\/www.organisator.ch\/#\/schema\/person\/4e51799071cd2dd1232ac003643ef5f0"},"headline":"Online-Eink\u00e4ufe: Neuerdings shoppen wir lieber am Abend","datePublished":"2022-05-31T07:26:54+00:00","dateModified":"2022-07-30T07:53:34+00:00","mainEntityOfPage":{"@id":"https:\/\/www.organisator.ch\/marketing\/2022-05-31\/online-einkaeufe-neuerdings-shoppen-wir-lieber-am-abend\/"},"wordCount":366,"publisher":{"@id":"https:\/\/www.organisator.ch\/#organization"},"image":{"@id":"https:\/\/www.werbewoche.ch\/de\/marketing\/marktforschung\/2022-05-31\/online-einkaeufe-neuerdings-shoppen-wir-lieber-am-abend\/#primaryimage"},"thumbnailUrl":"https:\/\/www.werbewoche.ch\/wp-content\/uploads\/2022\/05\/Bildschirmfoto-2022-05-31-um-09.23.52.png","keywords":["Abend","Digitec Galaxus","Neuerdings","Online-Eink\u00e4ufe"],"articleSection":["MARKETING"],"inLanguage":"fr-FR"},{"@type":"WebPage","@id":"https:\/\/www.organisator.ch\/marketing\/2022-05-31\/online-einkaeufe-neuerdings-shoppen-wir-lieber-am-abend\/","url":"https:\/\/www.werbewoche.ch\/de\/marketing\/marktforschung\/2022-05-31\/online-einkaeufe-neuerdings-shoppen-wir-lieber-am-abend\/","name":"Achats en ligne : depuis peu, nous pr\u00e9f\u00e9rons faire nos achats le soir - Organisateur","isPartOf":{"@id":"https:\/\/www.organisator.ch\/#website"},"primaryImageOfPage":{"@id":"https:\/\/www.werbewoche.ch\/de\/marketing\/marktforschung\/2022-05-31\/online-einkaeufe-neuerdings-shoppen-wir-lieber-am-abend\/#primaryimage"},"image":{"@id":"https:\/\/www.werbewoche.ch\/de\/marketing\/marktforschung\/2022-05-31\/online-einkaeufe-neuerdings-shoppen-wir-lieber-am-abend\/#primaryimage"},"thumbnailUrl":"https:\/\/www.werbewoche.ch\/wp-content\/uploads\/2022\/05\/Bildschirmfoto-2022-05-31-um-09.23.52.png","datePublished":"2022-05-31T07:26:54+00:00","dateModified":"2022-07-30T07:53:34+00:00","description":"Digitec Galaxus a \u00e9valu\u00e9 les achats effectu\u00e9s au cours des trois derni\u00e8res ann\u00e9es - et a constat\u00e9 que les achats en ligne sont de plus en plus effectu\u00e9s le soir.","breadcrumb":{"@id":"https:\/\/www.werbewoche.ch\/de\/marketing\/marktforschung\/2022-05-31\/online-einkaeufe-neuerdings-shoppen-wir-lieber-am-abend\/#breadcrumb"},"inLanguage":"fr-FR","potentialAction":[{"@type":"ReadAction","target":["https:\/\/www.werbewoche.ch\/de\/marketing\/marktforschung\/2022-05-31\/online-einkaeufe-neuerdings-shoppen-wir-lieber-am-abend\/"]}]},{"@type":"ImageObject","inLanguage":"fr-FR","@id":"https:\/\/www.werbewoche.ch\/de\/marketing\/marktforschung\/2022-05-31\/online-einkaeufe-neuerdings-shoppen-wir-lieber-am-abend\/#primaryimage","url":"https:\/\/www.werbewoche.ch\/wp-content\/uploads\/2022\/05\/Bildschirmfoto-2022-05-31-um-09.23.52.png","contentUrl":"https:\/\/www.werbewoche.ch\/wp-content\/uploads\/2022\/05\/Bildschirmfoto-2022-05-31-um-09.23.52.png"},{"@type":"BreadcrumbList","@id":"https:\/\/www.werbewoche.ch\/de\/marketing\/marktforschung\/2022-05-31\/online-einkaeufe-neuerdings-shoppen-wir-lieber-am-abend\/#breadcrumb","itemListElement":[{"@type":"ListItem","position":1,"name":"Home","item":"https:\/\/www.organisator.ch\/"},{"@type":"ListItem","position":2,"name":"Online-Eink\u00e4ufe: Neuerdings shoppen wir lieber am Abend"}]},{"@type":"WebSite","@id":"https:\/\/www.organisator.ch\/#website","url":"https:\/\/www.organisator.ch\/","name":"Organisateur","description":"Comp\u00e9tence et comp\u00e9tence. Proches de la pratique. L'ORGANISATEUR pr\u00e9pare 10 num\u00e9ros par an sur les th\u00e8mes essentiels pour les dirigeants de PME.","publisher":{"@id":"https:\/\/www.organisator.ch\/#organization"},"potentialAction":[{"@type":"SearchAction","target":{"@type":"EntryPoint","urlTemplate":"https:\/\/www.organisator.ch\/?s={search_term_string}"},"query-input":{"@type":"PropertyValueSpecification","valueRequired":true,"valueName":"search_term_string"}}],"inLanguage":"fr-FR"},{"@type":"Organization","@id":"https:\/\/www.organisator.ch\/#organization","name":"Organisateur","url":"https:\/\/www.organisator.ch\/","logo":{"@type":"ImageObject","inLanguage":"fr-FR","@id":"https:\/\/www.organisator.ch\/#\/schema\/logo\/image\/","url":"https:\/\/www.organisator.ch\/wp-content\/uploads\/2022\/01\/Logo_Organisator_Website.png","contentUrl":"https:\/\/www.organisator.ch\/wp-content\/uploads\/2022\/01\/Logo_Organisator_Website.png","width":800,"height":77,"caption":"Organisator"},"image":{"@id":"https:\/\/www.organisator.ch\/#\/schema\/logo\/image\/"},"sameAs":["https:\/\/www.facebook.com\/OrganisatorFachmagazin","https:\/\/www.linkedin.com\/showcase\/organisator-das-magazin-fr-kmu","https:\/\/www.xing.com\/news\/pages\/organisator-ch-695","https:\/\/www.youtube.com\/channel\/UCGP2Sq0iWaZwT3BdIAQFYpw"]},{"@type":"Person","@id":"https:\/\/www.organisator.ch\/#\/schema\/person\/4e51799071cd2dd1232ac003643ef5f0","name":"galledia","image":{"@type":"ImageObject","inLanguage":"fr-FR","@id":"https:\/\/secure.gravatar.com\/avatar\/78a7f90c01fc2bfc875782a0d4922b37cde2cf184ce347b91316d23cd7f69a36?s=96&d=mm&r=g","url":"https:\/\/secure.gravatar.com\/avatar\/78a7f90c01fc2bfc875782a0d4922b37cde2cf184ce347b91316d23cd7f69a36?s=96&d=mm&r=g","contentUrl":"https:\/\/secure.gravatar.com\/avatar\/78a7f90c01fc2bfc875782a0d4922b37cde2cf184ce347b91316d23cd7f69a36?s=96&d=mm&r=g","caption":"galledia"},"sameAs":["https:\/\/x.com\/admin"],"url":"https:\/\/www.organisator.ch\/fr\/author\/galledia\/"}]}},"_links":{"self":[{"href":"https:\/\/www.organisator.ch\/fr\/wp-json\/wp\/v2\/posts\/13048","targetHints":{"allow":["GET"]}}],"collection":[{"href":"https:\/\/www.organisator.ch\/fr\/wp-json\/wp\/v2\/posts"}],"about":[{"href":"https:\/\/www.organisator.ch\/fr\/wp-json\/wp\/v2\/types\/post"}],"author":[{"embeddable":true,"href":"https:\/\/www.organisator.ch\/fr\/wp-json\/wp\/v2\/users\/8"}],"replies":[{"embeddable":true,"href":"https:\/\/www.organisator.ch\/fr\/wp-json\/wp\/v2\/comments?post=13048"}],"version-history":[{"count":3,"href":"https:\/\/www.organisator.ch\/fr\/wp-json\/wp\/v2\/posts\/13048\/revisions"}],"predecessor-version":[{"id":16021,"href":"https:\/\/www.organisator.ch\/fr\/wp-json\/wp\/v2\/posts\/13048\/revisions\/16021"}],"wp:attachment":[{"href":"https:\/\/www.organisator.ch\/fr\/wp-json\/wp\/v2\/media?parent=13048"}],"wp:term":[{"taxonomy":"category","embeddable":true,"href":"https:\/\/www.organisator.ch\/fr\/wp-json\/wp\/v2\/categories?post=13048"},{"taxonomy":"post_tag","embeddable":true,"href":"https:\/\/www.organisator.ch\/fr\/wp-json\/wp\/v2\/tags?post=13048"}],"curies":[{"name":"wp","href":"https:\/\/api.w.org\/{rel}","templated":true}]}}