{"id":13053,"date":"2022-05-31T11:33:40","date_gmt":"2022-05-31T09:33:40","guid":{"rendered":"https:\/\/www.organisator.ch\/?p=13053"},"modified":"2022-05-31T11:33:40","modified_gmt":"2022-05-31T09:33:40","slug":"erste-digitale-plattform-fuer-abfallmanagement-in-der-schweiz","status":"publish","type":"post","link":"https:\/\/www.organisator.ch\/fr\/sustainability\/2022-05-31\/erste-digitale-plattform-fuer-abfallmanagement-in-der-schweiz\/","title":{"rendered":"Premi\u00e8re plateforme num\u00e9rique pour la gestion des d\u00e9chets en Suisse"},"content":{"rendered":"<figure id=\"attachment_13054\" aria-describedby=\"caption-attachment-13054\" style=\"width: 680px\" class=\"wp-caption alignnone\"><img loading=\"lazy\" decoding=\"async\" class=\"size-full wp-image-13054\" src=\"https:\/\/www.organisator.ch\/wp-content\/uploads\/2022\/05\/Erste-digitale-Plattform-fuer-Abfallmanagement-in-der-Schweiz_Organisator.jpg\" alt=\"\" width=\"680\" height=\"374\" srcset=\"https:\/\/www.organisator.ch\/wp-content\/uploads\/2022\/05\/Erste-digitale-Plattform-fuer-Abfallmanagement-in-der-Schweiz_Organisator.jpg 680w, https:\/\/www.organisator.ch\/wp-content\/uploads\/2022\/05\/Erste-digitale-Plattform-fuer-Abfallmanagement-in-der-Schweiz_Organisator-18x10.jpg 18w, https:\/\/www.organisator.ch\/wp-content\/uploads\/2022\/05\/Erste-digitale-Plattform-fuer-Abfallmanagement-in-der-Schweiz_Organisator-318x175.jpg 318w, https:\/\/www.organisator.ch\/wp-content\/uploads\/2022\/05\/Erste-digitale-Plattform-fuer-Abfallmanagement-in-der-Schweiz_Organisator-636x350.jpg 636w, https:\/\/www.organisator.ch\/wp-content\/uploads\/2022\/05\/Erste-digitale-Plattform-fuer-Abfallmanagement-in-der-Schweiz_Organisator-300x165.jpg 300w\" sizes=\"auto, (max-width: 680px) 100vw, 680px\" \/><figcaption id=\"caption-attachment-13054\" class=\"wp-caption-text\">Mieux g\u00e9rer l'\u00e9limination des d\u00e9chets : Metawaste lance une plateforme num\u00e9rique pour la gestion des d\u00e9chets. (Image : Pixabay.com)<\/figcaption><\/figure>\n<p>Metawaste est un r\u00e9seau de fournisseurs et de partenaires dans toute la Suisse, qui mise sur une approche collaborative qu'il qualifie d'unique. Le r\u00e9seau s'est fix\u00e9 pour objectif de r\u00e9unir les acteurs de la gestion des d\u00e9chets en Suisse afin de proposer \u00e0 leurs clients des solutions de collecte et de traitement optimales. Vincent Chapel, pr\u00e9sident et fondateur de l'entreprise, \u00e9nonce ses objectifs : \"En associant les entreprises nationales de gestion des d\u00e9chets et les recycleurs, Metawaste contribue de deux mani\u00e8res \u00e0 l'\u00e9conomie circulaire : D'une part, nous encourageons nos partenaires \u00e0 rejoindre la plateforme afin d'offrir un r\u00e9seau efficace de collecte des d\u00e9chets dans tout le pays et, d'autre part, nous permettons \u00e0 nos clients de r\u00e9duire leur empreinte carbone gr\u00e2ce \u00e0 des outils num\u00e9riques\".<\/p>\n<h3><strong>Des outils num\u00e9riques pour une \u00e9conomie durable <\/strong><\/h3>\n<p>Les \u00e9missions de CO<sub>2<\/sub>-est devenu un indicateur important pour les entreprises : Il leur permet de d\u00e9terminer les mesures \u00e0 mettre en \u0153uvre en priorit\u00e9 pour r\u00e9duire leur empreinte \u00e9cologique. Genius, la nouvelle plateforme num\u00e9rique de gestion des d\u00e9chets, contribuerait, selon Metawaste, \u00e0 cette dynamique en proposant plusieurs fonctionnalit\u00e9s qui permettraient d'analyser les donn\u00e9es li\u00e9es aux flux de d\u00e9chets, notamment<\/p>\n<ul>\n<li>Gestion centralis\u00e9e des d\u00e9chets et suivi en temps r\u00e9el de l'itin\u00e9raire de collecte et du nombre d'interventions effectu\u00e9es<\/li>\n<li>Bilan en temps r\u00e9el des op\u00e9rations de tri, de recyclage et de valorisation<\/li>\n<li>Suivi budg\u00e9taire en temps r\u00e9el avec d\u00e9tails des d\u00e9penses moyennes par collecte et co\u00fbts par type de d\u00e9chets<\/li>\n<li>Surveillance en direct des \u00e9missions de CO<sub>2<\/sub>-Performance (rejet\u00e9e vs. \u00e9vit\u00e9e)<\/li>\n<li>Et, le cas \u00e9ch\u00e9ant, la gestion en temps r\u00e9el des non-conformit\u00e9s<\/li>\n<\/ul>\n<p>Gr\u00e2ce \u00e0 une interface utilisateur claire et facile \u00e0 utiliser, les utilisateurs peuvent acc\u00e9der rapidement \u00e0 diff\u00e9rentes informations et g\u00e9rer tous les processus en ligne.<\/p>\n<h3><strong>Partenaire en mati\u00e8re de gestion des d\u00e9chets<\/strong><\/h3>\n<p>La plateforme num\u00e9rique a \u00e9t\u00e9 d\u00e9velopp\u00e9e avec l'aide de l'expertise des \u00e9quipes de SRS Global Services, une entreprise avec une exp\u00e9rience unique dans la gestion des d\u00e9chets des grandes entreprises suisses. SRS Global Services traite les d\u00e9chets de 800 sites clients en Suisse et s'occupe de 65 000 tonnes de d\u00e9chets par an. Cette exp\u00e9rience a \u00e9t\u00e9 d\u00e9cisive pour mettre en \u0153uvre une solution adapt\u00e9e au march\u00e9 et r\u00e9pondant aux exigences des clients. Metawaste g\u00e8re actuellement les d\u00e9chets industriels et de d\u00e9tail ; une offre pour les d\u00e9chets de construction devrait \u00eatre d\u00e9velopp\u00e9e d'ici fin 2022.<\/p>\n<p><em>Source et informations compl\u00e9mentaires : <a href=\"http:\/\/www.metawaste.com\">www.metawaste.com<\/a><\/em><\/p>","protected":false},"excerpt":{"rendered":"<p>Metawaste ist ein Netzwerk von Anbietern und Partnern in der ganzen Schweiz und setzt dabei auf einen nach eigener Darstellung einzigartigen kollaborativen Ansatz. Das Netzwerk hat sich zum Ziel gesetzt, die Akteure der Abfallwirtschaft in der Schweiz zusammenzuf\u00fchren, um ihren Kunden optimale Sammel- und Aufbereitungsl\u00f6sungen anzubieten. Vincent Chapel, Pr\u00e4sident und Gr\u00fcnder des Unternehmens, nennt seine [&hellip;]<\/p>\n","protected":false},"author":4,"featured_media":13054,"comment_status":"closed","ping_status":"closed","sticky":false,"template":"","format":"standard","meta":{"_acf_changed":false,"_yoast_wpseo_focuskw":"Abfallmanagement","_yoast_wpseo_metadesc":"SRS Global Services \u00e4ndert seinen Namen in Metawaste und startet eine digitale Plattform f\u00fcr Abfallmanagement namens Genius.","articlekey":"","footnotes":""},"categories":[580],"tags":[2900,156,1987],"class_list":["post-13053","post","type-post","status-publish","format-standard","has-post-thumbnail","hentry","category-sustainability","tag-abfallmanagement","tag-digitalisierung","tag-recycling"],"acf":[],"yoast_head":"<!-- This site is optimized with the Yoast SEO plugin v27.5 - https:\/\/yoast.com\/product\/yoast-seo-wordpress\/ -->\n<title>Erste digitale Plattform f\u00fcr Abfallmanagement in der Schweiz - Organisator<\/title>\n<meta name=\"description\" content=\"SRS Global Services \u00e4ndert seinen Namen in Metawaste und startet eine digitale Plattform f\u00fcr Abfallmanagement namens Genius.\" \/>\n<meta name=\"robots\" content=\"index, follow, max-snippet:-1, max-image-preview:large, max-video-preview:-1\" \/>\n<link rel=\"canonical\" href=\"https:\/\/www.organisator.ch\/fr\/sustainability\/2022-05-31\/erste-digitale-plattform-fuer-abfallmanagement-in-der-schweiz\/\" \/>\n<meta property=\"og:locale\" content=\"fr_FR\" \/>\n<meta property=\"og:type\" content=\"article\" \/>\n<meta property=\"og:title\" content=\"Erste digitale Plattform f\u00fcr Abfallmanagement in der Schweiz\" \/>\n<meta property=\"og:description\" content=\"SRS Global Services \u00e4ndert seinen Namen in Metawaste und startet eine digitale Plattform f\u00fcr Abfallmanagement namens Genius.\" \/>\n<meta property=\"og:url\" content=\"https:\/\/www.organisator.ch\/fr\/sustainability\/2022-05-31\/erste-digitale-plattform-fuer-abfallmanagement-in-der-schweiz\/\" \/>\n<meta property=\"og:site_name\" content=\"Organisator\" \/>\n<meta property=\"article:publisher\" content=\"https:\/\/www.facebook.com\/OrganisatorFachmagazin\" \/>\n<meta property=\"article:published_time\" content=\"2022-05-31T09:33:40+00:00\" \/>\n<meta property=\"og:image\" content=\"https:\/\/www.organisator.ch\/wp-content\/uploads\/2022\/05\/Erste-digitale-Plattform-fuer-Abfallmanagement-in-der-Schweiz_Organisator.jpg\" \/>\n\t<meta property=\"og:image:width\" content=\"680\" \/>\n\t<meta property=\"og:image:height\" content=\"374\" \/>\n\t<meta property=\"og:image:type\" content=\"image\/jpeg\" \/>\n<meta name=\"author\" content=\"thomas.berner\" \/>\n<meta name=\"twitter:card\" content=\"summary_large_image\" \/>\n<meta name=\"twitter:title\" content=\"Erste digitale #Plattform f\u00fcr #Abfallmanagement in der Schweiz\" \/>\n<meta name=\"twitter:description\" content=\"SRS Global Services \u00e4ndert seinen Namen in #Metawaste und startet eine digitale Plattform f\u00fcr #Abfallmanagement namens Genius.\" \/>\n<meta name=\"twitter:image\" content=\"https:\/\/www.organisator.ch\/wp-content\/uploads\/2022\/05\/Erste-digitale-Plattform-fuer-Abfallmanagement-in-der-Schweiz_Organisator.jpg\" \/>\n<script type=\"application\/ld+json\" class=\"yoast-schema-graph\">{\"@context\":\"https:\\\/\\\/schema.org\",\"@graph\":[{\"@type\":\"Article\",\"@id\":\"https:\\\/\\\/www.organisator.ch\\\/sustainability\\\/2022-05-31\\\/erste-digitale-plattform-fuer-abfallmanagement-in-der-schweiz\\\/#article\",\"isPartOf\":{\"@id\":\"https:\\\/\\\/www.organisator.ch\\\/sustainability\\\/2022-05-31\\\/erste-digitale-plattform-fuer-abfallmanagement-in-der-schweiz\\\/\"},\"author\":{\"name\":\"thomas.berner\",\"@id\":\"https:\\\/\\\/www.organisator.ch\\\/#\\\/schema\\\/person\\\/6f650f90b2842cd4c0cc334b4e36f67e\"},\"headline\":\"Erste digitale Plattform f\u00fcr Abfallmanagement in der Schweiz\",\"datePublished\":\"2022-05-31T09:33:40+00:00\",\"mainEntityOfPage\":{\"@id\":\"https:\\\/\\\/www.organisator.ch\\\/sustainability\\\/2022-05-31\\\/erste-digitale-plattform-fuer-abfallmanagement-in-der-schweiz\\\/\"},\"wordCount\":378,\"publisher\":{\"@id\":\"https:\\\/\\\/www.organisator.ch\\\/#organization\"},\"image\":{\"@id\":\"https:\\\/\\\/www.organisator.ch\\\/sustainability\\\/2022-05-31\\\/erste-digitale-plattform-fuer-abfallmanagement-in-der-schweiz\\\/#primaryimage\"},\"thumbnailUrl\":\"https:\\\/\\\/www.organisator.ch\\\/wp-content\\\/uploads\\\/2022\\\/05\\\/Erste-digitale-Plattform-fuer-Abfallmanagement-in-der-Schweiz_Organisator.jpg\",\"keywords\":[\"Abfallmanagement\",\"Digitalisierung\",\"Recycling\"],\"articleSection\":[\"SUSTAINABILITY\"],\"inLanguage\":\"fr-FR\"},{\"@type\":\"WebPage\",\"@id\":\"https:\\\/\\\/www.organisator.ch\\\/sustainability\\\/2022-05-31\\\/erste-digitale-plattform-fuer-abfallmanagement-in-der-schweiz\\\/\",\"url\":\"https:\\\/\\\/www.organisator.ch\\\/sustainability\\\/2022-05-31\\\/erste-digitale-plattform-fuer-abfallmanagement-in-der-schweiz\\\/\",\"name\":\"Erste digitale Plattform f\u00fcr Abfallmanagement in der Schweiz - Organisator\",\"isPartOf\":{\"@id\":\"https:\\\/\\\/www.organisator.ch\\\/#website\"},\"primaryImageOfPage\":{\"@id\":\"https:\\\/\\\/www.organisator.ch\\\/sustainability\\\/2022-05-31\\\/erste-digitale-plattform-fuer-abfallmanagement-in-der-schweiz\\\/#primaryimage\"},\"image\":{\"@id\":\"https:\\\/\\\/www.organisator.ch\\\/sustainability\\\/2022-05-31\\\/erste-digitale-plattform-fuer-abfallmanagement-in-der-schweiz\\\/#primaryimage\"},\"thumbnailUrl\":\"https:\\\/\\\/www.organisator.ch\\\/wp-content\\\/uploads\\\/2022\\\/05\\\/Erste-digitale-Plattform-fuer-Abfallmanagement-in-der-Schweiz_Organisator.jpg\",\"datePublished\":\"2022-05-31T09:33:40+00:00\",\"description\":\"SRS Global Services \u00e4ndert seinen Namen in Metawaste und startet eine digitale Plattform f\u00fcr Abfallmanagement namens Genius.\",\"breadcrumb\":{\"@id\":\"https:\\\/\\\/www.organisator.ch\\\/sustainability\\\/2022-05-31\\\/erste-digitale-plattform-fuer-abfallmanagement-in-der-schweiz\\\/#breadcrumb\"},\"inLanguage\":\"fr-FR\",\"potentialAction\":[{\"@type\":\"ReadAction\",\"target\":[\"https:\\\/\\\/www.organisator.ch\\\/sustainability\\\/2022-05-31\\\/erste-digitale-plattform-fuer-abfallmanagement-in-der-schweiz\\\/\"]}]},{\"@type\":\"ImageObject\",\"inLanguage\":\"fr-FR\",\"@id\":\"https:\\\/\\\/www.organisator.ch\\\/sustainability\\\/2022-05-31\\\/erste-digitale-plattform-fuer-abfallmanagement-in-der-schweiz\\\/#primaryimage\",\"url\":\"https:\\\/\\\/www.organisator.ch\\\/wp-content\\\/uploads\\\/2022\\\/05\\\/Erste-digitale-Plattform-fuer-Abfallmanagement-in-der-Schweiz_Organisator.jpg\",\"contentUrl\":\"https:\\\/\\\/www.organisator.ch\\\/wp-content\\\/uploads\\\/2022\\\/05\\\/Erste-digitale-Plattform-fuer-Abfallmanagement-in-der-Schweiz_Organisator.jpg\",\"width\":680,\"height\":374,\"caption\":\"Die Entsorgung besser managen: Metawaste lanciert eine Plattform f\u00fcr Abfallmanagement. (Bild: Pixabay.com)\"},{\"@type\":\"BreadcrumbList\",\"@id\":\"https:\\\/\\\/www.organisator.ch\\\/sustainability\\\/2022-05-31\\\/erste-digitale-plattform-fuer-abfallmanagement-in-der-schweiz\\\/#breadcrumb\",\"itemListElement\":[{\"@type\":\"ListItem\",\"position\":1,\"name\":\"Home\",\"item\":\"https:\\\/\\\/www.organisator.ch\\\/\"},{\"@type\":\"ListItem\",\"position\":2,\"name\":\"Erste digitale Plattform f\u00fcr Abfallmanagement in der Schweiz\"}]},{\"@type\":\"WebSite\",\"@id\":\"https:\\\/\\\/www.organisator.ch\\\/#website\",\"url\":\"https:\\\/\\\/www.organisator.ch\\\/\",\"name\":\"Organisator\",\"description\":\"Kompetent. Praxisnah. Der ORGANISATOR bereitet in 10 Ausgaben pro Jahr die wesentlichen Themen f\u00fcr F\u00fchrungskr\u00e4fte von KMU auf.\",\"publisher\":{\"@id\":\"https:\\\/\\\/www.organisator.ch\\\/#organization\"},\"potentialAction\":[{\"@type\":\"SearchAction\",\"target\":{\"@type\":\"EntryPoint\",\"urlTemplate\":\"https:\\\/\\\/www.organisator.ch\\\/?s={search_term_string}\"},\"query-input\":{\"@type\":\"PropertyValueSpecification\",\"valueRequired\":true,\"valueName\":\"search_term_string\"}}],\"inLanguage\":\"fr-FR\"},{\"@type\":\"Organization\",\"@id\":\"https:\\\/\\\/www.organisator.ch\\\/#organization\",\"name\":\"Organisator\",\"url\":\"https:\\\/\\\/www.organisator.ch\\\/\",\"logo\":{\"@type\":\"ImageObject\",\"inLanguage\":\"fr-FR\",\"@id\":\"https:\\\/\\\/www.organisator.ch\\\/#\\\/schema\\\/logo\\\/image\\\/\",\"url\":\"https:\\\/\\\/www.organisator.ch\\\/wp-content\\\/uploads\\\/2022\\\/01\\\/Logo_Organisator_Website.png\",\"contentUrl\":\"https:\\\/\\\/www.organisator.ch\\\/wp-content\\\/uploads\\\/2022\\\/01\\\/Logo_Organisator_Website.png\",\"width\":800,\"height\":77,\"caption\":\"Organisator\"},\"image\":{\"@id\":\"https:\\\/\\\/www.organisator.ch\\\/#\\\/schema\\\/logo\\\/image\\\/\"},\"sameAs\":[\"https:\\\/\\\/www.facebook.com\\\/OrganisatorFachmagazin\",\"https:\\\/\\\/www.linkedin.com\\\/showcase\\\/organisator-das-magazin-fr-kmu\",\"https:\\\/\\\/www.xing.com\\\/news\\\/pages\\\/organisator-ch-695\",\"https:\\\/\\\/www.youtube.com\\\/channel\\\/UCGP2Sq0iWaZwT3BdIAQFYpw\"]},{\"@type\":\"Person\",\"@id\":\"https:\\\/\\\/www.organisator.ch\\\/#\\\/schema\\\/person\\\/6f650f90b2842cd4c0cc334b4e36f67e\",\"name\":\"thomas.berner\",\"image\":{\"@type\":\"ImageObject\",\"inLanguage\":\"fr-FR\",\"@id\":\"https:\\\/\\\/secure.gravatar.com\\\/avatar\\\/ac5001d2a36cb6c6cd3e50789007ffca834b477b74a2144564522e944eabff61?s=96&d=mm&r=g\",\"url\":\"https:\\\/\\\/secure.gravatar.com\\\/avatar\\\/ac5001d2a36cb6c6cd3e50789007ffca834b477b74a2144564522e944eabff61?s=96&d=mm&r=g\",\"contentUrl\":\"https:\\\/\\\/secure.gravatar.com\\\/avatar\\\/ac5001d2a36cb6c6cd3e50789007ffca834b477b74a2144564522e944eabff61?s=96&d=mm&r=g\",\"caption\":\"thomas.berner\"},\"url\":\"https:\\\/\\\/www.organisator.ch\\\/fr\\\/author\\\/thomas-berner\\\/\"}]}<\/script>\n<!-- \/ Yoast SEO plugin. -->","yoast_head_json":{"title":"Premi\u00e8re plate-forme num\u00e9rique pour la gestion des d\u00e9chets en Suisse - Organisateur","description":"SRS Global Services change de nom pour devenir Metawaste et lance une plateforme num\u00e9rique de gestion des d\u00e9chets appel\u00e9e Genius.","robots":{"index":"index","follow":"follow","max-snippet":"max-snippet:-1","max-image-preview":"max-image-preview:large","max-video-preview":"max-video-preview:-1"},"canonical":"https:\/\/www.organisator.ch\/fr\/sustainability\/2022-05-31\/erste-digitale-plattform-fuer-abfallmanagement-in-der-schweiz\/","og_locale":"fr_FR","og_type":"article","og_title":"Erste digitale Plattform f\u00fcr Abfallmanagement in der Schweiz","og_description":"SRS Global Services \u00e4ndert seinen Namen in Metawaste und startet eine digitale Plattform f\u00fcr Abfallmanagement namens Genius.","og_url":"https:\/\/www.organisator.ch\/fr\/sustainability\/2022-05-31\/erste-digitale-plattform-fuer-abfallmanagement-in-der-schweiz\/","og_site_name":"Organisator","article_publisher":"https:\/\/www.facebook.com\/OrganisatorFachmagazin","article_published_time":"2022-05-31T09:33:40+00:00","og_image":[{"width":680,"height":374,"url":"https:\/\/www.organisator.ch\/wp-content\/uploads\/2022\/05\/Erste-digitale-Plattform-fuer-Abfallmanagement-in-der-Schweiz_Organisator.jpg","type":"image\/jpeg"}],"author":"thomas.berner","twitter_card":"summary_large_image","twitter_title":"Erste digitale #Plattform f\u00fcr #Abfallmanagement in der Schweiz","twitter_description":"SRS Global Services \u00e4ndert seinen Namen in #Metawaste und startet eine digitale Plattform f\u00fcr #Abfallmanagement namens Genius.","twitter_image":"https:\/\/www.organisator.ch\/wp-content\/uploads\/2022\/05\/Erste-digitale-Plattform-fuer-Abfallmanagement-in-der-Schweiz_Organisator.jpg","schema":{"@context":"https:\/\/schema.org","@graph":[{"@type":"Article","@id":"https:\/\/www.organisator.ch\/sustainability\/2022-05-31\/erste-digitale-plattform-fuer-abfallmanagement-in-der-schweiz\/#article","isPartOf":{"@id":"https:\/\/www.organisator.ch\/sustainability\/2022-05-31\/erste-digitale-plattform-fuer-abfallmanagement-in-der-schweiz\/"},"author":{"name":"thomas.berner","@id":"https:\/\/www.organisator.ch\/#\/schema\/person\/6f650f90b2842cd4c0cc334b4e36f67e"},"headline":"Erste digitale Plattform f\u00fcr Abfallmanagement in der Schweiz","datePublished":"2022-05-31T09:33:40+00:00","mainEntityOfPage":{"@id":"https:\/\/www.organisator.ch\/sustainability\/2022-05-31\/erste-digitale-plattform-fuer-abfallmanagement-in-der-schweiz\/"},"wordCount":378,"publisher":{"@id":"https:\/\/www.organisator.ch\/#organization"},"image":{"@id":"https:\/\/www.organisator.ch\/sustainability\/2022-05-31\/erste-digitale-plattform-fuer-abfallmanagement-in-der-schweiz\/#primaryimage"},"thumbnailUrl":"https:\/\/www.organisator.ch\/wp-content\/uploads\/2022\/05\/Erste-digitale-Plattform-fuer-Abfallmanagement-in-der-Schweiz_Organisator.jpg","keywords":["Abfallmanagement","Digitalisierung","Recycling"],"articleSection":["SUSTAINABILITY"],"inLanguage":"fr-FR"},{"@type":"WebPage","@id":"https:\/\/www.organisator.ch\/sustainability\/2022-05-31\/erste-digitale-plattform-fuer-abfallmanagement-in-der-schweiz\/","url":"https:\/\/www.organisator.ch\/sustainability\/2022-05-31\/erste-digitale-plattform-fuer-abfallmanagement-in-der-schweiz\/","name":"Premi\u00e8re plate-forme num\u00e9rique pour la gestion des d\u00e9chets en Suisse - Organisateur","isPartOf":{"@id":"https:\/\/www.organisator.ch\/#website"},"primaryImageOfPage":{"@id":"https:\/\/www.organisator.ch\/sustainability\/2022-05-31\/erste-digitale-plattform-fuer-abfallmanagement-in-der-schweiz\/#primaryimage"},"image":{"@id":"https:\/\/www.organisator.ch\/sustainability\/2022-05-31\/erste-digitale-plattform-fuer-abfallmanagement-in-der-schweiz\/#primaryimage"},"thumbnailUrl":"https:\/\/www.organisator.ch\/wp-content\/uploads\/2022\/05\/Erste-digitale-Plattform-fuer-Abfallmanagement-in-der-Schweiz_Organisator.jpg","datePublished":"2022-05-31T09:33:40+00:00","description":"SRS Global Services change de nom pour devenir Metawaste et lance une plateforme num\u00e9rique de gestion des d\u00e9chets appel\u00e9e Genius.","breadcrumb":{"@id":"https:\/\/www.organisator.ch\/sustainability\/2022-05-31\/erste-digitale-plattform-fuer-abfallmanagement-in-der-schweiz\/#breadcrumb"},"inLanguage":"fr-FR","potentialAction":[{"@type":"ReadAction","target":["https:\/\/www.organisator.ch\/sustainability\/2022-05-31\/erste-digitale-plattform-fuer-abfallmanagement-in-der-schweiz\/"]}]},{"@type":"ImageObject","inLanguage":"fr-FR","@id":"https:\/\/www.organisator.ch\/sustainability\/2022-05-31\/erste-digitale-plattform-fuer-abfallmanagement-in-der-schweiz\/#primaryimage","url":"https:\/\/www.organisator.ch\/wp-content\/uploads\/2022\/05\/Erste-digitale-Plattform-fuer-Abfallmanagement-in-der-Schweiz_Organisator.jpg","contentUrl":"https:\/\/www.organisator.ch\/wp-content\/uploads\/2022\/05\/Erste-digitale-Plattform-fuer-Abfallmanagement-in-der-Schweiz_Organisator.jpg","width":680,"height":374,"caption":"Die Entsorgung besser managen: Metawaste lanciert eine Plattform f\u00fcr Abfallmanagement. (Bild: Pixabay.com)"},{"@type":"BreadcrumbList","@id":"https:\/\/www.organisator.ch\/sustainability\/2022-05-31\/erste-digitale-plattform-fuer-abfallmanagement-in-der-schweiz\/#breadcrumb","itemListElement":[{"@type":"ListItem","position":1,"name":"Home","item":"https:\/\/www.organisator.ch\/"},{"@type":"ListItem","position":2,"name":"Erste digitale Plattform f\u00fcr Abfallmanagement in der Schweiz"}]},{"@type":"WebSite","@id":"https:\/\/www.organisator.ch\/#website","url":"https:\/\/www.organisator.ch\/","name":"Organisateur","description":"Comp\u00e9tence et comp\u00e9tence. Proches de la pratique. L'ORGANISATEUR pr\u00e9pare 10 num\u00e9ros par an sur les th\u00e8mes essentiels pour les dirigeants de PME.","publisher":{"@id":"https:\/\/www.organisator.ch\/#organization"},"potentialAction":[{"@type":"SearchAction","target":{"@type":"EntryPoint","urlTemplate":"https:\/\/www.organisator.ch\/?s={search_term_string}"},"query-input":{"@type":"PropertyValueSpecification","valueRequired":true,"valueName":"search_term_string"}}],"inLanguage":"fr-FR"},{"@type":"Organization","@id":"https:\/\/www.organisator.ch\/#organization","name":"Organisateur","url":"https:\/\/www.organisator.ch\/","logo":{"@type":"ImageObject","inLanguage":"fr-FR","@id":"https:\/\/www.organisator.ch\/#\/schema\/logo\/image\/","url":"https:\/\/www.organisator.ch\/wp-content\/uploads\/2022\/01\/Logo_Organisator_Website.png","contentUrl":"https:\/\/www.organisator.ch\/wp-content\/uploads\/2022\/01\/Logo_Organisator_Website.png","width":800,"height":77,"caption":"Organisator"},"image":{"@id":"https:\/\/www.organisator.ch\/#\/schema\/logo\/image\/"},"sameAs":["https:\/\/www.facebook.com\/OrganisatorFachmagazin","https:\/\/www.linkedin.com\/showcase\/organisator-das-magazin-fr-kmu","https:\/\/www.xing.com\/news\/pages\/organisator-ch-695","https:\/\/www.youtube.com\/channel\/UCGP2Sq0iWaZwT3BdIAQFYpw"]},{"@type":"Person","@id":"https:\/\/www.organisator.ch\/#\/schema\/person\/6f650f90b2842cd4c0cc334b4e36f67e","name":"thomas.berner","image":{"@type":"ImageObject","inLanguage":"fr-FR","@id":"https:\/\/secure.gravatar.com\/avatar\/ac5001d2a36cb6c6cd3e50789007ffca834b477b74a2144564522e944eabff61?s=96&d=mm&r=g","url":"https:\/\/secure.gravatar.com\/avatar\/ac5001d2a36cb6c6cd3e50789007ffca834b477b74a2144564522e944eabff61?s=96&d=mm&r=g","contentUrl":"https:\/\/secure.gravatar.com\/avatar\/ac5001d2a36cb6c6cd3e50789007ffca834b477b74a2144564522e944eabff61?s=96&d=mm&r=g","caption":"thomas.berner"},"url":"https:\/\/www.organisator.ch\/fr\/author\/thomas-berner\/"}]}},"_links":{"self":[{"href":"https:\/\/www.organisator.ch\/fr\/wp-json\/wp\/v2\/posts\/13053","targetHints":{"allow":["GET"]}}],"collection":[{"href":"https:\/\/www.organisator.ch\/fr\/wp-json\/wp\/v2\/posts"}],"about":[{"href":"https:\/\/www.organisator.ch\/fr\/wp-json\/wp\/v2\/types\/post"}],"author":[{"embeddable":true,"href":"https:\/\/www.organisator.ch\/fr\/wp-json\/wp\/v2\/users\/4"}],"replies":[{"embeddable":true,"href":"https:\/\/www.organisator.ch\/fr\/wp-json\/wp\/v2\/comments?post=13053"}],"version-history":[{"count":3,"href":"https:\/\/www.organisator.ch\/fr\/wp-json\/wp\/v2\/posts\/13053\/revisions"}],"predecessor-version":[{"id":13319,"href":"https:\/\/www.organisator.ch\/fr\/wp-json\/wp\/v2\/posts\/13053\/revisions\/13319"}],"wp:featuredmedia":[{"embeddable":true,"href":"https:\/\/www.organisator.ch\/fr\/wp-json\/wp\/v2\/media\/13054"}],"wp:attachment":[{"href":"https:\/\/www.organisator.ch\/fr\/wp-json\/wp\/v2\/media?parent=13053"}],"wp:term":[{"taxonomy":"category","embeddable":true,"href":"https:\/\/www.organisator.ch\/fr\/wp-json\/wp\/v2\/categories?post=13053"},{"taxonomy":"post_tag","embeddable":true,"href":"https:\/\/www.organisator.ch\/fr\/wp-json\/wp\/v2\/tags?post=13053"}],"curies":[{"name":"wp","href":"https:\/\/api.w.org\/{rel}","templated":true}]}}