{"id":13057,"date":"2022-05-31T13:19:45","date_gmt":"2022-05-31T11:19:45","guid":{"rendered":"https:\/\/www.werbewoche.ch\/?p=172119"},"modified":"2022-07-28T15:34:23","modified_gmt":"2022-07-28T13:34:23","slug":"stefan-schoebi-wird-ceo-von-stiftungschweiz","status":"publish","type":"post","link":"https:\/\/www.organisator.ch\/fr\/marketing\/2022-05-31\/stefan-schoebi-wird-ceo-von-stiftungschweiz\/","title":{"rendered":"Stefan Sch\u00f6bi devient CEO de la FondationSuisse"},"content":{"rendered":"<figure id=\"attachment_172123\" class=\"wp-caption alignnone\" style=\"width: 1200px\" aria-describedby=\"caption-attachment-172123\"><img class=\"alignnone wp-image-172123 size-full\" src=\"https:\/\/www.werbewoche.ch\/wp-content\/uploads\/2022\/05\/schoebi1200.png\" alt=\"Stefan Sch\u00f6bi devient CEO de la FondationSuisse\" width=\"1200\" height=\"755\" \/><figcaption id=\"caption-attachment-172123\" class=\"wp-caption-text\">Stefan Sch\u00f6bi, CEO de la FondationSuisse \u00e0 partir du 1er novembre 2022 (photo : Z\u00fcrcher Kantonalbank, Flavio Pinton).<\/figcaption><\/figure>\r\nLa FondationSuisse, la plus grande plateforme philanthropique de Suisse, s'engage pour une philanthropie num\u00e9rique et tourn\u00e9e vers l'avenir. \"Nous sommes heureux de pouvoir engager avec Stefan Sch\u00f6bi une forte personnalit\u00e9 entrepreneuriale et un connaisseur av\u00e9r\u00e9 du secteur des fondations et de la philanthropie\", d\u00e9clare Christoph Weber, pr\u00e9sident du conseil d'administration de la FondationSuisse. \"Stefan Sch\u00f6bi apporte une grande exp\u00e9rience dans la mise en place de plates-formes multipartites et de mod\u00e8les d'affaires num\u00e9riques. C'est la personne id\u00e9ale pour concevoir la prochaine \u00e9tape de la FondationSuisse\". Stefan Sch\u00f6bi prendra ses fonctions de CEO de la FondationSuisse le 1er novembre 2022. \"Je suis extr\u00eamement heureux qu'en la personne de Stefan Sch\u00f6bi, nous ayons pu gagner une personnalit\u00e9 exp\u00e9riment\u00e9e et profil\u00e9e\", d\u00e9clare Peter Buss. \"Avec notre \u00e9quipe engag\u00e9e, il continuera \u00e0 d\u00e9velopper avec succ\u00e8s la FondationSuisse en tant qu'\u00e9cosyst\u00e8me de pointe et diversifi\u00e9 de la philanthropie\".\r\n\r\nCes neuf derni\u00e8res ann\u00e9es, Sch\u00f6bi a mis en place et dirig\u00e9 le Fonds pionnier Migros. Depuis 2019, il est membre de la direction Soci\u00e9t\u00e9 &amp; Culture de la F\u00e9d\u00e9ration des coop\u00e9ratives Migros et, depuis 2021, responsable de l'engagement soci\u00e9tal national du groupe Migros. De 2008 \u00e0 2012, il a \u00e9t\u00e9 chef du marketing de la Z\u00fcrcher Hochschule der K\u00fcnste. Sch\u00f6bi a \u00e9tudi\u00e9 la litt\u00e9rature \u00e0 Zurich, Berlin et Vienne et a obtenu un doctorat sur l'histoire \u00e9conomique de Zurich. Il poss\u00e8de un MBA en marketing et des certificats de l'INSEAD et de l'universit\u00e9 de Stanford. N\u00e9 en 1977, ce Suisse est p\u00e8re de deux gar\u00e7ons.\r\n<h3><strong>Consortium<\/strong> <strong>avec<\/strong> <strong>neuf<\/strong> <strong>Fondations donatrices<\/strong><\/h3>\r\nParall\u00e8lement au changement de CEO, un consortium de fondations acquiert une participation minoritaire dans la FondationSuisse. Ce consortium vient compl\u00e9ter la Banque cantonale de Zurich, qui est devenue un actionnaire important de la plateforme il y a quatre ans. \"Le secteur de la philanthropie devient plus num\u00e9rique et plus interconnect\u00e9. La FondationSuisse contribue \u00e0 le rendre plus visible, plus accessible et plus efficace. Avec notre entr\u00e9e dans le capital, nous souhaitons donner un signal fort de l'engagement du secteur pour un d\u00e9veloppement orient\u00e9 vers l'avenir\", explique Dr Pascale Vonmont, directrice de Gebert R\u00fcf Stiftung. Le consortium comprend les fondations donatrices suivantes : Age-Stiftung, Arcanum Stiftung, Ernst G\u00f6hner Stiftung, Gebert R\u00fcf Stiftung, Green Leaves Foundation, Minerva Stiftung, Stiftung Mercator Schweiz et Velux Stiftung. La Fondation Botnar soutiendra le consortium en tant que partenaire technologique. Le consortium est coordonn\u00e9 par SwissFoundations, l'association des fondations donatrices suisses. \"FondationSuisse et la Z\u00fcrcher Kantonalbank sont li\u00e9es par une collaboration fructueuse de longue date. La participation du consortium de fondations renforcera la FondationSuisse en tant que plateforme importante dans le secteur de la philanthropie et donnera en m\u00eame temps des impulsions importantes pour le d\u00e9veloppement futur\", d\u00e9clare Martin Scholl, CEO de la Z\u00fcrcher Kantonalbank.\r\n<figure id=\"attachment_172121\" class=\"wp-caption alignnone\" style=\"width: 1200px\" aria-describedby=\"caption-attachment-172121\"><img class=\"alignnone wp-image-172121 size-full\" src=\"https:\/\/www.werbewoche.ch\/wp-content\/uploads\/2022\/05\/gruppenbildstiftungch1200.png\" alt=\"FondationSuisse\" width=\"1200\" height=\"779\" \/><figcaption id=\"caption-attachment-172121\" class=\"wp-caption-text\">(de gauche \u00e0 droite) Christoph Weber (pr\u00e9sident du CA), Stefan Sch\u00f6bi, Peter Buss (actuel CEO) (Photo : Z\u00fcrcher Kantonalbank, Flavio Pinton).<\/figcaption><\/figure>","protected":false},"excerpt":{"rendered":"<p>StiftungSchweiz, die gro\u0308sste Philanthropie-Plattform der Schweiz, engagiert sich f\u00fcr eine digitale und zukunftsweisende Philanthropie. \u00abWir freuen uns, mit Stefan Sch\u00f6bi eine starke unternehmerische Pers\u00f6nlichkeit und einen ausgewiesenen Kenner des Stiftungs- und Philanthropiesektors engagieren zu k\u00f6nnen\u00bb, sagt Christoph Weber, Verwaltungsratspr\u00e4sident von StiftungSchweiz. \u00abStefan Sch\u00f6bi bringt viel Erfahrung im Aufbau von Multistakeholder-Plattformen und digitalen Businessmodellen mit. Er [\u2026]<\/p>\n","protected":false},"author":8,"featured_media":0,"comment_status":"closed","ping_status":"closed","sticky":false,"template":"","format":"standard","meta":{"_acf_changed":false,"_yoast_wpseo_focuskw":"StiftungSchweiz","_yoast_wpseo_metadesc":"Der Verwaltungsrat von StiftungSchweiz hat Stefan Sch\u00f6bi zum neuen CEO ernannt. Er folgt auf Peter Buss, der die Plattform vor zehn Jahren gegr\u00fcndet hat.","articlekey":"","footnotes":""},"categories":[29],"tags":[904,3131,2901],"class_list":["post-13057","post","type-post","status-publish","format-standard","hentry","category-marketing","tag-ceo","tag-stefan-schoebi","tag-stiftungschweiz"],"acf":[],"yoast_head":"<!-- This site is optimized with the Yoast SEO plugin v27.5 - https:\/\/yoast.com\/product\/yoast-seo-wordpress\/ -->\n<title>Stefan Sch\u00f6bi wird CEO von StiftungSchweiz - Organisator<\/title>\n<meta name=\"description\" content=\"Der Verwaltungsrat von StiftungSchweiz hat Stefan Sch\u00f6bi zum neuen CEO ernannt. Er folgt auf Peter Buss, der die Plattform vor zehn Jahren gegr\u00fcndet hat.\" \/>\n<meta name=\"robots\" content=\"index, follow, max-snippet:-1, max-image-preview:large, max-video-preview:-1\" \/>\n<link rel=\"canonical\" href=\"https:\/\/www.werbewoche.ch\/de\/marketing\/2022-05-31\/stefan-schoebi-wird-neuer-ceo-von-stiftungschweiz\/\" \/>\n<meta property=\"og:locale\" content=\"fr_FR\" \/>\n<meta property=\"og:type\" content=\"article\" \/>\n<meta property=\"og:title\" content=\"Stefan Sch\u00f6bi wird CEO von StiftungSchweiz - Organisator\" \/>\n<meta property=\"og:description\" content=\"Der Verwaltungsrat von StiftungSchweiz hat Stefan Sch\u00f6bi zum neuen CEO ernannt. Er folgt auf Peter Buss, der die Plattform vor zehn Jahren gegr\u00fcndet hat.\" \/>\n<meta property=\"og:url\" content=\"https:\/\/www.werbewoche.ch\/de\/marketing\/2022-05-31\/stefan-schoebi-wird-neuer-ceo-von-stiftungschweiz\/\" \/>\n<meta property=\"og:site_name\" content=\"Organisator\" \/>\n<meta property=\"article:publisher\" content=\"https:\/\/www.facebook.com\/OrganisatorFachmagazin\" \/>\n<meta property=\"article:published_time\" content=\"2022-05-31T11:19:45+00:00\" \/>\n<meta property=\"article:modified_time\" content=\"2022-07-28T13:34:23+00:00\" \/>\n<meta property=\"og:image\" content=\"https:\/\/www.werbewoche.ch\/wp-content\/uploads\/2022\/05\/schoebi1200.png\" \/>\n<meta name=\"author\" content=\"galledia\" \/>\n<meta name=\"twitter:card\" content=\"summary_large_image\" \/>\n<meta name=\"twitter:creator\" content=\"@admin\" \/>\n<script type=\"application\/ld+json\" class=\"yoast-schema-graph\">{\"@context\":\"https:\\\/\\\/schema.org\",\"@graph\":[{\"@type\":\"Article\",\"@id\":\"https:\\\/\\\/www.werbewoche.ch\\\/de\\\/marketing\\\/2022-05-31\\\/stefan-schoebi-wird-neuer-ceo-von-stiftungschweiz\\\/#article\",\"isPartOf\":{\"@id\":\"https:\\\/\\\/www.organisator.ch\\\/marketing\\\/2022-05-31\\\/stefan-schoebi-wird-ceo-von-stiftungschweiz\\\/\"},\"author\":{\"name\":\"galledia\",\"@id\":\"https:\\\/\\\/www.organisator.ch\\\/#\\\/schema\\\/person\\\/4e51799071cd2dd1232ac003643ef5f0\"},\"headline\":\"Stefan Sch\u00f6bi wird CEO von StiftungSchweiz\",\"datePublished\":\"2022-05-31T11:19:45+00:00\",\"dateModified\":\"2022-07-28T13:34:23+00:00\",\"mainEntityOfPage\":{\"@id\":\"https:\\\/\\\/www.organisator.ch\\\/marketing\\\/2022-05-31\\\/stefan-schoebi-wird-ceo-von-stiftungschweiz\\\/\"},\"wordCount\":431,\"publisher\":{\"@id\":\"https:\\\/\\\/www.organisator.ch\\\/#organization\"},\"image\":{\"@id\":\"https:\\\/\\\/www.werbewoche.ch\\\/de\\\/marketing\\\/2022-05-31\\\/stefan-schoebi-wird-neuer-ceo-von-stiftungschweiz\\\/#primaryimage\"},\"thumbnailUrl\":\"https:\\\/\\\/www.werbewoche.ch\\\/wp-content\\\/uploads\\\/2022\\\/05\\\/schoebi1200.png\",\"keywords\":[\"CEO\",\"Stefan Sch\u00f6bi\",\"StiftungSchweiz\"],\"articleSection\":[\"MARKETING\"],\"inLanguage\":\"fr-FR\"},{\"@type\":\"WebPage\",\"@id\":\"https:\\\/\\\/www.organisator.ch\\\/marketing\\\/2022-05-31\\\/stefan-schoebi-wird-ceo-von-stiftungschweiz\\\/\",\"url\":\"https:\\\/\\\/www.werbewoche.ch\\\/de\\\/marketing\\\/2022-05-31\\\/stefan-schoebi-wird-neuer-ceo-von-stiftungschweiz\\\/\",\"name\":\"Stefan Sch\u00f6bi wird CEO von StiftungSchweiz - Organisator\",\"isPartOf\":{\"@id\":\"https:\\\/\\\/www.organisator.ch\\\/#website\"},\"primaryImageOfPage\":{\"@id\":\"https:\\\/\\\/www.werbewoche.ch\\\/de\\\/marketing\\\/2022-05-31\\\/stefan-schoebi-wird-neuer-ceo-von-stiftungschweiz\\\/#primaryimage\"},\"image\":{\"@id\":\"https:\\\/\\\/www.werbewoche.ch\\\/de\\\/marketing\\\/2022-05-31\\\/stefan-schoebi-wird-neuer-ceo-von-stiftungschweiz\\\/#primaryimage\"},\"thumbnailUrl\":\"https:\\\/\\\/www.werbewoche.ch\\\/wp-content\\\/uploads\\\/2022\\\/05\\\/schoebi1200.png\",\"datePublished\":\"2022-05-31T11:19:45+00:00\",\"dateModified\":\"2022-07-28T13:34:23+00:00\",\"description\":\"Der Verwaltungsrat von StiftungSchweiz hat Stefan Sch\u00f6bi zum neuen CEO ernannt. Er folgt auf Peter Buss, der die Plattform vor zehn Jahren gegr\u00fcndet hat.\",\"breadcrumb\":{\"@id\":\"https:\\\/\\\/www.werbewoche.ch\\\/de\\\/marketing\\\/2022-05-31\\\/stefan-schoebi-wird-neuer-ceo-von-stiftungschweiz\\\/#breadcrumb\"},\"inLanguage\":\"fr-FR\",\"potentialAction\":[{\"@type\":\"ReadAction\",\"target\":[\"https:\\\/\\\/www.werbewoche.ch\\\/de\\\/marketing\\\/2022-05-31\\\/stefan-schoebi-wird-neuer-ceo-von-stiftungschweiz\\\/\"]}]},{\"@type\":\"ImageObject\",\"inLanguage\":\"fr-FR\",\"@id\":\"https:\\\/\\\/www.werbewoche.ch\\\/de\\\/marketing\\\/2022-05-31\\\/stefan-schoebi-wird-neuer-ceo-von-stiftungschweiz\\\/#primaryimage\",\"url\":\"https:\\\/\\\/www.werbewoche.ch\\\/wp-content\\\/uploads\\\/2022\\\/05\\\/schoebi1200.png\",\"contentUrl\":\"https:\\\/\\\/www.werbewoche.ch\\\/wp-content\\\/uploads\\\/2022\\\/05\\\/schoebi1200.png\"},{\"@type\":\"BreadcrumbList\",\"@id\":\"https:\\\/\\\/www.werbewoche.ch\\\/de\\\/marketing\\\/2022-05-31\\\/stefan-schoebi-wird-neuer-ceo-von-stiftungschweiz\\\/#breadcrumb\",\"itemListElement\":[{\"@type\":\"ListItem\",\"position\":1,\"name\":\"Home\",\"item\":\"https:\\\/\\\/www.organisator.ch\\\/\"},{\"@type\":\"ListItem\",\"position\":2,\"name\":\"Stefan Sch\u00f6bi wird CEO von StiftungSchweiz\"}]},{\"@type\":\"WebSite\",\"@id\":\"https:\\\/\\\/www.organisator.ch\\\/#website\",\"url\":\"https:\\\/\\\/www.organisator.ch\\\/\",\"name\":\"Organisator\",\"description\":\"Kompetent. Praxisnah. Der ORGANISATOR bereitet in 10 Ausgaben pro Jahr die wesentlichen Themen f\u00fcr F\u00fchrungskr\u00e4fte von KMU auf.\",\"publisher\":{\"@id\":\"https:\\\/\\\/www.organisator.ch\\\/#organization\"},\"potentialAction\":[{\"@type\":\"SearchAction\",\"target\":{\"@type\":\"EntryPoint\",\"urlTemplate\":\"https:\\\/\\\/www.organisator.ch\\\/?s={search_term_string}\"},\"query-input\":{\"@type\":\"PropertyValueSpecification\",\"valueRequired\":true,\"valueName\":\"search_term_string\"}}],\"inLanguage\":\"fr-FR\"},{\"@type\":\"Organization\",\"@id\":\"https:\\\/\\\/www.organisator.ch\\\/#organization\",\"name\":\"Organisator\",\"url\":\"https:\\\/\\\/www.organisator.ch\\\/\",\"logo\":{\"@type\":\"ImageObject\",\"inLanguage\":\"fr-FR\",\"@id\":\"https:\\\/\\\/www.organisator.ch\\\/#\\\/schema\\\/logo\\\/image\\\/\",\"url\":\"https:\\\/\\\/www.organisator.ch\\\/wp-content\\\/uploads\\\/2022\\\/01\\\/Logo_Organisator_Website.png\",\"contentUrl\":\"https:\\\/\\\/www.organisator.ch\\\/wp-content\\\/uploads\\\/2022\\\/01\\\/Logo_Organisator_Website.png\",\"width\":800,\"height\":77,\"caption\":\"Organisator\"},\"image\":{\"@id\":\"https:\\\/\\\/www.organisator.ch\\\/#\\\/schema\\\/logo\\\/image\\\/\"},\"sameAs\":[\"https:\\\/\\\/www.facebook.com\\\/OrganisatorFachmagazin\",\"https:\\\/\\\/www.linkedin.com\\\/showcase\\\/organisator-das-magazin-fr-kmu\",\"https:\\\/\\\/www.xing.com\\\/news\\\/pages\\\/organisator-ch-695\",\"https:\\\/\\\/www.youtube.com\\\/channel\\\/UCGP2Sq0iWaZwT3BdIAQFYpw\"]},{\"@type\":\"Person\",\"@id\":\"https:\\\/\\\/www.organisator.ch\\\/#\\\/schema\\\/person\\\/4e51799071cd2dd1232ac003643ef5f0\",\"name\":\"galledia\",\"image\":{\"@type\":\"ImageObject\",\"inLanguage\":\"fr-FR\",\"@id\":\"https:\\\/\\\/secure.gravatar.com\\\/avatar\\\/78a7f90c01fc2bfc875782a0d4922b37cde2cf184ce347b91316d23cd7f69a36?s=96&d=mm&r=g\",\"url\":\"https:\\\/\\\/secure.gravatar.com\\\/avatar\\\/78a7f90c01fc2bfc875782a0d4922b37cde2cf184ce347b91316d23cd7f69a36?s=96&d=mm&r=g\",\"contentUrl\":\"https:\\\/\\\/secure.gravatar.com\\\/avatar\\\/78a7f90c01fc2bfc875782a0d4922b37cde2cf184ce347b91316d23cd7f69a36?s=96&d=mm&r=g\",\"caption\":\"galledia\"},\"sameAs\":[\"https:\\\/\\\/x.com\\\/admin\"],\"url\":\"https:\\\/\\\/www.organisator.ch\\\/fr\\\/author\\\/galledia\\\/\"}]}<\/script>\n<!-- \/ Yoast SEO plugin. -->","yoast_head_json":{"title":"Stefan Sch\u00f6bi devient CEO de la FondationSuisse - Organisateur","description":"Le conseil d'administration de la FondationSuisse a nomm\u00e9 Stefan Sch\u00f6bi au poste de CEO. Il succ\u00e8de \u00e0 Peter Buss, qui a fond\u00e9 la plateforme il y a dix ans.","robots":{"index":"index","follow":"follow","max-snippet":"max-snippet:-1","max-image-preview":"max-image-preview:large","max-video-preview":"max-video-preview:-1"},"canonical":"https:\/\/www.werbewoche.ch\/de\/marketing\/2022-05-31\/stefan-schoebi-wird-neuer-ceo-von-stiftungschweiz\/","og_locale":"fr_FR","og_type":"article","og_title":"Stefan Sch\u00f6bi wird CEO von StiftungSchweiz - Organisator","og_description":"Der Verwaltungsrat von StiftungSchweiz hat Stefan Sch\u00f6bi zum neuen CEO ernannt. Er folgt auf Peter Buss, der die Plattform vor zehn Jahren gegr\u00fcndet hat.","og_url":"https:\/\/www.werbewoche.ch\/de\/marketing\/2022-05-31\/stefan-schoebi-wird-neuer-ceo-von-stiftungschweiz\/","og_site_name":"Organisator","article_publisher":"https:\/\/www.facebook.com\/OrganisatorFachmagazin","article_published_time":"2022-05-31T11:19:45+00:00","article_modified_time":"2022-07-28T13:34:23+00:00","og_image":[{"url":"https:\/\/www.werbewoche.ch\/wp-content\/uploads\/2022\/05\/schoebi1200.png","type":"","width":"","height":""}],"author":"galledia","twitter_card":"summary_large_image","twitter_creator":"@admin","schema":{"@context":"https:\/\/schema.org","@graph":[{"@type":"Article","@id":"https:\/\/www.werbewoche.ch\/de\/marketing\/2022-05-31\/stefan-schoebi-wird-neuer-ceo-von-stiftungschweiz\/#article","isPartOf":{"@id":"https:\/\/www.organisator.ch\/marketing\/2022-05-31\/stefan-schoebi-wird-ceo-von-stiftungschweiz\/"},"author":{"name":"galledia","@id":"https:\/\/www.organisator.ch\/#\/schema\/person\/4e51799071cd2dd1232ac003643ef5f0"},"headline":"Stefan Sch\u00f6bi wird CEO von StiftungSchweiz","datePublished":"2022-05-31T11:19:45+00:00","dateModified":"2022-07-28T13:34:23+00:00","mainEntityOfPage":{"@id":"https:\/\/www.organisator.ch\/marketing\/2022-05-31\/stefan-schoebi-wird-ceo-von-stiftungschweiz\/"},"wordCount":431,"publisher":{"@id":"https:\/\/www.organisator.ch\/#organization"},"image":{"@id":"https:\/\/www.werbewoche.ch\/de\/marketing\/2022-05-31\/stefan-schoebi-wird-neuer-ceo-von-stiftungschweiz\/#primaryimage"},"thumbnailUrl":"https:\/\/www.werbewoche.ch\/wp-content\/uploads\/2022\/05\/schoebi1200.png","keywords":["CEO","Stefan Sch\u00f6bi","StiftungSchweiz"],"articleSection":["MARKETING"],"inLanguage":"fr-FR"},{"@type":"WebPage","@id":"https:\/\/www.organisator.ch\/marketing\/2022-05-31\/stefan-schoebi-wird-ceo-von-stiftungschweiz\/","url":"https:\/\/www.werbewoche.ch\/de\/marketing\/2022-05-31\/stefan-schoebi-wird-neuer-ceo-von-stiftungschweiz\/","name":"Stefan Sch\u00f6bi devient CEO de la FondationSuisse - Organisateur","isPartOf":{"@id":"https:\/\/www.organisator.ch\/#website"},"primaryImageOfPage":{"@id":"https:\/\/www.werbewoche.ch\/de\/marketing\/2022-05-31\/stefan-schoebi-wird-neuer-ceo-von-stiftungschweiz\/#primaryimage"},"image":{"@id":"https:\/\/www.werbewoche.ch\/de\/marketing\/2022-05-31\/stefan-schoebi-wird-neuer-ceo-von-stiftungschweiz\/#primaryimage"},"thumbnailUrl":"https:\/\/www.werbewoche.ch\/wp-content\/uploads\/2022\/05\/schoebi1200.png","datePublished":"2022-05-31T11:19:45+00:00","dateModified":"2022-07-28T13:34:23+00:00","description":"Le conseil d'administration de la FondationSuisse a nomm\u00e9 Stefan Sch\u00f6bi au poste de CEO. Il succ\u00e8de \u00e0 Peter Buss, qui a fond\u00e9 la plateforme il y a dix ans.","breadcrumb":{"@id":"https:\/\/www.werbewoche.ch\/de\/marketing\/2022-05-31\/stefan-schoebi-wird-neuer-ceo-von-stiftungschweiz\/#breadcrumb"},"inLanguage":"fr-FR","potentialAction":[{"@type":"ReadAction","target":["https:\/\/www.werbewoche.ch\/de\/marketing\/2022-05-31\/stefan-schoebi-wird-neuer-ceo-von-stiftungschweiz\/"]}]},{"@type":"ImageObject","inLanguage":"fr-FR","@id":"https:\/\/www.werbewoche.ch\/de\/marketing\/2022-05-31\/stefan-schoebi-wird-neuer-ceo-von-stiftungschweiz\/#primaryimage","url":"https:\/\/www.werbewoche.ch\/wp-content\/uploads\/2022\/05\/schoebi1200.png","contentUrl":"https:\/\/www.werbewoche.ch\/wp-content\/uploads\/2022\/05\/schoebi1200.png"},{"@type":"BreadcrumbList","@id":"https:\/\/www.werbewoche.ch\/de\/marketing\/2022-05-31\/stefan-schoebi-wird-neuer-ceo-von-stiftungschweiz\/#breadcrumb","itemListElement":[{"@type":"ListItem","position":1,"name":"Home","item":"https:\/\/www.organisator.ch\/"},{"@type":"ListItem","position":2,"name":"Stefan Sch\u00f6bi wird CEO von StiftungSchweiz"}]},{"@type":"WebSite","@id":"https:\/\/www.organisator.ch\/#website","url":"https:\/\/www.organisator.ch\/","name":"Organisateur","description":"Comp\u00e9tence et comp\u00e9tence. Proches de la pratique. L'ORGANISATEUR pr\u00e9pare 10 num\u00e9ros par an sur les th\u00e8mes essentiels pour les dirigeants de PME.","publisher":{"@id":"https:\/\/www.organisator.ch\/#organization"},"potentialAction":[{"@type":"SearchAction","target":{"@type":"EntryPoint","urlTemplate":"https:\/\/www.organisator.ch\/?s={search_term_string}"},"query-input":{"@type":"PropertyValueSpecification","valueRequired":true,"valueName":"search_term_string"}}],"inLanguage":"fr-FR"},{"@type":"Organization","@id":"https:\/\/www.organisator.ch\/#organization","name":"Organisateur","url":"https:\/\/www.organisator.ch\/","logo":{"@type":"ImageObject","inLanguage":"fr-FR","@id":"https:\/\/www.organisator.ch\/#\/schema\/logo\/image\/","url":"https:\/\/www.organisator.ch\/wp-content\/uploads\/2022\/01\/Logo_Organisator_Website.png","contentUrl":"https:\/\/www.organisator.ch\/wp-content\/uploads\/2022\/01\/Logo_Organisator_Website.png","width":800,"height":77,"caption":"Organisator"},"image":{"@id":"https:\/\/www.organisator.ch\/#\/schema\/logo\/image\/"},"sameAs":["https:\/\/www.facebook.com\/OrganisatorFachmagazin","https:\/\/www.linkedin.com\/showcase\/organisator-das-magazin-fr-kmu","https:\/\/www.xing.com\/news\/pages\/organisator-ch-695","https:\/\/www.youtube.com\/channel\/UCGP2Sq0iWaZwT3BdIAQFYpw"]},{"@type":"Person","@id":"https:\/\/www.organisator.ch\/#\/schema\/person\/4e51799071cd2dd1232ac003643ef5f0","name":"galledia","image":{"@type":"ImageObject","inLanguage":"fr-FR","@id":"https:\/\/secure.gravatar.com\/avatar\/78a7f90c01fc2bfc875782a0d4922b37cde2cf184ce347b91316d23cd7f69a36?s=96&d=mm&r=g","url":"https:\/\/secure.gravatar.com\/avatar\/78a7f90c01fc2bfc875782a0d4922b37cde2cf184ce347b91316d23cd7f69a36?s=96&d=mm&r=g","contentUrl":"https:\/\/secure.gravatar.com\/avatar\/78a7f90c01fc2bfc875782a0d4922b37cde2cf184ce347b91316d23cd7f69a36?s=96&d=mm&r=g","caption":"galledia"},"sameAs":["https:\/\/x.com\/admin"],"url":"https:\/\/www.organisator.ch\/fr\/author\/galledia\/"}]}},"_links":{"self":[{"href":"https:\/\/www.organisator.ch\/fr\/wp-json\/wp\/v2\/posts\/13057","targetHints":{"allow":["GET"]}}],"collection":[{"href":"https:\/\/www.organisator.ch\/fr\/wp-json\/wp\/v2\/posts"}],"about":[{"href":"https:\/\/www.organisator.ch\/fr\/wp-json\/wp\/v2\/types\/post"}],"author":[{"embeddable":true,"href":"https:\/\/www.organisator.ch\/fr\/wp-json\/wp\/v2\/users\/8"}],"replies":[{"embeddable":true,"href":"https:\/\/www.organisator.ch\/fr\/wp-json\/wp\/v2\/comments?post=13057"}],"version-history":[{"count":4,"href":"https:\/\/www.organisator.ch\/fr\/wp-json\/wp\/v2\/posts\/13057\/revisions"}],"predecessor-version":[{"id":15907,"href":"https:\/\/www.organisator.ch\/fr\/wp-json\/wp\/v2\/posts\/13057\/revisions\/15907"}],"wp:attachment":[{"href":"https:\/\/www.organisator.ch\/fr\/wp-json\/wp\/v2\/media?parent=13057"}],"wp:term":[{"taxonomy":"category","embeddable":true,"href":"https:\/\/www.organisator.ch\/fr\/wp-json\/wp\/v2\/categories?post=13057"},{"taxonomy":"post_tag","embeddable":true,"href":"https:\/\/www.organisator.ch\/fr\/wp-json\/wp\/v2\/tags?post=13057"}],"curies":[{"name":"wp","href":"https:\/\/api.w.org\/{rel}","templated":true}]}}