{"id":13067,"date":"2022-06-01T09:17:32","date_gmt":"2022-06-01T07:17:32","guid":{"rendered":"https:\/\/www.organisator.ch\/?p=13067"},"modified":"2022-06-01T09:17:32","modified_gmt":"2022-06-01T07:17:32","slug":"tecnomec-sa-gewinnt-prix-svc-svizzera-italiana-2022","status":"publish","type":"post","link":"https:\/\/www.organisator.ch\/fr\/management\/2022-06-01\/tecnomec-sa-gewinnt-prix-svc-svizzera-italiana-2022\/","title":{"rendered":"Tecnomec SA remporte le Prix SVC Svizzera Italiana 2022"},"content":{"rendered":"<figure id=\"attachment_13068\" aria-describedby=\"caption-attachment-13068\" style=\"width: 680px\" class=\"wp-caption alignnone\"><img loading=\"lazy\" decoding=\"async\" class=\"size-full wp-image-13068\" src=\"https:\/\/www.organisator.ch\/wp-content\/uploads\/2022\/06\/Tecnomec-SA-gewinnt-Prix-SVC-Svizzera-Italiana-2022_Organisator.jpg\" alt=\"\" width=\"680\" height=\"370\" srcset=\"https:\/\/www.organisator.ch\/wp-content\/uploads\/2022\/06\/Tecnomec-SA-gewinnt-Prix-SVC-Svizzera-Italiana-2022_Organisator.jpg 680w, https:\/\/www.organisator.ch\/wp-content\/uploads\/2022\/06\/Tecnomec-SA-gewinnt-Prix-SVC-Svizzera-Italiana-2022_Organisator-18x10.jpg 18w, https:\/\/www.organisator.ch\/wp-content\/uploads\/2022\/06\/Tecnomec-SA-gewinnt-Prix-SVC-Svizzera-Italiana-2022_Organisator-322x175.jpg 322w, https:\/\/www.organisator.ch\/wp-content\/uploads\/2022\/06\/Tecnomec-SA-gewinnt-Prix-SVC-Svizzera-Italiana-2022_Organisator-643x350.jpg 643w, https:\/\/www.organisator.ch\/wp-content\/uploads\/2022\/06\/Tecnomec-SA-gewinnt-Prix-SVC-Svizzera-Italiana-2022_Organisator-300x163.jpg 300w\" sizes=\"auto, (max-width: 680px) 100vw, 680px\" \/><figcaption id=\"caption-attachment-13068\" class=\"wp-caption-text\">Iarno Mapelli (\u00e0 gauche) de Tecnomec SA, laur\u00e9at du Prix SVC Svizzera Italiana 2022. (Image : Swiss Venture Club SVC)<\/figcaption><\/figure>\n<p>Iarno Mapelli, directeur de Tecnomec SA, a re\u00e7u le troph\u00e9e tant convoit\u00e9 le 18 mai 2022 dans le cadre du Prix SVC Svizzera italiana 2022. Fond\u00e9e en 1981, l'entreprise est active dans le domaine de la m\u00e9canique de pr\u00e9cision et dispose d'un parc de machines ultramoderne. L'entreprise, dont le si\u00e8ge est \u00e0 Stabio, emploie 70 personnes. La deuxi\u00e8me place a \u00e9t\u00e9 attribu\u00e9e \u00e0 l'entreprise Jetpharma SA et \u00e0 son membre du conseil d'administration Stefano Martinoli, tandis que la troisi\u00e8me place a \u00e9t\u00e9 remport\u00e9e par R. Audemars SA et son CEO Mirko Audemars. Les rangs des dipl\u00f4mes ont \u00e9t\u00e9 attribu\u00e9s \u00e0 Agriloro SA et \u00e0 son directeur g\u00e9n\u00e9ral Jacques Perler, \u00e0 Campofelice SA et \u00e0 son directeur g\u00e9n\u00e9ral Simone Patelli, ainsi qu'\u00e0 Fontana Print SA et \u00e0 son directeur g\u00e9n\u00e9ral Ruben Fontana.<\/p>\n<h3>Tecnomec SA : Enracin\u00e9e dans la r\u00e9gion<\/h3>\n<p>Marzio Grassi, pr\u00e9sident du jury du Prix SVC Suisse italienne, a justifi\u00e9 le choix du laur\u00e9at comme suit dans son \u00e9loge : \"Chacun des six finalistes m\u00e9ritait de gagner. Au final, le jury a choisi Tecnomec, un excellent exemple d'entreprise familiale qui se caract\u00e9rise par un fort esprit d'entreprise et une orientation vers l'innovation et l'excellence. Elle est enracin\u00e9e dans la r\u00e9gion et investit constamment dans la croissance de l'entreprise et de ses employ\u00e9s. Outre le troph\u00e9e du vainqueur, le directeur Iarno Mapelli a pu emporter comme prix un voyage pour entrepreneurs du Credit Suisse et un bon exclusif de la SUPSI d'une valeur de 12 500 francs pour suivre un ou plusieurs cours de formation continue de la SUPSI.<\/p>\n<h3>Deuxi\u00e8me place pour Jetpharma SA et troisi\u00e8me place pour R. Audemars SA<\/h3>\n<p>Fond\u00e9e en 1986, Jetpharma SA, dont le si\u00e8ge se trouve \u00e0 Balerna, a remport\u00e9 le 2e prix de l'innovation. L'entreprise propose les services suivants de micronisation pour des tiers. L'entreprise est aujourd'hui l'un des rares acteurs mondiaux et dispose d'une technologie unique. Le prix, d\u00e9cern\u00e9 \u00e0 Stefano Martinoli, membre du conseil d'administration, est offert par Ernst &amp; Young et consiste en une participation \u00e0 un voyage d'\u00e9tude et au congr\u00e8s \"Entrepreneur of the Year\".<\/p>\n<p>Le troisi\u00e8me prix a \u00e9t\u00e9 d\u00e9cern\u00e9 \u00e0 R. Audemars SA de Lamone-Cadempino. Gr\u00e2ce au savoir-faire acquis en plus de 120 ans dans l'industrie horlog\u00e8re suisse, cette entreprise familiale fond\u00e9e en 1898 s'est d\u00e9velopp\u00e9e sur d'autres march\u00e9s et collabore avec des fabricants d'appareils m\u00e9dicaux actifs dans le monde entier, qui constituent aujourd'hui son principal march\u00e9. Mirko Audemars, CEO, a re\u00e7u le prix offert par Swisscom sous la forme d'un bon pour participer \u00e0 l'un des \u00e9v\u00e9nements exclusifs promus et soutenus par Swisscom.<\/p>\n<p><em>Plus d'informations : <a href=\"http:\/\/www.svc.swiss\">Club suisse des entrepreneurs<\/a><\/em><\/p>","protected":false},"excerpt":{"rendered":"<p>Iarno Mapelli, Gesch\u00e4ftsf\u00fchrer von Tecnomec SA, nahm am 18. Mai 2022 im Rahmen des Prix SVC Svizzera italiana 2022 die begehrte Troph\u00e4e entgegen. Das 1981 gegr\u00fcndete Unternehmen ist im Bereich der Feinmechanik t\u00e4tig und verf\u00fcgt \u00fcber einen hochmodernen Maschinenpark. Das Unternehmen mit Sitz in Stabio besch\u00e4ftigt 70 Personen. Der zweite Platz ging an das Unternehmen [&hellip;]<\/p>\n","protected":false},"author":4,"featured_media":13068,"comment_status":"closed","ping_status":"closed","sticky":false,"template":"","format":"standard","meta":{"_acf_changed":false,"_yoast_wpseo_focuskw":"Tecnomec SA","_yoast_wpseo_metadesc":"Am 18. Mai 2022 wurde in Lugano der Prix SVC Svizzera Italiana 2022 verliehen. Gewonnen hat die Troph\u00e4e die Firma Tecnomec SA aus Stabio.","articlekey":"","footnotes":""},"categories":[28],"tags":[66,334,390,492],"class_list":["post-13067","post","type-post","status-publish","format-standard","has-post-thumbnail","hentry","category-management","tag-awards","tag-management","tag-prix-svc","tag-unternehmen"],"acf":[],"yoast_head":"<!-- This site is optimized with the Yoast SEO plugin v27.5 - https:\/\/yoast.com\/product\/yoast-seo-wordpress\/ -->\n<title>Tecnomec SA gewinnt Prix SVC Svizzera Italiana 2022 - Organisator<\/title>\n<meta name=\"description\" content=\"Am 18. Mai 2022 wurde in Lugano der Prix SVC Svizzera Italiana 2022 verliehen. Gewonnen hat die Troph\u00e4e die Firma Tecnomec SA aus Stabio.\" \/>\n<meta name=\"robots\" content=\"index, follow, max-snippet:-1, max-image-preview:large, max-video-preview:-1\" \/>\n<link rel=\"canonical\" href=\"https:\/\/www.organisator.ch\/fr\/gestion-2\/2022-06-01\/tecnomec-sa-gewinnt-prix-svc-svizzera-italiana-2022\/\" \/>\n<meta property=\"og:locale\" content=\"fr_FR\" \/>\n<meta property=\"og:type\" content=\"article\" \/>\n<meta property=\"og:title\" content=\"Tecnomec SA gewinnt Prix SVC Svizzera Italiana 2022\" \/>\n<meta property=\"og:description\" content=\"Am 18. Mai 2022 wurde in Lugano der Prix SVC Svizzera Italiana 2022 verliehen. Gewonnen hat die Troph\u00e4e die Firma Tecnomec SA aus Stabio.\" \/>\n<meta property=\"og:url\" content=\"https:\/\/www.organisator.ch\/fr\/gestion-2\/2022-06-01\/tecnomec-sa-gewinnt-prix-svc-svizzera-italiana-2022\/\" \/>\n<meta property=\"og:site_name\" content=\"Organisator\" \/>\n<meta property=\"article:publisher\" content=\"https:\/\/www.facebook.com\/OrganisatorFachmagazin\" \/>\n<meta property=\"article:published_time\" content=\"2022-06-01T07:17:32+00:00\" \/>\n<meta property=\"og:image\" content=\"https:\/\/www.organisator.ch\/wp-content\/uploads\/2022\/06\/Tecnomec-SA-gewinnt-Prix-SVC-Svizzera-Italiana-2022_Organisator.jpg\" \/>\n\t<meta property=\"og:image:width\" content=\"680\" \/>\n\t<meta property=\"og:image:height\" content=\"370\" \/>\n\t<meta property=\"og:image:type\" content=\"image\/jpeg\" \/>\n<meta name=\"author\" content=\"thomas.berner\" \/>\n<meta name=\"twitter:card\" content=\"summary_large_image\" \/>\n<meta name=\"twitter:title\" content=\"#Tecnomec SA gewinnt Prix #SVC Svizzera Italiana 2022\" \/>\n<meta name=\"twitter:description\" content=\"Am 18. Mai 2022 wurde in #Lugano der Prix #SVC Svizzera Italiana 2022 verliehen. Gewonnen hat die Troph\u00e4e die Firma #Tecnomec SA aus Stabio.\" \/>\n<meta name=\"twitter:image\" content=\"https:\/\/www.organisator.ch\/wp-content\/uploads\/2022\/06\/Tecnomec-SA-gewinnt-Prix-SVC-Svizzera-Italiana-2022_Organisator.jpg\" \/>\n<script type=\"application\/ld+json\" class=\"yoast-schema-graph\">{\"@context\":\"https:\\\/\\\/schema.org\",\"@graph\":[{\"@type\":\"Article\",\"@id\":\"https:\\\/\\\/www.organisator.ch\\\/management\\\/2022-06-01\\\/tecnomec-sa-gewinnt-prix-svc-svizzera-italiana-2022\\\/#article\",\"isPartOf\":{\"@id\":\"https:\\\/\\\/www.organisator.ch\\\/management\\\/2022-06-01\\\/tecnomec-sa-gewinnt-prix-svc-svizzera-italiana-2022\\\/\"},\"author\":{\"name\":\"thomas.berner\",\"@id\":\"https:\\\/\\\/www.organisator.ch\\\/#\\\/schema\\\/person\\\/6f650f90b2842cd4c0cc334b4e36f67e\"},\"headline\":\"Tecnomec SA gewinnt Prix SVC Svizzera Italiana 2022\",\"datePublished\":\"2022-06-01T07:17:32+00:00\",\"mainEntityOfPage\":{\"@id\":\"https:\\\/\\\/www.organisator.ch\\\/management\\\/2022-06-01\\\/tecnomec-sa-gewinnt-prix-svc-svizzera-italiana-2022\\\/\"},\"wordCount\":434,\"publisher\":{\"@id\":\"https:\\\/\\\/www.organisator.ch\\\/#organization\"},\"image\":{\"@id\":\"https:\\\/\\\/www.organisator.ch\\\/management\\\/2022-06-01\\\/tecnomec-sa-gewinnt-prix-svc-svizzera-italiana-2022\\\/#primaryimage\"},\"thumbnailUrl\":\"https:\\\/\\\/www.organisator.ch\\\/wp-content\\\/uploads\\\/2022\\\/06\\\/Tecnomec-SA-gewinnt-Prix-SVC-Svizzera-Italiana-2022_Organisator.jpg\",\"keywords\":[\"Awards\",\"Management\",\"Prix SVC\",\"Unternehmen\"],\"articleSection\":[\"MANAGEMENT\"],\"inLanguage\":\"fr-FR\"},{\"@type\":\"WebPage\",\"@id\":\"https:\\\/\\\/www.organisator.ch\\\/management\\\/2022-06-01\\\/tecnomec-sa-gewinnt-prix-svc-svizzera-italiana-2022\\\/\",\"url\":\"https:\\\/\\\/www.organisator.ch\\\/management\\\/2022-06-01\\\/tecnomec-sa-gewinnt-prix-svc-svizzera-italiana-2022\\\/\",\"name\":\"Tecnomec SA gewinnt Prix SVC Svizzera Italiana 2022 - Organisator\",\"isPartOf\":{\"@id\":\"https:\\\/\\\/www.organisator.ch\\\/#website\"},\"primaryImageOfPage\":{\"@id\":\"https:\\\/\\\/www.organisator.ch\\\/management\\\/2022-06-01\\\/tecnomec-sa-gewinnt-prix-svc-svizzera-italiana-2022\\\/#primaryimage\"},\"image\":{\"@id\":\"https:\\\/\\\/www.organisator.ch\\\/management\\\/2022-06-01\\\/tecnomec-sa-gewinnt-prix-svc-svizzera-italiana-2022\\\/#primaryimage\"},\"thumbnailUrl\":\"https:\\\/\\\/www.organisator.ch\\\/wp-content\\\/uploads\\\/2022\\\/06\\\/Tecnomec-SA-gewinnt-Prix-SVC-Svizzera-Italiana-2022_Organisator.jpg\",\"datePublished\":\"2022-06-01T07:17:32+00:00\",\"description\":\"Am 18. Mai 2022 wurde in Lugano der Prix SVC Svizzera Italiana 2022 verliehen. Gewonnen hat die Troph\u00e4e die Firma Tecnomec SA aus Stabio.\",\"breadcrumb\":{\"@id\":\"https:\\\/\\\/www.organisator.ch\\\/management\\\/2022-06-01\\\/tecnomec-sa-gewinnt-prix-svc-svizzera-italiana-2022\\\/#breadcrumb\"},\"inLanguage\":\"fr-FR\",\"potentialAction\":[{\"@type\":\"ReadAction\",\"target\":[\"https:\\\/\\\/www.organisator.ch\\\/management\\\/2022-06-01\\\/tecnomec-sa-gewinnt-prix-svc-svizzera-italiana-2022\\\/\"]}]},{\"@type\":\"ImageObject\",\"inLanguage\":\"fr-FR\",\"@id\":\"https:\\\/\\\/www.organisator.ch\\\/management\\\/2022-06-01\\\/tecnomec-sa-gewinnt-prix-svc-svizzera-italiana-2022\\\/#primaryimage\",\"url\":\"https:\\\/\\\/www.organisator.ch\\\/wp-content\\\/uploads\\\/2022\\\/06\\\/Tecnomec-SA-gewinnt-Prix-SVC-Svizzera-Italiana-2022_Organisator.jpg\",\"contentUrl\":\"https:\\\/\\\/www.organisator.ch\\\/wp-content\\\/uploads\\\/2022\\\/06\\\/Tecnomec-SA-gewinnt-Prix-SVC-Svizzera-Italiana-2022_Organisator.jpg\",\"width\":680,\"height\":370,\"caption\":\"Iarno Mapelli (links) von Tecnomec SA, Gewinner des Prix SVC Svizzera Italiana 2022. (Bild: Swiss Venture Club SVC)\"},{\"@type\":\"BreadcrumbList\",\"@id\":\"https:\\\/\\\/www.organisator.ch\\\/management\\\/2022-06-01\\\/tecnomec-sa-gewinnt-prix-svc-svizzera-italiana-2022\\\/#breadcrumb\",\"itemListElement\":[{\"@type\":\"ListItem\",\"position\":1,\"name\":\"Home\",\"item\":\"https:\\\/\\\/www.organisator.ch\\\/\"},{\"@type\":\"ListItem\",\"position\":2,\"name\":\"Tecnomec SA gewinnt Prix SVC Svizzera Italiana 2022\"}]},{\"@type\":\"WebSite\",\"@id\":\"https:\\\/\\\/www.organisator.ch\\\/#website\",\"url\":\"https:\\\/\\\/www.organisator.ch\\\/\",\"name\":\"Organisator\",\"description\":\"Kompetent. Praxisnah. Der ORGANISATOR bereitet in 10 Ausgaben pro Jahr die wesentlichen Themen f\u00fcr F\u00fchrungskr\u00e4fte von KMU auf.\",\"publisher\":{\"@id\":\"https:\\\/\\\/www.organisator.ch\\\/#organization\"},\"potentialAction\":[{\"@type\":\"SearchAction\",\"target\":{\"@type\":\"EntryPoint\",\"urlTemplate\":\"https:\\\/\\\/www.organisator.ch\\\/?s={search_term_string}\"},\"query-input\":{\"@type\":\"PropertyValueSpecification\",\"valueRequired\":true,\"valueName\":\"search_term_string\"}}],\"inLanguage\":\"fr-FR\"},{\"@type\":\"Organization\",\"@id\":\"https:\\\/\\\/www.organisator.ch\\\/#organization\",\"name\":\"Organisator\",\"url\":\"https:\\\/\\\/www.organisator.ch\\\/\",\"logo\":{\"@type\":\"ImageObject\",\"inLanguage\":\"fr-FR\",\"@id\":\"https:\\\/\\\/www.organisator.ch\\\/#\\\/schema\\\/logo\\\/image\\\/\",\"url\":\"https:\\\/\\\/www.organisator.ch\\\/wp-content\\\/uploads\\\/2022\\\/01\\\/Logo_Organisator_Website.png\",\"contentUrl\":\"https:\\\/\\\/www.organisator.ch\\\/wp-content\\\/uploads\\\/2022\\\/01\\\/Logo_Organisator_Website.png\",\"width\":800,\"height\":77,\"caption\":\"Organisator\"},\"image\":{\"@id\":\"https:\\\/\\\/www.organisator.ch\\\/#\\\/schema\\\/logo\\\/image\\\/\"},\"sameAs\":[\"https:\\\/\\\/www.facebook.com\\\/OrganisatorFachmagazin\",\"https:\\\/\\\/www.linkedin.com\\\/showcase\\\/organisator-das-magazin-fr-kmu\",\"https:\\\/\\\/www.xing.com\\\/news\\\/pages\\\/organisator-ch-695\",\"https:\\\/\\\/www.youtube.com\\\/channel\\\/UCGP2Sq0iWaZwT3BdIAQFYpw\"]},{\"@type\":\"Person\",\"@id\":\"https:\\\/\\\/www.organisator.ch\\\/#\\\/schema\\\/person\\\/6f650f90b2842cd4c0cc334b4e36f67e\",\"name\":\"thomas.berner\",\"image\":{\"@type\":\"ImageObject\",\"inLanguage\":\"fr-FR\",\"@id\":\"https:\\\/\\\/secure.gravatar.com\\\/avatar\\\/ac5001d2a36cb6c6cd3e50789007ffca834b477b74a2144564522e944eabff61?s=96&d=mm&r=g\",\"url\":\"https:\\\/\\\/secure.gravatar.com\\\/avatar\\\/ac5001d2a36cb6c6cd3e50789007ffca834b477b74a2144564522e944eabff61?s=96&d=mm&r=g\",\"contentUrl\":\"https:\\\/\\\/secure.gravatar.com\\\/avatar\\\/ac5001d2a36cb6c6cd3e50789007ffca834b477b74a2144564522e944eabff61?s=96&d=mm&r=g\",\"caption\":\"thomas.berner\"},\"url\":\"https:\\\/\\\/www.organisator.ch\\\/fr\\\/author\\\/thomas-berner\\\/\"}]}<\/script>\n<!-- \/ Yoast SEO plugin. -->","yoast_head_json":{"title":"Tecnomec SA remporte le Prix SVC Svizzera Italiana 2022 - Organisateur","description":"Le 18 mai 2022, le Prix SVC Svizzera Italiana 2022 a \u00e9t\u00e9 d\u00e9cern\u00e9 \u00e0 Lugano. C'est l'entreprise Tecnomec SA de Stabio qui a remport\u00e9 le troph\u00e9e.","robots":{"index":"index","follow":"follow","max-snippet":"max-snippet:-1","max-image-preview":"max-image-preview:large","max-video-preview":"max-video-preview:-1"},"canonical":"https:\/\/www.organisator.ch\/fr\/gestion-2\/2022-06-01\/tecnomec-sa-gewinnt-prix-svc-svizzera-italiana-2022\/","og_locale":"fr_FR","og_type":"article","og_title":"Tecnomec SA gewinnt Prix SVC Svizzera Italiana 2022","og_description":"Am 18. Mai 2022 wurde in Lugano der Prix SVC Svizzera Italiana 2022 verliehen. Gewonnen hat die Troph\u00e4e die Firma Tecnomec SA aus Stabio.","og_url":"https:\/\/www.organisator.ch\/fr\/gestion-2\/2022-06-01\/tecnomec-sa-gewinnt-prix-svc-svizzera-italiana-2022\/","og_site_name":"Organisator","article_publisher":"https:\/\/www.facebook.com\/OrganisatorFachmagazin","article_published_time":"2022-06-01T07:17:32+00:00","og_image":[{"width":680,"height":370,"url":"https:\/\/www.organisator.ch\/wp-content\/uploads\/2022\/06\/Tecnomec-SA-gewinnt-Prix-SVC-Svizzera-Italiana-2022_Organisator.jpg","type":"image\/jpeg"}],"author":"thomas.berner","twitter_card":"summary_large_image","twitter_title":"#Tecnomec SA gewinnt Prix #SVC Svizzera Italiana 2022","twitter_description":"Am 18. Mai 2022 wurde in #Lugano der Prix #SVC Svizzera Italiana 2022 verliehen. Gewonnen hat die Troph\u00e4e die Firma #Tecnomec SA aus Stabio.","twitter_image":"https:\/\/www.organisator.ch\/wp-content\/uploads\/2022\/06\/Tecnomec-SA-gewinnt-Prix-SVC-Svizzera-Italiana-2022_Organisator.jpg","schema":{"@context":"https:\/\/schema.org","@graph":[{"@type":"Article","@id":"https:\/\/www.organisator.ch\/management\/2022-06-01\/tecnomec-sa-gewinnt-prix-svc-svizzera-italiana-2022\/#article","isPartOf":{"@id":"https:\/\/www.organisator.ch\/management\/2022-06-01\/tecnomec-sa-gewinnt-prix-svc-svizzera-italiana-2022\/"},"author":{"name":"thomas.berner","@id":"https:\/\/www.organisator.ch\/#\/schema\/person\/6f650f90b2842cd4c0cc334b4e36f67e"},"headline":"Tecnomec SA gewinnt Prix SVC Svizzera Italiana 2022","datePublished":"2022-06-01T07:17:32+00:00","mainEntityOfPage":{"@id":"https:\/\/www.organisator.ch\/management\/2022-06-01\/tecnomec-sa-gewinnt-prix-svc-svizzera-italiana-2022\/"},"wordCount":434,"publisher":{"@id":"https:\/\/www.organisator.ch\/#organization"},"image":{"@id":"https:\/\/www.organisator.ch\/management\/2022-06-01\/tecnomec-sa-gewinnt-prix-svc-svizzera-italiana-2022\/#primaryimage"},"thumbnailUrl":"https:\/\/www.organisator.ch\/wp-content\/uploads\/2022\/06\/Tecnomec-SA-gewinnt-Prix-SVC-Svizzera-Italiana-2022_Organisator.jpg","keywords":["Awards","Management","Prix SVC","Unternehmen"],"articleSection":["MANAGEMENT"],"inLanguage":"fr-FR"},{"@type":"WebPage","@id":"https:\/\/www.organisator.ch\/management\/2022-06-01\/tecnomec-sa-gewinnt-prix-svc-svizzera-italiana-2022\/","url":"https:\/\/www.organisator.ch\/management\/2022-06-01\/tecnomec-sa-gewinnt-prix-svc-svizzera-italiana-2022\/","name":"Tecnomec SA remporte le Prix SVC Svizzera Italiana 2022 - Organisateur","isPartOf":{"@id":"https:\/\/www.organisator.ch\/#website"},"primaryImageOfPage":{"@id":"https:\/\/www.organisator.ch\/management\/2022-06-01\/tecnomec-sa-gewinnt-prix-svc-svizzera-italiana-2022\/#primaryimage"},"image":{"@id":"https:\/\/www.organisator.ch\/management\/2022-06-01\/tecnomec-sa-gewinnt-prix-svc-svizzera-italiana-2022\/#primaryimage"},"thumbnailUrl":"https:\/\/www.organisator.ch\/wp-content\/uploads\/2022\/06\/Tecnomec-SA-gewinnt-Prix-SVC-Svizzera-Italiana-2022_Organisator.jpg","datePublished":"2022-06-01T07:17:32+00:00","description":"Le 18 mai 2022, le Prix SVC Svizzera Italiana 2022 a \u00e9t\u00e9 d\u00e9cern\u00e9 \u00e0 Lugano. C'est l'entreprise Tecnomec SA de Stabio qui a remport\u00e9 le troph\u00e9e.","breadcrumb":{"@id":"https:\/\/www.organisator.ch\/management\/2022-06-01\/tecnomec-sa-gewinnt-prix-svc-svizzera-italiana-2022\/#breadcrumb"},"inLanguage":"fr-FR","potentialAction":[{"@type":"ReadAction","target":["https:\/\/www.organisator.ch\/management\/2022-06-01\/tecnomec-sa-gewinnt-prix-svc-svizzera-italiana-2022\/"]}]},{"@type":"ImageObject","inLanguage":"fr-FR","@id":"https:\/\/www.organisator.ch\/management\/2022-06-01\/tecnomec-sa-gewinnt-prix-svc-svizzera-italiana-2022\/#primaryimage","url":"https:\/\/www.organisator.ch\/wp-content\/uploads\/2022\/06\/Tecnomec-SA-gewinnt-Prix-SVC-Svizzera-Italiana-2022_Organisator.jpg","contentUrl":"https:\/\/www.organisator.ch\/wp-content\/uploads\/2022\/06\/Tecnomec-SA-gewinnt-Prix-SVC-Svizzera-Italiana-2022_Organisator.jpg","width":680,"height":370,"caption":"Iarno Mapelli (links) von Tecnomec SA, Gewinner des Prix SVC Svizzera Italiana 2022. (Bild: Swiss Venture Club SVC)"},{"@type":"BreadcrumbList","@id":"https:\/\/www.organisator.ch\/management\/2022-06-01\/tecnomec-sa-gewinnt-prix-svc-svizzera-italiana-2022\/#breadcrumb","itemListElement":[{"@type":"ListItem","position":1,"name":"Home","item":"https:\/\/www.organisator.ch\/"},{"@type":"ListItem","position":2,"name":"Tecnomec SA gewinnt Prix SVC Svizzera Italiana 2022"}]},{"@type":"WebSite","@id":"https:\/\/www.organisator.ch\/#website","url":"https:\/\/www.organisator.ch\/","name":"Organisateur","description":"Comp\u00e9tence et comp\u00e9tence. Proches de la pratique. L'ORGANISATEUR pr\u00e9pare 10 num\u00e9ros par an sur les th\u00e8mes essentiels pour les dirigeants de PME.","publisher":{"@id":"https:\/\/www.organisator.ch\/#organization"},"potentialAction":[{"@type":"SearchAction","target":{"@type":"EntryPoint","urlTemplate":"https:\/\/www.organisator.ch\/?s={search_term_string}"},"query-input":{"@type":"PropertyValueSpecification","valueRequired":true,"valueName":"search_term_string"}}],"inLanguage":"fr-FR"},{"@type":"Organization","@id":"https:\/\/www.organisator.ch\/#organization","name":"Organisateur","url":"https:\/\/www.organisator.ch\/","logo":{"@type":"ImageObject","inLanguage":"fr-FR","@id":"https:\/\/www.organisator.ch\/#\/schema\/logo\/image\/","url":"https:\/\/www.organisator.ch\/wp-content\/uploads\/2022\/01\/Logo_Organisator_Website.png","contentUrl":"https:\/\/www.organisator.ch\/wp-content\/uploads\/2022\/01\/Logo_Organisator_Website.png","width":800,"height":77,"caption":"Organisator"},"image":{"@id":"https:\/\/www.organisator.ch\/#\/schema\/logo\/image\/"},"sameAs":["https:\/\/www.facebook.com\/OrganisatorFachmagazin","https:\/\/www.linkedin.com\/showcase\/organisator-das-magazin-fr-kmu","https:\/\/www.xing.com\/news\/pages\/organisator-ch-695","https:\/\/www.youtube.com\/channel\/UCGP2Sq0iWaZwT3BdIAQFYpw"]},{"@type":"Person","@id":"https:\/\/www.organisator.ch\/#\/schema\/person\/6f650f90b2842cd4c0cc334b4e36f67e","name":"thomas.berner","image":{"@type":"ImageObject","inLanguage":"fr-FR","@id":"https:\/\/secure.gravatar.com\/avatar\/ac5001d2a36cb6c6cd3e50789007ffca834b477b74a2144564522e944eabff61?s=96&d=mm&r=g","url":"https:\/\/secure.gravatar.com\/avatar\/ac5001d2a36cb6c6cd3e50789007ffca834b477b74a2144564522e944eabff61?s=96&d=mm&r=g","contentUrl":"https:\/\/secure.gravatar.com\/avatar\/ac5001d2a36cb6c6cd3e50789007ffca834b477b74a2144564522e944eabff61?s=96&d=mm&r=g","caption":"thomas.berner"},"url":"https:\/\/www.organisator.ch\/fr\/author\/thomas-berner\/"}]}},"_links":{"self":[{"href":"https:\/\/www.organisator.ch\/fr\/wp-json\/wp\/v2\/posts\/13067","targetHints":{"allow":["GET"]}}],"collection":[{"href":"https:\/\/www.organisator.ch\/fr\/wp-json\/wp\/v2\/posts"}],"about":[{"href":"https:\/\/www.organisator.ch\/fr\/wp-json\/wp\/v2\/types\/post"}],"author":[{"embeddable":true,"href":"https:\/\/www.organisator.ch\/fr\/wp-json\/wp\/v2\/users\/4"}],"replies":[{"embeddable":true,"href":"https:\/\/www.organisator.ch\/fr\/wp-json\/wp\/v2\/comments?post=13067"}],"version-history":[{"count":1,"href":"https:\/\/www.organisator.ch\/fr\/wp-json\/wp\/v2\/posts\/13067\/revisions"}],"predecessor-version":[{"id":13069,"href":"https:\/\/www.organisator.ch\/fr\/wp-json\/wp\/v2\/posts\/13067\/revisions\/13069"}],"wp:featuredmedia":[{"embeddable":true,"href":"https:\/\/www.organisator.ch\/fr\/wp-json\/wp\/v2\/media\/13068"}],"wp:attachment":[{"href":"https:\/\/www.organisator.ch\/fr\/wp-json\/wp\/v2\/media?parent=13067"}],"wp:term":[{"taxonomy":"category","embeddable":true,"href":"https:\/\/www.organisator.ch\/fr\/wp-json\/wp\/v2\/categories?post=13067"},{"taxonomy":"post_tag","embeddable":true,"href":"https:\/\/www.organisator.ch\/fr\/wp-json\/wp\/v2\/tags?post=13067"}],"curies":[{"name":"wp","href":"https:\/\/api.w.org\/{rel}","templated":true}]}}