{"id":13076,"date":"2022-06-01T13:57:34","date_gmt":"2022-06-01T11:57:34","guid":{"rendered":"https:\/\/www.m-q.ch\/?p=16403"},"modified":"2022-07-28T15:29:46","modified_gmt":"2022-07-28T13:29:46","slug":"erster-swiss-ai-report-zum-einsatz-kuenstlicher-intelligenz","status":"publish","type":"post","link":"https:\/\/www.organisator.ch\/fr\/operational-excellence\/2022-06-01\/erster-swiss-ai-report-zum-einsatz-kuenstlicher-intelligenz\/","title":{"rendered":"Premier rapport Swiss AI sur l'utilisation de l'intelligence artificielle"},"content":{"rendered":"<figure id=\"attachment_16404\" class=\"wp-caption alignnone\" style=\"width: 680px\" aria-describedby=\"caption-attachment-16404\"><img class=\"alignnone wp-image-16404 size-full\" src=\"https:\/\/www.m-q.ch\/wp-content\/uploads\/2022\/06\/Erster-Swiss-AI-Report-zum-Einsatz-kuenstlicher-Intelligenz_MQ.jpg\" alt=\"l&#039;intelligence artificielle\" width=\"680\" height=\"489\" \/><figcaption id=\"caption-attachment-16404\" class=\"wp-caption-text\">Les entreprises suisses investissent des millions dans l'IA et misent sur la recherche. C'est la conclusion du premier Swiss AI Report. (Image : Unsplash.com)<\/figcaption><\/figure>\r\nPour la premi\u00e8re publication du Swiss AI Report, 92 entreprises suisses de diff\u00e9rentes tailles ont \u00e9t\u00e9 interrog\u00e9es. Le rapport a \u00e9t\u00e9 \u00e9labor\u00e9 par le think tank W.I.R.E et la fondation Mindfire sur mandat du canton de Schwyz.\r\n<h3>Le Swiss AI Report estime qu'il y a encore beaucoup \u00e0 rattraper<\/h3>\r\nLe r\u00e9sultat r\u00e9v\u00e8le des tendances claires. Le th\u00e8me de l'IA est un th\u00e8me strat\u00e9gique central dans les entreprises. Cela ne va pas de soi pour un nouveau th\u00e8me technologique, \u00e9crivent les auteurs du rapport. Toutefois, 56 pour cent des entreprises se consid\u00e8rent encore au niveau 1 sur 5 en ce qui concerne le degr\u00e9 d'automatisation effectif. 47 pour cent des personnes interrog\u00e9es ne consid\u00e8rent pas encore l'IA comme un soutien dans leur activit\u00e9 principale. Les entreprises suisses en seraient donc encore au d\u00e9but de l'\u00e9volution vers une utilisation syst\u00e9matique de l'intelligence artificielle, selon le Swiss AI Report.\r\n\r\nParall\u00e8lement, de nombreuses entreprises veulent investir dans les technologies IA. 75 % d'entre elles ont l'intention d'y consacrer jusqu'\u00e0 un million l'ann\u00e9e prochaine, 20 % jusqu'\u00e0 cinq millions. La volont\u00e9 de se positionner dans l'environnement IA se manifeste surtout chez les grandes entreprises. Seules 10 % environ des PME qui se penchent de mani\u00e8re proactive sur les applications AI disposent \u00e9galement d'un budget AI fixe. Dans les grandes entreprises, ce chiffre atteint tout de m\u00eame 40%.\r\n<h3><strong>Une collaboration fructueuse entre la science et l'\u00e9conomie<\/strong><\/h3>\r\nAutre conclusion du rapport : il est tr\u00e8s r\u00e9jouissant de constater que la collaboration entre l'\u00e9conomie et la science fonctionne en Suisse. Selon ce rapport, deux tiers des entreprises interrog\u00e9es entretiennent un partenariat avec des hautes \u00e9coles dans le contexte de l'IA. La m\u00eame proportion veut construire elle-m\u00eame les bases techniques pour une utilisation r\u00e9ussie de l'IA. Seules 8 % d'entre elles souhaitent les acheter enti\u00e8rement. Les meilleurs talents sont donc tr\u00e8s recherch\u00e9s. Face \u00e0 la p\u00e9nurie de personnel qualifi\u00e9, pr\u00e8s de la moiti\u00e9 des entreprises proposent d\u00e9j\u00e0 des formations continues internes sur l'IA.\r\n\r\nDe nombreuses entreprises suisses sont manifestement conscientes des risques que comporte l'utilisation de l'intelligence artificielle. Ainsi, 45% craignent des r\u00e9sultats erron\u00e9s lors de l'utilisation de l'intelligence artificielle en raison d'une base de donn\u00e9es insuffisante ou d'une distorsion subjective lors de l'entra\u00eenement des algorithmes. Il est frappant de constater que seuls 3 % des personnes interrog\u00e9es expriment des craintes de nature \u00e9thique. De m\u00eame, seuls 1,2 % consid\u00e8rent que les besoins croissants en \u00e9nergie et la durabilit\u00e9 \u00e9cologique li\u00e9s \u00e0 l'utilisation de l'IA constituent un d\u00e9fi majeur.\r\n\r\n<em>Source et informations compl\u00e9mentaires : <a href=\"https:\/\/308764.eu2.cleverreach.com\/c\/72029358\/7c974fdaa09-rcslcs\">ai-con.ch<\/a> \/ <a href=\"https:\/\/www.thewire.ch\/\">www.thewire.ch<\/a><\/em>\n<p class=\"syndicated-attribution\">Cet article est paru initialement sur m-q.ch - <a href=\"https:\/\/www.m-q.ch\/de\/erster-swiss-ai-report-zum-einsatz-kuenstlicher-intelligenz\/\" target=\"_blank\">https:\/\/www.m-q.ch\/de\/erster-swiss-ai-report-zum-einsatz-kuenstlicher-intelligenz\/<\/a><\/p>","protected":false},"excerpt":{"rendered":"<p>F\u00fcr den erstmals ver\u00f6ffentlichten Swiss AI Report wurden 92 Schweizer Unternehmen unterschiedlicher Gr\u00f6sse befragt. Der Report wurde im Auftrag des Kantons Schwyz durch den Thinktank W.I.R.E und die Stiftung Mindfire erarbeitet. Swiss AI Report ortet noch viel Aufholbedarf Das Resultat l\u00e4sst klare Tendenzen erkennen. Das Thema AI ist ein strategisches Kernthema in den Firmen. Das [\u2026]<\/p>\n","protected":false},"author":8,"featured_media":0,"comment_status":"closed","ping_status":"closed","sticky":false,"template":"","format":"standard","meta":{"_acf_changed":false,"_yoast_wpseo_focuskw":"k\u00fcnstlicher Intelligenz","_yoast_wpseo_metadesc":"Der Swiss AI Report analysiert nach eigenen Angaben erstmals systematisch den Einsatz und die Entwicklung von k\u00fcnstlicher Intelligenz in Schweizer Unternehmen.","articlekey":"","footnotes":""},"categories":[582],"tags":[3128,1576],"class_list":["post-13076","post","type-post","status-publish","format-standard","hentry","category-operational-excellence","tag-erster-swiss-ai-report","tag-kuenstlicher-intelligenz"],"acf":[],"yoast_head":"<!-- This site is optimized with the Yoast SEO plugin v27.5 - https:\/\/yoast.com\/product\/yoast-seo-wordpress\/ -->\n<title>Erster Swiss AI Report zum Einsatz k\u00fcnstlicher Intelligenz - Organisator<\/title>\n<meta name=\"description\" content=\"Der Swiss AI Report analysiert nach eigenen Angaben erstmals systematisch den Einsatz und die Entwicklung von k\u00fcnstlicher Intelligenz in Schweizer Unternehmen.\" \/>\n<meta name=\"robots\" content=\"index, follow, max-snippet:-1, max-image-preview:large, max-video-preview:-1\" \/>\n<link rel=\"canonical\" href=\"https:\/\/www.m-q.ch\/de\/erster-swiss-ai-report-zum-einsatz-kuenstlicher-intelligenz\/\" \/>\n<meta property=\"og:locale\" content=\"fr_FR\" \/>\n<meta property=\"og:type\" content=\"article\" \/>\n<meta property=\"og:title\" content=\"Erster Swiss AI Report zum Einsatz k\u00fcnstlicher Intelligenz - Organisator\" \/>\n<meta property=\"og:description\" content=\"Der Swiss AI Report analysiert nach eigenen Angaben erstmals systematisch den Einsatz und die Entwicklung von k\u00fcnstlicher Intelligenz in Schweizer Unternehmen.\" \/>\n<meta property=\"og:url\" content=\"https:\/\/www.m-q.ch\/de\/erster-swiss-ai-report-zum-einsatz-kuenstlicher-intelligenz\/\" \/>\n<meta property=\"og:site_name\" content=\"Organisator\" \/>\n<meta property=\"article:publisher\" content=\"https:\/\/www.facebook.com\/OrganisatorFachmagazin\" \/>\n<meta property=\"article:published_time\" content=\"2022-06-01T11:57:34+00:00\" \/>\n<meta property=\"article:modified_time\" content=\"2022-07-28T13:29:46+00:00\" \/>\n<meta property=\"og:image\" content=\"https:\/\/www.m-q.ch\/wp-content\/uploads\/2022\/06\/Erster-Swiss-AI-Report-zum-Einsatz-kuenstlicher-Intelligenz_MQ.jpg\" \/>\n<meta name=\"author\" content=\"galledia\" \/>\n<meta name=\"twitter:card\" content=\"summary_large_image\" \/>\n<meta name=\"twitter:creator\" content=\"@admin\" \/>\n<script type=\"application\/ld+json\" class=\"yoast-schema-graph\">{\"@context\":\"https:\\\/\\\/schema.org\",\"@graph\":[{\"@type\":\"Article\",\"@id\":\"https:\\\/\\\/www.m-q.ch\\\/de\\\/erster-swiss-ai-report-zum-einsatz-kuenstlicher-intelligenz\\\/#article\",\"isPartOf\":{\"@id\":\"https:\\\/\\\/www.organisator.ch\\\/operational-excellence\\\/2022-06-01\\\/erster-swiss-ai-report-zum-einsatz-kuenstlicher-intelligenz\\\/\"},\"author\":{\"name\":\"galledia\",\"@id\":\"https:\\\/\\\/www.organisator.ch\\\/#\\\/schema\\\/person\\\/4e51799071cd2dd1232ac003643ef5f0\"},\"headline\":\"Erster Swiss AI Report zum Einsatz k\u00fcnstlicher Intelligenz\",\"datePublished\":\"2022-06-01T11:57:34+00:00\",\"dateModified\":\"2022-07-28T13:29:46+00:00\",\"mainEntityOfPage\":{\"@id\":\"https:\\\/\\\/www.organisator.ch\\\/operational-excellence\\\/2022-06-01\\\/erster-swiss-ai-report-zum-einsatz-kuenstlicher-intelligenz\\\/\"},\"wordCount\":393,\"publisher\":{\"@id\":\"https:\\\/\\\/www.organisator.ch\\\/#organization\"},\"image\":{\"@id\":\"https:\\\/\\\/www.m-q.ch\\\/de\\\/erster-swiss-ai-report-zum-einsatz-kuenstlicher-intelligenz\\\/#primaryimage\"},\"thumbnailUrl\":\"https:\\\/\\\/www.m-q.ch\\\/wp-content\\\/uploads\\\/2022\\\/06\\\/Erster-Swiss-AI-Report-zum-Einsatz-kuenstlicher-Intelligenz_MQ.jpg\",\"keywords\":[\"Erster Swiss AI Report\",\"K\u00fcnstlicher Intelligenz\"],\"articleSection\":[\"OPERATIONAL EXCELLENCE\"],\"inLanguage\":\"fr-FR\"},{\"@type\":\"WebPage\",\"@id\":\"https:\\\/\\\/www.organisator.ch\\\/operational-excellence\\\/2022-06-01\\\/erster-swiss-ai-report-zum-einsatz-kuenstlicher-intelligenz\\\/\",\"url\":\"https:\\\/\\\/www.m-q.ch\\\/de\\\/erster-swiss-ai-report-zum-einsatz-kuenstlicher-intelligenz\\\/\",\"name\":\"Erster Swiss AI Report zum Einsatz k\u00fcnstlicher Intelligenz - Organisator\",\"isPartOf\":{\"@id\":\"https:\\\/\\\/www.organisator.ch\\\/#website\"},\"primaryImageOfPage\":{\"@id\":\"https:\\\/\\\/www.m-q.ch\\\/de\\\/erster-swiss-ai-report-zum-einsatz-kuenstlicher-intelligenz\\\/#primaryimage\"},\"image\":{\"@id\":\"https:\\\/\\\/www.m-q.ch\\\/de\\\/erster-swiss-ai-report-zum-einsatz-kuenstlicher-intelligenz\\\/#primaryimage\"},\"thumbnailUrl\":\"https:\\\/\\\/www.m-q.ch\\\/wp-content\\\/uploads\\\/2022\\\/06\\\/Erster-Swiss-AI-Report-zum-Einsatz-kuenstlicher-Intelligenz_MQ.jpg\",\"datePublished\":\"2022-06-01T11:57:34+00:00\",\"dateModified\":\"2022-07-28T13:29:46+00:00\",\"description\":\"Der Swiss AI Report analysiert nach eigenen Angaben erstmals systematisch den Einsatz und die Entwicklung von k\u00fcnstlicher Intelligenz in Schweizer Unternehmen.\",\"breadcrumb\":{\"@id\":\"https:\\\/\\\/www.m-q.ch\\\/de\\\/erster-swiss-ai-report-zum-einsatz-kuenstlicher-intelligenz\\\/#breadcrumb\"},\"inLanguage\":\"fr-FR\",\"potentialAction\":[{\"@type\":\"ReadAction\",\"target\":[\"https:\\\/\\\/www.m-q.ch\\\/de\\\/erster-swiss-ai-report-zum-einsatz-kuenstlicher-intelligenz\\\/\"]}]},{\"@type\":\"ImageObject\",\"inLanguage\":\"fr-FR\",\"@id\":\"https:\\\/\\\/www.m-q.ch\\\/de\\\/erster-swiss-ai-report-zum-einsatz-kuenstlicher-intelligenz\\\/#primaryimage\",\"url\":\"https:\\\/\\\/www.m-q.ch\\\/wp-content\\\/uploads\\\/2022\\\/06\\\/Erster-Swiss-AI-Report-zum-Einsatz-kuenstlicher-Intelligenz_MQ.jpg\",\"contentUrl\":\"https:\\\/\\\/www.m-q.ch\\\/wp-content\\\/uploads\\\/2022\\\/06\\\/Erster-Swiss-AI-Report-zum-Einsatz-kuenstlicher-Intelligenz_MQ.jpg\"},{\"@type\":\"BreadcrumbList\",\"@id\":\"https:\\\/\\\/www.m-q.ch\\\/de\\\/erster-swiss-ai-report-zum-einsatz-kuenstlicher-intelligenz\\\/#breadcrumb\",\"itemListElement\":[{\"@type\":\"ListItem\",\"position\":1,\"name\":\"Home\",\"item\":\"https:\\\/\\\/www.organisator.ch\\\/\"},{\"@type\":\"ListItem\",\"position\":2,\"name\":\"Erster Swiss AI Report zum Einsatz k\u00fcnstlicher Intelligenz\"}]},{\"@type\":\"WebSite\",\"@id\":\"https:\\\/\\\/www.organisator.ch\\\/#website\",\"url\":\"https:\\\/\\\/www.organisator.ch\\\/\",\"name\":\"Organisator\",\"description\":\"Kompetent. Praxisnah. Der ORGANISATOR bereitet in 10 Ausgaben pro Jahr die wesentlichen Themen f\u00fcr F\u00fchrungskr\u00e4fte von KMU auf.\",\"publisher\":{\"@id\":\"https:\\\/\\\/www.organisator.ch\\\/#organization\"},\"potentialAction\":[{\"@type\":\"SearchAction\",\"target\":{\"@type\":\"EntryPoint\",\"urlTemplate\":\"https:\\\/\\\/www.organisator.ch\\\/?s={search_term_string}\"},\"query-input\":{\"@type\":\"PropertyValueSpecification\",\"valueRequired\":true,\"valueName\":\"search_term_string\"}}],\"inLanguage\":\"fr-FR\"},{\"@type\":\"Organization\",\"@id\":\"https:\\\/\\\/www.organisator.ch\\\/#organization\",\"name\":\"Organisator\",\"url\":\"https:\\\/\\\/www.organisator.ch\\\/\",\"logo\":{\"@type\":\"ImageObject\",\"inLanguage\":\"fr-FR\",\"@id\":\"https:\\\/\\\/www.organisator.ch\\\/#\\\/schema\\\/logo\\\/image\\\/\",\"url\":\"https:\\\/\\\/www.organisator.ch\\\/wp-content\\\/uploads\\\/2022\\\/01\\\/Logo_Organisator_Website.png\",\"contentUrl\":\"https:\\\/\\\/www.organisator.ch\\\/wp-content\\\/uploads\\\/2022\\\/01\\\/Logo_Organisator_Website.png\",\"width\":800,\"height\":77,\"caption\":\"Organisator\"},\"image\":{\"@id\":\"https:\\\/\\\/www.organisator.ch\\\/#\\\/schema\\\/logo\\\/image\\\/\"},\"sameAs\":[\"https:\\\/\\\/www.facebook.com\\\/OrganisatorFachmagazin\",\"https:\\\/\\\/www.linkedin.com\\\/showcase\\\/organisator-das-magazin-fr-kmu\",\"https:\\\/\\\/www.xing.com\\\/news\\\/pages\\\/organisator-ch-695\",\"https:\\\/\\\/www.youtube.com\\\/channel\\\/UCGP2Sq0iWaZwT3BdIAQFYpw\"]},{\"@type\":\"Person\",\"@id\":\"https:\\\/\\\/www.organisator.ch\\\/#\\\/schema\\\/person\\\/4e51799071cd2dd1232ac003643ef5f0\",\"name\":\"galledia\",\"image\":{\"@type\":\"ImageObject\",\"inLanguage\":\"fr-FR\",\"@id\":\"https:\\\/\\\/secure.gravatar.com\\\/avatar\\\/78a7f90c01fc2bfc875782a0d4922b37cde2cf184ce347b91316d23cd7f69a36?s=96&d=mm&r=g\",\"url\":\"https:\\\/\\\/secure.gravatar.com\\\/avatar\\\/78a7f90c01fc2bfc875782a0d4922b37cde2cf184ce347b91316d23cd7f69a36?s=96&d=mm&r=g\",\"contentUrl\":\"https:\\\/\\\/secure.gravatar.com\\\/avatar\\\/78a7f90c01fc2bfc875782a0d4922b37cde2cf184ce347b91316d23cd7f69a36?s=96&d=mm&r=g\",\"caption\":\"galledia\"},\"sameAs\":[\"https:\\\/\\\/x.com\\\/admin\"],\"url\":\"https:\\\/\\\/www.organisator.ch\\\/fr\\\/author\\\/galledia\\\/\"}]}<\/script>\n<!-- \/ Yoast SEO plugin. -->","yoast_head_json":{"title":"Premier Swiss AI Report sur l'utilisation de l'intelligence artificielle - Organisateur","description":"Selon ses propres indications, le Swiss AI Report analyse pour la premi\u00e8re fois de mani\u00e8re syst\u00e9matique l'utilisation et le d\u00e9veloppement de l'intelligence artificielle dans les entreprises suisses.","robots":{"index":"index","follow":"follow","max-snippet":"max-snippet:-1","max-image-preview":"max-image-preview:large","max-video-preview":"max-video-preview:-1"},"canonical":"https:\/\/www.m-q.ch\/de\/erster-swiss-ai-report-zum-einsatz-kuenstlicher-intelligenz\/","og_locale":"fr_FR","og_type":"article","og_title":"Erster Swiss AI Report zum Einsatz k\u00fcnstlicher Intelligenz - Organisator","og_description":"Der Swiss AI Report analysiert nach eigenen Angaben erstmals systematisch den Einsatz und die Entwicklung von k\u00fcnstlicher Intelligenz in Schweizer Unternehmen.","og_url":"https:\/\/www.m-q.ch\/de\/erster-swiss-ai-report-zum-einsatz-kuenstlicher-intelligenz\/","og_site_name":"Organisator","article_publisher":"https:\/\/www.facebook.com\/OrganisatorFachmagazin","article_published_time":"2022-06-01T11:57:34+00:00","article_modified_time":"2022-07-28T13:29:46+00:00","og_image":[{"url":"https:\/\/www.m-q.ch\/wp-content\/uploads\/2022\/06\/Erster-Swiss-AI-Report-zum-Einsatz-kuenstlicher-Intelligenz_MQ.jpg","type":"","width":"","height":""}],"author":"galledia","twitter_card":"summary_large_image","twitter_creator":"@admin","schema":{"@context":"https:\/\/schema.org","@graph":[{"@type":"Article","@id":"https:\/\/www.m-q.ch\/de\/erster-swiss-ai-report-zum-einsatz-kuenstlicher-intelligenz\/#article","isPartOf":{"@id":"https:\/\/www.organisator.ch\/operational-excellence\/2022-06-01\/erster-swiss-ai-report-zum-einsatz-kuenstlicher-intelligenz\/"},"author":{"name":"galledia","@id":"https:\/\/www.organisator.ch\/#\/schema\/person\/4e51799071cd2dd1232ac003643ef5f0"},"headline":"Erster Swiss AI Report zum Einsatz k\u00fcnstlicher Intelligenz","datePublished":"2022-06-01T11:57:34+00:00","dateModified":"2022-07-28T13:29:46+00:00","mainEntityOfPage":{"@id":"https:\/\/www.organisator.ch\/operational-excellence\/2022-06-01\/erster-swiss-ai-report-zum-einsatz-kuenstlicher-intelligenz\/"},"wordCount":393,"publisher":{"@id":"https:\/\/www.organisator.ch\/#organization"},"image":{"@id":"https:\/\/www.m-q.ch\/de\/erster-swiss-ai-report-zum-einsatz-kuenstlicher-intelligenz\/#primaryimage"},"thumbnailUrl":"https:\/\/www.m-q.ch\/wp-content\/uploads\/2022\/06\/Erster-Swiss-AI-Report-zum-Einsatz-kuenstlicher-Intelligenz_MQ.jpg","keywords":["Erster Swiss AI Report","K\u00fcnstlicher Intelligenz"],"articleSection":["OPERATIONAL EXCELLENCE"],"inLanguage":"fr-FR"},{"@type":"WebPage","@id":"https:\/\/www.organisator.ch\/operational-excellence\/2022-06-01\/erster-swiss-ai-report-zum-einsatz-kuenstlicher-intelligenz\/","url":"https:\/\/www.m-q.ch\/de\/erster-swiss-ai-report-zum-einsatz-kuenstlicher-intelligenz\/","name":"Premier Swiss AI Report sur l'utilisation de l'intelligence artificielle - Organisateur","isPartOf":{"@id":"https:\/\/www.organisator.ch\/#website"},"primaryImageOfPage":{"@id":"https:\/\/www.m-q.ch\/de\/erster-swiss-ai-report-zum-einsatz-kuenstlicher-intelligenz\/#primaryimage"},"image":{"@id":"https:\/\/www.m-q.ch\/de\/erster-swiss-ai-report-zum-einsatz-kuenstlicher-intelligenz\/#primaryimage"},"thumbnailUrl":"https:\/\/www.m-q.ch\/wp-content\/uploads\/2022\/06\/Erster-Swiss-AI-Report-zum-Einsatz-kuenstlicher-Intelligenz_MQ.jpg","datePublished":"2022-06-01T11:57:34+00:00","dateModified":"2022-07-28T13:29:46+00:00","description":"Selon ses propres indications, le Swiss AI Report analyse pour la premi\u00e8re fois de mani\u00e8re syst\u00e9matique l'utilisation et le d\u00e9veloppement de l'intelligence artificielle dans les entreprises suisses.","breadcrumb":{"@id":"https:\/\/www.m-q.ch\/de\/erster-swiss-ai-report-zum-einsatz-kuenstlicher-intelligenz\/#breadcrumb"},"inLanguage":"fr-FR","potentialAction":[{"@type":"ReadAction","target":["https:\/\/www.m-q.ch\/de\/erster-swiss-ai-report-zum-einsatz-kuenstlicher-intelligenz\/"]}]},{"@type":"ImageObject","inLanguage":"fr-FR","@id":"https:\/\/www.m-q.ch\/de\/erster-swiss-ai-report-zum-einsatz-kuenstlicher-intelligenz\/#primaryimage","url":"https:\/\/www.m-q.ch\/wp-content\/uploads\/2022\/06\/Erster-Swiss-AI-Report-zum-Einsatz-kuenstlicher-Intelligenz_MQ.jpg","contentUrl":"https:\/\/www.m-q.ch\/wp-content\/uploads\/2022\/06\/Erster-Swiss-AI-Report-zum-Einsatz-kuenstlicher-Intelligenz_MQ.jpg"},{"@type":"BreadcrumbList","@id":"https:\/\/www.m-q.ch\/de\/erster-swiss-ai-report-zum-einsatz-kuenstlicher-intelligenz\/#breadcrumb","itemListElement":[{"@type":"ListItem","position":1,"name":"Home","item":"https:\/\/www.organisator.ch\/"},{"@type":"ListItem","position":2,"name":"Erster Swiss AI Report zum Einsatz k\u00fcnstlicher Intelligenz"}]},{"@type":"WebSite","@id":"https:\/\/www.organisator.ch\/#website","url":"https:\/\/www.organisator.ch\/","name":"Organisateur","description":"Comp\u00e9tence et comp\u00e9tence. Proches de la pratique. L'ORGANISATEUR pr\u00e9pare 10 num\u00e9ros par an sur les th\u00e8mes essentiels pour les dirigeants de PME.","publisher":{"@id":"https:\/\/www.organisator.ch\/#organization"},"potentialAction":[{"@type":"SearchAction","target":{"@type":"EntryPoint","urlTemplate":"https:\/\/www.organisator.ch\/?s={search_term_string}"},"query-input":{"@type":"PropertyValueSpecification","valueRequired":true,"valueName":"search_term_string"}}],"inLanguage":"fr-FR"},{"@type":"Organization","@id":"https:\/\/www.organisator.ch\/#organization","name":"Organisateur","url":"https:\/\/www.organisator.ch\/","logo":{"@type":"ImageObject","inLanguage":"fr-FR","@id":"https:\/\/www.organisator.ch\/#\/schema\/logo\/image\/","url":"https:\/\/www.organisator.ch\/wp-content\/uploads\/2022\/01\/Logo_Organisator_Website.png","contentUrl":"https:\/\/www.organisator.ch\/wp-content\/uploads\/2022\/01\/Logo_Organisator_Website.png","width":800,"height":77,"caption":"Organisator"},"image":{"@id":"https:\/\/www.organisator.ch\/#\/schema\/logo\/image\/"},"sameAs":["https:\/\/www.facebook.com\/OrganisatorFachmagazin","https:\/\/www.linkedin.com\/showcase\/organisator-das-magazin-fr-kmu","https:\/\/www.xing.com\/news\/pages\/organisator-ch-695","https:\/\/www.youtube.com\/channel\/UCGP2Sq0iWaZwT3BdIAQFYpw"]},{"@type":"Person","@id":"https:\/\/www.organisator.ch\/#\/schema\/person\/4e51799071cd2dd1232ac003643ef5f0","name":"galledia","image":{"@type":"ImageObject","inLanguage":"fr-FR","@id":"https:\/\/secure.gravatar.com\/avatar\/78a7f90c01fc2bfc875782a0d4922b37cde2cf184ce347b91316d23cd7f69a36?s=96&d=mm&r=g","url":"https:\/\/secure.gravatar.com\/avatar\/78a7f90c01fc2bfc875782a0d4922b37cde2cf184ce347b91316d23cd7f69a36?s=96&d=mm&r=g","contentUrl":"https:\/\/secure.gravatar.com\/avatar\/78a7f90c01fc2bfc875782a0d4922b37cde2cf184ce347b91316d23cd7f69a36?s=96&d=mm&r=g","caption":"galledia"},"sameAs":["https:\/\/x.com\/admin"],"url":"https:\/\/www.organisator.ch\/fr\/author\/galledia\/"}]}},"_links":{"self":[{"href":"https:\/\/www.organisator.ch\/fr\/wp-json\/wp\/v2\/posts\/13076","targetHints":{"allow":["GET"]}}],"collection":[{"href":"https:\/\/www.organisator.ch\/fr\/wp-json\/wp\/v2\/posts"}],"about":[{"href":"https:\/\/www.organisator.ch\/fr\/wp-json\/wp\/v2\/types\/post"}],"author":[{"embeddable":true,"href":"https:\/\/www.organisator.ch\/fr\/wp-json\/wp\/v2\/users\/8"}],"replies":[{"embeddable":true,"href":"https:\/\/www.organisator.ch\/fr\/wp-json\/wp\/v2\/comments?post=13076"}],"version-history":[{"count":4,"href":"https:\/\/www.organisator.ch\/fr\/wp-json\/wp\/v2\/posts\/13076\/revisions"}],"predecessor-version":[{"id":15903,"href":"https:\/\/www.organisator.ch\/fr\/wp-json\/wp\/v2\/posts\/13076\/revisions\/15903"}],"wp:attachment":[{"href":"https:\/\/www.organisator.ch\/fr\/wp-json\/wp\/v2\/media?parent=13076"}],"wp:term":[{"taxonomy":"category","embeddable":true,"href":"https:\/\/www.organisator.ch\/fr\/wp-json\/wp\/v2\/categories?post=13076"},{"taxonomy":"post_tag","embeddable":true,"href":"https:\/\/www.organisator.ch\/fr\/wp-json\/wp\/v2\/tags?post=13076"}],"curies":[{"name":"wp","href":"https:\/\/api.w.org\/{rel}","templated":true}]}}